{"id":12960,"date":"2021-06-09T12:34:43","date_gmt":"2021-06-09T10:34:43","guid":{"rendered":"https:\/\/reclaimfinance.org\/site\/?p=12960"},"modified":"2023-02-08T16:27:45","modified_gmt":"2023-02-08T15:27:45","slug":"assemblees-generales-la-finance-francaise-sourde-aux-appels-de-laie-et-du-gouvernement","status":"publish","type":"post","link":"https:\/\/reclaimfinance.org\/site\/2021\/06\/09\/assemblees-generales-la-finance-francaise-sourde-aux-appels-de-laie-et-du-gouvernement\/","title":{"rendered":"Assembl\u00e9es g\u00e9n\u00e9rales : la finance fran\u00e7aise sourde aux appels de l\u2019AIE et du gouvernement"},"content":{"rendered":"<p><div class=\"fusion-fullwidth fullwidth-box fusion-builder-row-1 fusion-flex-container nonhundred-percent-fullwidth non-hundred-percent-height-scrolling\" style=\"--awb-border-radius-top-left:0px;--awb-border-radius-top-right:0px;--awb-border-radius-bottom-right:0px;--awb-border-radius-bottom-left:0px;--awb-flex-wrap:wrap;\" ><div class=\"fusion-builder-row fusion-row fusion-flex-align-items-flex-start fusion-flex-content-wrap\" style=\"max-width:1216.8px;margin-left: calc(-4% \/ 2 );margin-right: calc(-4% \/ 2 );\"><div class=\"fusion-layout-column fusion_builder_column fusion-builder-column-0 fusion_builder_column_1_1 1_1 fusion-flex-column\" style=\"--awb-bg-size:cover;--awb-width-large:100%;--awb-margin-top-large:0px;--awb-spacing-right-large:1.92%;--awb-margin-bottom-large:20px;--awb-spacing-left-large:1.92%;--awb-width-medium:100%;--awb-order-medium:0;--awb-spacing-right-medium:1.92%;--awb-spacing-left-medium:1.92%;--awb-width-small:100%;--awb-order-small:0;--awb-spacing-right-small:1.92%;--awb-spacing-left-small:1.92%;\"><div class=\"fusion-column-wrapper fusion-column-has-shadow fusion-flex-justify-content-flex-start fusion-content-layout-column\"><div class=\"fusion-text fusion-text-1\"><p style=\"text-align: justify;\"><b style=\"color: #8ac56b;\">La saison des Assembl\u00e9es g\u00e9n\u00e9rales se termine et le climat est loin d\u2019\u00eatre sauv\u00e9. Malgr\u00e9 un nouveau sc\u00e9nario exclusif de l\u2019Agence internationale de l\u2019\u00e9nergie (AIE) appelant \u00e0 la fin des investissements dans de nouveaux projets d\u2019\u00e9nergies fossiles, les acteurs financiers fran\u00e7ais restent dans le d\u00e9ni de cette r\u00e9alit\u00e9 scientifique et continuent de soutenir aveugl\u00e9ment les bras arm\u00e9s de l\u2019expansion des p\u00e9trole et gaz, comme Total. Reclaim Finance et les Amis de la Terre France ont interpell\u00e9 et questionn\u00e9 les directions des grands groupes financiers \u00e0 cette occasion : ils en dressent le bilan.<\/b><\/p>\n<\/div><\/div><\/div><div class=\"fusion-layout-column fusion_builder_column fusion-builder-column-1 fusion_builder_column_1_1 1_1 fusion-flex-column\" style=\"--awb-bg-size:cover;--awb-width-large:100%;--awb-margin-top-large:0px;--awb-spacing-right-large:1.92%;--awb-margin-bottom-large:20px;--awb-spacing-left-large:1.92%;--awb-width-medium:100%;--awb-order-medium:0;--awb-spacing-right-medium:1.92%;--awb-spacing-left-medium:1.92%;--awb-width-small:100%;--awb-order-small:0;--awb-spacing-right-small:1.92%;--awb-spacing-left-small:1.92%;\"><div class=\"fusion-column-wrapper fusion-column-has-shadow fusion-flex-justify-content-flex-start fusion-content-layout-column\"><div class=\"fusion-title title fusion-title-1 fusion-title-text fusion-title-size-one\" style=\"--awb-text-color:#59bc6d;--awb-margin-bottom:15px;--awb-font-size:16px;\"><div class=\"title-sep-container title-sep-container-left fusion-no-large-visibility fusion-no-medium-visibility fusion-no-small-visibility\"><div class=\"title-sep sep- sep-solid\" style=\"border-color:#3e3e3e;\"><\/div><\/div><span class=\"awb-title-spacer fusion-no-large-visibility fusion-no-medium-visibility fusion-no-small-visibility\"><\/span><h1 class=\"fusion-title-heading title-heading-left fusion-responsive-typography-calculated\" style=\"margin:0;font-size:1em;--fontSize:16;--minFontSize:16;line-height:1.4;\"><b>L\u2019AIE dit non, la place financi\u00e8re fran\u00e7aise dit oui<\/b><\/h1><span class=\"awb-title-spacer\"><\/span><div class=\"title-sep-container title-sep-container-right\"><div class=\"title-sep sep- sep-solid\" style=\"border-color:#3e3e3e;\"><\/div><\/div><\/div><div class=\"fusion-text fusion-text-2\"><p style=\"text-align: justify;\"><span style=\"font-weight: 400;\">Le 18 mai,<\/span><a href=\"https:\/\/www.iea.org\/reports\/net-zero-by-2050\" target=\"_blank\" rel=\"noopener\"><span style=\"font-weight: 400;\"> <u>l\u2019AIE annon\u00e7ait<\/u><\/span><\/a><span style=\"font-weight: 400;\"> ce que les industriels et le monde de la finance n\u2019avaient pas envie d\u2019entendre : <\/span><i><span style=\"font-weight: 400;\">\u00ab\u202fl\u2019alignement sur une trajectoire de r\u00e9chauffement de + 1,5 \u00b0C implique la fin des investissements dans l\u2019exploration ou l\u2019extraction d\u2019\u00e9nergies fossiles\u202f\u00bb.<\/span><\/i><span style=\"font-weight: 400;\"> En clair, le d\u00e9veloppement du gaz comme du p\u00e9trole est d\u00e8s ce jour incompatible avec toute ambition affich\u00e9e sur le climat et engagements \u201cnet z\u00e9ro en 2050\u201d. N\u2019en d\u00e9plaise aux amateurs de gaz fossile, sa production doit elle aussi d\u00e9cliner d\u00e8s maintenant. <\/span><\/p>\n<p style=\"text-align: justify;\"><span style=\"font-weight: 400;\">Si les acteurs financiers reconnaissaient d\u00e9j\u00e0 qu\u2019il faudra r\u00e9duire la production d\u2019\u00e9nergies fossiles, aucun n\u2019est pr\u00eat \u00e0 accepter d\u00e8s maintenant la fin de l\u2019expansion du p\u00e9trole et du gaz. Quelques jours \u00e0 peine avant la publication du sc\u00e9nario de l\u2019AIE, <\/span><span style=\"font-weight: 400;\"><u><a href=\"https:\/\/reclaimfinance.org\/site\/2021\/05\/12\/credit-agricole-le-roi-du-petrole-et-du-gaz\/\" target=\"_blank\" rel=\"noopener noreferrer\">Cr\u00e9dit Agricole<\/a><\/u><\/span><span style=\"font-weight: 400;\"> nous r\u00e9pondait que \u201cle d\u00e9clin rapide des sources actuelles de p\u00e9trole et gaz n\u00e9cessitera encore des investissements sur de nouvelles ressources dans les prochaines ann\u00e9es\u201d. <\/span><span style=\"font-weight: 400;\"><a href=\"https:\/\/reclaimfinance.org\/site\/2021\/04\/29\/axa-le-leadership-sur-le-climat-serait-il-tombe-en-panne-2\/\" target=\"_blank\" rel=\"noopener noreferrer\"><u>AXA soulignait pour sa part que<\/u> <\/a><\/span><span style=\"font-weight: 400;\">\u201cnos \u00e9conomies d\u00e9pendent encore largement du p\u00e9trole\u201d. <\/span><\/p>\n<p style=\"text-align: justify;\"><span style=\"font-weight: 400;\">Malheureusement, depuis sa publication, le nouveau sc\u00e9nario de l\u2019AIE semble avoir du mal \u00e0 se faire une place sur la table de chevet des acteurs financiers, pourtant habituellement amateurs et ambassadeurs des sc\u00e9narios de l\u2019Agence internationale. A<\/span><span style=\"font-weight: 400;\">ucun ne s\u2019engage encore \u00e0 ne plus soutenir les entreprises qui portent de nouveaux projets p\u00e9troliers et gaziers<\/span><span style=\"font-weight: 400;\">. Tous se contentent d\u2019engagements lointains comme le net z\u00e9ro 2050, ou d\u2019objectifs de court terme qui n\u2019impliquent pas de cesser de soutenir les d\u00e9veloppeurs du secteur p\u00e9tro-gazier. <\/span><span style=\"font-weight: 400;\"><u><a href=\"https:\/\/reclaimfinance.org\/site\/2021\/05\/17\/bnp-paribas-bras-arme-petrole-gaz\/\" target=\"_blank\" rel=\"noopener noreferrer\">BNP Paribas<\/a><\/u> <\/span><span style=\"font-weight: 400;\">emboitait ainsi en mai le pas \u00e0 <\/span><span style=\"font-weight: 400;\"><u><a href=\"https:\/\/reclaimfinance.org\/site\/2020\/10\/28\/societe-generale-une-approche-a-completer-pour-enrayer-le-developpement-des-fossiles\/\" target=\"_blank\" rel=\"noopener noreferrer\">Soci\u00e9t\u00e9 G\u00e9n\u00e9rale<\/a><\/u> <\/span><span style=\"font-weight: 400;\">en annon\u00e7ant r\u00e9duire son exposition c\u00f4t\u00e9 cr\u00e9dit au p\u00e9trole et au gaz de 10 % d\u2019ici 2025, un engagement qui ne saura emp\u00eacher ces banques de financer de nouveaux investissements dans les \u00e9nergies fossiles.<\/span><\/p>\n<\/div><div class=\"fusion-title title fusion-title-2 fusion-title-text fusion-title-size-two\" style=\"--awb-text-color:#59bc6d;--awb-margin-top:10px;--awb-margin-bottom:15px;--awb-font-size:16px;\"><div class=\"title-sep-container title-sep-container-left fusion-no-large-visibility fusion-no-medium-visibility fusion-no-small-visibility\"><div class=\"title-sep sep- sep-solid\" style=\"border-color:#3e3e3e;\"><\/div><\/div><span class=\"awb-title-spacer fusion-no-large-visibility fusion-no-medium-visibility fusion-no-small-visibility\"><\/span><h2 class=\"fusion-title-heading title-heading-left fusion-responsive-typography-calculated\" style=\"margin:0;font-size:1em;--fontSize:16;--minFontSize:16;line-height:1.5;\"><b>Pied de nez \u00e0 Bruno Le Maire <\/b><\/h2><span class=\"awb-title-spacer\"><\/span><div class=\"title-sep-container title-sep-container-right\"><div class=\"title-sep sep- sep-solid\" style=\"border-color:#3e3e3e;\"><\/div><\/div><\/div><div class=\"fusion-text fusion-text-3\"><p style=\"text-align: justify;\">M\u00eame pour les secteurs p\u00e9tro-gaziers les plus risqu\u00e9s, la finance fran\u00e7aise fait le dos rond, et n\u2019a pas encore renonc\u00e9 \u00e0 leur expansion. <a href=\"https:\/\/youtu.be\/x8BE4XyQFLA\" target=\"_blank\" rel=\"noopener\">En octobre 2020, Bruno Le Maire appelait la place financi\u00e8re de Paris \u00e0 sortir des secteurs p\u00e9trole et gaz dits \u201cnon-conventionnels\u201d<\/a>. Six mois plus tard, <u><\/u><u><\/u><a href=\"https:\/\/reclaimfinance.org\/site\/2021\/05\/12\/analyse-la-finance-francaise-carbure-aux-hydrocarbures\/\"><u>l<\/u><u>e Scan de la Finance Fossile r\u00e9v\u00e8le que plus de la moiti\u00e9 des institutions financi\u00e8res fran\u00e7aises n\u2019ont toujours pas de politique<\/u><\/a><u><\/u><u> <\/u>pour sortir ou r\u00e9duire les soutiens aux sables bitumineux, aux forages en eaux tr\u00e8s profondes et en Arctique, aux p\u00e9trole et gaz de schiste, et aux infrastructures qui y sont li\u00e9s (notamment les terminaux de gaz liqu\u00e9fi\u00e9). Et quand elles existent, ces politiques sont largement insuffisantes.<u> <a href=\"https:\/\/reclaimfinance.org\/site\/2021\/05\/12\/pourquoi-nous-plaidons-pour-une-sortie-des-hydrocarbures-les-plus-risques\/\">Ce sont pourtant des industries hautement destructrices pour le climat :<\/a><\/u> elles repr\u00e9sentent une part \u00e9norme de la croissance de la production d\u2019hydrocarbures pr\u00e9vue dans les prochaines ann\u00e9es et d\u00e9cennies. Elles sont en outre associ\u00e9es \u00e0 de lourdes violations des droits humains et\/ou menacent l\u2019environnement et la biodiversit\u00e9.<\/p>\n<p style=\"text-align: justify;\"><span style=\"font-weight: 400;\">Et pourtant, moins d\u2019une dizaine (parmi eux, <a href=\"https:\/\/reclaimfinance.org\/site\/scan-finance-fossile\/\" target=\"_blank\" rel=\"noopener noreferrer\"><u>Cr\u00e9dit Agricole, Soci\u00e9t\u00e9 G\u00e9n\u00e9rale, Banque Postale AM, Ostrum AM et le r\u00e9assureur SCOR<\/u><\/a>) des 56 acteurs ont pr\u00e9vu d\u2019adopter ou actualiser leur politique d\u2019ici la fin de l\u2019ann\u00e9e. Au lieu de nous r\u00e9pondre, AXA pr\u00e9f\u00e8re se cacher derri\u00e8re les alliances et coalitions \u201cnet z\u00e9ro\u201d, qui <\/span><span style=\"font-weight: 400;\"><u><a href=\"https:\/\/reclaimfinance.org\/site\/en\/2021\/02\/25\/financier-initiatives-coal-support-under-spotlight\/\" target=\"_blank\" rel=\"noopener noreferrer\">rassemblent certains des moins bons \u00e9l\u00e8ves sur le climat<\/a><\/u><\/span><span style=\"font-weight: 400;\">. Ce faisant, l\u2019assureur-investisseur nie sa responsabilit\u00e9 individuelle, repousse les d\u00e9cisions urgentes \u00e0 plus tard, et opte pour une ambition collective faible plut\u00f4t qu\u2019un leadership fort. Tant pis pour le climat.<\/span><\/p>\n<p style=\"text-align: justify;\">D\u2019autres prennent des engagements trop minimalistes pour r\u00e9pondre \u00e0 la commande de Bruno Le Maire. C\u2019est notamment le cas pour les p\u00e9trole et gaz de schiste : si les grandes banques reconnaissent d\u00e9sormais les impacts d\u00e9vastateurs du secteur, elles se contentent de premi\u00e8res mesurettes au lieu de s\u2019engager sur une v\u00e9ritable sortie.<u> <\/u><a href=\"https:\/\/reclaimfinance.org\/site\/2021\/05\/18\/societe-generale-et-gaz-de-schiste-ca-fait-pschitt\/\"><u>Soci\u00e9t\u00e9 G\u00e9n\u00e9rale, par exemple, a annonc\u00e9 \u00e0 son Assembl\u00e9e g\u00e9n\u00e9rale qu\u2019elle ne soutiendrait plus directement les nouveaux projets de terminaux d\u2019exportation de GNL en Am\u00e9rique du Nord<\/u><u>.<\/u><\/a> Elle pose cependant une exception de taille, qui balaie la cr\u00e9dibilit\u00e9 d\u2019une telle mesure : elle se laisse la possibilit\u00e9 de continuer \u00e0 soutenir les projets pour lesquels elle a d\u00e9j\u00e0 un mandat de conseil en cours. Alors que l\u2019avenir du secteur est incertain, et allant \u00e0 contresens de son propre engagement, elle refuse ainsi de se d\u00e9sengager toujours pas des deux bombes climatiques que sont les terminaux de Rio Grande LNG et Driftwood LNG aux Etats-Unis. La banque s\u2019engage \u00e9galement \u00e0 exclure une partie des entreprises actives dans l\u2019extraction des gaz de schiste, mais l\u2019absence de pr\u00e9cisions laisse entrevoir un soutien maintenu aux principaux d\u00e9veloppeurs du secteur. En bref, une politique timor\u00e9e et incoh\u00e9rente qui tranche avec le mot d\u2019ordre tr\u00e8s clair lanc\u00e9 par Bruno Le Maire.<\/p>\n<\/div><div class=\"fusion-title title fusion-title-3 fusion-title-text fusion-title-size-two\" style=\"--awb-text-color:#59bc6d;--awb-margin-top:10px;--awb-margin-bottom:15px;--awb-font-size:16px;\"><div class=\"title-sep-container title-sep-container-left fusion-no-large-visibility fusion-no-medium-visibility fusion-no-small-visibility\"><div class=\"title-sep sep- sep-solid\" style=\"border-color:#3e3e3e;\"><\/div><\/div><span class=\"awb-title-spacer fusion-no-large-visibility fusion-no-medium-visibility fusion-no-small-visibility\"><\/span><h2 class=\"fusion-title-heading title-heading-left fusion-responsive-typography-calculated\" style=\"margin:0;font-size:1em;--fontSize:16;--minFontSize:16;line-height:1.5;\"><b>Soutien total \u00e0 Total<\/b><\/h2><span class=\"awb-title-spacer\"><\/span><div class=\"title-sep-container title-sep-container-right\"><div class=\"title-sep sep- sep-solid\" style=\"border-color:#3e3e3e;\"><\/div><\/div><\/div><div class=\"fusion-text fusion-text-4\"><p><span style=\"font-weight: 400;\">La place financi\u00e8re fran\u00e7aise s\u2019obstine et laisse faire les d\u00e9veloppeurs dans le p\u00e9trole et le gaz, conventionnels et non-conventionnels. <\/span><\/p>\n<ul>\n<li style=\"text-align: justify; font-weight: 400;\" aria-level=\"1\"><span style=\"font-weight: 400;\">Interpell\u00e9es sur les activit\u00e9s gazi\u00e8res tr\u00e8s controvers\u00e9es de Total au Mozambique, les banques qui financent le projet restent dans un d\u00e9ni profond de la situation dramatique pour les populations, et des impacts environnementaux et climatiques irr\u00e9versibles. En ce qui concerne le projet EACOP en Afrique de l\u2019Est, Natixis n\u2019est toujours pas pr\u00eate \u00e0 rejoindre <\/span><span style=\"font-weight: 400;\"><u><a href=\"https:\/\/www.amisdelaterre.org\/3-banques-francaises-tournent-le-dos-a-total\/\" target=\"_blank\" rel=\"noopener noreferrer\">les grandes banques fran\u00e7aises<\/a><\/u><\/span><span style=\"font-weight: 400;\"> (BNP Paribas, Soci\u00e9t\u00e9 G\u00e9n\u00e9rale et Cr\u00e9dit Agricole) qui ont annonc\u00e9 qu\u2019elles ne le soutiendraient pas. <\/span><\/li>\n<li style=\"text-align: justify; font-weight: 400;\" aria-level=\"1\"><span style=\"font-weight: 400;\">Interpell\u00e9s sur les m\u00e9ga-projets que la major d\u00e9veloppe dans des zones tr\u00e8s vuln\u00e9rables de la r\u00e9gion Arctique alors que celle-ci doit \u00eatre sanctuaris\u00e9e au plus vite, les banques et assureurs regardent ailleurs au motif que cela repr\u00e9sente seulement une faible part des activit\u00e9s de la major. <\/span><\/li>\n<\/ul>\n<p align=\"justify\">Non seulement la place financi\u00e8re fran\u00e7aise laisse faire Total mais va m\u00eame jusqu\u2019\u00e0 cautionner ses vell\u00e9it\u00e9s d\u2019expansion. <a href=\"https:\/\/reclaimfinance.org\/site\/2021\/05\/28\/ag-de-total-les-actionnaires-complices-du-chaos-climatique\/\"><u>BNP Paribas AM, AXA, Cr\u00e9dit Agricole \/ Amundi, en tant qu\u2019actionnaires de Total, ont vot\u00e9 en soutien du plan climaticide de Total<\/u><u> <\/u><\/a>au lieu d\u2019appeler la major \u00e0 renoncer \u00e0 ses plans de d\u00e9veloppement. Total annonce pourtant la couleur en pr\u00e9voyant de consacrer 80 % de ses investissement aux p\u00e9trole et gaz, et d\u2019accro\u00eetre sa production de 50 % d\u2019ici 2030. C\u2019est pourtant, justement, cette strat\u00e9gie d\u2019investissement incompatible avec l\u2019objectif de limiter le r\u00e9chauffement \u00e0 1,5\u00b0C qui a pouss\u00e9 certains investisseurs \u00e0 voter contre le plan climat de Total. Parmi eux, EDRAM, la Banque Postale AM, Sycomore, l\u2019Ircantec, et les trois investisseurs en charge du dialogue actionnarial avec Total sur le climat au nom d\u2019une coalition de 575 investisseurs.<\/p>\n<\/div><\/div><\/div><\/div><\/div><div class=\"fusion-fullwidth fullwidth-box fusion-builder-row-2 fusion-flex-container nonhundred-percent-fullwidth non-hundred-percent-height-scrolling\" style=\"--awb-border-radius-top-left:0px;--awb-border-radius-top-right:0px;--awb-border-radius-bottom-right:0px;--awb-border-radius-bottom-left:0px;--awb-flex-wrap:wrap;\" ><div class=\"fusion-builder-row fusion-row fusion-flex-align-items-flex-start fusion-flex-content-wrap\" style=\"max-width:1216.8px;margin-left: calc(-4% \/ 2 );margin-right: calc(-4% \/ 2 );\"><div class=\"fusion-layout-column fusion_builder_column fusion-builder-column-2 fusion_builder_column_1_1 1_1 fusion-flex-column\" style=\"--awb-bg-size:cover;--awb-width-large:100%;--awb-margin-top-large:0px;--awb-spacing-right-large:1.92%;--awb-margin-bottom-large:20px;--awb-spacing-left-large:1.92%;--awb-width-medium:100%;--awb-order-medium:0;--awb-spacing-right-medium:1.92%;--awb-spacing-left-medium:1.92%;--awb-width-small:100%;--awb-order-small:0;--awb-spacing-right-small:1.92%;--awb-spacing-left-small:1.92%;\"><div class=\"fusion-column-wrapper fusion-column-has-shadow fusion-flex-justify-content-flex-start fusion-content-layout-column\"><div class=\"fusion-text fusion-text-5\"><p align=\"justify\"><b style=\"color: #8ac56b;\">Malheureusement, la place financi\u00e8re de Paris continue de soutenir les entreprises \u00e0 l\u2019avant-garde de l\u2019expansion des \u00e9nergies fossiles. Alors que la COP 26 \u00e0 Glasgow approche, il est temps que les banques, assureurs et investisseurs fran\u00e7ais prennent enfin acte du consensus scientifique et climatique, et revoient leur feuille de route pour ne pas d\u00e9cr\u00e9dibiliser (une nouvelle fois) leurs promesses de leaders de la finance verte.<\/b><\/p>\n<\/div><\/div><\/div><\/div><\/div><div class=\"fusion-fullwidth fullwidth-box fusion-builder-row-3 fusion-flex-container nonhundred-percent-fullwidth non-hundred-percent-height-scrolling\" style=\"--awb-border-radius-top-left:0px;--awb-border-radius-top-right:0px;--awb-border-radius-bottom-right:0px;--awb-border-radius-bottom-left:0px;--awb-flex-wrap:wrap;\" ><div class=\"fusion-builder-row fusion-row fusion-flex-align-items-flex-start fusion-flex-content-wrap\" style=\"max-width:1216.8px;margin-left: calc(-4% \/ 2 );margin-right: calc(-4% \/ 2 );\"><div class=\"fusion-layout-column fusion_builder_column fusion-builder-column-3 fusion_builder_column_1_1 1_1 fusion-flex-column\" style=\"--awb-padding-top:10px;--awb-padding-right:10px;--awb-padding-bottom:0px;--awb-padding-left:10px;--awb-overflow:hidden;--awb-bg-size:cover;--awb-border-color:#59bc6d;--awb-border-top:1px;--awb-border-right:1px;--awb-border-bottom:1px;--awb-border-left:1px;--awb-border-style:solid;--awb-border-radius:10px 10px 10px 10px;--awb-width-large:100%;--awb-margin-top-large:0px;--awb-spacing-right-large:1.92%;--awb-margin-bottom-large:20px;--awb-spacing-left-large:1.92%;--awb-width-medium:100%;--awb-order-medium:0;--awb-spacing-right-medium:1.92%;--awb-spacing-left-medium:1.92%;--awb-width-small:100%;--awb-order-small:0;--awb-spacing-right-small:1.92%;--awb-spacing-left-small:1.92%;\"><div class=\"fusion-column-wrapper fusion-column-has-shadow fusion-flex-justify-content-flex-start fusion-content-layout-column\"><div class=\"fusion-text fusion-text-6\"><p><b><u><span style=\"color: #59bc6d;\">Pour aller plus loin<\/span><span style=\"color: #59bc6d;\"> :<\/span><br \/>\n<\/u><\/b><\/p>\n<ul>\n<li><b>Les r\u00e9ponses de <\/b><a href=\"https:\/\/www.natixis.com\/natixis\/fr\/assemblee-generale-2021-reponses-aux-questions-ecrites-des-actionnaires-lpaz5_131480.html\"><b><u>Natixis<\/u><\/b><\/a><\/li>\n<li><b>Les r\u00e9ponses <\/b><a href=\"https:\/\/www.rothschildandco.com\/siteassets\/publications\/rothschild_and_co\/agms\/20210520\/fr_randco_2021_agm_questions_ecrites.pdf\"><b><u>de Rothschild and Co<\/u><\/b><\/a><\/li>\n<li><b>Les r\u00e9ponses de <\/b><a href=\"https:\/\/www.societegenerale.com\/sites\/default\/files\/documents\/2021-05\/Assemblee-generale-2021_Questions-ecrites-des-actionnaires-Reponses-publiees-18-mai-2021.pdf\"><b><u>Soci\u00e9t\u00e9 G\u00e9n\u00e9rale<\/u><\/b><\/a><\/li>\n<li><b>Les r\u00e9ponses de <\/b><a href=\"https:\/\/invest.bnpparibas.com\/sites\/default\/files\/documents\/2021_qa_questions_ecrites_reclaim_finance_-_version_web.pdf\"><b><u>BNP Paribas<\/u><\/b><\/a><\/li>\n<li><b>Les r\u00e9ponses de <\/b><a href=\"https:\/\/www.credit-agricole.com\/pdfPreview\/188305\"><b><u>Cr\u00e9dit Agricole<\/u><\/b><\/a><\/li>\n<li><b>Les r\u00e9ponses d<\/b><a href=\"https:\/\/www-axa-com.cdn.axa-contento-118412.eu\/www-axa-com\/5f415674-3984-4623-a909-45bcf31ec877_axa_questions_ecrites_ag2021_vf.pdf\"><b><u>\u2019AXA<\/u><\/b><\/a><\/li>\n<\/ul>\n<\/div><\/div><\/div><\/div><\/div><\/p>\n","protected":false},"excerpt":{"rendered":"","protected":false},"author":28,"featured_media":15310,"comment_status":"open","ping_status":"open","sticky":false,"template":"","format":"standard","meta":{"footnotes":""},"categories":[45],"tags":[12,1146,1148,1140,1150,230],"acteurs_financiers":[2434,2403],"thematique":[2415,2281],"webinar_type":[],"programme":[],"class_list":["post-12960","post","type-post","status-publish","format-standard","has-post-thumbnail","hentry","category-blog","tag-aie","tag-banques","tag-bilan","tag-gouvernement","tag-place-financiere-de-paris","tag-total","acteurs_financiers-investisseurs","acteurs_financiers-regulateurs-fr","thematique-energies-fossiles","thematique-energies-renouvelables-fr"],"yoast_head":"<!-- This site is optimized with the Yoast SEO plugin v23.1 - https:\/\/yoast.com\/wordpress\/plugins\/seo\/ -->\n<title>Assembl\u00e9es g\u00e9n\u00e9rales : la finance fran\u00e7aise sourde aux appels de l\u2019AIE et du gouvernement - Reclaim Finance<\/title>\n<meta name=\"description\" content=\"Malgr\u00e9 un nouveau sc\u00e9nario exclusif de l\u2019Agence internationale de l\u2019\u00e9nergie (AIE) appelant \u00e0 la fin des investissements dans de nouveaux projets d\u2019\u00e9nergies fossiles, les acteurs financiers fran\u00e7ais continuent de soutenir aveugl\u00e9ment les bras arm\u00e9s de l\u2019expansion des p\u00e9trole et gaz.\" \/>\n<meta name=\"robots\" content=\"index, follow, max-snippet:-1, max-image-preview:large, max-video-preview:-1\" \/>\n<link rel=\"canonical\" href=\"https:\/\/reclaimfinance.org\/site\/2021\/06\/09\/assemblees-generales-la-finance-francaise-sourde-aux-appels-de-laie-et-du-gouvernement\/\" \/>\n<meta property=\"og:locale\" content=\"fr_FR\" \/>\n<meta property=\"og:type\" content=\"article\" \/>\n<meta property=\"og:title\" content=\"Assembl\u00e9es g\u00e9n\u00e9rales : la finance fran\u00e7aise sourde aux appels de l\u2019AIE et du gouvernement - Reclaim Finance\" \/>\n<meta property=\"og:description\" content=\"Malgr\u00e9 un nouveau sc\u00e9nario exclusif de l\u2019Agence internationale de l\u2019\u00e9nergie (AIE) appelant \u00e0 la fin des investissements dans de nouveaux projets d\u2019\u00e9nergies fossiles, les acteurs financiers fran\u00e7ais continuent de soutenir aveugl\u00e9ment les bras arm\u00e9s de l\u2019expansion des p\u00e9trole et gaz.\" \/>\n<meta property=\"og:url\" content=\"https:\/\/reclaimfinance.org\/site\/2021\/06\/09\/assemblees-generales-la-finance-francaise-sourde-aux-appels-de-laie-et-du-gouvernement\/\" \/>\n<meta property=\"og:site_name\" content=\"Reclaim Finance\" \/>\n<meta property=\"article:publisher\" content=\"https:\/\/www.facebook.com\/ReclaimFinanceONG\" \/>\n<meta property=\"article:published_time\" content=\"2021-06-09T10:34:43+00:00\" \/>\n<meta property=\"article:modified_time\" content=\"2023-02-08T15:27:45+00:00\" \/>\n<meta property=\"og:image\" content=\"https:\/\/reclaimfinance.org\/site\/wp-content\/uploads\/2021\/06\/AG-BLOGPOST-1.png\" \/>\n\t<meta property=\"og:image:width\" content=\"900\" \/>\n\t<meta property=\"og:image:height\" content=\"400\" \/>\n\t<meta property=\"og:image:type\" content=\"image\/png\" \/>\n<meta name=\"author\" content=\"admin\" \/>\n<meta name=\"twitter:card\" content=\"summary_large_image\" \/>\n<meta name=\"twitter:creator\" content=\"@ReclaimFinance\" \/>\n<meta name=\"twitter:site\" content=\"@ReclaimFinance\" \/>\n<meta name=\"twitter:label1\" content=\"\u00c9crit par\" \/>\n\t<meta name=\"twitter:data1\" content=\"admin\" \/>\n\t<meta name=\"twitter:label2\" content=\"Dur\u00e9e de lecture estim\u00e9e\" \/>\n\t<meta name=\"twitter:data2\" content=\"9 minutes\" \/>\n<script type=\"application\/ld+json\" class=\"yoast-schema-graph\">{\"@context\":\"https:\/\/schema.org\",\"@graph\":[{\"@type\":\"Article\",\"@id\":\"https:\/\/reclaimfinance.org\/site\/2021\/06\/09\/assemblees-generales-la-finance-francaise-sourde-aux-appels-de-laie-et-du-gouvernement\/#article\",\"isPartOf\":{\"@id\":\"https:\/\/reclaimfinance.org\/site\/2021\/06\/09\/assemblees-generales-la-finance-francaise-sourde-aux-appels-de-laie-et-du-gouvernement\/\"},\"author\":{\"name\":\"admin\",\"@id\":\"https:\/\/reclaimfinance.org\/site\/#\/schema\/person\/dbd09d024c848def6a64be0b4ace9786\"},\"headline\":\"Assembl\u00e9es g\u00e9n\u00e9rales : la finance fran\u00e7aise sourde aux appels de l\u2019AIE et du gouvernement\",\"datePublished\":\"2021-06-09T10:34:43+00:00\",\"dateModified\":\"2023-02-08T15:27:45+00:00\",\"mainEntityOfPage\":{\"@id\":\"https:\/\/reclaimfinance.org\/site\/2021\/06\/09\/assemblees-generales-la-finance-francaise-sourde-aux-appels-de-laie-et-du-gouvernement\/\"},\"wordCount\":3573,\"commentCount\":2,\"publisher\":{\"@id\":\"https:\/\/reclaimfinance.org\/site\/#organization\"},\"image\":{\"@id\":\"https:\/\/reclaimfinance.org\/site\/2021\/06\/09\/assemblees-generales-la-finance-francaise-sourde-aux-appels-de-laie-et-du-gouvernement\/#primaryimage\"},\"thumbnailUrl\":\"https:\/\/reclaimfinance.org\/site\/wp-content\/uploads\/2021\/06\/AG-BLOGPOST-1.png\",\"keywords\":[\"Agence Internationale de l'Energie (AIE)\",\"banques\",\"bilan\",\"gouvernement\",\"Place financi\u00e8re de paris\",\"Total\"],\"articleSection\":[\"Articles\"],\"inLanguage\":\"fr-FR\",\"potentialAction\":[{\"@type\":\"CommentAction\",\"name\":\"Comment\",\"target\":[\"https:\/\/reclaimfinance.org\/site\/2021\/06\/09\/assemblees-generales-la-finance-francaise-sourde-aux-appels-de-laie-et-du-gouvernement\/#respond\"]}]},{\"@type\":\"WebPage\",\"@id\":\"https:\/\/reclaimfinance.org\/site\/2021\/06\/09\/assemblees-generales-la-finance-francaise-sourde-aux-appels-de-laie-et-du-gouvernement\/\",\"url\":\"https:\/\/reclaimfinance.org\/site\/2021\/06\/09\/assemblees-generales-la-finance-francaise-sourde-aux-appels-de-laie-et-du-gouvernement\/\",\"name\":\"Assembl\u00e9es g\u00e9n\u00e9rales : la finance fran\u00e7aise sourde aux appels de l\u2019AIE et du gouvernement - Reclaim Finance\",\"isPartOf\":{\"@id\":\"https:\/\/reclaimfinance.org\/site\/#website\"},\"primaryImageOfPage\":{\"@id\":\"https:\/\/reclaimfinance.org\/site\/2021\/06\/09\/assemblees-generales-la-finance-francaise-sourde-aux-appels-de-laie-et-du-gouvernement\/#primaryimage\"},\"image\":{\"@id\":\"https:\/\/reclaimfinance.org\/site\/2021\/06\/09\/assemblees-generales-la-finance-francaise-sourde-aux-appels-de-laie-et-du-gouvernement\/#primaryimage\"},\"thumbnailUrl\":\"https:\/\/reclaimfinance.org\/site\/wp-content\/uploads\/2021\/06\/AG-BLOGPOST-1.png\",\"datePublished\":\"2021-06-09T10:34:43+00:00\",\"dateModified\":\"2023-02-08T15:27:45+00:00\",\"description\":\"Malgr\u00e9 un nouveau sc\u00e9nario exclusif de l\u2019Agence internationale de l\u2019\u00e9nergie (AIE) appelant \u00e0 la fin des investissements dans de nouveaux projets d\u2019\u00e9nergies fossiles, les acteurs financiers fran\u00e7ais continuent de soutenir aveugl\u00e9ment les bras arm\u00e9s de l\u2019expansion des p\u00e9trole et gaz.\",\"breadcrumb\":{\"@id\":\"https:\/\/reclaimfinance.org\/site\/2021\/06\/09\/assemblees-generales-la-finance-francaise-sourde-aux-appels-de-laie-et-du-gouvernement\/#breadcrumb\"},\"inLanguage\":\"fr-FR\",\"potentialAction\":[{\"@type\":\"ReadAction\",\"target\":[\"https:\/\/reclaimfinance.org\/site\/2021\/06\/09\/assemblees-generales-la-finance-francaise-sourde-aux-appels-de-laie-et-du-gouvernement\/\"]}]},{\"@type\":\"ImageObject\",\"inLanguage\":\"fr-FR\",\"@id\":\"https:\/\/reclaimfinance.org\/site\/2021\/06\/09\/assemblees-generales-la-finance-francaise-sourde-aux-appels-de-laie-et-du-gouvernement\/#primaryimage\",\"url\":\"https:\/\/reclaimfinance.org\/site\/wp-content\/uploads\/2021\/06\/AG-BLOGPOST-1.png\",\"contentUrl\":\"https:\/\/reclaimfinance.org\/site\/wp-content\/uploads\/2021\/06\/AG-BLOGPOST-1.png\",\"width\":900,\"height\":400},{\"@type\":\"BreadcrumbList\",\"@id\":\"https:\/\/reclaimfinance.org\/site\/2021\/06\/09\/assemblees-generales-la-finance-francaise-sourde-aux-appels-de-laie-et-du-gouvernement\/#breadcrumb\",\"itemListElement\":[{\"@type\":\"ListItem\",\"position\":1,\"name\":\"Accueil\",\"item\":\"https:\/\/reclaimfinance.org\/site\/\"},{\"@type\":\"ListItem\",\"position\":2,\"name\":\"Assembl\u00e9es g\u00e9n\u00e9rales : la finance fran\u00e7aise sourde aux appels de l\u2019AIE et du gouvernement\"}]},{\"@type\":\"WebSite\",\"@id\":\"https:\/\/reclaimfinance.org\/site\/#website\",\"url\":\"https:\/\/reclaimfinance.org\/site\/\",\"name\":\"Reclaim Finance\",\"description\":\"Reprendre le contr\u00f4le de la finance pour le climat et la biodiversit\u00e9\",\"publisher\":{\"@id\":\"https:\/\/reclaimfinance.org\/site\/#organization\"},\"potentialAction\":[{\"@type\":\"SearchAction\",\"target\":{\"@type\":\"EntryPoint\",\"urlTemplate\":\"https:\/\/reclaimfinance.org\/site\/?s={search_term_string}\"},\"query-input\":\"required name=search_term_string\"}],\"inLanguage\":\"fr-FR\"},{\"@type\":\"Organization\",\"@id\":\"https:\/\/reclaimfinance.org\/site\/#organization\",\"name\":\"Reclaim Finance\",\"url\":\"https:\/\/reclaimfinance.org\/site\/\",\"logo\":{\"@type\":\"ImageObject\",\"inLanguage\":\"fr-FR\",\"@id\":\"https:\/\/reclaimfinance.org\/site\/#\/schema\/logo\/image\/\",\"url\":\"https:\/\/reclaimfinance.org\/site\/wp-content\/uploads\/2020\/03\/logo_RC_space.png\",\"contentUrl\":\"https:\/\/reclaimfinance.org\/site\/wp-content\/uploads\/2020\/03\/logo_RC_space.png\",\"width\":800,\"height\":800,\"caption\":\"Reclaim Finance\"},\"image\":{\"@id\":\"https:\/\/reclaimfinance.org\/site\/#\/schema\/logo\/image\/\"},\"sameAs\":[\"https:\/\/www.facebook.com\/ReclaimFinanceONG\",\"https:\/\/x.com\/ReclaimFinance\",\"https:\/\/www.instagram.com\/reclaimfinance\/\",\"https:\/\/www.linkedin.com\/company\/reclaim-finance-ong-think-tank\"]},{\"@type\":\"Person\",\"@id\":\"https:\/\/reclaimfinance.org\/site\/#\/schema\/person\/dbd09d024c848def6a64be0b4ace9786\",\"name\":\"admin\",\"image\":{\"@type\":\"ImageObject\",\"inLanguage\":\"fr-FR\",\"@id\":\"https:\/\/reclaimfinance.org\/site\/#\/schema\/person\/image\/\",\"url\":\"https:\/\/secure.gravatar.com\/avatar\/84f25c90b0db91b615a598cb16c83cdf?s=96&d=mm&r=g\",\"contentUrl\":\"https:\/\/secure.gravatar.com\/avatar\/84f25c90b0db91b615a598cb16c83cdf?s=96&d=mm&r=g\",\"caption\":\"admin\"},\"url\":\"https:\/\/reclaimfinance.org\/site\/author\/admin-2\/\"}]}<\/script>\n<!-- \/ Yoast SEO plugin. -->","yoast_head_json":{"title":"Assembl\u00e9es g\u00e9n\u00e9rales : la finance fran\u00e7aise sourde aux appels de l\u2019AIE et du gouvernement - Reclaim Finance","description":"Malgr\u00e9 un nouveau sc\u00e9nario exclusif de l\u2019Agence internationale de l\u2019\u00e9nergie (AIE) appelant \u00e0 la fin des investissements dans de nouveaux projets d\u2019\u00e9nergies fossiles, les acteurs financiers fran\u00e7ais continuent de soutenir aveugl\u00e9ment les bras arm\u00e9s de l\u2019expansion des p\u00e9trole et gaz.","robots":{"index":"index","follow":"follow","max-snippet":"max-snippet:-1","max-image-preview":"max-image-preview:large","max-video-preview":"max-video-preview:-1"},"canonical":"https:\/\/reclaimfinance.org\/site\/2021\/06\/09\/assemblees-generales-la-finance-francaise-sourde-aux-appels-de-laie-et-du-gouvernement\/","og_locale":"fr_FR","og_type":"article","og_title":"Assembl\u00e9es g\u00e9n\u00e9rales : la finance fran\u00e7aise sourde aux appels de l\u2019AIE et du gouvernement - Reclaim Finance","og_description":"Malgr\u00e9 un nouveau sc\u00e9nario exclusif de l\u2019Agence internationale de l\u2019\u00e9nergie (AIE) appelant \u00e0 la fin des investissements dans de nouveaux projets d\u2019\u00e9nergies fossiles, les acteurs financiers fran\u00e7ais continuent de soutenir aveugl\u00e9ment les bras arm\u00e9s de l\u2019expansion des p\u00e9trole et gaz.","og_url":"https:\/\/reclaimfinance.org\/site\/2021\/06\/09\/assemblees-generales-la-finance-francaise-sourde-aux-appels-de-laie-et-du-gouvernement\/","og_site_name":"Reclaim Finance","article_publisher":"https:\/\/www.facebook.com\/ReclaimFinanceONG","article_published_time":"2021-06-09T10:34:43+00:00","article_modified_time":"2023-02-08T15:27:45+00:00","og_image":[{"width":900,"height":400,"url":"https:\/\/reclaimfinance.org\/site\/wp-content\/uploads\/2021\/06\/AG-BLOGPOST-1.png","type":"image\/png"}],"author":"admin","twitter_card":"summary_large_image","twitter_creator":"@ReclaimFinance","twitter_site":"@ReclaimFinance","twitter_misc":{"\u00c9crit par":"admin","Dur\u00e9e de lecture estim\u00e9e":"9 minutes"},"schema":{"@context":"https:\/\/schema.org","@graph":[{"@type":"Article","@id":"https:\/\/reclaimfinance.org\/site\/2021\/06\/09\/assemblees-generales-la-finance-francaise-sourde-aux-appels-de-laie-et-du-gouvernement\/#article","isPartOf":{"@id":"https:\/\/reclaimfinance.org\/site\/2021\/06\/09\/assemblees-generales-la-finance-francaise-sourde-aux-appels-de-laie-et-du-gouvernement\/"},"author":{"name":"admin","@id":"https:\/\/reclaimfinance.org\/site\/#\/schema\/person\/dbd09d024c848def6a64be0b4ace9786"},"headline":"Assembl\u00e9es g\u00e9n\u00e9rales : la finance fran\u00e7aise sourde aux appels de l\u2019AIE et du gouvernement","datePublished":"2021-06-09T10:34:43+00:00","dateModified":"2023-02-08T15:27:45+00:00","mainEntityOfPage":{"@id":"https:\/\/reclaimfinance.org\/site\/2021\/06\/09\/assemblees-generales-la-finance-francaise-sourde-aux-appels-de-laie-et-du-gouvernement\/"},"wordCount":3573,"commentCount":2,"publisher":{"@id":"https:\/\/reclaimfinance.org\/site\/#organization"},"image":{"@id":"https:\/\/reclaimfinance.org\/site\/2021\/06\/09\/assemblees-generales-la-finance-francaise-sourde-aux-appels-de-laie-et-du-gouvernement\/#primaryimage"},"thumbnailUrl":"https:\/\/reclaimfinance.org\/site\/wp-content\/uploads\/2021\/06\/AG-BLOGPOST-1.png","keywords":["Agence Internationale de l'Energie (AIE)","banques","bilan","gouvernement","Place financi\u00e8re de paris","Total"],"articleSection":["Articles"],"inLanguage":"fr-FR","potentialAction":[{"@type":"CommentAction","name":"Comment","target":["https:\/\/reclaimfinance.org\/site\/2021\/06\/09\/assemblees-generales-la-finance-francaise-sourde-aux-appels-de-laie-et-du-gouvernement\/#respond"]}]},{"@type":"WebPage","@id":"https:\/\/reclaimfinance.org\/site\/2021\/06\/09\/assemblees-generales-la-finance-francaise-sourde-aux-appels-de-laie-et-du-gouvernement\/","url":"https:\/\/reclaimfinance.org\/site\/2021\/06\/09\/assemblees-generales-la-finance-francaise-sourde-aux-appels-de-laie-et-du-gouvernement\/","name":"Assembl\u00e9es g\u00e9n\u00e9rales : la finance fran\u00e7aise sourde aux appels de l\u2019AIE et du gouvernement - Reclaim Finance","isPartOf":{"@id":"https:\/\/reclaimfinance.org\/site\/#website"},"primaryImageOfPage":{"@id":"https:\/\/reclaimfinance.org\/site\/2021\/06\/09\/assemblees-generales-la-finance-francaise-sourde-aux-appels-de-laie-et-du-gouvernement\/#primaryimage"},"image":{"@id":"https:\/\/reclaimfinance.org\/site\/2021\/06\/09\/assemblees-generales-la-finance-francaise-sourde-aux-appels-de-laie-et-du-gouvernement\/#primaryimage"},"thumbnailUrl":"https:\/\/reclaimfinance.org\/site\/wp-content\/uploads\/2021\/06\/AG-BLOGPOST-1.png","datePublished":"2021-06-09T10:34:43+00:00","dateModified":"2023-02-08T15:27:45+00:00","description":"Malgr\u00e9 un nouveau sc\u00e9nario exclusif de l\u2019Agence internationale de l\u2019\u00e9nergie (AIE) appelant \u00e0 la fin des investissements dans de nouveaux projets d\u2019\u00e9nergies fossiles, les acteurs financiers fran\u00e7ais continuent de soutenir aveugl\u00e9ment les bras arm\u00e9s de l\u2019expansion des p\u00e9trole et gaz.","breadcrumb":{"@id":"https:\/\/reclaimfinance.org\/site\/2021\/06\/09\/assemblees-generales-la-finance-francaise-sourde-aux-appels-de-laie-et-du-gouvernement\/#breadcrumb"},"inLanguage":"fr-FR","potentialAction":[{"@type":"ReadAction","target":["https:\/\/reclaimfinance.org\/site\/2021\/06\/09\/assemblees-generales-la-finance-francaise-sourde-aux-appels-de-laie-et-du-gouvernement\/"]}]},{"@type":"ImageObject","inLanguage":"fr-FR","@id":"https:\/\/reclaimfinance.org\/site\/2021\/06\/09\/assemblees-generales-la-finance-francaise-sourde-aux-appels-de-laie-et-du-gouvernement\/#primaryimage","url":"https:\/\/reclaimfinance.org\/site\/wp-content\/uploads\/2021\/06\/AG-BLOGPOST-1.png","contentUrl":"https:\/\/reclaimfinance.org\/site\/wp-content\/uploads\/2021\/06\/AG-BLOGPOST-1.png","width":900,"height":400},{"@type":"BreadcrumbList","@id":"https:\/\/reclaimfinance.org\/site\/2021\/06\/09\/assemblees-generales-la-finance-francaise-sourde-aux-appels-de-laie-et-du-gouvernement\/#breadcrumb","itemListElement":[{"@type":"ListItem","position":1,"name":"Accueil","item":"https:\/\/reclaimfinance.org\/site\/"},{"@type":"ListItem","position":2,"name":"Assembl\u00e9es g\u00e9n\u00e9rales : la finance fran\u00e7aise sourde aux appels de l\u2019AIE et du gouvernement"}]},{"@type":"WebSite","@id":"https:\/\/reclaimfinance.org\/site\/#website","url":"https:\/\/reclaimfinance.org\/site\/","name":"Reclaim Finance","description":"Reprendre le contr\u00f4le de la finance pour le climat et la biodiversit\u00e9","publisher":{"@id":"https:\/\/reclaimfinance.org\/site\/#organization"},"potentialAction":[{"@type":"SearchAction","target":{"@type":"EntryPoint","urlTemplate":"https:\/\/reclaimfinance.org\/site\/?s={search_term_string}"},"query-input":"required name=search_term_string"}],"inLanguage":"fr-FR"},{"@type":"Organization","@id":"https:\/\/reclaimfinance.org\/site\/#organization","name":"Reclaim Finance","url":"https:\/\/reclaimfinance.org\/site\/","logo":{"@type":"ImageObject","inLanguage":"fr-FR","@id":"https:\/\/reclaimfinance.org\/site\/#\/schema\/logo\/image\/","url":"https:\/\/reclaimfinance.org\/site\/wp-content\/uploads\/2020\/03\/logo_RC_space.png","contentUrl":"https:\/\/reclaimfinance.org\/site\/wp-content\/uploads\/2020\/03\/logo_RC_space.png","width":800,"height":800,"caption":"Reclaim Finance"},"image":{"@id":"https:\/\/reclaimfinance.org\/site\/#\/schema\/logo\/image\/"},"sameAs":["https:\/\/www.facebook.com\/ReclaimFinanceONG","https:\/\/x.com\/ReclaimFinance","https:\/\/www.instagram.com\/reclaimfinance\/","https:\/\/www.linkedin.com\/company\/reclaim-finance-ong-think-tank"]},{"@type":"Person","@id":"https:\/\/reclaimfinance.org\/site\/#\/schema\/person\/dbd09d024c848def6a64be0b4ace9786","name":"admin","image":{"@type":"ImageObject","inLanguage":"fr-FR","@id":"https:\/\/reclaimfinance.org\/site\/#\/schema\/person\/image\/","url":"https:\/\/secure.gravatar.com\/avatar\/84f25c90b0db91b615a598cb16c83cdf?s=96&d=mm&r=g","contentUrl":"https:\/\/secure.gravatar.com\/avatar\/84f25c90b0db91b615a598cb16c83cdf?s=96&d=mm&r=g","caption":"admin"},"url":"https:\/\/reclaimfinance.org\/site\/author\/admin-2\/"}]}},"_links":{"self":[{"href":"https:\/\/reclaimfinance.org\/site\/wp-json\/wp\/v2\/posts\/12960"}],"collection":[{"href":"https:\/\/reclaimfinance.org\/site\/wp-json\/wp\/v2\/posts"}],"about":[{"href":"https:\/\/reclaimfinance.org\/site\/wp-json\/wp\/v2\/types\/post"}],"author":[{"embeddable":true,"href":"https:\/\/reclaimfinance.org\/site\/wp-json\/wp\/v2\/users\/28"}],"replies":[{"embeddable":true,"href":"https:\/\/reclaimfinance.org\/site\/wp-json\/wp\/v2\/comments?post=12960"}],"version-history":[{"count":0,"href":"https:\/\/reclaimfinance.org\/site\/wp-json\/wp\/v2\/posts\/12960\/revisions"}],"wp:featuredmedia":[{"embeddable":true,"href":"https:\/\/reclaimfinance.org\/site\/wp-json\/wp\/v2\/media\/15310"}],"wp:attachment":[{"href":"https:\/\/reclaimfinance.org\/site\/wp-json\/wp\/v2\/media?parent=12960"}],"wp:term":[{"taxonomy":"category","embeddable":true,"href":"https:\/\/reclaimfinance.org\/site\/wp-json\/wp\/v2\/categories?post=12960"},{"taxonomy":"post_tag","embeddable":true,"href":"https:\/\/reclaimfinance.org\/site\/wp-json\/wp\/v2\/tags?post=12960"},{"taxonomy":"acteurs_financiers","embeddable":true,"href":"https:\/\/reclaimfinance.org\/site\/wp-json\/wp\/v2\/acteurs_financiers?post=12960"},{"taxonomy":"thematique","embeddable":true,"href":"https:\/\/reclaimfinance.org\/site\/wp-json\/wp\/v2\/thematique?post=12960"},{"taxonomy":"webinar_type","embeddable":true,"href":"https:\/\/reclaimfinance.org\/site\/wp-json\/wp\/v2\/webinar_type?post=12960"},{"taxonomy":"programme","embeddable":true,"href":"https:\/\/reclaimfinance.org\/site\/wp-json\/wp\/v2\/programme?post=12960"}],"curies":[{"name":"wp","href":"https:\/\/api.w.org\/{rel}","templated":true}]}}