{"id":13431,"date":"2021-06-30T11:41:23","date_gmt":"2021-06-30T09:41:23","guid":{"rendered":"https:\/\/reclaimfinance.org\/site\/?p=13431"},"modified":"2023-03-28T18:41:20","modified_gmt":"2023-03-28T16:41:20","slug":"le-lobbying-de-blackrock-a-lassaut-de-la-strategie-finance-durable-de-lue","status":"publish","type":"post","link":"https:\/\/reclaimfinance.org\/site\/2021\/06\/30\/le-lobbying-de-blackrock-a-lassaut-de-la-strategie-finance-durable-de-lue\/","title":{"rendered":"Le lobbying de BlackRock \u00e0 l\u2019assaut de la strat\u00e9gie finance durable de l&rsquo;UE"},"content":{"rendered":"<p><div class=\"fusion-fullwidth fullwidth-box fusion-builder-row-1 fusion-flex-container nonhundred-percent-fullwidth non-hundred-percent-height-scrolling\" style=\"--awb-border-radius-top-left:0px;--awb-border-radius-top-right:0px;--awb-border-radius-bottom-right:0px;--awb-border-radius-bottom-left:0px;--awb-flex-wrap:wrap;\" ><div class=\"fusion-builder-row fusion-row fusion-flex-align-items-flex-start fusion-flex-content-wrap\" style=\"max-width:1216.8px;margin-left: calc(-4% \/ 2 );margin-right: calc(-4% \/ 2 );\"><div class=\"fusion-layout-column fusion_builder_column fusion-builder-column-0 fusion_builder_column_1_1 1_1 fusion-flex-column\" style=\"--awb-bg-size:cover;--awb-width-large:100%;--awb-margin-top-large:0px;--awb-spacing-right-large:1.92%;--awb-margin-bottom-large:20px;--awb-spacing-left-large:1.92%;--awb-width-medium:100%;--awb-order-medium:0;--awb-spacing-right-medium:1.92%;--awb-spacing-left-medium:1.92%;--awb-width-small:100%;--awb-order-small:0;--awb-spacing-right-small:1.92%;--awb-spacing-left-small:1.92%;\"><div class=\"fusion-column-wrapper fusion-column-has-shadow fusion-flex-justify-content-flex-start fusion-content-layout-column\"><div class=\"fusion-text fusion-text-1\"><p style=\"text-align: justify;\"><span style=\"color: #8ac56b;\"><strong>Quelques jours avant la publication de la strat\u00e9gie finance durable de l&rsquo;UE, Reclaim Finance et l&rsquo;Observatoire des multinationales r\u00e9v\u00e8lent l&rsquo;ampleur de l&rsquo;influence de BlackRock sur les projets de l&rsquo;UE en mati\u00e8re de finance verte. <span style=\"color: #8ac56b;\"><u><a style=\"color: #8ac56b;\" href=\"https:\/\/reclaimfinance.org\/site\/wp-content\/uploads\/2021\/06\/Exposing-BlackRock-grip-on-EU-climate-finance-plans.pdf\" target=\"_blank\" rel=\"noopener noreferrer\">Le rapport<\/a><\/u><\/span>, intitul\u00e9 \u00ab\u00a0L\u2019emprise de BlackRock sur les plans finance climat de &lsquo;l&rsquo;UE\u00a0\u00bb, r\u00e9v\u00e8le que le plus grand gestionnaire d&rsquo;actifs au monde se trouve au c\u0153ur d\u2019un r\u00e9seau de lobbying jouissant d\u2019un acc\u00e8s privil\u00e9gi\u00e9 aux institutions europ\u00e9ennes.<\/strong><\/span><\/p>\n<p align=\"justify\"><span style=\"color: #8ac56b;\"><strong>Si certaines cons\u00e9quences sont d\u00e9j\u00e0 visibles, cette analyse approfondie de l&rsquo;agenda politique de BlackRock tire la sonnette d&rsquo;alarme sur les dangers d&rsquo;une telle influence, tant pour le climat que pour une bonne gouvernance. Alors que la Commission Europ\u00e9enne s&rsquo;appr\u00eate \u00e0 publier un rapport <span style=\"text-decoration: underline; color: #8ac56b;\"><span style=\"text-decoration-thickness: initial; text-decoration-style: initial; text-decoration-color: initial;\"><a style=\"color: #8ac56b; text-decoration: underline;\" href=\"https:\/\/www.ft.com\/content\/44948a25-7a00-4bd4-aec8-9e80fb860461\" target=\"_blank\" rel=\"noopener noreferrer\">controvers\u00e9<\/a><\/span><\/span> sur l\u2019int\u00e9gration de crit\u00e8res ESG dans les r\u00e8gles de supervision des banques r\u00e9dig\u00e9 pour elle par BlackRock, cette question est plus que jamais d&rsquo;actualit\u00e9.<\/strong><\/span><\/p>\n<\/div><\/div><\/div><div class=\"fusion-layout-column fusion_builder_column fusion-builder-column-1 fusion_builder_column_1_1 1_1 fusion-flex-column\" style=\"--awb-bg-size:cover;--awb-width-large:100%;--awb-margin-top-large:0px;--awb-spacing-right-large:1.92%;--awb-margin-bottom-large:20px;--awb-spacing-left-large:1.92%;--awb-width-medium:100%;--awb-order-medium:0;--awb-spacing-right-medium:1.92%;--awb-spacing-left-medium:1.92%;--awb-width-small:100%;--awb-order-small:0;--awb-spacing-right-small:1.92%;--awb-spacing-left-small:1.92%;\"><div class=\"fusion-column-wrapper fusion-column-has-shadow fusion-flex-justify-content-flex-start fusion-content-layout-column\"><div class=\"fusion-title title fusion-title-1 fusion-title-text fusion-title-size-one\" style=\"--awb-text-color:#59bc6d;--awb-margin-bottom:15px;--awb-font-size:16px;\"><div class=\"title-sep-container title-sep-container-left fusion-no-large-visibility fusion-no-medium-visibility fusion-no-small-visibility\"><div class=\"title-sep sep- sep-solid\" style=\"border-color:#3e3e3e;\"><\/div><\/div><span class=\"awb-title-spacer fusion-no-large-visibility fusion-no-medium-visibility fusion-no-small-visibility\"><\/span><h1 class=\"fusion-title-heading title-heading-left fusion-responsive-typography-calculated\" style=\"margin:0;font-size:1em;--fontSize:16;--minFontSize:16;line-height:1.4;\"><b>Le r\u00e9seau de lobbying de BlackRock mis \u00e0 nu<\/b><\/h1><span class=\"awb-title-spacer\"><\/span><div class=\"title-sep-container title-sep-container-right\"><div class=\"title-sep sep- sep-solid\" style=\"border-color:#3e3e3e;\"><\/div><\/div><\/div><div class=\"fusion-text fusion-text-2\"><p style=\"text-align: justify;\"><span style=\"font-weight: 400;\"><strong>Avec 30 millions d&rsquo;euros d\u00e9pens\u00e9s chaque ann\u00e9e en lobbying aupr\u00e8s des institutions europ\u00e9ennes, BlackRock et les 23 groupes auxquels il appartient ont les moyens de faire entendre leur voix. Ils ont collectivement r\u00e9pondu \u00e0 22 consultations publiques de l&rsquo;UE sur la finance durable.<\/strong> L&rsquo;analyse de ces consultations montre une nette r\u00e9sistance \u00e0 des exigences strictes et \u00e0 des r\u00e9glementations li\u00e9es \u00e0 la finance durable en g\u00e9n\u00e9ral (1).<\/span><\/p>\n<p style=\"text-align: justify;\"><span style=\"font-weight: 400;\">\u00c0 travers de multiples r\u00e9unions priv\u00e9es tenues avec les principales agences de l&rsquo;UE, ce r\u00e9seau de lobbying s&rsquo;est \u00e9galement assur\u00e9 une place de choix dans les groupes d&rsquo;experts ou de travail de la Commission (2), y compris les groupes travaillant sur la finance climat. Le rapport se penche \u00e9galement sur les relations et les recrutements qui ont lieu entre BlackRock et divers gouvernements ou institutions publiques, contribuant \u00e0 graisser les rouages \u00e0 Bruxelles et au-del\u00e0.<\/span><\/p>\n<\/div><div class=\"fusion-title title fusion-title-2 fusion-title-text fusion-title-size-two\" style=\"--awb-text-color:#59bc6d;--awb-margin-top:10px;--awb-margin-bottom:15px;--awb-font-size:16px;\"><div class=\"title-sep-container title-sep-container-left fusion-no-large-visibility fusion-no-medium-visibility fusion-no-small-visibility\"><div class=\"title-sep sep- sep-solid\" style=\"border-color:#3e3e3e;\"><\/div><\/div><span class=\"awb-title-spacer fusion-no-large-visibility fusion-no-medium-visibility fusion-no-small-visibility\"><\/span><h2 class=\"fusion-title-heading title-heading-left fusion-responsive-typography-calculated\" style=\"margin:0;font-size:1em;--fontSize:16;--minFontSize:16;line-height:1.5;\"><b>Les dividendes d\u2019abord <\/b><\/h2><span class=\"awb-title-spacer\"><\/span><div class=\"title-sep-container title-sep-container-right\"><div class=\"title-sep sep- sep-solid\" style=\"border-color:#3e3e3e;\"><\/div><\/div><\/div><div class=\"fusion-text fusion-text-3\"><p style=\"text-align: justify;\"><span style=\"font-weight: 400;\"><strong>La renouvellement de la strat\u00e9gie de finance durable devant \u00eatre publi\u00e9e le 6 juillet, l&rsquo;enjeu est de savoir si la pression exerc\u00e9e par de nombreux gestionnaires d&rsquo;actifs se traduira par un affaiblissement des ambitions pr\u00e9vues.<\/strong> La toile de lobbying tiss\u00e9e par BlackRock &#8211; dont 4 des 6 groupes dans lesquels il occupe un r\u00f4le de premier plan &#8211; s&rsquo;est activement oppos\u00e9e \u00e0 la cr\u00e9ation d&rsquo;une taxonomie sur les activit\u00e9s polluantes (3) et a fait pression pour retarder la mise en \u0153uvre de r\u00e8gles de transparence strictes (4), deux outils visant \u00e0 r\u00e9duire le greenwashing.<\/span><\/p>\n<p style=\"text-align: justify;\"><span style=\"font-weight: 400;\">Mais il semble en tout cas que BlackRock a d\u00e9j\u00e0 un pied dans la porte, \u00e0 la fois en faisant pression avec succ\u00e8s pour des \u2018Green Bond Standards\u2019 volontaires (plut\u00f4t qu&rsquo;obligatoires) et gr\u00e2ce au contrat qu&rsquo;il a sign\u00e9 pour conseiller la Commission europ\u00e9enne sur les r\u00e8gles bancaires ESG, l&rsquo;un des neuf contrats qu\u2019il a sign\u00e9s avec des institutions ou agences de l&rsquo;UE depuis 2016<\/span><\/p>\n<\/div><div class=\"fusion-title title fusion-title-3 fusion-title-text fusion-title-size-two\" style=\"--awb-text-color:#59bc6d;--awb-margin-top:10px;--awb-margin-bottom:15px;--awb-font-size:16px;\"><div class=\"title-sep-container title-sep-container-left fusion-no-large-visibility fusion-no-medium-visibility fusion-no-small-visibility\"><div class=\"title-sep sep- sep-solid\" style=\"border-color:#3e3e3e;\"><\/div><\/div><span class=\"awb-title-spacer fusion-no-large-visibility fusion-no-medium-visibility fusion-no-small-visibility\"><\/span><h2 class=\"fusion-title-heading title-heading-left fusion-responsive-typography-calculated\" style=\"margin:0;font-size:1em;--fontSize:16;--minFontSize:16;line-height:1.5;\"><p><b>La vision du monde de BlackRock appliqu\u00e9e \u00e0 la finance durable<br \/>\n<\/b><\/p><\/h2><span class=\"awb-title-spacer\"><\/span><div class=\"title-sep-container title-sep-container-right\"><div class=\"title-sep sep- sep-solid\" style=\"border-color:#3e3e3e;\"><\/div><\/div><\/div><div class=\"fusion-text fusion-text-4\"><p style=\"text-align: justify;\"><span style=\"font-weight: 400;\">Le rapport tire la sonnette d&rsquo;alarme sur l\u2019approche d\u00e9fendue par BlackRock et ses groupes amis. Tout en s&rsquo;opposant \u00e0 toute forme de restriction (m\u00eame minime) li\u00e9e au climat et impos\u00e9e aux acteurs financiers et \u00e0 leurs d\u00e9cisions d&rsquo;investissement, l&rsquo;alternative qu&rsquo;ils mettent en avant est hautement probl\u00e9matique. L&rsquo;approche de BlackRock, ax\u00e9e sur un meilleur acc\u00e8s aux donn\u00e9es et sur la transparence, mais qui s&rsquo;oppose \u00e0 l&rsquo;introduction de d\u00e9finitions scientifiques de ce qui est durable, vise \u00e0 brouiller les pistes. Elle offre une vision r\u00e9trograde de la finance climatique. En outre, BlackRock a un int\u00e9r\u00eat direct dans la survie de l&rsquo;industrie des \u00e9nergies fossiles, et \u00e0 de multiples liens avec le secteur (5), ce qui pourrait expliquer son refus de r\u00e8gles climatiques ambitieuses qui affecteraient ses r\u00e9sultats.<\/span><\/p>\n<\/div><\/div><\/div><\/div><\/div><div class=\"fusion-fullwidth fullwidth-box fusion-builder-row-2 fusion-flex-container nonhundred-percent-fullwidth non-hundred-percent-height-scrolling\" style=\"--awb-border-radius-top-left:0px;--awb-border-radius-top-right:0px;--awb-border-radius-bottom-right:0px;--awb-border-radius-bottom-left:0px;--awb-flex-wrap:wrap;\" ><div class=\"fusion-builder-row fusion-row fusion-flex-align-items-flex-start fusion-flex-content-wrap\" style=\"max-width:1216.8px;margin-left: calc(-4% \/ 2 );margin-right: calc(-4% \/ 2 );\"><div class=\"fusion-layout-column fusion_builder_column fusion-builder-column-2 fusion_builder_column_1_1 1_1 fusion-flex-column\" style=\"--awb-bg-size:cover;--awb-width-large:100%;--awb-margin-top-large:0px;--awb-spacing-right-large:1.92%;--awb-margin-bottom-large:20px;--awb-spacing-left-large:1.92%;--awb-width-medium:100%;--awb-order-medium:0;--awb-spacing-right-medium:1.92%;--awb-spacing-left-medium:1.92%;--awb-width-small:100%;--awb-order-small:0;--awb-spacing-right-small:1.92%;--awb-spacing-left-small:1.92%;\"><div class=\"fusion-column-wrapper fusion-column-has-shadow fusion-flex-justify-content-flex-start fusion-content-layout-column\"><div class=\"fusion-text fusion-text-5\"><p align=\"justify\"><span style=\"color: #8ac56b;\"><strong>Il est plus que temps de repenser nos syst\u00e8mes financiers et de faire en sorte que la r\u00e9glementation refl\u00e8te la n\u00e9cessit\u00e9 de ne pas investir dans les nouveaux projets de p\u00e9trole, gaz et charbon (6). Qu&rsquo;il s&rsquo;agisse d&rsquo;obligations vertes ou de taxonomie des activit\u00e9s polluantes, cela n\u00e9cessite une r\u00e9glementation ambitieuse, sur le climat comme ailleurs, et non pas une l\u00e9g\u00e8re tape sur l\u2019\u00e9paule. Esp\u00e9rons que les r\u00e9gulateurs europ\u00e9ens seront \u00e0 la hauteur du d\u00e9fi.<\/strong><\/span><\/p>\n<\/div><\/div><\/div><\/div><\/div><div class=\"fusion-fullwidth fullwidth-box fusion-builder-row-3 fusion-flex-container nonhundred-percent-fullwidth non-hundred-percent-height-scrolling\" style=\"--awb-border-radius-top-left:0px;--awb-border-radius-top-right:0px;--awb-border-radius-bottom-right:0px;--awb-border-radius-bottom-left:0px;--awb-flex-wrap:wrap;\" ><div class=\"fusion-builder-row fusion-row fusion-flex-align-items-flex-start fusion-flex-content-wrap\" style=\"max-width:1216.8px;margin-left: calc(-4% \/ 2 );margin-right: calc(-4% \/ 2 );\"><div class=\"fusion-layout-column fusion_builder_column fusion-builder-column-3 fusion_builder_column_1_1 1_1 fusion-flex-column\" style=\"--awb-padding-top:10px;--awb-padding-right:10px;--awb-padding-bottom:0px;--awb-padding-left:10px;--awb-overflow:hidden;--awb-bg-size:cover;--awb-border-color:#ffffff;--awb-border-top:1px;--awb-border-right:1px;--awb-border-bottom:1px;--awb-border-left:1px;--awb-border-style:solid;--awb-border-radius:10px 10px 10px 10px;--awb-width-large:100%;--awb-margin-top-large:0px;--awb-spacing-right-large:1.92%;--awb-margin-bottom-large:20px;--awb-spacing-left-large:1.92%;--awb-width-medium:100%;--awb-order-medium:0;--awb-spacing-right-medium:1.92%;--awb-spacing-left-medium:1.92%;--awb-width-small:100%;--awb-order-small:0;--awb-spacing-right-small:1.92%;--awb-spacing-left-small:1.92%;\"><div class=\"fusion-column-wrapper fusion-column-has-shadow fusion-flex-justify-content-flex-start fusion-content-layout-column\"><div class=\"fusion-text fusion-text-6\"><p><b><u>Notes :<\/u><\/b><\/p>\n<\/div><div class=\"fusion-text fusion-text-7\"><ol>\n<li style=\"font-weight: 400;\" aria-level=\"1\"><span style=\"font-weight: 400;\">Selon une \u00e9tude d&rsquo;InfluenceMap (septembre 2020), BlackRock est l&rsquo;un des membres les moins \u201cclimate-friendly\u201d des associations professionnelles qui font pression sur la politique europ\u00e9enne en mati\u00e8re de finance durable.<\/span><\/li>\n<li style=\"font-weight: 400;\" aria-level=\"1\"><span style=\"font-weight: 400;\">Citons par exemple le Forum de haut niveau sur l&rsquo;Union des march\u00e9s de capitaux mis en place par la Commission, la Plateforme sur la finance durable de la Commission, ou les multiples groupes consultatifs organis\u00e9s par l&rsquo;ESMA (Autorit\u00e9 europ\u00e9enne des march\u00e9s financiers).<\/span><\/li>\n<li style=\"font-weight: 400;\" aria-level=\"1\"><span style=\"font-weight: 400;\">L&rsquo;EFAMA, l&rsquo;AFME, l&rsquo;IIF et l&rsquo;AIMA, toutes quatre comptant BlackRock parmi leurs membres actifs, se sont oppos\u00e9es \u00e0 la cr\u00e9ation d&rsquo;une taxonomie des \u00ab\u00a0activit\u00e9s polluantes\u00a0\u00bb. BlackRock fait \u00e9galement partie de 5 autres groupes qui s&rsquo;y sont oppos\u00e9s.<\/span><\/li>\n<li style=\"font-weight: 400;\" aria-level=\"1\"><span style=\"font-weight: 400;\"> Quant au r\u00e8glement \u201cDisclosure\u201d (SFDR), l&rsquo;ICMA, l&rsquo;EFAMA et l&rsquo;ICI ont demand\u00e9 une application retard\u00e9e et des exigences affaiblies.<\/span><\/li>\n<li style=\"font-weight: 400;\" aria-level=\"1\">BlackRock d\u00e9tient 5 % des actions ou plus de toutes les grandes entreprises p\u00e9troli\u00e8res et gazi\u00e8res europ\u00e9ennes. Son propre conseil d&rsquo;administration a plusieurs liens avec le secteur (par exemple, Pamela Daley si\u00e8ge \u00e9galement au CA de BP et, jusqu&rsquo;en 2016, au CA de BG Group, une entreprise gazi\u00e8re ensuite acquise par Shell). BlackRock entretient \u00e9galement des relations commerciales \u00e9troites avec de nombreuses majors de l&rsquo;\u00e9nergie fossile et <a href=\"https:\/\/static1.squarespace.com\/static\/59a706d4f5e2319b70240ef9\/t\/60a546a143620916d2b847d3\/1621444259460\/AsYouSow2021_ProxyVotingBiasReport_FINv9_20210518.pdf\"><span style=\"text-decoration-line: underline;\">semble avoir un fort biais dans sa fa\u00e7on de vote<\/span><span style=\"text-decoration-line: underline;\">r<\/span>,<\/a> y compris sur les propositions ESG, lorsqu&rsquo;elle en a.<\/li>\n<li aria-level=\"1\"><span style=\"font-weight: 400;\">Les plans d&rsquo;expansion li\u00e9s aux \u00e9nergies fossiles des entreprises sont incompatibles avec un monde \u2018net z\u00e9ro\u2019 selon la <\/span><span style=\"text-decoration: underline;\"><a href=\"http:\/\/priceofoil.org\/2016\/09\/22\/the-skys-limit-report\/\"><span style=\"font-weight: 400;\">science climatique<\/span><\/a><\/span><span style=\"font-weight: 400;\"> et m\u00eame selon l&rsquo;<\/span><span style=\"text-decoration: underline;\"><a href=\"https:\/\/www.iea.org\/reports\/net-zero-by-2050\"><span style=\"font-weight: 400;\">Agence internationale de l&rsquo;\u00e9nergie<\/span><\/a><span style=\"font-weight: 400;\">.<\/span><\/span><\/li>\n<\/ol>\n<\/div><\/div><\/div><\/div><\/div><div class=\"fusion-fullwidth fullwidth-box fusion-builder-row-4 fusion-flex-container nonhundred-percent-fullwidth non-hundred-percent-height-scrolling\" style=\"--awb-border-radius-top-left:0px;--awb-border-radius-top-right:0px;--awb-border-radius-bottom-right:0px;--awb-border-radius-bottom-left:0px;--awb-flex-wrap:wrap;\" ><div class=\"fusion-builder-row fusion-row fusion-flex-align-items-flex-start fusion-flex-content-wrap\" style=\"max-width:1216.8px;margin-left: calc(-4% \/ 2 );margin-right: calc(-4% \/ 2 );\"><div class=\"fusion-layout-column fusion_builder_column fusion-builder-column-4 fusion_builder_column_1_1 1_1 fusion-flex-column\" style=\"--awb-padding-top:10px;--awb-padding-right:10px;--awb-padding-bottom:0px;--awb-padding-left:10px;--awb-overflow:hidden;--awb-bg-size:cover;--awb-border-color:#59bc6d;--awb-border-top:1px;--awb-border-right:1px;--awb-border-bottom:1px;--awb-border-left:1px;--awb-border-style:solid;--awb-border-radius:10px 10px 10px 10px;--awb-width-large:100%;--awb-margin-top-large:0px;--awb-spacing-right-large:1.92%;--awb-margin-bottom-large:20px;--awb-spacing-left-large:1.92%;--awb-width-medium:100%;--awb-order-medium:0;--awb-spacing-right-medium:1.92%;--awb-spacing-left-medium:1.92%;--awb-width-small:100%;--awb-order-small:0;--awb-spacing-right-small:1.92%;--awb-spacing-left-small:1.92%;\"><div class=\"fusion-column-wrapper fusion-column-has-shadow fusion-flex-justify-content-flex-start fusion-content-layout-column\"><div class=\"fusion-text fusion-text-8\"><p><span style=\"text-decoration: underline;\"><b><span style=\"color: #59bc6d; text-decoration: underline;\">En savoir plus<\/span><\/b><\/span><\/p>\n<\/div><div class=\"fusion-text fusion-text-9\"><ul>\n<li style=\"font-weight: 400;\" aria-level=\"1\"><span style=\"font-weight: 400;\">Lisez le <a href=\"https:\/\/reclaimfinance.org\/site\/wp-content\/uploads\/2021\/06\/Exposing-BlackRock-grip-on-EU-climate-finance-plans.pdf\" target=\"_blank\" rel=\"noopener noreferrer\"><u>rapport entier ici<\/u><\/a>.<\/span><\/li>\n<li style=\"font-weight: 400;\" aria-level=\"1\"><span style=\"font-weight: 400;\">Lisez notre <u><a href=\"https:\/\/reclaimfinance.org\/site\/2021\/06\/30\/rapport-blackrock-accuse-de-sattaquerr-aux-plans-ue-finance-verte\/\" target=\"_blank\" rel=\"noopener noreferrer\">communiqu\u00e9 de presse<\/a><\/u> sur le rapport.<br \/>\n<\/span><\/li>\n<li style=\"font-weight: 400;\" aria-level=\"1\"><span style=\"font-weight: 400;\">Lisez le <\/span><span style=\"font-weight: 400;\"><span style=\"text-decoration: underline;\"><a href=\"https:\/\/reclaimfinance.org\/site\/2021\/04\/21\/le-choix-de-la-passivite-les-gestionnaires-dactifs-echouent-a-sortir-du-charbon\/\" target=\"_blank\" rel=\"noopener noreferrer\">rapport<\/a><\/span><a href=\"https:\/\/reclaimfinance.org\/site\/2021\/04\/21\/le-choix-de-la-passivite-les-gestionnaires-dactifs-echouent-a-sortir-du-charbon\/\"> de Reclaim Finance<\/a><\/span><span style=\"font-weight: 400;\"> comparant 29 grands gestionnaires d&rsquo;actifs, dont BlackRock (avril 2021).<\/span><\/li>\n<li style=\"font-weight: 400;\" aria-level=\"1\">Lisez l&rsquo;<span style=\"text-decoration-line: underline;\"><a href=\"https:\/\/www.changefinance.org\/2021\/02\/10\/eu-commission-and-blackrock-off-to-a-bad-start-on-banking-and-climate-change\/\" target=\"_blank\" rel=\"noopener noreferrer\">analyse de Change Financ<\/a><a href=\"https:\/\/www.changefinance.org\/2021\/02\/10\/eu-commission-and-blackrock-off-to-a-bad-start-on-banking-and-climate-change\/\" target=\"_blank\" rel=\"noopener noreferrer\">e<\/a><\/span> sur le projet de rapport de BlackRock pour la Commission europ\u00e9enne, sur l\u2019int\u00e9gration de crit\u00e8res ESG dans le cadre de la supervision bancaire.<\/li>\n<li style=\"font-weight: 400;\" aria-level=\"1\">Lire le rapport de Change Finance \u00ab\u00a0<span style=\"text-decoration: underline;\"><a href=\"https:\/\/www.changefinance.org\/wp-content\/uploads\/2020\/11\/The-BlackRock-Model-FINAL.pdf\" target=\"_blank\" rel=\"noopener noreferrer\">The BlackRock Model<\/a><\/span>\u00a0\u00bb (d\u00e9cembre 2020).<\/li>\n<\/ul>\n<\/div><\/div><\/div><\/div><\/div><\/p>\n","protected":false},"excerpt":{"rendered":"","protected":false},"author":28,"featured_media":13406,"comment_status":"open","ping_status":"open","sticky":false,"template":"","format":"standard","meta":{"footnotes":""},"categories":[45],"tags":[48,1216],"acteurs_financiers":[2432],"thematique":[2415],"webinar_type":[],"programme":[],"class_list":["post-13431","post","type-post","status-publish","format-standard","has-post-thumbnail","hentry","category-blog","tag-blackrock","tag-commission-europeenne","acteurs_financiers-gestionnaire-dactifs","thematique-energies-fossiles"],"yoast_head":"<!-- This site is optimized with the Yoast SEO plugin v23.1 - https:\/\/yoast.com\/wordpress\/plugins\/seo\/ -->\n<title>Le lobbying de BlackRock \u00e0 l\u2019assaut de la strat\u00e9gie finance durable de l&#039;UE - Reclaim Finance<\/title>\n<meta name=\"description\" content=\"Comment Blackrock parvient \u00e0 influencer la strat\u00e9gie finance durable de l&#039;UE ? Nouveau rapport qui expose le gestionnaire d&#039;actifs.\" \/>\n<meta name=\"robots\" content=\"index, follow, max-snippet:-1, max-image-preview:large, max-video-preview:-1\" \/>\n<link rel=\"canonical\" href=\"https:\/\/reclaimfinance.org\/site\/2021\/06\/30\/le-lobbying-de-blackrock-a-lassaut-de-la-strategie-finance-durable-de-lue\/\" \/>\n<meta property=\"og:locale\" content=\"fr_FR\" \/>\n<meta property=\"og:type\" content=\"article\" \/>\n<meta property=\"og:title\" content=\"Le lobbying de BlackRock \u00e0 l\u2019assaut de la strat\u00e9gie finance durable de l&#039;UE - Reclaim Finance\" \/>\n<meta property=\"og:description\" content=\"Comment Blackrock parvient \u00e0 influencer la strat\u00e9gie finance durable de l&#039;UE ? Nouveau rapport qui expose le gestionnaire d&#039;actifs.\" \/>\n<meta property=\"og:url\" content=\"https:\/\/reclaimfinance.org\/site\/2021\/06\/30\/le-lobbying-de-blackrock-a-lassaut-de-la-strategie-finance-durable-de-lue\/\" \/>\n<meta property=\"og:site_name\" content=\"Reclaim Finance\" \/>\n<meta property=\"article:publisher\" content=\"https:\/\/www.facebook.com\/ReclaimFinanceONG\" \/>\n<meta property=\"article:published_time\" content=\"2021-06-30T09:41:23+00:00\" \/>\n<meta property=\"article:modified_time\" content=\"2023-03-28T16:41:20+00:00\" \/>\n<meta property=\"og:image\" content=\"https:\/\/reclaimfinance.org\/site\/wp-content\/uploads\/2021\/06\/blackrock-lobbying-eu-blockpost-1.jpg\" \/>\n\t<meta property=\"og:image:width\" content=\"900\" \/>\n\t<meta property=\"og:image:height\" content=\"400\" \/>\n\t<meta property=\"og:image:type\" content=\"image\/jpeg\" \/>\n<meta name=\"author\" content=\"admin\" \/>\n<meta name=\"twitter:card\" content=\"summary_large_image\" \/>\n<meta name=\"twitter:creator\" content=\"@ReclaimFinance\" \/>\n<meta name=\"twitter:site\" content=\"@ReclaimFinance\" \/>\n<meta name=\"twitter:label1\" content=\"\u00c9crit par\" \/>\n\t<meta name=\"twitter:data1\" content=\"admin\" \/>\n\t<meta name=\"twitter:label2\" content=\"Dur\u00e9e de lecture estim\u00e9e\" \/>\n\t<meta name=\"twitter:data2\" content=\"9 minutes\" \/>\n<script type=\"application\/ld+json\" class=\"yoast-schema-graph\">{\"@context\":\"https:\/\/schema.org\",\"@graph\":[{\"@type\":\"Article\",\"@id\":\"https:\/\/reclaimfinance.org\/site\/2021\/06\/30\/le-lobbying-de-blackrock-a-lassaut-de-la-strategie-finance-durable-de-lue\/#article\",\"isPartOf\":{\"@id\":\"https:\/\/reclaimfinance.org\/site\/2021\/06\/30\/le-lobbying-de-blackrock-a-lassaut-de-la-strategie-finance-durable-de-lue\/\"},\"author\":{\"name\":\"admin\",\"@id\":\"https:\/\/reclaimfinance.org\/site\/#\/schema\/person\/dbd09d024c848def6a64be0b4ace9786\"},\"headline\":\"Le lobbying de BlackRock \u00e0 l\u2019assaut de la strat\u00e9gie finance durable de l&rsquo;UE\",\"datePublished\":\"2021-06-30T09:41:23+00:00\",\"dateModified\":\"2023-03-28T16:41:20+00:00\",\"mainEntityOfPage\":{\"@id\":\"https:\/\/reclaimfinance.org\/site\/2021\/06\/30\/le-lobbying-de-blackrock-a-lassaut-de-la-strategie-finance-durable-de-lue\/\"},\"wordCount\":3825,\"commentCount\":3,\"publisher\":{\"@id\":\"https:\/\/reclaimfinance.org\/site\/#organization\"},\"image\":{\"@id\":\"https:\/\/reclaimfinance.org\/site\/2021\/06\/30\/le-lobbying-de-blackrock-a-lassaut-de-la-strategie-finance-durable-de-lue\/#primaryimage\"},\"thumbnailUrl\":\"https:\/\/reclaimfinance.org\/site\/wp-content\/uploads\/2021\/06\/blackrock-lobbying-eu-blockpost-1.jpg\",\"keywords\":[\"Blackrock\",\"Commission Europ\u00e9enne\"],\"articleSection\":[\"Articles\"],\"inLanguage\":\"fr-FR\",\"potentialAction\":[{\"@type\":\"CommentAction\",\"name\":\"Comment\",\"target\":[\"https:\/\/reclaimfinance.org\/site\/2021\/06\/30\/le-lobbying-de-blackrock-a-lassaut-de-la-strategie-finance-durable-de-lue\/#respond\"]}]},{\"@type\":\"WebPage\",\"@id\":\"https:\/\/reclaimfinance.org\/site\/2021\/06\/30\/le-lobbying-de-blackrock-a-lassaut-de-la-strategie-finance-durable-de-lue\/\",\"url\":\"https:\/\/reclaimfinance.org\/site\/2021\/06\/30\/le-lobbying-de-blackrock-a-lassaut-de-la-strategie-finance-durable-de-lue\/\",\"name\":\"Le lobbying de BlackRock \u00e0 l\u2019assaut de la strat\u00e9gie finance durable de l'UE - Reclaim Finance\",\"isPartOf\":{\"@id\":\"https:\/\/reclaimfinance.org\/site\/#website\"},\"primaryImageOfPage\":{\"@id\":\"https:\/\/reclaimfinance.org\/site\/2021\/06\/30\/le-lobbying-de-blackrock-a-lassaut-de-la-strategie-finance-durable-de-lue\/#primaryimage\"},\"image\":{\"@id\":\"https:\/\/reclaimfinance.org\/site\/2021\/06\/30\/le-lobbying-de-blackrock-a-lassaut-de-la-strategie-finance-durable-de-lue\/#primaryimage\"},\"thumbnailUrl\":\"https:\/\/reclaimfinance.org\/site\/wp-content\/uploads\/2021\/06\/blackrock-lobbying-eu-blockpost-1.jpg\",\"datePublished\":\"2021-06-30T09:41:23+00:00\",\"dateModified\":\"2023-03-28T16:41:20+00:00\",\"description\":\"Comment Blackrock parvient \u00e0 influencer la strat\u00e9gie finance durable de l'UE ? Nouveau rapport qui expose le gestionnaire d'actifs.\",\"breadcrumb\":{\"@id\":\"https:\/\/reclaimfinance.org\/site\/2021\/06\/30\/le-lobbying-de-blackrock-a-lassaut-de-la-strategie-finance-durable-de-lue\/#breadcrumb\"},\"inLanguage\":\"fr-FR\",\"potentialAction\":[{\"@type\":\"ReadAction\",\"target\":[\"https:\/\/reclaimfinance.org\/site\/2021\/06\/30\/le-lobbying-de-blackrock-a-lassaut-de-la-strategie-finance-durable-de-lue\/\"]}]},{\"@type\":\"ImageObject\",\"inLanguage\":\"fr-FR\",\"@id\":\"https:\/\/reclaimfinance.org\/site\/2021\/06\/30\/le-lobbying-de-blackrock-a-lassaut-de-la-strategie-finance-durable-de-lue\/#primaryimage\",\"url\":\"https:\/\/reclaimfinance.org\/site\/wp-content\/uploads\/2021\/06\/blackrock-lobbying-eu-blockpost-1.jpg\",\"contentUrl\":\"https:\/\/reclaimfinance.org\/site\/wp-content\/uploads\/2021\/06\/blackrock-lobbying-eu-blockpost-1.jpg\",\"width\":900,\"height\":400},{\"@type\":\"BreadcrumbList\",\"@id\":\"https:\/\/reclaimfinance.org\/site\/2021\/06\/30\/le-lobbying-de-blackrock-a-lassaut-de-la-strategie-finance-durable-de-lue\/#breadcrumb\",\"itemListElement\":[{\"@type\":\"ListItem\",\"position\":1,\"name\":\"Accueil\",\"item\":\"https:\/\/reclaimfinance.org\/site\/\"},{\"@type\":\"ListItem\",\"position\":2,\"name\":\"Le lobbying de BlackRock \u00e0 l\u2019assaut de la strat\u00e9gie finance durable de l&rsquo;UE\"}]},{\"@type\":\"WebSite\",\"@id\":\"https:\/\/reclaimfinance.org\/site\/#website\",\"url\":\"https:\/\/reclaimfinance.org\/site\/\",\"name\":\"Reclaim Finance\",\"description\":\"Reprendre le contr\u00f4le de la finance pour le climat et la biodiversit\u00e9\",\"publisher\":{\"@id\":\"https:\/\/reclaimfinance.org\/site\/#organization\"},\"potentialAction\":[{\"@type\":\"SearchAction\",\"target\":{\"@type\":\"EntryPoint\",\"urlTemplate\":\"https:\/\/reclaimfinance.org\/site\/?s={search_term_string}\"},\"query-input\":\"required name=search_term_string\"}],\"inLanguage\":\"fr-FR\"},{\"@type\":\"Organization\",\"@id\":\"https:\/\/reclaimfinance.org\/site\/#organization\",\"name\":\"Reclaim Finance\",\"url\":\"https:\/\/reclaimfinance.org\/site\/\",\"logo\":{\"@type\":\"ImageObject\",\"inLanguage\":\"fr-FR\",\"@id\":\"https:\/\/reclaimfinance.org\/site\/#\/schema\/logo\/image\/\",\"url\":\"https:\/\/reclaimfinance.org\/site\/wp-content\/uploads\/2020\/03\/logo_RC_space.png\",\"contentUrl\":\"https:\/\/reclaimfinance.org\/site\/wp-content\/uploads\/2020\/03\/logo_RC_space.png\",\"width\":800,\"height\":800,\"caption\":\"Reclaim Finance\"},\"image\":{\"@id\":\"https:\/\/reclaimfinance.org\/site\/#\/schema\/logo\/image\/\"},\"sameAs\":[\"https:\/\/www.facebook.com\/ReclaimFinanceONG\",\"https:\/\/x.com\/ReclaimFinance\",\"https:\/\/www.instagram.com\/reclaimfinance\/\",\"https:\/\/www.linkedin.com\/company\/reclaim-finance-ong-think-tank\"]},{\"@type\":\"Person\",\"@id\":\"https:\/\/reclaimfinance.org\/site\/#\/schema\/person\/dbd09d024c848def6a64be0b4ace9786\",\"name\":\"admin\",\"image\":{\"@type\":\"ImageObject\",\"inLanguage\":\"fr-FR\",\"@id\":\"https:\/\/reclaimfinance.org\/site\/#\/schema\/person\/image\/\",\"url\":\"https:\/\/secure.gravatar.com\/avatar\/84f25c90b0db91b615a598cb16c83cdf?s=96&d=mm&r=g\",\"contentUrl\":\"https:\/\/secure.gravatar.com\/avatar\/84f25c90b0db91b615a598cb16c83cdf?s=96&d=mm&r=g\",\"caption\":\"admin\"},\"url\":\"https:\/\/reclaimfinance.org\/site\/author\/admin-2\/\"}]}<\/script>\n<!-- \/ Yoast SEO plugin. -->","yoast_head_json":{"title":"Le lobbying de BlackRock \u00e0 l\u2019assaut de la strat\u00e9gie finance durable de l'UE - Reclaim Finance","description":"Comment Blackrock parvient \u00e0 influencer la strat\u00e9gie finance durable de l'UE ? Nouveau rapport qui expose le gestionnaire d'actifs.","robots":{"index":"index","follow":"follow","max-snippet":"max-snippet:-1","max-image-preview":"max-image-preview:large","max-video-preview":"max-video-preview:-1"},"canonical":"https:\/\/reclaimfinance.org\/site\/2021\/06\/30\/le-lobbying-de-blackrock-a-lassaut-de-la-strategie-finance-durable-de-lue\/","og_locale":"fr_FR","og_type":"article","og_title":"Le lobbying de BlackRock \u00e0 l\u2019assaut de la strat\u00e9gie finance durable de l'UE - Reclaim Finance","og_description":"Comment Blackrock parvient \u00e0 influencer la strat\u00e9gie finance durable de l'UE ? Nouveau rapport qui expose le gestionnaire d'actifs.","og_url":"https:\/\/reclaimfinance.org\/site\/2021\/06\/30\/le-lobbying-de-blackrock-a-lassaut-de-la-strategie-finance-durable-de-lue\/","og_site_name":"Reclaim Finance","article_publisher":"https:\/\/www.facebook.com\/ReclaimFinanceONG","article_published_time":"2021-06-30T09:41:23+00:00","article_modified_time":"2023-03-28T16:41:20+00:00","og_image":[{"width":900,"height":400,"url":"https:\/\/reclaimfinance.org\/site\/wp-content\/uploads\/2021\/06\/blackrock-lobbying-eu-blockpost-1.jpg","type":"image\/jpeg"}],"author":"admin","twitter_card":"summary_large_image","twitter_creator":"@ReclaimFinance","twitter_site":"@ReclaimFinance","twitter_misc":{"\u00c9crit par":"admin","Dur\u00e9e de lecture estim\u00e9e":"9 minutes"},"schema":{"@context":"https:\/\/schema.org","@graph":[{"@type":"Article","@id":"https:\/\/reclaimfinance.org\/site\/2021\/06\/30\/le-lobbying-de-blackrock-a-lassaut-de-la-strategie-finance-durable-de-lue\/#article","isPartOf":{"@id":"https:\/\/reclaimfinance.org\/site\/2021\/06\/30\/le-lobbying-de-blackrock-a-lassaut-de-la-strategie-finance-durable-de-lue\/"},"author":{"name":"admin","@id":"https:\/\/reclaimfinance.org\/site\/#\/schema\/person\/dbd09d024c848def6a64be0b4ace9786"},"headline":"Le lobbying de BlackRock \u00e0 l\u2019assaut de la strat\u00e9gie finance durable de l&rsquo;UE","datePublished":"2021-06-30T09:41:23+00:00","dateModified":"2023-03-28T16:41:20+00:00","mainEntityOfPage":{"@id":"https:\/\/reclaimfinance.org\/site\/2021\/06\/30\/le-lobbying-de-blackrock-a-lassaut-de-la-strategie-finance-durable-de-lue\/"},"wordCount":3825,"commentCount":3,"publisher":{"@id":"https:\/\/reclaimfinance.org\/site\/#organization"},"image":{"@id":"https:\/\/reclaimfinance.org\/site\/2021\/06\/30\/le-lobbying-de-blackrock-a-lassaut-de-la-strategie-finance-durable-de-lue\/#primaryimage"},"thumbnailUrl":"https:\/\/reclaimfinance.org\/site\/wp-content\/uploads\/2021\/06\/blackrock-lobbying-eu-blockpost-1.jpg","keywords":["Blackrock","Commission Europ\u00e9enne"],"articleSection":["Articles"],"inLanguage":"fr-FR","potentialAction":[{"@type":"CommentAction","name":"Comment","target":["https:\/\/reclaimfinance.org\/site\/2021\/06\/30\/le-lobbying-de-blackrock-a-lassaut-de-la-strategie-finance-durable-de-lue\/#respond"]}]},{"@type":"WebPage","@id":"https:\/\/reclaimfinance.org\/site\/2021\/06\/30\/le-lobbying-de-blackrock-a-lassaut-de-la-strategie-finance-durable-de-lue\/","url":"https:\/\/reclaimfinance.org\/site\/2021\/06\/30\/le-lobbying-de-blackrock-a-lassaut-de-la-strategie-finance-durable-de-lue\/","name":"Le lobbying de BlackRock \u00e0 l\u2019assaut de la strat\u00e9gie finance durable de l'UE - Reclaim Finance","isPartOf":{"@id":"https:\/\/reclaimfinance.org\/site\/#website"},"primaryImageOfPage":{"@id":"https:\/\/reclaimfinance.org\/site\/2021\/06\/30\/le-lobbying-de-blackrock-a-lassaut-de-la-strategie-finance-durable-de-lue\/#primaryimage"},"image":{"@id":"https:\/\/reclaimfinance.org\/site\/2021\/06\/30\/le-lobbying-de-blackrock-a-lassaut-de-la-strategie-finance-durable-de-lue\/#primaryimage"},"thumbnailUrl":"https:\/\/reclaimfinance.org\/site\/wp-content\/uploads\/2021\/06\/blackrock-lobbying-eu-blockpost-1.jpg","datePublished":"2021-06-30T09:41:23+00:00","dateModified":"2023-03-28T16:41:20+00:00","description":"Comment Blackrock parvient \u00e0 influencer la strat\u00e9gie finance durable de l'UE ? Nouveau rapport qui expose le gestionnaire d'actifs.","breadcrumb":{"@id":"https:\/\/reclaimfinance.org\/site\/2021\/06\/30\/le-lobbying-de-blackrock-a-lassaut-de-la-strategie-finance-durable-de-lue\/#breadcrumb"},"inLanguage":"fr-FR","potentialAction":[{"@type":"ReadAction","target":["https:\/\/reclaimfinance.org\/site\/2021\/06\/30\/le-lobbying-de-blackrock-a-lassaut-de-la-strategie-finance-durable-de-lue\/"]}]},{"@type":"ImageObject","inLanguage":"fr-FR","@id":"https:\/\/reclaimfinance.org\/site\/2021\/06\/30\/le-lobbying-de-blackrock-a-lassaut-de-la-strategie-finance-durable-de-lue\/#primaryimage","url":"https:\/\/reclaimfinance.org\/site\/wp-content\/uploads\/2021\/06\/blackrock-lobbying-eu-blockpost-1.jpg","contentUrl":"https:\/\/reclaimfinance.org\/site\/wp-content\/uploads\/2021\/06\/blackrock-lobbying-eu-blockpost-1.jpg","width":900,"height":400},{"@type":"BreadcrumbList","@id":"https:\/\/reclaimfinance.org\/site\/2021\/06\/30\/le-lobbying-de-blackrock-a-lassaut-de-la-strategie-finance-durable-de-lue\/#breadcrumb","itemListElement":[{"@type":"ListItem","position":1,"name":"Accueil","item":"https:\/\/reclaimfinance.org\/site\/"},{"@type":"ListItem","position":2,"name":"Le lobbying de BlackRock \u00e0 l\u2019assaut de la strat\u00e9gie finance durable de l&rsquo;UE"}]},{"@type":"WebSite","@id":"https:\/\/reclaimfinance.org\/site\/#website","url":"https:\/\/reclaimfinance.org\/site\/","name":"Reclaim Finance","description":"Reprendre le contr\u00f4le de la finance pour le climat et la biodiversit\u00e9","publisher":{"@id":"https:\/\/reclaimfinance.org\/site\/#organization"},"potentialAction":[{"@type":"SearchAction","target":{"@type":"EntryPoint","urlTemplate":"https:\/\/reclaimfinance.org\/site\/?s={search_term_string}"},"query-input":"required name=search_term_string"}],"inLanguage":"fr-FR"},{"@type":"Organization","@id":"https:\/\/reclaimfinance.org\/site\/#organization","name":"Reclaim Finance","url":"https:\/\/reclaimfinance.org\/site\/","logo":{"@type":"ImageObject","inLanguage":"fr-FR","@id":"https:\/\/reclaimfinance.org\/site\/#\/schema\/logo\/image\/","url":"https:\/\/reclaimfinance.org\/site\/wp-content\/uploads\/2020\/03\/logo_RC_space.png","contentUrl":"https:\/\/reclaimfinance.org\/site\/wp-content\/uploads\/2020\/03\/logo_RC_space.png","width":800,"height":800,"caption":"Reclaim Finance"},"image":{"@id":"https:\/\/reclaimfinance.org\/site\/#\/schema\/logo\/image\/"},"sameAs":["https:\/\/www.facebook.com\/ReclaimFinanceONG","https:\/\/x.com\/ReclaimFinance","https:\/\/www.instagram.com\/reclaimfinance\/","https:\/\/www.linkedin.com\/company\/reclaim-finance-ong-think-tank"]},{"@type":"Person","@id":"https:\/\/reclaimfinance.org\/site\/#\/schema\/person\/dbd09d024c848def6a64be0b4ace9786","name":"admin","image":{"@type":"ImageObject","inLanguage":"fr-FR","@id":"https:\/\/reclaimfinance.org\/site\/#\/schema\/person\/image\/","url":"https:\/\/secure.gravatar.com\/avatar\/84f25c90b0db91b615a598cb16c83cdf?s=96&d=mm&r=g","contentUrl":"https:\/\/secure.gravatar.com\/avatar\/84f25c90b0db91b615a598cb16c83cdf?s=96&d=mm&r=g","caption":"admin"},"url":"https:\/\/reclaimfinance.org\/site\/author\/admin-2\/"}]}},"_links":{"self":[{"href":"https:\/\/reclaimfinance.org\/site\/wp-json\/wp\/v2\/posts\/13431"}],"collection":[{"href":"https:\/\/reclaimfinance.org\/site\/wp-json\/wp\/v2\/posts"}],"about":[{"href":"https:\/\/reclaimfinance.org\/site\/wp-json\/wp\/v2\/types\/post"}],"author":[{"embeddable":true,"href":"https:\/\/reclaimfinance.org\/site\/wp-json\/wp\/v2\/users\/28"}],"replies":[{"embeddable":true,"href":"https:\/\/reclaimfinance.org\/site\/wp-json\/wp\/v2\/comments?post=13431"}],"version-history":[{"count":0,"href":"https:\/\/reclaimfinance.org\/site\/wp-json\/wp\/v2\/posts\/13431\/revisions"}],"wp:featuredmedia":[{"embeddable":true,"href":"https:\/\/reclaimfinance.org\/site\/wp-json\/wp\/v2\/media\/13406"}],"wp:attachment":[{"href":"https:\/\/reclaimfinance.org\/site\/wp-json\/wp\/v2\/media?parent=13431"}],"wp:term":[{"taxonomy":"category","embeddable":true,"href":"https:\/\/reclaimfinance.org\/site\/wp-json\/wp\/v2\/categories?post=13431"},{"taxonomy":"post_tag","embeddable":true,"href":"https:\/\/reclaimfinance.org\/site\/wp-json\/wp\/v2\/tags?post=13431"},{"taxonomy":"acteurs_financiers","embeddable":true,"href":"https:\/\/reclaimfinance.org\/site\/wp-json\/wp\/v2\/acteurs_financiers?post=13431"},{"taxonomy":"thematique","embeddable":true,"href":"https:\/\/reclaimfinance.org\/site\/wp-json\/wp\/v2\/thematique?post=13431"},{"taxonomy":"webinar_type","embeddable":true,"href":"https:\/\/reclaimfinance.org\/site\/wp-json\/wp\/v2\/webinar_type?post=13431"},{"taxonomy":"programme","embeddable":true,"href":"https:\/\/reclaimfinance.org\/site\/wp-json\/wp\/v2\/programme?post=13431"}],"curies":[{"name":"wp","href":"https:\/\/api.w.org\/{rel}","templated":true}]}}