{"id":21579,"date":"2022-05-17T10:08:01","date_gmt":"2022-05-17T08:08:01","guid":{"rendered":"https:\/\/reclaimfinance.org\/site\/?p=21579"},"modified":"2023-02-08T13:44:10","modified_gmt":"2023-02-08T12:44:10","slug":"assemblee-generale-damundi-amundi-va-t-il-enfin-devenir-un-geant-vert","status":"publish","type":"post","link":"https:\/\/reclaimfinance.org\/site\/2022\/05\/17\/assemblee-generale-damundi-amundi-va-t-il-enfin-devenir-un-geant-vert\/","title":{"rendered":"Assembl\u00e9e g\u00e9n\u00e9rale d&rsquo;Amundi : Amundi va-t-il enfin devenir un g\u00e9ant vert ?"},"content":{"rendered":"<p><div class=\"fusion-fullwidth fullwidth-box fusion-builder-row-1 fusion-flex-container nonhundred-percent-fullwidth non-hundred-percent-height-scrolling\" style=\"--awb-border-radius-top-left:0px;--awb-border-radius-top-right:0px;--awb-border-radius-bottom-right:0px;--awb-border-radius-bottom-left:0px;--awb-flex-wrap:wrap;\" ><div class=\"fusion-builder-row fusion-row fusion-flex-align-items-flex-start fusion-flex-content-wrap\" style=\"max-width:1216.8px;margin-left: calc(-4% \/ 2 );margin-right: calc(-4% \/ 2 );\"><div class=\"fusion-layout-column fusion_builder_column fusion-builder-column-0 fusion_builder_column_1_1 1_1 fusion-flex-column\" style=\"--awb-bg-size:cover;--awb-width-large:100%;--awb-margin-top-large:0px;--awb-spacing-right-large:1.92%;--awb-margin-bottom-large:20px;--awb-spacing-left-large:1.92%;--awb-width-medium:100%;--awb-order-medium:0;--awb-spacing-right-medium:1.92%;--awb-spacing-left-medium:1.92%;--awb-width-small:100%;--awb-order-small:0;--awb-spacing-right-small:1.92%;--awb-spacing-left-small:1.92%;\"><div class=\"fusion-column-wrapper fusion-column-has-shadow fusion-flex-justify-content-flex-start fusion-content-layout-column\"><div class=\"fusion-text fusion-text-1\"><\/div><div class=\"fusion-text fusion-text-2\"><p><strong>D\u00e9cryptage pr\u00e9-AG &amp; R\u00e9action post-AG <em>\u2193<\/em><\/strong><\/p>\n<p style=\"text-align: justify;\"><span style=\"color: #8ac56b;\"><b>D\u00e9but 2022, Amundi, filiale du Cr\u00e9dit Agricole, figurait parmi les grands investisseurs aupr\u00e8s desquels TotalEnergies levait pr\u00e8s de 2 milliards d&rsquo;euros. M\u00e9connu du grand public, l&rsquo;investisseur fran\u00e7ais est pourtant num\u00e9ro un de la gestion d&rsquo;actifs en Europe. Il peut ainsi jouer un r\u00f4le crucial dans l&rsquo;acc\u00e9l\u00e9ration &#8211; ou le ralentissement &#8211; de la transition climatique \u00e0 travers ses d\u00e9cisions d&rsquo;investissement et ses demandes aux entreprises de son portefeuille. <\/b><\/span><\/p>\n<p style=\"text-align: justify;\"><span style=\"color: #8ac56b;\"><b>Jusqu&rsquo;\u00e0 pr\u00e9sent, Amundi ne se prive pas de communiquer sur son \u00ab\u00a0leadership\u00a0\u00bb climatique, laissant croire aux 4 millions de Fran\u00e7ais qui lui ont confi\u00e9 une partie de leur \u00e9pargne que leur argent \u00ab\u00a0joue un r\u00f4le face \u00e0 l&rsquo;urgence climatique\u00a0\u00bb. Communication sinc\u00e8re ou trompeuse ? La p\u00e9riode des assembl\u00e9es g\u00e9n\u00e9rales (AG) est l&rsquo;occasion de se pencher sur la question. <\/b><\/span><\/p>\n<p style=\"text-align: justify;\"><u><a href=\"https:\/\/www.google.com\/url?sa=t&amp;rct=j&amp;q=&amp;esrc=s&amp;source=web&amp;cd=&amp;cad=rja&amp;uact=8&amp;ved=2ahUKEwjqhtufov_3AhWHwYUKHQ7QD3EQFnoECAkQAQ&amp;url=https%3A%2F%2Fwww.lemonde.fr%2Fidees%2Farticle%2F2022%2F05%2F17%2Fgreenwashing-amundi-va-t-il-enfin-devenir-un-geant-vert_6126447_3232.html&amp;usg=AOvVaw1onY8nhP8zj-2LfwXwTFFZ\" target=\"_blank\" rel=\"noopener\"><span style=\"color: var(--body_typography-color); font-family: var(--body_typography-font-family); font-size: var(--body_typography-font-size); font-style: var(--body_typography-font-style,normal); font-weight: var(--body_typography-font-weight); letter-spacing: var(--body_typography-letter-spacing);\"><u>Lire la tribune de Lucie Pinson, fondatrice et directrice de Reclaim Finance dans Le Monde<\/u>.<\/span><\/a><\/u><\/p>\n<\/div><\/div><\/div><\/div><\/div><div class=\"fusion-fullwidth fullwidth-box fusion-builder-row-2 fusion-flex-container nonhundred-percent-fullwidth non-hundred-percent-height-scrolling\" style=\"--awb-border-radius-top-left:0px;--awb-border-radius-top-right:0px;--awb-border-radius-bottom-right:0px;--awb-border-radius-bottom-left:0px;--awb-flex-wrap:wrap;\" ><div class=\"fusion-builder-row fusion-row fusion-flex-align-items-flex-start fusion-flex-content-wrap\" style=\"max-width:1216.8px;margin-left: calc(-4% \/ 2 );margin-right: calc(-4% \/ 2 );\"><div class=\"fusion-layout-column fusion_builder_column fusion-builder-column-1 fusion_builder_column_1_1 1_1 fusion-flex-column\" style=\"--awb-padding-top:10px;--awb-padding-right:10px;--awb-padding-bottom:0px;--awb-padding-left:10px;--awb-overflow:hidden;--awb-bg-size:cover;--awb-border-radius:10px 10px 10px 10px;--awb-width-large:100%;--awb-margin-top-large:0px;--awb-spacing-right-large:1.92%;--awb-margin-bottom-large:20px;--awb-spacing-left-large:1.92%;--awb-width-medium:100%;--awb-order-medium:0;--awb-spacing-right-medium:1.92%;--awb-spacing-left-medium:1.92%;--awb-width-small:100%;--awb-order-small:0;--awb-spacing-right-small:1.92%;--awb-spacing-left-small:1.92%;\"><div class=\"fusion-column-wrapper fusion-column-has-shadow fusion-flex-justify-content-flex-start fusion-content-layout-column\"><i class=\"fb-icon-element-1 fb-icon-element fontawesome-icon fa-arrow-circle-down fas circle-yes fusion-text-flow\" style=\"--awb-iconcolor:#8ac56b;--awb-circlebordersize:1px;--awb-font-size:44px;--awb-width:88px;--awb-height:88px;--awb-line-height:86px;--awb-margin-right:25px;\"><\/i><div class=\"fusion-separator fusion-full-width-sep\" style=\"align-self: center;margin-left: auto;margin-right: auto;flex-grow:2;margin-top:3px;margin-bottom:3px;width:100%;\"><\/div><\/div><\/div><\/div><\/div><div class=\"fusion-fullwidth fullwidth-box fusion-builder-row-3 fusion-flex-container nonhundred-percent-fullwidth non-hundred-percent-height-scrolling\" style=\"--awb-border-radius-top-left:0px;--awb-border-radius-top-right:0px;--awb-border-radius-bottom-right:0px;--awb-border-radius-bottom-left:0px;--awb-flex-wrap:wrap;\" ><div class=\"fusion-builder-row fusion-row fusion-flex-align-items-flex-start fusion-flex-content-wrap\" style=\"max-width:1216.8px;margin-left: calc(-4% \/ 2 );margin-right: calc(-4% \/ 2 );\"><div class=\"fusion-layout-column fusion_builder_column fusion-builder-column-2 fusion_builder_column_1_1 1_1 fusion-flex-column\" style=\"--awb-padding-top:10px;--awb-padding-right:10px;--awb-padding-bottom:0px;--awb-padding-left:10px;--awb-overflow:hidden;--awb-bg-size:cover;--awb-border-color:#8ac56b;--awb-border-top:1px;--awb-border-right:1px;--awb-border-bottom:1px;--awb-border-left:1px;--awb-border-style:dotted;--awb-border-radius:10px 10px 10px 10px;--awb-width-large:100%;--awb-margin-top-large:0px;--awb-spacing-right-large:1.92%;--awb-margin-bottom-large:20px;--awb-spacing-left-large:1.92%;--awb-width-medium:100%;--awb-order-medium:0;--awb-spacing-right-medium:1.92%;--awb-spacing-left-medium:1.92%;--awb-width-small:100%;--awb-order-small:0;--awb-spacing-right-small:1.92%;--awb-spacing-left-small:1.92%;\"><div class=\"fusion-column-wrapper fusion-column-has-shadow fusion-flex-justify-content-flex-start fusion-content-layout-column\"><div class=\"fusion-text fusion-text-3\"><p><span style=\"color: #8ac56b;\"><b><u><span style=\"text-decoration: underline;\">R\u00e9action \u00e0 l&rsquo;AG d&rsquo;Amundi <\/span><\/u>:<\/b><\/span><\/p>\n<div class=\"fusion-text fusion-text-5\"><\/div>\n<p style=\"text-align: justify;\">Interpell\u00e9 pendant son assembl\u00e9e g\u00e9n\u00e9rale sur l\u2019incoh\u00e9rence entre son discours pro-climat et ses actions concr\u00e8tes, Amundi a \u00e9lud\u00e9 la question. Au sujet de ses investissements dans les majors p\u00e9troli\u00e8res et gazi\u00e8res, le plus gros gestionnaire d\u2019actifs europ\u00e9en a pr\u00e9tendu analyser \u201cla strat\u00e9gie globale\u201d de chaque entreprise pour ensuite d\u00e9cider d\u2019un vote \u00e9ventuel contre leurs plans climat. Le probl\u00e8me : Amundi n\u2019a aucune ligne rouge sur l\u2019expansion p\u00e9tro-gazi\u00e8re et investit donc toujours dans des entreprises qui d\u00e9veloppent encore de nouveaux projets d\u2019\u00e9nergies fossiles.<\/p>\n<p style=\"text-align: justify;\">Ainsi, le 2\u00e8me actionnaire de TotalEnergies se refuse encore \u00e0 annoncer son intention de vote sur le plan climat d\u00e9faillant de la major p\u00e9tro-gazi\u00e8re. Amundi a bott\u00e9 en touche en avan\u00e7ant qu\u2019\u201cAmundi, par d\u00e9finition, ne r\u00e9v\u00e8le pas ses positions de vote en amont des assembl\u00e9es g\u00e9n\u00e9rales\u201d. Ils avaient pourtant pr\u00e9-d\u00e9clar\u00e9 leur vote en 2021.<\/p>\n<p style=\"text-align: justify;\">C\u00f4t\u00e9 charbon, Amundi a fourni une r\u00e9ponse floue \u00e0 nos inqui\u00e9tudes sur les $1 milliards de dollars qu\u2019il d\u00e9tient encore dans les entreprises d\u00e9veloppant de nouveaux projets charbon. Pas d\u2019engagement ferme \u00e0 r\u00e9ellement sortir du secteur, pas de promesse de voter syst\u00e9matiquement contre les directions de ces entreprises. Nous repartons avec autant de questions qu\u2019\u00e0 l\u2019arriv\u00e9e.<\/p>\n<\/div><div class=\"fusion-separator fusion-full-width-sep\" style=\"align-self: center;margin-left: auto;margin-right: auto;margin-top:9px;margin-bottom:9px;width:100%;\"><\/div><\/div><\/div><\/div><\/div><\/p>\n","protected":false},"excerpt":{"rendered":"","protected":false},"author":28,"featured_media":21582,"comment_status":"open","ping_status":"open","sticky":false,"template":"","format":"standard","meta":{"footnotes":""},"categories":[45],"tags":[],"acteurs_financiers":[2432],"thematique":[2281],"webinar_type":[],"programme":[],"class_list":["post-21579","post","type-post","status-publish","format-standard","has-post-thumbnail","hentry","category-blog","acteurs_financiers-gestionnaire-dactifs","thematique-energies-renouvelables-fr"],"yoast_head":"<!-- This site is optimized with the Yoast SEO plugin v23.1 - https:\/\/yoast.com\/wordpress\/plugins\/seo\/ -->\n<title>Assembl\u00e9e g\u00e9n\u00e9rale d&#039;Amundi : Amundi va-t-il enfin devenir un g\u00e9ant vert ? - Reclaim Finance<\/title>\n<meta name=\"description\" content=\"En janvier 2022, TotalEnergies levait pr\u00e8s de 2 milliards d\u2019euros aupr\u00e8s de grands investisseurs. Parmi eux, Amundi, filiale du Cr\u00e9dit Agricole et num\u00e9ro un europ\u00e9en de la gestion d\u2019actifs.\" \/>\n<meta name=\"robots\" content=\"index, follow, max-snippet:-1, max-image-preview:large, max-video-preview:-1\" \/>\n<link rel=\"canonical\" href=\"https:\/\/reclaimfinance.org\/site\/2022\/05\/17\/assemblee-generale-damundi-amundi-va-t-il-enfin-devenir-un-geant-vert\/\" \/>\n<meta property=\"og:locale\" content=\"fr_FR\" \/>\n<meta property=\"og:type\" content=\"article\" \/>\n<meta property=\"og:title\" content=\"Assembl\u00e9e g\u00e9n\u00e9rale d&#039;Amundi : Amundi va-t-il enfin devenir un g\u00e9ant vert ? - Reclaim Finance\" \/>\n<meta property=\"og:description\" content=\"En janvier 2022, TotalEnergies levait pr\u00e8s de 2 milliards d\u2019euros aupr\u00e8s de grands investisseurs. Parmi eux, Amundi, filiale du Cr\u00e9dit Agricole et num\u00e9ro un europ\u00e9en de la gestion d\u2019actifs.\" \/>\n<meta property=\"og:url\" content=\"https:\/\/reclaimfinance.org\/site\/2022\/05\/17\/assemblee-generale-damundi-amundi-va-t-il-enfin-devenir-un-geant-vert\/\" \/>\n<meta property=\"og:site_name\" content=\"Reclaim Finance\" \/>\n<meta property=\"article:publisher\" content=\"https:\/\/www.facebook.com\/ReclaimFinanceONG\" \/>\n<meta property=\"article:published_time\" content=\"2022-05-17T08:08:01+00:00\" \/>\n<meta property=\"article:modified_time\" content=\"2023-02-08T12:44:10+00:00\" \/>\n<meta property=\"og:image\" content=\"https:\/\/reclaimfinance.org\/site\/wp-content\/uploads\/2022\/05\/1.-BANNER-SITEWEB2-1.png\" \/>\n\t<meta property=\"og:image:width\" content=\"1350\" \/>\n\t<meta property=\"og:image:height\" content=\"600\" \/>\n\t<meta property=\"og:image:type\" content=\"image\/png\" \/>\n<meta name=\"author\" content=\"admin\" \/>\n<meta name=\"twitter:card\" content=\"summary_large_image\" \/>\n<meta name=\"twitter:creator\" content=\"@ReclaimFinance\" \/>\n<meta name=\"twitter:site\" content=\"@ReclaimFinance\" \/>\n<meta name=\"twitter:label1\" content=\"\u00c9crit par\" \/>\n\t<meta name=\"twitter:data1\" content=\"admin\" \/>\n\t<meta name=\"twitter:label2\" content=\"Dur\u00e9e de lecture estim\u00e9e\" \/>\n\t<meta name=\"twitter:data2\" content=\"5 minutes\" \/>\n<script type=\"application\/ld+json\" class=\"yoast-schema-graph\">{\"@context\":\"https:\/\/schema.org\",\"@graph\":[{\"@type\":\"Article\",\"@id\":\"https:\/\/reclaimfinance.org\/site\/2022\/05\/17\/assemblee-generale-damundi-amundi-va-t-il-enfin-devenir-un-geant-vert\/#article\",\"isPartOf\":{\"@id\":\"https:\/\/reclaimfinance.org\/site\/2022\/05\/17\/assemblee-generale-damundi-amundi-va-t-il-enfin-devenir-un-geant-vert\/\"},\"author\":{\"name\":\"admin\",\"@id\":\"https:\/\/reclaimfinance.org\/site\/#\/schema\/person\/dbd09d024c848def6a64be0b4ace9786\"},\"headline\":\"Assembl\u00e9e g\u00e9n\u00e9rale d&rsquo;Amundi : Amundi va-t-il enfin devenir un g\u00e9ant vert ?\",\"datePublished\":\"2022-05-17T08:08:01+00:00\",\"dateModified\":\"2023-02-08T12:44:10+00:00\",\"mainEntityOfPage\":{\"@id\":\"https:\/\/reclaimfinance.org\/site\/2022\/05\/17\/assemblee-generale-damundi-amundi-va-t-il-enfin-devenir-un-geant-vert\/\"},\"wordCount\":2034,\"commentCount\":0,\"publisher\":{\"@id\":\"https:\/\/reclaimfinance.org\/site\/#organization\"},\"image\":{\"@id\":\"https:\/\/reclaimfinance.org\/site\/2022\/05\/17\/assemblee-generale-damundi-amundi-va-t-il-enfin-devenir-un-geant-vert\/#primaryimage\"},\"thumbnailUrl\":\"https:\/\/reclaimfinance.org\/site\/wp-content\/uploads\/2022\/05\/1.-BANNER-SITEWEB2-1.png\",\"articleSection\":[\"Articles\"],\"inLanguage\":\"fr-FR\",\"potentialAction\":[{\"@type\":\"CommentAction\",\"name\":\"Comment\",\"target\":[\"https:\/\/reclaimfinance.org\/site\/2022\/05\/17\/assemblee-generale-damundi-amundi-va-t-il-enfin-devenir-un-geant-vert\/#respond\"]}]},{\"@type\":\"WebPage\",\"@id\":\"https:\/\/reclaimfinance.org\/site\/2022\/05\/17\/assemblee-generale-damundi-amundi-va-t-il-enfin-devenir-un-geant-vert\/\",\"url\":\"https:\/\/reclaimfinance.org\/site\/2022\/05\/17\/assemblee-generale-damundi-amundi-va-t-il-enfin-devenir-un-geant-vert\/\",\"name\":\"Assembl\u00e9e g\u00e9n\u00e9rale d'Amundi : Amundi va-t-il enfin devenir un g\u00e9ant vert ? - Reclaim Finance\",\"isPartOf\":{\"@id\":\"https:\/\/reclaimfinance.org\/site\/#website\"},\"primaryImageOfPage\":{\"@id\":\"https:\/\/reclaimfinance.org\/site\/2022\/05\/17\/assemblee-generale-damundi-amundi-va-t-il-enfin-devenir-un-geant-vert\/#primaryimage\"},\"image\":{\"@id\":\"https:\/\/reclaimfinance.org\/site\/2022\/05\/17\/assemblee-generale-damundi-amundi-va-t-il-enfin-devenir-un-geant-vert\/#primaryimage\"},\"thumbnailUrl\":\"https:\/\/reclaimfinance.org\/site\/wp-content\/uploads\/2022\/05\/1.-BANNER-SITEWEB2-1.png\",\"datePublished\":\"2022-05-17T08:08:01+00:00\",\"dateModified\":\"2023-02-08T12:44:10+00:00\",\"description\":\"En janvier 2022, TotalEnergies levait pr\u00e8s de 2 milliards d\u2019euros aupr\u00e8s de grands investisseurs. Parmi eux, Amundi, filiale du Cr\u00e9dit Agricole et num\u00e9ro un europ\u00e9en de la gestion d\u2019actifs.\",\"breadcrumb\":{\"@id\":\"https:\/\/reclaimfinance.org\/site\/2022\/05\/17\/assemblee-generale-damundi-amundi-va-t-il-enfin-devenir-un-geant-vert\/#breadcrumb\"},\"inLanguage\":\"fr-FR\",\"potentialAction\":[{\"@type\":\"ReadAction\",\"target\":[\"https:\/\/reclaimfinance.org\/site\/2022\/05\/17\/assemblee-generale-damundi-amundi-va-t-il-enfin-devenir-un-geant-vert\/\"]}]},{\"@type\":\"ImageObject\",\"inLanguage\":\"fr-FR\",\"@id\":\"https:\/\/reclaimfinance.org\/site\/2022\/05\/17\/assemblee-generale-damundi-amundi-va-t-il-enfin-devenir-un-geant-vert\/#primaryimage\",\"url\":\"https:\/\/reclaimfinance.org\/site\/wp-content\/uploads\/2022\/05\/1.-BANNER-SITEWEB2-1.png\",\"contentUrl\":\"https:\/\/reclaimfinance.org\/site\/wp-content\/uploads\/2022\/05\/1.-BANNER-SITEWEB2-1.png\",\"width\":1350,\"height\":600},{\"@type\":\"BreadcrumbList\",\"@id\":\"https:\/\/reclaimfinance.org\/site\/2022\/05\/17\/assemblee-generale-damundi-amundi-va-t-il-enfin-devenir-un-geant-vert\/#breadcrumb\",\"itemListElement\":[{\"@type\":\"ListItem\",\"position\":1,\"name\":\"Accueil\",\"item\":\"https:\/\/reclaimfinance.org\/site\/\"},{\"@type\":\"ListItem\",\"position\":2,\"name\":\"Assembl\u00e9e g\u00e9n\u00e9rale d&rsquo;Amundi : Amundi va-t-il enfin devenir un g\u00e9ant vert ?\"}]},{\"@type\":\"WebSite\",\"@id\":\"https:\/\/reclaimfinance.org\/site\/#website\",\"url\":\"https:\/\/reclaimfinance.org\/site\/\",\"name\":\"Reclaim Finance\",\"description\":\"Reprendre le contr\u00f4le de la finance pour le climat et la biodiversit\u00e9\",\"publisher\":{\"@id\":\"https:\/\/reclaimfinance.org\/site\/#organization\"},\"potentialAction\":[{\"@type\":\"SearchAction\",\"target\":{\"@type\":\"EntryPoint\",\"urlTemplate\":\"https:\/\/reclaimfinance.org\/site\/?s={search_term_string}\"},\"query-input\":\"required name=search_term_string\"}],\"inLanguage\":\"fr-FR\"},{\"@type\":\"Organization\",\"@id\":\"https:\/\/reclaimfinance.org\/site\/#organization\",\"name\":\"Reclaim Finance\",\"url\":\"https:\/\/reclaimfinance.org\/site\/\",\"logo\":{\"@type\":\"ImageObject\",\"inLanguage\":\"fr-FR\",\"@id\":\"https:\/\/reclaimfinance.org\/site\/#\/schema\/logo\/image\/\",\"url\":\"https:\/\/reclaimfinance.org\/site\/wp-content\/uploads\/2020\/03\/logo_RC_space.png\",\"contentUrl\":\"https:\/\/reclaimfinance.org\/site\/wp-content\/uploads\/2020\/03\/logo_RC_space.png\",\"width\":800,\"height\":800,\"caption\":\"Reclaim Finance\"},\"image\":{\"@id\":\"https:\/\/reclaimfinance.org\/site\/#\/schema\/logo\/image\/\"},\"sameAs\":[\"https:\/\/www.facebook.com\/ReclaimFinanceONG\",\"https:\/\/x.com\/ReclaimFinance\",\"https:\/\/www.instagram.com\/reclaimfinance\/\",\"https:\/\/www.linkedin.com\/company\/reclaim-finance-ong-think-tank\"]},{\"@type\":\"Person\",\"@id\":\"https:\/\/reclaimfinance.org\/site\/#\/schema\/person\/dbd09d024c848def6a64be0b4ace9786\",\"name\":\"admin\",\"image\":{\"@type\":\"ImageObject\",\"inLanguage\":\"fr-FR\",\"@id\":\"https:\/\/reclaimfinance.org\/site\/#\/schema\/person\/image\/\",\"url\":\"https:\/\/secure.gravatar.com\/avatar\/84f25c90b0db91b615a598cb16c83cdf?s=96&d=mm&r=g\",\"contentUrl\":\"https:\/\/secure.gravatar.com\/avatar\/84f25c90b0db91b615a598cb16c83cdf?s=96&d=mm&r=g\",\"caption\":\"admin\"},\"url\":\"https:\/\/reclaimfinance.org\/site\/author\/admin-2\/\"}]}<\/script>\n<!-- \/ Yoast SEO plugin. -->","yoast_head_json":{"title":"Assembl\u00e9e g\u00e9n\u00e9rale d'Amundi : Amundi va-t-il enfin devenir un g\u00e9ant vert ? - Reclaim Finance","description":"En janvier 2022, TotalEnergies levait pr\u00e8s de 2 milliards d\u2019euros aupr\u00e8s de grands investisseurs. Parmi eux, Amundi, filiale du Cr\u00e9dit Agricole et num\u00e9ro un europ\u00e9en de la gestion d\u2019actifs.","robots":{"index":"index","follow":"follow","max-snippet":"max-snippet:-1","max-image-preview":"max-image-preview:large","max-video-preview":"max-video-preview:-1"},"canonical":"https:\/\/reclaimfinance.org\/site\/2022\/05\/17\/assemblee-generale-damundi-amundi-va-t-il-enfin-devenir-un-geant-vert\/","og_locale":"fr_FR","og_type":"article","og_title":"Assembl\u00e9e g\u00e9n\u00e9rale d'Amundi : Amundi va-t-il enfin devenir un g\u00e9ant vert ? - Reclaim Finance","og_description":"En janvier 2022, TotalEnergies levait pr\u00e8s de 2 milliards d\u2019euros aupr\u00e8s de grands investisseurs. Parmi eux, Amundi, filiale du Cr\u00e9dit Agricole et num\u00e9ro un europ\u00e9en de la gestion d\u2019actifs.","og_url":"https:\/\/reclaimfinance.org\/site\/2022\/05\/17\/assemblee-generale-damundi-amundi-va-t-il-enfin-devenir-un-geant-vert\/","og_site_name":"Reclaim Finance","article_publisher":"https:\/\/www.facebook.com\/ReclaimFinanceONG","article_published_time":"2022-05-17T08:08:01+00:00","article_modified_time":"2023-02-08T12:44:10+00:00","og_image":[{"width":1350,"height":600,"url":"https:\/\/reclaimfinance.org\/site\/wp-content\/uploads\/2022\/05\/1.-BANNER-SITEWEB2-1.png","type":"image\/png"}],"author":"admin","twitter_card":"summary_large_image","twitter_creator":"@ReclaimFinance","twitter_site":"@ReclaimFinance","twitter_misc":{"\u00c9crit par":"admin","Dur\u00e9e de lecture estim\u00e9e":"5 minutes"},"schema":{"@context":"https:\/\/schema.org","@graph":[{"@type":"Article","@id":"https:\/\/reclaimfinance.org\/site\/2022\/05\/17\/assemblee-generale-damundi-amundi-va-t-il-enfin-devenir-un-geant-vert\/#article","isPartOf":{"@id":"https:\/\/reclaimfinance.org\/site\/2022\/05\/17\/assemblee-generale-damundi-amundi-va-t-il-enfin-devenir-un-geant-vert\/"},"author":{"name":"admin","@id":"https:\/\/reclaimfinance.org\/site\/#\/schema\/person\/dbd09d024c848def6a64be0b4ace9786"},"headline":"Assembl\u00e9e g\u00e9n\u00e9rale d&rsquo;Amundi : Amundi va-t-il enfin devenir un g\u00e9ant vert ?","datePublished":"2022-05-17T08:08:01+00:00","dateModified":"2023-02-08T12:44:10+00:00","mainEntityOfPage":{"@id":"https:\/\/reclaimfinance.org\/site\/2022\/05\/17\/assemblee-generale-damundi-amundi-va-t-il-enfin-devenir-un-geant-vert\/"},"wordCount":2034,"commentCount":0,"publisher":{"@id":"https:\/\/reclaimfinance.org\/site\/#organization"},"image":{"@id":"https:\/\/reclaimfinance.org\/site\/2022\/05\/17\/assemblee-generale-damundi-amundi-va-t-il-enfin-devenir-un-geant-vert\/#primaryimage"},"thumbnailUrl":"https:\/\/reclaimfinance.org\/site\/wp-content\/uploads\/2022\/05\/1.-BANNER-SITEWEB2-1.png","articleSection":["Articles"],"inLanguage":"fr-FR","potentialAction":[{"@type":"CommentAction","name":"Comment","target":["https:\/\/reclaimfinance.org\/site\/2022\/05\/17\/assemblee-generale-damundi-amundi-va-t-il-enfin-devenir-un-geant-vert\/#respond"]}]},{"@type":"WebPage","@id":"https:\/\/reclaimfinance.org\/site\/2022\/05\/17\/assemblee-generale-damundi-amundi-va-t-il-enfin-devenir-un-geant-vert\/","url":"https:\/\/reclaimfinance.org\/site\/2022\/05\/17\/assemblee-generale-damundi-amundi-va-t-il-enfin-devenir-un-geant-vert\/","name":"Assembl\u00e9e g\u00e9n\u00e9rale d'Amundi : Amundi va-t-il enfin devenir un g\u00e9ant vert ? - Reclaim Finance","isPartOf":{"@id":"https:\/\/reclaimfinance.org\/site\/#website"},"primaryImageOfPage":{"@id":"https:\/\/reclaimfinance.org\/site\/2022\/05\/17\/assemblee-generale-damundi-amundi-va-t-il-enfin-devenir-un-geant-vert\/#primaryimage"},"image":{"@id":"https:\/\/reclaimfinance.org\/site\/2022\/05\/17\/assemblee-generale-damundi-amundi-va-t-il-enfin-devenir-un-geant-vert\/#primaryimage"},"thumbnailUrl":"https:\/\/reclaimfinance.org\/site\/wp-content\/uploads\/2022\/05\/1.-BANNER-SITEWEB2-1.png","datePublished":"2022-05-17T08:08:01+00:00","dateModified":"2023-02-08T12:44:10+00:00","description":"En janvier 2022, TotalEnergies levait pr\u00e8s de 2 milliards d\u2019euros aupr\u00e8s de grands investisseurs. Parmi eux, Amundi, filiale du Cr\u00e9dit Agricole et num\u00e9ro un europ\u00e9en de la gestion d\u2019actifs.","breadcrumb":{"@id":"https:\/\/reclaimfinance.org\/site\/2022\/05\/17\/assemblee-generale-damundi-amundi-va-t-il-enfin-devenir-un-geant-vert\/#breadcrumb"},"inLanguage":"fr-FR","potentialAction":[{"@type":"ReadAction","target":["https:\/\/reclaimfinance.org\/site\/2022\/05\/17\/assemblee-generale-damundi-amundi-va-t-il-enfin-devenir-un-geant-vert\/"]}]},{"@type":"ImageObject","inLanguage":"fr-FR","@id":"https:\/\/reclaimfinance.org\/site\/2022\/05\/17\/assemblee-generale-damundi-amundi-va-t-il-enfin-devenir-un-geant-vert\/#primaryimage","url":"https:\/\/reclaimfinance.org\/site\/wp-content\/uploads\/2022\/05\/1.-BANNER-SITEWEB2-1.png","contentUrl":"https:\/\/reclaimfinance.org\/site\/wp-content\/uploads\/2022\/05\/1.-BANNER-SITEWEB2-1.png","width":1350,"height":600},{"@type":"BreadcrumbList","@id":"https:\/\/reclaimfinance.org\/site\/2022\/05\/17\/assemblee-generale-damundi-amundi-va-t-il-enfin-devenir-un-geant-vert\/#breadcrumb","itemListElement":[{"@type":"ListItem","position":1,"name":"Accueil","item":"https:\/\/reclaimfinance.org\/site\/"},{"@type":"ListItem","position":2,"name":"Assembl\u00e9e g\u00e9n\u00e9rale d&rsquo;Amundi : Amundi va-t-il enfin devenir un g\u00e9ant vert ?"}]},{"@type":"WebSite","@id":"https:\/\/reclaimfinance.org\/site\/#website","url":"https:\/\/reclaimfinance.org\/site\/","name":"Reclaim Finance","description":"Reprendre le contr\u00f4le de la finance pour le climat et la biodiversit\u00e9","publisher":{"@id":"https:\/\/reclaimfinance.org\/site\/#organization"},"potentialAction":[{"@type":"SearchAction","target":{"@type":"EntryPoint","urlTemplate":"https:\/\/reclaimfinance.org\/site\/?s={search_term_string}"},"query-input":"required name=search_term_string"}],"inLanguage":"fr-FR"},{"@type":"Organization","@id":"https:\/\/reclaimfinance.org\/site\/#organization","name":"Reclaim Finance","url":"https:\/\/reclaimfinance.org\/site\/","logo":{"@type":"ImageObject","inLanguage":"fr-FR","@id":"https:\/\/reclaimfinance.org\/site\/#\/schema\/logo\/image\/","url":"https:\/\/reclaimfinance.org\/site\/wp-content\/uploads\/2020\/03\/logo_RC_space.png","contentUrl":"https:\/\/reclaimfinance.org\/site\/wp-content\/uploads\/2020\/03\/logo_RC_space.png","width":800,"height":800,"caption":"Reclaim Finance"},"image":{"@id":"https:\/\/reclaimfinance.org\/site\/#\/schema\/logo\/image\/"},"sameAs":["https:\/\/www.facebook.com\/ReclaimFinanceONG","https:\/\/x.com\/ReclaimFinance","https:\/\/www.instagram.com\/reclaimfinance\/","https:\/\/www.linkedin.com\/company\/reclaim-finance-ong-think-tank"]},{"@type":"Person","@id":"https:\/\/reclaimfinance.org\/site\/#\/schema\/person\/dbd09d024c848def6a64be0b4ace9786","name":"admin","image":{"@type":"ImageObject","inLanguage":"fr-FR","@id":"https:\/\/reclaimfinance.org\/site\/#\/schema\/person\/image\/","url":"https:\/\/secure.gravatar.com\/avatar\/84f25c90b0db91b615a598cb16c83cdf?s=96&d=mm&r=g","contentUrl":"https:\/\/secure.gravatar.com\/avatar\/84f25c90b0db91b615a598cb16c83cdf?s=96&d=mm&r=g","caption":"admin"},"url":"https:\/\/reclaimfinance.org\/site\/author\/admin-2\/"}]}},"_links":{"self":[{"href":"https:\/\/reclaimfinance.org\/site\/wp-json\/wp\/v2\/posts\/21579"}],"collection":[{"href":"https:\/\/reclaimfinance.org\/site\/wp-json\/wp\/v2\/posts"}],"about":[{"href":"https:\/\/reclaimfinance.org\/site\/wp-json\/wp\/v2\/types\/post"}],"author":[{"embeddable":true,"href":"https:\/\/reclaimfinance.org\/site\/wp-json\/wp\/v2\/users\/28"}],"replies":[{"embeddable":true,"href":"https:\/\/reclaimfinance.org\/site\/wp-json\/wp\/v2\/comments?post=21579"}],"version-history":[{"count":0,"href":"https:\/\/reclaimfinance.org\/site\/wp-json\/wp\/v2\/posts\/21579\/revisions"}],"wp:featuredmedia":[{"embeddable":true,"href":"https:\/\/reclaimfinance.org\/site\/wp-json\/wp\/v2\/media\/21582"}],"wp:attachment":[{"href":"https:\/\/reclaimfinance.org\/site\/wp-json\/wp\/v2\/media?parent=21579"}],"wp:term":[{"taxonomy":"category","embeddable":true,"href":"https:\/\/reclaimfinance.org\/site\/wp-json\/wp\/v2\/categories?post=21579"},{"taxonomy":"post_tag","embeddable":true,"href":"https:\/\/reclaimfinance.org\/site\/wp-json\/wp\/v2\/tags?post=21579"},{"taxonomy":"acteurs_financiers","embeddable":true,"href":"https:\/\/reclaimfinance.org\/site\/wp-json\/wp\/v2\/acteurs_financiers?post=21579"},{"taxonomy":"thematique","embeddable":true,"href":"https:\/\/reclaimfinance.org\/site\/wp-json\/wp\/v2\/thematique?post=21579"},{"taxonomy":"webinar_type","embeddable":true,"href":"https:\/\/reclaimfinance.org\/site\/wp-json\/wp\/v2\/webinar_type?post=21579"},{"taxonomy":"programme","embeddable":true,"href":"https:\/\/reclaimfinance.org\/site\/wp-json\/wp\/v2\/programme?post=21579"}],"curies":[{"name":"wp","href":"https:\/\/api.w.org\/{rel}","templated":true}]}}