{"id":21803,"date":"2022-05-24T15:53:46","date_gmt":"2022-05-24T13:53:46","guid":{"rendered":"https:\/\/reclaimfinance.org\/site\/?p=21803"},"modified":"2023-02-08T13:39:22","modified_gmt":"2023-02-08T12:39:22","slug":"assemblee-generale-de-totalenergies-lopposition-monte","status":"publish","type":"post","link":"https:\/\/reclaimfinance.org\/site\/2022\/05\/24\/assemblee-generale-de-totalenergies-lopposition-monte\/","title":{"rendered":"Assembl\u00e9e g\u00e9n\u00e9rale de TotalEnergies : l&rsquo;opposition monte"},"content":{"rendered":"<p><div class=\"fusion-fullwidth fullwidth-box fusion-builder-row-1 fusion-flex-container nonhundred-percent-fullwidth non-hundred-percent-height-scrolling\" style=\"--awb-border-radius-top-left:0px;--awb-border-radius-top-right:0px;--awb-border-radius-bottom-right:0px;--awb-border-radius-bottom-left:0px;--awb-flex-wrap:wrap;\" ><div class=\"fusion-builder-row fusion-row fusion-flex-align-items-flex-start fusion-flex-content-wrap\" style=\"max-width:1216.8px;margin-left: calc(-4% \/ 2 );margin-right: calc(-4% \/ 2 );\"><div class=\"fusion-layout-column fusion_builder_column fusion-builder-column-0 fusion_builder_column_1_1 1_1 fusion-flex-column\" style=\"--awb-bg-size:cover;--awb-width-large:100%;--awb-margin-top-large:0px;--awb-spacing-right-large:1.92%;--awb-margin-bottom-large:20px;--awb-spacing-left-large:1.92%;--awb-width-medium:100%;--awb-order-medium:0;--awb-spacing-right-medium:1.92%;--awb-spacing-left-medium:1.92%;--awb-width-small:100%;--awb-order-small:0;--awb-spacing-right-small:1.92%;--awb-spacing-left-small:1.92%;\"><div class=\"fusion-column-wrapper fusion-column-has-shadow fusion-flex-justify-content-flex-start fusion-content-layout-column\"><div class=\"fusion-text fusion-text-1\"><p><strong><em>D\u00e9cryptage pr\u00e9-AG (&amp; r\u00e9action post-AG \u00e0 venir) \u2193<\/em><\/strong><\/p>\n<p style=\"text-align: justify;\"><span style=\"color: var(--body_typography-color); font-family: var(--body_typography-font-family); font-size: var(--body_typography-font-size); font-style: var(--body_typography-font-style,normal); letter-spacing: var(--body_typography-letter-spacing);\"><b style=\"color: #8ac56b;\">L\u2019opposition monte face au plan climat d\u00e9faillant que TotalEnergies soumettra demain au vote consultatif de ses actionnaires lors de son assembl\u00e9e g\u00e9n\u00e9rale (AG). Les Assurances du Cr\u00e9dit Mutuel et Cr\u00e9dit Mutuel AM, filiales du cinqui\u00e8me groupe bancaire fran\u00e7ais, ont annonc\u00e9 aujourd\u2019hui qu\u2019elles voteront contre ce plan, rejoignant huit autres investisseurs ayant d\u00e9j\u00e0 fait part de leur opposition. L\u2019AG de TotalEnergies ce 25 mai sera un test d\u00e9cisif pour d\u00e9terminer la cr\u00e9dibilit\u00e9 et l\u2019efficacit\u00e9 de \u201cl\u2019engagement actionnarial\u201d : les investisseurs ont-ils la volont\u00e9, le courage et les moyens de r\u00e9ellement accompagner la transition des entreprises dont ils sont actionnaires ? A la veille d\u2019une AG cruciale pour le climat, Reclaim Finance pr\u00e9sente un r\u00e9capitulatif des enjeux et du positionnement des investisseurs.<br \/>\n<\/b><\/span><\/p>\n<\/div><\/div><\/div><div class=\"fusion-layout-column fusion_builder_column fusion-builder-column-1 fusion_builder_column_1_1 1_1 fusion-flex-column\" style=\"--awb-bg-size:cover;--awb-width-large:100%;--awb-margin-top-large:0px;--awb-spacing-right-large:1.92%;--awb-margin-bottom-large:20px;--awb-spacing-left-large:1.92%;--awb-width-medium:100%;--awb-order-medium:0;--awb-spacing-right-medium:1.92%;--awb-spacing-left-medium:1.92%;--awb-width-small:100%;--awb-order-small:0;--awb-spacing-right-small:1.92%;--awb-spacing-left-small:1.92%;\"><div class=\"fusion-column-wrapper fusion-column-has-shadow fusion-flex-justify-content-flex-start fusion-content-layout-column\"><div class=\"fusion-title title fusion-title-1 fusion-title-text fusion-title-size-one\" style=\"--awb-text-color:#59bc6d;--awb-margin-bottom:15px;--awb-font-size:16px;\"><div class=\"title-sep-container title-sep-container-left fusion-no-large-visibility fusion-no-medium-visibility fusion-no-small-visibility\"><div class=\"title-sep sep- sep-solid\" style=\"border-color:#3e3e3e;\"><\/div><\/div><span class=\"awb-title-spacer fusion-no-large-visibility fusion-no-medium-visibility fusion-no-small-visibility\"><\/span><h1 class=\"fusion-title-heading title-heading-left fusion-responsive-typography-calculated\" style=\"margin:0;font-size:1em;--fontSize:16;--minFontSize:16;line-height:1.4;\">Les actionnaires pl\u00e9bisciteront-ils un plan climat d\u00e9faillant ?<\/h1><span class=\"awb-title-spacer\"><\/span><div class=\"title-sep-container title-sep-container-right\"><div class=\"title-sep sep- sep-solid\" style=\"border-color:#3e3e3e;\"><\/div><\/div><\/div><div class=\"fusion-text fusion-text-2\"><p style=\"text-align: justify;\">Comme l\u2019ann\u00e9e derni\u00e8re, TotalEnergies pr\u00e9voit de consulter ses actionnaires sur son plan climat. En 2021, ce plan \u00e0 la fois incomplet et incompatible avec l\u2019urgence climatique avait pourtant \u00e9t\u00e9 approuv\u00e9 avec 92% de voix favorables. Certains grands investisseurs comme AXA ou BlackRock l\u2019avaient soutenu pour saluer la d\u00e9marche de consultation propos\u00e9e par TotalEnergies, tout en indiquant explicitement qu\u2019ils souhaitaient que l\u2019entreprise continue \u00e0 rehausser rapidement ses ambitions climatiques (1).<\/p>\n<p style=\"text-align: justify;\">Le plan \u201cclimat\u201d pr\u00e9sent\u00e9 par TotalEnergies cette ann\u00e9e <u><a href=\"https:\/\/www.liberation.fr\/idees-et-debats\/tribunes\/chez-totalenergies-un-plan-climat-climaticide-20220523_WYCSQW3735EQZBLVIWGQWHQVTE\/\" target=\"_blank\" rel=\"noopener\">reste d\u00e9faillant<\/a><\/u>. La coalition Climate Action 100+, qui regroupe plus de 700 investisseurs et $68 000 milliards d\u2019actifs, indique que TotalEnergies ne pr\u00e9sente pas de cibles de baisse des \u00e9missions \u00e0 court et moyen termes align\u00e9es sur l\u2019objectif de limitation du r\u00e9chauffement \u00e0 1.5\u00b0C, ni ne s\u2019engage \u00e0 aligner ses investissements sur cet objectif (2). Surtout, TotalEnergies continue \u00e0 d\u00e9velopper de nouveaux projets p\u00e9troliers et gaziers, ce que l\u2019Agence internationale de l\u2019\u00e9nergie (AIE) consid\u00e8re <u><a href=\"https:\/\/reclaimfinance.org\/site\/wp-content\/uploads\/2022\/01\/Report-IEA-Net-Zero-2050-RF.pdf\" target=\"_blank\" rel=\"noopener\">incompatible avec l\u2019objectif de 1,5\u00b0C<\/a><\/u>. Avec 70% de ses investissements li\u00e9s aux \u00e9nergies fossiles et 20% consacr\u00e9s \u00e0 l\u2019exploration et \u00e0 de nouveaux projets, TotalEnergies est le premier d\u00e9veloppeur d\u2019hydrocarbures en Europe et le septi\u00e8me au monde (3). Un rapport publi\u00e9 aujourd\u2019hui montre que les \u00e9missions cumul\u00e9es de Le Guardian <u><a href=\"https:\/\/www.theguardian.com\/environment\/ng-interactive\/2022\/may\/11\/fossil-fuel-carbon-bombs-climate-breakdown-oil-gas\" target=\"_blank\" rel=\"noopener\">r\u00e9v\u00e9lait r\u00e9cemment<\/a><\/u> que TotalEnergies est impliqu\u00e9e dans plus d\u2019une vingtaine de \u201cbombes carbone\u201d &#8211; des m\u00e9gaprojets fossiles qui d\u00e9passent \u00e0 eux-seuls le budget carbone de la plan\u00e8te (4). De fait, <u><a href=\"https:\/\/reclaimfinance.org\/site\/wp-content\/uploads\/2022\/03\/TotalEnergies-company-briefing-March-2022.pdf\" target=\"_blank\" rel=\"noopener\">TotalEnergies aura consum\u00e9 son budget carbone compatible avec l\u2019objectif 1,5\u00b0C d\u00e8s 2035<\/a><\/u> et aura \u00e9mis pr\u00e8s de 32% de gaz \u00e0 effet de serre en exc\u00e9dent par rapport \u00e0 ce budget en 2050.<\/p>\n<p style=\"text-align: justify;\">Depuis le d\u00e9but de la saison des AG 2022, plusieurs plans climats d\u00e9faillants ont d\u00e9j\u00e0 \u00e9t\u00e9 approuv\u00e9s par les actionnaires de <u><a href=\"https:\/\/reclaimfinance.org\/site\/2022\/05\/19\/ag-2022-premiere-mi-temps-alarmante-pour-le-climat\/\" target=\"_blank\" rel=\"noopener\">Repsol, Equinor et BP<\/a><\/u>. Il y a un fort risque que TotalEnergies obtienne un m\u00eame blanc-seing, avec la complicit\u00e9 d\u2019investisseurs soucieux de se donner l\u2019apparence d\u2019une action climatique mais qui ne se pr\u00e9occupent pas du niveau d\u2019ambition r\u00e9el &#8211; et clairement insuffisant &#8211; de l\u2019entreprise.<\/p>\n<\/div><div class=\"fusion-title title fusion-title-2 fusion-title-text fusion-title-size-one\" style=\"--awb-text-color:#59bc6d;--awb-margin-bottom:15px;--awb-font-size:16px;\"><div class=\"title-sep-container title-sep-container-left fusion-no-large-visibility fusion-no-medium-visibility fusion-no-small-visibility\"><div class=\"title-sep sep- sep-solid\" style=\"border-color:#3e3e3e;\"><\/div><\/div><span class=\"awb-title-spacer fusion-no-large-visibility fusion-no-medium-visibility fusion-no-small-visibility\"><\/span><h1 class=\"fusion-title-heading title-heading-left fusion-responsive-typography-calculated\" style=\"margin:0;font-size:1em;--fontSize:16;--minFontSize:16;line-height:1.4;\">Des investisseurs \u00e0 la pointe de l\u2019engagement\u2026 et d\u2019autres silencieux<\/h1><span class=\"awb-title-spacer\"><\/span><div class=\"title-sep-container title-sep-container-right\"><div class=\"title-sep sep- sep-solid\" style=\"border-color:#3e3e3e;\"><\/div><\/div><\/div><div class=\"fusion-text fusion-text-3\"><p style=\"text-align: justify;\">Heureusement, certains investisseurs se montrent exigeants et remettent en cause la strat\u00e9gie climatique de TotalEnergies.\u00a0 Les Assurances du Cr\u00e9dit Mutuel et Cr\u00e9dit Mutuel Asset Management ont <u><a href=\"https:\/\/www.acm.fr\/fr\/document\/CommuniquePresse\/2022\/AG-TotalEnergies_FR.pdf\" target=\"_blank\" rel=\"noopener\">annonc\u00e9 aujourd\u2019hui<\/a><\/u> leur intention de voter contre le plan \u201cclimat\u201d de TotalEnergies. Ils rejoignent un groupe de <u><a href=\"https:\/\/www.lesechos.fr\/finance-marches\/marches-financiers\/ag-les-investisseurs-vent-debout-contre-la-politique-climatique-de-totalenergies-1408153\" target=\"_blank\" rel=\"noopener\">huit autres investisseurs<\/a><\/u> qui ont d\u00e9j\u00e0 fait part de leur opposition \u00e0 ce plan (5). L\u2019ann\u00e9e derni\u00e8re, d\u2019autres investisseurs importants s\u2019\u00e9taient aussi oppos\u00e9s au \u201cSay on Climate\u201d de TotalEnergies (Legal &amp; General, Generali, Schroders, UBS, etc.) et devraient logiquement reconduire leur position cette ann\u00e9e. Climate Action 100+ a \u00e9galement <u><a href=\"https:\/\/www.climateaction100.org\/approach\/proxy-season\/\" target=\"_blank\" rel=\"noopener\">signal\u00e9<\/a><\/u> \u00e0 ses membres que le vote du plan de TotalEnergies pr\u00e9sentait des enjeux particuli\u00e8rement sensibles pour le climat.<\/p>\n<p style=\"text-align: justify;\">Au-del\u00e0 d\u2019un vote contre des plans climat d\u00e9faillants, des investisseurs commencent \u00e9galement \u00e0 tenir les administrateurs responsables de l\u2019\u00e9chec climatique de TotalEnergies. La Financi\u00e8re de l\u2019Echiquier et OFI AM ont annonc\u00e9 qu\u2019ils voteraient contre le renouvellement de tout ou partie des administrateurs de l\u2019entreprise. LFDE s&rsquo;opposera uniquement \u00e0 la r\u00e9\u00e9lection de Jean Lemierre, administrateur de TotalEnergies et pr\u00e9sident de BNP Paribas qui \u00ab <i>ne pr\u00e9sente pas les comp\u00e9tences n\u00e9cessaires pour challenger la strat\u00e9gie climatique de TotalEnergies<\/i> \u00bb et pourrait avoir un \u00ab <i>conflit d&rsquo;int\u00e9r\u00eats sur la question de l&rsquo;arr\u00eat des<\/i><u><a href=\"https:\/\/www.lesechos.fr\/finance-marches\/banque-assurances\/les-ong-denoncent-le-cheque-en-blanc-de-8-milliards-accorde-par-les-banques-a-totalenergies-1407421\" target=\"_blank\" rel=\"noopener\"> <i>financements, par BNP Paribas<\/i><\/a><\/u><i>, des nouvelles exploitations d&rsquo;\u00e9nergies fossiles<\/i> \u00bb. Quant \u00e0 OFI AM, il s\u2019oppose au renouvellement de l\u2019int\u00e9gralit\u00e9 des administrateurs (6).<\/p>\n<p style=\"text-align: justify;\">Les principaux investisseurs de TotalEnergies \u00e0 l\u2019international (BlackRock, Vanguard, State Street) et en France (<u><a href=\"https:\/\/www.lemonde.fr\/idees\/article\/2022\/05\/17\/greenwashing-amundi-va-t-il-enfin-devenir-un-geant-vert_6126447_3232.html\" target=\"_blank\" rel=\"noopener\">Amundi<\/a><\/u>, AXA, BNP Paribas) ont refus\u00e9 de communiquer leur vote en amont de l\u2019AG, alors que plusieurs d\u2019entre eux (AXA, Amundi) l\u2019avaient pourtant fait l\u2019ann\u00e9e derni\u00e8re &#8211; votant tous en faveur du plan de TotalEnergies. La <u><a href=\"https:\/\/reclaimfinance.org\/site\/wp-content\/uploads\/2022\/05\/Lettre-inter-ONG-aux-investisseurs-de-TotalEnergies.pdf\" target=\"_blank\" rel=\"noopener\">soci\u00e9t\u00e9 civile<\/a><\/u>, les propres <u><a href=\"https:\/\/reclaimfinance.org\/site\/2022\/05\/16\/assemblee-generale-de-bnp-paribas-quels-enjeux-pour-le-climat\/\" target=\"_blank\" rel=\"noopener\">actionnaires<\/a><\/u> de ces acteurs financiers et m\u00eame leurs <u><a href=\"https:\/\/twitter.com\/Eva_Sdn\/status\/1527662327599976454\" target=\"_blank\" rel=\"noopener\">clients<\/a><\/u> se mobilisent depuis plusieurs semaines pour appeler ces acteurs \u00e0 ne pas valider le plan climat de TotalEnergies. Le silence de ces acteurs est \u00e9tonnant et inqui\u00e9tant dans la mesure o\u00f9 ils sont les premiers \u00e0 mettre en avant les m\u00e9rites de l\u2019engagement actionnarial &#8211; en l\u2019opposant parfois de mani\u00e8re simpliste au d\u00e9sinvestissement &#8211; mais tardent \u00e0 le concr\u00e9tiser en acte &#8211; BlackRock a m\u00eame annonc\u00e9 qu\u2019il <u><a href=\"https:\/\/www.lemonde.fr\/idees\/article\/2022\/05\/17\/greenwashing-amundi-va-t-il-enfin-devenir-un-geant-vert_6126447_3232.html\" target=\"_blank\" rel=\"noopener\">soutiendra moins de r\u00e9solutions climatiques actionnariales<\/a><\/u> cette ann\u00e9e.<\/p>\n<\/div><div class=\"fusion-text fusion-text-4\"><p style=\"text-align: justify;\"><span style=\"color: var(--body_typography-color); font-family: var(--body_typography-font-family); font-size: var(--body_typography-font-size); font-style: var(--body_typography-font-style,normal); letter-spacing: var(--body_typography-letter-spacing);\"><b style=\"color: #8ac56b;\">Cette semaine marque la derni\u00e8re ligne droite de la saison des AG pour les entreprises p\u00e9tro-gazi\u00e8res. En plus de TotalEnergies, Shell, ExxonMobil ou encore Chevron tiennent leurs AG ces jours-ci. Votes sur les plans climat pr\u00e9sent\u00e9s par les entreprises, r\u00e9solutions climatiques actionnariales, appel \u00e0 s\u2019opposer au renouvellement des administrateurs : le climat est au centre de tous ces rendez-vous. Pour les actionnaires de TotalEnergies qui sont r\u00e9ellement soucieux du climat, la <span style=\"color: #8ac56b;\"><u><a style=\"color: #8ac56b;\" href=\"https:\/\/reclaimfinance.org\/site\/wp-content\/uploads\/2022\/04\/2022.04.29_TotalEnergies-AGM_Briefing-for-climate-conscious-investors.pdf\" target=\"_blank\" rel=\"noopener\">feuille de route<\/a><\/u><\/span> est simple : voter contre le plan climat d\u00e9faillant de l\u2019entreprise et sanctionner les administrateurs qui ont valid\u00e9 sa strat\u00e9gie d\u2019expansion fossile. <\/b><\/span><\/p>\n<\/div><div class=\"fusion-separator fusion-full-width-sep\" style=\"align-self: center;margin-left: auto;margin-right: auto;margin-top:9px;margin-bottom:9px;width:100%;\"><\/div><\/div><\/div><\/div><\/div><div class=\"fusion-fullwidth fullwidth-box fusion-builder-row-2 fusion-flex-container nonhundred-percent-fullwidth non-hundred-percent-height-scrolling\" style=\"--awb-border-radius-top-left:0px;--awb-border-radius-top-right:0px;--awb-border-radius-bottom-right:0px;--awb-border-radius-bottom-left:0px;--awb-flex-wrap:wrap;\" ><div class=\"fusion-builder-row fusion-row fusion-flex-align-items-flex-start fusion-flex-content-wrap\" style=\"max-width:1216.8px;margin-left: calc(-4% \/ 2 );margin-right: calc(-4% \/ 2 );\"><div class=\"fusion-layout-column fusion_builder_column fusion-builder-column-2 fusion_builder_column_1_1 1_1 fusion-flex-column\" style=\"--awb-padding-top:10px;--awb-padding-right:10px;--awb-padding-bottom:0px;--awb-padding-left:10px;--awb-overflow:hidden;--awb-bg-size:cover;--awb-border-color:#fffffff;--awb-border-top:1px;--awb-border-right:1px;--awb-border-bottom:1px;--awb-border-left:1px;--awb-border-style:solid;--awb-border-radius:10px 10px 10px 10px;--awb-width-large:100%;--awb-margin-top-large:0px;--awb-spacing-right-large:1.92%;--awb-margin-bottom-large:20px;--awb-spacing-left-large:1.92%;--awb-width-medium:100%;--awb-order-medium:0;--awb-spacing-right-medium:1.92%;--awb-spacing-left-medium:1.92%;--awb-width-small:100%;--awb-order-small:0;--awb-spacing-right-small:1.92%;--awb-spacing-left-small:1.92%;\"><div class=\"fusion-column-wrapper fusion-column-has-shadow fusion-flex-justify-content-flex-start fusion-content-layout-column\"><div class=\"fusion-text fusion-text-5\"><p><b><u>Notes<\/u> :<\/b><\/p>\n<ol style=\"text-align: justify;\">\n<li aria-level=\"1\">Voir la communication de <u><a href=\"https:\/\/www.blackrock.com\/corporate\/literature\/press-release\/blk-vote-bulletin-total-may-2021.pdf\" target=\"_blank\" rel=\"noopener\">BlackRock<\/a><\/u> et celle <u><a href=\"https:\/\/www.blackrock.com\/corporate\/literature\/press-release\/blk-vote-bulletin-total-may-2021.pdf\" target=\"_blank\" rel=\"noopener\">d\u2019AXA<\/a><\/u>.<\/li>\n<li aria-level=\"1\">Voir le <u><a href=\"https:\/\/www.climateaction100.org\/company\/total\/\" target=\"_blank\" rel=\"noopener\">Net Zero Company Benchmark<\/a><\/u> publi\u00e9 par Climate Action 100+<\/li>\n<li aria-level=\"1\">Un <u><a href=\"https:\/\/priceofoil.org\/content\/uploads\/2022\/05\/big_oil_reality_check_22_final.pdf\" target=\"_blank\" rel=\"noopener\">rapport <\/a><\/u>publi\u00e9 aujourd\u2019hui par Oil Change International montre que TotalEnergies est la major qui \u00e9mettra le plus de CO2 entre 2022 et 2025 du fait des nouveaux investissements qu\u2019elle approuvera sur cette p\u00e9riode.<\/li>\n<li aria-level=\"1\">Cette liste est par ailleurs d\u00e9j\u00e0 tr\u00e8s conservatrice puisqu\u2019elle prend uniquement les 0,7% de projets de production (upstream) les plus importants et n\u2019inclut pas des infrastructures comme les pipelines o\u00f9 les terminaux LNG.<\/li>\n<li aria-level=\"1\">MN et Meeschaert Amilton AM (charg\u00e9s de coordonner le dialogue entre TotalEnergies pour Climate Action 100+), CNP Assurances, OFI AM, Edmond de Rothschild AM, La Financi\u00e8re de l\u2019Echiquier, Sycomore AM et Mandarine Gestion<\/li>\n<li aria-level=\"1\">Du fait de leur responsabilit\u00e9 dans la validation des \u201cchoix strat\u00e9giques en mati\u00e8re de climat\u201d ainsi que pour d\u00e9noncer des probl\u00e8mes de gouvernance &#8211; notamment le <u><a href=\"https:\/\/reclaimfinance.org\/site\/2022\/04\/28\/totalenergies-rejette-resolution-climatique-actionnaires\/\" target=\"_blank\" rel=\"noopener\">rejet par TotalEnergies d\u2019une r\u00e9solution climatique d\u00e9pos\u00e9e par des actionnaires<\/a><\/u>.<\/li>\n<\/ol>\n<\/div><\/div><\/div><\/div><\/div><div class=\"fusion-fullwidth fullwidth-box fusion-builder-row-3 fusion-flex-container nonhundred-percent-fullwidth non-hundred-percent-height-scrolling\" style=\"--awb-border-radius-top-left:0px;--awb-border-radius-top-right:0px;--awb-border-radius-bottom-right:0px;--awb-border-radius-bottom-left:0px;--awb-flex-wrap:wrap;\" ><div class=\"fusion-builder-row fusion-row fusion-flex-align-items-flex-start fusion-flex-content-wrap\" style=\"max-width:1216.8px;margin-left: calc(-4% \/ 2 );margin-right: calc(-4% \/ 2 );\"><div class=\"fusion-layout-column fusion_builder_column fusion-builder-column-3 fusion_builder_column_1_1 1_1 fusion-flex-column\" style=\"--awb-padding-top:10px;--awb-padding-right:10px;--awb-padding-bottom:0px;--awb-padding-left:10px;--awb-overflow:hidden;--awb-bg-size:cover;--awb-border-radius:10px 10px 10px 10px;--awb-width-large:100%;--awb-margin-top-large:0px;--awb-spacing-right-large:1.92%;--awb-margin-bottom-large:20px;--awb-spacing-left-large:1.92%;--awb-width-medium:100%;--awb-order-medium:0;--awb-spacing-right-medium:1.92%;--awb-spacing-left-medium:1.92%;--awb-width-small:100%;--awb-order-small:0;--awb-spacing-right-small:1.92%;--awb-spacing-left-small:1.92%;\"><div class=\"fusion-column-wrapper fusion-column-has-shadow fusion-flex-justify-content-flex-start fusion-content-layout-column\"><i class=\"fb-icon-element-1 fb-icon-element fontawesome-icon fa-arrow-circle-down fas circle-yes\" style=\"--awb-iconcolor:#8ac56b;--awb-circlebordersize:1px;--awb-font-size:44px;--awb-width:88px;--awb-height:88px;--awb-line-height:86px;--awb-margin-top:0;--awb-margin-right:0;--awb-margin-bottom:0;--awb-margin-left:0;--awb-align-self:center;\"><\/i><div class=\"fusion-separator fusion-full-width-sep\" style=\"align-self: center;margin-left: auto;margin-right: auto;flex-grow:2;margin-top:3px;margin-bottom:3px;width:100%;\"><\/div><div style=\"text-align:center;\"><a class=\"fusion-button button-flat fusion-button-default-size button-default fusion-button-default button-1 fusion-button-default-span fusion-button-default-type\" target=\"_blank\" rel=\"noopener noreferrer\" href=\"https:\/\/reclaimfinance.org\/site\/2022\/05\/25\/assemblee-generale-de-totalenergies-les-investisseurs-toujours-complices-du-chaos-climatique\/\"><span class=\"fusion-button-text\">Notre communiqu\u00e9 de presse suite \u00e0 l&rsquo;AG TotalEnergies<\/span><\/a><\/div><\/div><\/div><\/div><\/div><\/p>\n","protected":false},"excerpt":{"rendered":"","protected":false},"author":28,"featured_media":21811,"comment_status":"open","ping_status":"open","sticky":false,"template":"","format":"standard","meta":{"footnotes":""},"categories":[45],"tags":[],"acteurs_financiers":[2434],"thematique":[2415],"webinar_type":[],"programme":[],"class_list":["post-21803","post","type-post","status-publish","format-standard","has-post-thumbnail","hentry","category-blog","acteurs_financiers-investisseurs","thematique-energies-fossiles"],"yoast_head":"<!-- This site is optimized with the Yoast SEO plugin v23.1 - https:\/\/yoast.com\/wordpress\/plugins\/seo\/ -->\n<title>Assembl\u00e9e g\u00e9n\u00e9rale de TotalEnergies : l&#039;opposition monte - Reclaim Finance<\/title>\n<meta name=\"description\" content=\"Les Assurances du Cr\u00e9dit Mutuel et Cr\u00e9dit Mutuel AM, filiales du cinqui\u00e8me groupe bancaire fran\u00e7ais, ont annonc\u00e9 aujourd\u2019hui qu\u2019elles voteront contre ce plan, rejoignant huit autres investisseurs ayant d\u00e9j\u00e0 fait part de leur opposition.\" \/>\n<meta name=\"robots\" content=\"index, follow, max-snippet:-1, max-image-preview:large, max-video-preview:-1\" \/>\n<link rel=\"canonical\" href=\"https:\/\/reclaimfinance.org\/site\/2022\/05\/24\/assemblee-generale-de-totalenergies-lopposition-monte\/\" \/>\n<meta property=\"og:locale\" content=\"fr_FR\" \/>\n<meta property=\"og:type\" content=\"article\" \/>\n<meta property=\"og:title\" content=\"Assembl\u00e9e g\u00e9n\u00e9rale de TotalEnergies : l&#039;opposition monte - Reclaim Finance\" \/>\n<meta property=\"og:description\" content=\"Les Assurances du Cr\u00e9dit Mutuel et Cr\u00e9dit Mutuel AM, filiales du cinqui\u00e8me groupe bancaire fran\u00e7ais, ont annonc\u00e9 aujourd\u2019hui qu\u2019elles voteront contre ce plan, rejoignant huit autres investisseurs ayant d\u00e9j\u00e0 fait part de leur opposition.\" \/>\n<meta property=\"og:url\" content=\"https:\/\/reclaimfinance.org\/site\/2022\/05\/24\/assemblee-generale-de-totalenergies-lopposition-monte\/\" \/>\n<meta property=\"og:site_name\" content=\"Reclaim Finance\" \/>\n<meta property=\"article:publisher\" content=\"https:\/\/www.facebook.com\/ReclaimFinanceONG\" \/>\n<meta property=\"article:published_time\" content=\"2022-05-24T13:53:46+00:00\" \/>\n<meta property=\"article:modified_time\" content=\"2023-02-08T12:39:22+00:00\" \/>\n<meta property=\"og:image\" content=\"https:\/\/reclaimfinance.org\/site\/wp-content\/uploads\/2022\/05\/1.-BANNER-SITEWEB9.png\" \/>\n\t<meta property=\"og:image:width\" content=\"1350\" \/>\n\t<meta property=\"og:image:height\" content=\"600\" \/>\n\t<meta property=\"og:image:type\" content=\"image\/png\" \/>\n<meta name=\"author\" content=\"admin\" \/>\n<meta name=\"twitter:card\" content=\"summary_large_image\" \/>\n<meta name=\"twitter:creator\" content=\"@ReclaimFinance\" \/>\n<meta name=\"twitter:site\" content=\"@ReclaimFinance\" \/>\n<meta name=\"twitter:label1\" content=\"\u00c9crit par\" \/>\n\t<meta name=\"twitter:data1\" content=\"admin\" \/>\n\t<meta name=\"twitter:label2\" content=\"Dur\u00e9e de lecture estim\u00e9e\" \/>\n\t<meta name=\"twitter:data2\" content=\"9 minutes\" \/>\n<script type=\"application\/ld+json\" class=\"yoast-schema-graph\">{\"@context\":\"https:\/\/schema.org\",\"@graph\":[{\"@type\":\"Article\",\"@id\":\"https:\/\/reclaimfinance.org\/site\/2022\/05\/24\/assemblee-generale-de-totalenergies-lopposition-monte\/#article\",\"isPartOf\":{\"@id\":\"https:\/\/reclaimfinance.org\/site\/2022\/05\/24\/assemblee-generale-de-totalenergies-lopposition-monte\/\"},\"author\":{\"name\":\"admin\",\"@id\":\"https:\/\/reclaimfinance.org\/site\/#\/schema\/person\/dbd09d024c848def6a64be0b4ace9786\"},\"headline\":\"Assembl\u00e9e g\u00e9n\u00e9rale de TotalEnergies : l&rsquo;opposition monte\",\"datePublished\":\"2022-05-24T13:53:46+00:00\",\"dateModified\":\"2023-02-08T12:39:22+00:00\",\"mainEntityOfPage\":{\"@id\":\"https:\/\/reclaimfinance.org\/site\/2022\/05\/24\/assemblee-generale-de-totalenergies-lopposition-monte\/\"},\"wordCount\":3500,\"commentCount\":0,\"publisher\":{\"@id\":\"https:\/\/reclaimfinance.org\/site\/#organization\"},\"image\":{\"@id\":\"https:\/\/reclaimfinance.org\/site\/2022\/05\/24\/assemblee-generale-de-totalenergies-lopposition-monte\/#primaryimage\"},\"thumbnailUrl\":\"https:\/\/reclaimfinance.org\/site\/wp-content\/uploads\/2022\/05\/1.-BANNER-SITEWEB9.png\",\"articleSection\":[\"Articles\"],\"inLanguage\":\"fr-FR\",\"potentialAction\":[{\"@type\":\"CommentAction\",\"name\":\"Comment\",\"target\":[\"https:\/\/reclaimfinance.org\/site\/2022\/05\/24\/assemblee-generale-de-totalenergies-lopposition-monte\/#respond\"]}]},{\"@type\":\"WebPage\",\"@id\":\"https:\/\/reclaimfinance.org\/site\/2022\/05\/24\/assemblee-generale-de-totalenergies-lopposition-monte\/\",\"url\":\"https:\/\/reclaimfinance.org\/site\/2022\/05\/24\/assemblee-generale-de-totalenergies-lopposition-monte\/\",\"name\":\"Assembl\u00e9e g\u00e9n\u00e9rale de TotalEnergies : l'opposition monte - Reclaim Finance\",\"isPartOf\":{\"@id\":\"https:\/\/reclaimfinance.org\/site\/#website\"},\"primaryImageOfPage\":{\"@id\":\"https:\/\/reclaimfinance.org\/site\/2022\/05\/24\/assemblee-generale-de-totalenergies-lopposition-monte\/#primaryimage\"},\"image\":{\"@id\":\"https:\/\/reclaimfinance.org\/site\/2022\/05\/24\/assemblee-generale-de-totalenergies-lopposition-monte\/#primaryimage\"},\"thumbnailUrl\":\"https:\/\/reclaimfinance.org\/site\/wp-content\/uploads\/2022\/05\/1.-BANNER-SITEWEB9.png\",\"datePublished\":\"2022-05-24T13:53:46+00:00\",\"dateModified\":\"2023-02-08T12:39:22+00:00\",\"description\":\"Les Assurances du Cr\u00e9dit Mutuel et Cr\u00e9dit Mutuel AM, filiales du cinqui\u00e8me groupe bancaire fran\u00e7ais, ont annonc\u00e9 aujourd\u2019hui qu\u2019elles voteront contre ce plan, rejoignant huit autres investisseurs ayant d\u00e9j\u00e0 fait part de leur opposition.\",\"breadcrumb\":{\"@id\":\"https:\/\/reclaimfinance.org\/site\/2022\/05\/24\/assemblee-generale-de-totalenergies-lopposition-monte\/#breadcrumb\"},\"inLanguage\":\"fr-FR\",\"potentialAction\":[{\"@type\":\"ReadAction\",\"target\":[\"https:\/\/reclaimfinance.org\/site\/2022\/05\/24\/assemblee-generale-de-totalenergies-lopposition-monte\/\"]}]},{\"@type\":\"ImageObject\",\"inLanguage\":\"fr-FR\",\"@id\":\"https:\/\/reclaimfinance.org\/site\/2022\/05\/24\/assemblee-generale-de-totalenergies-lopposition-monte\/#primaryimage\",\"url\":\"https:\/\/reclaimfinance.org\/site\/wp-content\/uploads\/2022\/05\/1.-BANNER-SITEWEB9.png\",\"contentUrl\":\"https:\/\/reclaimfinance.org\/site\/wp-content\/uploads\/2022\/05\/1.-BANNER-SITEWEB9.png\",\"width\":1350,\"height\":600},{\"@type\":\"BreadcrumbList\",\"@id\":\"https:\/\/reclaimfinance.org\/site\/2022\/05\/24\/assemblee-generale-de-totalenergies-lopposition-monte\/#breadcrumb\",\"itemListElement\":[{\"@type\":\"ListItem\",\"position\":1,\"name\":\"Accueil\",\"item\":\"https:\/\/reclaimfinance.org\/site\/\"},{\"@type\":\"ListItem\",\"position\":2,\"name\":\"Assembl\u00e9e g\u00e9n\u00e9rale de TotalEnergies : l&rsquo;opposition monte\"}]},{\"@type\":\"WebSite\",\"@id\":\"https:\/\/reclaimfinance.org\/site\/#website\",\"url\":\"https:\/\/reclaimfinance.org\/site\/\",\"name\":\"Reclaim Finance\",\"description\":\"Reprendre le contr\u00f4le de la finance pour le climat et la biodiversit\u00e9\",\"publisher\":{\"@id\":\"https:\/\/reclaimfinance.org\/site\/#organization\"},\"potentialAction\":[{\"@type\":\"SearchAction\",\"target\":{\"@type\":\"EntryPoint\",\"urlTemplate\":\"https:\/\/reclaimfinance.org\/site\/?s={search_term_string}\"},\"query-input\":\"required name=search_term_string\"}],\"inLanguage\":\"fr-FR\"},{\"@type\":\"Organization\",\"@id\":\"https:\/\/reclaimfinance.org\/site\/#organization\",\"name\":\"Reclaim Finance\",\"url\":\"https:\/\/reclaimfinance.org\/site\/\",\"logo\":{\"@type\":\"ImageObject\",\"inLanguage\":\"fr-FR\",\"@id\":\"https:\/\/reclaimfinance.org\/site\/#\/schema\/logo\/image\/\",\"url\":\"https:\/\/reclaimfinance.org\/site\/wp-content\/uploads\/2020\/03\/logo_RC_space.png\",\"contentUrl\":\"https:\/\/reclaimfinance.org\/site\/wp-content\/uploads\/2020\/03\/logo_RC_space.png\",\"width\":800,\"height\":800,\"caption\":\"Reclaim Finance\"},\"image\":{\"@id\":\"https:\/\/reclaimfinance.org\/site\/#\/schema\/logo\/image\/\"},\"sameAs\":[\"https:\/\/www.facebook.com\/ReclaimFinanceONG\",\"https:\/\/x.com\/ReclaimFinance\",\"https:\/\/www.instagram.com\/reclaimfinance\/\",\"https:\/\/www.linkedin.com\/company\/reclaim-finance-ong-think-tank\"]},{\"@type\":\"Person\",\"@id\":\"https:\/\/reclaimfinance.org\/site\/#\/schema\/person\/dbd09d024c848def6a64be0b4ace9786\",\"name\":\"admin\",\"image\":{\"@type\":\"ImageObject\",\"inLanguage\":\"fr-FR\",\"@id\":\"https:\/\/reclaimfinance.org\/site\/#\/schema\/person\/image\/\",\"url\":\"https:\/\/secure.gravatar.com\/avatar\/84f25c90b0db91b615a598cb16c83cdf?s=96&d=mm&r=g\",\"contentUrl\":\"https:\/\/secure.gravatar.com\/avatar\/84f25c90b0db91b615a598cb16c83cdf?s=96&d=mm&r=g\",\"caption\":\"admin\"},\"url\":\"https:\/\/reclaimfinance.org\/site\/author\/admin-2\/\"}]}<\/script>\n<!-- \/ Yoast SEO plugin. -->","yoast_head_json":{"title":"Assembl\u00e9e g\u00e9n\u00e9rale de TotalEnergies : l'opposition monte - Reclaim Finance","description":"Les Assurances du Cr\u00e9dit Mutuel et Cr\u00e9dit Mutuel AM, filiales du cinqui\u00e8me groupe bancaire fran\u00e7ais, ont annonc\u00e9 aujourd\u2019hui qu\u2019elles voteront contre ce plan, rejoignant huit autres investisseurs ayant d\u00e9j\u00e0 fait part de leur opposition.","robots":{"index":"index","follow":"follow","max-snippet":"max-snippet:-1","max-image-preview":"max-image-preview:large","max-video-preview":"max-video-preview:-1"},"canonical":"https:\/\/reclaimfinance.org\/site\/2022\/05\/24\/assemblee-generale-de-totalenergies-lopposition-monte\/","og_locale":"fr_FR","og_type":"article","og_title":"Assembl\u00e9e g\u00e9n\u00e9rale de TotalEnergies : l'opposition monte - Reclaim Finance","og_description":"Les Assurances du Cr\u00e9dit Mutuel et Cr\u00e9dit Mutuel AM, filiales du cinqui\u00e8me groupe bancaire fran\u00e7ais, ont annonc\u00e9 aujourd\u2019hui qu\u2019elles voteront contre ce plan, rejoignant huit autres investisseurs ayant d\u00e9j\u00e0 fait part de leur opposition.","og_url":"https:\/\/reclaimfinance.org\/site\/2022\/05\/24\/assemblee-generale-de-totalenergies-lopposition-monte\/","og_site_name":"Reclaim Finance","article_publisher":"https:\/\/www.facebook.com\/ReclaimFinanceONG","article_published_time":"2022-05-24T13:53:46+00:00","article_modified_time":"2023-02-08T12:39:22+00:00","og_image":[{"width":1350,"height":600,"url":"https:\/\/reclaimfinance.org\/site\/wp-content\/uploads\/2022\/05\/1.-BANNER-SITEWEB9.png","type":"image\/png"}],"author":"admin","twitter_card":"summary_large_image","twitter_creator":"@ReclaimFinance","twitter_site":"@ReclaimFinance","twitter_misc":{"\u00c9crit par":"admin","Dur\u00e9e de lecture estim\u00e9e":"9 minutes"},"schema":{"@context":"https:\/\/schema.org","@graph":[{"@type":"Article","@id":"https:\/\/reclaimfinance.org\/site\/2022\/05\/24\/assemblee-generale-de-totalenergies-lopposition-monte\/#article","isPartOf":{"@id":"https:\/\/reclaimfinance.org\/site\/2022\/05\/24\/assemblee-generale-de-totalenergies-lopposition-monte\/"},"author":{"name":"admin","@id":"https:\/\/reclaimfinance.org\/site\/#\/schema\/person\/dbd09d024c848def6a64be0b4ace9786"},"headline":"Assembl\u00e9e g\u00e9n\u00e9rale de TotalEnergies : l&rsquo;opposition monte","datePublished":"2022-05-24T13:53:46+00:00","dateModified":"2023-02-08T12:39:22+00:00","mainEntityOfPage":{"@id":"https:\/\/reclaimfinance.org\/site\/2022\/05\/24\/assemblee-generale-de-totalenergies-lopposition-monte\/"},"wordCount":3500,"commentCount":0,"publisher":{"@id":"https:\/\/reclaimfinance.org\/site\/#organization"},"image":{"@id":"https:\/\/reclaimfinance.org\/site\/2022\/05\/24\/assemblee-generale-de-totalenergies-lopposition-monte\/#primaryimage"},"thumbnailUrl":"https:\/\/reclaimfinance.org\/site\/wp-content\/uploads\/2022\/05\/1.-BANNER-SITEWEB9.png","articleSection":["Articles"],"inLanguage":"fr-FR","potentialAction":[{"@type":"CommentAction","name":"Comment","target":["https:\/\/reclaimfinance.org\/site\/2022\/05\/24\/assemblee-generale-de-totalenergies-lopposition-monte\/#respond"]}]},{"@type":"WebPage","@id":"https:\/\/reclaimfinance.org\/site\/2022\/05\/24\/assemblee-generale-de-totalenergies-lopposition-monte\/","url":"https:\/\/reclaimfinance.org\/site\/2022\/05\/24\/assemblee-generale-de-totalenergies-lopposition-monte\/","name":"Assembl\u00e9e g\u00e9n\u00e9rale de TotalEnergies : l'opposition monte - Reclaim Finance","isPartOf":{"@id":"https:\/\/reclaimfinance.org\/site\/#website"},"primaryImageOfPage":{"@id":"https:\/\/reclaimfinance.org\/site\/2022\/05\/24\/assemblee-generale-de-totalenergies-lopposition-monte\/#primaryimage"},"image":{"@id":"https:\/\/reclaimfinance.org\/site\/2022\/05\/24\/assemblee-generale-de-totalenergies-lopposition-monte\/#primaryimage"},"thumbnailUrl":"https:\/\/reclaimfinance.org\/site\/wp-content\/uploads\/2022\/05\/1.-BANNER-SITEWEB9.png","datePublished":"2022-05-24T13:53:46+00:00","dateModified":"2023-02-08T12:39:22+00:00","description":"Les Assurances du Cr\u00e9dit Mutuel et Cr\u00e9dit Mutuel AM, filiales du cinqui\u00e8me groupe bancaire fran\u00e7ais, ont annonc\u00e9 aujourd\u2019hui qu\u2019elles voteront contre ce plan, rejoignant huit autres investisseurs ayant d\u00e9j\u00e0 fait part de leur opposition.","breadcrumb":{"@id":"https:\/\/reclaimfinance.org\/site\/2022\/05\/24\/assemblee-generale-de-totalenergies-lopposition-monte\/#breadcrumb"},"inLanguage":"fr-FR","potentialAction":[{"@type":"ReadAction","target":["https:\/\/reclaimfinance.org\/site\/2022\/05\/24\/assemblee-generale-de-totalenergies-lopposition-monte\/"]}]},{"@type":"ImageObject","inLanguage":"fr-FR","@id":"https:\/\/reclaimfinance.org\/site\/2022\/05\/24\/assemblee-generale-de-totalenergies-lopposition-monte\/#primaryimage","url":"https:\/\/reclaimfinance.org\/site\/wp-content\/uploads\/2022\/05\/1.-BANNER-SITEWEB9.png","contentUrl":"https:\/\/reclaimfinance.org\/site\/wp-content\/uploads\/2022\/05\/1.-BANNER-SITEWEB9.png","width":1350,"height":600},{"@type":"BreadcrumbList","@id":"https:\/\/reclaimfinance.org\/site\/2022\/05\/24\/assemblee-generale-de-totalenergies-lopposition-monte\/#breadcrumb","itemListElement":[{"@type":"ListItem","position":1,"name":"Accueil","item":"https:\/\/reclaimfinance.org\/site\/"},{"@type":"ListItem","position":2,"name":"Assembl\u00e9e g\u00e9n\u00e9rale de TotalEnergies : l&rsquo;opposition monte"}]},{"@type":"WebSite","@id":"https:\/\/reclaimfinance.org\/site\/#website","url":"https:\/\/reclaimfinance.org\/site\/","name":"Reclaim Finance","description":"Reprendre le contr\u00f4le de la finance pour le climat et la biodiversit\u00e9","publisher":{"@id":"https:\/\/reclaimfinance.org\/site\/#organization"},"potentialAction":[{"@type":"SearchAction","target":{"@type":"EntryPoint","urlTemplate":"https:\/\/reclaimfinance.org\/site\/?s={search_term_string}"},"query-input":"required name=search_term_string"}],"inLanguage":"fr-FR"},{"@type":"Organization","@id":"https:\/\/reclaimfinance.org\/site\/#organization","name":"Reclaim Finance","url":"https:\/\/reclaimfinance.org\/site\/","logo":{"@type":"ImageObject","inLanguage":"fr-FR","@id":"https:\/\/reclaimfinance.org\/site\/#\/schema\/logo\/image\/","url":"https:\/\/reclaimfinance.org\/site\/wp-content\/uploads\/2020\/03\/logo_RC_space.png","contentUrl":"https:\/\/reclaimfinance.org\/site\/wp-content\/uploads\/2020\/03\/logo_RC_space.png","width":800,"height":800,"caption":"Reclaim Finance"},"image":{"@id":"https:\/\/reclaimfinance.org\/site\/#\/schema\/logo\/image\/"},"sameAs":["https:\/\/www.facebook.com\/ReclaimFinanceONG","https:\/\/x.com\/ReclaimFinance","https:\/\/www.instagram.com\/reclaimfinance\/","https:\/\/www.linkedin.com\/company\/reclaim-finance-ong-think-tank"]},{"@type":"Person","@id":"https:\/\/reclaimfinance.org\/site\/#\/schema\/person\/dbd09d024c848def6a64be0b4ace9786","name":"admin","image":{"@type":"ImageObject","inLanguage":"fr-FR","@id":"https:\/\/reclaimfinance.org\/site\/#\/schema\/person\/image\/","url":"https:\/\/secure.gravatar.com\/avatar\/84f25c90b0db91b615a598cb16c83cdf?s=96&d=mm&r=g","contentUrl":"https:\/\/secure.gravatar.com\/avatar\/84f25c90b0db91b615a598cb16c83cdf?s=96&d=mm&r=g","caption":"admin"},"url":"https:\/\/reclaimfinance.org\/site\/author\/admin-2\/"}]}},"_links":{"self":[{"href":"https:\/\/reclaimfinance.org\/site\/wp-json\/wp\/v2\/posts\/21803"}],"collection":[{"href":"https:\/\/reclaimfinance.org\/site\/wp-json\/wp\/v2\/posts"}],"about":[{"href":"https:\/\/reclaimfinance.org\/site\/wp-json\/wp\/v2\/types\/post"}],"author":[{"embeddable":true,"href":"https:\/\/reclaimfinance.org\/site\/wp-json\/wp\/v2\/users\/28"}],"replies":[{"embeddable":true,"href":"https:\/\/reclaimfinance.org\/site\/wp-json\/wp\/v2\/comments?post=21803"}],"version-history":[{"count":0,"href":"https:\/\/reclaimfinance.org\/site\/wp-json\/wp\/v2\/posts\/21803\/revisions"}],"wp:featuredmedia":[{"embeddable":true,"href":"https:\/\/reclaimfinance.org\/site\/wp-json\/wp\/v2\/media\/21811"}],"wp:attachment":[{"href":"https:\/\/reclaimfinance.org\/site\/wp-json\/wp\/v2\/media?parent=21803"}],"wp:term":[{"taxonomy":"category","embeddable":true,"href":"https:\/\/reclaimfinance.org\/site\/wp-json\/wp\/v2\/categories?post=21803"},{"taxonomy":"post_tag","embeddable":true,"href":"https:\/\/reclaimfinance.org\/site\/wp-json\/wp\/v2\/tags?post=21803"},{"taxonomy":"acteurs_financiers","embeddable":true,"href":"https:\/\/reclaimfinance.org\/site\/wp-json\/wp\/v2\/acteurs_financiers?post=21803"},{"taxonomy":"thematique","embeddable":true,"href":"https:\/\/reclaimfinance.org\/site\/wp-json\/wp\/v2\/thematique?post=21803"},{"taxonomy":"webinar_type","embeddable":true,"href":"https:\/\/reclaimfinance.org\/site\/wp-json\/wp\/v2\/webinar_type?post=21803"},{"taxonomy":"programme","embeddable":true,"href":"https:\/\/reclaimfinance.org\/site\/wp-json\/wp\/v2\/programme?post=21803"}],"curies":[{"name":"wp","href":"https:\/\/api.w.org\/{rel}","templated":true}]}}