{"id":23062,"date":"2022-09-21T00:01:30","date_gmt":"2022-09-20T22:01:30","guid":{"rendered":"https:\/\/reclaimfinance.org\/site\/?p=23062"},"modified":"2023-02-08T11:45:51","modified_gmt":"2023-02-08T10:45:51","slug":"banque-centrale-europeenne-un-bouclier-vert-contre-linflation","status":"publish","type":"post","link":"https:\/\/reclaimfinance.org\/site\/2022\/09\/21\/banque-centrale-europeenne-un-bouclier-vert-contre-linflation\/","title":{"rendered":"Banque centrale europ\u00e9enne : un bouclier vert contre l&rsquo;inflation"},"content":{"rendered":"<p><div class=\"fusion-fullwidth fullwidth-box fusion-builder-row-1 fusion-flex-container nonhundred-percent-fullwidth non-hundred-percent-height-scrolling\" style=\"--awb-border-radius-top-left:0px;--awb-border-radius-top-right:0px;--awb-border-radius-bottom-right:0px;--awb-border-radius-bottom-left:0px;--awb-flex-wrap:wrap;\" ><div class=\"fusion-builder-row fusion-row fusion-flex-align-items-flex-start fusion-flex-content-wrap\" style=\"max-width:1216.8px;margin-left: calc(-4% \/ 2 );margin-right: calc(-4% \/ 2 );\"><div class=\"fusion-layout-column fusion_builder_column fusion-builder-column-0 fusion_builder_column_1_1 1_1 fusion-flex-column\" style=\"--awb-bg-size:cover;--awb-width-large:100%;--awb-margin-top-large:0px;--awb-spacing-right-large:1.92%;--awb-margin-bottom-large:20px;--awb-spacing-left-large:1.92%;--awb-width-medium:100%;--awb-order-medium:0;--awb-spacing-right-medium:1.92%;--awb-spacing-left-medium:1.92%;--awb-width-small:100%;--awb-order-small:0;--awb-spacing-right-small:1.92%;--awb-spacing-left-small:1.92%;\"><div class=\"fusion-column-wrapper fusion-column-has-shadow fusion-flex-justify-content-flex-start fusion-content-layout-column\"><div class=\"fusion-text fusion-text-1\"><p style=\"text-align: justify;\"><strong><span style=\"color: #8ac56b;\"><b>Communiqu\u00e9 de presse\u00a0<\/b><\/span><\/strong><\/p>\n<p style=\"text-align: justify;\"><b><span style=\"color: #8ac56b;\"><span class=\"TextRun SCXW60635315 BCX4\" lang=\"FR-FR\" xml:lang=\"FR-FR\" data-contrast=\"none\"><span class=\"NormalTextRun SCXW60635315 BCX4\" data-ccp-parastyle=\"Normal (Web)\"><span class=\"TextRun SCXW129514439 BCX4\" lang=\"FR-FR\" xml:lang=\"FR-FR\" data-contrast=\"auto\"><span class=\"NormalTextRun SCXW129514439 BCX4\">Paris, le 21 septembre 2022 \u2013 Dop\u00e9e par les prix du gaz qui d\u00e9passaient la barre des \u20ac300 par Mwh en ao\u00fbt 2022 (1), l&rsquo;inflation europ\u00e9enne atteint chaque mois un nouveau sommet (2). Alors que l\u2019hiver s\u2019annonce tr\u00e8s difficile, les dirigeants europ\u00e9ens peinent \u00e0 prot\u00e9ger les m\u00e9nages et \u00e0 sortir d\u2019une crise qui s\u2019inscrit dans la dur\u00e9e (3). Pourtant responsable de contenir l\u2019inflation au sein de l\u2019Eurosyst\u00e8me, la Banque centrale europ\u00e9enne (BCE) \u00e9choue pour l\u2019instant \u00e0 leur venir en aide. Face \u00e0 ce constat, un rapport de Reclaim Finance ouvre une nouvelle voie pour r\u00e9pondre \u00e0 la crise en proposant une intervention forte de la BCE en faveur d&rsquo;une transition \u00e9nerg\u00e9tique verte au sein de l\u2019Union europ\u00e9enne.<\/span><\/span><\/span><\/span><\/span><\/b><\/p>\n<\/div><\/div><\/div><div class=\"fusion-layout-column fusion_builder_column fusion-builder-column-1 fusion_builder_column_1_1 1_1 fusion-flex-column\" style=\"--awb-bg-size:cover;--awb-width-large:100%;--awb-margin-top-large:0px;--awb-spacing-right-large:1.92%;--awb-margin-bottom-large:20px;--awb-spacing-left-large:1.92%;--awb-width-medium:100%;--awb-order-medium:0;--awb-spacing-right-medium:1.92%;--awb-spacing-left-medium:1.92%;--awb-width-small:100%;--awb-order-small:0;--awb-spacing-right-small:1.92%;--awb-spacing-left-small:1.92%;\"><div class=\"fusion-column-wrapper fusion-column-has-shadow fusion-flex-justify-content-flex-start fusion-content-layout-column\"><div class=\"fusion-text fusion-text-2\" style=\"--awb-content-alignment:justify;\"><p>Alors que la BCE vient d\u2019annoncer une nouvelle hausse des taux (4), continuant ainsi de suivre une strat\u00e9gie qui n\u2019a pas suffi \u00e0 contenir l\u2019inflation europ\u00e9enne, Reclaim Finance appelle la banque centrale \u00e0 bien diagnostiquer les sources de la crise pour mieux y r\u00e9pondre.<\/p>\n<p>Dans son rapport, intitul\u00e9 \u00ab\u00a0Managing inflation by supercharging a clean energy transition\u201d (5), l\u2019ONG revient sur les trois types d\u2019inflations mentionn\u00e9es par l\u2019influente membre du directoire de la BCE Isabel Schnabel (\u201cfossilflation\u201d, \u201cclimateflation\u201d and \u201cgreenflation\u201d (6)). En d\u00e9montrant que la d\u00e9pendance aux \u00e9nergies fossiles et l&rsquo;intensification du changement climatique peuvent fortement contribuer \u00e0 l&rsquo;inflation et la rendre de plus en plus difficile \u00e0 contr\u00f4ler, elle incite la BCE \u00e0 soutenir une transition \u00e9nerg\u00e9tique europ\u00e9enne pour respecter son mandat principal de stabilit\u00e9 des prix.<\/p>\n<blockquote>\n<p>\u201cLa traditionnelle bo\u00eete \u00e0 outils de la BCE n\u2019est pas adapt\u00e9e aux inflations li\u00e9es au climat. Les hausses de taux ne changent fondamentalement rien ni \u00e0 l\u2019inflation caus\u00e9e par des inondations qui coupent les approvisionnements et d\u00e9truisent les r\u00e9coltes, ni \u00e0 celle aliment\u00e9e par la hausse des prix du p\u00e9trole et du gaz. La BCE doit s&rsquo;attaquer aux causes &#8211; et pas uniquement aux sympt\u00f4mes &#8211; de ces inflations. Elle peut le faire en soutenant une transition \u00e9nerg\u00e9tique europ\u00e9enne, qui participe \u00e0 la lutte contre le r\u00e9chauffement plan\u00e9taire tout en coupant le lien entre inflation et prix des \u00e9nergies fossiles.\u201d, <strong>d\u00e9clare Paul Schreiber, charg\u00e9 de campagne Supervision des institutions financi\u00e8res.<\/strong><\/p>\n<\/blockquote>\n<p>L\u2019appel de Reclaim Finance fait \u00e9cho, d\u2019une part, aux pr\u00e9occupations des Europ\u00e9ens et Fran\u00e7ais qui peinent \u00e0 affronter l\u2019inflation et soutiennent une r\u00e9ponse par la transition \u00e9nerg\u00e9tique (7) et, d\u2019autre part, aux propos du directeur de l\u2019Agence internationale de l\u2019\u00e9nergie (AIE) qui demande de r\u00e9pondre \u00e0 la crise \u00e9nerg\u00e9tique et \u00e9conomique en investissant massivement dans les \u00e9nergies propres et l\u2019efficacit\u00e9 \u00e9nerg\u00e9tique (8).<\/p>\n<p>Reclaim Finance propose \u00e0 la BCE trois mesures essentielles pour soutenir la transition \u00e9nerg\u00e9tique europ\u00e9enne :<\/p>\n<ul>\n<li>Couper tout soutien \u2013 via les achats d\u2019actifs et l\u2019acceptation en tant que collat\u00e9raux \u2013 aux entreprises fondamentalement incompatibles avec la limitation du r\u00e9chauffement climatique \u00e0 1.5\u00b0C, dont celles qui d\u00e9veloppent de nouveaux projets de charbon, p\u00e9trole et gaz ou qui ne disposent pas de plan de sortie du charbon (9) ;<\/li>\n<li>Mettre en place des facilit\u00e9s de financements vertes permettant l\u2019octroi massif de pr\u00eats \u00e0 la r\u00e9novation \u00e9nerg\u00e9tique (10) ;<\/li>\n<li>Se coordonner avec la Banque europ\u00e9enne d\u2019investissement et la Commission europ\u00e9enne pour financer les programmes europ\u00e9ens favorisant une transition juste<\/li>\n<\/ul>\n<p>(11).<\/p>\n<blockquote>\n<p>\u00ab Qu\u2019attend la BCE ? Alors que les Europ\u00e9ens peinent \u00e0 affronter la mont\u00e9e des prix et que les Etats s&#8217;empressent tant bien que mal de trouver des solutions communes, la BCE peut rapidement lancer des facilit\u00e9s de financements permettant l\u2019octroi de pr\u00eats \u00e0 taux z\u00e9ro pour la r\u00e9novation \u00e9nerg\u00e9tique partout dans l&rsquo;UE. Plusieurs grandes banques centrales appliquent d\u00e9j\u00e0 des mesures comparables (12) et Christine Lagarde avait d\u00e9clar\u00e9 \u00eatre ouverte \u00e0 la proposition il y a quelques mois d\u00e9j\u00e0 (13)&#8230; Il faut passer \u00e0 l\u2019action ! \u00bb<strong> conclut Paul Schreiber.<\/strong><\/p>\n<\/blockquote>\n<\/div><div style=\"text-align:center;\"><a class=\"fusion-button button-flat fusion-button-default-size button-default fusion-button-default button-1 fusion-button-default-span fusion-button-default-type\" style=\"--button_margin-bottom:10px;\" target=\"_blank\" rel=\"noopener noreferrer\" href=\"https:\/\/reclaimfinance.org\/site\/wp-content\/uploads\/2022\/09\/Report-Supercharging-a-EU-clean-energy-transition-ECB.pdf\"><span class=\"fusion-button-text\">Lire le rapport<\/span><\/a><\/div><\/div><\/div><\/div><\/div><div class=\"fusion-fullwidth fullwidth-box fusion-builder-row-2 fusion-flex-container nonhundred-percent-fullwidth non-hundred-percent-height-scrolling\" style=\"--link_hover_color: #ffffff;--awb-border-radius-top-left:0px;--awb-border-radius-top-right:0px;--awb-border-radius-bottom-right:0px;--awb-border-radius-bottom-left:0px;--awb-flex-wrap:wrap;\" ><div class=\"fusion-builder-row fusion-row fusion-flex-align-items-flex-start fusion-flex-content-wrap\" style=\"max-width:1216.8px;margin-left: calc(-4% \/ 2 );margin-right: calc(-4% \/ 2 );\"><div class=\"fusion-layout-column fusion_builder_column fusion-builder-column-2 fusion_builder_column_1_1 1_1 fusion-flex-column\" style=\"--awb-padding-top:10px;--awb-padding-right:10px;--awb-padding-bottom:0px;--awb-padding-left:10px;--awb-overflow:hidden;--awb-bg-size:cover;--awb-border-color:#ffffff;--awb-border-top:1px;--awb-border-right:1px;--awb-border-bottom:1px;--awb-border-left:1px;--awb-border-style:solid;--awb-border-radius:10px 10px 10px 10px;--awb-width-large:100%;--awb-margin-top-large:0px;--awb-spacing-right-large:1.92%;--awb-margin-bottom-large:20px;--awb-spacing-left-large:1.92%;--awb-width-medium:100%;--awb-order-medium:0;--awb-spacing-right-medium:1.92%;--awb-spacing-left-medium:1.92%;--awb-width-small:100%;--awb-order-small:0;--awb-spacing-right-small:1.92%;--awb-spacing-left-small:1.92%;\"><div class=\"fusion-column-wrapper fusion-column-has-shadow fusion-flex-justify-content-flex-start fusion-content-layout-column\"><div class=\"fusion-text fusion-text-3\"><p><b><span style=\"text-decoration: underline; color: #ffffff;\">Contact<\/span><span style=\"color: #ffffff;\"> :<\/span><u><\/u><\/b><\/p>\n<ul>\n<li>Paul Schreiber, Charg\u00e9 de campagne Supervision des institutions financi\u00e8res, <span style=\"text-decoration: underline;\"><a href=\"mailto:paul@reclaimfinance.org\">paul@reclaimfinance.org<\/a><\/span>, +33689020788<\/li>\n<li>Ana\u00efs Lehnert, Responsable communication, <span style=\"text-decoration: underline;\"><a href=\"mailto:anais@reclaimfinance.org\">anais@reclaimfinance.org<\/a><\/span>, +33670085898<\/li>\n<\/ul>\n<\/div><div class=\"fusion-text fusion-text-4\"><\/div><div class=\"fusion-text fusion-text-5\"><\/div><\/div><\/div><\/div><\/div><div class=\"fusion-fullwidth fullwidth-box fusion-builder-row-3 fusion-flex-container nonhundred-percent-fullwidth non-hundred-percent-height-scrolling\" style=\"--link_hover_color: #59bc6d;--awb-border-radius-top-left:0px;--awb-border-radius-top-right:0px;--awb-border-radius-bottom-right:0px;--awb-border-radius-bottom-left:0px;--awb-flex-wrap:wrap;\" ><div class=\"fusion-builder-row fusion-row fusion-flex-align-items-flex-start fusion-flex-content-wrap\" style=\"max-width:1216.8px;margin-left: calc(-4% \/ 2 );margin-right: calc(-4% \/ 2 );\"><div class=\"fusion-layout-column fusion_builder_column fusion-builder-column-3 fusion_builder_column_1_1 1_1 fusion-flex-column\" style=\"--awb-padding-top:10px;--awb-padding-right:10px;--awb-padding-bottom:0px;--awb-padding-left:10px;--awb-overflow:hidden;--awb-bg-size:cover;--awb-border-color:#59bc6d;--awb-border-top:1px;--awb-border-right:1px;--awb-border-bottom:1px;--awb-border-left:1px;--awb-border-style:solid;--awb-border-radius:10px 10px 10px 10px;--awb-width-large:100%;--awb-margin-top-large:0px;--awb-spacing-right-large:1.92%;--awb-margin-bottom-large:20px;--awb-spacing-left-large:1.92%;--awb-width-medium:100%;--awb-order-medium:0;--awb-spacing-right-medium:1.92%;--awb-spacing-left-medium:1.92%;--awb-width-small:100%;--awb-order-small:0;--awb-spacing-right-small:1.92%;--awb-spacing-left-small:1.92%;\"><div class=\"fusion-column-wrapper fusion-column-has-shadow fusion-flex-justify-content-flex-start fusion-content-layout-column\"><div class=\"fusion-text fusion-text-6\" style=\"--awb-content-alignment:justify;\"><p style=\"text-align: justify;\"><b><span style=\"text-decoration: underline; color: #59bc6d;\">Notes<\/span><span style=\"color: #59bc6d;\"> :<\/span><u><\/u><\/b><\/p>\n<ol>\n<li>Fin ao\u00fbt 2022, les prix du gaz sur le march\u00e9 europ\u00e9en on atteint <span style=\"text-decoration: underline;\"><a href=\"https:\/\/www.ft.com\/content\/40cec809-3279-4066-add6-fbc31953e6c2\" target=\"_blank\" rel=\"noopener\">un niveau historique de \u20ac343 par megawatt heure<\/a><\/span>, soit plus de deux fois le niveau de la fin juillet 2022 et sept fois celui d\u2019un an auparavant.<\/li>\n<li>L\u2019inflation europ\u00e9enne n\u2019a cess\u00e9 de d\u00e9passer son niveau record depuis l\u2019introduction de l\u2019euro en 2021 et 2022 (voir partie 1.2 du rapport). Elle atteignait <span style=\"text-decoration: underline;\"><a href=\"https:\/\/www.ecb.europa.eu\/stats\/macroeconomic_and_sectoral\/hicp\/html\/index.en.html\" target=\"_blank\" rel=\"noopener\">8.9% en juillet 2022<\/a><\/span>, avec des niveaux bien plus \u00e9lev\u00e9s dans certains pays, comme 23.2% en Estonie.<\/li>\n<li>Les pays europ\u00e9ens ont adopt\u00e9<span style=\"text-decoration: underline;\"><a href=\"https:\/\/www.euronews.com\/next\/2022\/08\/26\/energy-bills-are-soaring-in-europe-what-are-countries-doing-to-help-you-pay-them\" target=\"_blank\" rel=\"noopener\"> une batterie de mesures diff\u00e9rentes<\/a><\/span> afin de prot\u00e9ger les m\u00e9nages sans pour autant r\u00e9ussir \u00e0 proposer des mesures apportant une r\u00e9ponse durable \u00e0 la crise. Au-del\u00e0 de ces r\u00e9ponses vari\u00e9es, une r\u00e9ponse europ\u00e9enne commune est en train d\u2019\u00eatre discut\u00e9e <span style=\"text-decoration: underline;\"><a href=\"https:\/\/www.politico.eu\/newsletter\/brussels-playbook\/energy-scoop-chiocchettis-competition-ukrainian-pm-interview\/?utm_source=POLITICO.EU&amp;utm_campaign=af02850cd9-EMAIL_CAMPAIGN_2022_09_05_03_52&amp;utm_medium=email&amp;utm_term=0_10959edeb5-af02850cd9-190851340\" target=\"_blank\" rel=\"noopener\">et devrait conduire \u00e0 l\u2019adoption d\u2019une taxe sur les \u00ab superprofits \u00bb<\/a><\/span> permettant de financer des mesures de soutien aux plus vuln\u00e9rables. D\u2019autres mesures \u2013 comme la fixation d\u2019une limite aux prix du gaz ou encore une r\u00e9forme du march\u00e9 de l\u2019\u00e9lectricit\u00e9 \u2013 sont discut\u00e9es mais ne font pas consensus. Malgr\u00e9 ces mesures et les hausses de taux d\u00e9j\u00e0 d\u00e9cid\u00e9es par la<br \/>\nBCE, les pr\u00e9visions d\u2019inflation restent \u00e9lev\u00e9es sur plusieurs ann\u00e9es.<\/li>\n<li>La BCE <span style=\"text-decoration: underline;\"><a href=\"https:\/\/www.ecb.europa.eu\/press\/pr\/date\/2022\/html\/ecb.mp220908~c1b6839378.en.html\" target=\"_blank\" rel=\"noopener\">a d\u00e9cid\u00e9 d\u2019augmenter<\/a><\/span> les directeurs de 75 points de base (0.75%) le 8 septembre.<\/li>\n<li>Voir le rapport complet <span style=\"text-decoration: underline;\"><a href=\"https:\/\/reclaimfinance.org\/site\/wp-content\/uploads\/2022\/09\/2022.09.21_Reclaim-Finance_Managing-inflation-by-supercharging-a-clean-energy-transition-What-the-ECB-should-do.pdf\" target=\"_blank\" rel=\"noopener\">ici<\/a><\/span>.<\/li>\n<li>Ces diff\u00e9rentes inflations sont identifi\u00e9es par Isabel Schnabel dans son discours \u201c<span style=\"text-decoration: underline;\"><a href=\"https:\/\/www.ecb.europa.eu\/press\/key\/date\/2022\/html\/ecb.sp220317_2~dbb3582f0a.en.html\" target=\"_blank\" rel=\"noopener\">A new age of energy inflation: climateflation, fossilflation and greenflation<\/a><\/span>\u201d en mars 2022. Elles sont d\u00e9finies bri\u00e8vement dans le r\u00e9sum\u00e9 ex\u00e9cutif du rapport.<\/li>\n<li><span style=\"text-decoration: underline;\"><a href=\"https:\/\/www.moreincommon.com\/our-work\/navigating-the-cost-of-living-crisis\/\" target=\"_blank\" rel=\"noopener\">Un sondage conduit en France, en Allemagne, en Pologne et au Royaume-Uni<\/a><\/span> par Moreincommon montre que la majorit\u00e9 des m\u00e9nages peine \u00e0 affronter la crise actuelle. Il r\u00e9v\u00e8le aussi un important soutien pour la transition \u00e9nerg\u00e9tique et des risques majeurs de perturbations sociales en cas d\u2019inaction.<\/li>\n<li>Fatih Birol \u2013 directeur de l\u2019AIE \u2013 a notamment mis l\u2019accent sur la n\u00e9cessit\u00e9 de r\u00e9pondre \u00e0 la crise en investissant dans les \u00e9nergies propres lors du <span style=\"text-decoration: underline;\"><a href=\"https:\/\/sg-mktg.com\/MTY2MjM1MDU1NXxkTTBKbWlFRTJQR3Jqd3I1eXlVSWNDejVKNThQYzdfb2lWbGhSNE5VNXJJeHZBUTdXN2Jmckw0c1B0M0w2YVFSV1JaTkZNalpoREticGItOWxlTWVuYU9hZkU0Z1pBN2J0NU9LZFFnRzk5QzVOdXIyWmRyY2dESWViQ0huZTBuWUtpSFBKOWRkWkdTQWVBVnFRdGF6WlVCRWpDUk9QMGViYTlmQUtaa3pFSXlBOWJ1QXdoZHd5eUhNQlJhdHpyUFM5TWx5dWk1SkhJLU4wV09Ca2c1dmdQT3N0a1VESkhfZUR0OVU3RTN0ekxGX2RMbTJjZnFWNXhUWEVqcGJIek1qRDIwNXROOD18_sNR3ztXilvJiqYH86AD1BdXvrO_0tgu6vMWyeKg5nw=\" target=\"_blank\" rel=\"noopener\">r\u00e9cent sommet du G20<\/a><\/span> ou encore dans <span style=\"text-decoration: underline;\"><a href=\"https:\/\/www.cnbc.com\/2022\/04\/28\/op-ed-russia-ukraine-war-shows-urgent-need-to-move-off-fossil-fuels.html\" target=\"_blank\" rel=\"noopener\">une tribune cosign\u00e9e avec le ministre du climat norv\u00e9gien<\/a><\/span>. Par ailleurs, l\u2019AIE et l\u2019OCDE ont r\u00e9cemment <span style=\"text-decoration: underline;\"><a href=\"https:\/\/www.iea.org\/news\/support-for-fossil-fuels-almost-doubled-in-2021-slowing-progress-toward-international-climate-goals-according-to-new-analysis-from-oecd-and-iea?utm_source=SendGrid&amp;utm_medium=Email&amp;utm_campaign=IEA+newsletters\" target=\"_blank\" rel=\"noopener\">d\u00e9nonc\u00e9 le recours massif aux subventions aux \u00e9nergies fossiles<\/a><\/span> en 2021.<\/li>\n<li>Voir partie 3.1 du rapport.<\/li>\n<li>Voir partie 3.2 du rapport. Cette proposition a \u00e9t\u00e9 \u00e9tay\u00e9e dans <span style=\"text-decoration: underline;\"><a href=\"https:\/\/www.positivemoney.eu\/2021\/02\/report-building-renovation-wave-tltros\/\" target=\"_blank\" rel=\"noopener\">plusieurs rapport de l\u2019ONG Positive Money<\/a><\/span> Europe et est aussi une des demandes clefs de la <span style=\"text-decoration: underline;\"><a href=\"https:\/\/unlock.green\/fr\/\" target=\"_blank\" rel=\"noopener\">campagne \u00ab Unlock \u00bb<\/a><\/span> qui rassemble ONGs environnementales et sp\u00e9cialis\u00e9es sur la r\u00e9novation des b\u00e2timents.<\/li>\n<li>Voir partie 3.3 du rapport.<\/li>\n<li>Bien qu\u2019elles soient pour l\u2019instant limit\u00e9es et mal cibl\u00e9es, des facilit\u00e9s de financements des activit\u00e9s contribuant \u00e0 l\u2019atteinte des objectifs climatiques ont \u00e9t\u00e9 mises en place <span style=\"text-decoration: underline;\"><a href=\"https:\/\/greencentralbanking.com\/2021\/06\/21\/bank-of-japan-to-launch-climate-lending-facility\/\" target=\"_blank\" rel=\"noopener\">au Japon<\/a><\/span> ou <span style=\"text-decoration: underline;\"><a href=\"https:\/\/ieefa.org\/articles\/chinas-central-bank-leading-way-bold-green-finance-policies\" target=\"_blank\" rel=\"noopener\">en Chine.<\/a><\/span><\/li>\n<li>Christine Lagarde s\u2019est notamment <span style=\"text-decoration: underline;\"><a href=\"https:\/\/www.positivemoney.eu\/2022\/06\/lagarde-lower-rates-climate-investments\/\" target=\"_blank\" rel=\"noopener\">d\u00e9clar\u00e9e ouverte \u00e0 la proposition d\u2019une facilit\u00e9 de refinancement verte<\/a><\/span> en juin 2022.<\/li>\n<\/ol>\n<\/div><\/div><\/div><\/div><\/div><\/p>\n","protected":false},"excerpt":{"rendered":"","protected":false},"author":26,"featured_media":22452,"comment_status":"open","ping_status":"open","sticky":false,"template":"","format":"standard","meta":{"footnotes":""},"categories":[36],"tags":[],"acteurs_financiers":[2403],"thematique":[2281],"webinar_type":[],"programme":[],"class_list":["post-23062","post","type-post","status-publish","format-standard","has-post-thumbnail","hentry","category-communique-de-presse","acteurs_financiers-regulateurs-fr","thematique-energies-renouvelables-fr"],"yoast_head":"<!-- This site is optimized with the Yoast SEO plugin v23.1 - https:\/\/yoast.com\/wordpress\/plugins\/seo\/ -->\n<title>Banque centrale europ\u00e9enne : un bouclier vert contre l&#039;inflation - Reclaim Finance<\/title>\n<meta name=\"description\" content=\"Reclaim Finance ouvre une nouvelle voie pour r\u00e9pondre \u00e0 la crise en proposant une intervention forte de la BCE en faveur d&#039;une transition \u00e9nerg\u00e9tique verte au sein de l\u2019Union europ\u00e9enne.\" \/>\n<meta name=\"robots\" content=\"index, follow, max-snippet:-1, max-image-preview:large, max-video-preview:-1\" \/>\n<link rel=\"canonical\" href=\"https:\/\/reclaimfinance.org\/site\/2022\/09\/21\/banque-centrale-europeenne-un-bouclier-vert-contre-linflation\/\" \/>\n<meta property=\"og:locale\" content=\"fr_FR\" \/>\n<meta property=\"og:type\" content=\"article\" \/>\n<meta property=\"og:title\" content=\"Banque centrale europ\u00e9enne : un bouclier vert contre l&#039;inflation - Reclaim Finance\" \/>\n<meta property=\"og:description\" content=\"Reclaim Finance ouvre une nouvelle voie pour r\u00e9pondre \u00e0 la crise en proposant une intervention forte de la BCE en faveur d&#039;une transition \u00e9nerg\u00e9tique verte au sein de l\u2019Union europ\u00e9enne.\" \/>\n<meta property=\"og:url\" content=\"https:\/\/reclaimfinance.org\/site\/2022\/09\/21\/banque-centrale-europeenne-un-bouclier-vert-contre-linflation\/\" \/>\n<meta property=\"og:site_name\" content=\"Reclaim Finance\" \/>\n<meta property=\"article:publisher\" content=\"https:\/\/www.facebook.com\/ReclaimFinanceONG\" \/>\n<meta property=\"article:published_time\" content=\"2022-09-20T22:01:30+00:00\" \/>\n<meta property=\"article:modified_time\" content=\"2023-02-08T10:45:51+00:00\" \/>\n<meta property=\"og:image\" content=\"https:\/\/reclaimfinance.org\/site\/wp-content\/uploads\/2022\/07\/1.-BANNER-SITEWEB6-min.png\" \/>\n\t<meta property=\"og:image:width\" content=\"1350\" \/>\n\t<meta property=\"og:image:height\" content=\"600\" \/>\n\t<meta property=\"og:image:type\" content=\"image\/png\" \/>\n<meta name=\"author\" content=\"L\u00e9o Martin\" \/>\n<meta name=\"twitter:card\" content=\"summary_large_image\" \/>\n<meta name=\"twitter:creator\" content=\"@ReclaimFinance\" \/>\n<meta name=\"twitter:site\" content=\"@ReclaimFinance\" \/>\n<meta name=\"twitter:label1\" content=\"\u00c9crit par\" \/>\n\t<meta name=\"twitter:data1\" content=\"L\u00e9o Martin\" \/>\n\t<meta name=\"twitter:label2\" content=\"Dur\u00e9e de lecture estim\u00e9e\" \/>\n\t<meta name=\"twitter:data2\" content=\"10 minutes\" \/>\n<script type=\"application\/ld+json\" class=\"yoast-schema-graph\">{\"@context\":\"https:\/\/schema.org\",\"@graph\":[{\"@type\":\"Article\",\"@id\":\"https:\/\/reclaimfinance.org\/site\/2022\/09\/21\/banque-centrale-europeenne-un-bouclier-vert-contre-linflation\/#article\",\"isPartOf\":{\"@id\":\"https:\/\/reclaimfinance.org\/site\/2022\/09\/21\/banque-centrale-europeenne-un-bouclier-vert-contre-linflation\/\"},\"author\":{\"name\":\"L\u00e9o Martin\",\"@id\":\"https:\/\/reclaimfinance.org\/site\/#\/schema\/person\/92f0f8d102e5e411f092871d8eeb3db1\"},\"headline\":\"Banque centrale europ\u00e9enne : un bouclier vert contre l&rsquo;inflation\",\"datePublished\":\"2022-09-20T22:01:30+00:00\",\"dateModified\":\"2023-02-08T10:45:51+00:00\",\"mainEntityOfPage\":{\"@id\":\"https:\/\/reclaimfinance.org\/site\/2022\/09\/21\/banque-centrale-europeenne-un-bouclier-vert-contre-linflation\/\"},\"wordCount\":2570,\"commentCount\":0,\"publisher\":{\"@id\":\"https:\/\/reclaimfinance.org\/site\/#organization\"},\"image\":{\"@id\":\"https:\/\/reclaimfinance.org\/site\/2022\/09\/21\/banque-centrale-europeenne-un-bouclier-vert-contre-linflation\/#primaryimage\"},\"thumbnailUrl\":\"https:\/\/reclaimfinance.org\/site\/wp-content\/uploads\/2022\/07\/1.-BANNER-SITEWEB6-min.png\",\"articleSection\":[\"Communiqu\u00e9s de presse\"],\"inLanguage\":\"fr-FR\",\"potentialAction\":[{\"@type\":\"CommentAction\",\"name\":\"Comment\",\"target\":[\"https:\/\/reclaimfinance.org\/site\/2022\/09\/21\/banque-centrale-europeenne-un-bouclier-vert-contre-linflation\/#respond\"]}]},{\"@type\":\"WebPage\",\"@id\":\"https:\/\/reclaimfinance.org\/site\/2022\/09\/21\/banque-centrale-europeenne-un-bouclier-vert-contre-linflation\/\",\"url\":\"https:\/\/reclaimfinance.org\/site\/2022\/09\/21\/banque-centrale-europeenne-un-bouclier-vert-contre-linflation\/\",\"name\":\"Banque centrale europ\u00e9enne : un bouclier vert contre l'inflation - Reclaim Finance\",\"isPartOf\":{\"@id\":\"https:\/\/reclaimfinance.org\/site\/#website\"},\"primaryImageOfPage\":{\"@id\":\"https:\/\/reclaimfinance.org\/site\/2022\/09\/21\/banque-centrale-europeenne-un-bouclier-vert-contre-linflation\/#primaryimage\"},\"image\":{\"@id\":\"https:\/\/reclaimfinance.org\/site\/2022\/09\/21\/banque-centrale-europeenne-un-bouclier-vert-contre-linflation\/#primaryimage\"},\"thumbnailUrl\":\"https:\/\/reclaimfinance.org\/site\/wp-content\/uploads\/2022\/07\/1.-BANNER-SITEWEB6-min.png\",\"datePublished\":\"2022-09-20T22:01:30+00:00\",\"dateModified\":\"2023-02-08T10:45:51+00:00\",\"description\":\"Reclaim Finance ouvre une nouvelle voie pour r\u00e9pondre \u00e0 la crise en proposant une intervention forte de la BCE en faveur d'une transition \u00e9nerg\u00e9tique verte au sein de l\u2019Union europ\u00e9enne.\",\"breadcrumb\":{\"@id\":\"https:\/\/reclaimfinance.org\/site\/2022\/09\/21\/banque-centrale-europeenne-un-bouclier-vert-contre-linflation\/#breadcrumb\"},\"inLanguage\":\"fr-FR\",\"potentialAction\":[{\"@type\":\"ReadAction\",\"target\":[\"https:\/\/reclaimfinance.org\/site\/2022\/09\/21\/banque-centrale-europeenne-un-bouclier-vert-contre-linflation\/\"]}]},{\"@type\":\"ImageObject\",\"inLanguage\":\"fr-FR\",\"@id\":\"https:\/\/reclaimfinance.org\/site\/2022\/09\/21\/banque-centrale-europeenne-un-bouclier-vert-contre-linflation\/#primaryimage\",\"url\":\"https:\/\/reclaimfinance.org\/site\/wp-content\/uploads\/2022\/07\/1.-BANNER-SITEWEB6-min.png\",\"contentUrl\":\"https:\/\/reclaimfinance.org\/site\/wp-content\/uploads\/2022\/07\/1.-BANNER-SITEWEB6-min.png\",\"width\":1350,\"height\":600,\"caption\":\"european central bank\"},{\"@type\":\"BreadcrumbList\",\"@id\":\"https:\/\/reclaimfinance.org\/site\/2022\/09\/21\/banque-centrale-europeenne-un-bouclier-vert-contre-linflation\/#breadcrumb\",\"itemListElement\":[{\"@type\":\"ListItem\",\"position\":1,\"name\":\"Accueil\",\"item\":\"https:\/\/reclaimfinance.org\/site\/\"},{\"@type\":\"ListItem\",\"position\":2,\"name\":\"Banque centrale europ\u00e9enne : un bouclier vert contre l&rsquo;inflation\"}]},{\"@type\":\"WebSite\",\"@id\":\"https:\/\/reclaimfinance.org\/site\/#website\",\"url\":\"https:\/\/reclaimfinance.org\/site\/\",\"name\":\"Reclaim Finance\",\"description\":\"Reprendre le contr\u00f4le de la finance pour le climat et la biodiversit\u00e9\",\"publisher\":{\"@id\":\"https:\/\/reclaimfinance.org\/site\/#organization\"},\"potentialAction\":[{\"@type\":\"SearchAction\",\"target\":{\"@type\":\"EntryPoint\",\"urlTemplate\":\"https:\/\/reclaimfinance.org\/site\/?s={search_term_string}\"},\"query-input\":\"required name=search_term_string\"}],\"inLanguage\":\"fr-FR\"},{\"@type\":\"Organization\",\"@id\":\"https:\/\/reclaimfinance.org\/site\/#organization\",\"name\":\"Reclaim Finance\",\"url\":\"https:\/\/reclaimfinance.org\/site\/\",\"logo\":{\"@type\":\"ImageObject\",\"inLanguage\":\"fr-FR\",\"@id\":\"https:\/\/reclaimfinance.org\/site\/#\/schema\/logo\/image\/\",\"url\":\"https:\/\/reclaimfinance.org\/site\/wp-content\/uploads\/2020\/03\/logo_RC_space.png\",\"contentUrl\":\"https:\/\/reclaimfinance.org\/site\/wp-content\/uploads\/2020\/03\/logo_RC_space.png\",\"width\":800,\"height\":800,\"caption\":\"Reclaim Finance\"},\"image\":{\"@id\":\"https:\/\/reclaimfinance.org\/site\/#\/schema\/logo\/image\/\"},\"sameAs\":[\"https:\/\/www.facebook.com\/ReclaimFinanceONG\",\"https:\/\/x.com\/ReclaimFinance\",\"https:\/\/www.instagram.com\/reclaimfinance\/\",\"https:\/\/www.linkedin.com\/company\/reclaim-finance-ong-think-tank\"]},{\"@type\":\"Person\",\"@id\":\"https:\/\/reclaimfinance.org\/site\/#\/schema\/person\/92f0f8d102e5e411f092871d8eeb3db1\",\"name\":\"L\u00e9o Martin\",\"image\":{\"@type\":\"ImageObject\",\"inLanguage\":\"fr-FR\",\"@id\":\"https:\/\/reclaimfinance.org\/site\/#\/schema\/person\/image\/\",\"url\":\"https:\/\/secure.gravatar.com\/avatar\/cebd89becb7f7185483789d7f51a21cb?s=96&d=mm&r=g\",\"contentUrl\":\"https:\/\/secure.gravatar.com\/avatar\/cebd89becb7f7185483789d7f51a21cb?s=96&d=mm&r=g\",\"caption\":\"L\u00e9o Martin\"},\"url\":\"https:\/\/reclaimfinance.org\/site\/author\/lma\/\"}]}<\/script>\n<!-- \/ Yoast SEO plugin. -->","yoast_head_json":{"title":"Banque centrale europ\u00e9enne : un bouclier vert contre l'inflation - Reclaim Finance","description":"Reclaim Finance ouvre une nouvelle voie pour r\u00e9pondre \u00e0 la crise en proposant une intervention forte de la BCE en faveur d'une transition \u00e9nerg\u00e9tique verte au sein de l\u2019Union europ\u00e9enne.","robots":{"index":"index","follow":"follow","max-snippet":"max-snippet:-1","max-image-preview":"max-image-preview:large","max-video-preview":"max-video-preview:-1"},"canonical":"https:\/\/reclaimfinance.org\/site\/2022\/09\/21\/banque-centrale-europeenne-un-bouclier-vert-contre-linflation\/","og_locale":"fr_FR","og_type":"article","og_title":"Banque centrale europ\u00e9enne : un bouclier vert contre l'inflation - Reclaim Finance","og_description":"Reclaim Finance ouvre une nouvelle voie pour r\u00e9pondre \u00e0 la crise en proposant une intervention forte de la BCE en faveur d'une transition \u00e9nerg\u00e9tique verte au sein de l\u2019Union europ\u00e9enne.","og_url":"https:\/\/reclaimfinance.org\/site\/2022\/09\/21\/banque-centrale-europeenne-un-bouclier-vert-contre-linflation\/","og_site_name":"Reclaim Finance","article_publisher":"https:\/\/www.facebook.com\/ReclaimFinanceONG","article_published_time":"2022-09-20T22:01:30+00:00","article_modified_time":"2023-02-08T10:45:51+00:00","og_image":[{"width":1350,"height":600,"url":"https:\/\/reclaimfinance.org\/site\/wp-content\/uploads\/2022\/07\/1.-BANNER-SITEWEB6-min.png","type":"image\/png"}],"author":"L\u00e9o Martin","twitter_card":"summary_large_image","twitter_creator":"@ReclaimFinance","twitter_site":"@ReclaimFinance","twitter_misc":{"\u00c9crit par":"L\u00e9o Martin","Dur\u00e9e de lecture estim\u00e9e":"10 minutes"},"schema":{"@context":"https:\/\/schema.org","@graph":[{"@type":"Article","@id":"https:\/\/reclaimfinance.org\/site\/2022\/09\/21\/banque-centrale-europeenne-un-bouclier-vert-contre-linflation\/#article","isPartOf":{"@id":"https:\/\/reclaimfinance.org\/site\/2022\/09\/21\/banque-centrale-europeenne-un-bouclier-vert-contre-linflation\/"},"author":{"name":"L\u00e9o Martin","@id":"https:\/\/reclaimfinance.org\/site\/#\/schema\/person\/92f0f8d102e5e411f092871d8eeb3db1"},"headline":"Banque centrale europ\u00e9enne : un bouclier vert contre l&rsquo;inflation","datePublished":"2022-09-20T22:01:30+00:00","dateModified":"2023-02-08T10:45:51+00:00","mainEntityOfPage":{"@id":"https:\/\/reclaimfinance.org\/site\/2022\/09\/21\/banque-centrale-europeenne-un-bouclier-vert-contre-linflation\/"},"wordCount":2570,"commentCount":0,"publisher":{"@id":"https:\/\/reclaimfinance.org\/site\/#organization"},"image":{"@id":"https:\/\/reclaimfinance.org\/site\/2022\/09\/21\/banque-centrale-europeenne-un-bouclier-vert-contre-linflation\/#primaryimage"},"thumbnailUrl":"https:\/\/reclaimfinance.org\/site\/wp-content\/uploads\/2022\/07\/1.-BANNER-SITEWEB6-min.png","articleSection":["Communiqu\u00e9s de presse"],"inLanguage":"fr-FR","potentialAction":[{"@type":"CommentAction","name":"Comment","target":["https:\/\/reclaimfinance.org\/site\/2022\/09\/21\/banque-centrale-europeenne-un-bouclier-vert-contre-linflation\/#respond"]}]},{"@type":"WebPage","@id":"https:\/\/reclaimfinance.org\/site\/2022\/09\/21\/banque-centrale-europeenne-un-bouclier-vert-contre-linflation\/","url":"https:\/\/reclaimfinance.org\/site\/2022\/09\/21\/banque-centrale-europeenne-un-bouclier-vert-contre-linflation\/","name":"Banque centrale europ\u00e9enne : un bouclier vert contre l'inflation - Reclaim Finance","isPartOf":{"@id":"https:\/\/reclaimfinance.org\/site\/#website"},"primaryImageOfPage":{"@id":"https:\/\/reclaimfinance.org\/site\/2022\/09\/21\/banque-centrale-europeenne-un-bouclier-vert-contre-linflation\/#primaryimage"},"image":{"@id":"https:\/\/reclaimfinance.org\/site\/2022\/09\/21\/banque-centrale-europeenne-un-bouclier-vert-contre-linflation\/#primaryimage"},"thumbnailUrl":"https:\/\/reclaimfinance.org\/site\/wp-content\/uploads\/2022\/07\/1.-BANNER-SITEWEB6-min.png","datePublished":"2022-09-20T22:01:30+00:00","dateModified":"2023-02-08T10:45:51+00:00","description":"Reclaim Finance ouvre une nouvelle voie pour r\u00e9pondre \u00e0 la crise en proposant une intervention forte de la BCE en faveur d'une transition \u00e9nerg\u00e9tique verte au sein de l\u2019Union europ\u00e9enne.","breadcrumb":{"@id":"https:\/\/reclaimfinance.org\/site\/2022\/09\/21\/banque-centrale-europeenne-un-bouclier-vert-contre-linflation\/#breadcrumb"},"inLanguage":"fr-FR","potentialAction":[{"@type":"ReadAction","target":["https:\/\/reclaimfinance.org\/site\/2022\/09\/21\/banque-centrale-europeenne-un-bouclier-vert-contre-linflation\/"]}]},{"@type":"ImageObject","inLanguage":"fr-FR","@id":"https:\/\/reclaimfinance.org\/site\/2022\/09\/21\/banque-centrale-europeenne-un-bouclier-vert-contre-linflation\/#primaryimage","url":"https:\/\/reclaimfinance.org\/site\/wp-content\/uploads\/2022\/07\/1.-BANNER-SITEWEB6-min.png","contentUrl":"https:\/\/reclaimfinance.org\/site\/wp-content\/uploads\/2022\/07\/1.-BANNER-SITEWEB6-min.png","width":1350,"height":600,"caption":"european central bank"},{"@type":"BreadcrumbList","@id":"https:\/\/reclaimfinance.org\/site\/2022\/09\/21\/banque-centrale-europeenne-un-bouclier-vert-contre-linflation\/#breadcrumb","itemListElement":[{"@type":"ListItem","position":1,"name":"Accueil","item":"https:\/\/reclaimfinance.org\/site\/"},{"@type":"ListItem","position":2,"name":"Banque centrale europ\u00e9enne : un bouclier vert contre l&rsquo;inflation"}]},{"@type":"WebSite","@id":"https:\/\/reclaimfinance.org\/site\/#website","url":"https:\/\/reclaimfinance.org\/site\/","name":"Reclaim Finance","description":"Reprendre le contr\u00f4le de la finance pour le climat et la biodiversit\u00e9","publisher":{"@id":"https:\/\/reclaimfinance.org\/site\/#organization"},"potentialAction":[{"@type":"SearchAction","target":{"@type":"EntryPoint","urlTemplate":"https:\/\/reclaimfinance.org\/site\/?s={search_term_string}"},"query-input":"required name=search_term_string"}],"inLanguage":"fr-FR"},{"@type":"Organization","@id":"https:\/\/reclaimfinance.org\/site\/#organization","name":"Reclaim Finance","url":"https:\/\/reclaimfinance.org\/site\/","logo":{"@type":"ImageObject","inLanguage":"fr-FR","@id":"https:\/\/reclaimfinance.org\/site\/#\/schema\/logo\/image\/","url":"https:\/\/reclaimfinance.org\/site\/wp-content\/uploads\/2020\/03\/logo_RC_space.png","contentUrl":"https:\/\/reclaimfinance.org\/site\/wp-content\/uploads\/2020\/03\/logo_RC_space.png","width":800,"height":800,"caption":"Reclaim Finance"},"image":{"@id":"https:\/\/reclaimfinance.org\/site\/#\/schema\/logo\/image\/"},"sameAs":["https:\/\/www.facebook.com\/ReclaimFinanceONG","https:\/\/x.com\/ReclaimFinance","https:\/\/www.instagram.com\/reclaimfinance\/","https:\/\/www.linkedin.com\/company\/reclaim-finance-ong-think-tank"]},{"@type":"Person","@id":"https:\/\/reclaimfinance.org\/site\/#\/schema\/person\/92f0f8d102e5e411f092871d8eeb3db1","name":"L\u00e9o Martin","image":{"@type":"ImageObject","inLanguage":"fr-FR","@id":"https:\/\/reclaimfinance.org\/site\/#\/schema\/person\/image\/","url":"https:\/\/secure.gravatar.com\/avatar\/cebd89becb7f7185483789d7f51a21cb?s=96&d=mm&r=g","contentUrl":"https:\/\/secure.gravatar.com\/avatar\/cebd89becb7f7185483789d7f51a21cb?s=96&d=mm&r=g","caption":"L\u00e9o Martin"},"url":"https:\/\/reclaimfinance.org\/site\/author\/lma\/"}]}},"_links":{"self":[{"href":"https:\/\/reclaimfinance.org\/site\/wp-json\/wp\/v2\/posts\/23062"}],"collection":[{"href":"https:\/\/reclaimfinance.org\/site\/wp-json\/wp\/v2\/posts"}],"about":[{"href":"https:\/\/reclaimfinance.org\/site\/wp-json\/wp\/v2\/types\/post"}],"author":[{"embeddable":true,"href":"https:\/\/reclaimfinance.org\/site\/wp-json\/wp\/v2\/users\/26"}],"replies":[{"embeddable":true,"href":"https:\/\/reclaimfinance.org\/site\/wp-json\/wp\/v2\/comments?post=23062"}],"version-history":[{"count":0,"href":"https:\/\/reclaimfinance.org\/site\/wp-json\/wp\/v2\/posts\/23062\/revisions"}],"wp:featuredmedia":[{"embeddable":true,"href":"https:\/\/reclaimfinance.org\/site\/wp-json\/wp\/v2\/media\/22452"}],"wp:attachment":[{"href":"https:\/\/reclaimfinance.org\/site\/wp-json\/wp\/v2\/media?parent=23062"}],"wp:term":[{"taxonomy":"category","embeddable":true,"href":"https:\/\/reclaimfinance.org\/site\/wp-json\/wp\/v2\/categories?post=23062"},{"taxonomy":"post_tag","embeddable":true,"href":"https:\/\/reclaimfinance.org\/site\/wp-json\/wp\/v2\/tags?post=23062"},{"taxonomy":"acteurs_financiers","embeddable":true,"href":"https:\/\/reclaimfinance.org\/site\/wp-json\/wp\/v2\/acteurs_financiers?post=23062"},{"taxonomy":"thematique","embeddable":true,"href":"https:\/\/reclaimfinance.org\/site\/wp-json\/wp\/v2\/thematique?post=23062"},{"taxonomy":"webinar_type","embeddable":true,"href":"https:\/\/reclaimfinance.org\/site\/wp-json\/wp\/v2\/webinar_type?post=23062"},{"taxonomy":"programme","embeddable":true,"href":"https:\/\/reclaimfinance.org\/site\/wp-json\/wp\/v2\/programme?post=23062"}],"curies":[{"name":"wp","href":"https:\/\/api.w.org\/{rel}","templated":true}]}}