{"id":23468,"date":"2022-10-06T14:22:33","date_gmt":"2022-10-06T12:22:33","guid":{"rendered":"https:\/\/reclaimfinance.org\/site\/?p=23468"},"modified":"2023-02-08T11:40:26","modified_gmt":"2023-02-08T10:40:26","slug":"le-leader-mondial-de-la-reassurance-sengage-contre-lexpansion-petro-gaziere","status":"publish","type":"post","link":"https:\/\/reclaimfinance.org\/site\/2022\/10\/06\/le-leader-mondial-de-la-reassurance-sengage-contre-lexpansion-petro-gaziere\/","title":{"rendered":"Le leader mondial de la r\u00e9assurance s\u2019engage contre l\u2019expansion p\u00e9tro-gazi\u00e8re"},"content":{"rendered":"<p><div class=\"fusion-fullwidth fullwidth-box fusion-builder-row-1 fusion-flex-container nonhundred-percent-fullwidth non-hundred-percent-height-scrolling\" style=\"--awb-border-radius-top-left:0px;--awb-border-radius-top-right:0px;--awb-border-radius-bottom-right:0px;--awb-border-radius-bottom-left:0px;--awb-flex-wrap:wrap;\" ><div class=\"fusion-builder-row fusion-row fusion-flex-align-items-flex-start fusion-flex-content-wrap\" style=\"max-width:1216.8px;margin-left: calc(-4% \/ 2 );margin-right: calc(-4% \/ 2 );\"><div class=\"fusion-layout-column fusion_builder_column fusion-builder-column-0 fusion_builder_column_1_1 1_1 fusion-flex-column\" style=\"--awb-bg-size:cover;--awb-width-large:100%;--awb-margin-top-large:0px;--awb-spacing-right-large:1.92%;--awb-margin-bottom-large:20px;--awb-spacing-left-large:1.92%;--awb-width-medium:100%;--awb-order-medium:0;--awb-spacing-right-medium:1.92%;--awb-spacing-left-medium:1.92%;--awb-width-small:100%;--awb-order-small:0;--awb-spacing-right-small:1.92%;--awb-spacing-left-small:1.92%;\"><div class=\"fusion-column-wrapper fusion-column-has-shadow fusion-flex-justify-content-flex-start fusion-content-layout-column\"><div class=\"fusion-text fusion-text-1\" style=\"--awb-content-alignment:justify;--awb-text-color:var(--awb-color4);\"><p style=\"text-align: justify;\"><strong><span style=\"color: #8ac56b;\"><b>Communiqu\u00e9 de presse\u00a0<\/b><\/span><\/strong><\/p>\n<p><b>Paris, le 6 octobre 2022 &#8211; Munich Re, leader mondial de la r\u00e9assurance et membre fondateur de la <\/b><b><i>Net Zero Insurance Alliance<\/i><\/b><b> (NZIA), vient d\u2019annoncer l\u2019arr\u00eat de ses couvertures aux nouveaux projets de production p\u00e9troli\u00e8re et gazi\u00e8re (1). Munich Re, gr\u00e2ce \u00e0 sa nouvelle politique sectorielle, rejoint les deuxi\u00e8me et troisi\u00e8me plus gros r\u00e9assureurs Swiss Re et Hannover Re qui ont \u00e9galement pris des engagements similaires en mars dernier. Le fran\u00e7ais SCOR, \u00e9galement membre fondateur de la coalition internationale des assureurs engag\u00e9s pour l\u2019atteinte de la neutralit\u00e9 carbone (2), accuse un retard de plus en plus grand par rapport \u00e0 ses pairs en continuant de soutenir de nouveaux projets de production gazi\u00e8re strictement incompatibles avec l\u2019objectif de limiter le r\u00e9chauffement climatique \u00e0 1,5\u00b0C (3). Reclaim Finance salue l\u2019engagement de Munich Re contre l\u2019expansion p\u00e9tro-gazi\u00e8re et appelle le fran\u00e7ais SCOR \u00e0 faire de m\u00eame au plus tard d\u2019ici la COP 27.<\/b><\/p>\n<\/div><\/div><\/div><div class=\"fusion-layout-column fusion_builder_column fusion-builder-column-1 fusion_builder_column_1_1 1_1 fusion-flex-column\" style=\"--awb-bg-size:cover;--awb-width-large:100%;--awb-margin-top-large:0px;--awb-spacing-right-large:1.92%;--awb-margin-bottom-large:20px;--awb-spacing-left-large:1.92%;--awb-width-medium:100%;--awb-order-medium:0;--awb-spacing-right-medium:1.92%;--awb-spacing-left-medium:1.92%;--awb-width-small:100%;--awb-order-small:0;--awb-spacing-right-small:1.92%;--awb-spacing-left-small:1.92%;\"><div class=\"fusion-column-wrapper fusion-column-has-shadow fusion-flex-justify-content-flex-start fusion-content-layout-column\"><div class=\"fusion-text fusion-text-2\" style=\"--awb-content-alignment:justify;\"><p>Munich Re adopte aujourd\u2019hui une nouvelle politique sectorielle sur le p\u00e9trole et le gaz (4). Le g\u00e9ant allemand de la r\u00e9assurance refuse d\u00e9sormais de couvrir les nouveaux projets de production p\u00e9troli\u00e8re et gazi\u00e8re conventionnelle et non conventionnelle. Il ajoute \u00e9galement \u00e0 sa liste d\u2019exclusion les nouveaux projets d\u2019infrastructures p\u00e9troli\u00e8res <i>midstream<\/i> (5) ainsi que les centrales thermiques au fioul (6). Ces mesures, qui entreront en vigueur d\u00e8s le 1er avril 2023, arrivent quelques jours apr\u00e8s que sa filiale, syndicat de Lloyd\u2019s of London (7), ait annonc\u00e9 son retrait du secteur p\u00e9trolier et gazier d\u00e8s le 1 janvier 2023.<\/p>\n<blockquote>\n<p><b>Ariel Le Bourdonnec, charg\u00e9 de campagne Assurance chez Reclaim Finance <\/b>: \u201c<i>Munich Re rejoint Hannover Re et Swiss Re parmi les r\u00e9assureurs tournant le dos aux nouveaux projets de production p\u00e9troli\u00e8re et gazi\u00e8re. Munich Re montre l\u2019exemple en tant que membre fondateur de la NZIA. Un exemple \u00e0 suivre pour le fran\u00e7ais SCOR, \u00e9galement membre fondateur de l\u2019alliance des assureurs pour l\u2019atteinte de la neutralit\u00e9 carbone en 2050. SCOR reste l\u2019un des derniers grands r\u00e9assureurs europ\u00e9ens sans mesure robuste contre l\u2019expansion gazi\u00e8re.<\/i>\u201d<\/p>\n<\/blockquote>\n<p>Les 4 r\u00e9assureurs internationaux Munich Re, Swiss Re, Hannover Re et SCOR sont membres de la NZIA et signataires de l\u2019initiative onusienne<i> Race To Zero<\/i>, \u00e0 travers laquelle il leur est demand\u00e9 de mettre un terme \u00e0 leurs soutiens \u00e0 l\u2019expansion p\u00e9tro-gazi\u00e8re (7). Contrairement \u00e0 Swiss Re, Hannover Re et maintenant Munich Re, SCOR s\u2019est uniquement engag\u00e9 \u00e0 ne plus (r\u00e9)assurer les nouveaux projets de production p\u00e9troli\u00e8re (8) et refuse toujours d\u2019exclure les nouveaux projets de production gazi\u00e8re de ses portefeuilles d\u2019assurance. SCOR n\u2019est pas le seul acteur fran\u00e7ais \u00e0 accuser un retard par rapport \u00e0 ses pairs et aux recommandations des scientifiques et de l\u2019Agence internationale de l\u2019\u00e9nergie (AIE) concernant la n\u00e9cessit\u00e9 d\u2019arr\u00eater l\u2019expansion de la production p\u00e9tro-gazi\u00e8re. AXA, qui s\u2019est uniquement engag\u00e9 \u00e0 arr\u00eater de couvrir les nouveaux projets d\u2019exploration p\u00e9troli\u00e8re (9), refuse aussi d\u2019exclure les nouveaux projets gaziers de ses portefeuilles d\u2019assurance. Des engagements bien en de\u00e7\u00e0 de ceux pris r\u00e9cemment par Allianz (10) : le leader mondial de l\u2019assurance a annonc\u00e9 en avril dernier ne plus couvrir les nouveaux champs p\u00e9troliers et gaziers.<\/p>\n<blockquote>\n<p><b>Regine Richter, charg\u00e9e de campagne Assurance chez l\u2019ONG allemande Urgewald conclut <\/b>: \u00ab\u00a0Nous nous r\u00e9jouissons que Munich Re rattrape son retard sur les principaux r\u00e9assureurs en cessant tout soutien aux nouveaux champs p\u00e9troliers et gaziers, aux nouvelles infrastructures p\u00e9troli\u00e8res et aux centrales au fioul. Nous aurions voulu voir des mesures plus audacieuses sur le gaz mais, avec cette politique, le plus grand r\u00e9assureur mondial montre qu&rsquo;il prend d\u00e9sormais au s\u00e9rieux ses propres avertissements sur le d\u00e9r\u00e8glement climatique.\u00a0\u00bb<\/p>\n<\/blockquote>\n<\/div><\/div><\/div><\/div><\/div><div class=\"fusion-fullwidth fullwidth-box fusion-builder-row-2 fusion-flex-container nonhundred-percent-fullwidth non-hundred-percent-height-scrolling\" style=\"--link_hover_color: #ffffff;--awb-border-radius-top-left:0px;--awb-border-radius-top-right:0px;--awb-border-radius-bottom-right:0px;--awb-border-radius-bottom-left:0px;--awb-flex-wrap:wrap;\" ><div class=\"fusion-builder-row fusion-row fusion-flex-align-items-flex-start fusion-flex-content-wrap\" style=\"max-width:1216.8px;margin-left: calc(-4% \/ 2 );margin-right: calc(-4% \/ 2 );\"><div class=\"fusion-layout-column fusion_builder_column fusion-builder-column-2 fusion_builder_column_1_1 1_1 fusion-flex-column\" style=\"--awb-padding-top:10px;--awb-padding-right:10px;--awb-padding-bottom:0px;--awb-padding-left:10px;--awb-overflow:hidden;--awb-bg-size:cover;--awb-border-color:#ffffff;--awb-border-top:1px;--awb-border-right:1px;--awb-border-bottom:1px;--awb-border-left:1px;--awb-border-style:solid;--awb-border-radius:10px 10px 10px 10px;--awb-width-large:100%;--awb-margin-top-large:0px;--awb-spacing-right-large:1.92%;--awb-margin-bottom-large:20px;--awb-spacing-left-large:1.92%;--awb-width-medium:100%;--awb-order-medium:0;--awb-spacing-right-medium:1.92%;--awb-spacing-left-medium:1.92%;--awb-width-small:100%;--awb-order-small:0;--awb-spacing-right-small:1.92%;--awb-spacing-left-small:1.92%;\"><div class=\"fusion-column-wrapper fusion-column-has-shadow fusion-flex-justify-content-flex-start fusion-content-layout-column\"><div class=\"fusion-text fusion-text-3\"><p><b><span style=\"text-decoration: underline; color: #ffffff;\">Contacts <\/span><span style=\"color: #ffffff;\">:<\/span><\/b><\/p>\n<ul>\n<li>Ariel Le Bourdonnec, Insurance campaigner, <span style=\"text-decoration: underline;\"><a href=\"mailto:ariel@reclaimfinance.org\" target=\"_blank\" rel=\"noopener\">ariel@reclaimfinance.org<\/a><\/span>,+33699399285<\/li>\n<li>Ana\u00efs Lehnert, Communications manager, <span style=\"text-decoration: underline;\"><a href=\"mailto:anais@reclaimfinance.org\" target=\"_blank\" rel=\"noopener\">anais@reclaimfinance.org<\/a><\/span>,+33670085898<\/li>\n<\/ul>\n<\/div><div class=\"fusion-text fusion-text-4\"><\/div><div class=\"fusion-text fusion-text-5\"><\/div><\/div><\/div><\/div><\/div><div class=\"fusion-fullwidth fullwidth-box fusion-builder-row-3 fusion-flex-container nonhundred-percent-fullwidth non-hundred-percent-height-scrolling\" style=\"--link_hover_color: #59bc6d;--awb-border-radius-top-left:0px;--awb-border-radius-top-right:0px;--awb-border-radius-bottom-right:0px;--awb-border-radius-bottom-left:0px;--awb-flex-wrap:wrap;\" ><div class=\"fusion-builder-row fusion-row fusion-flex-align-items-flex-start fusion-flex-content-wrap\" style=\"max-width:1216.8px;margin-left: calc(-4% \/ 2 );margin-right: calc(-4% \/ 2 );\"><div class=\"fusion-layout-column fusion_builder_column fusion-builder-column-3 fusion_builder_column_1_1 1_1 fusion-flex-column\" style=\"--awb-padding-top:10px;--awb-padding-right:10px;--awb-padding-bottom:0px;--awb-padding-left:10px;--awb-overflow:hidden;--awb-bg-size:cover;--awb-border-color:#59bc6d;--awb-border-top:1px;--awb-border-right:1px;--awb-border-bottom:1px;--awb-border-left:1px;--awb-border-style:solid;--awb-border-radius:10px 10px 10px 10px;--awb-width-large:100%;--awb-margin-top-large:0px;--awb-spacing-right-large:1.92%;--awb-margin-bottom-large:20px;--awb-spacing-left-large:1.92%;--awb-width-medium:100%;--awb-order-medium:0;--awb-spacing-right-medium:1.92%;--awb-spacing-left-medium:1.92%;--awb-width-small:100%;--awb-order-small:0;--awb-spacing-right-small:1.92%;--awb-spacing-left-small:1.92%;\"><div class=\"fusion-column-wrapper fusion-column-has-shadow fusion-flex-justify-content-flex-start fusion-content-layout-column\"><div class=\"fusion-text fusion-text-6\" style=\"--awb-content-alignment:justify;\"><p style=\"text-align: justify;\"><b><span style=\"text-decoration: underline; color: #59bc6d;\">Notes<\/span><span style=\"color: #59bc6d;\"> :<\/span><u><\/u><\/b><\/p>\n<ol>\n<li>Munich Re, <span style=\"text-decoration: underline;\"><a href=\"https:\/\/www.munichre.com\/en\/company\/media-relations\/statements\/2022\/new-oil-and-gas-investment-underwriting-guidelines.html\" target=\"_blank\" rel=\"noopener\">press release: New Oil &amp; Gas investment \/ underwriting guidelines<\/a><\/span>, 2022.<\/li>\n<li>Engagement de neutralit\u00e9 carbone en 2050 dans les portefeuilles d\u2019assurance et de r\u00e9assurance<\/li>\n<li>GIEC, <span style=\"text-decoration: underline;\"><a href=\"https:\/\/report.ipcc.ch\/ar6wg3\/pdf\/IPCC_AR6_WGIII_FinalDraft_FullReport.pdf\" target=\"_blank\" rel=\"noopener\">6\u00e8me rapport d\u2019\u00e9valuation<\/a><\/span>, 2021.<\/li>\n<li>Munich Re, <span style=\"text-decoration: underline;\"><a href=\"https:\/\/www.munichre.com\/content\/dam\/munichre\/contentlounge\/website-pieces\/documents\/MunichRes-approach-to-fossil-fuels-in-underwriting-and-investment.pdf\/_jcr_content\/renditions\/original.\/MunichRes-approach-to-fossil-fuels-in-underwriting-and-investment.pdf\" target=\"_blank\" rel=\"noopener\">Approach to fossil fuels underwriting &amp; investment<\/a><\/span>, 2022.<\/li>\n<li>Infrastructures de transport incluant notamment les pipelines.<\/li>\n<li>Centrales qui ne sont pas encore en construction ou en exploitation au 31 d\u00e9cembre 2022.<\/li>\n<li>Lloyd\u2019s of London est le plus important march\u00e9 de l\u2019assurance au monde.<\/li>\n<li>Les signataires de la NZIA se sont engag\u00e9s \u00e0 respecter les crit\u00e8res fix\u00e9s par la <span style=\"text-decoration: underline;\"><a href=\"https:\/\/climatechampions.unfccc.int\/criteria-consultation-3-0\/#:~:text=The%20Race%20to%20Zero%20criteria%20are%20split%20into%20in%20two,to%20a%20net%20zero%20economy.\" target=\"_blank\" rel=\"noopener\">Race to Zero Initiative<\/a><\/span>, demandant notamment de stopper rapidement leur couverture d\u2019assurance aux projets d\u2019\u00e9nergies fossiles (charbon, p\u00e9trole et gaz).<\/li>\n<li>SCOR, <span style=\"text-decoration: underline;\"><a href=\"https:\/\/www.scor.com\/en\/download\/file?token=def502004bc785fcf15b201ccbadb8886a5ea7e32254ea08cc1dcc1c7408d6aeea074cdc5fa7bcb4d80b22e4d9592e3d36f20c3b90b5c482a8418f0a1dda0e622da0cea2343694647eda20894e92961e2199488dbfe5b5a4273ded30a197be7dfe06055bf0aa807f748d6fc3ccef1cba6bbb69697a4ec34e43e49cf4912f8cb3bc2e87c8e7\" target=\"_blank\" rel=\"noopener\">support assembl\u00e9e g\u00e9n\u00e9rale 2022<\/a><\/span>, 2022.<\/li>\n<li>AXA, <span style=\"text-decoration: underline;\"><a href=\"https:\/\/www-axa-com.cdn.axa-contento-118412.eu\/www-axa-com\/dfa080ca-e1c5-4851-8a40-5d3c1e9de78d_axa_energy_policy_oil_and_gas_industry_2021.pdf\" target=\"_blank\" rel=\"noopener\">politique sectorielle p\u00e9trole et gaz<\/a><\/span>, 2021.<\/li>\n<li>Allianz, <span style=\"text-decoration: underline;\"><a href=\"https:\/\/www.allianz.com\/content\/dam\/onemarketing\/azcom\/Allianz_com\/responsibility\/documents\/Allianz-Statement-oil-gas-business-models.pdf\" target=\"_blank\" rel=\"noopener\">politique sectorielle p\u00e9trole et gaz<\/a><\/span>, 2022.<\/li>\n<\/ol>\n<\/div><\/div><\/div><\/div><\/div><\/p>\n","protected":false},"excerpt":{"rendered":"","protected":false},"author":26,"featured_media":23471,"comment_status":"open","ping_status":"open","sticky":false,"template":"","format":"standard","meta":{"footnotes":""},"categories":[36],"tags":[],"acteurs_financiers":[2277],"thematique":[2415,2417],"webinar_type":[],"programme":[],"class_list":["post-23468","post","type-post","status-publish","format-standard","has-post-thumbnail","hentry","category-communique-de-presse","acteurs_financiers-assurances-fr","thematique-energies-fossiles","thematique-petrole-et-gaz"],"yoast_head":"<!-- This site is optimized with the Yoast SEO plugin v23.1 - https:\/\/yoast.com\/wordpress\/plugins\/seo\/ -->\n<title>Le leader mondial de la r\u00e9assurance s\u2019engage contre l\u2019expansion p\u00e9tro-gazi\u00e8re - Reclaim Finance<\/title>\n<meta name=\"description\" content=\"Munich Re vient d\u2019annoncer l\u2019arr\u00eat de ses couvertures aux nouveaux projets de production p\u00e9troli\u00e8re et gazi\u00e8re.\" \/>\n<meta name=\"robots\" content=\"index, follow, max-snippet:-1, max-image-preview:large, max-video-preview:-1\" \/>\n<link rel=\"canonical\" href=\"https:\/\/reclaimfinance.org\/site\/2022\/10\/06\/le-leader-mondial-de-la-reassurance-sengage-contre-lexpansion-petro-gaziere\/\" \/>\n<meta property=\"og:locale\" content=\"fr_FR\" \/>\n<meta property=\"og:type\" content=\"article\" \/>\n<meta property=\"og:title\" content=\"Le leader mondial de la r\u00e9assurance s\u2019engage contre l\u2019expansion p\u00e9tro-gazi\u00e8re - Reclaim Finance\" \/>\n<meta property=\"og:description\" content=\"Munich Re vient d\u2019annoncer l\u2019arr\u00eat de ses couvertures aux nouveaux projets de production p\u00e9troli\u00e8re et gazi\u00e8re.\" \/>\n<meta property=\"og:url\" content=\"https:\/\/reclaimfinance.org\/site\/2022\/10\/06\/le-leader-mondial-de-la-reassurance-sengage-contre-lexpansion-petro-gaziere\/\" \/>\n<meta property=\"og:site_name\" content=\"Reclaim Finance\" \/>\n<meta property=\"article:publisher\" content=\"https:\/\/www.facebook.com\/ReclaimFinanceONG\" \/>\n<meta property=\"article:published_time\" content=\"2022-10-06T12:22:33+00:00\" \/>\n<meta property=\"article:modified_time\" content=\"2023-02-08T10:40:26+00:00\" \/>\n<meta property=\"og:image\" content=\"https:\/\/reclaimfinance.org\/site\/wp-content\/uploads\/2022\/10\/1.-BANNER-SITEWEB1.png\" \/>\n\t<meta property=\"og:image:width\" content=\"1350\" \/>\n\t<meta property=\"og:image:height\" content=\"600\" \/>\n\t<meta property=\"og:image:type\" content=\"image\/png\" \/>\n<meta name=\"author\" content=\"L\u00e9o Martin\" \/>\n<meta name=\"twitter:card\" content=\"summary_large_image\" \/>\n<meta name=\"twitter:creator\" content=\"@ReclaimFinance\" \/>\n<meta name=\"twitter:site\" content=\"@ReclaimFinance\" \/>\n<meta name=\"twitter:label1\" content=\"\u00c9crit par\" \/>\n\t<meta name=\"twitter:data1\" content=\"L\u00e9o Martin\" \/>\n\t<meta name=\"twitter:label2\" content=\"Dur\u00e9e de lecture estim\u00e9e\" \/>\n\t<meta name=\"twitter:data2\" content=\"8 minutes\" \/>\n<script type=\"application\/ld+json\" class=\"yoast-schema-graph\">{\"@context\":\"https:\/\/schema.org\",\"@graph\":[{\"@type\":\"Article\",\"@id\":\"https:\/\/reclaimfinance.org\/site\/2022\/10\/06\/le-leader-mondial-de-la-reassurance-sengage-contre-lexpansion-petro-gaziere\/#article\",\"isPartOf\":{\"@id\":\"https:\/\/reclaimfinance.org\/site\/2022\/10\/06\/le-leader-mondial-de-la-reassurance-sengage-contre-lexpansion-petro-gaziere\/\"},\"author\":{\"name\":\"L\u00e9o Martin\",\"@id\":\"https:\/\/reclaimfinance.org\/site\/#\/schema\/person\/92f0f8d102e5e411f092871d8eeb3db1\"},\"headline\":\"Le leader mondial de la r\u00e9assurance s\u2019engage contre l\u2019expansion p\u00e9tro-gazi\u00e8re\",\"datePublished\":\"2022-10-06T12:22:33+00:00\",\"dateModified\":\"2023-02-08T10:40:26+00:00\",\"mainEntityOfPage\":{\"@id\":\"https:\/\/reclaimfinance.org\/site\/2022\/10\/06\/le-leader-mondial-de-la-reassurance-sengage-contre-lexpansion-petro-gaziere\/\"},\"wordCount\":2843,\"commentCount\":1,\"publisher\":{\"@id\":\"https:\/\/reclaimfinance.org\/site\/#organization\"},\"image\":{\"@id\":\"https:\/\/reclaimfinance.org\/site\/2022\/10\/06\/le-leader-mondial-de-la-reassurance-sengage-contre-lexpansion-petro-gaziere\/#primaryimage\"},\"thumbnailUrl\":\"https:\/\/reclaimfinance.org\/site\/wp-content\/uploads\/2022\/10\/1.-BANNER-SITEWEB1.png\",\"articleSection\":[\"Communiqu\u00e9s de presse\"],\"inLanguage\":\"fr-FR\",\"potentialAction\":[{\"@type\":\"CommentAction\",\"name\":\"Comment\",\"target\":[\"https:\/\/reclaimfinance.org\/site\/2022\/10\/06\/le-leader-mondial-de-la-reassurance-sengage-contre-lexpansion-petro-gaziere\/#respond\"]}]},{\"@type\":\"WebPage\",\"@id\":\"https:\/\/reclaimfinance.org\/site\/2022\/10\/06\/le-leader-mondial-de-la-reassurance-sengage-contre-lexpansion-petro-gaziere\/\",\"url\":\"https:\/\/reclaimfinance.org\/site\/2022\/10\/06\/le-leader-mondial-de-la-reassurance-sengage-contre-lexpansion-petro-gaziere\/\",\"name\":\"Le leader mondial de la r\u00e9assurance s\u2019engage contre l\u2019expansion p\u00e9tro-gazi\u00e8re - Reclaim Finance\",\"isPartOf\":{\"@id\":\"https:\/\/reclaimfinance.org\/site\/#website\"},\"primaryImageOfPage\":{\"@id\":\"https:\/\/reclaimfinance.org\/site\/2022\/10\/06\/le-leader-mondial-de-la-reassurance-sengage-contre-lexpansion-petro-gaziere\/#primaryimage\"},\"image\":{\"@id\":\"https:\/\/reclaimfinance.org\/site\/2022\/10\/06\/le-leader-mondial-de-la-reassurance-sengage-contre-lexpansion-petro-gaziere\/#primaryimage\"},\"thumbnailUrl\":\"https:\/\/reclaimfinance.org\/site\/wp-content\/uploads\/2022\/10\/1.-BANNER-SITEWEB1.png\",\"datePublished\":\"2022-10-06T12:22:33+00:00\",\"dateModified\":\"2023-02-08T10:40:26+00:00\",\"description\":\"Munich Re vient d\u2019annoncer l\u2019arr\u00eat de ses couvertures aux nouveaux projets de production p\u00e9troli\u00e8re et gazi\u00e8re.\",\"breadcrumb\":{\"@id\":\"https:\/\/reclaimfinance.org\/site\/2022\/10\/06\/le-leader-mondial-de-la-reassurance-sengage-contre-lexpansion-petro-gaziere\/#breadcrumb\"},\"inLanguage\":\"fr-FR\",\"potentialAction\":[{\"@type\":\"ReadAction\",\"target\":[\"https:\/\/reclaimfinance.org\/site\/2022\/10\/06\/le-leader-mondial-de-la-reassurance-sengage-contre-lexpansion-petro-gaziere\/\"]}]},{\"@type\":\"ImageObject\",\"inLanguage\":\"fr-FR\",\"@id\":\"https:\/\/reclaimfinance.org\/site\/2022\/10\/06\/le-leader-mondial-de-la-reassurance-sengage-contre-lexpansion-petro-gaziere\/#primaryimage\",\"url\":\"https:\/\/reclaimfinance.org\/site\/wp-content\/uploads\/2022\/10\/1.-BANNER-SITEWEB1.png\",\"contentUrl\":\"https:\/\/reclaimfinance.org\/site\/wp-content\/uploads\/2022\/10\/1.-BANNER-SITEWEB1.png\",\"width\":1350,\"height\":600},{\"@type\":\"BreadcrumbList\",\"@id\":\"https:\/\/reclaimfinance.org\/site\/2022\/10\/06\/le-leader-mondial-de-la-reassurance-sengage-contre-lexpansion-petro-gaziere\/#breadcrumb\",\"itemListElement\":[{\"@type\":\"ListItem\",\"position\":1,\"name\":\"Accueil\",\"item\":\"https:\/\/reclaimfinance.org\/site\/\"},{\"@type\":\"ListItem\",\"position\":2,\"name\":\"Le leader mondial de la r\u00e9assurance s\u2019engage contre l\u2019expansion p\u00e9tro-gazi\u00e8re\"}]},{\"@type\":\"WebSite\",\"@id\":\"https:\/\/reclaimfinance.org\/site\/#website\",\"url\":\"https:\/\/reclaimfinance.org\/site\/\",\"name\":\"Reclaim Finance\",\"description\":\"Reprendre le contr\u00f4le de la finance pour le climat et la biodiversit\u00e9\",\"publisher\":{\"@id\":\"https:\/\/reclaimfinance.org\/site\/#organization\"},\"potentialAction\":[{\"@type\":\"SearchAction\",\"target\":{\"@type\":\"EntryPoint\",\"urlTemplate\":\"https:\/\/reclaimfinance.org\/site\/?s={search_term_string}\"},\"query-input\":\"required name=search_term_string\"}],\"inLanguage\":\"fr-FR\"},{\"@type\":\"Organization\",\"@id\":\"https:\/\/reclaimfinance.org\/site\/#organization\",\"name\":\"Reclaim Finance\",\"url\":\"https:\/\/reclaimfinance.org\/site\/\",\"logo\":{\"@type\":\"ImageObject\",\"inLanguage\":\"fr-FR\",\"@id\":\"https:\/\/reclaimfinance.org\/site\/#\/schema\/logo\/image\/\",\"url\":\"https:\/\/reclaimfinance.org\/site\/wp-content\/uploads\/2020\/03\/logo_RC_space.png\",\"contentUrl\":\"https:\/\/reclaimfinance.org\/site\/wp-content\/uploads\/2020\/03\/logo_RC_space.png\",\"width\":800,\"height\":800,\"caption\":\"Reclaim Finance\"},\"image\":{\"@id\":\"https:\/\/reclaimfinance.org\/site\/#\/schema\/logo\/image\/\"},\"sameAs\":[\"https:\/\/www.facebook.com\/ReclaimFinanceONG\",\"https:\/\/x.com\/ReclaimFinance\",\"https:\/\/www.instagram.com\/reclaimfinance\/\",\"https:\/\/www.linkedin.com\/company\/reclaim-finance-ong-think-tank\"]},{\"@type\":\"Person\",\"@id\":\"https:\/\/reclaimfinance.org\/site\/#\/schema\/person\/92f0f8d102e5e411f092871d8eeb3db1\",\"name\":\"L\u00e9o Martin\",\"image\":{\"@type\":\"ImageObject\",\"inLanguage\":\"fr-FR\",\"@id\":\"https:\/\/reclaimfinance.org\/site\/#\/schema\/person\/image\/\",\"url\":\"https:\/\/secure.gravatar.com\/avatar\/cebd89becb7f7185483789d7f51a21cb?s=96&d=mm&r=g\",\"contentUrl\":\"https:\/\/secure.gravatar.com\/avatar\/cebd89becb7f7185483789d7f51a21cb?s=96&d=mm&r=g\",\"caption\":\"L\u00e9o Martin\"},\"url\":\"https:\/\/reclaimfinance.org\/site\/author\/lma\/\"}]}<\/script>\n<!-- \/ Yoast SEO plugin. -->","yoast_head_json":{"title":"Le leader mondial de la r\u00e9assurance s\u2019engage contre l\u2019expansion p\u00e9tro-gazi\u00e8re - Reclaim Finance","description":"Munich Re vient d\u2019annoncer l\u2019arr\u00eat de ses couvertures aux nouveaux projets de production p\u00e9troli\u00e8re et gazi\u00e8re.","robots":{"index":"index","follow":"follow","max-snippet":"max-snippet:-1","max-image-preview":"max-image-preview:large","max-video-preview":"max-video-preview:-1"},"canonical":"https:\/\/reclaimfinance.org\/site\/2022\/10\/06\/le-leader-mondial-de-la-reassurance-sengage-contre-lexpansion-petro-gaziere\/","og_locale":"fr_FR","og_type":"article","og_title":"Le leader mondial de la r\u00e9assurance s\u2019engage contre l\u2019expansion p\u00e9tro-gazi\u00e8re - Reclaim Finance","og_description":"Munich Re vient d\u2019annoncer l\u2019arr\u00eat de ses couvertures aux nouveaux projets de production p\u00e9troli\u00e8re et gazi\u00e8re.","og_url":"https:\/\/reclaimfinance.org\/site\/2022\/10\/06\/le-leader-mondial-de-la-reassurance-sengage-contre-lexpansion-petro-gaziere\/","og_site_name":"Reclaim Finance","article_publisher":"https:\/\/www.facebook.com\/ReclaimFinanceONG","article_published_time":"2022-10-06T12:22:33+00:00","article_modified_time":"2023-02-08T10:40:26+00:00","og_image":[{"width":1350,"height":600,"url":"https:\/\/reclaimfinance.org\/site\/wp-content\/uploads\/2022\/10\/1.-BANNER-SITEWEB1.png","type":"image\/png"}],"author":"L\u00e9o Martin","twitter_card":"summary_large_image","twitter_creator":"@ReclaimFinance","twitter_site":"@ReclaimFinance","twitter_misc":{"\u00c9crit par":"L\u00e9o Martin","Dur\u00e9e de lecture estim\u00e9e":"8 minutes"},"schema":{"@context":"https:\/\/schema.org","@graph":[{"@type":"Article","@id":"https:\/\/reclaimfinance.org\/site\/2022\/10\/06\/le-leader-mondial-de-la-reassurance-sengage-contre-lexpansion-petro-gaziere\/#article","isPartOf":{"@id":"https:\/\/reclaimfinance.org\/site\/2022\/10\/06\/le-leader-mondial-de-la-reassurance-sengage-contre-lexpansion-petro-gaziere\/"},"author":{"name":"L\u00e9o Martin","@id":"https:\/\/reclaimfinance.org\/site\/#\/schema\/person\/92f0f8d102e5e411f092871d8eeb3db1"},"headline":"Le leader mondial de la r\u00e9assurance s\u2019engage contre l\u2019expansion p\u00e9tro-gazi\u00e8re","datePublished":"2022-10-06T12:22:33+00:00","dateModified":"2023-02-08T10:40:26+00:00","mainEntityOfPage":{"@id":"https:\/\/reclaimfinance.org\/site\/2022\/10\/06\/le-leader-mondial-de-la-reassurance-sengage-contre-lexpansion-petro-gaziere\/"},"wordCount":2843,"commentCount":1,"publisher":{"@id":"https:\/\/reclaimfinance.org\/site\/#organization"},"image":{"@id":"https:\/\/reclaimfinance.org\/site\/2022\/10\/06\/le-leader-mondial-de-la-reassurance-sengage-contre-lexpansion-petro-gaziere\/#primaryimage"},"thumbnailUrl":"https:\/\/reclaimfinance.org\/site\/wp-content\/uploads\/2022\/10\/1.-BANNER-SITEWEB1.png","articleSection":["Communiqu\u00e9s de presse"],"inLanguage":"fr-FR","potentialAction":[{"@type":"CommentAction","name":"Comment","target":["https:\/\/reclaimfinance.org\/site\/2022\/10\/06\/le-leader-mondial-de-la-reassurance-sengage-contre-lexpansion-petro-gaziere\/#respond"]}]},{"@type":"WebPage","@id":"https:\/\/reclaimfinance.org\/site\/2022\/10\/06\/le-leader-mondial-de-la-reassurance-sengage-contre-lexpansion-petro-gaziere\/","url":"https:\/\/reclaimfinance.org\/site\/2022\/10\/06\/le-leader-mondial-de-la-reassurance-sengage-contre-lexpansion-petro-gaziere\/","name":"Le leader mondial de la r\u00e9assurance s\u2019engage contre l\u2019expansion p\u00e9tro-gazi\u00e8re - Reclaim Finance","isPartOf":{"@id":"https:\/\/reclaimfinance.org\/site\/#website"},"primaryImageOfPage":{"@id":"https:\/\/reclaimfinance.org\/site\/2022\/10\/06\/le-leader-mondial-de-la-reassurance-sengage-contre-lexpansion-petro-gaziere\/#primaryimage"},"image":{"@id":"https:\/\/reclaimfinance.org\/site\/2022\/10\/06\/le-leader-mondial-de-la-reassurance-sengage-contre-lexpansion-petro-gaziere\/#primaryimage"},"thumbnailUrl":"https:\/\/reclaimfinance.org\/site\/wp-content\/uploads\/2022\/10\/1.-BANNER-SITEWEB1.png","datePublished":"2022-10-06T12:22:33+00:00","dateModified":"2023-02-08T10:40:26+00:00","description":"Munich Re vient d\u2019annoncer l\u2019arr\u00eat de ses couvertures aux nouveaux projets de production p\u00e9troli\u00e8re et gazi\u00e8re.","breadcrumb":{"@id":"https:\/\/reclaimfinance.org\/site\/2022\/10\/06\/le-leader-mondial-de-la-reassurance-sengage-contre-lexpansion-petro-gaziere\/#breadcrumb"},"inLanguage":"fr-FR","potentialAction":[{"@type":"ReadAction","target":["https:\/\/reclaimfinance.org\/site\/2022\/10\/06\/le-leader-mondial-de-la-reassurance-sengage-contre-lexpansion-petro-gaziere\/"]}]},{"@type":"ImageObject","inLanguage":"fr-FR","@id":"https:\/\/reclaimfinance.org\/site\/2022\/10\/06\/le-leader-mondial-de-la-reassurance-sengage-contre-lexpansion-petro-gaziere\/#primaryimage","url":"https:\/\/reclaimfinance.org\/site\/wp-content\/uploads\/2022\/10\/1.-BANNER-SITEWEB1.png","contentUrl":"https:\/\/reclaimfinance.org\/site\/wp-content\/uploads\/2022\/10\/1.-BANNER-SITEWEB1.png","width":1350,"height":600},{"@type":"BreadcrumbList","@id":"https:\/\/reclaimfinance.org\/site\/2022\/10\/06\/le-leader-mondial-de-la-reassurance-sengage-contre-lexpansion-petro-gaziere\/#breadcrumb","itemListElement":[{"@type":"ListItem","position":1,"name":"Accueil","item":"https:\/\/reclaimfinance.org\/site\/"},{"@type":"ListItem","position":2,"name":"Le leader mondial de la r\u00e9assurance s\u2019engage contre l\u2019expansion p\u00e9tro-gazi\u00e8re"}]},{"@type":"WebSite","@id":"https:\/\/reclaimfinance.org\/site\/#website","url":"https:\/\/reclaimfinance.org\/site\/","name":"Reclaim Finance","description":"Reprendre le contr\u00f4le de la finance pour le climat et la biodiversit\u00e9","publisher":{"@id":"https:\/\/reclaimfinance.org\/site\/#organization"},"potentialAction":[{"@type":"SearchAction","target":{"@type":"EntryPoint","urlTemplate":"https:\/\/reclaimfinance.org\/site\/?s={search_term_string}"},"query-input":"required name=search_term_string"}],"inLanguage":"fr-FR"},{"@type":"Organization","@id":"https:\/\/reclaimfinance.org\/site\/#organization","name":"Reclaim Finance","url":"https:\/\/reclaimfinance.org\/site\/","logo":{"@type":"ImageObject","inLanguage":"fr-FR","@id":"https:\/\/reclaimfinance.org\/site\/#\/schema\/logo\/image\/","url":"https:\/\/reclaimfinance.org\/site\/wp-content\/uploads\/2020\/03\/logo_RC_space.png","contentUrl":"https:\/\/reclaimfinance.org\/site\/wp-content\/uploads\/2020\/03\/logo_RC_space.png","width":800,"height":800,"caption":"Reclaim Finance"},"image":{"@id":"https:\/\/reclaimfinance.org\/site\/#\/schema\/logo\/image\/"},"sameAs":["https:\/\/www.facebook.com\/ReclaimFinanceONG","https:\/\/x.com\/ReclaimFinance","https:\/\/www.instagram.com\/reclaimfinance\/","https:\/\/www.linkedin.com\/company\/reclaim-finance-ong-think-tank"]},{"@type":"Person","@id":"https:\/\/reclaimfinance.org\/site\/#\/schema\/person\/92f0f8d102e5e411f092871d8eeb3db1","name":"L\u00e9o Martin","image":{"@type":"ImageObject","inLanguage":"fr-FR","@id":"https:\/\/reclaimfinance.org\/site\/#\/schema\/person\/image\/","url":"https:\/\/secure.gravatar.com\/avatar\/cebd89becb7f7185483789d7f51a21cb?s=96&d=mm&r=g","contentUrl":"https:\/\/secure.gravatar.com\/avatar\/cebd89becb7f7185483789d7f51a21cb?s=96&d=mm&r=g","caption":"L\u00e9o Martin"},"url":"https:\/\/reclaimfinance.org\/site\/author\/lma\/"}]}},"_links":{"self":[{"href":"https:\/\/reclaimfinance.org\/site\/wp-json\/wp\/v2\/posts\/23468"}],"collection":[{"href":"https:\/\/reclaimfinance.org\/site\/wp-json\/wp\/v2\/posts"}],"about":[{"href":"https:\/\/reclaimfinance.org\/site\/wp-json\/wp\/v2\/types\/post"}],"author":[{"embeddable":true,"href":"https:\/\/reclaimfinance.org\/site\/wp-json\/wp\/v2\/users\/26"}],"replies":[{"embeddable":true,"href":"https:\/\/reclaimfinance.org\/site\/wp-json\/wp\/v2\/comments?post=23468"}],"version-history":[{"count":0,"href":"https:\/\/reclaimfinance.org\/site\/wp-json\/wp\/v2\/posts\/23468\/revisions"}],"wp:featuredmedia":[{"embeddable":true,"href":"https:\/\/reclaimfinance.org\/site\/wp-json\/wp\/v2\/media\/23471"}],"wp:attachment":[{"href":"https:\/\/reclaimfinance.org\/site\/wp-json\/wp\/v2\/media?parent=23468"}],"wp:term":[{"taxonomy":"category","embeddable":true,"href":"https:\/\/reclaimfinance.org\/site\/wp-json\/wp\/v2\/categories?post=23468"},{"taxonomy":"post_tag","embeddable":true,"href":"https:\/\/reclaimfinance.org\/site\/wp-json\/wp\/v2\/tags?post=23468"},{"taxonomy":"acteurs_financiers","embeddable":true,"href":"https:\/\/reclaimfinance.org\/site\/wp-json\/wp\/v2\/acteurs_financiers?post=23468"},{"taxonomy":"thematique","embeddable":true,"href":"https:\/\/reclaimfinance.org\/site\/wp-json\/wp\/v2\/thematique?post=23468"},{"taxonomy":"webinar_type","embeddable":true,"href":"https:\/\/reclaimfinance.org\/site\/wp-json\/wp\/v2\/webinar_type?post=23468"},{"taxonomy":"programme","embeddable":true,"href":"https:\/\/reclaimfinance.org\/site\/wp-json\/wp\/v2\/programme?post=23468"}],"curies":[{"name":"wp","href":"https:\/\/api.w.org\/{rel}","templated":true}]}}