{"id":23912,"date":"2022-10-24T18:36:10","date_gmt":"2022-10-24T16:36:10","guid":{"rendered":"https:\/\/reclaimfinance.org\/site\/?p=23912"},"modified":"2023-04-20T17:42:39","modified_gmt":"2023-04-20T15:42:39","slug":"societe-generale-is-still-far-from-responding-to-the-climate-emergency","status":"publish","type":"post","link":"https:\/\/reclaimfinance.org\/site\/en\/2022\/10\/24\/societe-generale-is-still-far-from-responding-to-the-climate-emergency\/","title":{"rendered":"Soci\u00e9te G\u00e9n\u00e9rale is still far from responding to the climate emergency"},"content":{"rendered":"<div class=\"fusion-fullwidth fullwidth-box fusion-builder-row-1 fusion-flex-container nonhundred-percent-fullwidth non-hundred-percent-height-scrolling\" style=\"--awb-border-radius-top-left:0px;--awb-border-radius-top-right:0px;--awb-border-radius-bottom-right:0px;--awb-border-radius-bottom-left:0px;--awb-flex-wrap:wrap;\" ><div class=\"fusion-builder-row fusion-row fusion-flex-align-items-flex-start fusion-flex-content-wrap\" style=\"max-width:1216.8px;margin-left: calc(-4% \/ 2 );margin-right: calc(-4% \/ 2 );\"><div class=\"fusion-layout-column fusion_builder_column fusion-builder-column-0 fusion_builder_column_1_1 1_1 fusion-flex-column\" style=\"--awb-bg-size:cover;--awb-width-large:100%;--awb-margin-top-large:0px;--awb-spacing-right-large:1.92%;--awb-margin-bottom-large:20px;--awb-spacing-left-large:1.92%;--awb-width-medium:100%;--awb-order-medium:0;--awb-spacing-right-medium:1.92%;--awb-spacing-left-medium:1.92%;--awb-width-small:100%;--awb-order-small:0;--awb-spacing-right-small:1.92%;--awb-spacing-left-small:1.92%;\"><div class=\"fusion-column-wrapper fusion-column-has-shadow fusion-flex-justify-content-flex-start fusion-content-layout-column\"><div class=\"fusion-text fusion-text-1\" style=\"--awb-content-alignment:justify;--awb-text-color:var(--awb-color4);\"><p style=\"text-align: justify;\"><strong><span style=\"color: #8ac56b;\"><b>Press release<br \/>\n<\/b><\/span><\/strong><\/p>\n<p><strong>Paris, October 24, 2022 &#8211; Three days before Climate Finance Day in Paris, Societe Generale announces decarbonation targets for the power generation and oil and gas sectors. Reclaim Finance deplores the lack of immediate announcements to stop the expansion of the oil and gas sector, not even in the unconventional sectors, and calls on the Minister of Economy and Finance Bruno Le Maire to finally take measures this Thursday to force the actors of the Paris financial market to align themselves with a 1.5\u00b0C trajectory.<\/strong><\/p>\n<p style=\"text-align: justify;\"><b><span style=\"color: #8ac56b;\"><span class=\"TextRun SCXW60635315 BCX4\" lang=\"FR-FR\" xml:lang=\"FR-FR\" data-contrast=\"none\"><span class=\"NormalTextRun SCXW60635315 BCX4\" data-ccp-parastyle=\"Normal (Web)\"><span class=\"TextRun SCXW129514439 BCX4\" lang=\"FR-FR\" xml:lang=\"FR-FR\" data-contrast=\"auto\"><span class=\"NormalTextRun SCXW129514439 BCX4\">\u00a0<\/span><\/span><\/span><\/span><\/span><\/b><\/p>\n<\/div><div class=\"fusion-text fusion-text-2\"><p><span style=\"text-decoration: underline;\"><a href=\"https:\/\/reclaimfinance.org\/site\/2022\/10\/24\/societe-generale-est-encore-loin-de-repondre-a-lurgence-climatique\/\" target=\"_blank\" rel=\"noopener\">Read the full press release in French<\/a><\/span><\/p>\n<\/div><\/div><\/div><\/div><\/div>\n","protected":false},"excerpt":{"rendered":"","protected":false},"author":26,"featured_media":23908,"comment_status":"open","ping_status":"open","sticky":false,"template":"","format":"standard","meta":{"footnotes":""},"categories":[226],"tags":[215],"acteurs_financiers":[2442],"thematique":[2423],"webinar_type":[],"programme":[],"class_list":["post-23912","post","type-post","status-publish","format-standard","has-post-thumbnail","hentry","category-press-release","tag-societe-generale-en","acteurs_financiers-banks","thematique-fossil-fuels"],"yoast_head":"<!-- This site is optimized with the Yoast SEO plugin v23.1 - https:\/\/yoast.com\/wordpress\/plugins\/seo\/ -->\n<title>Soci\u00e9te G\u00e9n\u00e9rale is still far from responding to the climate emergency - Reclaim Finance<\/title>\n<meta name=\"description\" content=\"Three days before Climate Finance Day in Paris, Societe Generale announces decarbonation targets for the power generation and oil and gas sectors.\" \/>\n<meta name=\"robots\" content=\"index, follow, max-snippet:-1, max-image-preview:large, max-video-preview:-1\" \/>\n<link rel=\"canonical\" href=\"https:\/\/reclaimfinance.org\/site\/en\/2022\/10\/24\/societe-generale-is-still-far-from-responding-to-the-climate-emergency\/\" \/>\n<meta property=\"og:locale\" content=\"fr_FR\" \/>\n<meta property=\"og:type\" content=\"article\" \/>\n<meta property=\"og:title\" content=\"Soci\u00e9te G\u00e9n\u00e9rale is still far from responding to the climate emergency - Reclaim Finance\" \/>\n<meta property=\"og:description\" content=\"Three days before Climate Finance Day in Paris, Societe Generale announces decarbonation targets for the power generation and oil and gas sectors.\" \/>\n<meta property=\"og:url\" content=\"https:\/\/reclaimfinance.org\/site\/en\/2022\/10\/24\/societe-generale-is-still-far-from-responding-to-the-climate-emergency\/\" \/>\n<meta property=\"og:site_name\" content=\"Reclaim Finance\" \/>\n<meta property=\"article:publisher\" content=\"https:\/\/www.facebook.com\/ReclaimFinanceONG\" \/>\n<meta property=\"article:published_time\" content=\"2022-10-24T16:36:10+00:00\" \/>\n<meta property=\"article:modified_time\" content=\"2023-04-20T15:42:39+00:00\" \/>\n<meta property=\"og:image\" content=\"https:\/\/reclaimfinance.org\/site\/wp-content\/uploads\/2022\/10\/1.-BANNER-SITEWEB9.png\" \/>\n\t<meta property=\"og:image:width\" content=\"900\" \/>\n\t<meta property=\"og:image:height\" content=\"400\" \/>\n\t<meta property=\"og:image:type\" content=\"image\/png\" \/>\n<meta name=\"author\" content=\"L\u00e9o Martin\" \/>\n<meta name=\"twitter:card\" content=\"summary_large_image\" \/>\n<meta name=\"twitter:creator\" content=\"@ReclaimFinance\" \/>\n<meta name=\"twitter:site\" content=\"@ReclaimFinance\" \/>\n<meta name=\"twitter:label1\" content=\"\u00c9crit par\" \/>\n\t<meta name=\"twitter:data1\" content=\"L\u00e9o Martin\" \/>\n\t<meta name=\"twitter:label2\" content=\"Dur\u00e9e de lecture estim\u00e9e\" \/>\n\t<meta name=\"twitter:data2\" content=\"2 minutes\" \/>\n<script type=\"application\/ld+json\" class=\"yoast-schema-graph\">{\"@context\":\"https:\/\/schema.org\",\"@graph\":[{\"@type\":\"Article\",\"@id\":\"https:\/\/reclaimfinance.org\/site\/en\/2022\/10\/24\/societe-generale-is-still-far-from-responding-to-the-climate-emergency\/#article\",\"isPartOf\":{\"@id\":\"https:\/\/reclaimfinance.org\/site\/en\/2022\/10\/24\/societe-generale-is-still-far-from-responding-to-the-climate-emergency\/\"},\"author\":{\"name\":\"L\u00e9o Martin\",\"@id\":\"https:\/\/reclaimfinance.org\/site\/#\/schema\/person\/92f0f8d102e5e411f092871d8eeb3db1\"},\"headline\":\"Soci\u00e9te G\u00e9n\u00e9rale is still far from responding to the climate emergency\",\"datePublished\":\"2022-10-24T16:36:10+00:00\",\"dateModified\":\"2023-04-20T15:42:39+00:00\",\"mainEntityOfPage\":{\"@id\":\"https:\/\/reclaimfinance.org\/site\/en\/2022\/10\/24\/societe-generale-is-still-far-from-responding-to-the-climate-emergency\/\"},\"wordCount\":583,\"commentCount\":0,\"publisher\":{\"@id\":\"https:\/\/reclaimfinance.org\/site\/#organization\"},\"image\":{\"@id\":\"https:\/\/reclaimfinance.org\/site\/en\/2022\/10\/24\/societe-generale-is-still-far-from-responding-to-the-climate-emergency\/#primaryimage\"},\"thumbnailUrl\":\"https:\/\/reclaimfinance.org\/site\/wp-content\/uploads\/2022\/10\/1.-BANNER-SITEWEB9.png\",\"keywords\":[\"Soci\u00e9t\u00e9 G\u00e9n\u00e9rale\"],\"articleSection\":[\"Press Releases\"],\"inLanguage\":\"fr-FR\",\"potentialAction\":[{\"@type\":\"CommentAction\",\"name\":\"Comment\",\"target\":[\"https:\/\/reclaimfinance.org\/site\/en\/2022\/10\/24\/societe-generale-is-still-far-from-responding-to-the-climate-emergency\/#respond\"]}]},{\"@type\":\"WebPage\",\"@id\":\"https:\/\/reclaimfinance.org\/site\/en\/2022\/10\/24\/societe-generale-is-still-far-from-responding-to-the-climate-emergency\/\",\"url\":\"https:\/\/reclaimfinance.org\/site\/en\/2022\/10\/24\/societe-generale-is-still-far-from-responding-to-the-climate-emergency\/\",\"name\":\"Soci\u00e9te G\u00e9n\u00e9rale is still far from responding to the climate emergency - Reclaim Finance\",\"isPartOf\":{\"@id\":\"https:\/\/reclaimfinance.org\/site\/#website\"},\"primaryImageOfPage\":{\"@id\":\"https:\/\/reclaimfinance.org\/site\/en\/2022\/10\/24\/societe-generale-is-still-far-from-responding-to-the-climate-emergency\/#primaryimage\"},\"image\":{\"@id\":\"https:\/\/reclaimfinance.org\/site\/en\/2022\/10\/24\/societe-generale-is-still-far-from-responding-to-the-climate-emergency\/#primaryimage\"},\"thumbnailUrl\":\"https:\/\/reclaimfinance.org\/site\/wp-content\/uploads\/2022\/10\/1.-BANNER-SITEWEB9.png\",\"datePublished\":\"2022-10-24T16:36:10+00:00\",\"dateModified\":\"2023-04-20T15:42:39+00:00\",\"description\":\"Three days before Climate Finance Day in Paris, Societe Generale announces decarbonation targets for the power generation and oil and gas sectors.\",\"breadcrumb\":{\"@id\":\"https:\/\/reclaimfinance.org\/site\/en\/2022\/10\/24\/societe-generale-is-still-far-from-responding-to-the-climate-emergency\/#breadcrumb\"},\"inLanguage\":\"fr-FR\",\"potentialAction\":[{\"@type\":\"ReadAction\",\"target\":[\"https:\/\/reclaimfinance.org\/site\/en\/2022\/10\/24\/societe-generale-is-still-far-from-responding-to-the-climate-emergency\/\"]}]},{\"@type\":\"ImageObject\",\"inLanguage\":\"fr-FR\",\"@id\":\"https:\/\/reclaimfinance.org\/site\/en\/2022\/10\/24\/societe-generale-is-still-far-from-responding-to-the-climate-emergency\/#primaryimage\",\"url\":\"https:\/\/reclaimfinance.org\/site\/wp-content\/uploads\/2022\/10\/1.-BANNER-SITEWEB9.png\",\"contentUrl\":\"https:\/\/reclaimfinance.org\/site\/wp-content\/uploads\/2022\/10\/1.-BANNER-SITEWEB9.png\",\"width\":900,\"height\":400},{\"@type\":\"BreadcrumbList\",\"@id\":\"https:\/\/reclaimfinance.org\/site\/en\/2022\/10\/24\/societe-generale-is-still-far-from-responding-to-the-climate-emergency\/#breadcrumb\",\"itemListElement\":[{\"@type\":\"ListItem\",\"position\":1,\"name\":\"Accueil\",\"item\":\"https:\/\/reclaimfinance.org\/site\/\"},{\"@type\":\"ListItem\",\"position\":2,\"name\":\"Soci\u00e9te G\u00e9n\u00e9rale is still far from responding to the climate emergency\"}]},{\"@type\":\"WebSite\",\"@id\":\"https:\/\/reclaimfinance.org\/site\/#website\",\"url\":\"https:\/\/reclaimfinance.org\/site\/\",\"name\":\"Reclaim Finance\",\"description\":\"Reprendre le contr\u00f4le de la finance pour le climat et la biodiversit\u00e9\",\"publisher\":{\"@id\":\"https:\/\/reclaimfinance.org\/site\/#organization\"},\"potentialAction\":[{\"@type\":\"SearchAction\",\"target\":{\"@type\":\"EntryPoint\",\"urlTemplate\":\"https:\/\/reclaimfinance.org\/site\/?s={search_term_string}\"},\"query-input\":\"required name=search_term_string\"}],\"inLanguage\":\"fr-FR\"},{\"@type\":\"Organization\",\"@id\":\"https:\/\/reclaimfinance.org\/site\/#organization\",\"name\":\"Reclaim Finance\",\"url\":\"https:\/\/reclaimfinance.org\/site\/\",\"logo\":{\"@type\":\"ImageObject\",\"inLanguage\":\"fr-FR\",\"@id\":\"https:\/\/reclaimfinance.org\/site\/#\/schema\/logo\/image\/\",\"url\":\"https:\/\/reclaimfinance.org\/site\/wp-content\/uploads\/2020\/03\/logo_RC_space.png\",\"contentUrl\":\"https:\/\/reclaimfinance.org\/site\/wp-content\/uploads\/2020\/03\/logo_RC_space.png\",\"width\":800,\"height\":800,\"caption\":\"Reclaim Finance\"},\"image\":{\"@id\":\"https:\/\/reclaimfinance.org\/site\/#\/schema\/logo\/image\/\"},\"sameAs\":[\"https:\/\/www.facebook.com\/ReclaimFinanceONG\",\"https:\/\/x.com\/ReclaimFinance\",\"https:\/\/www.instagram.com\/reclaimfinance\/\",\"https:\/\/www.linkedin.com\/company\/reclaim-finance-ong-think-tank\"]},{\"@type\":\"Person\",\"@id\":\"https:\/\/reclaimfinance.org\/site\/#\/schema\/person\/92f0f8d102e5e411f092871d8eeb3db1\",\"name\":\"L\u00e9o Martin\",\"image\":{\"@type\":\"ImageObject\",\"inLanguage\":\"fr-FR\",\"@id\":\"https:\/\/reclaimfinance.org\/site\/#\/schema\/person\/image\/\",\"url\":\"https:\/\/secure.gravatar.com\/avatar\/cebd89becb7f7185483789d7f51a21cb?s=96&d=mm&r=g\",\"contentUrl\":\"https:\/\/secure.gravatar.com\/avatar\/cebd89becb7f7185483789d7f51a21cb?s=96&d=mm&r=g\",\"caption\":\"L\u00e9o Martin\"},\"url\":\"https:\/\/reclaimfinance.org\/site\/author\/lma\/\"}]}<\/script>\n<!-- \/ Yoast SEO plugin. -->","yoast_head_json":{"title":"Soci\u00e9te G\u00e9n\u00e9rale is still far from responding to the climate emergency - Reclaim Finance","description":"Three days before Climate Finance Day in Paris, Societe Generale announces decarbonation targets for the power generation and oil and gas sectors.","robots":{"index":"index","follow":"follow","max-snippet":"max-snippet:-1","max-image-preview":"max-image-preview:large","max-video-preview":"max-video-preview:-1"},"canonical":"https:\/\/reclaimfinance.org\/site\/en\/2022\/10\/24\/societe-generale-is-still-far-from-responding-to-the-climate-emergency\/","og_locale":"fr_FR","og_type":"article","og_title":"Soci\u00e9te G\u00e9n\u00e9rale is still far from responding to the climate emergency - Reclaim Finance","og_description":"Three days before Climate Finance Day in Paris, Societe Generale announces decarbonation targets for the power generation and oil and gas sectors.","og_url":"https:\/\/reclaimfinance.org\/site\/en\/2022\/10\/24\/societe-generale-is-still-far-from-responding-to-the-climate-emergency\/","og_site_name":"Reclaim Finance","article_publisher":"https:\/\/www.facebook.com\/ReclaimFinanceONG","article_published_time":"2022-10-24T16:36:10+00:00","article_modified_time":"2023-04-20T15:42:39+00:00","og_image":[{"width":900,"height":400,"url":"https:\/\/reclaimfinance.org\/site\/wp-content\/uploads\/2022\/10\/1.-BANNER-SITEWEB9.png","type":"image\/png"}],"author":"L\u00e9o Martin","twitter_card":"summary_large_image","twitter_creator":"@ReclaimFinance","twitter_site":"@ReclaimFinance","twitter_misc":{"\u00c9crit par":"L\u00e9o Martin","Dur\u00e9e de lecture estim\u00e9e":"2 minutes"},"schema":{"@context":"https:\/\/schema.org","@graph":[{"@type":"Article","@id":"https:\/\/reclaimfinance.org\/site\/en\/2022\/10\/24\/societe-generale-is-still-far-from-responding-to-the-climate-emergency\/#article","isPartOf":{"@id":"https:\/\/reclaimfinance.org\/site\/en\/2022\/10\/24\/societe-generale-is-still-far-from-responding-to-the-climate-emergency\/"},"author":{"name":"L\u00e9o Martin","@id":"https:\/\/reclaimfinance.org\/site\/#\/schema\/person\/92f0f8d102e5e411f092871d8eeb3db1"},"headline":"Soci\u00e9te G\u00e9n\u00e9rale is still far from responding to the climate emergency","datePublished":"2022-10-24T16:36:10+00:00","dateModified":"2023-04-20T15:42:39+00:00","mainEntityOfPage":{"@id":"https:\/\/reclaimfinance.org\/site\/en\/2022\/10\/24\/societe-generale-is-still-far-from-responding-to-the-climate-emergency\/"},"wordCount":583,"commentCount":0,"publisher":{"@id":"https:\/\/reclaimfinance.org\/site\/#organization"},"image":{"@id":"https:\/\/reclaimfinance.org\/site\/en\/2022\/10\/24\/societe-generale-is-still-far-from-responding-to-the-climate-emergency\/#primaryimage"},"thumbnailUrl":"https:\/\/reclaimfinance.org\/site\/wp-content\/uploads\/2022\/10\/1.-BANNER-SITEWEB9.png","keywords":["Soci\u00e9t\u00e9 G\u00e9n\u00e9rale"],"articleSection":["Press Releases"],"inLanguage":"fr-FR","potentialAction":[{"@type":"CommentAction","name":"Comment","target":["https:\/\/reclaimfinance.org\/site\/en\/2022\/10\/24\/societe-generale-is-still-far-from-responding-to-the-climate-emergency\/#respond"]}]},{"@type":"WebPage","@id":"https:\/\/reclaimfinance.org\/site\/en\/2022\/10\/24\/societe-generale-is-still-far-from-responding-to-the-climate-emergency\/","url":"https:\/\/reclaimfinance.org\/site\/en\/2022\/10\/24\/societe-generale-is-still-far-from-responding-to-the-climate-emergency\/","name":"Soci\u00e9te G\u00e9n\u00e9rale is still far from responding to the climate emergency - Reclaim Finance","isPartOf":{"@id":"https:\/\/reclaimfinance.org\/site\/#website"},"primaryImageOfPage":{"@id":"https:\/\/reclaimfinance.org\/site\/en\/2022\/10\/24\/societe-generale-is-still-far-from-responding-to-the-climate-emergency\/#primaryimage"},"image":{"@id":"https:\/\/reclaimfinance.org\/site\/en\/2022\/10\/24\/societe-generale-is-still-far-from-responding-to-the-climate-emergency\/#primaryimage"},"thumbnailUrl":"https:\/\/reclaimfinance.org\/site\/wp-content\/uploads\/2022\/10\/1.-BANNER-SITEWEB9.png","datePublished":"2022-10-24T16:36:10+00:00","dateModified":"2023-04-20T15:42:39+00:00","description":"Three days before Climate Finance Day in Paris, Societe Generale announces decarbonation targets for the power generation and oil and gas sectors.","breadcrumb":{"@id":"https:\/\/reclaimfinance.org\/site\/en\/2022\/10\/24\/societe-generale-is-still-far-from-responding-to-the-climate-emergency\/#breadcrumb"},"inLanguage":"fr-FR","potentialAction":[{"@type":"ReadAction","target":["https:\/\/reclaimfinance.org\/site\/en\/2022\/10\/24\/societe-generale-is-still-far-from-responding-to-the-climate-emergency\/"]}]},{"@type":"ImageObject","inLanguage":"fr-FR","@id":"https:\/\/reclaimfinance.org\/site\/en\/2022\/10\/24\/societe-generale-is-still-far-from-responding-to-the-climate-emergency\/#primaryimage","url":"https:\/\/reclaimfinance.org\/site\/wp-content\/uploads\/2022\/10\/1.-BANNER-SITEWEB9.png","contentUrl":"https:\/\/reclaimfinance.org\/site\/wp-content\/uploads\/2022\/10\/1.-BANNER-SITEWEB9.png","width":900,"height":400},{"@type":"BreadcrumbList","@id":"https:\/\/reclaimfinance.org\/site\/en\/2022\/10\/24\/societe-generale-is-still-far-from-responding-to-the-climate-emergency\/#breadcrumb","itemListElement":[{"@type":"ListItem","position":1,"name":"Accueil","item":"https:\/\/reclaimfinance.org\/site\/"},{"@type":"ListItem","position":2,"name":"Soci\u00e9te G\u00e9n\u00e9rale is still far from responding to the climate emergency"}]},{"@type":"WebSite","@id":"https:\/\/reclaimfinance.org\/site\/#website","url":"https:\/\/reclaimfinance.org\/site\/","name":"Reclaim Finance","description":"Reprendre le contr\u00f4le de la finance pour le climat et la biodiversit\u00e9","publisher":{"@id":"https:\/\/reclaimfinance.org\/site\/#organization"},"potentialAction":[{"@type":"SearchAction","target":{"@type":"EntryPoint","urlTemplate":"https:\/\/reclaimfinance.org\/site\/?s={search_term_string}"},"query-input":"required name=search_term_string"}],"inLanguage":"fr-FR"},{"@type":"Organization","@id":"https:\/\/reclaimfinance.org\/site\/#organization","name":"Reclaim Finance","url":"https:\/\/reclaimfinance.org\/site\/","logo":{"@type":"ImageObject","inLanguage":"fr-FR","@id":"https:\/\/reclaimfinance.org\/site\/#\/schema\/logo\/image\/","url":"https:\/\/reclaimfinance.org\/site\/wp-content\/uploads\/2020\/03\/logo_RC_space.png","contentUrl":"https:\/\/reclaimfinance.org\/site\/wp-content\/uploads\/2020\/03\/logo_RC_space.png","width":800,"height":800,"caption":"Reclaim Finance"},"image":{"@id":"https:\/\/reclaimfinance.org\/site\/#\/schema\/logo\/image\/"},"sameAs":["https:\/\/www.facebook.com\/ReclaimFinanceONG","https:\/\/x.com\/ReclaimFinance","https:\/\/www.instagram.com\/reclaimfinance\/","https:\/\/www.linkedin.com\/company\/reclaim-finance-ong-think-tank"]},{"@type":"Person","@id":"https:\/\/reclaimfinance.org\/site\/#\/schema\/person\/92f0f8d102e5e411f092871d8eeb3db1","name":"L\u00e9o Martin","image":{"@type":"ImageObject","inLanguage":"fr-FR","@id":"https:\/\/reclaimfinance.org\/site\/#\/schema\/person\/image\/","url":"https:\/\/secure.gravatar.com\/avatar\/cebd89becb7f7185483789d7f51a21cb?s=96&d=mm&r=g","contentUrl":"https:\/\/secure.gravatar.com\/avatar\/cebd89becb7f7185483789d7f51a21cb?s=96&d=mm&r=g","caption":"L\u00e9o Martin"},"url":"https:\/\/reclaimfinance.org\/site\/author\/lma\/"}]}},"_links":{"self":[{"href":"https:\/\/reclaimfinance.org\/site\/wp-json\/wp\/v2\/posts\/23912"}],"collection":[{"href":"https:\/\/reclaimfinance.org\/site\/wp-json\/wp\/v2\/posts"}],"about":[{"href":"https:\/\/reclaimfinance.org\/site\/wp-json\/wp\/v2\/types\/post"}],"author":[{"embeddable":true,"href":"https:\/\/reclaimfinance.org\/site\/wp-json\/wp\/v2\/users\/26"}],"replies":[{"embeddable":true,"href":"https:\/\/reclaimfinance.org\/site\/wp-json\/wp\/v2\/comments?post=23912"}],"version-history":[{"count":0,"href":"https:\/\/reclaimfinance.org\/site\/wp-json\/wp\/v2\/posts\/23912\/revisions"}],"wp:featuredmedia":[{"embeddable":true,"href":"https:\/\/reclaimfinance.org\/site\/wp-json\/wp\/v2\/media\/23908"}],"wp:attachment":[{"href":"https:\/\/reclaimfinance.org\/site\/wp-json\/wp\/v2\/media?parent=23912"}],"wp:term":[{"taxonomy":"category","embeddable":true,"href":"https:\/\/reclaimfinance.org\/site\/wp-json\/wp\/v2\/categories?post=23912"},{"taxonomy":"post_tag","embeddable":true,"href":"https:\/\/reclaimfinance.org\/site\/wp-json\/wp\/v2\/tags?post=23912"},{"taxonomy":"acteurs_financiers","embeddable":true,"href":"https:\/\/reclaimfinance.org\/site\/wp-json\/wp\/v2\/acteurs_financiers?post=23912"},{"taxonomy":"thematique","embeddable":true,"href":"https:\/\/reclaimfinance.org\/site\/wp-json\/wp\/v2\/thematique?post=23912"},{"taxonomy":"webinar_type","embeddable":true,"href":"https:\/\/reclaimfinance.org\/site\/wp-json\/wp\/v2\/webinar_type?post=23912"},{"taxonomy":"programme","embeddable":true,"href":"https:\/\/reclaimfinance.org\/site\/wp-json\/wp\/v2\/programme?post=23912"}],"curies":[{"name":"wp","href":"https:\/\/api.w.org\/{rel}","templated":true}]}}