{"id":24702,"date":"2022-12-01T13:25:49","date_gmt":"2022-12-01T12:25:49","guid":{"rendered":"https:\/\/reclaimfinance.org\/site\/?p=24702"},"modified":"2023-02-08T11:20:41","modified_gmt":"2023-02-08T10:20:41","slug":"directive-devoir-de-vigilance-sous-pression-de-la-france-le-conseil-de-lue-adopte-des-exclusions-massives-pour-le-secteur-financier","status":"publish","type":"post","link":"https:\/\/reclaimfinance.org\/site\/2022\/12\/01\/directive-devoir-de-vigilance-sous-pression-de-la-france-le-conseil-de-lue-adopte-des-exclusions-massives-pour-le-secteur-financier\/","title":{"rendered":"Devoir de vigilance : sous pression de la France, le Conseil de l\u2019UE adopte des exclusions massives pour le secteur financier"},"content":{"rendered":"<p><div class=\"fusion-fullwidth fullwidth-box fusion-builder-row-1 fusion-flex-container nonhundred-percent-fullwidth non-hundred-percent-height-scrolling\" style=\"--awb-border-radius-top-left:0px;--awb-border-radius-top-right:0px;--awb-border-radius-bottom-right:0px;--awb-border-radius-bottom-left:0px;--awb-flex-wrap:wrap;\" ><div class=\"fusion-builder-row fusion-row fusion-flex-align-items-flex-start fusion-flex-content-wrap\" style=\"max-width:1216.8px;margin-left: calc(-4% \/ 2 );margin-right: calc(-4% \/ 2 );\"><div class=\"fusion-layout-column fusion_builder_column fusion-builder-column-0 fusion_builder_column_1_1 1_1 fusion-flex-column\" style=\"--awb-bg-size:cover;--awb-width-large:100%;--awb-margin-top-large:0px;--awb-spacing-right-large:1.92%;--awb-margin-bottom-large:20px;--awb-spacing-left-large:1.92%;--awb-width-medium:100%;--awb-order-medium:0;--awb-spacing-right-medium:1.92%;--awb-spacing-left-medium:1.92%;--awb-width-small:100%;--awb-order-small:0;--awb-spacing-right-small:1.92%;--awb-spacing-left-small:1.92%;\"><div class=\"fusion-column-wrapper fusion-column-has-shadow fusion-flex-justify-content-flex-start fusion-content-layout-column\"><div class=\"fusion-text fusion-text-1\" style=\"--awb-content-alignment:justify;\"><p style=\"text-align: justify;\"><strong><span style=\"color: #8ac56b;\"><b>Communiqu\u00e9 de presse de Reclaim Finance et Les Amis de la Terre France<br \/>\n<\/b><\/span><\/strong><\/p>\n<p style=\"text-align: justify;\"><b><\/b><b><span style=\"color: #8ac56b;\"><span class=\"TextRun SCXW60635315 BCX4\" lang=\"FR-FR\" xml:lang=\"FR-FR\" data-contrast=\"none\"><span class=\"NormalTextRun SCXW60635315 BCX4\" data-ccp-parastyle=\"Normal (Web)\"><span class=\"TextRun SCXW129514439 BCX4\" lang=\"FR-FR\" xml:lang=\"FR-FR\" data-contrast=\"auto\"><span class=\"NormalTextRun SCXW129514439 BCX4\"><span dir=\"ltr\" role=\"presentation\">Paris, le 1er d\u00e9cembre 2022 &#8211; Ce matin, le Conseil de l\u2019Union europ\u00e9enne a adopt\u00e9 son<\/span> <span dir=\"ltr\" role=\"presentation\">texte de position sur la directive europ\u00e9enne sur le devoir de vigilance, un texte qui<\/span> <span dir=\"ltr\" role=\"presentation\">contient de nombreuses failles, en particulier pour le secteur financier. Alors que le<\/span> <span dir=\"ltr\" role=\"presentation\">gouvernement<\/span> <span dir=\"ltr\" role=\"presentation\">fran\u00e7ais<\/span> <span dir=\"ltr\" role=\"presentation\">a<\/span> <span dir=\"ltr\" role=\"presentation\">tent\u00e9<\/span> <span dir=\"ltr\" role=\"presentation\">d\u2019exclure<\/span> <span dir=\"ltr\" role=\"presentation\">compl\u00e8tement<\/span> <span dir=\"ltr\" role=\"presentation\">le<\/span> <span dir=\"ltr\" role=\"presentation\">secteur<\/span> <span dir=\"ltr\" role=\"presentation\">financier,<\/span> <span dir=\"ltr\" role=\"presentation\">l\u2019application du devoir de vigilance \u00e0 une liste &#8211; d\u00e9j\u00e0 restreinte &#8211; de services financiers<\/span> <span dir=\"ltr\" role=\"presentation\">sera finalement laiss\u00e9e au choix des Etats membres. Les Amis de la Terre France et<\/span> <span dir=\"ltr\" role=\"presentation\">Reclaim Finance s\u2019indignent de cette exclusion de facto de la quasi-totalit\u00e9 du secteur<\/span> <span dir=\"ltr\" role=\"presentation\">financier, et appellent le Parlement europ\u00e9en \u00e0 rejeter cette d\u00e9cision d\u00e9sastreuse pour <\/span><span dir=\"ltr\" role=\"presentation\">l\u2019environnement et les droits humains.<\/span><\/span><\/span><\/span><\/span><\/span><\/b><\/p>\n<\/div><\/div><\/div><div class=\"fusion-layout-column fusion_builder_column fusion-builder-column-1 fusion_builder_column_1_1 1_1 fusion-flex-column\" style=\"--awb-bg-size:cover;--awb-width-large:100%;--awb-margin-top-large:0px;--awb-spacing-right-large:1.92%;--awb-margin-bottom-large:20px;--awb-spacing-left-large:1.92%;--awb-width-medium:100%;--awb-order-medium:0;--awb-spacing-right-medium:1.92%;--awb-spacing-left-medium:1.92%;--awb-width-small:100%;--awb-order-small:0;--awb-spacing-right-small:1.92%;--awb-spacing-left-small:1.92%;\"><div class=\"fusion-column-wrapper fusion-column-has-shadow fusion-flex-justify-content-flex-start fusion-content-layout-column\"><div class=\"fusion-text fusion-text-2\" style=\"--awb-content-alignment:justify;\"><p><span dir=\"ltr\" aria-owns=\"pdfjs_internal_id_12R\">Ces derni\u00e8res semaines, le r\u00f4le n\u00e9gatif de la France dans les n\u00e9gociations l\u2019a mise sous le <\/span><span dir=\"ltr\" role=\"presentation\">feu des projecteurs. <span style=\"text-decoration: underline;\"><a href=\"https:\/\/www.amisdelaterre.org\/communique-presse\/devoir-de-vigilance-des-multinationales-la-france-ne-doit-pas-bloquer-ladoption-dune-directive-europeenne-ambitieuse\/\" target=\"_blank\" rel=\"noopener\">Voulant constituer une minorit\u00e9 de blocage<\/a><\/span> pour limiter l\u2019application du<\/span> <span dir=\"ltr\" role=\"presentation\">devoir<\/span> <span dir=\"ltr\" role=\"presentation\">de<\/span> <span dir=\"ltr\" role=\"presentation\">vigilance<\/span> <span dir=\"ltr\" role=\"presentation\">au<\/span> <span dir=\"ltr\" role=\"presentation\">secteur<\/span> <span dir=\"ltr\" role=\"presentation\">financier,<\/span> <span dir=\"ltr\" role=\"presentation\">le<\/span> <span dir=\"ltr\" role=\"presentation\">gouvernement<\/span> <span style=\"text-decoration: underline;\"><a href=\"https:\/\/presse.economie.gouv.fr\/30112022-le-gouvernement-francais-dement-les-informations-faisant-etat-dune-demande-dexemption-des-banques-du-projet-de-directive-sur-le-devoir-de-vigilance\/\" target=\"_blank\" rel=\"noopener\"><span dir=\"ltr\" role=\"presentation\">a<\/span> <span dir=\"ltr\" aria-owns=\"pdfjs_internal_id_13R\">r\u00e9pondu<\/span> <span dir=\"ltr\" role=\"presentation\">hier<\/span> <span dir=\"ltr\" role=\"presentation\">soir<\/span><\/a><\/span> <span dir=\"ltr\" role=\"presentation\">aux <\/span><span dir=\"ltr\" role=\"presentation\">interpellations<\/span> <span dir=\"ltr\" role=\"presentation\">de<\/span> <span dir=\"ltr\" role=\"presentation\">la<\/span> <span dir=\"ltr\" role=\"presentation\">soci\u00e9t\u00e9<\/span> <span dir=\"ltr\" role=\"presentation\">civile,<\/span> <span dir=\"ltr\" role=\"presentation\">des<\/span> <span dir=\"ltr\" role=\"presentation\">parlementaires et des m\u00e9dias. Il a soulign\u00e9 le<\/span> <span dir=\"ltr\" role=\"presentation\">caract\u00e8re<\/span> <span dir=\"ltr\" role=\"presentation\">pionnier<\/span> <span dir=\"ltr\" role=\"presentation\">de<\/span> <span dir=\"ltr\" role=\"presentation\">la<\/span> <span dir=\"ltr\" role=\"presentation\">France<\/span> <span dir=\"ltr\" role=\"presentation\">sur<\/span> <span dir=\"ltr\" role=\"presentation\">le<\/span> <span dir=\"ltr\" role=\"presentation\">devoir<\/span> <span dir=\"ltr\" role=\"presentation\">de vigilance et son implication dans le <\/span><span dir=\"ltr\" role=\"presentation\">d\u00e9veloppement de la proposition europ\u00e9enne, et indiqu\u00e9 vouloir traiter le secteur financier \u00ab<\/span> <span dir=\"ltr\" role=\"presentation\">comme tous les autres<\/span> <span dir=\"ltr\" role=\"presentation\">\u00bb&#8230; tout en poussant dans l\u2019ombre pour des amendements menant \u00e0 <\/span><span dir=\"ltr\" role=\"presentation\">son exclusion de fait.<\/span><\/p>\n<p><span dir=\"ltr\" role=\"presentation\">En effet, la d\u00e9finition de \u00ab cha\u00eene d\u2019activit\u00e9s \u00bb dans la directive, d\u00e9j\u00e0 gravement affaiblie par <\/span><span dir=\"ltr\" role=\"presentation\">le texte de compromis, inclut les activit\u00e9s en amont du donneur d\u2019ordre (sous-traitants,<\/span> <span dir=\"ltr\" role=\"presentation\">fournisseurs participant \u00e0 l\u2019\u00e9laboration du produit ou service) mais ne s\u2019applique qu\u2019\u00e0 une <\/span><span dir=\"ltr\" role=\"presentation\">liste<\/span> <span dir=\"ltr\" role=\"presentation\">r\u00e9duite<\/span> <span dir=\"ltr\" role=\"presentation\">d\u2019activit\u00e9s<\/span> <span dir=\"ltr\" role=\"presentation\">explicitement nomm\u00e9es en aval. Dans ce contexte, le texte du<\/span> <span dir=\"ltr\" aria-owns=\"pdfjs_internal_id_14R\">Conseil pr\u00e9cise ainsi une liste restreinte de services financiers, liste que la France a d\u2019abord <\/span><span dir=\"ltr\" aria-owns=\"pdfjs_internal_id_15R\">pouss\u00e9 \u00e0 restreindre, puis propos\u00e9 <span style=\"text-decoration: underline;\"><a href=\"https:\/\/www.mediapart.fr\/journal\/economie-et-social\/241122\/devoir-de-vigilance-des-entreprises-la-france-sape-les-ambitions-de-la-directive-europeenne\" target=\"_blank\" rel=\"noopener\">hier<\/a><\/span> et <span style=\"text-decoration: underline;\"><a href=\"https:\/\/video.consilium.europa.eu\/event\/en\/26329\" target=\"_blank\" rel=\"noopener\">ce matin<\/a><\/span> de supprimer purement et simplement.<\/span><\/p>\n<p><span dir=\"ltr\" role=\"presentation\">Si cette proposition d\u00e9sastreuse a finalement \u00e9t\u00e9 rejet\u00e9e, l\u2019intervention fran\u00e7aise a contribu\u00e9 <\/span><span dir=\"ltr\" role=\"presentation\">\u00e0 r\u00e9duire consid\u00e9rablement le champ d\u2019inclusion du secteur financier dans le texte de<\/span> <span dir=\"ltr\" role=\"presentation\">directive valid\u00e9 par les membres du Conseil ce matin :<\/span><\/p>\n<ul>\n<li><span dir=\"ltr\" role=\"presentation\">De nombreux services financiers sont exclus, comme les activit\u00e9s d\u2019investissements.<\/span><\/li>\n<li><span dir=\"ltr\" role=\"presentation\">Les activit\u00e9s des partenaires commerciaux des entreprises b\u00e9n\u00e9ficiant du service <\/span><span dir=\"ltr\" role=\"presentation\">financier<\/span> <span dir=\"ltr\" role=\"presentation\">sont exclues, exemptant les banques de leurs obligations de vigilance <\/span><span dir=\"ltr\" role=\"presentation\">concernant les activit\u00e9s des sous-traitants des entreprises qu\u2019elles financent, alors <\/span><span dir=\"ltr\" role=\"presentation\">que,<\/span> <span dir=\"ltr\" role=\"presentation\">dans<\/span> <span dir=\"ltr\" role=\"presentation\">le<\/span> <span dir=\"ltr\" role=\"presentation\">secteur<\/span> <span dir=\"ltr\" role=\"presentation\">textile<\/span> <span dir=\"ltr\" role=\"presentation\">ou<\/span> <span dir=\"ltr\" role=\"presentation\">p\u00e9trolier<\/span> <span dir=\"ltr\" role=\"presentation\">par exemple, l\u2019essentiel des violations <\/span><span dir=\"ltr\" role=\"presentation\">survient en lien avec la sous-traitance.<\/span><\/li>\n<li><span dir=\"ltr\" role=\"presentation\">Les acteurs financiers ne doivent appliquer le devoir de vigilance qu\u2019au moment de la <\/span><span dir=\"ltr\" role=\"presentation\">fourniture des services, et non s\u2019assurer du respect des droits et de la protection de <\/span><span dir=\"ltr\" role=\"presentation\">l\u2019environnement apr\u00e8s que ces services ont \u00e9t\u00e9 accord\u00e9s.<\/span><\/li>\n<\/ul>\n<p><span dir=\"ltr\" role=\"presentation\">Enfin, et surtout, les initiatives de la France pour affaiblir le texte ont pouss\u00e9 la pr\u00e9sidence <\/span><span dir=\"ltr\" role=\"presentation\">tch\u00e8que \u00e0 proposer comme compromis que son application au secteur financier soit laiss\u00e9e<\/span> <span dir=\"ltr\" role=\"presentation\">au libre choix de chaque Etat membre.<\/span><\/p>\n<blockquote>\n<p><strong><span dir=\"ltr\" role=\"presentation\">Pour<\/span> <span dir=\"ltr\" role=\"presentation\">Juliette Renaud, responsable de campagne aux Amis de la Terre France<\/span><\/strong><span dir=\"ltr\" role=\"presentation\"><strong>,<\/strong> \u00ab <\/span><span dir=\"ltr\" role=\"presentation\">La position et l\u2019attitude de la France dans ces n\u00e9gociations a \u00e9t\u00e9 scandaleuse : le <\/span><span dir=\"ltr\" role=\"presentation\">gouvernement a choisi de d\u00e9fendre co\u00fbte que co\u00fbte les int\u00e9r\u00eats du secteur financier <\/span><span dir=\"ltr\" role=\"presentation\">au<\/span> <span dir=\"ltr\" role=\"presentation\">lieu<\/span> <span dir=\"ltr\" role=\"presentation\">de<\/span> <span dir=\"ltr\" role=\"presentation\">prot\u00e9ger<\/span> <span dir=\"ltr\" role=\"presentation\">les<\/span> <span dir=\"ltr\" role=\"presentation\">droits<\/span> <span dir=\"ltr\" role=\"presentation\">humains<\/span> <span dir=\"ltr\" role=\"presentation\">et<\/span> <span dir=\"ltr\" role=\"presentation\">l\u2019environnement.<\/span> <span dir=\"ltr\" role=\"presentation\">Au<\/span> <span dir=\"ltr\" role=\"presentation\">final,<\/span> <span dir=\"ltr\" role=\"presentation\">la<\/span> <span dir=\"ltr\" role=\"presentation\">liste <\/span><span dir=\"ltr\" role=\"presentation\">d\u2019exemptions pour les banques et assurances est tellement longue qu\u2019on ne voit pas<\/span> <span dir=\"ltr\" role=\"presentation\">bien comment elles pourront \u00eatre tenues responsables de quoi que ce soit. Elles ont<\/span> <span dir=\"ltr\" role=\"presentation\">pourtant un r\u00f4le majeur en rendant possible, via leurs financements, des projets ou <\/span><span dir=\"ltr\" role=\"presentation\">activit\u00e9s violant les droits humains ou aggravant la crise climatique<\/span> <span dir=\"ltr\" role=\"presentation\">\u00bb.<\/span><\/p>\n<\/blockquote>\n<blockquote>\n<p><strong><span dir=\"ltr\" role=\"presentation\">Paul Schreiber, charg\u00e9 de campagne chez Reclaim Finance<\/span> <\/strong><span dir=\"ltr\" role=\"presentation\"><strong>indique :<\/strong> \u00ab<\/span> <span dir=\"ltr\" role=\"presentation\">Si le <\/span><span dir=\"ltr\" role=\"presentation\">secteur financier est trait\u00e9 \u201ccomme les autres\u201d comme le demande le gouvernement <\/span><span dir=\"ltr\" role=\"presentation\">fran\u00e7ais, alors le c\u0153ur de son activit\u00e9, \u00e0 savoir le financement de l&rsquo;\u00e9conomie, sera<\/span> <span dir=\"ltr\" role=\"presentation\">exclu<\/span> <span dir=\"ltr\" role=\"presentation\">du<\/span> <span dir=\"ltr\" role=\"presentation\">champ<\/span> <span dir=\"ltr\" role=\"presentation\">d\u2019application<\/span> <span dir=\"ltr\" role=\"presentation\">du<\/span> <span dir=\"ltr\" role=\"presentation\">devoir<\/span> <span dir=\"ltr\" role=\"presentation\">de<\/span> <span dir=\"ltr\" role=\"presentation\">vigilance.<\/span> <span dir=\"ltr\" role=\"presentation\">S&rsquo;ils<\/span> <span dir=\"ltr\" role=\"presentation\">veulent<\/span> <span dir=\"ltr\" role=\"presentation\">prot\u00e9ger <\/span><span dir=\"ltr\" role=\"presentation\">l\u2019environnement et les droits humains, les eurod\u00e9put\u00e9s ne doivent pas \u00eatre dupes : il <\/span><span dir=\"ltr\" role=\"presentation\">faut rejeter la position du Conseil et demander l\u2019inclusion de l\u2019ensemble des acteurs<\/span> <span dir=\"ltr\" role=\"presentation\">et services financiers<\/span> <span dir=\"ltr\" role=\"presentation\">\u00bb.<\/span><\/p>\n<\/blockquote>\n<p><span dir=\"ltr\" role=\"presentation\">Le texte adopt\u00e9 ce matin constitue la position que le Conseil portera dans les n\u00e9gociations <\/span><span dir=\"ltr\" role=\"presentation\">avec la Commission et le Parlement europ\u00e9en en 2023. Les Amis de la Terre France et<\/span> <span dir=\"ltr\" role=\"presentation\">Reclaim Finance appellent donc les eurod\u00e9put\u00e9.es \u00e0 r\u00e9sister aux pressions des lobbies de <\/span><span dir=\"ltr\" role=\"presentation\">la finance, en adoptant un texte de directive s\u2019appliquant pleinement aux acteurs financiers, <\/span><span dir=\"ltr\" role=\"presentation\">et en s\u2019opposant \u00e0 la position d\u00e9sastreuse du Conseil.<\/span><\/p>\n<\/div><\/div><\/div><\/div><\/div><div class=\"fusion-fullwidth fullwidth-box fusion-builder-row-2 fusion-flex-container nonhundred-percent-fullwidth non-hundred-percent-height-scrolling\" style=\"--link_hover_color: #ffffff;--awb-border-radius-top-left:0px;--awb-border-radius-top-right:0px;--awb-border-radius-bottom-right:0px;--awb-border-radius-bottom-left:0px;--awb-flex-wrap:wrap;\" ><div class=\"fusion-builder-row fusion-row fusion-flex-align-items-flex-start fusion-flex-content-wrap\" style=\"max-width:1216.8px;margin-left: calc(-4% \/ 2 );margin-right: calc(-4% \/ 2 );\"><div class=\"fusion-layout-column fusion_builder_column fusion-builder-column-2 fusion_builder_column_1_1 1_1 fusion-flex-column\" style=\"--awb-padding-top:10px;--awb-padding-right:10px;--awb-padding-bottom:0px;--awb-padding-left:10px;--awb-overflow:hidden;--awb-bg-size:cover;--awb-border-color:#ffffff;--awb-border-top:1px;--awb-border-right:1px;--awb-border-bottom:1px;--awb-border-left:1px;--awb-border-style:solid;--awb-border-radius:10px 10px 10px 10px;--awb-width-large:100%;--awb-margin-top-large:0px;--awb-spacing-right-large:1.92%;--awb-margin-bottom-large:20px;--awb-spacing-left-large:1.92%;--awb-width-medium:100%;--awb-order-medium:0;--awb-spacing-right-medium:1.92%;--awb-spacing-left-medium:1.92%;--awb-width-small:100%;--awb-order-small:0;--awb-spacing-right-small:1.92%;--awb-spacing-left-small:1.92%;\"><div class=\"fusion-column-wrapper fusion-column-has-shadow fusion-flex-justify-content-flex-start fusion-content-layout-column\"><div class=\"fusion-text fusion-text-3\"><p><b><span style=\"text-decoration: underline; color: #ffffff;\">Contacts <\/span><span style=\"color: #ffffff;\">:<\/span><\/b><\/p>\n<ul>\n<li><span dir=\"ltr\" aria-owns=\"pdfjs_internal_id_18R\">Amis de la Terre France : Juliette Renaud, +33 6 37 65 56 40, <\/span><a href=\"mailto:juliette.renaud@amisdelaterre.org\"><span dir=\"ltr\" role=\"presentation\"><span style=\"text-decoration: underline;\">juliette.renaud@amisdelaterre.org<\/span><\/span><\/a><\/li>\n<li><span dir=\"ltr\" aria-owns=\"pdfjs_internal_id_19R\">Reclaim Finance : Paul Schreiber, +33 6 89 02 07 88, <span style=\"text-decoration: underline;\"><a href=\"mailto:paul@reclaimfinance.org\">paul@reclaimfinance.org<\/a><\/span><\/span><\/li>\n<\/ul>\n<\/div><div class=\"fusion-text fusion-text-4\"><\/div><div class=\"fusion-text fusion-text-5\"><\/div><\/div><\/div><\/div><\/div><\/p>\n","protected":false},"excerpt":{"rendered":"","protected":false},"author":26,"featured_media":22618,"comment_status":"open","ping_status":"open","sticky":false,"template":"","format":"standard","meta":{"footnotes":""},"categories":[36],"tags":[],"acteurs_financiers":[2403],"thematique":[],"webinar_type":[],"programme":[],"class_list":["post-24702","post","type-post","status-publish","format-standard","has-post-thumbnail","hentry","category-communique-de-presse","acteurs_financiers-regulateurs-fr"],"yoast_head":"<!-- This site is optimized with the Yoast SEO plugin v23.1 - https:\/\/yoast.com\/wordpress\/plugins\/seo\/ -->\n<title>Devoir de vigilance : sous pression de la France, le Conseil de l\u2019UE adopte des exclusions massives pour le secteur financier - Reclaim Finance<\/title>\n<meta name=\"description\" content=\"Ce matin, le Conseil de l\u2019Union europ\u00e9enne a adopt\u00e9 son texte de position sur la directive europ\u00e9enne sur le devoir de vigilance, un texte qui contient de nombreuses failles, en particulier pour le secteur financier.\" \/>\n<meta name=\"robots\" content=\"index, follow, max-snippet:-1, max-image-preview:large, max-video-preview:-1\" \/>\n<link rel=\"canonical\" href=\"https:\/\/reclaimfinance.org\/site\/2022\/12\/01\/directive-devoir-de-vigilance-sous-pression-de-la-france-le-conseil-de-lue-adopte-des-exclusions-massives-pour-le-secteur-financier\/\" \/>\n<meta property=\"og:locale\" content=\"fr_FR\" \/>\n<meta property=\"og:type\" content=\"article\" \/>\n<meta property=\"og:title\" content=\"Devoir de vigilance : sous pression de la France, le Conseil de l\u2019UE adopte des exclusions massives pour le secteur financier - Reclaim Finance\" \/>\n<meta property=\"og:description\" content=\"Ce matin, le Conseil de l\u2019Union europ\u00e9enne a adopt\u00e9 son texte de position sur la directive europ\u00e9enne sur le devoir de vigilance, un texte qui contient de nombreuses failles, en particulier pour le secteur financier.\" \/>\n<meta property=\"og:url\" content=\"https:\/\/reclaimfinance.org\/site\/2022\/12\/01\/directive-devoir-de-vigilance-sous-pression-de-la-france-le-conseil-de-lue-adopte-des-exclusions-massives-pour-le-secteur-financier\/\" \/>\n<meta property=\"og:site_name\" content=\"Reclaim Finance\" \/>\n<meta property=\"article:publisher\" content=\"https:\/\/www.facebook.com\/ReclaimFinanceONG\" \/>\n<meta property=\"article:published_time\" content=\"2022-12-01T12:25:49+00:00\" \/>\n<meta property=\"article:modified_time\" content=\"2023-02-08T10:20:41+00:00\" \/>\n<meta property=\"og:image\" content=\"https:\/\/reclaimfinance.org\/site\/wp-content\/uploads\/2022\/07\/1.-BANNER-SITEWEB12.png\" \/>\n\t<meta property=\"og:image:width\" content=\"1350\" \/>\n\t<meta property=\"og:image:height\" content=\"600\" \/>\n\t<meta property=\"og:image:type\" content=\"image\/png\" \/>\n<meta name=\"author\" content=\"L\u00e9o Martin\" \/>\n<meta name=\"twitter:card\" content=\"summary_large_image\" \/>\n<meta name=\"twitter:image\" content=\"https:\/\/reclaimfinance.org\/site\/wp-content\/uploads\/2022\/07\/1.-BANNER-SITEWEB12.png\" \/>\n<meta name=\"twitter:creator\" content=\"@ReclaimFinance\" \/>\n<meta name=\"twitter:site\" content=\"@ReclaimFinance\" \/>\n<meta name=\"twitter:label1\" content=\"\u00c9crit par\" \/>\n\t<meta name=\"twitter:data1\" content=\"L\u00e9o Martin\" \/>\n\t<meta name=\"twitter:label2\" content=\"Dur\u00e9e de lecture estim\u00e9e\" \/>\n\t<meta name=\"twitter:data2\" content=\"6 minutes\" \/>\n<script type=\"application\/ld+json\" class=\"yoast-schema-graph\">{\"@context\":\"https:\/\/schema.org\",\"@graph\":[{\"@type\":\"Article\",\"@id\":\"https:\/\/reclaimfinance.org\/site\/2022\/12\/01\/directive-devoir-de-vigilance-sous-pression-de-la-france-le-conseil-de-lue-adopte-des-exclusions-massives-pour-le-secteur-financier\/#article\",\"isPartOf\":{\"@id\":\"https:\/\/reclaimfinance.org\/site\/2022\/12\/01\/directive-devoir-de-vigilance-sous-pression-de-la-france-le-conseil-de-lue-adopte-des-exclusions-massives-pour-le-secteur-financier\/\"},\"author\":{\"name\":\"L\u00e9o Martin\",\"@id\":\"https:\/\/reclaimfinance.org\/site\/#\/schema\/person\/92f0f8d102e5e411f092871d8eeb3db1\"},\"headline\":\"Devoir de vigilance : sous pression de la France, le Conseil de l\u2019UE adopte des exclusions massives pour le secteur financier\",\"datePublished\":\"2022-12-01T12:25:49+00:00\",\"dateModified\":\"2023-02-08T10:20:41+00:00\",\"mainEntityOfPage\":{\"@id\":\"https:\/\/reclaimfinance.org\/site\/2022\/12\/01\/directive-devoir-de-vigilance-sous-pression-de-la-france-le-conseil-de-lue-adopte-des-exclusions-massives-pour-le-secteur-financier\/\"},\"wordCount\":1889,\"commentCount\":0,\"publisher\":{\"@id\":\"https:\/\/reclaimfinance.org\/site\/#organization\"},\"image\":{\"@id\":\"https:\/\/reclaimfinance.org\/site\/2022\/12\/01\/directive-devoir-de-vigilance-sous-pression-de-la-france-le-conseil-de-lue-adopte-des-exclusions-massives-pour-le-secteur-financier\/#primaryimage\"},\"thumbnailUrl\":\"https:\/\/reclaimfinance.org\/site\/wp-content\/uploads\/2022\/07\/1.-BANNER-SITEWEB12.png\",\"articleSection\":[\"Communiqu\u00e9s de presse\"],\"inLanguage\":\"fr-FR\",\"potentialAction\":[{\"@type\":\"CommentAction\",\"name\":\"Comment\",\"target\":[\"https:\/\/reclaimfinance.org\/site\/2022\/12\/01\/directive-devoir-de-vigilance-sous-pression-de-la-france-le-conseil-de-lue-adopte-des-exclusions-massives-pour-le-secteur-financier\/#respond\"]}]},{\"@type\":\"WebPage\",\"@id\":\"https:\/\/reclaimfinance.org\/site\/2022\/12\/01\/directive-devoir-de-vigilance-sous-pression-de-la-france-le-conseil-de-lue-adopte-des-exclusions-massives-pour-le-secteur-financier\/\",\"url\":\"https:\/\/reclaimfinance.org\/site\/2022\/12\/01\/directive-devoir-de-vigilance-sous-pression-de-la-france-le-conseil-de-lue-adopte-des-exclusions-massives-pour-le-secteur-financier\/\",\"name\":\"Devoir de vigilance : sous pression de la France, le Conseil de l\u2019UE adopte des exclusions massives pour le secteur financier - Reclaim Finance\",\"isPartOf\":{\"@id\":\"https:\/\/reclaimfinance.org\/site\/#website\"},\"primaryImageOfPage\":{\"@id\":\"https:\/\/reclaimfinance.org\/site\/2022\/12\/01\/directive-devoir-de-vigilance-sous-pression-de-la-france-le-conseil-de-lue-adopte-des-exclusions-massives-pour-le-secteur-financier\/#primaryimage\"},\"image\":{\"@id\":\"https:\/\/reclaimfinance.org\/site\/2022\/12\/01\/directive-devoir-de-vigilance-sous-pression-de-la-france-le-conseil-de-lue-adopte-des-exclusions-massives-pour-le-secteur-financier\/#primaryimage\"},\"thumbnailUrl\":\"https:\/\/reclaimfinance.org\/site\/wp-content\/uploads\/2022\/07\/1.-BANNER-SITEWEB12.png\",\"datePublished\":\"2022-12-01T12:25:49+00:00\",\"dateModified\":\"2023-02-08T10:20:41+00:00\",\"description\":\"Ce matin, le Conseil de l\u2019Union europ\u00e9enne a adopt\u00e9 son texte de position sur la directive europ\u00e9enne sur le devoir de vigilance, un texte qui contient de nombreuses failles, en particulier pour le secteur financier.\",\"breadcrumb\":{\"@id\":\"https:\/\/reclaimfinance.org\/site\/2022\/12\/01\/directive-devoir-de-vigilance-sous-pression-de-la-france-le-conseil-de-lue-adopte-des-exclusions-massives-pour-le-secteur-financier\/#breadcrumb\"},\"inLanguage\":\"fr-FR\",\"potentialAction\":[{\"@type\":\"ReadAction\",\"target\":[\"https:\/\/reclaimfinance.org\/site\/2022\/12\/01\/directive-devoir-de-vigilance-sous-pression-de-la-france-le-conseil-de-lue-adopte-des-exclusions-massives-pour-le-secteur-financier\/\"]}]},{\"@type\":\"ImageObject\",\"inLanguage\":\"fr-FR\",\"@id\":\"https:\/\/reclaimfinance.org\/site\/2022\/12\/01\/directive-devoir-de-vigilance-sous-pression-de-la-france-le-conseil-de-lue-adopte-des-exclusions-massives-pour-le-secteur-financier\/#primaryimage\",\"url\":\"https:\/\/reclaimfinance.org\/site\/wp-content\/uploads\/2022\/07\/1.-BANNER-SITEWEB12.png\",\"contentUrl\":\"https:\/\/reclaimfinance.org\/site\/wp-content\/uploads\/2022\/07\/1.-BANNER-SITEWEB12.png\",\"width\":1350,\"height\":600,\"caption\":\"Eu flags\"},{\"@type\":\"BreadcrumbList\",\"@id\":\"https:\/\/reclaimfinance.org\/site\/2022\/12\/01\/directive-devoir-de-vigilance-sous-pression-de-la-france-le-conseil-de-lue-adopte-des-exclusions-massives-pour-le-secteur-financier\/#breadcrumb\",\"itemListElement\":[{\"@type\":\"ListItem\",\"position\":1,\"name\":\"Accueil\",\"item\":\"https:\/\/reclaimfinance.org\/site\/\"},{\"@type\":\"ListItem\",\"position\":2,\"name\":\"Devoir de vigilance : sous pression de la France, le Conseil de l\u2019UE adopte des exclusions massives pour le secteur financier\"}]},{\"@type\":\"WebSite\",\"@id\":\"https:\/\/reclaimfinance.org\/site\/#website\",\"url\":\"https:\/\/reclaimfinance.org\/site\/\",\"name\":\"Reclaim Finance\",\"description\":\"Reprendre le contr\u00f4le de la finance pour le climat et la biodiversit\u00e9\",\"publisher\":{\"@id\":\"https:\/\/reclaimfinance.org\/site\/#organization\"},\"potentialAction\":[{\"@type\":\"SearchAction\",\"target\":{\"@type\":\"EntryPoint\",\"urlTemplate\":\"https:\/\/reclaimfinance.org\/site\/?s={search_term_string}\"},\"query-input\":\"required name=search_term_string\"}],\"inLanguage\":\"fr-FR\"},{\"@type\":\"Organization\",\"@id\":\"https:\/\/reclaimfinance.org\/site\/#organization\",\"name\":\"Reclaim Finance\",\"url\":\"https:\/\/reclaimfinance.org\/site\/\",\"logo\":{\"@type\":\"ImageObject\",\"inLanguage\":\"fr-FR\",\"@id\":\"https:\/\/reclaimfinance.org\/site\/#\/schema\/logo\/image\/\",\"url\":\"https:\/\/reclaimfinance.org\/site\/wp-content\/uploads\/2020\/03\/logo_RC_space.png\",\"contentUrl\":\"https:\/\/reclaimfinance.org\/site\/wp-content\/uploads\/2020\/03\/logo_RC_space.png\",\"width\":800,\"height\":800,\"caption\":\"Reclaim Finance\"},\"image\":{\"@id\":\"https:\/\/reclaimfinance.org\/site\/#\/schema\/logo\/image\/\"},\"sameAs\":[\"https:\/\/www.facebook.com\/ReclaimFinanceONG\",\"https:\/\/x.com\/ReclaimFinance\",\"https:\/\/www.instagram.com\/reclaimfinance\/\",\"https:\/\/www.linkedin.com\/company\/reclaim-finance-ong-think-tank\"]},{\"@type\":\"Person\",\"@id\":\"https:\/\/reclaimfinance.org\/site\/#\/schema\/person\/92f0f8d102e5e411f092871d8eeb3db1\",\"name\":\"L\u00e9o Martin\",\"image\":{\"@type\":\"ImageObject\",\"inLanguage\":\"fr-FR\",\"@id\":\"https:\/\/reclaimfinance.org\/site\/#\/schema\/person\/image\/\",\"url\":\"https:\/\/secure.gravatar.com\/avatar\/cebd89becb7f7185483789d7f51a21cb?s=96&d=mm&r=g\",\"contentUrl\":\"https:\/\/secure.gravatar.com\/avatar\/cebd89becb7f7185483789d7f51a21cb?s=96&d=mm&r=g\",\"caption\":\"L\u00e9o Martin\"},\"url\":\"https:\/\/reclaimfinance.org\/site\/author\/lma\/\"}]}<\/script>\n<!-- \/ Yoast SEO plugin. -->","yoast_head_json":{"title":"Devoir de vigilance : sous pression de la France, le Conseil de l\u2019UE adopte des exclusions massives pour le secteur financier - Reclaim Finance","description":"Ce matin, le Conseil de l\u2019Union europ\u00e9enne a adopt\u00e9 son texte de position sur la directive europ\u00e9enne sur le devoir de vigilance, un texte qui contient de nombreuses failles, en particulier pour le secteur financier.","robots":{"index":"index","follow":"follow","max-snippet":"max-snippet:-1","max-image-preview":"max-image-preview:large","max-video-preview":"max-video-preview:-1"},"canonical":"https:\/\/reclaimfinance.org\/site\/2022\/12\/01\/directive-devoir-de-vigilance-sous-pression-de-la-france-le-conseil-de-lue-adopte-des-exclusions-massives-pour-le-secteur-financier\/","og_locale":"fr_FR","og_type":"article","og_title":"Devoir de vigilance : sous pression de la France, le Conseil de l\u2019UE adopte des exclusions massives pour le secteur financier - Reclaim Finance","og_description":"Ce matin, le Conseil de l\u2019Union europ\u00e9enne a adopt\u00e9 son texte de position sur la directive europ\u00e9enne sur le devoir de vigilance, un texte qui contient de nombreuses failles, en particulier pour le secteur financier.","og_url":"https:\/\/reclaimfinance.org\/site\/2022\/12\/01\/directive-devoir-de-vigilance-sous-pression-de-la-france-le-conseil-de-lue-adopte-des-exclusions-massives-pour-le-secteur-financier\/","og_site_name":"Reclaim Finance","article_publisher":"https:\/\/www.facebook.com\/ReclaimFinanceONG","article_published_time":"2022-12-01T12:25:49+00:00","article_modified_time":"2023-02-08T10:20:41+00:00","og_image":[{"width":1350,"height":600,"url":"https:\/\/reclaimfinance.org\/site\/wp-content\/uploads\/2022\/07\/1.-BANNER-SITEWEB12.png","type":"image\/png"}],"author":"L\u00e9o Martin","twitter_card":"summary_large_image","twitter_image":"https:\/\/reclaimfinance.org\/site\/wp-content\/uploads\/2022\/07\/1.-BANNER-SITEWEB12.png","twitter_creator":"@ReclaimFinance","twitter_site":"@ReclaimFinance","twitter_misc":{"\u00c9crit par":"L\u00e9o Martin","Dur\u00e9e de lecture estim\u00e9e":"6 minutes"},"schema":{"@context":"https:\/\/schema.org","@graph":[{"@type":"Article","@id":"https:\/\/reclaimfinance.org\/site\/2022\/12\/01\/directive-devoir-de-vigilance-sous-pression-de-la-france-le-conseil-de-lue-adopte-des-exclusions-massives-pour-le-secteur-financier\/#article","isPartOf":{"@id":"https:\/\/reclaimfinance.org\/site\/2022\/12\/01\/directive-devoir-de-vigilance-sous-pression-de-la-france-le-conseil-de-lue-adopte-des-exclusions-massives-pour-le-secteur-financier\/"},"author":{"name":"L\u00e9o Martin","@id":"https:\/\/reclaimfinance.org\/site\/#\/schema\/person\/92f0f8d102e5e411f092871d8eeb3db1"},"headline":"Devoir de vigilance : sous pression de la France, le Conseil de l\u2019UE adopte des exclusions massives pour le secteur financier","datePublished":"2022-12-01T12:25:49+00:00","dateModified":"2023-02-08T10:20:41+00:00","mainEntityOfPage":{"@id":"https:\/\/reclaimfinance.org\/site\/2022\/12\/01\/directive-devoir-de-vigilance-sous-pression-de-la-france-le-conseil-de-lue-adopte-des-exclusions-massives-pour-le-secteur-financier\/"},"wordCount":1889,"commentCount":0,"publisher":{"@id":"https:\/\/reclaimfinance.org\/site\/#organization"},"image":{"@id":"https:\/\/reclaimfinance.org\/site\/2022\/12\/01\/directive-devoir-de-vigilance-sous-pression-de-la-france-le-conseil-de-lue-adopte-des-exclusions-massives-pour-le-secteur-financier\/#primaryimage"},"thumbnailUrl":"https:\/\/reclaimfinance.org\/site\/wp-content\/uploads\/2022\/07\/1.-BANNER-SITEWEB12.png","articleSection":["Communiqu\u00e9s de presse"],"inLanguage":"fr-FR","potentialAction":[{"@type":"CommentAction","name":"Comment","target":["https:\/\/reclaimfinance.org\/site\/2022\/12\/01\/directive-devoir-de-vigilance-sous-pression-de-la-france-le-conseil-de-lue-adopte-des-exclusions-massives-pour-le-secteur-financier\/#respond"]}]},{"@type":"WebPage","@id":"https:\/\/reclaimfinance.org\/site\/2022\/12\/01\/directive-devoir-de-vigilance-sous-pression-de-la-france-le-conseil-de-lue-adopte-des-exclusions-massives-pour-le-secteur-financier\/","url":"https:\/\/reclaimfinance.org\/site\/2022\/12\/01\/directive-devoir-de-vigilance-sous-pression-de-la-france-le-conseil-de-lue-adopte-des-exclusions-massives-pour-le-secteur-financier\/","name":"Devoir de vigilance : sous pression de la France, le Conseil de l\u2019UE adopte des exclusions massives pour le secteur financier - Reclaim Finance","isPartOf":{"@id":"https:\/\/reclaimfinance.org\/site\/#website"},"primaryImageOfPage":{"@id":"https:\/\/reclaimfinance.org\/site\/2022\/12\/01\/directive-devoir-de-vigilance-sous-pression-de-la-france-le-conseil-de-lue-adopte-des-exclusions-massives-pour-le-secteur-financier\/#primaryimage"},"image":{"@id":"https:\/\/reclaimfinance.org\/site\/2022\/12\/01\/directive-devoir-de-vigilance-sous-pression-de-la-france-le-conseil-de-lue-adopte-des-exclusions-massives-pour-le-secteur-financier\/#primaryimage"},"thumbnailUrl":"https:\/\/reclaimfinance.org\/site\/wp-content\/uploads\/2022\/07\/1.-BANNER-SITEWEB12.png","datePublished":"2022-12-01T12:25:49+00:00","dateModified":"2023-02-08T10:20:41+00:00","description":"Ce matin, le Conseil de l\u2019Union europ\u00e9enne a adopt\u00e9 son texte de position sur la directive europ\u00e9enne sur le devoir de vigilance, un texte qui contient de nombreuses failles, en particulier pour le secteur financier.","breadcrumb":{"@id":"https:\/\/reclaimfinance.org\/site\/2022\/12\/01\/directive-devoir-de-vigilance-sous-pression-de-la-france-le-conseil-de-lue-adopte-des-exclusions-massives-pour-le-secteur-financier\/#breadcrumb"},"inLanguage":"fr-FR","potentialAction":[{"@type":"ReadAction","target":["https:\/\/reclaimfinance.org\/site\/2022\/12\/01\/directive-devoir-de-vigilance-sous-pression-de-la-france-le-conseil-de-lue-adopte-des-exclusions-massives-pour-le-secteur-financier\/"]}]},{"@type":"ImageObject","inLanguage":"fr-FR","@id":"https:\/\/reclaimfinance.org\/site\/2022\/12\/01\/directive-devoir-de-vigilance-sous-pression-de-la-france-le-conseil-de-lue-adopte-des-exclusions-massives-pour-le-secteur-financier\/#primaryimage","url":"https:\/\/reclaimfinance.org\/site\/wp-content\/uploads\/2022\/07\/1.-BANNER-SITEWEB12.png","contentUrl":"https:\/\/reclaimfinance.org\/site\/wp-content\/uploads\/2022\/07\/1.-BANNER-SITEWEB12.png","width":1350,"height":600,"caption":"Eu flags"},{"@type":"BreadcrumbList","@id":"https:\/\/reclaimfinance.org\/site\/2022\/12\/01\/directive-devoir-de-vigilance-sous-pression-de-la-france-le-conseil-de-lue-adopte-des-exclusions-massives-pour-le-secteur-financier\/#breadcrumb","itemListElement":[{"@type":"ListItem","position":1,"name":"Accueil","item":"https:\/\/reclaimfinance.org\/site\/"},{"@type":"ListItem","position":2,"name":"Devoir de vigilance : sous pression de la France, le Conseil de l\u2019UE adopte des exclusions massives pour le secteur financier"}]},{"@type":"WebSite","@id":"https:\/\/reclaimfinance.org\/site\/#website","url":"https:\/\/reclaimfinance.org\/site\/","name":"Reclaim Finance","description":"Reprendre le contr\u00f4le de la finance pour le climat et la biodiversit\u00e9","publisher":{"@id":"https:\/\/reclaimfinance.org\/site\/#organization"},"potentialAction":[{"@type":"SearchAction","target":{"@type":"EntryPoint","urlTemplate":"https:\/\/reclaimfinance.org\/site\/?s={search_term_string}"},"query-input":"required name=search_term_string"}],"inLanguage":"fr-FR"},{"@type":"Organization","@id":"https:\/\/reclaimfinance.org\/site\/#organization","name":"Reclaim Finance","url":"https:\/\/reclaimfinance.org\/site\/","logo":{"@type":"ImageObject","inLanguage":"fr-FR","@id":"https:\/\/reclaimfinance.org\/site\/#\/schema\/logo\/image\/","url":"https:\/\/reclaimfinance.org\/site\/wp-content\/uploads\/2020\/03\/logo_RC_space.png","contentUrl":"https:\/\/reclaimfinance.org\/site\/wp-content\/uploads\/2020\/03\/logo_RC_space.png","width":800,"height":800,"caption":"Reclaim Finance"},"image":{"@id":"https:\/\/reclaimfinance.org\/site\/#\/schema\/logo\/image\/"},"sameAs":["https:\/\/www.facebook.com\/ReclaimFinanceONG","https:\/\/x.com\/ReclaimFinance","https:\/\/www.instagram.com\/reclaimfinance\/","https:\/\/www.linkedin.com\/company\/reclaim-finance-ong-think-tank"]},{"@type":"Person","@id":"https:\/\/reclaimfinance.org\/site\/#\/schema\/person\/92f0f8d102e5e411f092871d8eeb3db1","name":"L\u00e9o Martin","image":{"@type":"ImageObject","inLanguage":"fr-FR","@id":"https:\/\/reclaimfinance.org\/site\/#\/schema\/person\/image\/","url":"https:\/\/secure.gravatar.com\/avatar\/cebd89becb7f7185483789d7f51a21cb?s=96&d=mm&r=g","contentUrl":"https:\/\/secure.gravatar.com\/avatar\/cebd89becb7f7185483789d7f51a21cb?s=96&d=mm&r=g","caption":"L\u00e9o Martin"},"url":"https:\/\/reclaimfinance.org\/site\/author\/lma\/"}]}},"_links":{"self":[{"href":"https:\/\/reclaimfinance.org\/site\/wp-json\/wp\/v2\/posts\/24702"}],"collection":[{"href":"https:\/\/reclaimfinance.org\/site\/wp-json\/wp\/v2\/posts"}],"about":[{"href":"https:\/\/reclaimfinance.org\/site\/wp-json\/wp\/v2\/types\/post"}],"author":[{"embeddable":true,"href":"https:\/\/reclaimfinance.org\/site\/wp-json\/wp\/v2\/users\/26"}],"replies":[{"embeddable":true,"href":"https:\/\/reclaimfinance.org\/site\/wp-json\/wp\/v2\/comments?post=24702"}],"version-history":[{"count":0,"href":"https:\/\/reclaimfinance.org\/site\/wp-json\/wp\/v2\/posts\/24702\/revisions"}],"wp:featuredmedia":[{"embeddable":true,"href":"https:\/\/reclaimfinance.org\/site\/wp-json\/wp\/v2\/media\/22618"}],"wp:attachment":[{"href":"https:\/\/reclaimfinance.org\/site\/wp-json\/wp\/v2\/media?parent=24702"}],"wp:term":[{"taxonomy":"category","embeddable":true,"href":"https:\/\/reclaimfinance.org\/site\/wp-json\/wp\/v2\/categories?post=24702"},{"taxonomy":"post_tag","embeddable":true,"href":"https:\/\/reclaimfinance.org\/site\/wp-json\/wp\/v2\/tags?post=24702"},{"taxonomy":"acteurs_financiers","embeddable":true,"href":"https:\/\/reclaimfinance.org\/site\/wp-json\/wp\/v2\/acteurs_financiers?post=24702"},{"taxonomy":"thematique","embeddable":true,"href":"https:\/\/reclaimfinance.org\/site\/wp-json\/wp\/v2\/thematique?post=24702"},{"taxonomy":"webinar_type","embeddable":true,"href":"https:\/\/reclaimfinance.org\/site\/wp-json\/wp\/v2\/webinar_type?post=24702"},{"taxonomy":"programme","embeddable":true,"href":"https:\/\/reclaimfinance.org\/site\/wp-json\/wp\/v2\/programme?post=24702"}],"curies":[{"name":"wp","href":"https:\/\/api.w.org\/{rel}","templated":true}]}}