{"id":29569,"date":"2023-05-25T10:00:26","date_gmt":"2023-05-25T08:00:26","guid":{"rendered":"https:\/\/reclaimfinance.org\/site\/?p=29569"},"modified":"2023-06-29T14:23:53","modified_gmt":"2023-06-29T12:23:53","slug":"ag-de-scor-le-reassureur-francais-ne-couvrira-plus-les-nouveaux-champs-gaziers","status":"publish","type":"post","link":"https:\/\/reclaimfinance.org\/site\/2023\/05\/25\/ag-de-scor-le-reassureur-francais-ne-couvrira-plus-les-nouveaux-champs-gaziers\/","title":{"rendered":"AG de SCOR : le r\u00e9assureur fran\u00e7ais ne couvrira plus les nouveaux champs gaziers"},"content":{"rendered":"<p><div class=\"fusion-fullwidth fullwidth-box fusion-builder-row-1 fusion-flex-container has-pattern-background has-mask-background nonhundred-percent-fullwidth non-hundred-percent-height-scrolling\" style=\"--awb-border-radius-top-left:0px;--awb-border-radius-top-right:0px;--awb-border-radius-bottom-right:0px;--awb-border-radius-bottom-left:0px;--awb-margin-bottom:20px;--awb-flex-wrap:wrap;\" ><div class=\"fusion-builder-row fusion-row fusion-flex-align-items-flex-start fusion-flex-content-wrap\" style=\"max-width:1216.8px;margin-left: calc(-4% \/ 2 );margin-right: calc(-4% \/ 2 );\"><div class=\"fusion-layout-column fusion_builder_column fusion-builder-column-0 fusion_builder_column_1_1 1_1 fusion-flex-column\" style=\"--awb-bg-size:cover;--awb-width-large:100%;--awb-margin-top-large:0px;--awb-spacing-right-large:1.92%;--awb-margin-bottom-large:20px;--awb-spacing-left-large:1.92%;--awb-width-medium:100%;--awb-order-medium:0;--awb-spacing-right-medium:1.92%;--awb-spacing-left-medium:1.92%;--awb-width-small:100%;--awb-order-small:0;--awb-spacing-right-small:1.92%;--awb-spacing-left-small:1.92%;\"><div class=\"fusion-column-wrapper fusion-column-has-shadow fusion-flex-justify-content-flex-start fusion-content-layout-column\"><div class=\"fusion-text fusion-text-1\" style=\"--awb-content-alignment:justify;--awb-text-color:var(--awb-color4);--awb-text-font-family:&quot;Montserrat&quot;;--awb-text-font-style:normal;--awb-text-font-weight:700;\"><p><b>Paris, le 25 mai 2023 &#8211; Lors de son assembl\u00e9e g\u00e9n\u00e9rale (AG), la premi\u00e8re pour le nouveau directeur g\u00e9n\u00e9ral Thierry L\u00e9ger, SCOR a annonc\u00e9 qu\u2019il ne couvrira plus les projets de d\u00e9veloppement de nouveaux champs gaziers (1). Reclaim Finance salue ces nouveaux engagements climatiques et appelle Thierry L\u00e9ger \u00e0 \u00e9galement exclure les nouveaux terminaux de gaz naturel liqu\u00e9fi\u00e9 (GNL) de mani\u00e8re \u00e0 s\u2019aligner sur les projections du sc\u00e9nario 1,5\u00b0C de l\u2019Agence internationale de l\u2019\u00e9nergie (AIE) et tenir ses engagements climatiques.<\/b><\/p>\n<\/div><div class=\"fusion-text fusion-text-2\" style=\"--awb-content-alignment:justify;\"><p>A l\u2019image de ses concurrents directs, <span style=\"text-decoration: underline;\"><a href=\"https:\/\/reclaimfinance.org\/site\/2022\/10\/06\/le-leader-mondial-de-la-reassurance-sengage-contre-lexpansion-petro-gaziere\/\" target=\"_blank\" rel=\"noopener\">Munich Re<\/a><\/span>, <span style=\"text-decoration: underline;\"><a href=\"https:\/\/reclaimfinance.org\/site\/2022\/03\/17\/petrole-et-gaz-swiss-re-definit-ses-normes-pour-lexclusion-du-petrole-et-du-gaz\/\" target=\"_blank\" rel=\"noopener\">Swiss Re<\/a><\/span>, <span style=\"text-decoration: underline;\"><a href=\"https:\/\/reclaimfinance.org\/site\/2022\/03\/10\/hannover-re-le-premier-reassureur-refusant-de-couvrir-les-nouveaux-projets-petroliers-et-gaziers-upstream\/\" target=\"_blank\" rel=\"noopener\">Hannover Re<\/a><\/span> et <span style=\"text-decoration: underline;\"><a href=\"https:\/\/reclaimfinance.org\/site\/2022\/05\/05\/petrole-et-gaz-allianz-place-la-barre-plus-haut-pour-les-assureurs-europeens\/\" target=\"_blank\" rel=\"noopener\">Allianz<\/a><\/span>, SCOR a annonc\u00e9 mettre un terme \u00e0 sa couverture de nouveaux champs gaziers. Le groupe pr\u00e9cise cependant qu\u2019une exception sera possible pour les clients ayant \u201cune strat\u00e9gie align\u00e9e avec un plan de transition Net Zero cr\u00e9dible\u201d (1).<\/p>\n<\/div><\/div><\/div><div class=\"fusion-layout-column fusion_builder_column fusion-builder-column-1 fusion_builder_column_4_5 4_5 fusion-flex-column centrer fusion-column-no-min-height\" style=\"--awb-bg-size:cover;--awb-border-color:var(--awb-color4);--awb-border-style:solid;--awb-width-large:80%;--awb-margin-top-large:0px;--awb-spacing-right-large:2.4%;--awb-margin-bottom-large:20px;--awb-spacing-left-large:2.4%;--awb-width-medium:100%;--awb-order-medium:0;--awb-spacing-right-medium:1.92%;--awb-spacing-left-medium:1.92%;--awb-width-small:100%;--awb-order-small:0;--awb-spacing-right-small:1.92%;--awb-spacing-left-small:1.92%;\"><div class=\"fusion-column-wrapper fusion-column-has-shadow fusion-flex-justify-content-flex-start fusion-content-layout-column\"><i class=\"fb-icon-element-1 fb-icon-element fontawesome-icon fa-quote-left fas circle-no fusion-text-flow\" style=\"--awb-font-size:23px;--awb-margin-bottom:10px;\"><\/i><div class=\"fusion-text fusion-text-3 fusion-text-no-margin\" style=\"--awb-content-alignment:justify;--awb-line-height:24px;--awb-text-transform:var(--awb-typography4-text-transform);--awb-text-color:var(--awb-color4);--awb-margin-bottom:10px;\"><p><i>Mieux vaut tard que jamais. SCOR rattrape enfin son retard par rapport \u00e0 ses concurrents et en ajoutant \u00e0 son exclusion des nouveaux champs p\u00e9troliers les nouveaux champs gaziers. Mais quel dommage qu\u2019il n\u2019aille pas jusqu&rsquo;au bout de la d\u00e9marche et autorise des exceptions pour les entreprises en transition. La science est cat\u00e9gorique : une entreprise qui continue de d\u00e9velopper de nouveaux champs de p\u00e9trole et de gaz ne peut pas \u00eatre consid\u00e9r\u00e9e comme \u201cen transition\u00a0\u00bb<\/i>.<i> SCOR montre donc l\u2019exemple \u00e0 AXA, qui n\u2019a toujours pas pris d\u2019engagement sur le gaz<\/i>.<\/p>\n<\/div><div class=\"fusion-text fusion-text-4\"><p><strong><b>Ariel Le Bourdonnec, charg\u00e9 de campagne Assurance chez Reclaim Finance<\/b><\/strong><\/p>\n<\/div><\/div><\/div><div class=\"fusion-layout-column fusion_builder_column fusion-builder-column-2 fusion_builder_column_1_1 1_1 fusion-flex-column\" style=\"--awb-bg-size:cover;--awb-width-large:100%;--awb-margin-top-large:0px;--awb-spacing-right-large:1.92%;--awb-margin-bottom-large:20px;--awb-spacing-left-large:1.92%;--awb-width-medium:100%;--awb-order-medium:0;--awb-spacing-right-medium:1.92%;--awb-spacing-left-medium:1.92%;--awb-width-small:100%;--awb-order-small:0;--awb-spacing-right-small:1.92%;--awb-spacing-left-small:1.92%;\"><div class=\"fusion-column-wrapper fusion-column-has-shadow fusion-flex-justify-content-flex-start fusion-content-layout-column\"><div class=\"fusion-text fusion-text-5\" style=\"--awb-content-alignment:justify;\"><p>En mai, une <span style=\"text-decoration: underline;\"><a href=\"https:\/\/reclaimfinance.org\/site\/2023\/05\/02\/lettre-ouverte-au-nouveau-directeur-general-de-scor-thierry-leger\/\" target=\"_blank\" rel=\"noopener\">lettre ouverte sign\u00e9e par 15 ONG dont Reclaim Finance avait \u00e9t\u00e9 envoy\u00e9e \u00e0 Thierry L\u00e9ger<\/a><\/span> l\u2019appelant \u00e0 ne plus couvrir les nouveaux champs gaziers mais aussi les terminaux de gaz naturel liqu\u00e9fi\u00e9 (GNL). Ces nouveaux engagements climatiques r\u00e9pondent donc \u00e0 une partie des demandes port\u00e9es dans le cadre de la campagne Insure our Future qui appelle les grands assureurs et r\u00e9assureurs \u00e0 agir face au d\u00e9r\u00e8glement climatique.<\/p>\n<p>Une demande reste cependant en suspens : celle appelant \u00e0 ne plus couvrir les nouveaux terminaux de GNL. <span style=\"text-decoration: underline;\"><a href=\"https:\/\/reclaimfinance.org\/site\/2023\/05\/24\/freeport-lng-scor-et-axa-assurent-une-bombe-climatique\/\" target=\"_blank\" rel=\"noopener\">SCOR a r\u00e9cemment \u00e9t\u00e9 identifi\u00e9 par Reclaim Finance et l\u2019ONG Better Brazoria<\/a><\/span> comme l\u2019un des assureurs derri\u00e8re la bombe climatique Freeport LNG, deuxi\u00e8me plus grand terminal de gaz naturel liqu\u00e9fi\u00e9 (GNL) des Etats-Unis, situ\u00e9 dans le Golfe du Mexique.<\/p>\n<p>Interpell\u00e9 par Reclaim Finance sur la n\u00e9cessit\u00e9 d\u2019arr\u00eater de couvrir les nouveaux terminaux de GNL, la direction de SCOR n\u2019a pas montr\u00e9 l\u2019intention de prendre des mesures en ce sens.<\/p>\n<\/div><\/div><\/div><div class=\"fusion-layout-column fusion_builder_column fusion-builder-column-3 fusion_builder_column_4_5 4_5 fusion-flex-column centrer fusion-column-no-min-height\" style=\"--awb-bg-size:cover;--awb-border-color:var(--awb-color4);--awb-border-style:solid;--awb-width-large:80%;--awb-margin-top-large:0px;--awb-spacing-right-large:2.4%;--awb-margin-bottom-large:20px;--awb-spacing-left-large:2.4%;--awb-width-medium:100%;--awb-order-medium:0;--awb-spacing-right-medium:1.92%;--awb-spacing-left-medium:1.92%;--awb-width-small:100%;--awb-order-small:0;--awb-spacing-right-small:1.92%;--awb-spacing-left-small:1.92%;\"><div class=\"fusion-column-wrapper fusion-column-has-shadow fusion-flex-justify-content-flex-start fusion-content-layout-column\"><i class=\"fb-icon-element-2 fb-icon-element fontawesome-icon fa-quote-left fas circle-no fusion-text-flow\" style=\"--awb-font-size:23px;--awb-margin-bottom:10px;\"><\/i><div class=\"fusion-text fusion-text-6 fusion-text-no-margin\" style=\"--awb-content-alignment:justify;--awb-line-height:24px;--awb-text-transform:var(--awb-typography4-text-transform);--awb-text-color:var(--awb-color4);--awb-margin-bottom:10px;\"><p><i>SCOR n\u2019a toujours aucune politique sur les nouvelles infrastructures de transport qui contribuent pourtant au d\u00e9veloppement de nouveaux champs et verrouillent des \u00e9missions de gaz \u00e0 effet de serre pour des ann\u00e9es. SCOR pourrait ainsi fournir les couvertures qui permettront \u00e0 des projets comme Freeport LNG de s\u2019\u00e9tendre.\u00a0 Quand bien m\u00eame l\u2019assureur se retire de la NZIA, nous attendons de SCOR qu\u2019il continue sur la dynamique lanc\u00e9e aujourd\u2019hui et annonce au plus vite l\u2019arr\u00eat de ses soutiens aux nouveaux terminaux de GNL<\/i>.<\/p>\n<\/div><div class=\"fusion-text fusion-text-7\"><p><strong><b>Ariel Le Bourdonnec, charg\u00e9 de campagne Assurance chez Reclaim Finance<\/b><\/strong><\/p>\n<\/div><\/div><\/div><div class=\"fusion-layout-column fusion_builder_column fusion-builder-column-4 fusion_builder_column_1_1 1_1 fusion-flex-column\" style=\"--awb-bg-size:cover;--awb-width-large:100%;--awb-margin-top-large:0px;--awb-spacing-right-large:1.92%;--awb-margin-bottom-large:20px;--awb-spacing-left-large:1.92%;--awb-width-medium:100%;--awb-order-medium:0;--awb-spacing-right-medium:1.92%;--awb-spacing-left-medium:1.92%;--awb-width-small:100%;--awb-order-small:0;--awb-spacing-right-small:1.92%;--awb-spacing-left-small:1.92%;\"><div class=\"fusion-column-wrapper fusion-column-has-shadow fusion-flex-justify-content-flex-start fusion-content-layout-column\"><div class=\"fusion-text fusion-text-8\" style=\"--awb-content-alignment:justify;\"><p>L\u2019Agence internationale de l\u2019\u00e9nergie (AIE) a projet\u00e9 l\u2019arr\u00eat du d\u00e9veloppement de nouveaux champs de p\u00e9trole et de gaz ainsi que les nouveaux terminaux de GNL pour limiter le r\u00e9chauffement \u00e0 1.5\u00b0C. Elle a \u00e9galement rappel\u00e9 que m\u00eame la guerre en Ukraine ne remettait pas en cause cette conclusion (3). Des conclusions bien connues de SCOR qui dispose d\u2019une des politiques d\u2019investissement sur le secteur p\u00e9trole et gaz les plus ambitieuses (4) parmi les investisseurs fran\u00e7ais (5) mais une politique d\u2019assurance tr\u00e8s en retard par rapport \u00e0 ces pairs.<\/p>\n<\/div><div style=\"text-align:center;\"><a class=\"fusion-button button-flat button-medium button-custom fusion-button-default button-1 fusion-button-default-span fusion-button-default-type\" style=\"--button_accent_color:#ffffff;--button_border_color:var(--awb-color4);--button_accent_hover_color:#ffffff;--button_border_hover_color:#8fc84c;--button_border_width-top:2px;--button_border_width-right:2px;--button_border_width-bottom:2px;--button_border_width-left:2px;--button_gradient_top_color:rgba(138,197,107,0);--button_gradient_bottom_color:rgba(138,197,107,0);--button_gradient_top_color_hover:#8fc84c;--button_gradient_bottom_color_hover:#8fc84c;--button_margin-top:30px;--button_margin-bottom:30px;\" target=\"_blank\" rel=\"noopener noreferrer\" href=\"https:\/\/reclaimfinance.org\/site\/wp-content\/uploads\/2023\/05\/SCOR_Reponse-questions-ecrites-AG-2023.pdf\"><span class=\"fusion-button-text\">Lire les r\u00e9ponses de SCOR aux questions de Reclaim Finance<\/span><\/a><\/div><\/div><\/div><div class=\"fusion-layout-column fusion_builder_column fusion-builder-column-5 fusion_builder_column_1_1 1_1 fusion-flex-column fusion-column-no-min-height\" style=\"--awb-padding-top:20px;--awb-padding-right:10px;--awb-padding-bottom:20px;--awb-padding-left:10px;--awb-overflow:hidden;--awb-bg-size:cover;--awb-border-color:var(--awb-color4);--awb-border-top:2px;--awb-border-right:2px;--awb-border-bottom:2px;--awb-border-left:2px;--awb-border-style:solid;--awb-border-radius:10px 10px 10px 10px;--awb-width-large:100%;--awb-margin-top-large:0px;--awb-spacing-right-large:1.92%;--awb-margin-bottom-large:0px;--awb-spacing-left-large:1.92%;--awb-width-medium:100%;--awb-order-medium:0;--awb-spacing-right-medium:1.92%;--awb-spacing-left-medium:1.92%;--awb-width-small:100%;--awb-order-small:0;--awb-spacing-right-small:1.92%;--awb-spacing-left-small:1.92%;\"><div class=\"fusion-column-wrapper fusion-column-has-shadow fusion-flex-justify-content-flex-start fusion-content-layout-column\"><div class=\"fusion-title title fusion-title-1 fusion-title-text fusion-title-size-two\" style=\"--awb-text-color:var(--awb-color4);--awb-margin-bottom:0px;--awb-font-size:18px;\"><div class=\"title-sep-container title-sep-container-left fusion-no-large-visibility fusion-no-medium-visibility fusion-no-small-visibility\"><div class=\"title-sep sep- sep-solid\" style=\"border-color:#3e3e3e;\"><\/div><\/div><span class=\"awb-title-spacer fusion-no-large-visibility fusion-no-medium-visibility fusion-no-small-visibility\"><\/span><h2 class=\"fusion-title-heading title-heading-left fusion-responsive-typography-calculated\" style=\"font-family:&quot;Montserrat&quot;;font-style:normal;font-weight:700;margin:0;font-size:1em;--fontSize:18;--minFontSize:18;line-height:1.5;\">Contacts :<\/h2><span class=\"awb-title-spacer\"><\/span><div class=\"title-sep-container title-sep-container-right\"><div class=\"title-sep sep- sep-solid\" style=\"border-color:#3e3e3e;\"><\/div><\/div><\/div><div class=\"fusion-text fusion-text-9\"><ul>\n<li aria-level=\"1\">Ariel le Bourdonnec, Charg\u00e9 de campagne Assurance et r\u00e9assurance chez Reclaim Finance, <a href=\"mailto:ariel@reclaimfinance.org\"><span style=\"text-decoration: underline;\">ariel@reclaimfinance.org<\/span>, <\/a>+33699399285<\/li>\n<li aria-level=\"1\">Sarah Bakaloglou, Charg\u00e9e des relations presse France, <a href=\"mailto:sarah@reclaimfinance.org\"><span style=\"text-decoration: underline;\">sarah@reclaimfinance.org<\/span><\/a>, +33661682510<\/li>\n<\/ul>\n<\/div><\/div><\/div><div class=\"fusion-layout-column fusion_builder_column fusion-builder-column-6 fusion_builder_column_1_1 1_1 fusion-flex-column fusion-column-no-min-height\" style=\"--awb-padding-top:20px;--awb-padding-right:10px;--awb-padding-bottom:20px;--awb-padding-left:10px;--awb-overflow:hidden;--awb-bg-size:cover;--awb-border-color:var(--awb-color1);--awb-border-style:solid;--awb-border-radius:10px 10px 10px 10px;--awb-width-large:100%;--awb-margin-top-large:0px;--awb-spacing-right-large:1.92%;--awb-margin-bottom-large:20px;--awb-spacing-left-large:1.92%;--awb-width-medium:100%;--awb-order-medium:0;--awb-spacing-right-medium:1.92%;--awb-spacing-left-medium:1.92%;--awb-width-small:100%;--awb-order-small:0;--awb-spacing-right-small:1.92%;--awb-spacing-left-small:1.92%;\"><div class=\"fusion-column-wrapper fusion-column-has-shadow fusion-flex-justify-content-flex-start fusion-content-layout-column\"><div class=\"fusion-title title fusion-title-2 fusion-title-text fusion-title-size-two\" style=\"--awb-text-color:var(--awb-color1);--awb-margin-bottom:0px;--awb-font-size:18px;\"><div class=\"title-sep-container title-sep-container-left fusion-no-large-visibility fusion-no-medium-visibility fusion-no-small-visibility\"><div class=\"title-sep sep- sep-solid\" style=\"border-color:#3e3e3e;\"><\/div><\/div><span class=\"awb-title-spacer fusion-no-large-visibility fusion-no-medium-visibility fusion-no-small-visibility\"><\/span><h2 class=\"fusion-title-heading title-heading-left fusion-responsive-typography-calculated\" style=\"font-family:&quot;Montserrat&quot;;font-style:normal;font-weight:700;margin:0;font-size:1em;--fontSize:18;--minFontSize:18;line-height:1.5;\">Notes :<\/h2><span class=\"awb-title-spacer\"><\/span><div class=\"title-sep-container title-sep-container-right\"><div class=\"title-sep sep- sep-solid\" style=\"border-color:#3e3e3e;\"><\/div><\/div><\/div><div class=\"fusion-text fusion-text-10\" style=\"--awb-content-alignment:justify;\"><ol>\n<li>Dans nouvelle politique sur le gaz, SCOR exclura l\u2019assurance et la r\u00e9assurance facultative sp\u00e9cifiquement d\u00e9di\u00e9es \u00e0 des projets de d\u00e9veloppement de nouveaux champs gaziers. En revanche, des exceptions pourront \u00eatre accord\u00e9es pour l\u2019assurance et la r\u00e9assurance facultative d\u2019assur\u00e9s ayant une strat\u00e9gie v\u00e9rifi\u00e9e et align\u00e9e avec un plan de transition Net Zero cr\u00e9dible reposant sur l\u2019initiative Science-Based Targets (SBTi) pour le secteur de l\u2019exploration et la production de p\u00e9trole et de gaz. SCOR, <span style=\"text-decoration: underline;\"><a href=\"https:\/\/www.scor.com\/fr\/communique-de-presse\/resultats-annuels-2022#:~:text=L'ann%C3%A9e%202022%20se%20conclut,trois%20lignes%20de%20m%C3%A9tier%20d%C3%A9gageant\" target=\"_blank\" rel=\"noopener\">R\u00e9sultats annuels 2022<\/a><\/span>, 2023<\/li>\n<li>Greenpeace Nordic, <span style=\"text-decoration: underline;\"><a href=\"https:\/\/www.greenpeace.org\/sweden\/pressmeddelanden\/klimat\/insurance-giants-complicit-in-norways-oil-and-gas-expansion\/\" target=\"_blank\" rel=\"noopener\">Insurance giants complicit in Norway\u2019s oil and gas expansion<\/a><\/span>, 2023.<\/li>\n<li>AIE, <span style=\"text-decoration: underline;\"><a href=\"https:\/\/www.iea.org\/reports\/world-energy-outlook-2022\" target=\"_blank\" rel=\"noopener\">World Energy Outlook 2022<\/a><\/span>, 2022.<\/li>\n<li>SCOR, <span style=\"text-decoration: underline;\"><a href=\"https:\/\/www.scor.com\/en\/download\/file?token=def50200474189e0dc45022943ca76c902bdcdeb8b6bb488aaebd84029dafe8798e2636b593ccda9b6a8e1f5684aa21556661259da09d66c034986cecf5ce9f2b4477278462fa50701299685a75fb73b604e421ae9c41bf97e02a36de12a8d90fc46419237f2ed95b6c69f59e5f054c344d38d2a7aa6b46a1976be20aabc8dd61b5dadb446\" target=\"_blank\" rel=\"noopener\">Sustainable Investment Policy<\/a><\/span>, 2023.<\/li>\n<li>Pour plus d\u2019informations sur les politiques p\u00e9trole et gaz des investisseurs fran\u00e7ais, consultez l\u2019<span style=\"text-decoration: underline;\"><a href=\"https:\/\/oilgaspolicytracker.org?key=eyJvbCI6W10sInRyaSI6LTUsImZsdCI6W3siaSI6MSwidiI6IkFzc2V0IG93bmVyIn0seyJpIjowLCJ2IjoiRnJhbmNlIn1dfQequalsignequalsign\" target=\"_blank\" rel=\"noopener\">Oil and Gas Policy Tracker<\/a><\/span>.<\/li>\n<\/ol>\n<\/div><\/div><\/div><\/div><\/div><div class=\"fusion-fullwidth fullwidth-box fusion-builder-row-2 fusion-flex-container has-pattern-background has-mask-background nonhundred-percent-fullwidth non-hundred-percent-height-scrolling\" style=\"--awb-border-radius-top-left:0px;--awb-border-radius-top-right:0px;--awb-border-radius-bottom-right:0px;--awb-border-radius-bottom-left:0px;--awb-flex-wrap:wrap;\" ><div class=\"fusion-builder-row fusion-row fusion-flex-align-items-flex-start fusion-flex-content-wrap\" style=\"max-width:1216.8px;margin-left: calc(-4% \/ 2 );margin-right: calc(-4% \/ 2 );\"><div class=\"fusion-layout-column fusion_builder_column fusion-builder-column-7 fusion_builder_column_1_1 1_1 fusion-flex-column\" style=\"--awb-bg-size:cover;--awb-width-large:100%;--awb-margin-top-large:0px;--awb-spacing-right-large:1.92%;--awb-margin-bottom-large:20px;--awb-spacing-left-large:1.92%;--awb-width-medium:100%;--awb-order-medium:0;--awb-spacing-right-medium:1.92%;--awb-spacing-left-medium:1.92%;--awb-width-small:100%;--awb-order-small:0;--awb-spacing-right-small:1.92%;--awb-spacing-left-small:1.92%;\"><div class=\"fusion-column-wrapper fusion-column-has-shadow fusion-flex-justify-content-flex-start fusion-content-layout-column\"><div class=\"fusion-title title fusion-title-3 fusion-sep-none fusion-title-text fusion-title-size-two\" style=\"--awb-text-color:var(--awb-color1);--awb-margin-bottom:0px;\"><h2 class=\"fusion-title-heading title-heading-left fusion-responsive-typography-calculated\" style=\"margin:0;text-transform:uppercase;--fontSize:33;line-height:1.5;\">Lire aussi<\/h2><\/div><div class=\"fusion-separator\" style=\"align-self: flex-start;margin-right:auto;margin-top:25px;margin-bottom:35px;width:100%;max-width:100px;\"><div class=\"fusion-separator-border sep-single sep-solid\" style=\"--awb-height:20px;--awb-amount:20px;--awb-sep-color:var(--awb-color4);border-color:var(--awb-color4);border-top-width:10px;\"><\/div><\/div><div class=\"fusion-blog-shortcode fusion-blog-shortcode-1 fusion-blog-archive fusion-blog-layout-grid-wrapper fusion-blog-no\"><style type=\"text\/css\">.fusion-blog-shortcode-1 .fusion-blog-layout-grid .fusion-post-grid{padding:15px;}.fusion-blog-shortcode-1 .fusion-posts-container{margin-left: -15px !important; margin-right:-15px !important;}<\/style><div class=\"fusion-posts-container fusion-posts-container-no fusion-blog-rollover fusion-blog-layout-grid fusion-blog-layout-grid-3 isotope fusion-blog-equal-heights\" data-pages=\"106\" data-grid-col-space=\"30\" style=\"margin: -15px -15px 0;min-height:500px;\"><article id=\"blog-1-post-39506\" class=\"fusion-post-grid post-39506 post type-post status-publish format-standard has-post-thumbnail hentry category-communique-de-presse acteurs_financiers-banques-fr thematique-energies-fossiles thematique-gaz-fr\">\n<div class=\"fusion-post-wrapper\" style=\"background-color:rgba(255,255,255,0);border:1px solid #2a2b3d;border-bottom-width:3px;\">\n\n\t\t\t<div class=\"fusion-flexslider flexslider fusion-flexslider-loading fusion-post-slideshow\" style=\"border-color:#2a2b3d;\">\n\t\t<ul class=\"slides\">\n\t\t\t\n\t\t\t\t\t\t\t\t\t\t\t\t\t\t<li><div  class=\"fusion-image-wrapper\" aria-haspopup=\"true\">\n\t\t\t\t<img decoding=\"async\" width=\"1125\" height=\"500\" src=\"https:\/\/reclaimfinance.org\/site\/wp-content\/uploads\/2026\/04\/gas-power-plant.png\" class=\"attachment-full size-full wp-post-image\" alt=\"\" \/><div class=\"fusion-rollover\">\n\t<div class=\"fusion-rollover-content\">\n\n\t\t\t\t\n\t\t\n\t\t\t\t\t\t\t\t\n\t\t\t\t\t\t\t\t\n\t\t\n\t\t\t\t\t\t<a class=\"fusion-link-wrapper\" href=\"https:\/\/reclaimfinance.org\/site\/2026\/04\/08\/centrales-a-gaz-un-soutien-des-banques-europeennes-a-lexpansion-malgre-des-couts-sociaux-eleves\/\" aria-label=\"Centrales \u00e0 gaz : un soutien des banques europ\u00e9ennes \u00e0 l&rsquo;expansion malgr\u00e9 des co\u00fbts sociaux \u00e9lev\u00e9s\"><\/a>\n\t<\/div>\n<\/div>\n<\/div>\n<\/li>\n\t\t\t\n\t\t\t\n\t\t\t\t\t\t\t\t<\/ul>\n\t<\/div>\n\t<div class=\"fusion-post-content-wrapper\" style=\"padding:30px 25px 20px 25px;\"><div class=\"fusion-post-content post-content\"><h3 class=\"blog-shortcode-post-title entry-title\"><a href=\"https:\/\/reclaimfinance.org\/site\/2026\/04\/08\/centrales-a-gaz-un-soutien-des-banques-europeennes-a-lexpansion-malgre-des-couts-sociaux-eleves\/\">Centrales \u00e0 gaz : un soutien des banques europ\u00e9ennes \u00e0 l&rsquo;expansion malgr\u00e9 des co\u00fbts sociaux \u00e9lev\u00e9s<\/a><\/h3><p class=\"fusion-single-line-meta\"><span class=\"vcard\" style=\"display: none;\"><span class=\"fn\"><a href=\"https:\/\/reclaimfinance.org\/site\/author\/aman\/\" title=\"Articles par Aatira\u00ef Manickawasagar\" rel=\"author\">Aatira\u00ef Manickawasagar<\/a><\/span><\/span><span class=\"updated\" style=\"display:none;\">2026-04-07T15:33:26+02:00<\/span><a href=\"https:\/\/reclaimfinance.org\/site\/category\/communique-de-presse\/\" rel=\"category tag\">Communiqu\u00e9s de presse<\/a><span class=\"fusion-inline-sep\">|<\/span><\/p><\/div><\/div><div class=\"fusion-clearfix\"><\/div><\/div>\n<\/article>\n<article id=\"blog-1-post-39344\" class=\"fusion-post-grid post-39344 post type-post status-publish format-standard has-post-thumbnail hentry category-communique-de-presse acteurs_financiers-assurances-fr programme-programme-3-fr\">\n<div class=\"fusion-post-wrapper\" style=\"background-color:rgba(255,255,255,0);border:1px solid #2a2b3d;border-bottom-width:3px;\">\n\n\t\t\t<div class=\"fusion-flexslider flexslider fusion-flexslider-loading fusion-post-slideshow\" style=\"border-color:#2a2b3d;\">\n\t\t<ul class=\"slides\">\n\t\t\t\n\t\t\t\t\t\t\t\t\t\t\t\t\t\t<li><div  class=\"fusion-image-wrapper\" aria-haspopup=\"true\">\n\t\t\t\t<img decoding=\"async\" width=\"1125\" height=\"500\" src=\"https:\/\/reclaimfinance.org\/site\/wp-content\/uploads\/2026\/03\/Catastrophe-naturelle-.png\" class=\"attachment-full size-full wp-post-image\" alt=\"Catastrophe naturelle\" \/><div class=\"fusion-rollover\">\n\t<div class=\"fusion-rollover-content\">\n\n\t\t\t\t\n\t\t\n\t\t\t\t\t\t\t\t\n\t\t\t\t\t\t\t\t\n\t\t\n\t\t\t\t\t\t<a class=\"fusion-link-wrapper\" href=\"https:\/\/reclaimfinance.org\/site\/2026\/03\/11\/catastrophes-naturelles-les-grands-assureurs-priorisent-leurs-profits-au-detriment-des-citoyens-et-collectivites\/\" aria-label=\"Catastrophes naturelles: les citoyens et collectivit\u00e9s paient la facture, malgr\u00e9 les profits records des grands assureurs\"><\/a>\n\t<\/div>\n<\/div>\n<\/div>\n<\/li>\n\t\t\t\n\t\t\t\n\t\t\t\t\t\t\t\t<\/ul>\n\t<\/div>\n\t<div class=\"fusion-post-content-wrapper\" style=\"padding:30px 25px 20px 25px;\"><div class=\"fusion-post-content post-content\"><h3 class=\"blog-shortcode-post-title entry-title\"><a href=\"https:\/\/reclaimfinance.org\/site\/2026\/03\/11\/catastrophes-naturelles-les-grands-assureurs-priorisent-leurs-profits-au-detriment-des-citoyens-et-collectivites\/\">Catastrophes naturelles: les citoyens et collectivit\u00e9s paient la facture, malgr\u00e9 les profits records des grands assureurs<\/a><\/h3><p class=\"fusion-single-line-meta\"><span class=\"vcard\" style=\"display: none;\"><span class=\"fn\"><a href=\"https:\/\/reclaimfinance.org\/site\/author\/aman\/\" title=\"Articles par Aatira\u00ef Manickawasagar\" rel=\"author\">Aatira\u00ef Manickawasagar<\/a><\/span><\/span><span class=\"updated\" style=\"display:none;\">2026-03-11T08:34:04+01:00<\/span><a href=\"https:\/\/reclaimfinance.org\/site\/category\/communique-de-presse\/\" rel=\"category tag\">Communiqu\u00e9s de presse<\/a><span class=\"fusion-inline-sep\">|<\/span><\/p><\/div><\/div><div class=\"fusion-clearfix\"><\/div><\/div>\n<\/article>\n<article id=\"blog-1-post-39280\" class=\"fusion-post-grid post-39280 post type-post status-publish format-standard has-post-thumbnail hentry category-communique-de-presse programme-programme-3-fr\">\n<div class=\"fusion-post-wrapper\" style=\"background-color:rgba(255,255,255,0);border:1px solid #2a2b3d;border-bottom-width:3px;\">\n\n\t\t\t<div class=\"fusion-flexslider flexslider fusion-flexslider-loading fusion-post-slideshow\" style=\"border-color:#2a2b3d;\">\n\t\t<ul class=\"slides\">\n\t\t\t\n\t\t\t\t\t\t\t\t\t\t\t\t\t\t<li><div  class=\"fusion-image-wrapper\" aria-haspopup=\"true\">\n\t\t\t\t<img decoding=\"async\" width=\"1125\" height=\"500\" src=\"https:\/\/reclaimfinance.org\/site\/wp-content\/uploads\/2026\/02\/European-commission.png\" class=\"attachment-full size-full wp-post-image\" alt=\"\" \/><div class=\"fusion-rollover\">\n\t<div class=\"fusion-rollover-content\">\n\n\t\t\t\t\n\t\t\n\t\t\t\t\t\t\t\t\n\t\t\t\t\t\t\t\t\n\t\t\n\t\t\t\t\t\t<a class=\"fusion-link-wrapper\" href=\"https:\/\/reclaimfinance.org\/site\/2026\/02\/19\/lettre-ouverte-plus-de-130-signataires-appellent-a-exclure-les-energies-fossiles-des-fonds-durables-de-lue\/\" aria-label=\"Lettre ouverte : plus de 130 signataires appellent \u00e0 exclure les \u00e9nergies fossiles des fonds durables de l\u2019UE\"><\/a>\n\t<\/div>\n<\/div>\n<\/div>\n<\/li>\n\t\t\t\n\t\t\t\n\t\t\t\t\t\t\t\t<\/ul>\n\t<\/div>\n\t<div class=\"fusion-post-content-wrapper\" style=\"padding:30px 25px 20px 25px;\"><div class=\"fusion-post-content post-content\"><h3 class=\"blog-shortcode-post-title entry-title\"><a href=\"https:\/\/reclaimfinance.org\/site\/2026\/02\/19\/lettre-ouverte-plus-de-130-signataires-appellent-a-exclure-les-energies-fossiles-des-fonds-durables-de-lue\/\">Lettre ouverte : plus de 130 signataires appellent \u00e0 exclure les \u00e9nergies fossiles des fonds durables de l\u2019UE<\/a><\/h3><p class=\"fusion-single-line-meta\"><span class=\"vcard\" style=\"display: none;\"><span class=\"fn\"><a href=\"https:\/\/reclaimfinance.org\/site\/author\/aman\/\" title=\"Articles par Aatira\u00ef Manickawasagar\" rel=\"author\">Aatira\u00ef Manickawasagar<\/a><\/span><\/span><span class=\"updated\" style=\"display:none;\">2026-02-19T14:18:11+01:00<\/span><a href=\"https:\/\/reclaimfinance.org\/site\/category\/communique-de-presse\/\" rel=\"category tag\">Communiqu\u00e9s de presse<\/a><span class=\"fusion-inline-sep\">|<\/span><\/p><\/div><\/div><div class=\"fusion-clearfix\"><\/div><\/div>\n<\/article>\n<div class=\"fusion-clearfix\"><\/div><\/div><\/div><\/div><\/div><\/div><\/div><\/p>\n","protected":false},"excerpt":{"rendered":"","protected":false},"author":26,"featured_media":29571,"comment_status":"closed","ping_status":"open","sticky":false,"template":"","format":"standard","meta":{"footnotes":""},"categories":[36],"tags":[],"acteurs_financiers":[2277],"thematique":[2415,2417],"webinar_type":[],"programme":[],"class_list":["post-29569","post","type-post","status-publish","format-standard","has-post-thumbnail","hentry","category-communique-de-presse","acteurs_financiers-assurances-fr","thematique-energies-fossiles","thematique-petrole-et-gaz"],"yoast_head":"<!-- This site is optimized with the Yoast SEO plugin v23.1 - https:\/\/yoast.com\/wordpress\/plugins\/seo\/ -->\n<title>AG de SCOR : le r\u00e9assureur fran\u00e7ais ne couvrira plus les nouveaux champs gaziers - Reclaim Finance<\/title>\n<meta name=\"description\" content=\"Reclaim Finance s appelle Thierry L\u00e9ger \u00e0 \u00e9galement exclure les nouveaux terminaux GNL de mani\u00e8re \u00e0 s\u2019aligner sur les projections du sc\u00e9nario 1,5\u00b0C de l&#039;AIE.\" \/>\n<meta name=\"robots\" content=\"index, follow, max-snippet:-1, max-image-preview:large, max-video-preview:-1\" \/>\n<link rel=\"canonical\" href=\"https:\/\/reclaimfinance.org\/site\/2023\/05\/25\/ag-de-scor-le-reassureur-francais-ne-couvrira-plus-les-nouveaux-champs-gaziers\/\" \/>\n<meta property=\"og:locale\" content=\"fr_FR\" \/>\n<meta property=\"og:type\" content=\"article\" \/>\n<meta property=\"og:title\" content=\"AG de SCOR : le r\u00e9assureur fran\u00e7ais ne couvrira plus les nouveaux champs gaziers - Reclaim Finance\" \/>\n<meta property=\"og:description\" content=\"Reclaim Finance s appelle Thierry L\u00e9ger \u00e0 \u00e9galement exclure les nouveaux terminaux GNL de mani\u00e8re \u00e0 s\u2019aligner sur les projections du sc\u00e9nario 1,5\u00b0C de l&#039;AIE.\" \/>\n<meta property=\"og:url\" content=\"https:\/\/reclaimfinance.org\/site\/2023\/05\/25\/ag-de-scor-le-reassureur-francais-ne-couvrira-plus-les-nouveaux-champs-gaziers\/\" \/>\n<meta property=\"og:site_name\" content=\"Reclaim Finance\" \/>\n<meta property=\"article:publisher\" content=\"https:\/\/www.facebook.com\/ReclaimFinanceONG\" \/>\n<meta property=\"article:published_time\" content=\"2023-05-25T08:00:26+00:00\" \/>\n<meta property=\"article:modified_time\" content=\"2023-06-29T12:23:53+00:00\" \/>\n<meta property=\"og:image\" content=\"https:\/\/reclaimfinance.org\/site\/wp-content\/uploads\/2023\/05\/AG-SCOR.png\" \/>\n\t<meta property=\"og:image:width\" content=\"900\" \/>\n\t<meta property=\"og:image:height\" content=\"400\" \/>\n\t<meta property=\"og:image:type\" content=\"image\/png\" \/>\n<meta name=\"author\" content=\"L\u00e9o Martin\" \/>\n<meta name=\"twitter:card\" content=\"summary_large_image\" \/>\n<meta name=\"twitter:creator\" content=\"@ReclaimFinance\" \/>\n<meta name=\"twitter:site\" content=\"@ReclaimFinance\" \/>\n<meta name=\"twitter:label1\" content=\"\u00c9crit par\" \/>\n\t<meta name=\"twitter:data1\" content=\"L\u00e9o Martin\" \/>\n\t<meta name=\"twitter:label2\" content=\"Dur\u00e9e de lecture estim\u00e9e\" \/>\n\t<meta name=\"twitter:data2\" content=\"12 minutes\" \/>\n<script type=\"application\/ld+json\" class=\"yoast-schema-graph\">{\"@context\":\"https:\/\/schema.org\",\"@graph\":[{\"@type\":\"Article\",\"@id\":\"https:\/\/reclaimfinance.org\/site\/2023\/05\/25\/ag-de-scor-le-reassureur-francais-ne-couvrira-plus-les-nouveaux-champs-gaziers\/#article\",\"isPartOf\":{\"@id\":\"https:\/\/reclaimfinance.org\/site\/2023\/05\/25\/ag-de-scor-le-reassureur-francais-ne-couvrira-plus-les-nouveaux-champs-gaziers\/\"},\"author\":{\"name\":\"L\u00e9o Martin\",\"@id\":\"https:\/\/reclaimfinance.org\/site\/#\/schema\/person\/92f0f8d102e5e411f092871d8eeb3db1\"},\"headline\":\"AG de SCOR : le r\u00e9assureur fran\u00e7ais ne couvrira plus les nouveaux champs gaziers\",\"datePublished\":\"2023-05-25T08:00:26+00:00\",\"dateModified\":\"2023-06-29T12:23:53+00:00\",\"mainEntityOfPage\":{\"@id\":\"https:\/\/reclaimfinance.org\/site\/2023\/05\/25\/ag-de-scor-le-reassureur-francais-ne-couvrira-plus-les-nouveaux-champs-gaziers\/\"},\"wordCount\":3871,\"publisher\":{\"@id\":\"https:\/\/reclaimfinance.org\/site\/#organization\"},\"image\":{\"@id\":\"https:\/\/reclaimfinance.org\/site\/2023\/05\/25\/ag-de-scor-le-reassureur-francais-ne-couvrira-plus-les-nouveaux-champs-gaziers\/#primaryimage\"},\"thumbnailUrl\":\"https:\/\/reclaimfinance.org\/site\/wp-content\/uploads\/2023\/05\/AG-SCOR.png\",\"articleSection\":[\"Communiqu\u00e9s de presse\"],\"inLanguage\":\"fr-FR\"},{\"@type\":\"WebPage\",\"@id\":\"https:\/\/reclaimfinance.org\/site\/2023\/05\/25\/ag-de-scor-le-reassureur-francais-ne-couvrira-plus-les-nouveaux-champs-gaziers\/\",\"url\":\"https:\/\/reclaimfinance.org\/site\/2023\/05\/25\/ag-de-scor-le-reassureur-francais-ne-couvrira-plus-les-nouveaux-champs-gaziers\/\",\"name\":\"AG de SCOR : le r\u00e9assureur fran\u00e7ais ne couvrira plus les nouveaux champs gaziers - Reclaim Finance\",\"isPartOf\":{\"@id\":\"https:\/\/reclaimfinance.org\/site\/#website\"},\"primaryImageOfPage\":{\"@id\":\"https:\/\/reclaimfinance.org\/site\/2023\/05\/25\/ag-de-scor-le-reassureur-francais-ne-couvrira-plus-les-nouveaux-champs-gaziers\/#primaryimage\"},\"image\":{\"@id\":\"https:\/\/reclaimfinance.org\/site\/2023\/05\/25\/ag-de-scor-le-reassureur-francais-ne-couvrira-plus-les-nouveaux-champs-gaziers\/#primaryimage\"},\"thumbnailUrl\":\"https:\/\/reclaimfinance.org\/site\/wp-content\/uploads\/2023\/05\/AG-SCOR.png\",\"datePublished\":\"2023-05-25T08:00:26+00:00\",\"dateModified\":\"2023-06-29T12:23:53+00:00\",\"description\":\"Reclaim Finance s appelle Thierry L\u00e9ger \u00e0 \u00e9galement exclure les nouveaux terminaux GNL de mani\u00e8re \u00e0 s\u2019aligner sur les projections du sc\u00e9nario 1,5\u00b0C de l'AIE.\",\"breadcrumb\":{\"@id\":\"https:\/\/reclaimfinance.org\/site\/2023\/05\/25\/ag-de-scor-le-reassureur-francais-ne-couvrira-plus-les-nouveaux-champs-gaziers\/#breadcrumb\"},\"inLanguage\":\"fr-FR\",\"potentialAction\":[{\"@type\":\"ReadAction\",\"target\":[\"https:\/\/reclaimfinance.org\/site\/2023\/05\/25\/ag-de-scor-le-reassureur-francais-ne-couvrira-plus-les-nouveaux-champs-gaziers\/\"]}]},{\"@type\":\"ImageObject\",\"inLanguage\":\"fr-FR\",\"@id\":\"https:\/\/reclaimfinance.org\/site\/2023\/05\/25\/ag-de-scor-le-reassureur-francais-ne-couvrira-plus-les-nouveaux-champs-gaziers\/#primaryimage\",\"url\":\"https:\/\/reclaimfinance.org\/site\/wp-content\/uploads\/2023\/05\/AG-SCOR.png\",\"contentUrl\":\"https:\/\/reclaimfinance.org\/site\/wp-content\/uploads\/2023\/05\/AG-SCOR.png\",\"width\":900,\"height\":400},{\"@type\":\"BreadcrumbList\",\"@id\":\"https:\/\/reclaimfinance.org\/site\/2023\/05\/25\/ag-de-scor-le-reassureur-francais-ne-couvrira-plus-les-nouveaux-champs-gaziers\/#breadcrumb\",\"itemListElement\":[{\"@type\":\"ListItem\",\"position\":1,\"name\":\"Accueil\",\"item\":\"https:\/\/reclaimfinance.org\/site\/\"},{\"@type\":\"ListItem\",\"position\":2,\"name\":\"AG de SCOR : le r\u00e9assureur fran\u00e7ais ne couvrira plus les nouveaux champs gaziers\"}]},{\"@type\":\"WebSite\",\"@id\":\"https:\/\/reclaimfinance.org\/site\/#website\",\"url\":\"https:\/\/reclaimfinance.org\/site\/\",\"name\":\"Reclaim Finance\",\"description\":\"Reprendre le contr\u00f4le de la finance pour le climat et la biodiversit\u00e9\",\"publisher\":{\"@id\":\"https:\/\/reclaimfinance.org\/site\/#organization\"},\"potentialAction\":[{\"@type\":\"SearchAction\",\"target\":{\"@type\":\"EntryPoint\",\"urlTemplate\":\"https:\/\/reclaimfinance.org\/site\/?s={search_term_string}\"},\"query-input\":\"required name=search_term_string\"}],\"inLanguage\":\"fr-FR\"},{\"@type\":\"Organization\",\"@id\":\"https:\/\/reclaimfinance.org\/site\/#organization\",\"name\":\"Reclaim Finance\",\"url\":\"https:\/\/reclaimfinance.org\/site\/\",\"logo\":{\"@type\":\"ImageObject\",\"inLanguage\":\"fr-FR\",\"@id\":\"https:\/\/reclaimfinance.org\/site\/#\/schema\/logo\/image\/\",\"url\":\"https:\/\/reclaimfinance.org\/site\/wp-content\/uploads\/2020\/03\/logo_RC_space.png\",\"contentUrl\":\"https:\/\/reclaimfinance.org\/site\/wp-content\/uploads\/2020\/03\/logo_RC_space.png\",\"width\":800,\"height\":800,\"caption\":\"Reclaim Finance\"},\"image\":{\"@id\":\"https:\/\/reclaimfinance.org\/site\/#\/schema\/logo\/image\/\"},\"sameAs\":[\"https:\/\/www.facebook.com\/ReclaimFinanceONG\",\"https:\/\/x.com\/ReclaimFinance\",\"https:\/\/www.instagram.com\/reclaimfinance\/\",\"https:\/\/www.linkedin.com\/company\/reclaim-finance-ong-think-tank\"]},{\"@type\":\"Person\",\"@id\":\"https:\/\/reclaimfinance.org\/site\/#\/schema\/person\/92f0f8d102e5e411f092871d8eeb3db1\",\"name\":\"L\u00e9o Martin\",\"image\":{\"@type\":\"ImageObject\",\"inLanguage\":\"fr-FR\",\"@id\":\"https:\/\/reclaimfinance.org\/site\/#\/schema\/person\/image\/\",\"url\":\"https:\/\/secure.gravatar.com\/avatar\/cebd89becb7f7185483789d7f51a21cb?s=96&d=mm&r=g\",\"contentUrl\":\"https:\/\/secure.gravatar.com\/avatar\/cebd89becb7f7185483789d7f51a21cb?s=96&d=mm&r=g\",\"caption\":\"L\u00e9o Martin\"},\"url\":\"https:\/\/reclaimfinance.org\/site\/author\/lma\/\"}]}<\/script>\n<!-- \/ Yoast SEO plugin. -->","yoast_head_json":{"title":"AG de SCOR : le r\u00e9assureur fran\u00e7ais ne couvrira plus les nouveaux champs gaziers - Reclaim Finance","description":"Reclaim Finance s appelle Thierry L\u00e9ger \u00e0 \u00e9galement exclure les nouveaux terminaux GNL de mani\u00e8re \u00e0 s\u2019aligner sur les projections du sc\u00e9nario 1,5\u00b0C de l'AIE.","robots":{"index":"index","follow":"follow","max-snippet":"max-snippet:-1","max-image-preview":"max-image-preview:large","max-video-preview":"max-video-preview:-1"},"canonical":"https:\/\/reclaimfinance.org\/site\/2023\/05\/25\/ag-de-scor-le-reassureur-francais-ne-couvrira-plus-les-nouveaux-champs-gaziers\/","og_locale":"fr_FR","og_type":"article","og_title":"AG de SCOR : le r\u00e9assureur fran\u00e7ais ne couvrira plus les nouveaux champs gaziers - Reclaim Finance","og_description":"Reclaim Finance s appelle Thierry L\u00e9ger \u00e0 \u00e9galement exclure les nouveaux terminaux GNL de mani\u00e8re \u00e0 s\u2019aligner sur les projections du sc\u00e9nario 1,5\u00b0C de l'AIE.","og_url":"https:\/\/reclaimfinance.org\/site\/2023\/05\/25\/ag-de-scor-le-reassureur-francais-ne-couvrira-plus-les-nouveaux-champs-gaziers\/","og_site_name":"Reclaim Finance","article_publisher":"https:\/\/www.facebook.com\/ReclaimFinanceONG","article_published_time":"2023-05-25T08:00:26+00:00","article_modified_time":"2023-06-29T12:23:53+00:00","og_image":[{"width":900,"height":400,"url":"https:\/\/reclaimfinance.org\/site\/wp-content\/uploads\/2023\/05\/AG-SCOR.png","type":"image\/png"}],"author":"L\u00e9o Martin","twitter_card":"summary_large_image","twitter_creator":"@ReclaimFinance","twitter_site":"@ReclaimFinance","twitter_misc":{"\u00c9crit par":"L\u00e9o Martin","Dur\u00e9e de lecture estim\u00e9e":"12 minutes"},"schema":{"@context":"https:\/\/schema.org","@graph":[{"@type":"Article","@id":"https:\/\/reclaimfinance.org\/site\/2023\/05\/25\/ag-de-scor-le-reassureur-francais-ne-couvrira-plus-les-nouveaux-champs-gaziers\/#article","isPartOf":{"@id":"https:\/\/reclaimfinance.org\/site\/2023\/05\/25\/ag-de-scor-le-reassureur-francais-ne-couvrira-plus-les-nouveaux-champs-gaziers\/"},"author":{"name":"L\u00e9o Martin","@id":"https:\/\/reclaimfinance.org\/site\/#\/schema\/person\/92f0f8d102e5e411f092871d8eeb3db1"},"headline":"AG de SCOR : le r\u00e9assureur fran\u00e7ais ne couvrira plus les nouveaux champs gaziers","datePublished":"2023-05-25T08:00:26+00:00","dateModified":"2023-06-29T12:23:53+00:00","mainEntityOfPage":{"@id":"https:\/\/reclaimfinance.org\/site\/2023\/05\/25\/ag-de-scor-le-reassureur-francais-ne-couvrira-plus-les-nouveaux-champs-gaziers\/"},"wordCount":3871,"publisher":{"@id":"https:\/\/reclaimfinance.org\/site\/#organization"},"image":{"@id":"https:\/\/reclaimfinance.org\/site\/2023\/05\/25\/ag-de-scor-le-reassureur-francais-ne-couvrira-plus-les-nouveaux-champs-gaziers\/#primaryimage"},"thumbnailUrl":"https:\/\/reclaimfinance.org\/site\/wp-content\/uploads\/2023\/05\/AG-SCOR.png","articleSection":["Communiqu\u00e9s de presse"],"inLanguage":"fr-FR"},{"@type":"WebPage","@id":"https:\/\/reclaimfinance.org\/site\/2023\/05\/25\/ag-de-scor-le-reassureur-francais-ne-couvrira-plus-les-nouveaux-champs-gaziers\/","url":"https:\/\/reclaimfinance.org\/site\/2023\/05\/25\/ag-de-scor-le-reassureur-francais-ne-couvrira-plus-les-nouveaux-champs-gaziers\/","name":"AG de SCOR : le r\u00e9assureur fran\u00e7ais ne couvrira plus les nouveaux champs gaziers - Reclaim Finance","isPartOf":{"@id":"https:\/\/reclaimfinance.org\/site\/#website"},"primaryImageOfPage":{"@id":"https:\/\/reclaimfinance.org\/site\/2023\/05\/25\/ag-de-scor-le-reassureur-francais-ne-couvrira-plus-les-nouveaux-champs-gaziers\/#primaryimage"},"image":{"@id":"https:\/\/reclaimfinance.org\/site\/2023\/05\/25\/ag-de-scor-le-reassureur-francais-ne-couvrira-plus-les-nouveaux-champs-gaziers\/#primaryimage"},"thumbnailUrl":"https:\/\/reclaimfinance.org\/site\/wp-content\/uploads\/2023\/05\/AG-SCOR.png","datePublished":"2023-05-25T08:00:26+00:00","dateModified":"2023-06-29T12:23:53+00:00","description":"Reclaim Finance s appelle Thierry L\u00e9ger \u00e0 \u00e9galement exclure les nouveaux terminaux GNL de mani\u00e8re \u00e0 s\u2019aligner sur les projections du sc\u00e9nario 1,5\u00b0C de l'AIE.","breadcrumb":{"@id":"https:\/\/reclaimfinance.org\/site\/2023\/05\/25\/ag-de-scor-le-reassureur-francais-ne-couvrira-plus-les-nouveaux-champs-gaziers\/#breadcrumb"},"inLanguage":"fr-FR","potentialAction":[{"@type":"ReadAction","target":["https:\/\/reclaimfinance.org\/site\/2023\/05\/25\/ag-de-scor-le-reassureur-francais-ne-couvrira-plus-les-nouveaux-champs-gaziers\/"]}]},{"@type":"ImageObject","inLanguage":"fr-FR","@id":"https:\/\/reclaimfinance.org\/site\/2023\/05\/25\/ag-de-scor-le-reassureur-francais-ne-couvrira-plus-les-nouveaux-champs-gaziers\/#primaryimage","url":"https:\/\/reclaimfinance.org\/site\/wp-content\/uploads\/2023\/05\/AG-SCOR.png","contentUrl":"https:\/\/reclaimfinance.org\/site\/wp-content\/uploads\/2023\/05\/AG-SCOR.png","width":900,"height":400},{"@type":"BreadcrumbList","@id":"https:\/\/reclaimfinance.org\/site\/2023\/05\/25\/ag-de-scor-le-reassureur-francais-ne-couvrira-plus-les-nouveaux-champs-gaziers\/#breadcrumb","itemListElement":[{"@type":"ListItem","position":1,"name":"Accueil","item":"https:\/\/reclaimfinance.org\/site\/"},{"@type":"ListItem","position":2,"name":"AG de SCOR : le r\u00e9assureur fran\u00e7ais ne couvrira plus les nouveaux champs gaziers"}]},{"@type":"WebSite","@id":"https:\/\/reclaimfinance.org\/site\/#website","url":"https:\/\/reclaimfinance.org\/site\/","name":"Reclaim Finance","description":"Reprendre le contr\u00f4le de la finance pour le climat et la biodiversit\u00e9","publisher":{"@id":"https:\/\/reclaimfinance.org\/site\/#organization"},"potentialAction":[{"@type":"SearchAction","target":{"@type":"EntryPoint","urlTemplate":"https:\/\/reclaimfinance.org\/site\/?s={search_term_string}"},"query-input":"required name=search_term_string"}],"inLanguage":"fr-FR"},{"@type":"Organization","@id":"https:\/\/reclaimfinance.org\/site\/#organization","name":"Reclaim Finance","url":"https:\/\/reclaimfinance.org\/site\/","logo":{"@type":"ImageObject","inLanguage":"fr-FR","@id":"https:\/\/reclaimfinance.org\/site\/#\/schema\/logo\/image\/","url":"https:\/\/reclaimfinance.org\/site\/wp-content\/uploads\/2020\/03\/logo_RC_space.png","contentUrl":"https:\/\/reclaimfinance.org\/site\/wp-content\/uploads\/2020\/03\/logo_RC_space.png","width":800,"height":800,"caption":"Reclaim Finance"},"image":{"@id":"https:\/\/reclaimfinance.org\/site\/#\/schema\/logo\/image\/"},"sameAs":["https:\/\/www.facebook.com\/ReclaimFinanceONG","https:\/\/x.com\/ReclaimFinance","https:\/\/www.instagram.com\/reclaimfinance\/","https:\/\/www.linkedin.com\/company\/reclaim-finance-ong-think-tank"]},{"@type":"Person","@id":"https:\/\/reclaimfinance.org\/site\/#\/schema\/person\/92f0f8d102e5e411f092871d8eeb3db1","name":"L\u00e9o Martin","image":{"@type":"ImageObject","inLanguage":"fr-FR","@id":"https:\/\/reclaimfinance.org\/site\/#\/schema\/person\/image\/","url":"https:\/\/secure.gravatar.com\/avatar\/cebd89becb7f7185483789d7f51a21cb?s=96&d=mm&r=g","contentUrl":"https:\/\/secure.gravatar.com\/avatar\/cebd89becb7f7185483789d7f51a21cb?s=96&d=mm&r=g","caption":"L\u00e9o Martin"},"url":"https:\/\/reclaimfinance.org\/site\/author\/lma\/"}]}},"_links":{"self":[{"href":"https:\/\/reclaimfinance.org\/site\/wp-json\/wp\/v2\/posts\/29569"}],"collection":[{"href":"https:\/\/reclaimfinance.org\/site\/wp-json\/wp\/v2\/posts"}],"about":[{"href":"https:\/\/reclaimfinance.org\/site\/wp-json\/wp\/v2\/types\/post"}],"author":[{"embeddable":true,"href":"https:\/\/reclaimfinance.org\/site\/wp-json\/wp\/v2\/users\/26"}],"replies":[{"embeddable":true,"href":"https:\/\/reclaimfinance.org\/site\/wp-json\/wp\/v2\/comments?post=29569"}],"version-history":[{"count":0,"href":"https:\/\/reclaimfinance.org\/site\/wp-json\/wp\/v2\/posts\/29569\/revisions"}],"wp:featuredmedia":[{"embeddable":true,"href":"https:\/\/reclaimfinance.org\/site\/wp-json\/wp\/v2\/media\/29571"}],"wp:attachment":[{"href":"https:\/\/reclaimfinance.org\/site\/wp-json\/wp\/v2\/media?parent=29569"}],"wp:term":[{"taxonomy":"category","embeddable":true,"href":"https:\/\/reclaimfinance.org\/site\/wp-json\/wp\/v2\/categories?post=29569"},{"taxonomy":"post_tag","embeddable":true,"href":"https:\/\/reclaimfinance.org\/site\/wp-json\/wp\/v2\/tags?post=29569"},{"taxonomy":"acteurs_financiers","embeddable":true,"href":"https:\/\/reclaimfinance.org\/site\/wp-json\/wp\/v2\/acteurs_financiers?post=29569"},{"taxonomy":"thematique","embeddable":true,"href":"https:\/\/reclaimfinance.org\/site\/wp-json\/wp\/v2\/thematique?post=29569"},{"taxonomy":"webinar_type","embeddable":true,"href":"https:\/\/reclaimfinance.org\/site\/wp-json\/wp\/v2\/webinar_type?post=29569"},{"taxonomy":"programme","embeddable":true,"href":"https:\/\/reclaimfinance.org\/site\/wp-json\/wp\/v2\/programme?post=29569"}],"curies":[{"name":"wp","href":"https:\/\/api.w.org\/{rel}","templated":true}]}}