{"id":29978,"date":"2023-07-12T17:35:20","date_gmt":"2023-07-12T15:35:20","guid":{"rendered":"https:\/\/reclaimfinance.org\/site\/?p=29978"},"modified":"2023-11-30T14:18:14","modified_gmt":"2023-11-30T13:18:14","slug":"4-ans-apres-la-place-de-paris-nen-a-pas-fini-avec-le-charbon","status":"publish","type":"post","link":"https:\/\/reclaimfinance.org\/site\/2023\/07\/12\/4-ans-apres-la-place-de-paris-nen-a-pas-fini-avec-le-charbon\/","title":{"rendered":"4 ans apr\u00e8s, la place de Paris n\u2019en a pas fini avec le charbon"},"content":{"rendered":"<p><div class=\"fusion-fullwidth fullwidth-box fusion-builder-row-1 has-pattern-background has-mask-background nonhundred-percent-fullwidth non-hundred-percent-height-scrolling fusion-equal-height-columns\" style=\"--awb-border-radius-top-left:0px;--awb-border-radius-top-right:0px;--awb-border-radius-bottom-right:0px;--awb-border-radius-bottom-left:0px;--awb-margin-bottom:20px;--awb-flex-wrap:wrap;\" ><div class=\"fusion-builder-row fusion-row\"><div class=\"fusion-layout-column fusion_builder_column fusion-builder-column-0 fusion_builder_column_1_1 1_1 fusion-one-full fusion-column-first fusion-column-last\" style=\"--awb-bg-size:cover;\"><div class=\"fusion-column-wrapper fusion-column-has-shadow fusion-flex-column-wrapper-legacy\"><div class=\"fusion-text fusion-text-1\" style=\"--awb-content-alignment:justify;--awb-text-color:var(--awb-color4);--awb-text-font-family:&quot;Montserrat&quot;;--awb-text-font-style:normal;--awb-text-font-weight:700;\"><p><b>C\u2019\u00e9tait en juillet 2019 : les acteurs de la place financi\u00e8re de Paris juraient la main sur le c\u0153ur qu\u2019ils allaient adopter des politiques pour sortir du secteur du charbon (1). Le ministre de l\u2019Economie, Bruno Le Maire, mena\u00e7ait quelques mois plus t\u00f4t de l\u00e9gif\u00e9rer si ces engagements n\u2019\u00e9taient pas respect\u00e9s. Quatre ans plus tard, la dynamique est en panne et le nombre de politiques robustes stagne, mais le gouvernement n\u2019agit pas en cons\u00e9quence. Au contraire, il reste indiff\u00e9rent aux recommandations des r\u00e9gulateurs fran\u00e7ais inquiets face aux insuffisances sur le charbon et plus largement sur les fossiles. A d\u00e9faut de pouvoir se suppl\u00e9er au politique et imposer l\u2019adoption de robustes politiques climatiques, les r\u00e9gulateurs doivent garantir l\u2019absence de <em style=\"color: #8ac56b;\">greenwashing<\/em> ainsi que l\u2019int\u00e9grit\u00e9 et la pleine application des engagements d\u00e9j\u00e0 pris. <\/b><\/p>\n<\/div><div class=\"fusion-text fusion-text-2\" style=\"--awb-content-alignment:justify;\"><p>D\u00e9but juillet 2023, le bilan des engagements des acteurs de la place de Paris est le suivant (2) :<\/p>\n<ul>\n<li aria-level=\"1\">55 acteurs financiers ont adopt\u00e9 une politique sectorielle sur le charbon &#8211; les derniers en date \u00e9tant Agirc-Arrco et Capital Fund Management (CFM) &#8211; moins de la moiti\u00e9 en ont une r\u00e9ellement robuste, et certaines politiques ont m\u00eame \u00e9t\u00e9 affaiblies, comme celle d\u2019Amundi qui a assoupli ses crit\u00e8res d\u2019exclusion des d\u00e9veloppeurs de charbon ;<\/li>\n<li aria-level=\"1\">Parmi les acteurs de premier plan, Natixis Investment Managers reste le dernier \u00e0 n\u2019avoir rien adopt\u00e9 au niveau du groupe, alors m\u00eame que sa filiale Ostrum AM a une politique robuste de sortie du charbon (3).<\/li>\n<\/ul>\n<p>La qualit\u00e9 des politiques reste probl\u00e9matique pour de nombreuses raisons :<\/p>\n<ul>\n<li aria-level=\"1\">10 acteurs n\u2019ont toujours pas adopt\u00e9 d\u2019exclusion sp\u00e9cifique des entreprises qui pr\u00e9voient de se d\u00e9velopper dans le secteur du charbon ;<\/li>\n<li aria-level=\"1\">7 acteurs n\u2019ont toujours pas adopt\u00e9 de date de sortie du secteur, comme Tikehau Capital. Et de nombreux acteurs financiers fran\u00e7ais ne font rien pour s\u2019assurer que les entreprises du secteur encore dans leur portefeuille adoptent un plan de sortie cr\u00e9dible du charbon.<\/li>\n<\/ul>\n<\/div><div class=\"fusion-title title fusion-title-1 fusion-title-text fusion-title-size-two\" style=\"--awb-text-color:var(--awb-color4);--awb-margin-top:15px;--awb-margin-bottom:15px;--awb-font-size:16px;\"><h2 class=\"fusion-title-heading title-heading-left fusion-responsive-typography-calculated\" style=\"font-family:&quot;Montserrat&quot;;font-style:normal;font-weight:700;margin:0;font-size:1em;--fontSize:16;--minFontSize:16;line-height:1.5;\">Des d\u00e9veloppeurs de charbon toujours soutenus<\/h2><span class=\"awb-title-spacer\"><\/span><div class=\"title-sep-container\"><div class=\"title-sep sep- sep-solid\" style=\"border-color:#3e3e3e;\"><\/div><\/div><\/div><div class=\"fusion-text fusion-text-3\" style=\"--awb-content-alignment:justify;\"><p>Les 503 entreprises r\u00e9pertori\u00e9es par Urgewald qui pr\u00e9voient toujours de d\u00e9velopper de nouvelles mines, centrales ou infrastructures charbon, en totale contradiction avec les pr\u00e9conisations scientifiques visant \u00e0 limiter le r\u00e9chauffement plan\u00e9taire \u00e0 1,5\u00b0C, auraient d\u00fb \u00eatre exclues depuis longtemps par les acteurs de la place de Paris (4). Pourtant, nombre d\u2019entre elles, comme Glencore, Adani ou Yankuang Energy Group, peuvent toujours \u00eatre soutenues par les acteurs financiers fran\u00e7ais, et ce pour diff\u00e9rentes raisons (5).<\/p>\n<p>Si certains acteurs n\u2019ont aucune politique sectorielle sur le charbon (Natixis IM), ou de crit\u00e8re excluant sp\u00e9cifiquement tous les d\u00e9veloppeurs de charbon (Carmignac et Comgest (6)), d\u2019autres ne garantissent pas l\u2019exclusion de l\u2019expansion charbon \u00e0 travers l\u2019ensemble de leurs services (les trait\u00e9s de r\u00e9assurance pour SCOR (7)) ou de leurs actifs sous gestion. C\u2019est par exemple le cas d\u2019Amundi dont la politique sur le charbon ne couvre qu\u2019environ 30% de ses actifs g\u00e9r\u00e9s passivement. Ce probl\u00e8me, <a href=\"https:\/\/reclaimfinance.org\/site\/2021\/10\/29\/regulateurs-financiers-energies-fossiles-acpr-amf-2021\/\" target=\"_blank\" rel=\"noopener noreferrer\"><u>\u00e0 raison soulign\u00e9 par l\u2019AMF et l\u2019ACPR, a un impact majeur sur le climat<\/u><\/a>. En effet, en r\u00e9pliquant automatiquement le contenu d\u2019indices, ces fonds continuent d\u2019investir dans des nouvelles obligations \u00e9mises par des entreprises fossiles, y compris pour financer le d\u00e9veloppement de nouveaux projets (8). Amundi d\u00e9tenait ainsi plus de 400 millions de dollars d\u2019actifs de d\u00e9veloppeurs de charbon en janvier 2023 d\u2019apr\u00e8s les derni\u00e8res donn\u00e9es disponibles (8).<\/p>\n<p>D\u2019autres failles existent, concernant les modalit\u00e9s d\u2019application des exclusions portant sur les d\u00e9veloppeurs. L\u2019une d\u2019entre elles, pr\u00e9sente dans la politique de BNP Paribas pour ses activit\u00e9s bancaires, r\u00e9side dans l\u2019exclusion des filiales qui d\u00e9veloppent du charbon, mais pas de leur maison-m\u00e8re, qui peut pourtant apporter une solidarit\u00e9 financi\u00e8re \u00e0 l\u2019ensemble des entit\u00e9s du groupe.<\/p>\n<\/div><div class=\"fusion-title title fusion-title-2 fusion-title-text fusion-title-size-two\" style=\"--awb-text-color:var(--awb-color4);--awb-margin-top:15px;--awb-margin-bottom:15px;--awb-font-size:16px;\"><h2 class=\"fusion-title-heading title-heading-left fusion-responsive-typography-calculated\" style=\"font-family:&quot;Montserrat&quot;;font-style:normal;font-weight:700;margin:0;font-size:1em;--fontSize:16;--minFontSize:16;line-height:1.5;\">Des demandes de plan de sortie encore insuffisantes<\/h2><span class=\"awb-title-spacer\"><\/span><div class=\"title-sep-container\"><div class=\"title-sep sep- sep-solid\" style=\"border-color:#3e3e3e;\"><\/div><\/div><\/div><div class=\"fusion-text fusion-text-4\" style=\"--awb-content-alignment:justify;\"><p>Au-del\u00e0 de l\u2019exclusion des d\u00e9veloppeurs de charbon, les acteurs financiers fran\u00e7ais ont un r\u00f4le important \u00e0 jouer pour catalyser une sortie responsable du secteur charbon d\u2019ici 2030 en Europe et dans l\u2019OCDE, et d\u2019ici 2040 dans le reste du monde. Il leur faut pour cela demander des plans de sortie aux entreprises toujours en portefeuille incluant plusieurs crit\u00e8res cl\u00e9s afin d\u2019en assurer la qualit\u00e9, par exemple pour s\u2019assurer que les centrales existantes soient ferm\u00e9es progressivement selon un calendrier d\u00e9taill\u00e9 plut\u00f4t que vendues ou converties au gaz ou \u00e0 la biomasse (9). Or, force est de constater que ces demandes restent encore trop parcellaires pour r\u00e9pondre aux enjeux, comme le montre notre analyse crit\u00e8re par crit\u00e8re ci-dessous.<\/p>\n<p>Il reste donc aux acteurs financiers fran\u00e7ais \u00e0 demander clairement aux entreprises du secteur d\u2019adopter un plan de sortie complet et cr\u00e9dible qui d\u00e9taillent la mani\u00e8re dont elles comptent fermer leurs actifs dans les d\u00e9lais, dans le respect de l\u2019environnement et des droits humains.<\/p>\n<\/div><div class=\"fusion-text fusion-text-5\" style=\"--awb-content-alignment:justify;\"><p style=\"text-align: center;\"><b>Analyse des crit\u00e8res des demandes de plans de sortie<\/b><\/p>\n<\/div>\n<div class=\"table-2\" style=\"--awb-margin-bottom:15px;\">\n<table width=\"100%\">\n<thead>\n<tr>\n<th align=\"left\"><b>Crit\u00e8re de la demande<\/b><\/th>\n<th align=\"left\"><b>Nombre d\u2019acteurs financiers fran\u00e7ais ayant adopt\u00e9 ce crit\u00e8re \/55<\/b><\/th>\n<th align=\"left\"><b>Exemples<\/b><\/th>\n<\/tr>\n<\/thead>\n<tbody>\n<tr>\n<td align=\"left\">Demande de plan de sortie du secteur d\u2019ici 2030\/2040<\/td>\n<td style=\"text-align: center;\" align=\"left\">29<\/td>\n<td align=\"left\">CDC, CNP Assurance, AXA<\/td>\n<\/tr>\n<tr>\n<td align=\"left\">Demande de plan de sortie obligatoire sous peine d\u2019exclusion<\/td>\n<td style=\"text-align: center;\" align=\"left\">15<\/td>\n<td align=\"left\">Ostrum AM, Ircantec<\/td>\n<\/tr>\n<tr>\n<td align=\"left\">Demande de plan de sortie mentionnant la fermeture des centrales existantes sans caract\u00e8re obligatoire<\/td>\n<td style=\"text-align: center;\" align=\"left\">12<\/td>\n<td align=\"left\">AXA IM, EDRAM, OFI Invest AM<\/td>\n<\/tr>\n<tr>\n<td align=\"left\">Demande de plan de sortie imposant la fermeture des centrales existantes et non leur revente<\/td>\n<td style=\"text-align: center;\" align=\"left\">6<\/td>\n<td align=\"left\">Cr\u00e9dit Mutuel, Ircantec, Meeschaert, La Banque Postale AM<\/td>\n<\/tr>\n<tr>\n<td align=\"left\">Demande de plan de sortie imposant la fermeture des centrales existantes et non leur conversion au gaz ou \u00e0 la biomasse<\/td>\n<td style=\"text-align: center;\" align=\"left\">0<\/td>\n<td align=\"left\">&#8211;<\/td>\n<\/tr>\n<tr>\n<td align=\"left\">Demande de plan de sortie imposant des dates de fermeture d\u00e9taill\u00e9es par actif<\/td>\n<td style=\"text-align: center;\" align=\"left\">6<\/td>\n<td align=\"left\">Cr\u00e9dit Mutuel, La Banque Postale, Meeschaert, Sycomore<\/td>\n<\/tr>\n<tr>\n<td align=\"left\">Demande de plan de sortie incluant des consid\u00e9rations environnementales et\/ou sociales<\/td>\n<td style=\"text-align: center;\" align=\"left\">7<\/td>\n<td align=\"left\">CDC, Ircantec, Meeschaert, La Banque Postale AM<\/td>\n<\/tr>\n<\/tbody>\n<\/table>\n<\/div>\n<div class=\"fusion-text fusion-text-6\" style=\"--awb-content-alignment:justify;\"><p>4 ans apr\u00e8s l\u2019engagement solennel de la Place de Paris \u00e0 sortir du charbon, la majorit\u00e9 des acteurs fran\u00e7ais reste encore loin du compte. Nombre d\u2019entre eux continuent de soutenir les pires entreprises du secteur et presque aucun ne s\u2019est dot\u00e9 des mesures permettant de pousser celles demeurant dans leurs portefeuilles \u00e0 adopter des plans assurant une sortie responsable du secteur.<\/p>\n<p><b>Ces constats ne sont pas nouveaux. Ils ont \u00e9t\u00e9 dress\u00e9s \u00e0 plusieurs reprises par les r\u00e9gulateurs et apparaissent aussi dans les donn\u00e9es de l\u2019Observatoire de la finance durable. Le ministre Bruno Le Maire ne donne pourtant aucun signe laissant entrevoir un possible durcissement r\u00e9glementaire. Eni\u00e8me sympt\u00f4me de la d\u00e9sertion du gouvernement sur ces sujets, il s\u2019agit l\u00e0 aussi d\u2019une promesse non tenue. Reclaim Finance alerte sur la situation et appelle l\u2019ensemble des parties prenantes \u00e0 agir pour contraindre les acteurs financiers \u00e0 revoir leurs pratiques de mani\u00e8re \u00e0 tenir l\u2019objectif de limiter le r\u00e9chauffement \u00e0 1,5\u00b0C. Apr\u00e8s avoir formul\u00e9 des pr\u00e9conisations, les r\u00e9gulateurs doivent notamment sanctionner ceux dont les pratiques ne permettent pas le plein respect des engagements pris. <\/b><\/p>\n<\/div><div class=\"fusion-clearfix\"><\/div><\/div><\/div><div class=\"fusion-layout-column fusion_builder_column fusion-builder-column-1 fusion_builder_column_1_1 1_1 fusion-one-full fusion-column-first fusion-column-last fusion-column-no-min-height\" style=\"--awb-padding-top:20px;--awb-padding-right:10px;--awb-padding-bottom:20px;--awb-padding-left:10px;--awb-overflow:hidden;--awb-bg-size:cover;--awb-border-color:var(--awb-color1);--awb-border-top:1px;--awb-border-right:1px;--awb-border-bottom:1px;--awb-border-left:1px;--awb-border-style:solid;--awb-border-radius:10px 10px 10px 10px;\"><div class=\"fusion-column-wrapper fusion-column-has-shadow fusion-flex-column-wrapper-legacy\"><div class=\"fusion-title title fusion-title-3 fusion-title-text fusion-title-size-three\" style=\"--awb-text-color:var(--awb-color1);--awb-font-size:16px;\"><h3 class=\"fusion-title-heading title-heading-left fusion-responsive-typography-calculated\" style=\"font-family:&quot;Montserrat&quot;;font-style:normal;font-weight:700;margin:0;font-size:1em;--fontSize:16;--minFontSize:16;line-height:1.5;\">Notes :<\/h3><span class=\"awb-title-spacer\"><\/span><div class=\"title-sep-container\"><div class=\"title-sep sep- sep-solid\" style=\"border-color:#3e3e3e;\"><\/div><\/div><\/div><div class=\"fusion-text fusion-text-7\"><ol>\n<li aria-level=\"1\"><u><a href=\"https:\/\/institutdelafinancedurable.com\/actualites\/declaration-de-place-financiere-une-nouvelle-etape-pour-une-finance-verte-et-durable\/\" rel=\"noopener noreferrer\">D\u00e9claration de Place : une nouvelle \u00e9tape pour une finance verte et durable<\/a><\/u>, 2 juillet 2019<\/li>\n<li aria-level=\"1\">Les statistiques pr\u00e9sent\u00e9es dans cet article ont \u00e9t\u00e9 calcul\u00e9es \u00e0 partir du <u><a href=\"https:\/\/coalpolicytool.org?key=eyJvbCI6W10sInRyaSI6MCwiZmx0IjpbeyJpIjowLCJ2IjoiRnJhbmNlIn1dfQequalsignequalsign\" target=\"_blank\" rel=\"noopener noreferrer\">Coal <\/a><a href=\"https:\/\/coalpolicytool.org?key=eyJvbCI6W10sInRyaSI6MCwiZmx0IjpbeyJpIjowLCJ2IjoiRnJhbmNlIn1dfQequalsignequalsign\" target=\"_blank\" rel=\"noopener noreferrer\">Policy <\/a><a href=\"https:\/\/coalpolicytool.org?key=eyJvbCI6W10sInRyaSI6MCwiZmx0IjpbeyJpIjowLCJ2IjoiRnJhbmNlIn1dfQequalsignequalsign\" target=\"_blank\" rel=\"noopener noreferrer\">Tool<\/a><\/u>, mis \u00e0 jour au 10 juillet 2023 sur la base des derni\u00e8res politiques charbon adopt\u00e9es par les acteurs financiers fran\u00e7ais et mises en ligne sur leur site internet. Reclaim Finance n\u2019a pas contact\u00e9 directement les 55 acteurs financiers fran\u00e7ais \u00e0 cette occasion.<\/li>\n<li aria-level=\"1\">Natixis IM est un groupe avec de nombreuses filiales. Ostrum AM a r\u00e9cemment rachet\u00e9 Seeyond, qui fait de la gestion passive, donc sa politique charbon restera robuste uniquement si elle s\u2019applique \u00e0 Seeyond. Mais de nombreuses autres filiales de Natixis IM, comme Loomis Sayles ou Ossiam n&rsquo;ont toujours pas adopt\u00e9 la moindre politique dans le domaine couvrant l\u2019essentiel de leurs actifs. C\u2019est ce qui explique que le groupe BPCE ait toujours en portefeuille 3,2 milliards de dollars d\u2019actifs dans des entreprises du secteur du charbon d\u2019apr\u00e8s les donn\u00e9es collect\u00e9es en janvier dernier, pour l\u2019essentiel d\u00e9tenus par Natixis IM (5).<\/li>\n<li aria-level=\"1\"><u><a href=\"https:\/\/www.coalexit.org\/\" target=\"_blank\" rel=\"noopener noreferrer\">Global Coal Exit List<\/a><\/u>, Octobre 2022, urgewald<\/li>\n<li aria-level=\"1\">Les donn\u00e9es financi\u00e8res pour ces entreprises sont issues du rapport <u><a href=\"https:\/\/investinginclimatechaos.org\/\" target=\"_blank\" rel=\"noopener noreferrer\">Investing in Climate Chaos<\/a><\/u> publi\u00e9 en avril 2023 par urgewald et des partenaires dont Reclaim Finance, et accessibles sur les pages suivantes :<u> <a href=\"https:\/\/investinginclimatechaos.org\/data?org=Glencore+PLC\" target=\"_blank\" rel=\"noopener noreferrer\">Glencore<\/a><\/u>, <u><a href=\"https:\/\/investinginclimatechaos.org\/data?org=Adani+Group#\" target=\"_blank\" rel=\"noopener noreferrer\">Adani<\/a><\/u>, <u><a href=\"https:\/\/investinginclimatechaos.org\/data?org=Yankuang+Energy+Group+Co+Ltd\" target=\"_blank\" rel=\"noopener noreferrer\">Yankuang Energy Group<\/a>.<\/u> D\u2019apr\u00e8s les donn\u00e9es de la GCEL Glencore pr\u00e9voit toujours 9 projets de mines de charbon en Australie et en Afrique du Sud, Adani plus de 9 GW de nouvelles capacit\u00e9s d\u2019\u00e9lectricit\u00e9 \u00e0 partir de charbon en Inde, et Yankuang Energy Group pr\u00e8s de 4 Mt de production de charbon annuelle dans 3 projets en Chine (4).<\/li>\n<li aria-level=\"1\">Carmignac n\u2019a pas de crit\u00e8re d\u2019exclusion sp\u00e9cifique des d\u00e9veloppeurs de charbon dans sa politique et Comgest n&rsquo;exclut que les entreprises qui d\u00e9veloppent des centrales \u00e0 charbon et pas celles qui pr\u00e9voient de nouvelles mines ou infrastructures de charbon.<\/li>\n<li aria-level=\"1\">SCOR a bien adopt\u00e9 une politique d\u2019exclusion des d\u00e9veloppeurs de charbon, mais couvrant uniquement ses investissements, et non pas son activit\u00e9 principale de r\u00e9assurance.<\/li>\n<li aria-level=\"1\"><u><a href=\"https:\/\/reclaimfinance.org\/site\/wp-content\/uploads\/2023\/06\/AM_Report_20230628_VF.pdf\" target=\"_blank\" rel=\"noopener noreferrer\">Who\u2019s managing your future &#8211; An assessment of asset managers\u2019 climate action<\/a><\/u>, Reclaim Finance &amp; co, Juin 2023. Les derni\u00e8res donn\u00e9es financi\u00e8res disponibles de ce rapport ont \u00e9t\u00e9 collect\u00e9es par <u><a href=\"https:\/\/www.profundo.nl\/en\" target=\"_blank\" rel=\"noopener noreferrer\">Profundo<\/a><\/u>.<\/li>\n<li aria-level=\"1\"><u><a href=\"https:\/\/coalpolicytool.org\/wp-content\/uploads\/2021\/12\/Briefing_HowToExitCoal_ReclaimFinanceUrgewald_October2021-min.pdf\" target=\"_blank\" rel=\"noopener noreferrer\">How to exit coal: 10 Criteria for Evaluating Corporate Coal Phase-Out Plans<\/a><\/u>, Reclaim Finance, Octobre 2021<\/li>\n<\/ol>\n<\/div><div class=\"fusion-clearfix\"><\/div><\/div><\/div><\/div><\/div><div class=\"fusion-fullwidth fullwidth-box fusion-builder-row-2 fusion-flex-container has-pattern-background has-mask-background nonhundred-percent-fullwidth non-hundred-percent-height-scrolling\" style=\"--awb-border-radius-top-left:0px;--awb-border-radius-top-right:0px;--awb-border-radius-bottom-right:0px;--awb-border-radius-bottom-left:0px;--awb-flex-wrap:wrap;\" ><div class=\"fusion-builder-row fusion-row fusion-flex-align-items-flex-start fusion-flex-content-wrap\" style=\"max-width:1216.8px;margin-left: calc(-4% \/ 2 );margin-right: calc(-4% \/ 2 );\"><div class=\"fusion-layout-column fusion_builder_column fusion-builder-column-2 fusion_builder_column_1_1 1_1 fusion-flex-column\" style=\"--awb-bg-size:cover;--awb-width-large:100%;--awb-margin-top-large:0px;--awb-spacing-right-large:1.92%;--awb-margin-bottom-large:20px;--awb-spacing-left-large:1.92%;--awb-width-medium:100%;--awb-order-medium:0;--awb-spacing-right-medium:1.92%;--awb-spacing-left-medium:1.92%;--awb-width-small:100%;--awb-order-small:0;--awb-spacing-right-small:1.92%;--awb-spacing-left-small:1.92%;\"><div class=\"fusion-column-wrapper fusion-column-has-shadow fusion-flex-justify-content-flex-start fusion-content-layout-column\"><div class=\"fusion-title title fusion-title-4 fusion-sep-none fusion-title-text fusion-title-size-two\" style=\"--awb-text-color:var(--awb-color1);--awb-margin-bottom:0px;\"><h2 class=\"fusion-title-heading title-heading-left fusion-responsive-typography-calculated\" style=\"margin:0;text-transform:uppercase;--fontSize:33;line-height:1.5;\">lire aussi<\/h2><\/div><div class=\"fusion-separator\" style=\"align-self: flex-start;margin-right:auto;margin-top:25px;margin-bottom:35px;width:100%;max-width:100px;\"><div class=\"fusion-separator-border sep-single sep-solid\" style=\"--awb-height:20px;--awb-amount:20px;--awb-sep-color:var(--awb-color4);border-color:var(--awb-color4);border-top-width:10px;\"><\/div><\/div><div class=\"fusion-blog-shortcode fusion-blog-shortcode-1 fusion-blog-archive fusion-blog-layout-grid-wrapper fusion-blog-no\"><style type=\"text\/css\">.fusion-blog-shortcode-1 .fusion-blog-layout-grid .fusion-post-grid{padding:15px;}.fusion-blog-shortcode-1 .fusion-posts-container{margin-left: -15px !important; margin-right:-15px !important;}<\/style><div class=\"fusion-posts-container fusion-posts-container-no fusion-blog-rollover fusion-blog-layout-grid fusion-blog-layout-grid-3 isotope fusion-blog-equal-heights\" data-pages=\"106\" data-grid-col-space=\"30\" style=\"margin: -15px -15px 0;min-height:500px;\"><article id=\"blog-1-post-39506\" class=\"fusion-post-grid post-39506 post type-post status-publish format-standard has-post-thumbnail hentry category-communique-de-presse acteurs_financiers-banques-fr thematique-energies-fossiles thematique-gaz-fr\">\n<div class=\"fusion-post-wrapper\" style=\"background-color:rgba(255,255,255,0);border:1px solid #2a2b3d;border-bottom-width:3px;\">\n\n\t\t\t<div class=\"fusion-flexslider flexslider fusion-flexslider-loading fusion-post-slideshow\" style=\"border-color:#2a2b3d;\">\n\t\t<ul class=\"slides\">\n\t\t\t\n\t\t\t\t\t\t\t\t\t\t\t\t\t\t<li><div  class=\"fusion-image-wrapper\" aria-haspopup=\"true\">\n\t\t\t\t<img decoding=\"async\" width=\"1125\" height=\"500\" src=\"https:\/\/reclaimfinance.org\/site\/wp-content\/uploads\/2026\/04\/gas-power-plant.png\" class=\"attachment-full size-full wp-post-image\" alt=\"\" \/><div class=\"fusion-rollover\">\n\t<div class=\"fusion-rollover-content\">\n\n\t\t\t\t\n\t\t\n\t\t\t\t\t\t\t\t\n\t\t\t\t\t\t\t\t\n\t\t\n\t\t\t\t\t\t<a class=\"fusion-link-wrapper\" href=\"https:\/\/reclaimfinance.org\/site\/2026\/04\/08\/centrales-a-gaz-un-soutien-des-banques-europeennes-a-lexpansion-malgre-des-couts-sociaux-eleves\/\" aria-label=\"Centrales \u00e0 gaz : un soutien des banques europ\u00e9ennes \u00e0 l&rsquo;expansion malgr\u00e9 des co\u00fbts sociaux \u00e9lev\u00e9s\"><\/a>\n\t<\/div>\n<\/div>\n<\/div>\n<\/li>\n\t\t\t\n\t\t\t\n\t\t\t\t\t\t\t\t<\/ul>\n\t<\/div>\n\t<div class=\"fusion-post-content-wrapper\" style=\"padding:30px 25px 20px 25px;\"><div class=\"fusion-post-content post-content\"><h3 class=\"blog-shortcode-post-title entry-title\"><a href=\"https:\/\/reclaimfinance.org\/site\/2026\/04\/08\/centrales-a-gaz-un-soutien-des-banques-europeennes-a-lexpansion-malgre-des-couts-sociaux-eleves\/\">Centrales \u00e0 gaz : un soutien des banques europ\u00e9ennes \u00e0 l&rsquo;expansion malgr\u00e9 des co\u00fbts sociaux \u00e9lev\u00e9s<\/a><\/h3><p class=\"fusion-single-line-meta\"><span class=\"vcard\" style=\"display: none;\"><span class=\"fn\"><a href=\"https:\/\/reclaimfinance.org\/site\/author\/aman\/\" title=\"Articles par Aatira\u00ef Manickawasagar\" rel=\"author\">Aatira\u00ef Manickawasagar<\/a><\/span><\/span><span class=\"updated\" style=\"display:none;\">2026-04-07T15:33:26+02:00<\/span><a href=\"https:\/\/reclaimfinance.org\/site\/category\/communique-de-presse\/\" rel=\"category tag\">Communiqu\u00e9s de presse<\/a><span class=\"fusion-inline-sep\">|<\/span><\/p><\/div><\/div><div class=\"fusion-clearfix\"><\/div><\/div>\n<\/article>\n<article id=\"blog-1-post-39344\" class=\"fusion-post-grid post-39344 post type-post status-publish format-standard has-post-thumbnail hentry category-communique-de-presse acteurs_financiers-assurances-fr programme-programme-3-fr\">\n<div class=\"fusion-post-wrapper\" style=\"background-color:rgba(255,255,255,0);border:1px solid #2a2b3d;border-bottom-width:3px;\">\n\n\t\t\t<div class=\"fusion-flexslider flexslider fusion-flexslider-loading fusion-post-slideshow\" style=\"border-color:#2a2b3d;\">\n\t\t<ul class=\"slides\">\n\t\t\t\n\t\t\t\t\t\t\t\t\t\t\t\t\t\t<li><div  class=\"fusion-image-wrapper\" aria-haspopup=\"true\">\n\t\t\t\t<img decoding=\"async\" width=\"1125\" height=\"500\" src=\"https:\/\/reclaimfinance.org\/site\/wp-content\/uploads\/2026\/03\/Catastrophe-naturelle-.png\" class=\"attachment-full size-full wp-post-image\" alt=\"Catastrophe naturelle\" \/><div class=\"fusion-rollover\">\n\t<div class=\"fusion-rollover-content\">\n\n\t\t\t\t\n\t\t\n\t\t\t\t\t\t\t\t\n\t\t\t\t\t\t\t\t\n\t\t\n\t\t\t\t\t\t<a class=\"fusion-link-wrapper\" href=\"https:\/\/reclaimfinance.org\/site\/2026\/03\/11\/catastrophes-naturelles-les-grands-assureurs-priorisent-leurs-profits-au-detriment-des-citoyens-et-collectivites\/\" aria-label=\"Catastrophes naturelles: les citoyens et collectivit\u00e9s paient la facture, malgr\u00e9 les profits records des grands assureurs\"><\/a>\n\t<\/div>\n<\/div>\n<\/div>\n<\/li>\n\t\t\t\n\t\t\t\n\t\t\t\t\t\t\t\t<\/ul>\n\t<\/div>\n\t<div class=\"fusion-post-content-wrapper\" style=\"padding:30px 25px 20px 25px;\"><div class=\"fusion-post-content post-content\"><h3 class=\"blog-shortcode-post-title entry-title\"><a href=\"https:\/\/reclaimfinance.org\/site\/2026\/03\/11\/catastrophes-naturelles-les-grands-assureurs-priorisent-leurs-profits-au-detriment-des-citoyens-et-collectivites\/\">Catastrophes naturelles: les citoyens et collectivit\u00e9s paient la facture, malgr\u00e9 les profits records des grands assureurs<\/a><\/h3><p class=\"fusion-single-line-meta\"><span class=\"vcard\" style=\"display: none;\"><span class=\"fn\"><a href=\"https:\/\/reclaimfinance.org\/site\/author\/aman\/\" title=\"Articles par Aatira\u00ef Manickawasagar\" rel=\"author\">Aatira\u00ef Manickawasagar<\/a><\/span><\/span><span class=\"updated\" style=\"display:none;\">2026-03-11T08:34:04+01:00<\/span><a href=\"https:\/\/reclaimfinance.org\/site\/category\/communique-de-presse\/\" rel=\"category tag\">Communiqu\u00e9s de presse<\/a><span class=\"fusion-inline-sep\">|<\/span><\/p><\/div><\/div><div class=\"fusion-clearfix\"><\/div><\/div>\n<\/article>\n<article id=\"blog-1-post-39280\" class=\"fusion-post-grid post-39280 post type-post status-publish format-standard has-post-thumbnail hentry category-communique-de-presse programme-programme-3-fr\">\n<div class=\"fusion-post-wrapper\" style=\"background-color:rgba(255,255,255,0);border:1px solid #2a2b3d;border-bottom-width:3px;\">\n\n\t\t\t<div class=\"fusion-flexslider flexslider fusion-flexslider-loading fusion-post-slideshow\" style=\"border-color:#2a2b3d;\">\n\t\t<ul class=\"slides\">\n\t\t\t\n\t\t\t\t\t\t\t\t\t\t\t\t\t\t<li><div  class=\"fusion-image-wrapper\" aria-haspopup=\"true\">\n\t\t\t\t<img decoding=\"async\" width=\"1125\" height=\"500\" src=\"https:\/\/reclaimfinance.org\/site\/wp-content\/uploads\/2026\/02\/European-commission.png\" class=\"attachment-full size-full wp-post-image\" alt=\"\" \/><div class=\"fusion-rollover\">\n\t<div class=\"fusion-rollover-content\">\n\n\t\t\t\t\n\t\t\n\t\t\t\t\t\t\t\t\n\t\t\t\t\t\t\t\t\n\t\t\n\t\t\t\t\t\t<a class=\"fusion-link-wrapper\" href=\"https:\/\/reclaimfinance.org\/site\/2026\/02\/19\/lettre-ouverte-plus-de-130-signataires-appellent-a-exclure-les-energies-fossiles-des-fonds-durables-de-lue\/\" aria-label=\"Lettre ouverte : plus de 130 signataires appellent \u00e0 exclure les \u00e9nergies fossiles des fonds durables de l\u2019UE\"><\/a>\n\t<\/div>\n<\/div>\n<\/div>\n<\/li>\n\t\t\t\n\t\t\t\n\t\t\t\t\t\t\t\t<\/ul>\n\t<\/div>\n\t<div class=\"fusion-post-content-wrapper\" style=\"padding:30px 25px 20px 25px;\"><div class=\"fusion-post-content post-content\"><h3 class=\"blog-shortcode-post-title entry-title\"><a href=\"https:\/\/reclaimfinance.org\/site\/2026\/02\/19\/lettre-ouverte-plus-de-130-signataires-appellent-a-exclure-les-energies-fossiles-des-fonds-durables-de-lue\/\">Lettre ouverte : plus de 130 signataires appellent \u00e0 exclure les \u00e9nergies fossiles des fonds durables de l\u2019UE<\/a><\/h3><p class=\"fusion-single-line-meta\"><span class=\"vcard\" style=\"display: none;\"><span class=\"fn\"><a href=\"https:\/\/reclaimfinance.org\/site\/author\/aman\/\" title=\"Articles par Aatira\u00ef Manickawasagar\" rel=\"author\">Aatira\u00ef Manickawasagar<\/a><\/span><\/span><span class=\"updated\" style=\"display:none;\">2026-02-19T14:18:11+01:00<\/span><a href=\"https:\/\/reclaimfinance.org\/site\/category\/communique-de-presse\/\" rel=\"category tag\">Communiqu\u00e9s de presse<\/a><span class=\"fusion-inline-sep\">|<\/span><\/p><\/div><\/div><div class=\"fusion-clearfix\"><\/div><\/div>\n<\/article>\n<div class=\"fusion-clearfix\"><\/div><\/div><\/div><\/div><\/div><\/div><\/div><\/p>\n","protected":false},"excerpt":{"rendered":"","protected":false},"author":26,"featured_media":29980,"comment_status":"closed","ping_status":"open","sticky":false,"template":"","format":"standard","meta":{"footnotes":""},"categories":[45],"tags":[],"acteurs_financiers":[],"thematique":[2278,2415,2500],"webinar_type":[],"programme":[],"class_list":["post-29978","post","type-post","status-publish","format-standard","has-post-thumbnail","hentry","category-blog","thematique-charbon-fr-fr","thematique-energies-fossiles","thematique-finance"],"yoast_head":"<!-- This site is optimized with the Yoast SEO plugin v23.1 - https:\/\/yoast.com\/wordpress\/plugins\/seo\/ -->\n<title>4 ans apr\u00e8s, la place de Paris n\u2019en a pas fini avec le charbon - Reclaim Finance<\/title>\n<meta name=\"description\" content=\"Reclaim Finance appelle \u00e0 agir pour contraindre les acteurs financiers \u00e0 revoir leurs pratiques de mani\u00e8re \u00e0 tenir l\u2019objectif de limiter le r\u00e9chauffement \u00e0 1,5\u00b0C\" \/>\n<meta name=\"robots\" content=\"index, follow, max-snippet:-1, max-image-preview:large, max-video-preview:-1\" \/>\n<link rel=\"canonical\" href=\"https:\/\/reclaimfinance.org\/site\/2023\/07\/12\/4-ans-apres-la-place-de-paris-nen-a-pas-fini-avec-le-charbon\/\" \/>\n<meta property=\"og:locale\" content=\"fr_FR\" \/>\n<meta property=\"og:type\" content=\"article\" \/>\n<meta property=\"og:title\" content=\"4 ans apr\u00e8s, la place de Paris n\u2019en a pas fini avec le charbon - Reclaim Finance\" \/>\n<meta property=\"og:description\" content=\"Reclaim Finance appelle \u00e0 agir pour contraindre les acteurs financiers \u00e0 revoir leurs pratiques de mani\u00e8re \u00e0 tenir l\u2019objectif de limiter le r\u00e9chauffement \u00e0 1,5\u00b0C\" \/>\n<meta property=\"og:url\" content=\"https:\/\/reclaimfinance.org\/site\/2023\/07\/12\/4-ans-apres-la-place-de-paris-nen-a-pas-fini-avec-le-charbon\/\" \/>\n<meta property=\"og:site_name\" content=\"Reclaim Finance\" \/>\n<meta property=\"article:publisher\" content=\"https:\/\/www.facebook.com\/ReclaimFinanceONG\" \/>\n<meta property=\"article:published_time\" content=\"2023-07-12T15:35:20+00:00\" \/>\n<meta property=\"article:modified_time\" content=\"2023-11-30T13:18:14+00:00\" \/>\n<meta property=\"og:image\" content=\"https:\/\/reclaimfinance.org\/site\/wp-content\/uploads\/2023\/07\/Coal-industry.png\" \/>\n\t<meta property=\"og:image:width\" content=\"900\" \/>\n\t<meta property=\"og:image:height\" content=\"400\" \/>\n\t<meta property=\"og:image:type\" content=\"image\/png\" \/>\n<meta name=\"author\" content=\"L\u00e9o Martin\" \/>\n<meta name=\"twitter:card\" content=\"summary_large_image\" \/>\n<meta name=\"twitter:creator\" content=\"@ReclaimFinance\" \/>\n<meta name=\"twitter:site\" content=\"@ReclaimFinance\" \/>\n<meta name=\"twitter:label1\" content=\"\u00c9crit par\" \/>\n\t<meta name=\"twitter:data1\" content=\"L\u00e9o Martin\" \/>\n\t<meta name=\"twitter:label2\" content=\"Dur\u00e9e de lecture estim\u00e9e\" \/>\n\t<meta name=\"twitter:data2\" content=\"11 minutes\" \/>\n<script type=\"application\/ld+json\" class=\"yoast-schema-graph\">{\"@context\":\"https:\/\/schema.org\",\"@graph\":[{\"@type\":\"Article\",\"@id\":\"https:\/\/reclaimfinance.org\/site\/2023\/07\/12\/4-ans-apres-la-place-de-paris-nen-a-pas-fini-avec-le-charbon\/#article\",\"isPartOf\":{\"@id\":\"https:\/\/reclaimfinance.org\/site\/2023\/07\/12\/4-ans-apres-la-place-de-paris-nen-a-pas-fini-avec-le-charbon\/\"},\"author\":{\"name\":\"L\u00e9o Martin\",\"@id\":\"https:\/\/reclaimfinance.org\/site\/#\/schema\/person\/92f0f8d102e5e411f092871d8eeb3db1\"},\"headline\":\"4 ans apr\u00e8s, la place de Paris n\u2019en a pas fini avec le charbon\",\"datePublished\":\"2023-07-12T15:35:20+00:00\",\"dateModified\":\"2023-11-30T13:18:14+00:00\",\"mainEntityOfPage\":{\"@id\":\"https:\/\/reclaimfinance.org\/site\/2023\/07\/12\/4-ans-apres-la-place-de-paris-nen-a-pas-fini-avec-le-charbon\/\"},\"wordCount\":3479,\"publisher\":{\"@id\":\"https:\/\/reclaimfinance.org\/site\/#organization\"},\"image\":{\"@id\":\"https:\/\/reclaimfinance.org\/site\/2023\/07\/12\/4-ans-apres-la-place-de-paris-nen-a-pas-fini-avec-le-charbon\/#primaryimage\"},\"thumbnailUrl\":\"https:\/\/reclaimfinance.org\/site\/wp-content\/uploads\/2023\/07\/Coal-industry.png\",\"articleSection\":[\"Articles\"],\"inLanguage\":\"fr-FR\"},{\"@type\":\"WebPage\",\"@id\":\"https:\/\/reclaimfinance.org\/site\/2023\/07\/12\/4-ans-apres-la-place-de-paris-nen-a-pas-fini-avec-le-charbon\/\",\"url\":\"https:\/\/reclaimfinance.org\/site\/2023\/07\/12\/4-ans-apres-la-place-de-paris-nen-a-pas-fini-avec-le-charbon\/\",\"name\":\"4 ans apr\u00e8s, la place de Paris n\u2019en a pas fini avec le charbon - Reclaim Finance\",\"isPartOf\":{\"@id\":\"https:\/\/reclaimfinance.org\/site\/#website\"},\"primaryImageOfPage\":{\"@id\":\"https:\/\/reclaimfinance.org\/site\/2023\/07\/12\/4-ans-apres-la-place-de-paris-nen-a-pas-fini-avec-le-charbon\/#primaryimage\"},\"image\":{\"@id\":\"https:\/\/reclaimfinance.org\/site\/2023\/07\/12\/4-ans-apres-la-place-de-paris-nen-a-pas-fini-avec-le-charbon\/#primaryimage\"},\"thumbnailUrl\":\"https:\/\/reclaimfinance.org\/site\/wp-content\/uploads\/2023\/07\/Coal-industry.png\",\"datePublished\":\"2023-07-12T15:35:20+00:00\",\"dateModified\":\"2023-11-30T13:18:14+00:00\",\"description\":\"Reclaim Finance appelle \u00e0 agir pour contraindre les acteurs financiers \u00e0 revoir leurs pratiques de mani\u00e8re \u00e0 tenir l\u2019objectif de limiter le r\u00e9chauffement \u00e0 1,5\u00b0C\",\"breadcrumb\":{\"@id\":\"https:\/\/reclaimfinance.org\/site\/2023\/07\/12\/4-ans-apres-la-place-de-paris-nen-a-pas-fini-avec-le-charbon\/#breadcrumb\"},\"inLanguage\":\"fr-FR\",\"potentialAction\":[{\"@type\":\"ReadAction\",\"target\":[\"https:\/\/reclaimfinance.org\/site\/2023\/07\/12\/4-ans-apres-la-place-de-paris-nen-a-pas-fini-avec-le-charbon\/\"]}]},{\"@type\":\"ImageObject\",\"inLanguage\":\"fr-FR\",\"@id\":\"https:\/\/reclaimfinance.org\/site\/2023\/07\/12\/4-ans-apres-la-place-de-paris-nen-a-pas-fini-avec-le-charbon\/#primaryimage\",\"url\":\"https:\/\/reclaimfinance.org\/site\/wp-content\/uploads\/2023\/07\/Coal-industry.png\",\"contentUrl\":\"https:\/\/reclaimfinance.org\/site\/wp-content\/uploads\/2023\/07\/Coal-industry.png\",\"width\":900,\"height\":400},{\"@type\":\"BreadcrumbList\",\"@id\":\"https:\/\/reclaimfinance.org\/site\/2023\/07\/12\/4-ans-apres-la-place-de-paris-nen-a-pas-fini-avec-le-charbon\/#breadcrumb\",\"itemListElement\":[{\"@type\":\"ListItem\",\"position\":1,\"name\":\"Accueil\",\"item\":\"https:\/\/reclaimfinance.org\/site\/\"},{\"@type\":\"ListItem\",\"position\":2,\"name\":\"4 ans apr\u00e8s, la place de Paris n\u2019en a pas fini avec le charbon\"}]},{\"@type\":\"WebSite\",\"@id\":\"https:\/\/reclaimfinance.org\/site\/#website\",\"url\":\"https:\/\/reclaimfinance.org\/site\/\",\"name\":\"Reclaim Finance\",\"description\":\"Reprendre le contr\u00f4le de la finance pour le climat et la biodiversit\u00e9\",\"publisher\":{\"@id\":\"https:\/\/reclaimfinance.org\/site\/#organization\"},\"potentialAction\":[{\"@type\":\"SearchAction\",\"target\":{\"@type\":\"EntryPoint\",\"urlTemplate\":\"https:\/\/reclaimfinance.org\/site\/?s={search_term_string}\"},\"query-input\":\"required name=search_term_string\"}],\"inLanguage\":\"fr-FR\"},{\"@type\":\"Organization\",\"@id\":\"https:\/\/reclaimfinance.org\/site\/#organization\",\"name\":\"Reclaim Finance\",\"url\":\"https:\/\/reclaimfinance.org\/site\/\",\"logo\":{\"@type\":\"ImageObject\",\"inLanguage\":\"fr-FR\",\"@id\":\"https:\/\/reclaimfinance.org\/site\/#\/schema\/logo\/image\/\",\"url\":\"https:\/\/reclaimfinance.org\/site\/wp-content\/uploads\/2020\/03\/logo_RC_space.png\",\"contentUrl\":\"https:\/\/reclaimfinance.org\/site\/wp-content\/uploads\/2020\/03\/logo_RC_space.png\",\"width\":800,\"height\":800,\"caption\":\"Reclaim Finance\"},\"image\":{\"@id\":\"https:\/\/reclaimfinance.org\/site\/#\/schema\/logo\/image\/\"},\"sameAs\":[\"https:\/\/www.facebook.com\/ReclaimFinanceONG\",\"https:\/\/x.com\/ReclaimFinance\",\"https:\/\/www.instagram.com\/reclaimfinance\/\",\"https:\/\/www.linkedin.com\/company\/reclaim-finance-ong-think-tank\"]},{\"@type\":\"Person\",\"@id\":\"https:\/\/reclaimfinance.org\/site\/#\/schema\/person\/92f0f8d102e5e411f092871d8eeb3db1\",\"name\":\"L\u00e9o Martin\",\"image\":{\"@type\":\"ImageObject\",\"inLanguage\":\"fr-FR\",\"@id\":\"https:\/\/reclaimfinance.org\/site\/#\/schema\/person\/image\/\",\"url\":\"https:\/\/secure.gravatar.com\/avatar\/cebd89becb7f7185483789d7f51a21cb?s=96&d=mm&r=g\",\"contentUrl\":\"https:\/\/secure.gravatar.com\/avatar\/cebd89becb7f7185483789d7f51a21cb?s=96&d=mm&r=g\",\"caption\":\"L\u00e9o Martin\"},\"url\":\"https:\/\/reclaimfinance.org\/site\/author\/lma\/\"}]}<\/script>\n<!-- \/ Yoast SEO plugin. -->","yoast_head_json":{"title":"4 ans apr\u00e8s, la place de Paris n\u2019en a pas fini avec le charbon - Reclaim Finance","description":"Reclaim Finance appelle \u00e0 agir pour contraindre les acteurs financiers \u00e0 revoir leurs pratiques de mani\u00e8re \u00e0 tenir l\u2019objectif de limiter le r\u00e9chauffement \u00e0 1,5\u00b0C","robots":{"index":"index","follow":"follow","max-snippet":"max-snippet:-1","max-image-preview":"max-image-preview:large","max-video-preview":"max-video-preview:-1"},"canonical":"https:\/\/reclaimfinance.org\/site\/2023\/07\/12\/4-ans-apres-la-place-de-paris-nen-a-pas-fini-avec-le-charbon\/","og_locale":"fr_FR","og_type":"article","og_title":"4 ans apr\u00e8s, la place de Paris n\u2019en a pas fini avec le charbon - Reclaim Finance","og_description":"Reclaim Finance appelle \u00e0 agir pour contraindre les acteurs financiers \u00e0 revoir leurs pratiques de mani\u00e8re \u00e0 tenir l\u2019objectif de limiter le r\u00e9chauffement \u00e0 1,5\u00b0C","og_url":"https:\/\/reclaimfinance.org\/site\/2023\/07\/12\/4-ans-apres-la-place-de-paris-nen-a-pas-fini-avec-le-charbon\/","og_site_name":"Reclaim Finance","article_publisher":"https:\/\/www.facebook.com\/ReclaimFinanceONG","article_published_time":"2023-07-12T15:35:20+00:00","article_modified_time":"2023-11-30T13:18:14+00:00","og_image":[{"width":900,"height":400,"url":"https:\/\/reclaimfinance.org\/site\/wp-content\/uploads\/2023\/07\/Coal-industry.png","type":"image\/png"}],"author":"L\u00e9o Martin","twitter_card":"summary_large_image","twitter_creator":"@ReclaimFinance","twitter_site":"@ReclaimFinance","twitter_misc":{"\u00c9crit par":"L\u00e9o Martin","Dur\u00e9e de lecture estim\u00e9e":"11 minutes"},"schema":{"@context":"https:\/\/schema.org","@graph":[{"@type":"Article","@id":"https:\/\/reclaimfinance.org\/site\/2023\/07\/12\/4-ans-apres-la-place-de-paris-nen-a-pas-fini-avec-le-charbon\/#article","isPartOf":{"@id":"https:\/\/reclaimfinance.org\/site\/2023\/07\/12\/4-ans-apres-la-place-de-paris-nen-a-pas-fini-avec-le-charbon\/"},"author":{"name":"L\u00e9o Martin","@id":"https:\/\/reclaimfinance.org\/site\/#\/schema\/person\/92f0f8d102e5e411f092871d8eeb3db1"},"headline":"4 ans apr\u00e8s, la place de Paris n\u2019en a pas fini avec le charbon","datePublished":"2023-07-12T15:35:20+00:00","dateModified":"2023-11-30T13:18:14+00:00","mainEntityOfPage":{"@id":"https:\/\/reclaimfinance.org\/site\/2023\/07\/12\/4-ans-apres-la-place-de-paris-nen-a-pas-fini-avec-le-charbon\/"},"wordCount":3479,"publisher":{"@id":"https:\/\/reclaimfinance.org\/site\/#organization"},"image":{"@id":"https:\/\/reclaimfinance.org\/site\/2023\/07\/12\/4-ans-apres-la-place-de-paris-nen-a-pas-fini-avec-le-charbon\/#primaryimage"},"thumbnailUrl":"https:\/\/reclaimfinance.org\/site\/wp-content\/uploads\/2023\/07\/Coal-industry.png","articleSection":["Articles"],"inLanguage":"fr-FR"},{"@type":"WebPage","@id":"https:\/\/reclaimfinance.org\/site\/2023\/07\/12\/4-ans-apres-la-place-de-paris-nen-a-pas-fini-avec-le-charbon\/","url":"https:\/\/reclaimfinance.org\/site\/2023\/07\/12\/4-ans-apres-la-place-de-paris-nen-a-pas-fini-avec-le-charbon\/","name":"4 ans apr\u00e8s, la place de Paris n\u2019en a pas fini avec le charbon - Reclaim Finance","isPartOf":{"@id":"https:\/\/reclaimfinance.org\/site\/#website"},"primaryImageOfPage":{"@id":"https:\/\/reclaimfinance.org\/site\/2023\/07\/12\/4-ans-apres-la-place-de-paris-nen-a-pas-fini-avec-le-charbon\/#primaryimage"},"image":{"@id":"https:\/\/reclaimfinance.org\/site\/2023\/07\/12\/4-ans-apres-la-place-de-paris-nen-a-pas-fini-avec-le-charbon\/#primaryimage"},"thumbnailUrl":"https:\/\/reclaimfinance.org\/site\/wp-content\/uploads\/2023\/07\/Coal-industry.png","datePublished":"2023-07-12T15:35:20+00:00","dateModified":"2023-11-30T13:18:14+00:00","description":"Reclaim Finance appelle \u00e0 agir pour contraindre les acteurs financiers \u00e0 revoir leurs pratiques de mani\u00e8re \u00e0 tenir l\u2019objectif de limiter le r\u00e9chauffement \u00e0 1,5\u00b0C","breadcrumb":{"@id":"https:\/\/reclaimfinance.org\/site\/2023\/07\/12\/4-ans-apres-la-place-de-paris-nen-a-pas-fini-avec-le-charbon\/#breadcrumb"},"inLanguage":"fr-FR","potentialAction":[{"@type":"ReadAction","target":["https:\/\/reclaimfinance.org\/site\/2023\/07\/12\/4-ans-apres-la-place-de-paris-nen-a-pas-fini-avec-le-charbon\/"]}]},{"@type":"ImageObject","inLanguage":"fr-FR","@id":"https:\/\/reclaimfinance.org\/site\/2023\/07\/12\/4-ans-apres-la-place-de-paris-nen-a-pas-fini-avec-le-charbon\/#primaryimage","url":"https:\/\/reclaimfinance.org\/site\/wp-content\/uploads\/2023\/07\/Coal-industry.png","contentUrl":"https:\/\/reclaimfinance.org\/site\/wp-content\/uploads\/2023\/07\/Coal-industry.png","width":900,"height":400},{"@type":"BreadcrumbList","@id":"https:\/\/reclaimfinance.org\/site\/2023\/07\/12\/4-ans-apres-la-place-de-paris-nen-a-pas-fini-avec-le-charbon\/#breadcrumb","itemListElement":[{"@type":"ListItem","position":1,"name":"Accueil","item":"https:\/\/reclaimfinance.org\/site\/"},{"@type":"ListItem","position":2,"name":"4 ans apr\u00e8s, la place de Paris n\u2019en a pas fini avec le charbon"}]},{"@type":"WebSite","@id":"https:\/\/reclaimfinance.org\/site\/#website","url":"https:\/\/reclaimfinance.org\/site\/","name":"Reclaim Finance","description":"Reprendre le contr\u00f4le de la finance pour le climat et la biodiversit\u00e9","publisher":{"@id":"https:\/\/reclaimfinance.org\/site\/#organization"},"potentialAction":[{"@type":"SearchAction","target":{"@type":"EntryPoint","urlTemplate":"https:\/\/reclaimfinance.org\/site\/?s={search_term_string}"},"query-input":"required name=search_term_string"}],"inLanguage":"fr-FR"},{"@type":"Organization","@id":"https:\/\/reclaimfinance.org\/site\/#organization","name":"Reclaim Finance","url":"https:\/\/reclaimfinance.org\/site\/","logo":{"@type":"ImageObject","inLanguage":"fr-FR","@id":"https:\/\/reclaimfinance.org\/site\/#\/schema\/logo\/image\/","url":"https:\/\/reclaimfinance.org\/site\/wp-content\/uploads\/2020\/03\/logo_RC_space.png","contentUrl":"https:\/\/reclaimfinance.org\/site\/wp-content\/uploads\/2020\/03\/logo_RC_space.png","width":800,"height":800,"caption":"Reclaim Finance"},"image":{"@id":"https:\/\/reclaimfinance.org\/site\/#\/schema\/logo\/image\/"},"sameAs":["https:\/\/www.facebook.com\/ReclaimFinanceONG","https:\/\/x.com\/ReclaimFinance","https:\/\/www.instagram.com\/reclaimfinance\/","https:\/\/www.linkedin.com\/company\/reclaim-finance-ong-think-tank"]},{"@type":"Person","@id":"https:\/\/reclaimfinance.org\/site\/#\/schema\/person\/92f0f8d102e5e411f092871d8eeb3db1","name":"L\u00e9o Martin","image":{"@type":"ImageObject","inLanguage":"fr-FR","@id":"https:\/\/reclaimfinance.org\/site\/#\/schema\/person\/image\/","url":"https:\/\/secure.gravatar.com\/avatar\/cebd89becb7f7185483789d7f51a21cb?s=96&d=mm&r=g","contentUrl":"https:\/\/secure.gravatar.com\/avatar\/cebd89becb7f7185483789d7f51a21cb?s=96&d=mm&r=g","caption":"L\u00e9o Martin"},"url":"https:\/\/reclaimfinance.org\/site\/author\/lma\/"}]}},"_links":{"self":[{"href":"https:\/\/reclaimfinance.org\/site\/wp-json\/wp\/v2\/posts\/29978"}],"collection":[{"href":"https:\/\/reclaimfinance.org\/site\/wp-json\/wp\/v2\/posts"}],"about":[{"href":"https:\/\/reclaimfinance.org\/site\/wp-json\/wp\/v2\/types\/post"}],"author":[{"embeddable":true,"href":"https:\/\/reclaimfinance.org\/site\/wp-json\/wp\/v2\/users\/26"}],"replies":[{"embeddable":true,"href":"https:\/\/reclaimfinance.org\/site\/wp-json\/wp\/v2\/comments?post=29978"}],"version-history":[{"count":0,"href":"https:\/\/reclaimfinance.org\/site\/wp-json\/wp\/v2\/posts\/29978\/revisions"}],"wp:featuredmedia":[{"embeddable":true,"href":"https:\/\/reclaimfinance.org\/site\/wp-json\/wp\/v2\/media\/29980"}],"wp:attachment":[{"href":"https:\/\/reclaimfinance.org\/site\/wp-json\/wp\/v2\/media?parent=29978"}],"wp:term":[{"taxonomy":"category","embeddable":true,"href":"https:\/\/reclaimfinance.org\/site\/wp-json\/wp\/v2\/categories?post=29978"},{"taxonomy":"post_tag","embeddable":true,"href":"https:\/\/reclaimfinance.org\/site\/wp-json\/wp\/v2\/tags?post=29978"},{"taxonomy":"acteurs_financiers","embeddable":true,"href":"https:\/\/reclaimfinance.org\/site\/wp-json\/wp\/v2\/acteurs_financiers?post=29978"},{"taxonomy":"thematique","embeddable":true,"href":"https:\/\/reclaimfinance.org\/site\/wp-json\/wp\/v2\/thematique?post=29978"},{"taxonomy":"webinar_type","embeddable":true,"href":"https:\/\/reclaimfinance.org\/site\/wp-json\/wp\/v2\/webinar_type?post=29978"},{"taxonomy":"programme","embeddable":true,"href":"https:\/\/reclaimfinance.org\/site\/wp-json\/wp\/v2\/programme?post=29978"}],"curies":[{"name":"wp","href":"https:\/\/api.w.org\/{rel}","templated":true}]}}