{"id":31410,"date":"2024-01-24T17:47:16","date_gmt":"2024-01-24T16:47:16","guid":{"rendered":"https:\/\/reclaimfinance.org\/site\/?p=31410"},"modified":"2025-08-27T12:15:30","modified_gmt":"2025-08-27T10:15:30","slug":"detenteurs-dactifs-engager-les-gestionnaires-dactifs-sur-le-climat","status":"publish","type":"post","link":"https:\/\/reclaimfinance.org\/site\/2024\/01\/24\/detenteurs-dactifs-engager-les-gestionnaires-dactifs-sur-le-climat\/","title":{"rendered":"Recommandations aux d\u00e9tenteurs d&rsquo;actifs : engager les gestionnaires d&rsquo;actifs sur le climat"},"content":{"rendered":"<p><div class=\"fusion-fullwidth fullwidth-box fusion-builder-row-1 fusion-flex-container has-pattern-background has-mask-background nonhundred-percent-fullwidth non-hundred-percent-height-scrolling\" style=\"--awb-border-radius-top-left:0px;--awb-border-radius-top-right:0px;--awb-border-radius-bottom-right:0px;--awb-border-radius-bottom-left:0px;--awb-flex-wrap:wrap;\" ><div class=\"fusion-builder-row fusion-row fusion-flex-align-items-flex-start fusion-flex-content-wrap\" style=\"max-width:1216.8px;margin-left: calc(-4% \/ 2 );margin-right: calc(-4% \/ 2 );\"><div class=\"fusion-layout-column fusion_builder_column fusion-builder-column-0 fusion_builder_column_1_2 1_2 fusion-flex-column\" style=\"--awb-bg-size:cover;--awb-width-large:50%;--awb-margin-top-large:0px;--awb-spacing-right-large:3.84%;--awb-margin-bottom-large:20px;--awb-spacing-left-large:3.84%;--awb-width-medium:100%;--awb-order-medium:0;--awb-spacing-right-medium:1.92%;--awb-spacing-left-medium:1.92%;--awb-width-small:100%;--awb-order-small:0;--awb-spacing-right-small:1.92%;--awb-spacing-left-small:1.92%;\"><div class=\"fusion-column-wrapper fusion-column-has-shadow fusion-flex-justify-content-flex-start fusion-content-layout-column\"><div class=\"fusion-image-element \" style=\"--awb-caption-title-font-family:var(--h2_typography-font-family);--awb-caption-title-font-weight:var(--h2_typography-font-weight);--awb-caption-title-font-style:var(--h2_typography-font-style);--awb-caption-title-size:var(--h2_typography-font-size);--awb-caption-title-transform:var(--h2_typography-text-transform);--awb-caption-title-line-height:var(--h2_typography-line-height);--awb-caption-title-letter-spacing:var(--h2_typography-letter-spacing);\"><span class=\" fusion-imageframe imageframe-none imageframe-1 hover-type-none\"><img decoding=\"async\" width=\"1920\" height=\"1080\" title=\"Asset owner engagement webinar\" src=\"https:\/\/reclaimfinance.org\/site\/wp-content\/uploads\/2024\/01\/Asset-owner-engagement-webinar.png\" alt class=\"img-responsive wp-image-31422\" srcset=\"https:\/\/reclaimfinance.org\/site\/wp-content\/uploads\/2024\/01\/Asset-owner-engagement-webinar-200x113.png 200w, https:\/\/reclaimfinance.org\/site\/wp-content\/uploads\/2024\/01\/Asset-owner-engagement-webinar-400x225.png 400w, https:\/\/reclaimfinance.org\/site\/wp-content\/uploads\/2024\/01\/Asset-owner-engagement-webinar-600x338.png 600w, https:\/\/reclaimfinance.org\/site\/wp-content\/uploads\/2024\/01\/Asset-owner-engagement-webinar-800x450.png 800w, https:\/\/reclaimfinance.org\/site\/wp-content\/uploads\/2024\/01\/Asset-owner-engagement-webinar-1200x675.png 1200w, https:\/\/reclaimfinance.org\/site\/wp-content\/uploads\/2024\/01\/Asset-owner-engagement-webinar.png 1920w\" sizes=\"(max-width: 1024px) 100vw, (max-width: 640px) 100vw, 600px\" \/><\/span><\/div><div class=\"fusion-title title fusion-title-1 fusion-title-text fusion-title-size-three\" style=\"--awb-margin-top:20px;--awb-margin-bottom:0px;\"><div class=\"title-sep-container title-sep-container-left fusion-no-large-visibility fusion-no-medium-visibility fusion-no-small-visibility\"><div class=\"title-sep sep- sep-solid\" style=\"border-color:#3e3e3e;\"><\/div><\/div><span class=\"awb-title-spacer fusion-no-large-visibility fusion-no-medium-visibility fusion-no-small-visibility\"><\/span><h3 class=\"fusion-title-heading title-heading-left fusion-responsive-typography-calculated\" style=\"margin:0;--fontSize:24;line-height:1.5;\">Intervenantes<\/h3><span class=\"awb-title-spacer\"><\/span><div class=\"title-sep-container title-sep-container-right\"><div class=\"title-sep sep- sep-solid\" style=\"border-color:#3e3e3e;\"><\/div><\/div><\/div><div class=\"fusion-text fusion-text-1\" style=\"--awb-content-alignment:justify;\"><ul>\n<li><strong>Ellen Quigley<\/strong>, Directrice de recherche, Co-Directrice du \u00ab\u00a0Finance for Environmental and Social Systemic Change\u00a0\u00bb, et Conseill\u00e8re Sp\u00e9ciale (Investissements Responsables) aupr\u00e8s du directeur financier \u00e0 l&rsquo;Universit\u00e9 de Cambridge<\/li>\n<li><strong>Lara Cuvelier<\/strong>, Charg\u00e9e de campagne Investissements Soutenables \u00e0 Reclaim Finance<\/li>\n<li><strong>Agathe Masson<\/strong>, Charg\u00e9e de campagne Engagement actionnarial \u00e0 Reclaim Finance<\/li>\n<\/ul>\n<\/div><\/div><\/div><div class=\"fusion-layout-column fusion_builder_column fusion-builder-column-1 fusion_builder_column_1_2 1_2 fusion-flex-column\" style=\"--awb-bg-size:cover;--awb-width-large:50%;--awb-margin-top-large:0px;--awb-spacing-right-large:3.84%;--awb-margin-bottom-large:20px;--awb-spacing-left-large:3.84%;--awb-width-medium:100%;--awb-order-medium:0;--awb-spacing-right-medium:1.92%;--awb-spacing-left-medium:1.92%;--awb-width-small:100%;--awb-order-small:0;--awb-spacing-right-small:1.92%;--awb-spacing-left-small:1.92%;\"><div class=\"fusion-column-wrapper fusion-column-has-shadow fusion-flex-justify-content-flex-start fusion-content-layout-column\"><div class=\"fusion-text fusion-text-2\" style=\"--awb-content-alignment:justify;\"><p><span class=\"ui-provider a b c d e f g h i j k l m n o p q r s t u v w x y z ab ac ae af ag ah ai aj ak\" dir=\"ltr\">Dans ce webinaire, nous pr\u00e9senterons aux d\u00e9tenteurs d&rsquo;actifs des outils pour \u00e9valuer les pratiques d&rsquo;engagement et d&rsquo;investissement des gestionnaires d&rsquo;actifs aurpr\u00e8s des entreprises des \u00e9nergies fossiles. Nous pr\u00e9senterons les derni\u00e8res publications de Reclaim Finance sur le sujet, y compris notre analyse des pratiques d&rsquo;engagement et de vote de 30 grands gestionnaires d&rsquo;actifs. Ellen Quigley, chercheuse sp\u00e9cialis\u00e9e sur le sujet, pr\u00e9sentera les principales conclusions de sa r\u00e9cente publication sur l&rsquo;engagement actionnarial en faveur du climat et les leviers d&rsquo;action pour favoriser la transformation des entreprises.<\/span><\/p>\n<\/div><div class=\"fusion-text fusion-text-3\" style=\"--awb-content-alignment:justify;\"><p>Ce webinaire est \u00e0 destination des acteurs financiers. Si vous souhaitez voir le replay, vous pouvez contacter Agathe Masson, Charg\u00e9e de campagne engagement actionnarial, \u00e0 l&rsquo;adresse mail suivante :<span style=\"text-decoration: underline;\"><a href=\"mailto:agathe@reclaimfinance.org\"> agathe@reclaimfinance.org<\/a><\/span><\/p>\n<\/div><\/div><\/div><\/div><\/div><div class=\"fusion-fullwidth fullwidth-box fusion-builder-row-2 fusion-flex-container has-pattern-background has-mask-background nonhundred-percent-fullwidth non-hundred-percent-height-scrolling\" style=\"--awb-border-radius-top-left:0px;--awb-border-radius-top-right:0px;--awb-border-radius-bottom-right:0px;--awb-border-radius-bottom-left:0px;--awb-flex-wrap:wrap;\" ><div class=\"fusion-builder-row fusion-row fusion-flex-align-items-flex-start fusion-flex-content-wrap\" style=\"max-width:1216.8px;margin-left: calc(-4% \/ 2 );margin-right: calc(-4% \/ 2 );\"><div class=\"fusion-layout-column fusion_builder_column fusion-builder-column-2 fusion_builder_column_1_1 1_1 fusion-flex-column\" style=\"--awb-bg-size:cover;--awb-width-large:100%;--awb-margin-top-large:0px;--awb-spacing-right-large:1.92%;--awb-margin-bottom-large:20px;--awb-spacing-left-large:1.92%;--awb-width-medium:100%;--awb-order-medium:0;--awb-spacing-right-medium:1.92%;--awb-spacing-left-medium:1.92%;--awb-width-small:100%;--awb-order-small:0;--awb-spacing-right-small:1.92%;--awb-spacing-left-small:1.92%;\"><div class=\"fusion-column-wrapper fusion-column-has-shadow fusion-flex-justify-content-flex-start fusion-content-layout-column\"><div class=\"fusion-title title fusion-title-2 fusion-title-text fusion-title-size-three\" style=\"--awb-margin-bottom:20px;\"><div class=\"title-sep-container title-sep-container-left fusion-no-large-visibility fusion-no-medium-visibility fusion-no-small-visibility\"><div class=\"title-sep sep- sep-solid\" style=\"border-color:#3e3e3e;\"><\/div><\/div><span class=\"awb-title-spacer fusion-no-large-visibility fusion-no-medium-visibility fusion-no-small-visibility\"><\/span><h3 class=\"fusion-title-heading title-heading-left fusion-responsive-typography-calculated\" style=\"margin:0;text-transform:uppercase;--fontSize:24;line-height:1.5;\">Nos autres webinars<\/h3><span class=\"awb-title-spacer\"><\/span><div class=\"title-sep-container title-sep-container-right\"><div class=\"title-sep sep- sep-solid\" style=\"border-color:#3e3e3e;\"><\/div><\/div><\/div><div class=\"fusion-separator\" style=\"align-self: flex-start;margin-right:auto;margin-bottom:20px;width:100%;max-width:100px;\"><div class=\"fusion-separator-border sep-single sep-solid\" style=\"--awb-height:20px;--awb-amount:20px;--awb-sep-color:var(--awb-custom11);border-color:var(--awb-custom11);border-top-width:10px;\"><\/div><\/div><div class=\"fusion-blog-shortcode fusion-blog-shortcode-1 fusion-blog-archive fusion-blog-layout-grid-wrapper fusion-blog-no\"><style type=\"text\/css\">.fusion-blog-shortcode-1 .fusion-blog-layout-grid .fusion-post-grid{padding:15px;}.fusion-blog-shortcode-1 .fusion-posts-container{margin-left: -15px !important; margin-right:-15px !important;}<\/style><div class=\"fusion-posts-container fusion-posts-container-no fusion-blog-rollover fusion-blog-layout-grid fusion-blog-layout-grid-3 isotope fusion-blog-equal-heights\" data-pages=\"9\" data-grid-col-space=\"30\" style=\"margin: -15px -15px 0;min-height:500px;\"><article id=\"blog-1-post-35994\" class=\"fusion-post-grid post-35994 post type-post status-publish format-standard has-post-thumbnail hentry category-webinaire thematique-finance-durable webinar_type-recommandations\">\n<div class=\"fusion-post-wrapper\" style=\"background-color:rgba(255,255,255,0);border:1px solid #2a2b3d;border-bottom-width:3px;\">\n\n\t\t\t<div class=\"fusion-flexslider flexslider fusion-flexslider-loading fusion-post-slideshow\" style=\"border-color:#2a2b3d;\">\n\t\t<ul class=\"slides\">\n\t\t\t\n\t\t\t\t\t\t\t\t\t\t\t\t\t\t<li><div  class=\"fusion-image-wrapper\" aria-haspopup=\"true\">\n\t\t\t\t<img decoding=\"async\" width=\"1920\" height=\"1080\" src=\"https:\/\/reclaimfinance.org\/site\/wp-content\/uploads\/2025\/03\/Untitled-design.png\" class=\"attachment-full size-full wp-post-image\" alt=\"\" srcset=\"https:\/\/reclaimfinance.org\/site\/wp-content\/uploads\/2025\/03\/Untitled-design-200x113.png 200w, https:\/\/reclaimfinance.org\/site\/wp-content\/uploads\/2025\/03\/Untitled-design-400x225.png 400w, https:\/\/reclaimfinance.org\/site\/wp-content\/uploads\/2025\/03\/Untitled-design-600x338.png 600w, https:\/\/reclaimfinance.org\/site\/wp-content\/uploads\/2025\/03\/Untitled-design-800x450.png 800w, https:\/\/reclaimfinance.org\/site\/wp-content\/uploads\/2025\/03\/Untitled-design-1200x675.png 1200w, https:\/\/reclaimfinance.org\/site\/wp-content\/uploads\/2025\/03\/Untitled-design.png 1920w\" sizes=\"(min-width: 2200px) 100vw, (min-width: 784px) 370px, (min-width: 712px) 555px, (min-width: 640px) 712px, \" \/><div class=\"fusion-rollover\">\n\t<div class=\"fusion-rollover-content\">\n\n\t\t\t\t\n\t\t\n\t\t\t\t\t\t\t\t\n\t\t\t\t\t\t\t\t\n\t\t\n\t\t\t\t\t\t<a class=\"fusion-link-wrapper\" href=\"https:\/\/reclaimfinance.org\/site\/2025\/03\/18\/limiter-limpact-climatique-de-lepargne-salariale\/\" aria-label=\"Limiter l&rsquo;impact climatique de l&rsquo;\u00e9pargne salariale\"><\/a>\n\t<\/div>\n<\/div>\n<\/div>\n<\/li>\n\t\t\t\n\t\t\t\n\t\t\t\t\t\t\t\t<\/ul>\n\t<\/div>\n\t<div class=\"fusion-post-content-wrapper\" style=\"padding:30px 25px 20px 25px;\"><div class=\"fusion-post-content post-content\"><h4 class=\"blog-shortcode-post-title entry-title\"><a href=\"https:\/\/reclaimfinance.org\/site\/2025\/03\/18\/limiter-limpact-climatique-de-lepargne-salariale\/\">Limiter l&rsquo;impact climatique de l&rsquo;\u00e9pargne salariale<\/a><\/h4><p class=\"fusion-single-line-meta\"><span class=\"vcard\" style=\"display: none;\"><span class=\"fn\"><a href=\"https:\/\/reclaimfinance.org\/site\/author\/jsa\/\" title=\"Articles par Julie Sansoucy\" rel=\"author\">Julie Sansoucy<\/a><\/span><\/span><span class=\"updated\" style=\"display:none;\">2025-04-14T17:23:52+02:00<\/span><span>18\/03\/2025<\/span><span class=\"fusion-inline-sep\">|<\/span><\/p><\/div><\/div><div class=\"fusion-clearfix\"><\/div><\/div>\n<\/article>\n<article id=\"blog-1-post-35674\" class=\"fusion-post-grid post-35674 post type-post status-publish format-standard has-post-thumbnail hentry category-webinaire webinar_type-recommandations\">\n<div class=\"fusion-post-wrapper\" style=\"background-color:rgba(255,255,255,0);border:1px solid #2a2b3d;border-bottom-width:3px;\">\n\n\t\t\t<div class=\"fusion-flexslider flexslider fusion-flexslider-loading fusion-post-slideshow\" style=\"border-color:#2a2b3d;\">\n\t\t<ul class=\"slides\">\n\t\t\t\n\t\t\t\t\t\t\t\t\t\t\t\t\t\t<li><div  class=\"fusion-image-wrapper\" aria-haspopup=\"true\">\n\t\t\t\t<img decoding=\"async\" width=\"1920\" height=\"1080\" src=\"https:\/\/reclaimfinance.org\/site\/wp-content\/uploads\/2025\/02\/Met_coal_expansion_Feb25_webinar_invitation1.jpg\" class=\"attachment-full size-full wp-post-image\" alt=\"\" srcset=\"https:\/\/reclaimfinance.org\/site\/wp-content\/uploads\/2025\/02\/Met_coal_expansion_Feb25_webinar_invitation1-200x113.jpg 200w, https:\/\/reclaimfinance.org\/site\/wp-content\/uploads\/2025\/02\/Met_coal_expansion_Feb25_webinar_invitation1-400x225.jpg 400w, https:\/\/reclaimfinance.org\/site\/wp-content\/uploads\/2025\/02\/Met_coal_expansion_Feb25_webinar_invitation1-600x338.jpg 600w, https:\/\/reclaimfinance.org\/site\/wp-content\/uploads\/2025\/02\/Met_coal_expansion_Feb25_webinar_invitation1-800x450.jpg 800w, https:\/\/reclaimfinance.org\/site\/wp-content\/uploads\/2025\/02\/Met_coal_expansion_Feb25_webinar_invitation1-1200x675.jpg 1200w, https:\/\/reclaimfinance.org\/site\/wp-content\/uploads\/2025\/02\/Met_coal_expansion_Feb25_webinar_invitation1.jpg 1920w\" sizes=\"(min-width: 2200px) 100vw, (min-width: 784px) 370px, (min-width: 712px) 555px, (min-width: 640px) 712px, \" \/><div class=\"fusion-rollover\">\n\t<div class=\"fusion-rollover-content\">\n\n\t\t\t\t\n\t\t\n\t\t\t\t\t\t\t\t\n\t\t\t\t\t\t\t\t\n\t\t\n\t\t\t\t\t\t<a class=\"fusion-link-wrapper\" href=\"https:\/\/reclaimfinance.org\/site\/2025\/02\/07\/comprendre-et-lutter-contre-lexpansion-du-charbon-metallurgique\/\" aria-label=\"Comprendre et lutter contre l&rsquo;expansion du charbon m\u00e9tallurgique\"><\/a>\n\t<\/div>\n<\/div>\n<\/div>\n<\/li>\n\t\t\t\n\t\t\t\n\t\t\t\t\t\t\t\t<\/ul>\n\t<\/div>\n\t<div class=\"fusion-post-content-wrapper\" style=\"padding:30px 25px 20px 25px;\"><div class=\"fusion-post-content post-content\"><h4 class=\"blog-shortcode-post-title entry-title\"><a href=\"https:\/\/reclaimfinance.org\/site\/2025\/02\/07\/comprendre-et-lutter-contre-lexpansion-du-charbon-metallurgique\/\">Comprendre et lutter contre l&rsquo;expansion du charbon m\u00e9tallurgique<\/a><\/h4><p class=\"fusion-single-line-meta\"><span class=\"vcard\" style=\"display: none;\"><span class=\"fn\"><a href=\"https:\/\/reclaimfinance.org\/site\/author\/lma\/\" title=\"Articles par L\u00e9o Martin\" rel=\"author\">L\u00e9o Martin<\/a><\/span><\/span><span class=\"updated\" style=\"display:none;\">2025-03-17T17:06:16+01:00<\/span><span>07\/02\/2025<\/span><span class=\"fusion-inline-sep\">|<\/span><\/p><\/div><\/div><div class=\"fusion-clearfix\"><\/div><\/div>\n<\/article>\n<article id=\"blog-1-post-35477\" class=\"fusion-post-grid post-35477 post type-post status-publish format-standard has-post-thumbnail hentry category-webinaire tag-1-5c-fr tag-1-5c-pathway-fr tag-2030-targets-fr tag-accord-de-paris tag-acpr tag-acteurs-publics tag-actifs tag-actionnaire tag-actionnaires tag-afrique-de-lest tag-ag-en-fr tag-ag2r-la-mondiale-fr tag-agence-de-credit-a-lexportation-eca tag-aie tag-agm-fr tag-airport-fr tag-albioma tag-alliances tag-allianz tag-amazonie tag-amf tag-amundi tag-shareholders-general-assembly-fr tag-annual-letter-fr tag-aoa-target-setting-protocol-fr tag-arctic-fr tag-artic-fr tag-article-173 tag-article-29 tag-asia-fr tag-assemblee-generale tag-assemblee-generale-actionnaires tag-assemblee-generales tag-asset-manager-fr tag-asset-managers-fr tag-asset-owner-fr tag-asset-owner-alliance-fr tag-assurance tag-assurance-vie tag-assureur tag-assureurs tag-autorite-de-controle-prudentiel-et-de-resolution-acpr tag-autorite-des-marches-financiers-amf tag-aviation tag-aviva-fr tag-axa tag-axa-im-fr tag-bank-fr tag-bank-of-china-fr tag-bank-of-england-fr tag-banque-de-france-en-fr tag-banking-on-climate-change tag-banks-en-fr tag-banque tag-bce tag-banque-dangleterre tag-banque-de-france tag-banque-postale tag-banque-verte tag-banques tag-banques-centrales tag-banques-francaises tag-barclays tag-benchmark-fr tag-benefice tag-bilan tag-biodiversite tag-biodiversity-fr tag-biomass-fr tag-biomasse tag-blackrock tag-bloomberg-fr tag-bnp tag-bnp-paribas-fr tag-bond-market-fr tag-bonds-fr tag-bonnafe tag-bp-fr tag-bpce tag-brazil-en-fr tag-bresil-en-fr tag-british-banks-fr tag-bruno-le-maire tag-bundesbank-fr tag-cac40 tag-cacib tag-canada tag-candidat tag-capital-requirement-fr tag-carbon-fr tag-carbon-budget-fr tag-carbon-capture-fr tag-carbon-market-fr tag-carbon-neutral-fr tag-carbon-neutrality-fr tag-carbon-storage-fr tag-carney-fr tag-central-bank-fr tag-central-banks-fr tag-centrale tag-centrales-a-charbon tag-change-finance-fr tag-changement-climatique tag-charbon-en-fr tag-charbon-metallurgique tag-charbon-thermique tag-china-fr tag-chine tag-chubb-en-fr tag-cible-de-decarbonation tag-citi-fr tag-city-of-london-fr tag-climat tag-climate-fr tag-climate-action-fr tag-climate-benchmark-fr tag-climate-change-fr tag-climate-crisis-fr tag-climate-finance-day tag-climate-index-fr tag-climate-plan-fr tag-climate-pledges-fr tag-climate-resolution-fr tag-climate-roadmap-fr tag-climate-scenarios-fr tag-climate-strategy-fr tag-climate-washing-fr tag-cnp-assurances tag-co2-fr tag-coal-fr tag-coal-exclusion-fr tag-coal-exit-plan-fr tag-coal-expansion-fr tag-coal-phase-out-fr tag-coal-plant-fr tag-coal-plant-developers-fr tag-coal-policy-fr tag-coal-policy-tool tag-coal-power-plant-fr tag-coal-project-fr tag-combustibles tag-comite-de-bale tag-comite-scientifique-et-dexpertise tag-comitment-fr tag-commission-europeenne tag-commitments-fr tag-consultation-fr tag-conversion tag-convex-fr tag-cop26-fr tag-coree tag-coronavirus tag-corporate-bond-purchase-scheme-cbps-fr tag-corporate-europe-observatory-fr tag-credit-agricole tag-credit-suisse tag-crise-financiere tag-decarbonization-fr tag-decarbonization-target-fr tag-deforestation tag-desinvestissement tag-deutsche-bank-fr tag-divestment-en-fr tag-double-materialite tag-droits-humains tag-eacop-fr tag-east-africa-fr tag-ecb-fr tag-ecolabel-fr tag-elections-2022 tag-emission-targets-fr tag-emissions tag-methane tag-enel tag-energies-fossiles-en-fr tag-energy-fr tag-energy-sector-fr tag-energy-transition tag-engagemen tag-engagement-fr tag-engagements-climatiques tag-engie-fr tag-eni tag-environment-fr tag-epargne tag-equinor tag-esg tag-etf-fr tag-etoile tag-eu-fr tag-eurizon-fr tag-eurogroup tag-europe tag-european-central-bank-ecb-fr tag-european-commission-fr tag-european-union-fr tag-europlace tag-exclusion tag-exclusion-sector-policy-fr tag-expansion tag-exxonmobil-fr tag-finance tag-finance-crisis-fr tag-finance-durable tag-finance-for-tomorrow tag-finance-fossile tag-financial-actors-fr tag-financial-crisis-fr tag-financial-institutions-fr tag-financial-stability-fr tag-fire-fr tag-arctique tag-fortum-fr tag-fossil-fuel-fr tag-fossil-fuel-expansion-fr tag-fossil-fuels-fr tag-fracking-fr tag-france-fr tag-french-government-fr tag-g20-fr tag-gas-fr tag-gaz tag-gaz-a-effet-de-serre tag-gaz-de-schiste tag-gaz-naturel-fr tag-gnl tag-gaz-petrole-non-conventionnel tag-gazprom-fr tag-gcel-fr tag-general-meeting-fr tag-general-meetings-fr tag-generali-fr tag-gestion-passive tag-gestionnaires-dactifs tag-gfanz-fr tag-glasgow-fr tag-global-coal-exit-list-gcel-fr tag-gouvernement tag-governement-fr tag-green-bank-fr tag-green-bond-fr tag-green-bonds-fr tag-green-central-banking-scorecard-fr tag-green-index-fr tag-green-recovery-fr tag-green-solidarity tag-greenhouse-gas-fr tag-greenwashing tag-hsbc-fr tag-human-rights-fr tag-hydrocarburesg tag-iae-fr tag-iigcc-fr tag-impact-investing-fr tag-index-management-fr tag-indices tag-infrastructures-fr tag-insurance tag-insure-our-future-en-fr tag-insurers-fr tag-international-energy-agency-fr tag-intesa-sanpaolo-fr tag-investisseurs tag-investments-fr tag-investors tag-ipcc-fr tag-italian-bank-fr tag-jackson-hole-summit-fr tag-japan-fr tag-japon tag-jean-jacques-barberis tag-jp-morgan-fr tag-jp-morgan-chase tag-la-banque-postale tag-larry-fink tag-legalandgeneral-fr tag-legislation-fr tag-lettre tag-liberty-mutual-fr tag-liquefied-natural-gas-lng-fr tag-lloyds-fr tag-lobbying tag-loi tag-lyxor tag-macif tag-maine tag-major-fr tag-mapfre-en-fr tag-marche-primaire tag-meeschaert tag-methane-emissions-fr tag-mining-fr tag-mizuho-fr tag-monetary-policy-fr tag-mufg-fr tag-munich-re-fr tag-nation-unis tag-nations-unies tag-natixis tag-natwest-fr tag-net-zero-fr tag-net-zero-asset-manager-initiative-fr tag-net-zero-by-2050-fr tag-net-zero-insurance-alliance-fr tag-net-zero-asset-owner-alliance-fr tag-net-zero-banking-alliance-fr tag-ngfs-en-fr tag-netzero-fr tag-neutralite-carbone tag-new-policy-fr tag-newsletter tag-newsletter-en-fr tag-ngfs tag-ngsf-fr tag-non-conventionnel tag-nouvelle-politique tag-nucleaire tag-nuclear-fr tag-nzam tag-nzaoa-en-fr tag-nze-fr tag-nzia tag-obligataire tag-obligations tag-observatoire-de-la-finance-durable tag-offsetting-fr tag-offshore tag-ofi-am-fr tag-ogpt tag-oil-fr tag-oil-and-gas-fr tag-oil-and-gas-expansion-fr tag-oil-and-gas-policy-tracker-fr tag-oil-change-international-fr tag-oleoduc-petrolier tag-olympics-fr tag-options-for-greening-fr tag-ostrum tag-outre-mer tag-paris tag-paris-agreement-fr tag-paris-aligned-investment-initiative-paii-fr tag-passer-au-crible tag-passive-management-fr tag-pemex-fr tag-pension-funds-fr tag-petition-fr tag-petro-gazier tag-petro-gaziere tag-petrol-et-gaz tag-petrole tag-petrole-et-gas tag-petrole-et-gaz tag-petrole-et-gaz-non-conventionnels tag-pge-fr tag-phase-out-fr tag-pipeline-fr tag-place-de-paris tag-place-financiere-de-paris tag-plan-climat tag-plan-de-transition tag-policies-fr tag-policy-fr tag-politique tag-politique-charbon tag-politique-climat tag-politique-monetaire tag-politique-prudentielle tag-politique-sectorielle tag-pollution-en-fr tag-power-generation-fr tag-power-plants-fr tag-powering-past-coal-alliance-ppca-fr tag-pri tag-primary-market-fr tag-principles-for-responsible-investment tag-proces tag-promesse tag-propositions-presidentielles tag-prudential-regulation-fr tag-public-fr tag-quantitative-easing-fr tag-race-to-zero-fr tag-rapport tag-rechauffement-climatique tag-reclaim-en-fr tag-record tag-red-line-fr tag-regulateurs tag-regulation tag-regulators-fr tag-relance-verte tag-renewables-fr tag-reponse tag-report-fr tag-reporting-extra-financier tag-repsol tag-resolution tag-resolution-climat tag-resolution-climatique tag-risky-methods-of-extraction-fr tag-rothschild-co tag-russia-fr tag-russie tag-rwe tag-sables-bitumineux tag-savings-fr tag-say-on-climate-fr tag-sbti-fr tag-scan-de-la-finance-fossile tag-scenario tag-scenario-climatique tag-scenarios tag-schiste tag-science-based-targets-fr tag-scientific-committee-of-the-paris-financial-center-fr tag-scor tag-scorecard-fr tag-scrutiny-fr tag-shale-gas-fr tag-share-holders-fr tag-shareholders-fr tag-shell-fr tag-smbc-fr tag-societe-generale tag-soja tag-sortie tag-sortie-charbon tag-sortie-des-energies-fossiles tag-sortir-des-energies-fossiles tag-sortir-du-charbon tag-soy-en-fr tag-standard-chartered-fr tag-star-fr tag-stopeacop-alliance-fr tag-subsidies-fr tag-subventions tag-sustainability-fr tag-sustainable-finance-strategy-fr tag-swiss-re tag-tar-sands-fr tag-task-force-on-climate-related-financial-risks-tfcr-en-fr tag-taxonomie tag-taxonomie-durable tag-taxonomy-fr tag-tokio-marine-fr tag-total tag-total-se tag-totalenergies-fr tag-tracker-en-fr tag-traders tag-traites-de-reassurance tag-trans-mountain-pipeline-fr tag-transition-fr tag-transition-energetique tag-transition-pathway-fr tag-transition-pathway-initiative-fr tag-transparency-fr tag-trial-fr tag-ubs-fr tag-ue tag-uk-fr tag-ultra-deep-water-fr tag-ultradeep-offshore-drilling-fr tag-unconventional-oil-and-gas-fr tag-unep-fi-fr tag-unicredit-fr tag-union-europeenne tag-uniper tag-united-nations-fr tag-unpri-fr tag-us-fr tag-utilitiy-fr tag-vanguard-fr tag-vote tag-votes tag-voting-fr tag-weo-fr tag-world-energy-outlook tag-world-energy-outlook-2021-fr acteurs_financiers-detenteurs-dactifs thematique-charbon-fr-fr thematique-charbon-metallurgique thematique-deforestation thematique-energies-fossiles thematique-energies-renouvelables-fr thematique-finance thematique-finance-durable thematique-gaz-fr thematique-metallurgical-coal-fr thematique-petrole-fr thematique-petrole-et-gaz webinar_type-recommandations\">\n<div class=\"fusion-post-wrapper\" style=\"background-color:rgba(255,255,255,0);border:1px solid #2a2b3d;border-bottom-width:3px;\">\n\n\t\t\t<div class=\"fusion-flexslider flexslider fusion-flexslider-loading fusion-post-slideshow\" style=\"border-color:#2a2b3d;\">\n\t\t<ul class=\"slides\">\n\t\t\t\n\t\t\t\t\t\t\t\t\t\t\t\t\t\t<li><div  class=\"fusion-image-wrapper\" aria-haspopup=\"true\">\n\t\t\t\t<img decoding=\"async\" width=\"2400\" height=\"1350\" src=\"https:\/\/reclaimfinance.org\/site\/wp-content\/uploads\/2023\/10\/Asset-owner-webinar-2025.jpg\" class=\"attachment-full size-full wp-post-image\" alt=\"\" srcset=\"https:\/\/reclaimfinance.org\/site\/wp-content\/uploads\/2023\/10\/Asset-owner-webinar-2025-200x113.jpg 200w, https:\/\/reclaimfinance.org\/site\/wp-content\/uploads\/2023\/10\/Asset-owner-webinar-2025-400x225.jpg 400w, https:\/\/reclaimfinance.org\/site\/wp-content\/uploads\/2023\/10\/Asset-owner-webinar-2025-600x338.jpg 600w, https:\/\/reclaimfinance.org\/site\/wp-content\/uploads\/2023\/10\/Asset-owner-webinar-2025-800x450.jpg 800w, https:\/\/reclaimfinance.org\/site\/wp-content\/uploads\/2023\/10\/Asset-owner-webinar-2025-1200x675.jpg 1200w, https:\/\/reclaimfinance.org\/site\/wp-content\/uploads\/2023\/10\/Asset-owner-webinar-2025.jpg 2400w\" sizes=\"(min-width: 2200px) 100vw, (min-width: 784px) 370px, (min-width: 712px) 555px, (min-width: 640px) 712px, \" \/><div class=\"fusion-rollover\">\n\t<div class=\"fusion-rollover-content\">\n\n\t\t\t\t\n\t\t\n\t\t\t\t\t\t\t\t\n\t\t\t\t\t\t\t\t\n\t\t\n\t\t\t\t\t\t<a class=\"fusion-link-wrapper\" href=\"https:\/\/reclaimfinance.org\/site\/2025\/01\/21\/de-levaluation-a-laction\/\" aria-label=\"D\u00e9tenteurs d&rsquo;actifs: Comment am\u00e9liorer les pratiques climatiques des gestionnaires ?\"><\/a>\n\t<\/div>\n<\/div>\n<\/div>\n<\/li>\n\t\t\t\n\t\t\t\n\t\t\t\t\t\t\t\t<\/ul>\n\t<\/div>\n\t<div class=\"fusion-post-content-wrapper\" style=\"padding:30px 25px 20px 25px;\"><div class=\"fusion-post-content post-content\"><h4 class=\"blog-shortcode-post-title entry-title\"><a href=\"https:\/\/reclaimfinance.org\/site\/2025\/01\/21\/de-levaluation-a-laction\/\">D\u00e9tenteurs d&rsquo;actifs: Comment am\u00e9liorer les pratiques climatiques des gestionnaires ?<\/a><\/h4><p class=\"fusion-single-line-meta\"><span class=\"vcard\" style=\"display: none;\"><span class=\"fn\"><a href=\"https:\/\/reclaimfinance.org\/site\/author\/aman\/\" title=\"Articles par Aatira\u00ef Manickawasagar\" rel=\"author\">Aatira\u00ef Manickawasagar<\/a><\/span><\/span><span class=\"updated\" style=\"display:none;\">2025-02-10T16:52:09+01:00<\/span><span>21\/01\/2025<\/span><span class=\"fusion-inline-sep\">|<\/span><\/p><\/div><\/div><div class=\"fusion-clearfix\"><\/div><\/div>\n<\/article>\n<div class=\"fusion-clearfix\"><\/div><\/div><\/div><div style=\"text-align:right;\"><a class=\"fusion-button button-flat button-medium button-custom fusion-button-default button-1 fusion-button-default-span fusion-button-default-type\" style=\"--button_accent_color:var(--awb-color4);--button_border_color:var(--awb-color4);--button_accent_hover_color:#ffffff;--button_border_hover_color:var(--awb-color4);--button_border_width-top:2px;--button_border_width-right:2px;--button_border_width-bottom:2px;--button_border_width-left:2px;--button_gradient_top_color:rgba(138,197,107,0);--button_gradient_bottom_color:rgba(138,197,107,0);--button_gradient_top_color_hover:#8fc84c;--button_gradient_bottom_color_hover:#8fc84c;\" target=\"_self\" href=\"https:\/\/reclaimfinance.org\/site\/webinaires\/\"><span class=\"fusion-button-text\">Tous nos webinars<\/span><\/a><\/div><\/div><\/div><\/div><\/div><\/p>\n","protected":false},"excerpt":{"rendered":"","protected":false},"author":26,"featured_media":31422,"comment_status":"closed","ping_status":"open","sticky":false,"template":"","format":"standard","meta":{"footnotes":""},"categories":[2258],"tags":[],"acteurs_financiers":[2432],"thematique":[2415],"webinar_type":[3085],"programme":[],"class_list":["post-31410","post","type-post","status-publish","format-standard","has-post-thumbnail","hentry","category-webinaire","acteurs_financiers-gestionnaire-dactifs","thematique-energies-fossiles","webinar_type-recommandations"],"yoast_head":"<!-- This site is optimized with the Yoast SEO plugin v23.1 - https:\/\/yoast.com\/wordpress\/plugins\/seo\/ -->\n<title>Recommandations aux d\u00e9tenteurs d&#039;actifs : engager les gestionnaires d&#039;actifs sur le climat - Reclaim Finance<\/title>\n<meta name=\"description\" content=\"Nous pr\u00e9senterons aux d\u00e9tenteurs d&#039;actifs des outils pour \u00e9valuer les pratiques d&#039;engagement et d&#039;investissement des gestionnaires d&#039;actifs.\" \/>\n<meta name=\"robots\" content=\"index, follow, max-snippet:-1, max-image-preview:large, max-video-preview:-1\" \/>\n<link rel=\"canonical\" href=\"https:\/\/reclaimfinance.org\/site\/2024\/01\/24\/detenteurs-dactifs-engager-les-gestionnaires-dactifs-sur-le-climat\/\" \/>\n<meta property=\"og:locale\" content=\"fr_FR\" \/>\n<meta property=\"og:type\" content=\"article\" \/>\n<meta property=\"og:title\" content=\"Recommandations aux d\u00e9tenteurs d&#039;actifs : engager les gestionnaires d&#039;actifs sur le climat - Reclaim Finance\" \/>\n<meta property=\"og:description\" content=\"Nous pr\u00e9senterons aux d\u00e9tenteurs d&#039;actifs des outils pour \u00e9valuer les pratiques d&#039;engagement et d&#039;investissement des gestionnaires d&#039;actifs.\" \/>\n<meta property=\"og:url\" content=\"https:\/\/reclaimfinance.org\/site\/2024\/01\/24\/detenteurs-dactifs-engager-les-gestionnaires-dactifs-sur-le-climat\/\" \/>\n<meta property=\"og:site_name\" content=\"Reclaim Finance\" \/>\n<meta property=\"article:publisher\" content=\"https:\/\/www.facebook.com\/ReclaimFinanceONG\" \/>\n<meta property=\"article:published_time\" content=\"2024-01-24T16:47:16+00:00\" \/>\n<meta property=\"article:modified_time\" content=\"2025-08-27T10:15:30+00:00\" \/>\n<meta property=\"og:image\" content=\"https:\/\/reclaimfinance.org\/site\/wp-content\/uploads\/2024\/01\/Asset-owner-engagement-webinar.png\" \/>\n\t<meta property=\"og:image:width\" content=\"1920\" \/>\n\t<meta property=\"og:image:height\" content=\"1080\" \/>\n\t<meta property=\"og:image:type\" content=\"image\/png\" \/>\n<meta name=\"author\" content=\"L\u00e9o Martin\" \/>\n<meta name=\"twitter:card\" content=\"summary_large_image\" \/>\n<meta name=\"twitter:creator\" content=\"@ReclaimFinance\" \/>\n<meta name=\"twitter:site\" content=\"@ReclaimFinance\" \/>\n<meta name=\"twitter:label1\" content=\"\u00c9crit par\" \/>\n\t<meta name=\"twitter:data1\" content=\"L\u00e9o Martin\" \/>\n\t<meta name=\"twitter:label2\" content=\"Dur\u00e9e de lecture estim\u00e9e\" \/>\n\t<meta name=\"twitter:data2\" content=\"5 minutes\" \/>\n<script type=\"application\/ld+json\" class=\"yoast-schema-graph\">{\"@context\":\"https:\/\/schema.org\",\"@graph\":[{\"@type\":\"Article\",\"@id\":\"https:\/\/reclaimfinance.org\/site\/2024\/01\/24\/detenteurs-dactifs-engager-les-gestionnaires-dactifs-sur-le-climat\/#article\",\"isPartOf\":{\"@id\":\"https:\/\/reclaimfinance.org\/site\/2024\/01\/24\/detenteurs-dactifs-engager-les-gestionnaires-dactifs-sur-le-climat\/\"},\"author\":{\"name\":\"L\u00e9o Martin\",\"@id\":\"https:\/\/reclaimfinance.org\/site\/#\/schema\/person\/92f0f8d102e5e411f092871d8eeb3db1\"},\"headline\":\"Recommandations aux d\u00e9tenteurs d&rsquo;actifs : engager les gestionnaires d&rsquo;actifs sur le climat\",\"datePublished\":\"2024-01-24T16:47:16+00:00\",\"dateModified\":\"2025-08-27T10:15:30+00:00\",\"mainEntityOfPage\":{\"@id\":\"https:\/\/reclaimfinance.org\/site\/2024\/01\/24\/detenteurs-dactifs-engager-les-gestionnaires-dactifs-sur-le-climat\/\"},\"wordCount\":1783,\"publisher\":{\"@id\":\"https:\/\/reclaimfinance.org\/site\/#organization\"},\"image\":{\"@id\":\"https:\/\/reclaimfinance.org\/site\/2024\/01\/24\/detenteurs-dactifs-engager-les-gestionnaires-dactifs-sur-le-climat\/#primaryimage\"},\"thumbnailUrl\":\"https:\/\/reclaimfinance.org\/site\/wp-content\/uploads\/2024\/01\/Asset-owner-engagement-webinar.png\",\"articleSection\":[\"Webinaire\"],\"inLanguage\":\"fr-FR\"},{\"@type\":\"WebPage\",\"@id\":\"https:\/\/reclaimfinance.org\/site\/2024\/01\/24\/detenteurs-dactifs-engager-les-gestionnaires-dactifs-sur-le-climat\/\",\"url\":\"https:\/\/reclaimfinance.org\/site\/2024\/01\/24\/detenteurs-dactifs-engager-les-gestionnaires-dactifs-sur-le-climat\/\",\"name\":\"Recommandations aux d\u00e9tenteurs d'actifs : engager les gestionnaires d'actifs sur le climat - Reclaim Finance\",\"isPartOf\":{\"@id\":\"https:\/\/reclaimfinance.org\/site\/#website\"},\"primaryImageOfPage\":{\"@id\":\"https:\/\/reclaimfinance.org\/site\/2024\/01\/24\/detenteurs-dactifs-engager-les-gestionnaires-dactifs-sur-le-climat\/#primaryimage\"},\"image\":{\"@id\":\"https:\/\/reclaimfinance.org\/site\/2024\/01\/24\/detenteurs-dactifs-engager-les-gestionnaires-dactifs-sur-le-climat\/#primaryimage\"},\"thumbnailUrl\":\"https:\/\/reclaimfinance.org\/site\/wp-content\/uploads\/2024\/01\/Asset-owner-engagement-webinar.png\",\"datePublished\":\"2024-01-24T16:47:16+00:00\",\"dateModified\":\"2025-08-27T10:15:30+00:00\",\"description\":\"Nous pr\u00e9senterons aux d\u00e9tenteurs d'actifs des outils pour \u00e9valuer les pratiques d'engagement et d'investissement des gestionnaires d'actifs.\",\"breadcrumb\":{\"@id\":\"https:\/\/reclaimfinance.org\/site\/2024\/01\/24\/detenteurs-dactifs-engager-les-gestionnaires-dactifs-sur-le-climat\/#breadcrumb\"},\"inLanguage\":\"fr-FR\",\"potentialAction\":[{\"@type\":\"ReadAction\",\"target\":[\"https:\/\/reclaimfinance.org\/site\/2024\/01\/24\/detenteurs-dactifs-engager-les-gestionnaires-dactifs-sur-le-climat\/\"]}]},{\"@type\":\"ImageObject\",\"inLanguage\":\"fr-FR\",\"@id\":\"https:\/\/reclaimfinance.org\/site\/2024\/01\/24\/detenteurs-dactifs-engager-les-gestionnaires-dactifs-sur-le-climat\/#primaryimage\",\"url\":\"https:\/\/reclaimfinance.org\/site\/wp-content\/uploads\/2024\/01\/Asset-owner-engagement-webinar.png\",\"contentUrl\":\"https:\/\/reclaimfinance.org\/site\/wp-content\/uploads\/2024\/01\/Asset-owner-engagement-webinar.png\",\"width\":1920,\"height\":1080},{\"@type\":\"BreadcrumbList\",\"@id\":\"https:\/\/reclaimfinance.org\/site\/2024\/01\/24\/detenteurs-dactifs-engager-les-gestionnaires-dactifs-sur-le-climat\/#breadcrumb\",\"itemListElement\":[{\"@type\":\"ListItem\",\"position\":1,\"name\":\"Accueil\",\"item\":\"https:\/\/reclaimfinance.org\/site\/\"},{\"@type\":\"ListItem\",\"position\":2,\"name\":\"Recommandations aux d\u00e9tenteurs d&rsquo;actifs : engager les gestionnaires d&rsquo;actifs sur le climat\"}]},{\"@type\":\"WebSite\",\"@id\":\"https:\/\/reclaimfinance.org\/site\/#website\",\"url\":\"https:\/\/reclaimfinance.org\/site\/\",\"name\":\"Reclaim Finance\",\"description\":\"Reprendre le contr\u00f4le de la finance pour le climat et la biodiversit\u00e9\",\"publisher\":{\"@id\":\"https:\/\/reclaimfinance.org\/site\/#organization\"},\"potentialAction\":[{\"@type\":\"SearchAction\",\"target\":{\"@type\":\"EntryPoint\",\"urlTemplate\":\"https:\/\/reclaimfinance.org\/site\/?s={search_term_string}\"},\"query-input\":\"required name=search_term_string\"}],\"inLanguage\":\"fr-FR\"},{\"@type\":\"Organization\",\"@id\":\"https:\/\/reclaimfinance.org\/site\/#organization\",\"name\":\"Reclaim Finance\",\"url\":\"https:\/\/reclaimfinance.org\/site\/\",\"logo\":{\"@type\":\"ImageObject\",\"inLanguage\":\"fr-FR\",\"@id\":\"https:\/\/reclaimfinance.org\/site\/#\/schema\/logo\/image\/\",\"url\":\"https:\/\/reclaimfinance.org\/site\/wp-content\/uploads\/2020\/03\/logo_RC_space.png\",\"contentUrl\":\"https:\/\/reclaimfinance.org\/site\/wp-content\/uploads\/2020\/03\/logo_RC_space.png\",\"width\":800,\"height\":800,\"caption\":\"Reclaim Finance\"},\"image\":{\"@id\":\"https:\/\/reclaimfinance.org\/site\/#\/schema\/logo\/image\/\"},\"sameAs\":[\"https:\/\/www.facebook.com\/ReclaimFinanceONG\",\"https:\/\/x.com\/ReclaimFinance\",\"https:\/\/www.instagram.com\/reclaimfinance\/\",\"https:\/\/www.linkedin.com\/company\/reclaim-finance-ong-think-tank\"]},{\"@type\":\"Person\",\"@id\":\"https:\/\/reclaimfinance.org\/site\/#\/schema\/person\/92f0f8d102e5e411f092871d8eeb3db1\",\"name\":\"L\u00e9o Martin\",\"image\":{\"@type\":\"ImageObject\",\"inLanguage\":\"fr-FR\",\"@id\":\"https:\/\/reclaimfinance.org\/site\/#\/schema\/person\/image\/\",\"url\":\"https:\/\/secure.gravatar.com\/avatar\/cebd89becb7f7185483789d7f51a21cb?s=96&d=mm&r=g\",\"contentUrl\":\"https:\/\/secure.gravatar.com\/avatar\/cebd89becb7f7185483789d7f51a21cb?s=96&d=mm&r=g\",\"caption\":\"L\u00e9o Martin\"},\"url\":\"https:\/\/reclaimfinance.org\/site\/author\/lma\/\"}]}<\/script>\n<!-- \/ Yoast SEO plugin. -->","yoast_head_json":{"title":"Recommandations aux d\u00e9tenteurs d'actifs : engager les gestionnaires d'actifs sur le climat - Reclaim Finance","description":"Nous pr\u00e9senterons aux d\u00e9tenteurs d'actifs des outils pour \u00e9valuer les pratiques d'engagement et d'investissement des gestionnaires d'actifs.","robots":{"index":"index","follow":"follow","max-snippet":"max-snippet:-1","max-image-preview":"max-image-preview:large","max-video-preview":"max-video-preview:-1"},"canonical":"https:\/\/reclaimfinance.org\/site\/2024\/01\/24\/detenteurs-dactifs-engager-les-gestionnaires-dactifs-sur-le-climat\/","og_locale":"fr_FR","og_type":"article","og_title":"Recommandations aux d\u00e9tenteurs d'actifs : engager les gestionnaires d'actifs sur le climat - Reclaim Finance","og_description":"Nous pr\u00e9senterons aux d\u00e9tenteurs d'actifs des outils pour \u00e9valuer les pratiques d'engagement et d'investissement des gestionnaires d'actifs.","og_url":"https:\/\/reclaimfinance.org\/site\/2024\/01\/24\/detenteurs-dactifs-engager-les-gestionnaires-dactifs-sur-le-climat\/","og_site_name":"Reclaim Finance","article_publisher":"https:\/\/www.facebook.com\/ReclaimFinanceONG","article_published_time":"2024-01-24T16:47:16+00:00","article_modified_time":"2025-08-27T10:15:30+00:00","og_image":[{"width":1920,"height":1080,"url":"https:\/\/reclaimfinance.org\/site\/wp-content\/uploads\/2024\/01\/Asset-owner-engagement-webinar.png","type":"image\/png"}],"author":"L\u00e9o Martin","twitter_card":"summary_large_image","twitter_creator":"@ReclaimFinance","twitter_site":"@ReclaimFinance","twitter_misc":{"\u00c9crit par":"L\u00e9o Martin","Dur\u00e9e de lecture estim\u00e9e":"5 minutes"},"schema":{"@context":"https:\/\/schema.org","@graph":[{"@type":"Article","@id":"https:\/\/reclaimfinance.org\/site\/2024\/01\/24\/detenteurs-dactifs-engager-les-gestionnaires-dactifs-sur-le-climat\/#article","isPartOf":{"@id":"https:\/\/reclaimfinance.org\/site\/2024\/01\/24\/detenteurs-dactifs-engager-les-gestionnaires-dactifs-sur-le-climat\/"},"author":{"name":"L\u00e9o Martin","@id":"https:\/\/reclaimfinance.org\/site\/#\/schema\/person\/92f0f8d102e5e411f092871d8eeb3db1"},"headline":"Recommandations aux d\u00e9tenteurs d&rsquo;actifs : engager les gestionnaires d&rsquo;actifs sur le climat","datePublished":"2024-01-24T16:47:16+00:00","dateModified":"2025-08-27T10:15:30+00:00","mainEntityOfPage":{"@id":"https:\/\/reclaimfinance.org\/site\/2024\/01\/24\/detenteurs-dactifs-engager-les-gestionnaires-dactifs-sur-le-climat\/"},"wordCount":1783,"publisher":{"@id":"https:\/\/reclaimfinance.org\/site\/#organization"},"image":{"@id":"https:\/\/reclaimfinance.org\/site\/2024\/01\/24\/detenteurs-dactifs-engager-les-gestionnaires-dactifs-sur-le-climat\/#primaryimage"},"thumbnailUrl":"https:\/\/reclaimfinance.org\/site\/wp-content\/uploads\/2024\/01\/Asset-owner-engagement-webinar.png","articleSection":["Webinaire"],"inLanguage":"fr-FR"},{"@type":"WebPage","@id":"https:\/\/reclaimfinance.org\/site\/2024\/01\/24\/detenteurs-dactifs-engager-les-gestionnaires-dactifs-sur-le-climat\/","url":"https:\/\/reclaimfinance.org\/site\/2024\/01\/24\/detenteurs-dactifs-engager-les-gestionnaires-dactifs-sur-le-climat\/","name":"Recommandations aux d\u00e9tenteurs d'actifs : engager les gestionnaires d'actifs sur le climat - Reclaim Finance","isPartOf":{"@id":"https:\/\/reclaimfinance.org\/site\/#website"},"primaryImageOfPage":{"@id":"https:\/\/reclaimfinance.org\/site\/2024\/01\/24\/detenteurs-dactifs-engager-les-gestionnaires-dactifs-sur-le-climat\/#primaryimage"},"image":{"@id":"https:\/\/reclaimfinance.org\/site\/2024\/01\/24\/detenteurs-dactifs-engager-les-gestionnaires-dactifs-sur-le-climat\/#primaryimage"},"thumbnailUrl":"https:\/\/reclaimfinance.org\/site\/wp-content\/uploads\/2024\/01\/Asset-owner-engagement-webinar.png","datePublished":"2024-01-24T16:47:16+00:00","dateModified":"2025-08-27T10:15:30+00:00","description":"Nous pr\u00e9senterons aux d\u00e9tenteurs d'actifs des outils pour \u00e9valuer les pratiques d'engagement et d'investissement des gestionnaires d'actifs.","breadcrumb":{"@id":"https:\/\/reclaimfinance.org\/site\/2024\/01\/24\/detenteurs-dactifs-engager-les-gestionnaires-dactifs-sur-le-climat\/#breadcrumb"},"inLanguage":"fr-FR","potentialAction":[{"@type":"ReadAction","target":["https:\/\/reclaimfinance.org\/site\/2024\/01\/24\/detenteurs-dactifs-engager-les-gestionnaires-dactifs-sur-le-climat\/"]}]},{"@type":"ImageObject","inLanguage":"fr-FR","@id":"https:\/\/reclaimfinance.org\/site\/2024\/01\/24\/detenteurs-dactifs-engager-les-gestionnaires-dactifs-sur-le-climat\/#primaryimage","url":"https:\/\/reclaimfinance.org\/site\/wp-content\/uploads\/2024\/01\/Asset-owner-engagement-webinar.png","contentUrl":"https:\/\/reclaimfinance.org\/site\/wp-content\/uploads\/2024\/01\/Asset-owner-engagement-webinar.png","width":1920,"height":1080},{"@type":"BreadcrumbList","@id":"https:\/\/reclaimfinance.org\/site\/2024\/01\/24\/detenteurs-dactifs-engager-les-gestionnaires-dactifs-sur-le-climat\/#breadcrumb","itemListElement":[{"@type":"ListItem","position":1,"name":"Accueil","item":"https:\/\/reclaimfinance.org\/site\/"},{"@type":"ListItem","position":2,"name":"Recommandations aux d\u00e9tenteurs d&rsquo;actifs : engager les gestionnaires d&rsquo;actifs sur le climat"}]},{"@type":"WebSite","@id":"https:\/\/reclaimfinance.org\/site\/#website","url":"https:\/\/reclaimfinance.org\/site\/","name":"Reclaim Finance","description":"Reprendre le contr\u00f4le de la finance pour le climat et la biodiversit\u00e9","publisher":{"@id":"https:\/\/reclaimfinance.org\/site\/#organization"},"potentialAction":[{"@type":"SearchAction","target":{"@type":"EntryPoint","urlTemplate":"https:\/\/reclaimfinance.org\/site\/?s={search_term_string}"},"query-input":"required name=search_term_string"}],"inLanguage":"fr-FR"},{"@type":"Organization","@id":"https:\/\/reclaimfinance.org\/site\/#organization","name":"Reclaim Finance","url":"https:\/\/reclaimfinance.org\/site\/","logo":{"@type":"ImageObject","inLanguage":"fr-FR","@id":"https:\/\/reclaimfinance.org\/site\/#\/schema\/logo\/image\/","url":"https:\/\/reclaimfinance.org\/site\/wp-content\/uploads\/2020\/03\/logo_RC_space.png","contentUrl":"https:\/\/reclaimfinance.org\/site\/wp-content\/uploads\/2020\/03\/logo_RC_space.png","width":800,"height":800,"caption":"Reclaim Finance"},"image":{"@id":"https:\/\/reclaimfinance.org\/site\/#\/schema\/logo\/image\/"},"sameAs":["https:\/\/www.facebook.com\/ReclaimFinanceONG","https:\/\/x.com\/ReclaimFinance","https:\/\/www.instagram.com\/reclaimfinance\/","https:\/\/www.linkedin.com\/company\/reclaim-finance-ong-think-tank"]},{"@type":"Person","@id":"https:\/\/reclaimfinance.org\/site\/#\/schema\/person\/92f0f8d102e5e411f092871d8eeb3db1","name":"L\u00e9o Martin","image":{"@type":"ImageObject","inLanguage":"fr-FR","@id":"https:\/\/reclaimfinance.org\/site\/#\/schema\/person\/image\/","url":"https:\/\/secure.gravatar.com\/avatar\/cebd89becb7f7185483789d7f51a21cb?s=96&d=mm&r=g","contentUrl":"https:\/\/secure.gravatar.com\/avatar\/cebd89becb7f7185483789d7f51a21cb?s=96&d=mm&r=g","caption":"L\u00e9o Martin"},"url":"https:\/\/reclaimfinance.org\/site\/author\/lma\/"}]}},"_links":{"self":[{"href":"https:\/\/reclaimfinance.org\/site\/wp-json\/wp\/v2\/posts\/31410"}],"collection":[{"href":"https:\/\/reclaimfinance.org\/site\/wp-json\/wp\/v2\/posts"}],"about":[{"href":"https:\/\/reclaimfinance.org\/site\/wp-json\/wp\/v2\/types\/post"}],"author":[{"embeddable":true,"href":"https:\/\/reclaimfinance.org\/site\/wp-json\/wp\/v2\/users\/26"}],"replies":[{"embeddable":true,"href":"https:\/\/reclaimfinance.org\/site\/wp-json\/wp\/v2\/comments?post=31410"}],"version-history":[{"count":1,"href":"https:\/\/reclaimfinance.org\/site\/wp-json\/wp\/v2\/posts\/31410\/revisions"}],"predecessor-version":[{"id":37659,"href":"https:\/\/reclaimfinance.org\/site\/wp-json\/wp\/v2\/posts\/31410\/revisions\/37659"}],"wp:featuredmedia":[{"embeddable":true,"href":"https:\/\/reclaimfinance.org\/site\/wp-json\/wp\/v2\/media\/31422"}],"wp:attachment":[{"href":"https:\/\/reclaimfinance.org\/site\/wp-json\/wp\/v2\/media?parent=31410"}],"wp:term":[{"taxonomy":"category","embeddable":true,"href":"https:\/\/reclaimfinance.org\/site\/wp-json\/wp\/v2\/categories?post=31410"},{"taxonomy":"post_tag","embeddable":true,"href":"https:\/\/reclaimfinance.org\/site\/wp-json\/wp\/v2\/tags?post=31410"},{"taxonomy":"acteurs_financiers","embeddable":true,"href":"https:\/\/reclaimfinance.org\/site\/wp-json\/wp\/v2\/acteurs_financiers?post=31410"},{"taxonomy":"thematique","embeddable":true,"href":"https:\/\/reclaimfinance.org\/site\/wp-json\/wp\/v2\/thematique?post=31410"},{"taxonomy":"webinar_type","embeddable":true,"href":"https:\/\/reclaimfinance.org\/site\/wp-json\/wp\/v2\/webinar_type?post=31410"},{"taxonomy":"programme","embeddable":true,"href":"https:\/\/reclaimfinance.org\/site\/wp-json\/wp\/v2\/programme?post=31410"}],"curies":[{"name":"wp","href":"https:\/\/api.w.org\/{rel}","templated":true}]}}