{"id":31481,"date":"2023-11-08T15:43:57","date_gmt":"2023-11-08T14:43:57","guid":{"rendered":"https:\/\/reclaimfinance.org\/site\/?p=31481"},"modified":"2024-01-29T15:47:42","modified_gmt":"2024-01-29T14:47:42","slug":"gfanz-propose-une-mesure-defectueuse-pour-le-financement-de-la-transition","status":"publish","type":"post","link":"https:\/\/reclaimfinance.org\/site\/2023\/11\/08\/gfanz-propose-une-mesure-defectueuse-pour-le-financement-de-la-transition\/","title":{"rendered":"GFANZ propose une mesure d\u00e9fectueuse pour le financement de la transition"},"content":{"rendered":"<p><div class=\"fusion-fullwidth fullwidth-box fusion-builder-row-1 has-pattern-background has-mask-background nonhundred-percent-fullwidth non-hundred-percent-height-scrolling fusion-equal-height-columns\" style=\"--awb-border-radius-top-left:0px;--awb-border-radius-top-right:0px;--awb-border-radius-bottom-right:0px;--awb-border-radius-bottom-left:0px;--awb-margin-bottom:20px;--awb-flex-wrap:wrap;\" ><div class=\"fusion-builder-row fusion-row\"><div class=\"fusion-layout-column fusion_builder_column fusion-builder-column-0 fusion_builder_column_1_1 1_1 fusion-one-full fusion-column-first fusion-column-last\" style=\"--awb-bg-size:cover;\"><div class=\"fusion-column-wrapper fusion-column-has-shadow fusion-flex-column-wrapper-legacy\"><div class=\"fusion-text fusion-text-1\" style=\"--awb-content-alignment:justify;--awb-text-color:var(--awb-color4);--awb-text-font-family:&quot;Montserrat&quot;;--awb-text-font-style:normal;--awb-text-font-weight:700;\"><p><strong>The Glasgow Financial Alliance on Net Zero has issued a draft paper (1) that proposes a new \u201cExpected Emission Reductions\u201d (EER) methodology for measuring financial institutions\u2019 contributions to decarbonizing the economy. GFANZ argues that current approaches to financial sector decarbonization incentivize divestment from high-emission companies, while what is needed, GFANZ claims, is for these companies to be provided with more financing to assist their transition. Reclaim Finance has submitted comments on the paper to GFANZ which have been endorsed by eight other NGOs. The comments warn that while the current approaches to decarbonization pushed by GFANZ and its member alliances need to be greatly improved, the EER approach is fatally flawed, and risks being used to justify continued high levels of finance for fossil fuel companies without putting any meaningful pressure on them to change.\u00a0<\/strong><\/p>\n<\/div><div class=\"fusion-text fusion-text-2\" style=\"--awb-content-alignment:justify;\"><p><span style=\"text-decoration: underline;\"><a href=\"https:\/\/reclaimfinance.org\/site\/en\/2023\/11\/08\/gfanz-proposes-fatally-flawed-measurement-for-transition-finance\/\" target=\"_blank\" rel=\"noopener\">Lire l&rsquo;article entier en anglais<\/a><\/span><\/p>\n<\/div><div class=\"fusion-clearfix\"><\/div><\/div><\/div><\/div><\/div><div class=\"fusion-fullwidth fullwidth-box fusion-builder-row-2 fusion-flex-container has-pattern-background has-mask-background nonhundred-percent-fullwidth non-hundred-percent-height-scrolling\" style=\"--awb-border-radius-top-left:0px;--awb-border-radius-top-right:0px;--awb-border-radius-bottom-right:0px;--awb-border-radius-bottom-left:0px;--awb-flex-wrap:wrap;\" ><div class=\"fusion-builder-row fusion-row fusion-flex-align-items-flex-start fusion-flex-content-wrap\" style=\"max-width:1216.8px;margin-left: calc(-4% \/ 2 );margin-right: calc(-4% \/ 2 );\"><div class=\"fusion-layout-column fusion_builder_column fusion-builder-column-1 fusion_builder_column_1_1 1_1 fusion-flex-column\" style=\"--awb-bg-size:cover;--awb-width-large:100%;--awb-margin-top-large:0px;--awb-spacing-right-large:1.92%;--awb-margin-bottom-large:20px;--awb-spacing-left-large:1.92%;--awb-width-medium:100%;--awb-order-medium:0;--awb-spacing-right-medium:1.92%;--awb-spacing-left-medium:1.92%;--awb-width-small:100%;--awb-order-small:0;--awb-spacing-right-small:1.92%;--awb-spacing-left-small:1.92%;\"><div class=\"fusion-column-wrapper fusion-column-has-shadow fusion-flex-justify-content-flex-start fusion-content-layout-column\"><div class=\"fusion-title title fusion-title-1 fusion-sep-none fusion-title-text fusion-title-size-two\" style=\"--awb-text-color:var(--awb-color1);--awb-margin-bottom:0px;\"><h2 class=\"fusion-title-heading title-heading-left fusion-responsive-typography-calculated\" style=\"margin:0;text-transform:uppercase;--fontSize:33;line-height:1.5;\">lire aussi<\/h2><\/div><div class=\"fusion-separator\" style=\"align-self: flex-start;margin-right:auto;margin-top:25px;margin-bottom:35px;width:100%;max-width:100px;\"><div class=\"fusion-separator-border sep-single sep-solid\" style=\"--awb-height:20px;--awb-amount:20px;--awb-sep-color:var(--awb-color4);border-color:var(--awb-color4);border-top-width:10px;\"><\/div><\/div><div class=\"fusion-blog-shortcode fusion-blog-shortcode-1 fusion-blog-archive fusion-blog-layout-grid-wrapper fusion-blog-no\" style=\"--awb-title-font-size:18px;\"><style type=\"text\/css\">.fusion-blog-shortcode-1 .fusion-blog-layout-grid .fusion-post-grid{padding:15px;}.fusion-blog-shortcode-1 .fusion-posts-container{margin-left: -15px !important; margin-right:-15px !important;}<\/style><div class=\"fusion-posts-container fusion-posts-container-no fusion-blog-rollover fusion-blog-layout-grid fusion-blog-layout-grid-3 isotope fusion-blog-equal-heights\" data-pages=\"176\" data-grid-col-space=\"30\" style=\"margin: -15px -15px 0;min-height:500px;\"><article id=\"blog-1-post-39405\" class=\"fusion-post-grid post-39405 post type-post status-publish format-standard has-post-thumbnail hentry category-blog_en acteurs_financiers-banks thematique-oil-and-gas-en\">\n<div class=\"fusion-post-wrapper\" style=\"background-color:rgba(255,255,255,0);border:1px solid #2a2b3d;border-bottom-width:3px;\">\n\n\t\t\t<div class=\"fusion-flexslider flexslider fusion-flexslider-loading fusion-post-slideshow\" style=\"border-color:#2a2b3d;\">\n\t\t<ul class=\"slides\">\n\t\t\t\n\t\t\t\t\t\t\t\t\t\t\t\t\t\t<li><div  class=\"fusion-image-wrapper\" aria-haspopup=\"true\">\n\t\t\t\t<img decoding=\"async\" width=\"1125\" height=\"500\" src=\"https:\/\/reclaimfinance.org\/site\/wp-content\/uploads\/2026\/03\/european-banks-.png\" class=\"attachment-full size-full wp-post-image\" alt=\"european banks\" \/><div class=\"fusion-rollover\">\n\t<div class=\"fusion-rollover-content\">\n\n\t\t\t\t\n\t\t\n\t\t\t\t\t\t\t\t\n\t\t\t\t\t\t\t\t\n\t\t\n\t\t\t\t\t\t<a class=\"fusion-link-wrapper\" href=\"https:\/\/reclaimfinance.org\/site\/en\/2026\/03\/27\/european-banks-bonding-with-oil-and-gas-expansion-an-analysis-of-2025-and-beyond\/\" aria-label=\"European banks bonding with oil and gas expansion: an analysis of 2025 and beyond\"><\/a>\n\t<\/div>\n<\/div>\n<\/div>\n<\/li>\n\t\t\t\n\t\t\t\n\t\t\t\t\t\t\t\t<\/ul>\n\t<\/div>\n\t<div class=\"fusion-post-content-wrapper\" style=\"padding:30px 25px 20px 25px;\"><div class=\"fusion-post-content post-content\"><h3 class=\"blog-shortcode-post-title entry-title\"><a href=\"https:\/\/reclaimfinance.org\/site\/en\/2026\/03\/27\/european-banks-bonding-with-oil-and-gas-expansion-an-analysis-of-2025-and-beyond\/\">European banks bonding with oil and gas expansion: an analysis of 2025 and beyond<\/a><\/h3><p class=\"fusion-single-line-meta\"><span class=\"vcard\" style=\"display: none;\"><span class=\"fn\"><a href=\"https:\/\/reclaimfinance.org\/site\/author\/aman\/\" title=\"Articles par Aatira\u00ef Manickawasagar\" rel=\"author\">Aatira\u00ef Manickawasagar<\/a><\/span><\/span><span class=\"updated\" style=\"display:none;\">2026-03-26T16:19:14+01:00<\/span><a href=\"https:\/\/reclaimfinance.org\/site\/en\/category\/blog_en\/\" rel=\"category tag\">Articles<\/a><span class=\"fusion-inline-sep\">|<\/span><\/p><\/div><\/div><div class=\"fusion-clearfix\"><\/div><\/div>\n<\/article>\n<article id=\"blog-1-post-39446\" class=\"fusion-post-grid post-39446 post type-post status-publish format-standard has-post-thumbnail hentry category-blog_en thematique-finance-en programme-program-3\">\n<div class=\"fusion-post-wrapper\" style=\"background-color:rgba(255,255,255,0);border:1px solid #2a2b3d;border-bottom-width:3px;\">\n\n\t\t\t<div class=\"fusion-flexslider flexslider fusion-flexslider-loading fusion-post-slideshow\" style=\"border-color:#2a2b3d;\">\n\t\t<ul class=\"slides\">\n\t\t\t\n\t\t\t\t\t\t\t\t\t\t\t\t\t\t<li><div  class=\"fusion-image-wrapper\" aria-haspopup=\"true\">\n\t\t\t\t<img decoding=\"async\" width=\"1125\" height=\"500\" src=\"https:\/\/reclaimfinance.org\/site\/wp-content\/uploads\/2026\/03\/lobbies-parliament-1.png\" class=\"attachment-full size-full wp-post-image\" alt=\"lobbies parliament\" \/><div class=\"fusion-rollover\">\n\t<div class=\"fusion-rollover-content\">\n\n\t\t\t\t\n\t\t\n\t\t\t\t\t\t\t\t\n\t\t\t\t\t\t\t\t\n\t\t\n\t\t\t\t\t\t<a class=\"fusion-link-wrapper\" href=\"https:\/\/reclaimfinance.org\/site\/en\/2026\/03\/25\/have-fossil-fuel-lobbyists-captured-the-european-parliament\/\" aria-label=\"Have fossil fuel lobbyists captured the European Parliament?\"><\/a>\n\t<\/div>\n<\/div>\n<\/div>\n<\/li>\n\t\t\t\n\t\t\t\n\t\t\t\t\t\t\t\t<\/ul>\n\t<\/div>\n\t<div class=\"fusion-post-content-wrapper\" style=\"padding:30px 25px 20px 25px;\"><div class=\"fusion-post-content post-content\"><h3 class=\"blog-shortcode-post-title entry-title\"><a href=\"https:\/\/reclaimfinance.org\/site\/en\/2026\/03\/25\/have-fossil-fuel-lobbyists-captured-the-european-parliament\/\">Have fossil fuel lobbyists captured the European Parliament?<\/a><\/h3><p class=\"fusion-single-line-meta\"><span class=\"vcard\" style=\"display: none;\"><span class=\"fn\"><a href=\"https:\/\/reclaimfinance.org\/site\/author\/aman\/\" title=\"Articles par Aatira\u00ef Manickawasagar\" rel=\"author\">Aatira\u00ef Manickawasagar<\/a><\/span><\/span><span class=\"updated\" style=\"display:none;\">2026-03-24T10:30:55+01:00<\/span><a href=\"https:\/\/reclaimfinance.org\/site\/en\/category\/blog_en\/\" rel=\"category tag\">Articles<\/a><span class=\"fusion-inline-sep\">|<\/span><\/p><\/div><\/div><div class=\"fusion-clearfix\"><\/div><\/div>\n<\/article>\n<article id=\"blog-1-post-39402\" class=\"fusion-post-grid post-39402 post type-post status-publish format-standard has-post-thumbnail hentry category-blog_en\">\n<div class=\"fusion-post-wrapper\" style=\"background-color:rgba(255,255,255,0);border:1px solid #2a2b3d;border-bottom-width:3px;\">\n\n\t\t\t<div class=\"fusion-flexslider flexslider fusion-flexslider-loading fusion-post-slideshow\" style=\"border-color:#2a2b3d;\">\n\t\t<ul class=\"slides\">\n\t\t\t\n\t\t\t\t\t\t\t\t\t\t\t\t\t\t<li><div  class=\"fusion-image-wrapper\" aria-haspopup=\"true\">\n\t\t\t\t<img decoding=\"async\" width=\"1125\" height=\"500\" src=\"https:\/\/reclaimfinance.org\/site\/wp-content\/uploads\/2026\/03\/europe.png\" class=\"attachment-full size-full wp-post-image\" alt=\"\" \/><div class=\"fusion-rollover\">\n\t<div class=\"fusion-rollover-content\">\n\n\t\t\t\t\n\t\t\n\t\t\t\t\t\t\t\t\n\t\t\t\t\t\t\t\t\n\t\t\n\t\t\t\t\t\t<a class=\"fusion-link-wrapper\" href=\"https:\/\/reclaimfinance.org\/site\/en\/2026\/03\/17\/making-shareholder-rights-a-lever-for-the-eu-transition\/\" aria-label=\"Making shareholder rights a lever for the EU transition\"><\/a>\n\t<\/div>\n<\/div>\n<\/div>\n<\/li>\n\t\t\t\n\t\t\t\n\t\t\t\t\t\t\t\t<\/ul>\n\t<\/div>\n\t<div class=\"fusion-post-content-wrapper\" style=\"padding:30px 25px 20px 25px;\"><div class=\"fusion-post-content post-content\"><h3 class=\"blog-shortcode-post-title entry-title\"><a href=\"https:\/\/reclaimfinance.org\/site\/en\/2026\/03\/17\/making-shareholder-rights-a-lever-for-the-eu-transition\/\">Making shareholder rights a lever for the EU transition<\/a><\/h3><p class=\"fusion-single-line-meta\"><span class=\"vcard\" style=\"display: none;\"><span class=\"fn\"><a href=\"https:\/\/reclaimfinance.org\/site\/author\/aman\/\" title=\"Articles par Aatira\u00ef Manickawasagar\" rel=\"author\">Aatira\u00ef Manickawasagar<\/a><\/span><\/span><span class=\"updated\" style=\"display:none;\">2026-03-17T09:33:00+01:00<\/span><a href=\"https:\/\/reclaimfinance.org\/site\/en\/category\/blog_en\/\" rel=\"category tag\">Articles<\/a><span class=\"fusion-inline-sep\">|<\/span><\/p><\/div><\/div><div class=\"fusion-clearfix\"><\/div><\/div>\n<\/article>\n<div class=\"fusion-clearfix\"><\/div><\/div><\/div><\/div><\/div><\/div><\/div><\/p>\n","protected":false},"excerpt":{"rendered":"","protected":false},"author":26,"featured_media":30813,"comment_status":"closed","ping_status":"open","sticky":false,"template":"","format":"standard","meta":{"footnotes":""},"categories":[45],"tags":[],"acteurs_financiers":[],"thematique":[],"webinar_type":[],"programme":[],"class_list":["post-31481","post","type-post","status-publish","format-standard","has-post-thumbnail","hentry","category-blog"],"yoast_head":"<!-- This site is optimized with the Yoast SEO plugin v23.1 - https:\/\/yoast.com\/wordpress\/plugins\/seo\/ -->\n<title>GFANZ propose une mesure d\u00e9fectueuse pour le financement de la transition - Reclaim Finance<\/title>\n<meta name=\"description\" content=\"La GFANZ a publi\u00e9 un document de travail proposant une nouvelle m\u00e9thodologie pour mesurer les contributions des institutions financi\u00e8res \u00e0 la d\u00e9carbonation de l&#039;\u00e9conomie.\" \/>\n<meta name=\"robots\" content=\"index, follow, max-snippet:-1, max-image-preview:large, max-video-preview:-1\" \/>\n<link rel=\"canonical\" href=\"https:\/\/reclaimfinance.org\/site\/2023\/11\/08\/gfanz-propose-une-mesure-defectueuse-pour-le-financement-de-la-transition\/\" \/>\n<meta property=\"og:locale\" content=\"fr_FR\" \/>\n<meta property=\"og:type\" content=\"article\" \/>\n<meta property=\"og:title\" content=\"GFANZ propose une mesure d\u00e9fectueuse pour le financement de la transition - Reclaim Finance\" \/>\n<meta property=\"og:description\" content=\"La GFANZ a publi\u00e9 un document de travail proposant une nouvelle m\u00e9thodologie pour mesurer les contributions des institutions financi\u00e8res \u00e0 la d\u00e9carbonation de l&#039;\u00e9conomie.\" \/>\n<meta property=\"og:url\" content=\"https:\/\/reclaimfinance.org\/site\/2023\/11\/08\/gfanz-propose-une-mesure-defectueuse-pour-le-financement-de-la-transition\/\" \/>\n<meta property=\"og:site_name\" content=\"Reclaim Finance\" \/>\n<meta property=\"article:publisher\" content=\"https:\/\/www.facebook.com\/ReclaimFinanceONG\" \/>\n<meta property=\"article:published_time\" content=\"2023-11-08T14:43:57+00:00\" \/>\n<meta property=\"article:modified_time\" content=\"2024-01-29T14:47:42+00:00\" \/>\n<meta property=\"og:image\" content=\"https:\/\/reclaimfinance.org\/site\/wp-content\/uploads\/2023\/11\/GFANZ.png\" \/>\n\t<meta property=\"og:image:width\" content=\"1238\" \/>\n\t<meta property=\"og:image:height\" content=\"550\" \/>\n\t<meta property=\"og:image:type\" content=\"image\/png\" \/>\n<meta name=\"author\" content=\"L\u00e9o Martin\" \/>\n<meta name=\"twitter:card\" content=\"summary_large_image\" \/>\n<meta name=\"twitter:creator\" content=\"@ReclaimFinance\" \/>\n<meta name=\"twitter:site\" content=\"@ReclaimFinance\" \/>\n<meta name=\"twitter:label1\" content=\"\u00c9crit par\" \/>\n\t<meta name=\"twitter:data1\" content=\"L\u00e9o Martin\" \/>\n\t<meta name=\"twitter:label2\" content=\"Dur\u00e9e de lecture estim\u00e9e\" \/>\n\t<meta name=\"twitter:data2\" content=\"15 minutes\" \/>\n<script type=\"application\/ld+json\" class=\"yoast-schema-graph\">{\"@context\":\"https:\/\/schema.org\",\"@graph\":[{\"@type\":\"Article\",\"@id\":\"https:\/\/reclaimfinance.org\/site\/2023\/11\/08\/gfanz-propose-une-mesure-defectueuse-pour-le-financement-de-la-transition\/#article\",\"isPartOf\":{\"@id\":\"https:\/\/reclaimfinance.org\/site\/2023\/11\/08\/gfanz-propose-une-mesure-defectueuse-pour-le-financement-de-la-transition\/\"},\"author\":{\"name\":\"L\u00e9o Martin\",\"@id\":\"https:\/\/reclaimfinance.org\/site\/#\/schema\/person\/92f0f8d102e5e411f092871d8eeb3db1\"},\"headline\":\"GFANZ propose une mesure d\u00e9fectueuse pour le financement de la transition\",\"datePublished\":\"2023-11-08T14:43:57+00:00\",\"dateModified\":\"2024-01-29T14:47:42+00:00\",\"mainEntityOfPage\":{\"@id\":\"https:\/\/reclaimfinance.org\/site\/2023\/11\/08\/gfanz-propose-une-mesure-defectueuse-pour-le-financement-de-la-transition\/\"},\"wordCount\":1593,\"publisher\":{\"@id\":\"https:\/\/reclaimfinance.org\/site\/#organization\"},\"image\":{\"@id\":\"https:\/\/reclaimfinance.org\/site\/2023\/11\/08\/gfanz-propose-une-mesure-defectueuse-pour-le-financement-de-la-transition\/#primaryimage\"},\"thumbnailUrl\":\"https:\/\/reclaimfinance.org\/site\/wp-content\/uploads\/2023\/11\/GFANZ.png\",\"articleSection\":[\"Articles\"],\"inLanguage\":\"fr-FR\"},{\"@type\":\"WebPage\",\"@id\":\"https:\/\/reclaimfinance.org\/site\/2023\/11\/08\/gfanz-propose-une-mesure-defectueuse-pour-le-financement-de-la-transition\/\",\"url\":\"https:\/\/reclaimfinance.org\/site\/2023\/11\/08\/gfanz-propose-une-mesure-defectueuse-pour-le-financement-de-la-transition\/\",\"name\":\"GFANZ propose une mesure d\u00e9fectueuse pour le financement de la transition - Reclaim Finance\",\"isPartOf\":{\"@id\":\"https:\/\/reclaimfinance.org\/site\/#website\"},\"primaryImageOfPage\":{\"@id\":\"https:\/\/reclaimfinance.org\/site\/2023\/11\/08\/gfanz-propose-une-mesure-defectueuse-pour-le-financement-de-la-transition\/#primaryimage\"},\"image\":{\"@id\":\"https:\/\/reclaimfinance.org\/site\/2023\/11\/08\/gfanz-propose-une-mesure-defectueuse-pour-le-financement-de-la-transition\/#primaryimage\"},\"thumbnailUrl\":\"https:\/\/reclaimfinance.org\/site\/wp-content\/uploads\/2023\/11\/GFANZ.png\",\"datePublished\":\"2023-11-08T14:43:57+00:00\",\"dateModified\":\"2024-01-29T14:47:42+00:00\",\"description\":\"La GFANZ a publi\u00e9 un document de travail proposant une nouvelle m\u00e9thodologie pour mesurer les contributions des institutions financi\u00e8res \u00e0 la d\u00e9carbonation de l'\u00e9conomie.\",\"breadcrumb\":{\"@id\":\"https:\/\/reclaimfinance.org\/site\/2023\/11\/08\/gfanz-propose-une-mesure-defectueuse-pour-le-financement-de-la-transition\/#breadcrumb\"},\"inLanguage\":\"fr-FR\",\"potentialAction\":[{\"@type\":\"ReadAction\",\"target\":[\"https:\/\/reclaimfinance.org\/site\/2023\/11\/08\/gfanz-propose-une-mesure-defectueuse-pour-le-financement-de-la-transition\/\"]}]},{\"@type\":\"ImageObject\",\"inLanguage\":\"fr-FR\",\"@id\":\"https:\/\/reclaimfinance.org\/site\/2023\/11\/08\/gfanz-propose-une-mesure-defectueuse-pour-le-financement-de-la-transition\/#primaryimage\",\"url\":\"https:\/\/reclaimfinance.org\/site\/wp-content\/uploads\/2023\/11\/GFANZ.png\",\"contentUrl\":\"https:\/\/reclaimfinance.org\/site\/wp-content\/uploads\/2023\/11\/GFANZ.png\",\"width\":1238,\"height\":550},{\"@type\":\"BreadcrumbList\",\"@id\":\"https:\/\/reclaimfinance.org\/site\/2023\/11\/08\/gfanz-propose-une-mesure-defectueuse-pour-le-financement-de-la-transition\/#breadcrumb\",\"itemListElement\":[{\"@type\":\"ListItem\",\"position\":1,\"name\":\"Accueil\",\"item\":\"https:\/\/reclaimfinance.org\/site\/\"},{\"@type\":\"ListItem\",\"position\":2,\"name\":\"GFANZ propose une mesure d\u00e9fectueuse pour le financement de la transition\"}]},{\"@type\":\"WebSite\",\"@id\":\"https:\/\/reclaimfinance.org\/site\/#website\",\"url\":\"https:\/\/reclaimfinance.org\/site\/\",\"name\":\"Reclaim Finance\",\"description\":\"Reprendre le contr\u00f4le de la finance pour le climat et la biodiversit\u00e9\",\"publisher\":{\"@id\":\"https:\/\/reclaimfinance.org\/site\/#organization\"},\"potentialAction\":[{\"@type\":\"SearchAction\",\"target\":{\"@type\":\"EntryPoint\",\"urlTemplate\":\"https:\/\/reclaimfinance.org\/site\/?s={search_term_string}\"},\"query-input\":\"required name=search_term_string\"}],\"inLanguage\":\"fr-FR\"},{\"@type\":\"Organization\",\"@id\":\"https:\/\/reclaimfinance.org\/site\/#organization\",\"name\":\"Reclaim Finance\",\"url\":\"https:\/\/reclaimfinance.org\/site\/\",\"logo\":{\"@type\":\"ImageObject\",\"inLanguage\":\"fr-FR\",\"@id\":\"https:\/\/reclaimfinance.org\/site\/#\/schema\/logo\/image\/\",\"url\":\"https:\/\/reclaimfinance.org\/site\/wp-content\/uploads\/2020\/03\/logo_RC_space.png\",\"contentUrl\":\"https:\/\/reclaimfinance.org\/site\/wp-content\/uploads\/2020\/03\/logo_RC_space.png\",\"width\":800,\"height\":800,\"caption\":\"Reclaim Finance\"},\"image\":{\"@id\":\"https:\/\/reclaimfinance.org\/site\/#\/schema\/logo\/image\/\"},\"sameAs\":[\"https:\/\/www.facebook.com\/ReclaimFinanceONG\",\"https:\/\/x.com\/ReclaimFinance\",\"https:\/\/www.instagram.com\/reclaimfinance\/\",\"https:\/\/www.linkedin.com\/company\/reclaim-finance-ong-think-tank\"]},{\"@type\":\"Person\",\"@id\":\"https:\/\/reclaimfinance.org\/site\/#\/schema\/person\/92f0f8d102e5e411f092871d8eeb3db1\",\"name\":\"L\u00e9o Martin\",\"image\":{\"@type\":\"ImageObject\",\"inLanguage\":\"fr-FR\",\"@id\":\"https:\/\/reclaimfinance.org\/site\/#\/schema\/person\/image\/\",\"url\":\"https:\/\/secure.gravatar.com\/avatar\/cebd89becb7f7185483789d7f51a21cb?s=96&d=mm&r=g\",\"contentUrl\":\"https:\/\/secure.gravatar.com\/avatar\/cebd89becb7f7185483789d7f51a21cb?s=96&d=mm&r=g\",\"caption\":\"L\u00e9o Martin\"},\"url\":\"https:\/\/reclaimfinance.org\/site\/author\/lma\/\"}]}<\/script>\n<!-- \/ Yoast SEO plugin. -->","yoast_head_json":{"title":"GFANZ propose une mesure d\u00e9fectueuse pour le financement de la transition - Reclaim Finance","description":"La GFANZ a publi\u00e9 un document de travail proposant une nouvelle m\u00e9thodologie pour mesurer les contributions des institutions financi\u00e8res \u00e0 la d\u00e9carbonation de l'\u00e9conomie.","robots":{"index":"index","follow":"follow","max-snippet":"max-snippet:-1","max-image-preview":"max-image-preview:large","max-video-preview":"max-video-preview:-1"},"canonical":"https:\/\/reclaimfinance.org\/site\/2023\/11\/08\/gfanz-propose-une-mesure-defectueuse-pour-le-financement-de-la-transition\/","og_locale":"fr_FR","og_type":"article","og_title":"GFANZ propose une mesure d\u00e9fectueuse pour le financement de la transition - Reclaim Finance","og_description":"La GFANZ a publi\u00e9 un document de travail proposant une nouvelle m\u00e9thodologie pour mesurer les contributions des institutions financi\u00e8res \u00e0 la d\u00e9carbonation de l'\u00e9conomie.","og_url":"https:\/\/reclaimfinance.org\/site\/2023\/11\/08\/gfanz-propose-une-mesure-defectueuse-pour-le-financement-de-la-transition\/","og_site_name":"Reclaim Finance","article_publisher":"https:\/\/www.facebook.com\/ReclaimFinanceONG","article_published_time":"2023-11-08T14:43:57+00:00","article_modified_time":"2024-01-29T14:47:42+00:00","og_image":[{"width":1238,"height":550,"url":"https:\/\/reclaimfinance.org\/site\/wp-content\/uploads\/2023\/11\/GFANZ.png","type":"image\/png"}],"author":"L\u00e9o Martin","twitter_card":"summary_large_image","twitter_creator":"@ReclaimFinance","twitter_site":"@ReclaimFinance","twitter_misc":{"\u00c9crit par":"L\u00e9o Martin","Dur\u00e9e de lecture estim\u00e9e":"15 minutes"},"schema":{"@context":"https:\/\/schema.org","@graph":[{"@type":"Article","@id":"https:\/\/reclaimfinance.org\/site\/2023\/11\/08\/gfanz-propose-une-mesure-defectueuse-pour-le-financement-de-la-transition\/#article","isPartOf":{"@id":"https:\/\/reclaimfinance.org\/site\/2023\/11\/08\/gfanz-propose-une-mesure-defectueuse-pour-le-financement-de-la-transition\/"},"author":{"name":"L\u00e9o Martin","@id":"https:\/\/reclaimfinance.org\/site\/#\/schema\/person\/92f0f8d102e5e411f092871d8eeb3db1"},"headline":"GFANZ propose une mesure d\u00e9fectueuse pour le financement de la transition","datePublished":"2023-11-08T14:43:57+00:00","dateModified":"2024-01-29T14:47:42+00:00","mainEntityOfPage":{"@id":"https:\/\/reclaimfinance.org\/site\/2023\/11\/08\/gfanz-propose-une-mesure-defectueuse-pour-le-financement-de-la-transition\/"},"wordCount":1593,"publisher":{"@id":"https:\/\/reclaimfinance.org\/site\/#organization"},"image":{"@id":"https:\/\/reclaimfinance.org\/site\/2023\/11\/08\/gfanz-propose-une-mesure-defectueuse-pour-le-financement-de-la-transition\/#primaryimage"},"thumbnailUrl":"https:\/\/reclaimfinance.org\/site\/wp-content\/uploads\/2023\/11\/GFANZ.png","articleSection":["Articles"],"inLanguage":"fr-FR"},{"@type":"WebPage","@id":"https:\/\/reclaimfinance.org\/site\/2023\/11\/08\/gfanz-propose-une-mesure-defectueuse-pour-le-financement-de-la-transition\/","url":"https:\/\/reclaimfinance.org\/site\/2023\/11\/08\/gfanz-propose-une-mesure-defectueuse-pour-le-financement-de-la-transition\/","name":"GFANZ propose une mesure d\u00e9fectueuse pour le financement de la transition - Reclaim Finance","isPartOf":{"@id":"https:\/\/reclaimfinance.org\/site\/#website"},"primaryImageOfPage":{"@id":"https:\/\/reclaimfinance.org\/site\/2023\/11\/08\/gfanz-propose-une-mesure-defectueuse-pour-le-financement-de-la-transition\/#primaryimage"},"image":{"@id":"https:\/\/reclaimfinance.org\/site\/2023\/11\/08\/gfanz-propose-une-mesure-defectueuse-pour-le-financement-de-la-transition\/#primaryimage"},"thumbnailUrl":"https:\/\/reclaimfinance.org\/site\/wp-content\/uploads\/2023\/11\/GFANZ.png","datePublished":"2023-11-08T14:43:57+00:00","dateModified":"2024-01-29T14:47:42+00:00","description":"La GFANZ a publi\u00e9 un document de travail proposant une nouvelle m\u00e9thodologie pour mesurer les contributions des institutions financi\u00e8res \u00e0 la d\u00e9carbonation de l'\u00e9conomie.","breadcrumb":{"@id":"https:\/\/reclaimfinance.org\/site\/2023\/11\/08\/gfanz-propose-une-mesure-defectueuse-pour-le-financement-de-la-transition\/#breadcrumb"},"inLanguage":"fr-FR","potentialAction":[{"@type":"ReadAction","target":["https:\/\/reclaimfinance.org\/site\/2023\/11\/08\/gfanz-propose-une-mesure-defectueuse-pour-le-financement-de-la-transition\/"]}]},{"@type":"ImageObject","inLanguage":"fr-FR","@id":"https:\/\/reclaimfinance.org\/site\/2023\/11\/08\/gfanz-propose-une-mesure-defectueuse-pour-le-financement-de-la-transition\/#primaryimage","url":"https:\/\/reclaimfinance.org\/site\/wp-content\/uploads\/2023\/11\/GFANZ.png","contentUrl":"https:\/\/reclaimfinance.org\/site\/wp-content\/uploads\/2023\/11\/GFANZ.png","width":1238,"height":550},{"@type":"BreadcrumbList","@id":"https:\/\/reclaimfinance.org\/site\/2023\/11\/08\/gfanz-propose-une-mesure-defectueuse-pour-le-financement-de-la-transition\/#breadcrumb","itemListElement":[{"@type":"ListItem","position":1,"name":"Accueil","item":"https:\/\/reclaimfinance.org\/site\/"},{"@type":"ListItem","position":2,"name":"GFANZ propose une mesure d\u00e9fectueuse pour le financement de la transition"}]},{"@type":"WebSite","@id":"https:\/\/reclaimfinance.org\/site\/#website","url":"https:\/\/reclaimfinance.org\/site\/","name":"Reclaim Finance","description":"Reprendre le contr\u00f4le de la finance pour le climat et la biodiversit\u00e9","publisher":{"@id":"https:\/\/reclaimfinance.org\/site\/#organization"},"potentialAction":[{"@type":"SearchAction","target":{"@type":"EntryPoint","urlTemplate":"https:\/\/reclaimfinance.org\/site\/?s={search_term_string}"},"query-input":"required name=search_term_string"}],"inLanguage":"fr-FR"},{"@type":"Organization","@id":"https:\/\/reclaimfinance.org\/site\/#organization","name":"Reclaim Finance","url":"https:\/\/reclaimfinance.org\/site\/","logo":{"@type":"ImageObject","inLanguage":"fr-FR","@id":"https:\/\/reclaimfinance.org\/site\/#\/schema\/logo\/image\/","url":"https:\/\/reclaimfinance.org\/site\/wp-content\/uploads\/2020\/03\/logo_RC_space.png","contentUrl":"https:\/\/reclaimfinance.org\/site\/wp-content\/uploads\/2020\/03\/logo_RC_space.png","width":800,"height":800,"caption":"Reclaim Finance"},"image":{"@id":"https:\/\/reclaimfinance.org\/site\/#\/schema\/logo\/image\/"},"sameAs":["https:\/\/www.facebook.com\/ReclaimFinanceONG","https:\/\/x.com\/ReclaimFinance","https:\/\/www.instagram.com\/reclaimfinance\/","https:\/\/www.linkedin.com\/company\/reclaim-finance-ong-think-tank"]},{"@type":"Person","@id":"https:\/\/reclaimfinance.org\/site\/#\/schema\/person\/92f0f8d102e5e411f092871d8eeb3db1","name":"L\u00e9o Martin","image":{"@type":"ImageObject","inLanguage":"fr-FR","@id":"https:\/\/reclaimfinance.org\/site\/#\/schema\/person\/image\/","url":"https:\/\/secure.gravatar.com\/avatar\/cebd89becb7f7185483789d7f51a21cb?s=96&d=mm&r=g","contentUrl":"https:\/\/secure.gravatar.com\/avatar\/cebd89becb7f7185483789d7f51a21cb?s=96&d=mm&r=g","caption":"L\u00e9o Martin"},"url":"https:\/\/reclaimfinance.org\/site\/author\/lma\/"}]}},"_links":{"self":[{"href":"https:\/\/reclaimfinance.org\/site\/wp-json\/wp\/v2\/posts\/31481"}],"collection":[{"href":"https:\/\/reclaimfinance.org\/site\/wp-json\/wp\/v2\/posts"}],"about":[{"href":"https:\/\/reclaimfinance.org\/site\/wp-json\/wp\/v2\/types\/post"}],"author":[{"embeddable":true,"href":"https:\/\/reclaimfinance.org\/site\/wp-json\/wp\/v2\/users\/26"}],"replies":[{"embeddable":true,"href":"https:\/\/reclaimfinance.org\/site\/wp-json\/wp\/v2\/comments?post=31481"}],"version-history":[{"count":0,"href":"https:\/\/reclaimfinance.org\/site\/wp-json\/wp\/v2\/posts\/31481\/revisions"}],"wp:featuredmedia":[{"embeddable":true,"href":"https:\/\/reclaimfinance.org\/site\/wp-json\/wp\/v2\/media\/30813"}],"wp:attachment":[{"href":"https:\/\/reclaimfinance.org\/site\/wp-json\/wp\/v2\/media?parent=31481"}],"wp:term":[{"taxonomy":"category","embeddable":true,"href":"https:\/\/reclaimfinance.org\/site\/wp-json\/wp\/v2\/categories?post=31481"},{"taxonomy":"post_tag","embeddable":true,"href":"https:\/\/reclaimfinance.org\/site\/wp-json\/wp\/v2\/tags?post=31481"},{"taxonomy":"acteurs_financiers","embeddable":true,"href":"https:\/\/reclaimfinance.org\/site\/wp-json\/wp\/v2\/acteurs_financiers?post=31481"},{"taxonomy":"thematique","embeddable":true,"href":"https:\/\/reclaimfinance.org\/site\/wp-json\/wp\/v2\/thematique?post=31481"},{"taxonomy":"webinar_type","embeddable":true,"href":"https:\/\/reclaimfinance.org\/site\/wp-json\/wp\/v2\/webinar_type?post=31481"},{"taxonomy":"programme","embeddable":true,"href":"https:\/\/reclaimfinance.org\/site\/wp-json\/wp\/v2\/programme?post=31481"}],"curies":[{"name":"wp","href":"https:\/\/api.w.org\/{rel}","templated":true}]}}