{"id":34724,"date":"2024-10-24T11:19:12","date_gmt":"2024-10-24T09:19:12","guid":{"rendered":"https:\/\/reclaimfinance.org\/site\/?p=34724"},"modified":"2024-10-24T11:19:46","modified_gmt":"2024-10-24T09:19:46","slug":"forages-petroliers-six-associations-soutiennent-le-recours-en-justice-deau-de-paris","status":"publish","type":"post","link":"https:\/\/reclaimfinance.org\/site\/2024\/10\/24\/forages-petroliers-six-associations-soutiennent-le-recours-en-justice-deau-de-paris\/","title":{"rendered":"Forages p\u00e9troliers : six associations soutiennent le recours en justice d\u2019Eau de Paris"},"content":{"rendered":"<p><div class=\"fusion-fullwidth fullwidth-box fusion-builder-row-1 fusion-flex-container has-pattern-background has-mask-background nonhundred-percent-fullwidth non-hundred-percent-height-scrolling\" style=\"--awb-border-radius-top-left:0px;--awb-border-radius-top-right:0px;--awb-border-radius-bottom-right:0px;--awb-border-radius-bottom-left:0px;--awb-margin-bottom:20px;--awb-flex-wrap:wrap;\" ><div class=\"fusion-builder-row fusion-row fusion-flex-align-items-flex-start fusion-flex-content-wrap\" style=\"max-width:1216.8px;margin-left: calc(-4% \/ 2 );margin-right: calc(-4% \/ 2 );\"><div class=\"fusion-layout-column fusion_builder_column fusion-builder-column-0 fusion_builder_column_1_1 1_1 fusion-flex-column\" style=\"--awb-bg-size:cover;--awb-width-large:100%;--awb-margin-top-large:0px;--awb-spacing-right-large:1.92%;--awb-margin-bottom-large:20px;--awb-spacing-left-large:1.92%;--awb-width-medium:100%;--awb-order-medium:0;--awb-spacing-right-medium:1.92%;--awb-spacing-left-medium:1.92%;--awb-width-small:100%;--awb-order-small:0;--awb-spacing-right-small:1.92%;--awb-spacing-left-small:1.92%;\"><div class=\"fusion-column-wrapper fusion-column-has-shadow fusion-flex-justify-content-flex-start fusion-content-layout-column\"><div class=\"fusion-text fusion-text-1\" style=\"--awb-content-alignment:justify;--awb-text-color:var(--awb-color4);--awb-text-font-family:&quot;Montserrat&quot;;--awb-text-font-style:normal;--awb-text-font-weight:700;\"><p>Copubli\u00e9 avec Les Amis de la Terre France, FNE Ile-de-France, FNE Seine-et-Marne, Notre Affaire \u00e0 Tous et le R\u00e9seau Action Climat<\/p>\n<\/div><div class=\"fusion-text fusion-text-2\" style=\"--awb-content-alignment:justify;--awb-text-color:var(--awb-color4);--awb-text-font-family:&quot;Montserrat&quot;;--awb-text-font-style:normal;--awb-text-font-weight:700;\"><p>Paris, le 23 octobre 2024 &#8211; Les Amis de la Terre France, FNE Ile-de-France, FNE Seine-et-Marne, Notre Affaire \u00e0 Tous, le R\u00e9seau Action Climat et Reclaim Finance interviennent pour soutenir le recours en justice d\u2019Eau de Paris contre un projet de nouveaux forages p\u00e9troliers \u00e0 Nonville, en Seine-et-Marne.<\/p>\n<\/div><div class=\"fusion-text fusion-text-3\" style=\"--awb-content-alignment:justify;\"><p>Le 24 janvier dernier, la pr\u00e9fecture de Seine-et-Marne a autoris\u00e9 la compagnie p\u00e9troli\u00e8re Bridge \u00c9nergies \u00e0 forer deux nouveaux puits de p\u00e9trole \u00e0 Nonville. Ces nouveaux forages de 1500 m\u00e8tres de profondeur doivent traverser une nappe phr\u00e9atique qui alimente plus de 180 000 habitants d\u2019\u00cele-de-France en eau potable. Par ailleurs, le risque de pollution du Lunain, rivi\u00e8re class\u00e9e Natura 2000, situ\u00e9e \u00e0 proximit\u00e9, serait dramatique pour la biodiversit\u00e9.<\/p>\n<p>La r\u00e9gie municipale Eau de Paris et la Ville de Paris d\u00e9noncent un risque de pollution aux hydrocarbures des nappes phr\u00e9atiques travers\u00e9es par les puits et s\u2019opposent donc au projet. Cette pollution aurait des cons\u00e9quences potentiellement irr\u00e9versibles et impliquerait la fermeture de ces sources strat\u00e9giques pour l\u2019alimentation en eau du territoire francilien. Eau de Paris a donc d\u00e9pos\u00e9 en avril un recours judiciaire demandant l\u2019annulation du d\u00e9cret autorisant ces nouveaux forages.<\/p>\n<p>Les Amis de la Terre France, FNE \u00cele-de-France et Seine-et-Marne, Notre Affaire \u00e0 Tous, Reclaim Finance et le R\u00e9seau Action Climat interviennent volontairement au soutien du recours d\u2019Eau de Paris en faisant valoir des arguments juridiques compl\u00e9mentaires. Des d\u00e9tails sur les interventions volontaires sont disponibles dans la foire aux questions jointe.<\/p>\n<p>Le Tribunal Administratif a indiqu\u00e9 que l\u2019audience pourrait avoir lieu au premier semestre 2025.<\/p>\n<p>Les associations d\u00e9noncent \u00e9galement l\u2019argument de la captation des \u00e9missions de carbone avanc\u00e9 par Bridge Energies pour vanter la neutralit\u00e9 carbone de son projet : cette technologie est aujourd&rsquo;hui non-ma\u00eetris\u00e9e, tr\u00e8s co\u00fbteuse et ne doit \u00eatre envisag\u00e9e que pour compenser les \u00e9missions de carbone qui ne peuvent \u00eatre \u00e9vit\u00e9es. Elle ne doit en aucun cas constituer un argument en faveur d\u2019un nouveau projet p\u00e9trolier aux cons\u00e9quences bien connues sur les g\u00e9n\u00e9rations futures.<\/p>\n<p>Le 14 novembre, FNE Ile-de-France et Seine-et-Marne, la Ville de Paris et les Amis de la Terre France organisent une conf\u00e9rence sur ces forages p\u00e9troliers \u00e0 l\u2019Acad\u00e9mie du Climat.<\/p>\n<p>Pour en savoir plus sur les forages p\u00e9troliers de Nonville, <a href=\"https:\/\/www.amisdelaterre.org\/publication\/faq-forages-petroliers-nonville\/\"><u>une FAQ est disponible ici. <\/u><\/a><\/p>\n<\/div><\/div><\/div><div class=\"fusion-layout-column fusion_builder_column fusion-builder-column-1 fusion_builder_column_4_5 4_5 fusion-flex-column centrer fusion-column-no-min-height\" style=\"--awb-bg-size:cover;--awb-border-color:var(--awb-color4);--awb-border-style:solid;--awb-width-large:80%;--awb-margin-top-large:0px;--awb-spacing-right-large:2.4%;--awb-margin-bottom-large:20px;--awb-spacing-left-large:2.4%;--awb-width-medium:100%;--awb-order-medium:0;--awb-spacing-right-medium:1.92%;--awb-spacing-left-medium:1.92%;--awb-width-small:100%;--awb-order-small:0;--awb-spacing-right-small:1.92%;--awb-spacing-left-small:1.92%;\"><div class=\"fusion-column-wrapper fusion-column-has-shadow fusion-flex-justify-content-flex-start fusion-content-layout-column\"><i class=\"fb-icon-element-1 fb-icon-element fontawesome-icon fa-quote-left fas circle-no fusion-text-flow\" style=\"--awb-font-size:23px;--awb-margin-bottom:10px;\"><\/i><div class=\"fusion-text fusion-text-4 fusion-text-no-margin\" style=\"--awb-content-alignment:justify;--awb-line-height:24px;--awb-text-transform:var(--awb-typography4-text-transform);--awb-text-color:var(--awb-color4);--awb-margin-bottom:10px;\"><p><i>En 2017, le gouvernement Macron a promis, par la loi \u201cHulot\u201d, de mettre fin \u00e0 l\u2019exploration et l\u2019exploitation d\u2019hydrocarbures sur notre territoire, mais la r\u00e9alit\u00e9 est toute autre.<\/i> <i>L\u2019autorisation de nouveaux forages p\u00e9troliers est une ligne rouge que nous ne pouvons franchir, une r\u00e9elle aberration face \u00e0 l\u2019urgence climatique. Apr\u00e8s l\u2019\u00e9t\u00e9 2024 le plus chaud jamais enregistr\u00e9, apr\u00e8s l&rsquo;ouragan Milton, la temp\u00eate Boris, ou encore les inondations d\u00e9vastatrices en Europe centrale ou en Ard\u00e8che pour ne citer que des exemples tr\u00e8s r\u00e9cents, les ravages du d\u00e9r\u00e8glement climatique se multiplient en France et dans le monde. Le gouvernement ne peut continuer de soutenir l\u2019extraction d\u2019\u00e9nergies fossiles, au risque de se rendre complice de ces catastrophes.<\/i><\/p>\n<\/div><div class=\"fusion-text fusion-text-5\"><p><strong><b>Juliette Renaud, coordinatrice des Amis de la Terre France<\/b><\/strong><\/p>\n<\/div><\/div><\/div><div class=\"fusion-layout-column fusion_builder_column fusion-builder-column-2 fusion_builder_column_4_5 4_5 fusion-flex-column centrer fusion-column-no-min-height\" style=\"--awb-bg-size:cover;--awb-border-color:var(--awb-color4);--awb-border-style:solid;--awb-width-large:80%;--awb-margin-top-large:0px;--awb-spacing-right-large:2.4%;--awb-margin-bottom-large:20px;--awb-spacing-left-large:2.4%;--awb-width-medium:100%;--awb-order-medium:0;--awb-spacing-right-medium:1.92%;--awb-spacing-left-medium:1.92%;--awb-width-small:100%;--awb-order-small:0;--awb-spacing-right-small:1.92%;--awb-spacing-left-small:1.92%;\"><div class=\"fusion-column-wrapper fusion-column-has-shadow fusion-flex-justify-content-flex-start fusion-content-layout-column\"><i class=\"fb-icon-element-2 fb-icon-element fontawesome-icon fa-quote-left fas circle-no fusion-text-flow\" style=\"--awb-font-size:23px;--awb-margin-bottom:10px;\"><\/i><div class=\"fusion-text fusion-text-6 fusion-text-no-margin\" style=\"--awb-content-alignment:justify;--awb-line-height:24px;--awb-text-transform:var(--awb-typography4-text-transform);--awb-text-color:var(--awb-color4);--awb-margin-bottom:10px;\"><p><i>Le symbole est fort : un an apr\u00e8s l&rsquo;accord de la COP28 sur la sortie des fossiles, et \u00e0 quelques jours du lancement de la COP29, la France choisit de renforcer l&rsquo;extraction de p\u00e9trole \u00e0 quelques kilom\u00e8tres de sa capitale. Les associations d\u00e9noncent l&rsquo;exploitation de nouvelles sources d&rsquo;\u00e9nergie fossile \u00e0 l&rsquo;heure o\u00f9 le consensus scientifique \u00e9tablit clairement qu&rsquo;il faut imm\u00e9diatement cesser leur exploitation pour \u00e9viter la catastrophe climatique.<\/i><\/p>\n<\/div><div class=\"fusion-text fusion-text-7\"><p><strong><b>Clara Sannicolo, responsable climat et territoires au R\u00e9seau Action Climat<\/b><\/strong><\/p>\n<\/div><\/div><\/div><div class=\"fusion-layout-column fusion_builder_column fusion-builder-column-3 fusion_builder_column_4_5 4_5 fusion-flex-column centrer fusion-column-no-min-height\" style=\"--awb-bg-size:cover;--awb-border-color:var(--awb-color4);--awb-border-style:solid;--awb-width-large:80%;--awb-margin-top-large:0px;--awb-spacing-right-large:2.4%;--awb-margin-bottom-large:20px;--awb-spacing-left-large:2.4%;--awb-width-medium:100%;--awb-order-medium:0;--awb-spacing-right-medium:1.92%;--awb-spacing-left-medium:1.92%;--awb-width-small:100%;--awb-order-small:0;--awb-spacing-right-small:1.92%;--awb-spacing-left-small:1.92%;\"><div class=\"fusion-column-wrapper fusion-column-has-shadow fusion-flex-justify-content-flex-start fusion-content-layout-column\"><i class=\"fb-icon-element-3 fb-icon-element fontawesome-icon fa-quote-left fas circle-no fusion-text-flow\" style=\"--awb-font-size:23px;--awb-margin-bottom:10px;\"><\/i><div class=\"fusion-text fusion-text-8 fusion-text-no-margin\" style=\"--awb-content-alignment:justify;--awb-line-height:24px;--awb-text-transform:var(--awb-typography4-text-transform);--awb-text-color:var(--awb-color4);--awb-margin-bottom:10px;\"><p><i>Il s\u2019agit l\u00e0 d\u2019un cas d\u2019\u00e9cole de projet non seulement anachronique mais en violation claire des engagements fran\u00e7ais en mati\u00e8re climatique et environnementale. La Seine-et-Marne a \u00e9t\u00e9 violemment touch\u00e9e par les impacts de la crise climatique avec la d\u00e9pression Kirk qui a provoqu\u00e9 inondations et crues destructrices. Ce projet coche toutes les cases des menaces environnementales les plus \u00e9videntes : acc\u00e8s \u00e0 l\u2019eau, pollutions, impact climatique\u2026 La crise actuelle requiert une meilleure protection des citoyen.nes de la part de l\u2019Etat et non une aggravation des probl\u00e8mes par des d\u00e9cisions irresponsables qui appartiennent au pass\u00e9.<\/i><\/p>\n<\/div><div class=\"fusion-text fusion-text-9\"><p><strong><b>J\u00e9r\u00e9mie Suissa, d\u00e9l\u00e9gu\u00e9 g\u00e9n\u00e9ral de Notre Affaire \u00e0 Tous<\/b><\/strong><\/p>\n<\/div><\/div><\/div><div class=\"fusion-layout-column fusion_builder_column fusion-builder-column-4 fusion_builder_column_4_5 4_5 fusion-flex-column centrer fusion-column-no-min-height\" style=\"--awb-bg-size:cover;--awb-border-color:var(--awb-color4);--awb-border-style:solid;--awb-width-large:80%;--awb-margin-top-large:0px;--awb-spacing-right-large:2.4%;--awb-margin-bottom-large:20px;--awb-spacing-left-large:2.4%;--awb-width-medium:100%;--awb-order-medium:0;--awb-spacing-right-medium:1.92%;--awb-spacing-left-medium:1.92%;--awb-width-small:100%;--awb-order-small:0;--awb-spacing-right-small:1.92%;--awb-spacing-left-small:1.92%;\"><div class=\"fusion-column-wrapper fusion-column-has-shadow fusion-flex-justify-content-flex-start fusion-content-layout-column\"><i class=\"fb-icon-element-4 fb-icon-element fontawesome-icon fa-quote-left fas circle-no fusion-text-flow\" style=\"--awb-font-size:23px;--awb-margin-bottom:10px;\"><\/i><div class=\"fusion-text fusion-text-10 fusion-text-no-margin\" style=\"--awb-content-alignment:justify;--awb-line-height:24px;--awb-text-transform:var(--awb-typography4-text-transform);--awb-text-color:var(--awb-color4);--awb-margin-bottom:10px;\"><p><i>Au-del\u00e0 m\u00eame de l\u2019opportunit\u00e9 d\u2019un tel projet incompatible avec les engagements internationaux de la France en mati\u00e8re de lutte contre les changements climatiques, le dossier d\u2019autorisation appara\u00eet entach\u00e9 de tr\u00e8s lourdes irr\u00e9gularit\u00e9s, et ne pouvait \u00eatre l\u00e9galement d\u00e9livr\u00e9 par le pr\u00e9fet en l\u2019\u00e9tat selon nous.<\/i><\/p>\n<\/div><div class=\"fusion-text fusion-text-11\"><p><strong><b>Louis COFFLARD, Avocat au Barreau de Paris<\/b><i>,<\/i><\/strong>repr\u00e9sentant Les Amis de la Terre France, France Nature Environnement Ile-de-France, France Nature Environnement Seine-et-Marne, le R\u00e9seau Action Climat et Reclaim Finance<\/p>\n<\/div><\/div><\/div><div class=\"fusion-layout-column fusion_builder_column fusion-builder-column-5 fusion_builder_column_4_5 4_5 fusion-flex-column centrer fusion-column-no-min-height\" style=\"--awb-bg-size:cover;--awb-border-color:var(--awb-color4);--awb-border-style:solid;--awb-width-large:80%;--awb-margin-top-large:0px;--awb-spacing-right-large:2.4%;--awb-margin-bottom-large:20px;--awb-spacing-left-large:2.4%;--awb-width-medium:100%;--awb-order-medium:0;--awb-spacing-right-medium:1.92%;--awb-spacing-left-medium:1.92%;--awb-width-small:100%;--awb-order-small:0;--awb-spacing-right-small:1.92%;--awb-spacing-left-small:1.92%;\"><div class=\"fusion-column-wrapper fusion-column-has-shadow fusion-flex-justify-content-flex-start fusion-content-layout-column\"><i class=\"fb-icon-element-5 fb-icon-element fontawesome-icon fa-quote-left fas circle-no fusion-text-flow\" style=\"--awb-font-size:23px;--awb-margin-bottom:10px;\"><\/i><div class=\"fusion-text fusion-text-12 fusion-text-no-margin\" style=\"--awb-content-alignment:justify;--awb-line-height:24px;--awb-text-transform:var(--awb-typography4-text-transform);--awb-text-color:var(--awb-color4);--awb-margin-bottom:10px;\"><p><i>L&rsquo;exp\u00e9rience que nous tirons de dossiers tels que la rupture du pipeline alimentant la raffinerie de Gargenville en 2019, c&rsquo;est que l&rsquo;industrie p\u00e9troli\u00e8re fait courir aux territoires un risque av\u00e9r\u00e9 et cons\u00e9quent de pollution des sols et des milieux aquatiques. En l&rsquo;esp\u00e8ce, le projet port\u00e9 par Bridge Energies dans le p\u00e9rim\u00e8tre de protection de captage d&rsquo;eau de deux sources essentielles pour les franciliens n&rsquo;est pas de nature \u00e0 rassurer sur son impact sur les milieux, bien au contraire. Ce chant du cygne de l&rsquo;industrie extractive francilienne concentre une dimension hautement symbolique : celle d&rsquo;un projet d\u00e9nu\u00e9 tant de perspective \u00e0 long terme que d&rsquo;int\u00e9r\u00eat public, qui menace directement des \u00e9cosyst\u00e8mes sensibles \u00e0 la faveur d&rsquo;une des industries les plus en lien avec le r\u00e9chauffement climatique<\/i>.<\/p>\n<\/div><div class=\"fusion-text fusion-text-13\"><p><b>Maxime Colin, Juriste \u00e0 FNE Ile-de-France<\/b><\/p>\n<\/div><\/div><\/div><div class=\"fusion-layout-column fusion_builder_column fusion-builder-column-6 fusion_builder_column_1_1 1_1 fusion-flex-column fusion-column-no-min-height\" style=\"--awb-padding-top:20px;--awb-padding-right:10px;--awb-padding-bottom:20px;--awb-padding-left:10px;--awb-overflow:hidden;--awb-bg-size:cover;--awb-border-color:var(--awb-color4);--awb-border-top:2px;--awb-border-right:2px;--awb-border-bottom:2px;--awb-border-left:2px;--awb-border-style:solid;--awb-border-radius:10px 10px 10px 10px;--awb-width-large:100%;--awb-margin-top-large:0px;--awb-spacing-right-large:1.92%;--awb-margin-bottom-large:0px;--awb-spacing-left-large:1.92%;--awb-width-medium:100%;--awb-order-medium:0;--awb-spacing-right-medium:1.92%;--awb-spacing-left-medium:1.92%;--awb-width-small:100%;--awb-order-small:0;--awb-spacing-right-small:1.92%;--awb-spacing-left-small:1.92%;\"><div class=\"fusion-column-wrapper fusion-column-has-shadow fusion-flex-justify-content-flex-start fusion-content-layout-column\"><div class=\"fusion-title title fusion-title-1 fusion-title-text fusion-title-size-two\" style=\"--awb-text-color:var(--awb-color4);--awb-margin-bottom:0px;--awb-font-size:18px;\"><div class=\"title-sep-container title-sep-container-left fusion-no-large-visibility fusion-no-medium-visibility fusion-no-small-visibility\"><div class=\"title-sep sep- sep-solid\" style=\"border-color:#3e3e3e;\"><\/div><\/div><span class=\"awb-title-spacer fusion-no-large-visibility fusion-no-medium-visibility fusion-no-small-visibility\"><\/span><h2 class=\"fusion-title-heading title-heading-left fusion-responsive-typography-calculated\" style=\"font-family:&quot;Montserrat&quot;;font-style:normal;font-weight:700;margin:0;font-size:1em;--fontSize:18;--minFontSize:18;line-height:1.5;\">Contacts :<\/h2><span class=\"awb-title-spacer\"><\/span><div class=\"title-sep-container title-sep-container-right\"><div class=\"title-sep sep- sep-solid\" style=\"border-color:#3e3e3e;\"><\/div><\/div><\/div><div class=\"fusion-text fusion-text-14\"><ul>\n<li aria-level=\"1\">Juliette Renaud, coordinatrice des Amis de la Terre France : <span style=\"text-decoration: underline;\"><a href=\"mailto:juliette.renaud@amisdelaterre.org\">juliette.renaud@amisdelaterre.org<\/a><\/span>, +33 6 37 65 56 40<\/li>\n<li aria-level=\"1\">Adeline Paradeise, juriste de Notre Affaire \u00e0 Tous : <a href=\"mailto:adeline.paradeise@notreaffaireatous.org\"><span style=\"text-decoration: underline;\">adeline.paradeise@notreaffaireatous.org<\/span><\/a><span style=\"text-decoration: underline;\">,<\/span> +33 6 10 53 89 60<\/li>\n<li aria-level=\"1\">Jean-Fran\u00e7ois Dupont, FNE Seine-et-Marne : <a href=\"mailto:fne77@orange.fr\"><span style=\"text-decoration: underline;\">fne77@orange.fr<\/span><\/a>, +33 6 77 14 70 40<\/li>\n<li aria-level=\"1\">Maxime Colin, Juriste \u00e0 FNE Ile-de-France : <span style=\"text-decoration: underline;\"><a href=\"mailto:maxime.colin@fne-idf.fr\">maxime.colin@fne-idf.fr<\/a><\/span>, 01 45 82 42 34<\/li>\n<\/ul>\n<\/div><\/div><\/div><\/div><\/div><div class=\"fusion-fullwidth fullwidth-box fusion-builder-row-2 fusion-flex-container has-pattern-background has-mask-background nonhundred-percent-fullwidth non-hundred-percent-height-scrolling\" style=\"--awb-border-radius-top-left:0px;--awb-border-radius-top-right:0px;--awb-border-radius-bottom-right:0px;--awb-border-radius-bottom-left:0px;--awb-flex-wrap:wrap;\" ><div class=\"fusion-builder-row fusion-row fusion-flex-align-items-flex-start fusion-flex-content-wrap\" style=\"max-width:1216.8px;margin-left: calc(-4% \/ 2 );margin-right: calc(-4% \/ 2 );\"><div class=\"fusion-layout-column fusion_builder_column fusion-builder-column-7 fusion_builder_column_1_1 1_1 fusion-flex-column\" style=\"--awb-bg-size:cover;--awb-width-large:100%;--awb-margin-top-large:0px;--awb-spacing-right-large:1.92%;--awb-margin-bottom-large:20px;--awb-spacing-left-large:1.92%;--awb-width-medium:100%;--awb-order-medium:0;--awb-spacing-right-medium:1.92%;--awb-spacing-left-medium:1.92%;--awb-width-small:100%;--awb-order-small:0;--awb-spacing-right-small:1.92%;--awb-spacing-left-small:1.92%;\"><div class=\"fusion-column-wrapper fusion-column-has-shadow fusion-flex-justify-content-flex-start fusion-content-layout-column\"><div class=\"fusion-title title fusion-title-2 fusion-sep-none fusion-title-text fusion-title-size-two\" style=\"--awb-text-color:var(--awb-color1);--awb-margin-bottom:0px;\"><h2 class=\"fusion-title-heading title-heading-left fusion-responsive-typography-calculated\" style=\"margin:0;text-transform:uppercase;--fontSize:33;line-height:1.5;\">Lire aussi<\/h2><\/div><div class=\"fusion-separator\" style=\"align-self: flex-start;margin-right:auto;margin-top:25px;margin-bottom:35px;width:100%;max-width:100px;\"><div class=\"fusion-separator-border sep-single sep-solid\" style=\"--awb-height:20px;--awb-amount:20px;--awb-sep-color:var(--awb-color4);border-color:var(--awb-color4);border-top-width:10px;\"><\/div><\/div><div class=\"fusion-blog-shortcode fusion-blog-shortcode-1 fusion-blog-archive fusion-blog-layout-grid-wrapper fusion-blog-no\"><style type=\"text\/css\">.fusion-blog-shortcode-1 .fusion-blog-layout-grid .fusion-post-grid{padding:15px;}.fusion-blog-shortcode-1 .fusion-posts-container{margin-left: -15px !important; margin-right:-15px !important;}<\/style><div class=\"fusion-posts-container fusion-posts-container-no fusion-blog-rollover fusion-blog-layout-grid fusion-blog-layout-grid-3 isotope fusion-blog-equal-heights\" data-pages=\"105\" data-grid-col-space=\"30\" style=\"margin: -15px -15px 0;min-height:500px;\"><article id=\"blog-1-post-39242\" class=\"fusion-post-grid post-39242 post type-post status-publish format-standard has-post-thumbnail hentry category-communique-de-presse acteurs_financiers-banques-fr thematique-gaz-fr thematique-petrole-et-gaz programme-programme-1-fr\">\n<div class=\"fusion-post-wrapper\" style=\"background-color:rgba(255,255,255,0);border:1px solid #2a2b3d;border-bottom-width:3px;\">\n\n\t\t\t<div class=\"fusion-flexslider flexslider fusion-flexslider-loading fusion-post-slideshow\" style=\"border-color:#2a2b3d;\">\n\t\t<ul class=\"slides\">\n\t\t\t\n\t\t\t\t\t\t\t\t\t\t\t\t\t\t<li><div  class=\"fusion-image-wrapper\" aria-haspopup=\"true\">\n\t\t\t\t<img decoding=\"async\" width=\"1350\" height=\"600\" src=\"https:\/\/reclaimfinance.org\/site\/wp-content\/uploads\/2022\/10\/1.-BANNER-SITEWEB20.png\" class=\"attachment-full size-full wp-post-image\" alt=\"\" srcset=\"https:\/\/reclaimfinance.org\/site\/wp-content\/uploads\/2022\/10\/1.-BANNER-SITEWEB20-200x89.png 200w, https:\/\/reclaimfinance.org\/site\/wp-content\/uploads\/2022\/10\/1.-BANNER-SITEWEB20-400x178.png 400w, https:\/\/reclaimfinance.org\/site\/wp-content\/uploads\/2022\/10\/1.-BANNER-SITEWEB20-600x267.png 600w, https:\/\/reclaimfinance.org\/site\/wp-content\/uploads\/2022\/10\/1.-BANNER-SITEWEB20-800x356.png 800w, https:\/\/reclaimfinance.org\/site\/wp-content\/uploads\/2022\/10\/1.-BANNER-SITEWEB20-1200x533.png 1200w, https:\/\/reclaimfinance.org\/site\/wp-content\/uploads\/2022\/10\/1.-BANNER-SITEWEB20.png 1350w\" sizes=\"(min-width: 2200px) 100vw, (min-width: 784px) 370px, (min-width: 712px) 555px, (min-width: 640px) 712px, \" \/><div class=\"fusion-rollover\">\n\t<div class=\"fusion-rollover-content\">\n\n\t\t\t\t\n\t\t\n\t\t\t\t\t\t\t\t\n\t\t\t\t\t\t\t\t\n\t\t\n\t\t\t\t\t\t<a class=\"fusion-link-wrapper\" href=\"https:\/\/reclaimfinance.org\/site\/2026\/02\/10\/totalenergies-pres-de-30-banques-tournent-desormais-le-dos-au-projet-papua-lng\/\" aria-label=\"TotalEnergies : pr\u00e8s de 30 banques tournent d\u00e9sormais le dos au projet Papua LNG\"><\/a>\n\t<\/div>\n<\/div>\n<\/div>\n<\/li>\n\t\t\t\n\t\t\t\n\t\t\t\t\t\t\t\t<\/ul>\n\t<\/div>\n\t<div class=\"fusion-post-content-wrapper\" style=\"padding:30px 25px 20px 25px;\"><div class=\"fusion-post-content post-content\"><h3 class=\"blog-shortcode-post-title entry-title\"><a href=\"https:\/\/reclaimfinance.org\/site\/2026\/02\/10\/totalenergies-pres-de-30-banques-tournent-desormais-le-dos-au-projet-papua-lng\/\">TotalEnergies : pr\u00e8s de 30 banques tournent d\u00e9sormais le dos au projet Papua LNG<\/a><\/h3><p class=\"fusion-single-line-meta\"><span class=\"vcard\" style=\"display: none;\"><span class=\"fn\"><a href=\"https:\/\/reclaimfinance.org\/site\/author\/abo\/\" title=\"Articles par Antoine Bouhey\" rel=\"author\">Antoine Bouhey<\/a><\/span><\/span><span class=\"updated\" style=\"display:none;\">2026-02-16T17:23:17+01:00<\/span><a href=\"https:\/\/reclaimfinance.org\/site\/category\/communique-de-presse\/\" rel=\"category tag\">Communiqu\u00e9s de presse<\/a><span class=\"fusion-inline-sep\">|<\/span><\/p><\/div><\/div><div class=\"fusion-clearfix\"><\/div><\/div>\n<\/article>\n<article id=\"blog-1-post-39168\" class=\"fusion-post-grid post-39168 post type-post status-publish format-standard has-post-thumbnail hentry category-communique-de-presse acteurs_financiers-assurances-fr programme-programme-1-fr\">\n<div class=\"fusion-post-wrapper\" style=\"background-color:rgba(255,255,255,0);border:1px solid #2a2b3d;border-bottom-width:3px;\">\n\n\t\t\t<div class=\"fusion-flexslider flexslider fusion-flexslider-loading fusion-post-slideshow\" style=\"border-color:#2a2b3d;\">\n\t\t<ul class=\"slides\">\n\t\t\t\n\t\t\t\t\t\t\t\t\t\t\t\t\t\t<li><div  class=\"fusion-image-wrapper\" aria-haspopup=\"true\">\n\t\t\t\t<img decoding=\"async\" width=\"1125\" height=\"500\" src=\"https:\/\/reclaimfinance.org\/site\/wp-content\/uploads\/2026\/02\/assurance-vie.png\" class=\"attachment-full size-full wp-post-image\" alt=\"Coal power station\" \/><div class=\"fusion-rollover\">\n\t<div class=\"fusion-rollover-content\">\n\n\t\t\t\t\n\t\t\n\t\t\t\t\t\t\t\t\n\t\t\t\t\t\t\t\t\n\t\t\n\t\t\t\t\t\t<a class=\"fusion-link-wrapper\" href=\"https:\/\/reclaimfinance.org\/site\/2026\/02\/05\/dereglement-climatique-lassurance-vie-toujours-au-service-de-lexpansion-des-energies-fossiles\/\" aria-label=\"D\u00e9r\u00e8glement climatique : l&rsquo;assurance-vie toujours au service de l&rsquo;expansion des \u00e9nergies fossiles\"><\/a>\n\t<\/div>\n<\/div>\n<\/div>\n<\/li>\n\t\t\t\n\t\t\t\n\t\t\t\t\t\t\t\t<\/ul>\n\t<\/div>\n\t<div class=\"fusion-post-content-wrapper\" style=\"padding:30px 25px 20px 25px;\"><div class=\"fusion-post-content post-content\"><h3 class=\"blog-shortcode-post-title entry-title\"><a href=\"https:\/\/reclaimfinance.org\/site\/2026\/02\/05\/dereglement-climatique-lassurance-vie-toujours-au-service-de-lexpansion-des-energies-fossiles\/\">D\u00e9r\u00e8glement climatique : l&rsquo;assurance-vie toujours au service de l&rsquo;expansion des \u00e9nergies fossiles<\/a><\/h3><p class=\"fusion-single-line-meta\"><span class=\"vcard\" style=\"display: none;\"><span class=\"fn\"><a href=\"https:\/\/reclaimfinance.org\/site\/author\/aman\/\" title=\"Articles par Aatira\u00ef Manickawasagar\" rel=\"author\">Aatira\u00ef Manickawasagar<\/a><\/span><\/span><span class=\"updated\" style=\"display:none;\">2026-02-05T00:06:11+01:00<\/span><a href=\"https:\/\/reclaimfinance.org\/site\/category\/communique-de-presse\/\" rel=\"category tag\">Communiqu\u00e9s de presse<\/a><span class=\"fusion-inline-sep\">|<\/span><\/p><\/div><\/div><div class=\"fusion-clearfix\"><\/div><\/div>\n<\/article>\n<article id=\"blog-1-post-39117\" class=\"fusion-post-grid post-39117 post type-post status-publish format-standard has-post-thumbnail hentry category-communique-de-presse acteurs_financiers-banques-fr thematique-energies-fossiles thematique-gaz-fr programme-programme-1-fr\">\n<div class=\"fusion-post-wrapper\" style=\"background-color:rgba(255,255,255,0);border:1px solid #2a2b3d;border-bottom-width:3px;\">\n\n\t\t\t<div class=\"fusion-flexslider flexslider fusion-flexslider-loading fusion-post-slideshow\" style=\"border-color:#2a2b3d;\">\n\t\t<ul class=\"slides\">\n\t\t\t\n\t\t\t\t\t\t\t\t\t\t\t\t\t\t<li><div  class=\"fusion-image-wrapper\" aria-haspopup=\"true\">\n\t\t\t\t<img decoding=\"async\" width=\"1125\" height=\"500\" src=\"https:\/\/reclaimfinance.org\/site\/wp-content\/uploads\/2026\/01\/Mozambique-LNG-1.png\" class=\"attachment-full size-full wp-post-image\" alt=\"\" \/><div class=\"fusion-rollover\">\n\t<div class=\"fusion-rollover-content\">\n\n\t\t\t\t\n\t\t\n\t\t\t\t\t\t\t\t\n\t\t\t\t\t\t\t\t\n\t\t\n\t\t\t\t\t\t<a class=\"fusion-link-wrapper\" href=\"https:\/\/reclaimfinance.org\/site\/2026\/01\/29\/relance-de-mozambique-lng-les-banques-francaises-appelees-a-se-desolidariser-du-projet\/\" aria-label=\"Relance de Mozambique LNG : les banques fran\u00e7aises appel\u00e9es \u00e0 se d\u00e9solidariser du projet\"><\/a>\n\t<\/div>\n<\/div>\n<\/div>\n<\/li>\n\t\t\t\n\t\t\t\n\t\t\t\t\t\t\t\t<\/ul>\n\t<\/div>\n\t<div class=\"fusion-post-content-wrapper\" style=\"padding:30px 25px 20px 25px;\"><div class=\"fusion-post-content post-content\"><h3 class=\"blog-shortcode-post-title entry-title\"><a href=\"https:\/\/reclaimfinance.org\/site\/2026\/01\/29\/relance-de-mozambique-lng-les-banques-francaises-appelees-a-se-desolidariser-du-projet\/\">Relance de Mozambique LNG : les banques fran\u00e7aises appel\u00e9es \u00e0 se d\u00e9solidariser du projet<\/a><\/h3><p class=\"fusion-single-line-meta\"><span class=\"vcard\" style=\"display: none;\"><span class=\"fn\"><a href=\"https:\/\/reclaimfinance.org\/site\/author\/aman\/\" title=\"Articles par Aatira\u00ef Manickawasagar\" rel=\"author\">Aatira\u00ef Manickawasagar<\/a><\/span><\/span><span class=\"updated\" style=\"display:none;\">2026-01-29T17:06:20+01:00<\/span><a href=\"https:\/\/reclaimfinance.org\/site\/category\/communique-de-presse\/\" rel=\"category tag\">Communiqu\u00e9s de presse<\/a><span class=\"fusion-inline-sep\">|<\/span><\/p><\/div><\/div><div class=\"fusion-clearfix\"><\/div><\/div>\n<\/article>\n<div class=\"fusion-clearfix\"><\/div><\/div><\/div><\/div><\/div><\/div><\/div><\/p>\n","protected":false},"excerpt":{"rendered":"","protected":false},"author":26,"featured_media":34725,"comment_status":"closed","ping_status":"open","sticky":false,"template":"","format":"standard","meta":{"footnotes":""},"categories":[36],"tags":[],"acteurs_financiers":[],"thematique":[2415],"webinar_type":[],"programme":[],"class_list":["post-34724","post","type-post","status-publish","format-standard","has-post-thumbnail","hentry","category-communique-de-presse","thematique-energies-fossiles"],"yoast_head":"<!-- This site is optimized with the Yoast SEO plugin v23.1 - https:\/\/yoast.com\/wordpress\/plugins\/seo\/ -->\n<title>Forages p\u00e9troliers : six associations soutiennent le recours en justice d\u2019Eau de Paris - Reclaim Finance<\/title>\n<meta name=\"description\" content=\"Le 24 janvier dernier, la pr\u00e9fecture de Seine-et-Marne a autoris\u00e9 la compagnie p\u00e9troli\u00e8re Bridge \u00c9nergies \u00e0 forer deux nouveaux puits de p\u00e9trole \u00e0 Nonville.\" \/>\n<meta name=\"robots\" content=\"index, follow, max-snippet:-1, max-image-preview:large, max-video-preview:-1\" \/>\n<link rel=\"canonical\" href=\"https:\/\/reclaimfinance.org\/site\/2024\/10\/24\/forages-petroliers-six-associations-soutiennent-le-recours-en-justice-deau-de-paris\/\" \/>\n<meta property=\"og:locale\" content=\"fr_FR\" \/>\n<meta property=\"og:type\" content=\"article\" \/>\n<meta property=\"og:title\" content=\"Forages p\u00e9troliers : six associations soutiennent le recours en justice d\u2019Eau de Paris - Reclaim Finance\" \/>\n<meta property=\"og:description\" content=\"Le 24 janvier dernier, la pr\u00e9fecture de Seine-et-Marne a autoris\u00e9 la compagnie p\u00e9troli\u00e8re Bridge \u00c9nergies \u00e0 forer deux nouveaux puits de p\u00e9trole \u00e0 Nonville.\" \/>\n<meta property=\"og:url\" content=\"https:\/\/reclaimfinance.org\/site\/2024\/10\/24\/forages-petroliers-six-associations-soutiennent-le-recours-en-justice-deau-de-paris\/\" \/>\n<meta property=\"og:site_name\" content=\"Reclaim Finance\" \/>\n<meta property=\"article:publisher\" content=\"https:\/\/www.facebook.com\/ReclaimFinanceONG\" \/>\n<meta property=\"article:published_time\" content=\"2024-10-24T09:19:12+00:00\" \/>\n<meta property=\"article:modified_time\" content=\"2024-10-24T09:19:46+00:00\" \/>\n<meta property=\"og:image\" content=\"https:\/\/reclaimfinance.org\/site\/wp-content\/uploads\/2024\/10\/Forage-petrolier.jpg\" \/>\n\t<meta property=\"og:image:width\" content=\"1350\" \/>\n\t<meta property=\"og:image:height\" content=\"600\" \/>\n\t<meta property=\"og:image:type\" content=\"image\/jpeg\" \/>\n<meta name=\"author\" content=\"L\u00e9o Martin\" \/>\n<meta name=\"twitter:card\" content=\"summary_large_image\" \/>\n<meta name=\"twitter:creator\" content=\"@ReclaimFinance\" \/>\n<meta name=\"twitter:site\" content=\"@ReclaimFinance\" \/>\n<meta name=\"twitter:label1\" content=\"\u00c9crit par\" \/>\n\t<meta name=\"twitter:data1\" content=\"L\u00e9o Martin\" \/>\n\t<meta name=\"twitter:label2\" content=\"Dur\u00e9e de lecture estim\u00e9e\" \/>\n\t<meta name=\"twitter:data2\" content=\"6 minutes\" \/>\n<script type=\"application\/ld+json\" class=\"yoast-schema-graph\">{\"@context\":\"https:\/\/schema.org\",\"@graph\":[{\"@type\":\"Article\",\"@id\":\"https:\/\/reclaimfinance.org\/site\/2024\/10\/24\/forages-petroliers-six-associations-soutiennent-le-recours-en-justice-deau-de-paris\/#article\",\"isPartOf\":{\"@id\":\"https:\/\/reclaimfinance.org\/site\/2024\/10\/24\/forages-petroliers-six-associations-soutiennent-le-recours-en-justice-deau-de-paris\/\"},\"author\":{\"name\":\"L\u00e9o Martin\",\"@id\":\"https:\/\/reclaimfinance.org\/site\/#\/schema\/person\/92f0f8d102e5e411f092871d8eeb3db1\"},\"headline\":\"Forages p\u00e9troliers : six associations soutiennent le recours en justice d\u2019Eau de Paris\",\"datePublished\":\"2024-10-24T09:19:12+00:00\",\"dateModified\":\"2024-10-24T09:19:46+00:00\",\"mainEntityOfPage\":{\"@id\":\"https:\/\/reclaimfinance.org\/site\/2024\/10\/24\/forages-petroliers-six-associations-soutiennent-le-recours-en-justice-deau-de-paris\/\"},\"wordCount\":4216,\"publisher\":{\"@id\":\"https:\/\/reclaimfinance.org\/site\/#organization\"},\"image\":{\"@id\":\"https:\/\/reclaimfinance.org\/site\/2024\/10\/24\/forages-petroliers-six-associations-soutiennent-le-recours-en-justice-deau-de-paris\/#primaryimage\"},\"thumbnailUrl\":\"https:\/\/reclaimfinance.org\/site\/wp-content\/uploads\/2024\/10\/Forage-petrolier.jpg\",\"articleSection\":[\"Communiqu\u00e9s de presse\"],\"inLanguage\":\"fr-FR\"},{\"@type\":\"WebPage\",\"@id\":\"https:\/\/reclaimfinance.org\/site\/2024\/10\/24\/forages-petroliers-six-associations-soutiennent-le-recours-en-justice-deau-de-paris\/\",\"url\":\"https:\/\/reclaimfinance.org\/site\/2024\/10\/24\/forages-petroliers-six-associations-soutiennent-le-recours-en-justice-deau-de-paris\/\",\"name\":\"Forages p\u00e9troliers : six associations soutiennent le recours en justice d\u2019Eau de Paris - Reclaim Finance\",\"isPartOf\":{\"@id\":\"https:\/\/reclaimfinance.org\/site\/#website\"},\"primaryImageOfPage\":{\"@id\":\"https:\/\/reclaimfinance.org\/site\/2024\/10\/24\/forages-petroliers-six-associations-soutiennent-le-recours-en-justice-deau-de-paris\/#primaryimage\"},\"image\":{\"@id\":\"https:\/\/reclaimfinance.org\/site\/2024\/10\/24\/forages-petroliers-six-associations-soutiennent-le-recours-en-justice-deau-de-paris\/#primaryimage\"},\"thumbnailUrl\":\"https:\/\/reclaimfinance.org\/site\/wp-content\/uploads\/2024\/10\/Forage-petrolier.jpg\",\"datePublished\":\"2024-10-24T09:19:12+00:00\",\"dateModified\":\"2024-10-24T09:19:46+00:00\",\"description\":\"Le 24 janvier dernier, la pr\u00e9fecture de Seine-et-Marne a autoris\u00e9 la compagnie p\u00e9troli\u00e8re Bridge \u00c9nergies \u00e0 forer deux nouveaux puits de p\u00e9trole \u00e0 Nonville.\",\"breadcrumb\":{\"@id\":\"https:\/\/reclaimfinance.org\/site\/2024\/10\/24\/forages-petroliers-six-associations-soutiennent-le-recours-en-justice-deau-de-paris\/#breadcrumb\"},\"inLanguage\":\"fr-FR\",\"potentialAction\":[{\"@type\":\"ReadAction\",\"target\":[\"https:\/\/reclaimfinance.org\/site\/2024\/10\/24\/forages-petroliers-six-associations-soutiennent-le-recours-en-justice-deau-de-paris\/\"]}]},{\"@type\":\"ImageObject\",\"inLanguage\":\"fr-FR\",\"@id\":\"https:\/\/reclaimfinance.org\/site\/2024\/10\/24\/forages-petroliers-six-associations-soutiennent-le-recours-en-justice-deau-de-paris\/#primaryimage\",\"url\":\"https:\/\/reclaimfinance.org\/site\/wp-content\/uploads\/2024\/10\/Forage-petrolier.jpg\",\"contentUrl\":\"https:\/\/reclaimfinance.org\/site\/wp-content\/uploads\/2024\/10\/Forage-petrolier.jpg\",\"width\":1350,\"height\":600},{\"@type\":\"BreadcrumbList\",\"@id\":\"https:\/\/reclaimfinance.org\/site\/2024\/10\/24\/forages-petroliers-six-associations-soutiennent-le-recours-en-justice-deau-de-paris\/#breadcrumb\",\"itemListElement\":[{\"@type\":\"ListItem\",\"position\":1,\"name\":\"Accueil\",\"item\":\"https:\/\/reclaimfinance.org\/site\/\"},{\"@type\":\"ListItem\",\"position\":2,\"name\":\"Forages p\u00e9troliers : six associations soutiennent le recours en justice d\u2019Eau de Paris\"}]},{\"@type\":\"WebSite\",\"@id\":\"https:\/\/reclaimfinance.org\/site\/#website\",\"url\":\"https:\/\/reclaimfinance.org\/site\/\",\"name\":\"Reclaim Finance\",\"description\":\"Reprendre le contr\u00f4le de la finance pour le climat et la biodiversit\u00e9\",\"publisher\":{\"@id\":\"https:\/\/reclaimfinance.org\/site\/#organization\"},\"potentialAction\":[{\"@type\":\"SearchAction\",\"target\":{\"@type\":\"EntryPoint\",\"urlTemplate\":\"https:\/\/reclaimfinance.org\/site\/?s={search_term_string}\"},\"query-input\":\"required name=search_term_string\"}],\"inLanguage\":\"fr-FR\"},{\"@type\":\"Organization\",\"@id\":\"https:\/\/reclaimfinance.org\/site\/#organization\",\"name\":\"Reclaim Finance\",\"url\":\"https:\/\/reclaimfinance.org\/site\/\",\"logo\":{\"@type\":\"ImageObject\",\"inLanguage\":\"fr-FR\",\"@id\":\"https:\/\/reclaimfinance.org\/site\/#\/schema\/logo\/image\/\",\"url\":\"https:\/\/reclaimfinance.org\/site\/wp-content\/uploads\/2020\/03\/logo_RC_space.png\",\"contentUrl\":\"https:\/\/reclaimfinance.org\/site\/wp-content\/uploads\/2020\/03\/logo_RC_space.png\",\"width\":800,\"height\":800,\"caption\":\"Reclaim Finance\"},\"image\":{\"@id\":\"https:\/\/reclaimfinance.org\/site\/#\/schema\/logo\/image\/\"},\"sameAs\":[\"https:\/\/www.facebook.com\/ReclaimFinanceONG\",\"https:\/\/x.com\/ReclaimFinance\",\"https:\/\/www.instagram.com\/reclaimfinance\/\",\"https:\/\/www.linkedin.com\/company\/reclaim-finance-ong-think-tank\"]},{\"@type\":\"Person\",\"@id\":\"https:\/\/reclaimfinance.org\/site\/#\/schema\/person\/92f0f8d102e5e411f092871d8eeb3db1\",\"name\":\"L\u00e9o Martin\",\"image\":{\"@type\":\"ImageObject\",\"inLanguage\":\"fr-FR\",\"@id\":\"https:\/\/reclaimfinance.org\/site\/#\/schema\/person\/image\/\",\"url\":\"https:\/\/secure.gravatar.com\/avatar\/cebd89becb7f7185483789d7f51a21cb?s=96&d=mm&r=g\",\"contentUrl\":\"https:\/\/secure.gravatar.com\/avatar\/cebd89becb7f7185483789d7f51a21cb?s=96&d=mm&r=g\",\"caption\":\"L\u00e9o Martin\"},\"url\":\"https:\/\/reclaimfinance.org\/site\/author\/lma\/\"}]}<\/script>\n<!-- \/ Yoast SEO plugin. -->","yoast_head_json":{"title":"Forages p\u00e9troliers : six associations soutiennent le recours en justice d\u2019Eau de Paris - Reclaim Finance","description":"Le 24 janvier dernier, la pr\u00e9fecture de Seine-et-Marne a autoris\u00e9 la compagnie p\u00e9troli\u00e8re Bridge \u00c9nergies \u00e0 forer deux nouveaux puits de p\u00e9trole \u00e0 Nonville.","robots":{"index":"index","follow":"follow","max-snippet":"max-snippet:-1","max-image-preview":"max-image-preview:large","max-video-preview":"max-video-preview:-1"},"canonical":"https:\/\/reclaimfinance.org\/site\/2024\/10\/24\/forages-petroliers-six-associations-soutiennent-le-recours-en-justice-deau-de-paris\/","og_locale":"fr_FR","og_type":"article","og_title":"Forages p\u00e9troliers : six associations soutiennent le recours en justice d\u2019Eau de Paris - Reclaim Finance","og_description":"Le 24 janvier dernier, la pr\u00e9fecture de Seine-et-Marne a autoris\u00e9 la compagnie p\u00e9troli\u00e8re Bridge \u00c9nergies \u00e0 forer deux nouveaux puits de p\u00e9trole \u00e0 Nonville.","og_url":"https:\/\/reclaimfinance.org\/site\/2024\/10\/24\/forages-petroliers-six-associations-soutiennent-le-recours-en-justice-deau-de-paris\/","og_site_name":"Reclaim Finance","article_publisher":"https:\/\/www.facebook.com\/ReclaimFinanceONG","article_published_time":"2024-10-24T09:19:12+00:00","article_modified_time":"2024-10-24T09:19:46+00:00","og_image":[{"width":1350,"height":600,"url":"https:\/\/reclaimfinance.org\/site\/wp-content\/uploads\/2024\/10\/Forage-petrolier.jpg","type":"image\/jpeg"}],"author":"L\u00e9o Martin","twitter_card":"summary_large_image","twitter_creator":"@ReclaimFinance","twitter_site":"@ReclaimFinance","twitter_misc":{"\u00c9crit par":"L\u00e9o Martin","Dur\u00e9e de lecture estim\u00e9e":"6 minutes"},"schema":{"@context":"https:\/\/schema.org","@graph":[{"@type":"Article","@id":"https:\/\/reclaimfinance.org\/site\/2024\/10\/24\/forages-petroliers-six-associations-soutiennent-le-recours-en-justice-deau-de-paris\/#article","isPartOf":{"@id":"https:\/\/reclaimfinance.org\/site\/2024\/10\/24\/forages-petroliers-six-associations-soutiennent-le-recours-en-justice-deau-de-paris\/"},"author":{"name":"L\u00e9o Martin","@id":"https:\/\/reclaimfinance.org\/site\/#\/schema\/person\/92f0f8d102e5e411f092871d8eeb3db1"},"headline":"Forages p\u00e9troliers : six associations soutiennent le recours en justice d\u2019Eau de Paris","datePublished":"2024-10-24T09:19:12+00:00","dateModified":"2024-10-24T09:19:46+00:00","mainEntityOfPage":{"@id":"https:\/\/reclaimfinance.org\/site\/2024\/10\/24\/forages-petroliers-six-associations-soutiennent-le-recours-en-justice-deau-de-paris\/"},"wordCount":4216,"publisher":{"@id":"https:\/\/reclaimfinance.org\/site\/#organization"},"image":{"@id":"https:\/\/reclaimfinance.org\/site\/2024\/10\/24\/forages-petroliers-six-associations-soutiennent-le-recours-en-justice-deau-de-paris\/#primaryimage"},"thumbnailUrl":"https:\/\/reclaimfinance.org\/site\/wp-content\/uploads\/2024\/10\/Forage-petrolier.jpg","articleSection":["Communiqu\u00e9s de presse"],"inLanguage":"fr-FR"},{"@type":"WebPage","@id":"https:\/\/reclaimfinance.org\/site\/2024\/10\/24\/forages-petroliers-six-associations-soutiennent-le-recours-en-justice-deau-de-paris\/","url":"https:\/\/reclaimfinance.org\/site\/2024\/10\/24\/forages-petroliers-six-associations-soutiennent-le-recours-en-justice-deau-de-paris\/","name":"Forages p\u00e9troliers : six associations soutiennent le recours en justice d\u2019Eau de Paris - Reclaim Finance","isPartOf":{"@id":"https:\/\/reclaimfinance.org\/site\/#website"},"primaryImageOfPage":{"@id":"https:\/\/reclaimfinance.org\/site\/2024\/10\/24\/forages-petroliers-six-associations-soutiennent-le-recours-en-justice-deau-de-paris\/#primaryimage"},"image":{"@id":"https:\/\/reclaimfinance.org\/site\/2024\/10\/24\/forages-petroliers-six-associations-soutiennent-le-recours-en-justice-deau-de-paris\/#primaryimage"},"thumbnailUrl":"https:\/\/reclaimfinance.org\/site\/wp-content\/uploads\/2024\/10\/Forage-petrolier.jpg","datePublished":"2024-10-24T09:19:12+00:00","dateModified":"2024-10-24T09:19:46+00:00","description":"Le 24 janvier dernier, la pr\u00e9fecture de Seine-et-Marne a autoris\u00e9 la compagnie p\u00e9troli\u00e8re Bridge \u00c9nergies \u00e0 forer deux nouveaux puits de p\u00e9trole \u00e0 Nonville.","breadcrumb":{"@id":"https:\/\/reclaimfinance.org\/site\/2024\/10\/24\/forages-petroliers-six-associations-soutiennent-le-recours-en-justice-deau-de-paris\/#breadcrumb"},"inLanguage":"fr-FR","potentialAction":[{"@type":"ReadAction","target":["https:\/\/reclaimfinance.org\/site\/2024\/10\/24\/forages-petroliers-six-associations-soutiennent-le-recours-en-justice-deau-de-paris\/"]}]},{"@type":"ImageObject","inLanguage":"fr-FR","@id":"https:\/\/reclaimfinance.org\/site\/2024\/10\/24\/forages-petroliers-six-associations-soutiennent-le-recours-en-justice-deau-de-paris\/#primaryimage","url":"https:\/\/reclaimfinance.org\/site\/wp-content\/uploads\/2024\/10\/Forage-petrolier.jpg","contentUrl":"https:\/\/reclaimfinance.org\/site\/wp-content\/uploads\/2024\/10\/Forage-petrolier.jpg","width":1350,"height":600},{"@type":"BreadcrumbList","@id":"https:\/\/reclaimfinance.org\/site\/2024\/10\/24\/forages-petroliers-six-associations-soutiennent-le-recours-en-justice-deau-de-paris\/#breadcrumb","itemListElement":[{"@type":"ListItem","position":1,"name":"Accueil","item":"https:\/\/reclaimfinance.org\/site\/"},{"@type":"ListItem","position":2,"name":"Forages p\u00e9troliers : six associations soutiennent le recours en justice d\u2019Eau de Paris"}]},{"@type":"WebSite","@id":"https:\/\/reclaimfinance.org\/site\/#website","url":"https:\/\/reclaimfinance.org\/site\/","name":"Reclaim Finance","description":"Reprendre le contr\u00f4le de la finance pour le climat et la biodiversit\u00e9","publisher":{"@id":"https:\/\/reclaimfinance.org\/site\/#organization"},"potentialAction":[{"@type":"SearchAction","target":{"@type":"EntryPoint","urlTemplate":"https:\/\/reclaimfinance.org\/site\/?s={search_term_string}"},"query-input":"required name=search_term_string"}],"inLanguage":"fr-FR"},{"@type":"Organization","@id":"https:\/\/reclaimfinance.org\/site\/#organization","name":"Reclaim Finance","url":"https:\/\/reclaimfinance.org\/site\/","logo":{"@type":"ImageObject","inLanguage":"fr-FR","@id":"https:\/\/reclaimfinance.org\/site\/#\/schema\/logo\/image\/","url":"https:\/\/reclaimfinance.org\/site\/wp-content\/uploads\/2020\/03\/logo_RC_space.png","contentUrl":"https:\/\/reclaimfinance.org\/site\/wp-content\/uploads\/2020\/03\/logo_RC_space.png","width":800,"height":800,"caption":"Reclaim Finance"},"image":{"@id":"https:\/\/reclaimfinance.org\/site\/#\/schema\/logo\/image\/"},"sameAs":["https:\/\/www.facebook.com\/ReclaimFinanceONG","https:\/\/x.com\/ReclaimFinance","https:\/\/www.instagram.com\/reclaimfinance\/","https:\/\/www.linkedin.com\/company\/reclaim-finance-ong-think-tank"]},{"@type":"Person","@id":"https:\/\/reclaimfinance.org\/site\/#\/schema\/person\/92f0f8d102e5e411f092871d8eeb3db1","name":"L\u00e9o Martin","image":{"@type":"ImageObject","inLanguage":"fr-FR","@id":"https:\/\/reclaimfinance.org\/site\/#\/schema\/person\/image\/","url":"https:\/\/secure.gravatar.com\/avatar\/cebd89becb7f7185483789d7f51a21cb?s=96&d=mm&r=g","contentUrl":"https:\/\/secure.gravatar.com\/avatar\/cebd89becb7f7185483789d7f51a21cb?s=96&d=mm&r=g","caption":"L\u00e9o Martin"},"url":"https:\/\/reclaimfinance.org\/site\/author\/lma\/"}]}},"_links":{"self":[{"href":"https:\/\/reclaimfinance.org\/site\/wp-json\/wp\/v2\/posts\/34724"}],"collection":[{"href":"https:\/\/reclaimfinance.org\/site\/wp-json\/wp\/v2\/posts"}],"about":[{"href":"https:\/\/reclaimfinance.org\/site\/wp-json\/wp\/v2\/types\/post"}],"author":[{"embeddable":true,"href":"https:\/\/reclaimfinance.org\/site\/wp-json\/wp\/v2\/users\/26"}],"replies":[{"embeddable":true,"href":"https:\/\/reclaimfinance.org\/site\/wp-json\/wp\/v2\/comments?post=34724"}],"version-history":[{"count":2,"href":"https:\/\/reclaimfinance.org\/site\/wp-json\/wp\/v2\/posts\/34724\/revisions"}],"predecessor-version":[{"id":34731,"href":"https:\/\/reclaimfinance.org\/site\/wp-json\/wp\/v2\/posts\/34724\/revisions\/34731"}],"wp:featuredmedia":[{"embeddable":true,"href":"https:\/\/reclaimfinance.org\/site\/wp-json\/wp\/v2\/media\/34725"}],"wp:attachment":[{"href":"https:\/\/reclaimfinance.org\/site\/wp-json\/wp\/v2\/media?parent=34724"}],"wp:term":[{"taxonomy":"category","embeddable":true,"href":"https:\/\/reclaimfinance.org\/site\/wp-json\/wp\/v2\/categories?post=34724"},{"taxonomy":"post_tag","embeddable":true,"href":"https:\/\/reclaimfinance.org\/site\/wp-json\/wp\/v2\/tags?post=34724"},{"taxonomy":"acteurs_financiers","embeddable":true,"href":"https:\/\/reclaimfinance.org\/site\/wp-json\/wp\/v2\/acteurs_financiers?post=34724"},{"taxonomy":"thematique","embeddable":true,"href":"https:\/\/reclaimfinance.org\/site\/wp-json\/wp\/v2\/thematique?post=34724"},{"taxonomy":"webinar_type","embeddable":true,"href":"https:\/\/reclaimfinance.org\/site\/wp-json\/wp\/v2\/webinar_type?post=34724"},{"taxonomy":"programme","embeddable":true,"href":"https:\/\/reclaimfinance.org\/site\/wp-json\/wp\/v2\/programme?post=34724"}],"curies":[{"name":"wp","href":"https:\/\/api.w.org\/{rel}","templated":true}]}}