{"id":34896,"date":"2024-11-18T15:52:15","date_gmt":"2024-11-18T14:52:15","guid":{"rendered":"https:\/\/reclaimfinance.org\/site\/?p=34896"},"modified":"2024-11-18T18:19:10","modified_gmt":"2024-11-18T17:19:10","slug":"ce-que-les-commissaires-europeens-disent-de-la-finance-durable","status":"publish","type":"post","link":"https:\/\/reclaimfinance.org\/site\/2024\/11\/18\/ce-que-les-commissaires-europeens-disent-de-la-finance-durable\/","title":{"rendered":"Ce que les commissaires europ\u00e9ens disent de la finance durable"},"content":{"rendered":"<p><div class=\"fusion-fullwidth fullwidth-box fusion-builder-row-1 fusion-flex-container has-pattern-background has-mask-background nonhundred-percent-fullwidth non-hundred-percent-height-scrolling\" style=\"--awb-border-radius-top-left:0px;--awb-border-radius-top-right:0px;--awb-border-radius-bottom-right:0px;--awb-border-radius-bottom-left:0px;--awb-margin-bottom:20px;--awb-flex-wrap:wrap;\" ><div class=\"fusion-builder-row fusion-row fusion-flex-align-items-flex-start fusion-flex-justify-content-center fusion-flex-content-wrap\" style=\"max-width:1216.8px;margin-left: calc(-4% \/ 2 );margin-right: calc(-4% \/ 2 );\"><div class=\"fusion-layout-column fusion_builder_column fusion-builder-column-0 fusion_builder_column_1_1 1_1 fusion-flex-column\" style=\"--awb-bg-size:cover;--awb-width-large:100%;--awb-margin-top-large:0px;--awb-spacing-right-large:1.92%;--awb-margin-bottom-large:20px;--awb-spacing-left-large:1.92%;--awb-width-medium:100%;--awb-order-medium:0;--awb-spacing-right-medium:1.92%;--awb-spacing-left-medium:1.92%;--awb-width-small:100%;--awb-order-small:0;--awb-spacing-right-small:1.92%;--awb-spacing-left-small:1.92%;\"><div class=\"fusion-column-wrapper fusion-column-has-shadow fusion-flex-justify-content-flex-start fusion-content-layout-column\"><div class=\"fusion-text fusion-text-1\" style=\"--awb-content-alignment:justify;--awb-text-color:var(--awb-color4);--awb-text-font-family:&quot;Montserrat&quot;;--awb-text-font-style:normal;--awb-text-font-weight:700;\"><p>En cinq jours, le Parlement europ\u00e9en a organis\u00e9 27 auditions pour examiner les positions des 27 commissaires europ\u00e9ens d\u00e9sign\u00e9s. Michael McGrath, Maria Lu\u00eds Albuquerque, Wopke Hoekstra et Teresa Ribera Rodriguez ont notamment \u00e9t\u00e9 amen\u00e9s \u00e0 se prononcer sur des sujets tels que la mise en \u0153uvre de la Directive sur le Devoir de Vigilance (CSDDD), la lutte contre le greenwashing, ou le r\u00f4le du financement priv\u00e9 dans la transition \u00e9cologique. Reclaim Finance revient sur les r\u00e9ponses et les silences des candidats qui offrent un aper\u00e7u pr\u00e9cieux de l&rsquo;orientation que pourrait prendre la Commission Europ\u00e9enne en mati\u00e8re de finance durable.<\/p>\n<\/div><div class=\"fusion-text fusion-text-2\" style=\"--awb-content-alignment:justify;\"><p>Tous les cinq ans, avant chaque prise de fonction du Coll\u00e8ge des Commissaires europ\u00e9ens, le Parlement europ\u00e9en est amen\u00e9 \u00e0 auditionner les Commissaires d\u00e9sign\u00e9s et \u00e0 se prononcer sur leur nomination. Ces auditions permettent aux d\u00e9put\u00e9s europ\u00e9ens d&rsquo;\u00e9valuer les comp\u00e9tences et les visions des candidats pour leurs futurs portefeuilles. Cette \u00e9tape est souvent une formalit\u00e9 mais se heurte cette fois \u00e0 des pressions politiques in\u00e9dites, en particulier sur les sujets li\u00e9s au climat.<\/p>\n<p>Reclaim Finance a cherch\u00e9 \u00e0 conna\u00eetre la vision des commissaires concern\u00e9s sur le climat et les moyens de financer la transition. Et, si Teresa Ribera Rodr\u00edguez et Wopke Hoekstra n&rsquo;ont pas eu l&rsquo;occasion de s&rsquo;exprimer de mani\u00e8re extensive sur les sujets li\u00e9s au financement priv\u00e9 de la transition ou sont rest\u00e9s \u00e9vasifs, Maria Lu\u00eds Albuquerque et Michael McGrath ont apport\u00e9 des \u00e9claircissements importants.<\/p>\n<\/div><\/div><\/div><div class=\"fusion-layout-column fusion_builder_column fusion-builder-column-1 fusion_builder_column_1_4 1_4 fusion-flex-column\" style=\"--awb-bg-size:cover;--awb-width-large:25%;--awb-margin-top-large:0px;--awb-spacing-right-large:7.68%;--awb-margin-bottom-large:20px;--awb-spacing-left-large:7.68%;--awb-width-medium:25%;--awb-order-medium:0;--awb-spacing-right-medium:7.68%;--awb-spacing-left-medium:7.68%;--awb-width-small:50%;--awb-order-small:0;--awb-spacing-right-small:3.84%;--awb-spacing-left-small:3.84%;\"><div class=\"fusion-column-wrapper fusion-column-has-shadow fusion-flex-justify-content-flex-start fusion-content-layout-column\"><div class=\"fusion-person person fusion-person-center fusion-person-1 fusion-person-icon-top\" style=\"--awb-pic-style-color:#8ac56b;--awb-pic-borderradius:50%;--awb-margin-top:0px;--awb-margin-right:0px;--awb-margin-bottom:0px;--awb-margin-left:0px;\"><div class=\"person-shortcode-image-wrapper\"><div class=\"person-image-container hover-type-none person-rounded-overflow\" style=\"-webkit-border-radius:50%;-moz-border-radius:50%;border-radius:50%;border:0px solid #494848;-webkit-border-radius:50%;-moz-border-radius:50%;border-radius:50%;\"><img decoding=\"async\" class=\"person-img img-responsive wp-image-34907\" width=\"680\" height=\"680\" src=\"https:\/\/reclaimfinance.org\/site\/wp-content\/uploads\/2024\/11\/Teresa_Ribera_Rodriguez_Commissioners-designate_2024-2029.png\" alt=\"Teresa Ribera Rodr\u00edguez \" srcset=\"https:\/\/reclaimfinance.org\/site\/wp-content\/uploads\/2024\/11\/Teresa_Ribera_Rodriguez_Commissioners-designate_2024-2029-200x200.png 200w, https:\/\/reclaimfinance.org\/site\/wp-content\/uploads\/2024\/11\/Teresa_Ribera_Rodriguez_Commissioners-designate_2024-2029-400x400.png 400w, https:\/\/reclaimfinance.org\/site\/wp-content\/uploads\/2024\/11\/Teresa_Ribera_Rodriguez_Commissioners-designate_2024-2029-600x600.png 600w, https:\/\/reclaimfinance.org\/site\/wp-content\/uploads\/2024\/11\/Teresa_Ribera_Rodriguez_Commissioners-designate_2024-2029.png 680w\" sizes=\"(max-width: 1024px) 100vw, (max-width: 640px) 100vw, 400px\" \/><\/div><\/div><div class=\"person-desc\"><div class=\"person-author\"><div class=\"person-author-wrapper\"><span class=\"person-name\">Teresa Ribera Rodr\u00edguez <\/span><span class=\"person-title\"> <\/span><\/div><\/div><div class=\"person-content fusion-clearfix\">Executive Vice-President for Clean, Just and Competitive Transition<\/div><\/div><\/div><\/div><\/div><div class=\"fusion-layout-column fusion_builder_column fusion-builder-column-2 fusion_builder_column_1_4 1_4 fusion-flex-column\" style=\"--awb-bg-size:cover;--awb-width-large:25%;--awb-margin-top-large:0px;--awb-spacing-right-large:7.68%;--awb-margin-bottom-large:20px;--awb-spacing-left-large:7.68%;--awb-width-medium:25%;--awb-order-medium:0;--awb-spacing-right-medium:7.68%;--awb-spacing-left-medium:7.68%;--awb-width-small:50%;--awb-order-small:0;--awb-spacing-right-small:3.84%;--awb-spacing-left-small:3.84%;\"><div class=\"fusion-column-wrapper fusion-column-has-shadow fusion-flex-justify-content-flex-start fusion-content-layout-column\"><div class=\"fusion-person person fusion-person-center fusion-person-2 fusion-person-icon-top\" style=\"--awb-pic-style-color:#8ac56b;--awb-pic-borderradius:50%;--awb-margin-top:0px;--awb-margin-right:0px;--awb-margin-bottom:0px;--awb-margin-left:0px;\"><div class=\"person-shortcode-image-wrapper\"><div class=\"person-image-container hover-type-none person-rounded-overflow\" style=\"-webkit-border-radius:50%;-moz-border-radius:50%;border-radius:50%;border:0px solid #494848;-webkit-border-radius:50%;-moz-border-radius:50%;border-radius:50%;\"><img decoding=\"async\" class=\"person-img img-responsive wp-image-34908\" width=\"680\" height=\"680\" src=\"https:\/\/reclaimfinance.org\/site\/wp-content\/uploads\/2024\/11\/Wopke-Hoekstra-salary.png.jpg\" alt=\"Wopke Hoekstra \" srcset=\"https:\/\/reclaimfinance.org\/site\/wp-content\/uploads\/2024\/11\/Wopke-Hoekstra-salary.png-200x200.jpg 200w, https:\/\/reclaimfinance.org\/site\/wp-content\/uploads\/2024\/11\/Wopke-Hoekstra-salary.png-400x400.jpg 400w, https:\/\/reclaimfinance.org\/site\/wp-content\/uploads\/2024\/11\/Wopke-Hoekstra-salary.png-600x600.jpg 600w, https:\/\/reclaimfinance.org\/site\/wp-content\/uploads\/2024\/11\/Wopke-Hoekstra-salary.png.jpg 680w\" sizes=\"(max-width: 1024px) 100vw, (max-width: 640px) 100vw, 400px\" \/><\/div><\/div><div class=\"person-desc\"><div class=\"person-author\"><div class=\"person-author-wrapper\"><span class=\"person-name\">Wopke Hoekstra <\/span><span class=\"person-title\"> <\/span><\/div><\/div><div class=\"person-content fusion-clearfix\">Commissioner for Climate, Net Zero and Clean Growth<\/div><\/div><\/div><\/div><\/div><div class=\"fusion-layout-column fusion_builder_column fusion-builder-column-3 fusion_builder_column_1_4 1_4 fusion-flex-column\" style=\"--awb-bg-size:cover;--awb-width-large:25%;--awb-margin-top-large:0px;--awb-spacing-right-large:7.68%;--awb-margin-bottom-large:20px;--awb-spacing-left-large:7.68%;--awb-width-medium:25%;--awb-order-medium:0;--awb-spacing-right-medium:7.68%;--awb-spacing-left-medium:7.68%;--awb-width-small:50%;--awb-order-small:0;--awb-spacing-right-small:3.84%;--awb-spacing-left-small:3.84%;\"><div class=\"fusion-column-wrapper fusion-column-has-shadow fusion-flex-justify-content-flex-start fusion-content-layout-column\"><div class=\"fusion-person person fusion-person-center fusion-person-3 fusion-person-icon-top\" style=\"--awb-pic-style-color:#8ac56b;--awb-pic-borderradius:50%;--awb-margin-top:0px;--awb-margin-right:0px;--awb-margin-bottom:0px;--awb-margin-left:0px;\"><div class=\"person-shortcode-image-wrapper\"><div class=\"person-image-container hover-type-none person-rounded-overflow\" style=\"-webkit-border-radius:50%;-moz-border-radius:50%;border-radius:50%;border:0px solid #494848;-webkit-border-radius:50%;-moz-border-radius:50%;border-radius:50%;\"><img decoding=\"async\" class=\"person-img img-responsive wp-image-34905\" width=\"680\" height=\"680\" src=\"https:\/\/reclaimfinance.org\/site\/wp-content\/uploads\/2024\/11\/Maria-Luis-Albuquerque-salary.png.jpg\" alt=\"Maria Lu\u00eds Albuquerque \" srcset=\"https:\/\/reclaimfinance.org\/site\/wp-content\/uploads\/2024\/11\/Maria-Luis-Albuquerque-salary.png-200x200.jpg 200w, https:\/\/reclaimfinance.org\/site\/wp-content\/uploads\/2024\/11\/Maria-Luis-Albuquerque-salary.png-400x400.jpg 400w, https:\/\/reclaimfinance.org\/site\/wp-content\/uploads\/2024\/11\/Maria-Luis-Albuquerque-salary.png-600x600.jpg 600w, https:\/\/reclaimfinance.org\/site\/wp-content\/uploads\/2024\/11\/Maria-Luis-Albuquerque-salary.png.jpg 680w\" sizes=\"(max-width: 1024px) 100vw, (max-width: 640px) 100vw, 400px\" \/><\/div><\/div><div class=\"person-desc\"><div class=\"person-author\"><div class=\"person-author-wrapper\"><span class=\"person-name\">Maria Lu\u00eds Albuquerque <\/span><span class=\"person-title\"> <\/span><\/div><\/div><div class=\"person-content fusion-clearfix\">Commissioner for Financial Services and the Savings and Investments Union<\/div><\/div><\/div><\/div><\/div><div class=\"fusion-layout-column fusion_builder_column fusion-builder-column-4 fusion_builder_column_1_4 1_4 fusion-flex-column\" style=\"--awb-bg-size:cover;--awb-width-large:25%;--awb-margin-top-large:0px;--awb-spacing-right-large:7.68%;--awb-margin-bottom-large:20px;--awb-spacing-left-large:7.68%;--awb-width-medium:25%;--awb-order-medium:0;--awb-spacing-right-medium:7.68%;--awb-spacing-left-medium:7.68%;--awb-width-small:50%;--awb-order-small:0;--awb-spacing-right-small:3.84%;--awb-spacing-left-small:3.84%;\"><div class=\"fusion-column-wrapper fusion-column-has-shadow fusion-flex-justify-content-flex-start fusion-content-layout-column\"><div class=\"fusion-person person fusion-person-center fusion-person-4 fusion-person-icon-top\" style=\"--awb-pic-style-color:#8ac56b;--awb-pic-borderradius:50%;--awb-margin-top:0px;--awb-margin-right:0px;--awb-margin-bottom:0px;--awb-margin-left:0px;\"><div class=\"person-shortcode-image-wrapper\"><div class=\"person-image-container hover-type-none person-rounded-overflow\" style=\"-webkit-border-radius:50%;-moz-border-radius:50%;border-radius:50%;border:0px solid #494848;-webkit-border-radius:50%;-moz-border-radius:50%;border-radius:50%;\"><img decoding=\"async\" class=\"person-img img-responsive wp-image-34906\" width=\"680\" height=\"680\" src=\"https:\/\/reclaimfinance.org\/site\/wp-content\/uploads\/2024\/11\/Michael-McGrath.jpg\" alt=\"Michael McGrath \" srcset=\"https:\/\/reclaimfinance.org\/site\/wp-content\/uploads\/2024\/11\/Michael-McGrath-200x200.jpg 200w, https:\/\/reclaimfinance.org\/site\/wp-content\/uploads\/2024\/11\/Michael-McGrath-400x400.jpg 400w, https:\/\/reclaimfinance.org\/site\/wp-content\/uploads\/2024\/11\/Michael-McGrath-600x600.jpg 600w, https:\/\/reclaimfinance.org\/site\/wp-content\/uploads\/2024\/11\/Michael-McGrath.jpg 680w\" sizes=\"(max-width: 1024px) 100vw, (max-width: 640px) 100vw, 400px\" \/><\/div><\/div><div class=\"person-desc\"><div class=\"person-author\"><div class=\"person-author-wrapper\"><span class=\"person-name\">Michael McGrath <\/span><span class=\"person-title\"> <\/span><\/div><\/div><div class=\"person-content fusion-clearfix\">Commissioner for Democracy, Justice, and the Rule of Law<\/div><\/div><\/div><\/div><\/div><div class=\"fusion-layout-column fusion_builder_column fusion-builder-column-5 fusion_builder_column_1_1 1_1 fusion-flex-column\" style=\"--awb-bg-size:cover;--awb-width-large:100%;--awb-margin-top-large:0px;--awb-spacing-right-large:1.92%;--awb-margin-bottom-large:20px;--awb-spacing-left-large:1.92%;--awb-width-medium:100%;--awb-order-medium:0;--awb-spacing-right-medium:1.92%;--awb-spacing-left-medium:1.92%;--awb-width-small:100%;--awb-order-small:0;--awb-spacing-right-small:1.92%;--awb-spacing-left-small:1.92%;\"><div class=\"fusion-column-wrapper fusion-column-has-shadow fusion-flex-justify-content-flex-start fusion-content-layout-column\"><div class=\"accordian fusion-accordian\" style=\"margin-bottom:40px;--awb-margin-bottom:40px;--awb-padding-top:20px;--awb-border-size:1px;--awb-icon-size:13px;--awb-content-font-size:16px;--awb-icon-alignment:left;--awb-hover-color:#f9f9f9;--awb-border-color:#cccccc;--awb-background-color:#ffffff;--awb-divider-color:#c1c1c1;--awb-divider-hover-color:#c1c1c1;--awb-icon-color:var(--awb-color7);--awb-title-color:#ffffff;--awb-content-color:#e5e3e3;--awb-icon-box-color:var(--awb-custom14);--awb-toggle-hover-accent-color:#8ac56b;--awb-toggle-active-accent-color:var(--awb-color4);--awb-title-font-family:&quot;Montserrat&quot;;--awb-title-font-weight:500;--awb-title-font-style:normal;--awb-title-font-size:19px;--awb-content-font-family:&quot;Montserrat&quot;;--awb-content-font-style:normal;--awb-content-font-weight:400;\"><div class=\"panel-group fusion-toggle-icon-boxed\" id=\"accordion-34896-1\"><div class=\"fusion-panel panel-default panel-de46941feb7d8523e fusion-toggle-has-divider\" style=\"--awb-title-color:#ffffff;\"><div class=\"panel-heading\"><h4 class=\"panel-title toggle\" id=\"toggle_de46941feb7d8523e\"><a aria-expanded=\"false\" aria-controls=\"de46941feb7d8523e\" role=\"button\" data-toggle=\"collapse\" data-parent=\"#accordion-34896-1\" data-target=\"#de46941feb7d8523e\" href=\"#de46941feb7d8523e\"><span class=\"fusion-toggle-icon-wrapper\" aria-hidden=\"true\"><i class=\"fa-fusion-box active-icon awb-icon-minus\" aria-hidden=\"true\"><\/i><i class=\"fa-fusion-box inactive-icon awb-icon-plus\" aria-hidden=\"true\"><\/i><\/span><span class=\"fusion-toggle-heading\">La Directive sur le Devoir de Vigilance (CSDDD) <\/span><\/a><\/h4><\/div><div id=\"de46941feb7d8523e\" class=\"panel-collapse collapse \" aria-labelledby=\"toggle_de46941feb7d8523e\"><div class=\"panel-body toggle-content fusion-clearfix\">\n<p style=\"text-align: justify;\">La CSDDD a \u00e9t\u00e9 abord\u00e9e \u00e0 plusieurs reprises au cours des auditions mais n&rsquo;a pas pour autant \u00e9t\u00e9 un sujet majeur. Les commissaires d\u00e9sign\u00e9s se sont positionn\u00e9s en faveur de sa mise en \u0153uvre, Michael McGrath d\u00e9clarant ainsi : \u00ab\u202fNous devons proc\u00e9der, la directive est l\u00e0, et elle doit \u00eatre transpos\u00e9e et mise en \u0153uvre\u202f\u00bb. Cependant, s&rsquo;ils reconnaissent l&rsquo;importance de la directive, notamment en raison de l\u2019impact mondial que cette derni\u00e8re peut avoir, ils sont rest\u00e9s \u00e9vasifs ou n&rsquo;ont tout simplement pas r\u00e9pondu aux questions des d\u00e9put\u00e9es Lara Wolters (adress\u00e9e au Commissaire McGrath) et Marie Toussaint (adress\u00e9e \u00e0 la Commissaire Albuquerque)<\/p>\n<p style=\"text-align: justify;\">Les questions de ces deux d\u00e9put\u00e9es europ\u00e9ennes portaient sur l&rsquo;inclusion potentielle des services financiers dans la CSDDD, une question qui reste \u00e0 r\u00e9gler pour la prochaine Commission suite \u00e0 l\u2019adoption du texte. (1) Aujourd&rsquo;hui, les institutions financi\u00e8res peuvent par exemple continuer \u00e0 investir massivement dans des projets d&rsquo;\u00e9nergies fossiles ou li\u00e9s \u00e0 la d\u00e9forestation sans avoir \u00e0 rendre de comptes. Cette absence de r\u00e9ponse de la part des Commissaires d\u00e9sign\u00e9s est ainsi probl\u00e9matique puisqu&rsquo;elle laisse planer une incertitude sur l&rsquo;engagement de la Commission \u00e0 \u00e9tendre la port\u00e9e de la directive au secteur financier et donc sur sa volont\u00e9 d&rsquo;engager pleinement le secteur financier dans la transition \u00e9cologique.<\/p>\n<\/div><\/div><\/div><div class=\"fusion-panel panel-default panel-a3632c37ce352a863 fusion-toggle-has-divider\" style=\"--awb-title-color:#ffffff;\"><div class=\"panel-heading\"><h4 class=\"panel-title toggle\" id=\"toggle_a3632c37ce352a863\"><a aria-expanded=\"false\" aria-controls=\"a3632c37ce352a863\" role=\"button\" data-toggle=\"collapse\" data-parent=\"#accordion-34896-1\" data-target=\"#a3632c37ce352a863\" href=\"#a3632c37ce352a863\"><span class=\"fusion-toggle-icon-wrapper\" aria-hidden=\"true\"><i class=\"fa-fusion-box active-icon awb-icon-minus\" aria-hidden=\"true\"><\/i><i class=\"fa-fusion-box inactive-icon awb-icon-plus\" aria-hidden=\"true\"><\/i><\/span><span class=\"fusion-toggle-heading\">R\u00e9orientation de la finance priv\u00e9e <\/span><\/a><\/h4><\/div><div id=\"a3632c37ce352a863\" class=\"panel-collapse collapse \" aria-labelledby=\"toggle_a3632c37ce352a863\"><div class=\"panel-body toggle-content fusion-clearfix\">\n<p style=\"text-align: justify;\">Malgr\u00e9 son r\u00f4le crucial dans la transition \u00e9cologique \u2013 et dans la d\u00e9gradation du climat \u2013, la finance priv\u00e9e n&rsquo;a occup\u00e9 qu&rsquo;une place marginale lors des auditions des commissaires europ\u00e9ens. La r\u00e9orientation de la finance priv\u00e9e vers des investissements durables a bien \u00e9t\u00e9 abord\u00e9e, mais les positions exprim\u00e9es sont rest\u00e9es relativement g\u00e9n\u00e9rales. Maria Lu\u00eds Albuquerque a ainsi soulign\u00e9 l&rsquo;importance cruciale du financement priv\u00e9 dans la transition \u00e9cologique, en expliquant qu&rsquo;il faut continuer \u00e0 \u00ab\u202fdiriger davantage de capitaux priv\u00e9s vers des projets ayant un impact environnemental et social positif\u202f\u00bb (2). Elle ajoutait n\u00e9anmoins que les r\u00e8gles existent d\u00e9j\u00e0 et qu&rsquo;il convient d\u00e9sormais de les mettre en place (3).<\/p>\n<p style=\"text-align: justify;\">Cette position ne tient pas compte du fait que les textes d\u00e9j\u00e0 en place sur la finance durable ne permettent pas de rediriger les flux financiers. Ils sont focalis\u00e9s sur la transparence, et pr\u00e9sument que celle-ci sera suffisante pour transformer radicalement les comportements des institutions et l\u2019affectation des investissements. Or, les progr\u00e8s significatifs r\u00e9alis\u00e9s dans la transparence ces derni\u00e8res ann\u00e9es n\u2019ont pas d\u00e9clench\u00e9 une transformation des pratiques et une augmentation suffisante des soutiens aux activit\u00e9s durables. Sp\u00e9cifiquement, alors que le soutien au d\u00e9veloppement de la production de charbon, p\u00e9trole et gaz est reconnue comme incompatible avec la limitation du r\u00e9chauffement climatique \u00e0 1.5\u00b0C, elle continue d\u2019\u00eatre soutenue massivement par les banques, investisseurs et assureurs europ\u00e9ens. (4 ; 5)<\/p>\n<\/div><\/div><\/div><div class=\"fusion-panel panel-default panel-0b9ed40b2409b125b fusion-toggle-has-divider\" style=\"--awb-title-color:#ffffff;\"><div class=\"panel-heading\"><h4 class=\"panel-title toggle\" id=\"toggle_0b9ed40b2409b125b\"><a aria-expanded=\"false\" aria-controls=\"0b9ed40b2409b125b\" role=\"button\" data-toggle=\"collapse\" data-parent=\"#accordion-34896-1\" data-target=\"#0b9ed40b2409b125b\" href=\"#0b9ed40b2409b125b\"><span class=\"fusion-toggle-icon-wrapper\" aria-hidden=\"true\"><i class=\"fa-fusion-box active-icon awb-icon-minus\" aria-hidden=\"true\"><\/i><i class=\"fa-fusion-box inactive-icon awb-icon-plus\" aria-hidden=\"true\"><\/i><\/span><span class=\"fusion-toggle-heading\">Union des March\u00e9s des Capitaux <\/span><\/a><\/h4><\/div><div id=\"0b9ed40b2409b125b\" class=\"panel-collapse collapse \" aria-labelledby=\"toggle_0b9ed40b2409b125b\"><div class=\"panel-body toggle-content fusion-clearfix\">\n<p style=\"text-align: justify;\">Les commissaires ont insist\u00e9 sur le r\u00f4le central des march\u00e9s de capitaux dans le financement de l\u2019action climatique. La commissaire Albuquerque a notamment affirm\u00e9 que \u00ab\u202fsans un approfondissement du march\u00e9 des capitaux, nous n&rsquo;avons aucune chance \u00e9quitable d&rsquo;y parvenir : ni pour financer la transition, ni pour maintenir le financement des activit\u00e9s vertes, ni pour soutenir les entreprises qui deviennent vertes\u202f\u00bb (6). Cependant, elle a nuanc\u00e9 son propos en pr\u00e9cisant que \u00ab\u202fles march\u00e9 des capitaux ne r\u00e9soudront pas tout\u202f\u00bb (7).<\/p>\n<p style=\"text-align: justify;\">Bien que l&rsquo;approfondissement du march\u00e9 des capitaux puisse effectivement augmenter les volumes de financement disponibles pour la transition, il convient de rappeler que cela ne \u00ab\u202fverdirait\u202f\u00bb pas la finance. En effet, sans m\u00e9canismes de redirection appropri\u00e9s, une telle expansion devrait \u00e9galement accro\u00eetre les flux financiers vers des activit\u00e9s n\u00e9fastes pour le climat, l&rsquo;environnement et la biodiversit\u00e9. Le v\u00e9ritable d\u00e9fi r\u00e9side donc non seulement dans l&rsquo;augmentation des volumes de capitaux, mais surtout dans l&rsquo;orientation d\u2019une part plus \u00e9lev\u00e9e de ces flux vers des activit\u00e9s durables et loin des activit\u00e9s polluantes. Malheureusement, les projets et discours actuels des commissaires n\u2019incluent pas de mesures concr\u00e8tes pour garantir cette r\u00e9orientation. Cette lacune souligne la n\u00e9cessit\u00e9 d&rsquo;une approche plus cibl\u00e9e et contraignante pour assurer que tout d\u00e9veloppement des march\u00e9s de capitaux serve v\u00e9ritablement les objectifs de la transition \u00e9cologique.<\/p>\n<\/div><\/div><\/div><div class=\"fusion-panel panel-default panel-5ca3687240fd6a89d fusion-toggle-has-divider\" style=\"--awb-title-color:#ffffff;\"><div class=\"panel-heading\"><h4 class=\"panel-title toggle\" id=\"toggle_5ca3687240fd6a89d\"><a aria-expanded=\"false\" aria-controls=\"5ca3687240fd6a89d\" role=\"button\" data-toggle=\"collapse\" data-parent=\"#accordion-34896-1\" data-target=\"#5ca3687240fd6a89d\" href=\"#5ca3687240fd6a89d\"><span class=\"fusion-toggle-icon-wrapper\" aria-hidden=\"true\"><i class=\"fa-fusion-box active-icon awb-icon-minus\" aria-hidden=\"true\"><\/i><i class=\"fa-fusion-box inactive-icon awb-icon-plus\" aria-hidden=\"true\"><\/i><\/span><span class=\"fusion-toggle-heading\">Lutte contre le greenwashing et la r\u00e9vision de la SFDR <\/span><\/a><\/h4><\/div><div id=\"5ca3687240fd6a89d\" class=\"panel-collapse collapse \" aria-labelledby=\"toggle_5ca3687240fd6a89d\"><div class=\"panel-body toggle-content fusion-clearfix\">\n<p style=\"text-align: justify;\">Le risque de greenwashing a \u00e9t\u00e9 clairement identifi\u00e9 par les commissaires d\u00e9sign\u00e9s lors de leurs auditions, en particulier par Maria Lu\u00eds Albuquerque. Elle a soulign\u00e9 que \u00ab\u202fle risque de greenwashing est r\u00e9el\u202f\u00bb (8) et que le cadre r\u00e9glementaire actuel est insuffisant pour y faire face efficacement. Elle a notamment reconnu les failles de la Sustainable Finance Disclosure Regulation (SFDR) \u2013 qui \u00e9tablit notamment une classification des fonds selon leurs all\u00e9gations environnementales \u2013et s&rsquo;est positionn\u00e9e en faveur de sa r\u00e9vision. Elle a ainsi point\u00e9 du doigt l&rsquo;utilisation abusive du cadre existant comme un r\u00e9gime labellisation, alors qu&rsquo;il n&rsquo;a pas \u00e9t\u00e9 con\u00e7u \u00e0 cet effet. Cette situation cr\u00e9e un risque accru de greenwashing, car des produits sont commercialis\u00e9s et vendus comme \u00ab\u202fdurables\u202f\u00bb sans garantie r\u00e9elle. La Commissaire appelle donc \u00e0 l&rsquo;instauration de crit\u00e8res minimums pour qualifier un produit financier de \u00ab\u202fvert\u202f\u00bb. L&rsquo;objectif est de r\u00e9former la r\u00e9glementation afin que \u00ab\u202florsqu&rsquo;un produit ou un service financier est labellis\u00e9 comme vert, nous savons qu&rsquo;il r\u00e9pond effectivement \u00e0 un standard minimum de durabilit\u00e9 pour \u00eatre correctement qualifi\u00e9 de vert\u202f\u00bb. Comme Reclaim Finance le rappelle, l&rsquo;un des crit\u00e8res les plus \u00e9vidents pour op\u00e9rer un tel changement est l&rsquo;exclusion des entreprises qui d\u00e9veloppent des \u00e9nergies fossiles de tous les fonds \u00e0 pr\u00e9tention environnementale ou sociale.<\/p>\n<p style=\"text-align: justify;\">La Commissaire a \u00e9galement insist\u00e9, \u00e0 nouveau, sur l&rsquo;accompagnement des entreprises qui ne sont pas encore en transition aujourd&rsquo;hui mais qui ont vocation \u00e0 l&rsquo;\u00eatre, reconnaissant que la majorit\u00e9 du secteur productif se trouve encore dans cette phase. L\u00e0 encore, elle a insist\u00e9 sur la n\u00e9cessit\u00e9 d&rsquo;\u00e9tablir des crit\u00e8res minimums facilement compr\u00e9hensibles et applicables pour cette labellisation.<\/p>\n<\/div><\/div><\/div><\/div><\/div><div class=\"fusion-text fusion-text-3\" style=\"--awb-content-alignment:justify;\"><p><strong>Les r\u00e9centes auditions des commissaires europ\u00e9ens r\u00e9v\u00e8lent une approche timide et insuffisante face aux d\u00e9fis du financement de la transition \u00e9cologique. Sans une implication pleine et enti\u00e8re de la Commission europ\u00e9enne pour rediriger les flux financiers, l&rsquo;Union europ\u00e9enne ne pourra pas satisfaire ses besoins et ainsi atteindre les objectifs climatiques qu&rsquo;elle s&rsquo;est fix\u00e9s. En l\u2019\u00e9tat, le d\u00e9ficit persistant de volont\u00e9 politique, coupl\u00e9e \u00e0 une absence relative des questions li\u00e9es \u00e0 la finance priv\u00e9e et \u00e0 ses effets sur le climat, ne permet pas d&rsquo;envisager avec s\u00e9r\u00e9nit\u00e9 les cinq ann\u00e9es \u00e0 venir.<\/strong><\/p>\n<\/div><\/div><\/div><div class=\"fusion-layout-column fusion_builder_column fusion-builder-column-6 fusion_builder_column_1_1 1_1 fusion-flex-column fusion-column-no-min-height\" style=\"--awb-padding-top:20px;--awb-padding-right:10px;--awb-padding-bottom:20px;--awb-padding-left:10px;--awb-overflow:hidden;--awb-bg-size:cover;--awb-border-color:var(--awb-color1);--awb-border-top:1px;--awb-border-right:1px;--awb-border-bottom:1px;--awb-border-left:1px;--awb-border-style:solid;--awb-border-radius:10px 10px 10px 10px;--awb-width-large:100%;--awb-margin-top-large:0px;--awb-spacing-right-large:1.92%;--awb-margin-bottom-large:20px;--awb-spacing-left-large:1.92%;--awb-width-medium:100%;--awb-order-medium:0;--awb-spacing-right-medium:1.92%;--awb-spacing-left-medium:1.92%;--awb-width-small:100%;--awb-order-small:0;--awb-spacing-right-small:1.92%;--awb-spacing-left-small:1.92%;\"><div class=\"fusion-column-wrapper fusion-column-has-shadow fusion-flex-justify-content-flex-start fusion-content-layout-column\"><div class=\"fusion-title title fusion-title-1 fusion-title-text fusion-title-size-three\" style=\"--awb-text-color:var(--awb-color1);--awb-margin-bottom:0px;--awb-font-size:16px;\"><div class=\"title-sep-container title-sep-container-left fusion-no-large-visibility fusion-no-medium-visibility fusion-no-small-visibility\"><div class=\"title-sep sep- sep-solid\" style=\"border-color:#3e3e3e;\"><\/div><\/div><span class=\"awb-title-spacer fusion-no-large-visibility fusion-no-medium-visibility fusion-no-small-visibility\"><\/span><h3 class=\"fusion-title-heading title-heading-left fusion-responsive-typography-calculated\" style=\"font-family:&quot;Montserrat&quot;;font-style:normal;font-weight:700;margin:0;font-size:1em;--fontSize:16;--minFontSize:16;line-height:1.5;\">Notes :<\/h3><span class=\"awb-title-spacer\"><\/span><div class=\"title-sep-container title-sep-container-right\"><div class=\"title-sep sep- sep-solid\" style=\"border-color:#3e3e3e;\"><\/div><\/div><\/div><div class=\"fusion-text fusion-text-4\" style=\"--awb-content-alignment:justify;\"><ol>\n<li><span data-contrast=\"auto\">Reclaim Finance, <\/span><span style=\"text-decoration: underline;\"><a href=\"https:\/\/reclaimfinance.org\/site\/2024\/04\/26\/directive-sur-le-devoir-de-vigilance-une-occasion-manquee-pour-la-finance\/\" target=\"_blank\" rel=\"noopener\">Directive sur le Devoir de Vigilance : une occasion manqu\u00e9e pour la finance<\/a><\/span><span data-contrast=\"auto\">, avril 2024<\/span><span data-ccp-props=\"{\">\u00a0<\/span><\/li>\n<li><span data-contrast=\"auto\">\u00ab\u202fOn Sustainable Finance, I will continue Europe&rsquo;s efforts to direct more private capital towards projects that have a positive environmental and social impact, as a contribution to a more sustainable future. \u00bb, Audition de la Commissaire d\u00e9sign\u00e9e Maria Lu\u00eds Albuquerque, 6 novembre 2024.<\/span><span data-ccp-props=\"{\">\u00a0<\/span><\/li>\n<li><span data-contrast=\"auto\">\u00a0\u00ab\u202fWith the Framework in place, we have to implement it\u202f\u00bb, Audition de la Commissaire d\u00e9sign\u00e9e Maria Lu\u00eds Albuquerque, 6 novembre 2024.<\/span><span data-ccp-props=\"{\">\u00a0<\/span><\/li>\n<li><span style=\"text-decoration: underline;\"><a href=\"https:\/\/reclaimfinance.org\/site\/2024\/05\/16\/banking-on-climate-chaos-2024\/\" target=\"_blank\" rel=\"noopener\">Banking on Climate Chaos 2024 &#8211; Reclaim Finance<\/a><\/span><span data-contrast=\"auto\">, mai 2024<\/span><span data-ccp-props=\"{\">\u00a0<\/span><\/li>\n<li><span style=\"text-decoration: underline;\"><a href=\"https:\/\/reclaimfinance.org\/site\/en\/2023\/11\/09\/2023-scorecard-on-insurance-fifty-years-of-climate-failure\/\" target=\"_blank\" rel=\"noopener\">2023 Scorecard on Insurance: Fifty Years of Climate Failure &#8211; Reclaim Finance<\/a><\/span><span data-contrast=\"auto\">, novembre 2023\u00a0<\/span><span data-ccp-props=\"{\">\u00a0<\/span><\/li>\n<li><span data-contrast=\"auto\">\u00ab [&#8230;] without a deepening of the capital markets, we have no fair chance of getting there: not to finance the transition, not to keep funding for green activities, not to support the companies becoming green.\u202f\u00bb, Audition de la Commissaire d\u00e9sign\u00e9e Maria Lu\u00eds Albuquerque, 6 novembre 2024.<\/span><span data-ccp-props=\"{\">\u00a0<\/span><\/li>\n<li><span data-contrast=\"auto\">\u00ab\u202fthe capital markets will not solve everything\u202f\u00bb, Audition de la Commissaire d\u00e9sign\u00e9e Maria Lu\u00eds Albuquerque, 6 novembre 2024.\u00a0<\/span><span data-ccp-props=\"{\">\u00a0<\/span><\/li>\n<li><span data-contrast=\"auto\">\u00ab\u202fThe risk of greenwashing is real\u202f\u00bb, Audition de la Commissaire d\u00e9sign\u00e9e Maria Lu\u00eds Albuquerque, 6 novembre 2024.<\/span><span data-ccp-props=\"{\">\u00a0<\/span><\/li>\n<\/ol>\n<\/div><\/div><\/div><\/div><\/div><div class=\"fusion-fullwidth fullwidth-box fusion-builder-row-2 fusion-flex-container has-pattern-background has-mask-background nonhundred-percent-fullwidth non-hundred-percent-height-scrolling\" style=\"--awb-border-radius-top-left:0px;--awb-border-radius-top-right:0px;--awb-border-radius-bottom-right:0px;--awb-border-radius-bottom-left:0px;--awb-flex-wrap:wrap;\" ><div class=\"fusion-builder-row fusion-row fusion-flex-align-items-flex-start fusion-flex-content-wrap\" style=\"max-width:1216.8px;margin-left: calc(-4% \/ 2 );margin-right: calc(-4% \/ 2 );\"><div class=\"fusion-layout-column fusion_builder_column fusion-builder-column-7 fusion_builder_column_1_1 1_1 fusion-flex-column\" style=\"--awb-bg-size:cover;--awb-width-large:100%;--awb-margin-top-large:0px;--awb-spacing-right-large:1.92%;--awb-margin-bottom-large:20px;--awb-spacing-left-large:1.92%;--awb-width-medium:100%;--awb-order-medium:0;--awb-spacing-right-medium:1.92%;--awb-spacing-left-medium:1.92%;--awb-width-small:100%;--awb-order-small:0;--awb-spacing-right-small:1.92%;--awb-spacing-left-small:1.92%;\"><div class=\"fusion-column-wrapper fusion-column-has-shadow fusion-flex-justify-content-flex-start fusion-content-layout-column\"><div class=\"fusion-title title fusion-title-2 fusion-sep-none fusion-title-text fusion-title-size-two\" style=\"--awb-text-color:var(--awb-color1);--awb-margin-bottom:0px;\"><h2 class=\"fusion-title-heading title-heading-left fusion-responsive-typography-calculated\" style=\"margin:0;text-transform:uppercase;--fontSize:33;line-height:1.5;\">lire aussi<\/h2><\/div><div class=\"fusion-separator\" style=\"align-self: flex-start;margin-right:auto;margin-top:25px;margin-bottom:35px;width:100%;max-width:100px;\"><div class=\"fusion-separator-border sep-single sep-solid\" style=\"--awb-height:20px;--awb-amount:20px;--awb-sep-color:var(--awb-color4);border-color:var(--awb-color4);border-top-width:10px;\"><\/div><\/div><div class=\"fusion-blog-shortcode fusion-blog-shortcode-1 fusion-blog-archive fusion-blog-layout-grid-wrapper fusion-blog-no\"><style type=\"text\/css\">.fusion-blog-shortcode-1 .fusion-blog-layout-grid .fusion-post-grid{padding:15px;}.fusion-blog-shortcode-1 .fusion-posts-container{margin-left: -15px !important; margin-right:-15px !important;}<\/style><div class=\"fusion-posts-container fusion-posts-container-no fusion-blog-rollover fusion-blog-layout-grid fusion-blog-layout-grid-3 isotope fusion-blog-equal-heights\" data-pages=\"181\" data-grid-col-space=\"30\" style=\"margin: -15px -15px 0;min-height:500px;\"><article id=\"blog-1-post-39586\" class=\"fusion-post-grid post-39586 post type-post status-publish format-standard has-post-thumbnail hentry category-blog acteurs_financiers-assurances-fr acteurs_financiers-investisseurs\">\n<div class=\"fusion-post-wrapper\" style=\"background-color:rgba(255,255,255,0);border:1px solid #2a2b3d;border-bottom-width:3px;\">\n\n\t\t\t<div class=\"fusion-flexslider flexslider fusion-flexslider-loading fusion-post-slideshow\" style=\"border-color:#2a2b3d;\">\n\t\t<ul class=\"slides\">\n\t\t\t\n\t\t\t\t\t\t\t\t\t\t\t\t\t\t<li><div  class=\"fusion-image-wrapper\" aria-haspopup=\"true\">\n\t\t\t\t<img decoding=\"async\" width=\"900\" height=\"400\" src=\"https:\/\/reclaimfinance.org\/site\/wp-content\/uploads\/2025\/09\/Totalenergies-investors1.png\" class=\"attachment-full size-full wp-post-image\" alt=\"\" \/><div class=\"fusion-rollover\">\n\t<div class=\"fusion-rollover-content\">\n\n\t\t\t\t\n\t\t\n\t\t\t\t\t\t\t\t\n\t\t\t\t\t\t\t\t\n\t\t\n\t\t\t\t\t\t<a class=\"fusion-link-wrapper\" href=\"https:\/\/reclaimfinance.org\/site\/2026\/04\/24\/totalenergies-finance-par-lassurance-vie-un-soutien-toujours-moins-defendable\/\" aria-label=\"TotalEnergies financ\u00e9 par l\u2019assurance-vie : un soutien toujours moins d\u00e9fendable\"><\/a>\n\t<\/div>\n<\/div>\n<\/div>\n<\/li>\n\t\t\t\n\t\t\t\n\t\t\t\t\t\t\t\t<\/ul>\n\t<\/div>\n\t<div class=\"fusion-post-content-wrapper\" style=\"padding:30px 25px 20px 25px;\"><div class=\"fusion-post-content post-content\"><h3 class=\"blog-shortcode-post-title entry-title\"><a href=\"https:\/\/reclaimfinance.org\/site\/2026\/04\/24\/totalenergies-finance-par-lassurance-vie-un-soutien-toujours-moins-defendable\/\">TotalEnergies financ\u00e9 par l\u2019assurance-vie : un soutien toujours moins d\u00e9fendable<\/a><\/h3><p class=\"fusion-single-line-meta\"><span class=\"vcard\" style=\"display: none;\"><span class=\"fn\"><a href=\"https:\/\/reclaimfinance.org\/site\/author\/alb\/\" title=\"Articles par Ariel Le Bourdonnec\" rel=\"author\">Ariel Le Bourdonnec<\/a><\/span><\/span><span class=\"updated\" style=\"display:none;\">2026-04-24T11:40:28+02:00<\/span><a href=\"https:\/\/reclaimfinance.org\/site\/category\/blog\/\" rel=\"category tag\">Articles<\/a><span class=\"fusion-inline-sep\">|<\/span><\/p><\/div><\/div><div class=\"fusion-clearfix\"><\/div><\/div>\n<\/article>\n<article id=\"blog-1-post-39566\" class=\"fusion-post-grid post-39566 post type-post status-publish format-standard has-post-thumbnail hentry category-blog acteurs_financiers-assurances-fr acteurs_financiers-banques-fr acteurs_financiers-detenteurs-dactifs acteurs_financiers-gestionnaire-dactifs acteurs_financiers-gfanz acteurs_financiers-investisseurs acteurs_financiers-regulateurs-fr thematique-energies-fossiles\">\n<div class=\"fusion-post-wrapper\" style=\"background-color:rgba(255,255,255,0);border:1px solid #2a2b3d;border-bottom-width:3px;\">\n\n\t\t\t<div class=\"fusion-flexslider flexslider fusion-flexslider-loading fusion-post-slideshow\" style=\"border-color:#2a2b3d;\">\n\t\t<ul class=\"slides\">\n\t\t\t\n\t\t\t\t\t\t\t\t\t\t\t\t\t\t<li><div  class=\"fusion-image-wrapper\" aria-haspopup=\"true\">\n\t\t\t\t<img decoding=\"async\" width=\"1125\" height=\"500\" src=\"https:\/\/reclaimfinance.org\/site\/wp-content\/uploads\/2026\/04\/amazonie-.png\" class=\"attachment-full size-full wp-post-image\" alt=\"\" \/><div class=\"fusion-rollover\">\n\t<div class=\"fusion-rollover-content\">\n\n\t\t\t\t\n\t\t\n\t\t\t\t\t\t\t\t\n\t\t\t\t\t\t\t\t\n\t\t\n\t\t\t\t\t\t<a class=\"fusion-link-wrapper\" href=\"https:\/\/reclaimfinance.org\/site\/2026\/04\/22\/proteger-les-zones-critiques-pour-la-biodiversite-de-la-predation-fossile\/\" aria-label=\"Prot\u00e9ger les zones critiques pour la biodiversit\u00e9 de la pr\u00e9dation fossile\"><\/a>\n\t<\/div>\n<\/div>\n<\/div>\n<\/li>\n\t\t\t\n\t\t\t\n\t\t\t\t\t\t\t\t<\/ul>\n\t<\/div>\n\t<div class=\"fusion-post-content-wrapper\" style=\"padding:30px 25px 20px 25px;\"><div class=\"fusion-post-content post-content\"><h3 class=\"blog-shortcode-post-title entry-title\"><a href=\"https:\/\/reclaimfinance.org\/site\/2026\/04\/22\/proteger-les-zones-critiques-pour-la-biodiversite-de-la-predation-fossile\/\">Prot\u00e9ger les zones critiques pour la biodiversit\u00e9 de la pr\u00e9dation fossile<\/a><\/h3><p class=\"fusion-single-line-meta\"><span class=\"vcard\" style=\"display: none;\"><span class=\"fn\"><a href=\"https:\/\/reclaimfinance.org\/site\/author\/aman\/\" title=\"Articles par Aatira\u00ef Manickawasagar\" rel=\"author\">Aatira\u00ef Manickawasagar<\/a><\/span><\/span><span class=\"updated\" style=\"display:none;\">2026-04-22T10:50:37+02:00<\/span><a href=\"https:\/\/reclaimfinance.org\/site\/category\/blog\/\" rel=\"category tag\">Articles<\/a><span class=\"fusion-inline-sep\">|<\/span><\/p><\/div><\/div><div class=\"fusion-clearfix\"><\/div><\/div>\n<\/article>\n<article id=\"blog-1-post-39543\" class=\"fusion-post-grid post-39543 post type-post status-publish format-standard has-post-thumbnail hentry category-blog acteurs_financiers-gestionnaire-dactifs thematique-energies-fossiles\">\n<div class=\"fusion-post-wrapper\" style=\"background-color:rgba(255,255,255,0);border:1px solid #2a2b3d;border-bottom-width:3px;\">\n\n\t\t\t<div class=\"fusion-flexslider flexslider fusion-flexslider-loading fusion-post-slideshow\" style=\"border-color:#2a2b3d;\">\n\t\t<ul class=\"slides\">\n\t\t\t\n\t\t\t\t\t\t\t\t\t\t\t\t\t\t<li><div  class=\"fusion-image-wrapper\" aria-haspopup=\"true\">\n\t\t\t\t<img decoding=\"async\" width=\"900\" height=\"400\" src=\"https:\/\/reclaimfinance.org\/site\/wp-content\/uploads\/2025\/11\/Amundi-investissement-fossile.png\" class=\"attachment-full size-full wp-post-image\" alt=\"\" \/><div class=\"fusion-rollover\">\n\t<div class=\"fusion-rollover-content\">\n\n\t\t\t\t\n\t\t\n\t\t\t\t\t\t\t\t\n\t\t\t\t\t\t\t\t\n\t\t\n\t\t\t\t\t\t<a class=\"fusion-link-wrapper\" href=\"https:\/\/reclaimfinance.org\/site\/2026\/04\/21\/epargne-salariale-amundi-addict-aux-fossiles-risque-limpasse\/\" aria-label=\"\u00c9pargne salariale : Amundi, addict aux fossiles, risque l\u2019impasse\"><\/a>\n\t<\/div>\n<\/div>\n<\/div>\n<\/li>\n\t\t\t\n\t\t\t\n\t\t\t\t\t\t\t\t<\/ul>\n\t<\/div>\n\t<div class=\"fusion-post-content-wrapper\" style=\"padding:30px 25px 20px 25px;\"><div class=\"fusion-post-content post-content\"><h3 class=\"blog-shortcode-post-title entry-title\"><a href=\"https:\/\/reclaimfinance.org\/site\/2026\/04\/21\/epargne-salariale-amundi-addict-aux-fossiles-risque-limpasse\/\">\u00c9pargne salariale : Amundi, addict aux fossiles, risque l\u2019impasse<\/a><\/h3><p class=\"fusion-single-line-meta\"><span class=\"vcard\" style=\"display: none;\"><span class=\"fn\"><a href=\"https:\/\/reclaimfinance.org\/site\/author\/aman\/\" title=\"Articles par Aatira\u00ef Manickawasagar\" rel=\"author\">Aatira\u00ef Manickawasagar<\/a><\/span><\/span><span class=\"updated\" style=\"display:none;\">2026-04-17T17:11:35+02:00<\/span><a href=\"https:\/\/reclaimfinance.org\/site\/category\/blog\/\" rel=\"category tag\">Articles<\/a><span class=\"fusion-inline-sep\">|<\/span><\/p><\/div><\/div><div class=\"fusion-clearfix\"><\/div><\/div>\n<\/article>\n<div class=\"fusion-clearfix\"><\/div><\/div><\/div><\/div><\/div><\/div><\/div><\/p>\n","protected":false},"excerpt":{"rendered":"","protected":false},"author":26,"featured_media":34911,"comment_status":"closed","ping_status":"open","sticky":false,"template":"","format":"standard","meta":{"footnotes":""},"categories":[45],"tags":[],"acteurs_financiers":[2403],"thematique":[2500,2502],"webinar_type":[],"programme":[],"class_list":["post-34896","post","type-post","status-publish","format-standard","has-post-thumbnail","hentry","category-blog","acteurs_financiers-regulateurs-fr","thematique-finance","thematique-finance-durable"],"yoast_head":"<!-- This site is optimized with the Yoast SEO plugin v23.1 - https:\/\/yoast.com\/wordpress\/plugins\/seo\/ -->\n<title>Ce que les commissaires europ\u00e9ens disent de la finance durable - Reclaim Finance<\/title>\n<meta name=\"description\" content=\"Reclaim Finance revient sur les r\u00e9ponses et les silences des candidats qui offrent un aper\u00e7u pr\u00e9cieux de l&#039;orientation que pourrait prendre la Commission Europ\u00e9enne en mati\u00e8re de finance durable.\" \/>\n<meta name=\"robots\" content=\"index, follow, max-snippet:-1, max-image-preview:large, max-video-preview:-1\" \/>\n<link rel=\"canonical\" href=\"https:\/\/reclaimfinance.org\/site\/2024\/11\/18\/ce-que-les-commissaires-europeens-disent-de-la-finance-durable\/\" \/>\n<meta property=\"og:locale\" content=\"fr_FR\" \/>\n<meta property=\"og:type\" content=\"article\" \/>\n<meta property=\"og:title\" content=\"Ce que les commissaires europ\u00e9ens disent de la finance durable - Reclaim Finance\" \/>\n<meta property=\"og:description\" content=\"Reclaim Finance revient sur les r\u00e9ponses et les silences des candidats qui offrent un aper\u00e7u pr\u00e9cieux de l&#039;orientation que pourrait prendre la Commission Europ\u00e9enne en mati\u00e8re de finance durable.\" \/>\n<meta property=\"og:url\" content=\"https:\/\/reclaimfinance.org\/site\/2024\/11\/18\/ce-que-les-commissaires-europeens-disent-de-la-finance-durable\/\" \/>\n<meta property=\"og:site_name\" content=\"Reclaim Finance\" \/>\n<meta property=\"article:publisher\" content=\"https:\/\/www.facebook.com\/ReclaimFinanceONG\" \/>\n<meta property=\"article:published_time\" content=\"2024-11-18T14:52:15+00:00\" \/>\n<meta property=\"article:modified_time\" content=\"2024-11-18T17:19:10+00:00\" \/>\n<meta property=\"og:image\" content=\"https:\/\/reclaimfinance.org\/site\/wp-content\/uploads\/2024\/11\/Parlement-Europeen.jpg\" \/>\n\t<meta property=\"og:image:width\" content=\"1238\" \/>\n\t<meta property=\"og:image:height\" content=\"550\" \/>\n\t<meta property=\"og:image:type\" content=\"image\/jpeg\" \/>\n<meta name=\"author\" content=\"L\u00e9o Martin\" \/>\n<meta name=\"twitter:card\" content=\"summary_large_image\" \/>\n<meta name=\"twitter:creator\" content=\"@ReclaimFinance\" \/>\n<meta name=\"twitter:site\" content=\"@ReclaimFinance\" \/>\n<meta name=\"twitter:label1\" content=\"\u00c9crit par\" \/>\n\t<meta name=\"twitter:data1\" content=\"L\u00e9o Martin\" \/>\n\t<meta name=\"twitter:label2\" content=\"Dur\u00e9e de lecture estim\u00e9e\" \/>\n\t<meta name=\"twitter:data2\" content=\"10 minutes\" \/>\n<script type=\"application\/ld+json\" class=\"yoast-schema-graph\">{\"@context\":\"https:\/\/schema.org\",\"@graph\":[{\"@type\":\"Article\",\"@id\":\"https:\/\/reclaimfinance.org\/site\/2024\/11\/18\/ce-que-les-commissaires-europeens-disent-de-la-finance-durable\/#article\",\"isPartOf\":{\"@id\":\"https:\/\/reclaimfinance.org\/site\/2024\/11\/18\/ce-que-les-commissaires-europeens-disent-de-la-finance-durable\/\"},\"author\":{\"name\":\"L\u00e9o Martin\",\"@id\":\"https:\/\/reclaimfinance.org\/site\/#\/schema\/person\/92f0f8d102e5e411f092871d8eeb3db1\"},\"headline\":\"Ce que les commissaires europ\u00e9ens disent de la finance durable\",\"datePublished\":\"2024-11-18T14:52:15+00:00\",\"dateModified\":\"2024-11-18T17:19:10+00:00\",\"mainEntityOfPage\":{\"@id\":\"https:\/\/reclaimfinance.org\/site\/2024\/11\/18\/ce-que-les-commissaires-europeens-disent-de-la-finance-durable\/\"},\"wordCount\":4703,\"publisher\":{\"@id\":\"https:\/\/reclaimfinance.org\/site\/#organization\"},\"image\":{\"@id\":\"https:\/\/reclaimfinance.org\/site\/2024\/11\/18\/ce-que-les-commissaires-europeens-disent-de-la-finance-durable\/#primaryimage\"},\"thumbnailUrl\":\"https:\/\/reclaimfinance.org\/site\/wp-content\/uploads\/2024\/11\/Parlement-Europeen.jpg\",\"articleSection\":[\"Articles\"],\"inLanguage\":\"fr-FR\"},{\"@type\":\"WebPage\",\"@id\":\"https:\/\/reclaimfinance.org\/site\/2024\/11\/18\/ce-que-les-commissaires-europeens-disent-de-la-finance-durable\/\",\"url\":\"https:\/\/reclaimfinance.org\/site\/2024\/11\/18\/ce-que-les-commissaires-europeens-disent-de-la-finance-durable\/\",\"name\":\"Ce que les commissaires europ\u00e9ens disent de la finance durable - Reclaim Finance\",\"isPartOf\":{\"@id\":\"https:\/\/reclaimfinance.org\/site\/#website\"},\"primaryImageOfPage\":{\"@id\":\"https:\/\/reclaimfinance.org\/site\/2024\/11\/18\/ce-que-les-commissaires-europeens-disent-de-la-finance-durable\/#primaryimage\"},\"image\":{\"@id\":\"https:\/\/reclaimfinance.org\/site\/2024\/11\/18\/ce-que-les-commissaires-europeens-disent-de-la-finance-durable\/#primaryimage\"},\"thumbnailUrl\":\"https:\/\/reclaimfinance.org\/site\/wp-content\/uploads\/2024\/11\/Parlement-Europeen.jpg\",\"datePublished\":\"2024-11-18T14:52:15+00:00\",\"dateModified\":\"2024-11-18T17:19:10+00:00\",\"description\":\"Reclaim Finance revient sur les r\u00e9ponses et les silences des candidats qui offrent un aper\u00e7u pr\u00e9cieux de l'orientation que pourrait prendre la Commission Europ\u00e9enne en mati\u00e8re de finance durable.\",\"breadcrumb\":{\"@id\":\"https:\/\/reclaimfinance.org\/site\/2024\/11\/18\/ce-que-les-commissaires-europeens-disent-de-la-finance-durable\/#breadcrumb\"},\"inLanguage\":\"fr-FR\",\"potentialAction\":[{\"@type\":\"ReadAction\",\"target\":[\"https:\/\/reclaimfinance.org\/site\/2024\/11\/18\/ce-que-les-commissaires-europeens-disent-de-la-finance-durable\/\"]}]},{\"@type\":\"ImageObject\",\"inLanguage\":\"fr-FR\",\"@id\":\"https:\/\/reclaimfinance.org\/site\/2024\/11\/18\/ce-que-les-commissaires-europeens-disent-de-la-finance-durable\/#primaryimage\",\"url\":\"https:\/\/reclaimfinance.org\/site\/wp-content\/uploads\/2024\/11\/Parlement-Europeen.jpg\",\"contentUrl\":\"https:\/\/reclaimfinance.org\/site\/wp-content\/uploads\/2024\/11\/Parlement-Europeen.jpg\",\"width\":1238,\"height\":550},{\"@type\":\"BreadcrumbList\",\"@id\":\"https:\/\/reclaimfinance.org\/site\/2024\/11\/18\/ce-que-les-commissaires-europeens-disent-de-la-finance-durable\/#breadcrumb\",\"itemListElement\":[{\"@type\":\"ListItem\",\"position\":1,\"name\":\"Accueil\",\"item\":\"https:\/\/reclaimfinance.org\/site\/\"},{\"@type\":\"ListItem\",\"position\":2,\"name\":\"Ce que les commissaires europ\u00e9ens disent de la finance durable\"}]},{\"@type\":\"WebSite\",\"@id\":\"https:\/\/reclaimfinance.org\/site\/#website\",\"url\":\"https:\/\/reclaimfinance.org\/site\/\",\"name\":\"Reclaim Finance\",\"description\":\"Reprendre le contr\u00f4le de la finance pour le climat et la biodiversit\u00e9\",\"publisher\":{\"@id\":\"https:\/\/reclaimfinance.org\/site\/#organization\"},\"potentialAction\":[{\"@type\":\"SearchAction\",\"target\":{\"@type\":\"EntryPoint\",\"urlTemplate\":\"https:\/\/reclaimfinance.org\/site\/?s={search_term_string}\"},\"query-input\":\"required name=search_term_string\"}],\"inLanguage\":\"fr-FR\"},{\"@type\":\"Organization\",\"@id\":\"https:\/\/reclaimfinance.org\/site\/#organization\",\"name\":\"Reclaim Finance\",\"url\":\"https:\/\/reclaimfinance.org\/site\/\",\"logo\":{\"@type\":\"ImageObject\",\"inLanguage\":\"fr-FR\",\"@id\":\"https:\/\/reclaimfinance.org\/site\/#\/schema\/logo\/image\/\",\"url\":\"https:\/\/reclaimfinance.org\/site\/wp-content\/uploads\/2020\/03\/logo_RC_space.png\",\"contentUrl\":\"https:\/\/reclaimfinance.org\/site\/wp-content\/uploads\/2020\/03\/logo_RC_space.png\",\"width\":800,\"height\":800,\"caption\":\"Reclaim Finance\"},\"image\":{\"@id\":\"https:\/\/reclaimfinance.org\/site\/#\/schema\/logo\/image\/\"},\"sameAs\":[\"https:\/\/www.facebook.com\/ReclaimFinanceONG\",\"https:\/\/x.com\/ReclaimFinance\",\"https:\/\/www.instagram.com\/reclaimfinance\/\",\"https:\/\/www.linkedin.com\/company\/reclaim-finance-ong-think-tank\"]},{\"@type\":\"Person\",\"@id\":\"https:\/\/reclaimfinance.org\/site\/#\/schema\/person\/92f0f8d102e5e411f092871d8eeb3db1\",\"name\":\"L\u00e9o Martin\",\"image\":{\"@type\":\"ImageObject\",\"inLanguage\":\"fr-FR\",\"@id\":\"https:\/\/reclaimfinance.org\/site\/#\/schema\/person\/image\/\",\"url\":\"https:\/\/secure.gravatar.com\/avatar\/cebd89becb7f7185483789d7f51a21cb?s=96&d=mm&r=g\",\"contentUrl\":\"https:\/\/secure.gravatar.com\/avatar\/cebd89becb7f7185483789d7f51a21cb?s=96&d=mm&r=g\",\"caption\":\"L\u00e9o Martin\"},\"url\":\"https:\/\/reclaimfinance.org\/site\/author\/lma\/\"}]}<\/script>\n<!-- \/ Yoast SEO plugin. -->","yoast_head_json":{"title":"Ce que les commissaires europ\u00e9ens disent de la finance durable - Reclaim Finance","description":"Reclaim Finance revient sur les r\u00e9ponses et les silences des candidats qui offrent un aper\u00e7u pr\u00e9cieux de l'orientation que pourrait prendre la Commission Europ\u00e9enne en mati\u00e8re de finance durable.","robots":{"index":"index","follow":"follow","max-snippet":"max-snippet:-1","max-image-preview":"max-image-preview:large","max-video-preview":"max-video-preview:-1"},"canonical":"https:\/\/reclaimfinance.org\/site\/2024\/11\/18\/ce-que-les-commissaires-europeens-disent-de-la-finance-durable\/","og_locale":"fr_FR","og_type":"article","og_title":"Ce que les commissaires europ\u00e9ens disent de la finance durable - Reclaim Finance","og_description":"Reclaim Finance revient sur les r\u00e9ponses et les silences des candidats qui offrent un aper\u00e7u pr\u00e9cieux de l'orientation que pourrait prendre la Commission Europ\u00e9enne en mati\u00e8re de finance durable.","og_url":"https:\/\/reclaimfinance.org\/site\/2024\/11\/18\/ce-que-les-commissaires-europeens-disent-de-la-finance-durable\/","og_site_name":"Reclaim Finance","article_publisher":"https:\/\/www.facebook.com\/ReclaimFinanceONG","article_published_time":"2024-11-18T14:52:15+00:00","article_modified_time":"2024-11-18T17:19:10+00:00","og_image":[{"width":1238,"height":550,"url":"https:\/\/reclaimfinance.org\/site\/wp-content\/uploads\/2024\/11\/Parlement-Europeen.jpg","type":"image\/jpeg"}],"author":"L\u00e9o Martin","twitter_card":"summary_large_image","twitter_creator":"@ReclaimFinance","twitter_site":"@ReclaimFinance","twitter_misc":{"\u00c9crit par":"L\u00e9o Martin","Dur\u00e9e de lecture estim\u00e9e":"10 minutes"},"schema":{"@context":"https:\/\/schema.org","@graph":[{"@type":"Article","@id":"https:\/\/reclaimfinance.org\/site\/2024\/11\/18\/ce-que-les-commissaires-europeens-disent-de-la-finance-durable\/#article","isPartOf":{"@id":"https:\/\/reclaimfinance.org\/site\/2024\/11\/18\/ce-que-les-commissaires-europeens-disent-de-la-finance-durable\/"},"author":{"name":"L\u00e9o Martin","@id":"https:\/\/reclaimfinance.org\/site\/#\/schema\/person\/92f0f8d102e5e411f092871d8eeb3db1"},"headline":"Ce que les commissaires europ\u00e9ens disent de la finance durable","datePublished":"2024-11-18T14:52:15+00:00","dateModified":"2024-11-18T17:19:10+00:00","mainEntityOfPage":{"@id":"https:\/\/reclaimfinance.org\/site\/2024\/11\/18\/ce-que-les-commissaires-europeens-disent-de-la-finance-durable\/"},"wordCount":4703,"publisher":{"@id":"https:\/\/reclaimfinance.org\/site\/#organization"},"image":{"@id":"https:\/\/reclaimfinance.org\/site\/2024\/11\/18\/ce-que-les-commissaires-europeens-disent-de-la-finance-durable\/#primaryimage"},"thumbnailUrl":"https:\/\/reclaimfinance.org\/site\/wp-content\/uploads\/2024\/11\/Parlement-Europeen.jpg","articleSection":["Articles"],"inLanguage":"fr-FR"},{"@type":"WebPage","@id":"https:\/\/reclaimfinance.org\/site\/2024\/11\/18\/ce-que-les-commissaires-europeens-disent-de-la-finance-durable\/","url":"https:\/\/reclaimfinance.org\/site\/2024\/11\/18\/ce-que-les-commissaires-europeens-disent-de-la-finance-durable\/","name":"Ce que les commissaires europ\u00e9ens disent de la finance durable - Reclaim Finance","isPartOf":{"@id":"https:\/\/reclaimfinance.org\/site\/#website"},"primaryImageOfPage":{"@id":"https:\/\/reclaimfinance.org\/site\/2024\/11\/18\/ce-que-les-commissaires-europeens-disent-de-la-finance-durable\/#primaryimage"},"image":{"@id":"https:\/\/reclaimfinance.org\/site\/2024\/11\/18\/ce-que-les-commissaires-europeens-disent-de-la-finance-durable\/#primaryimage"},"thumbnailUrl":"https:\/\/reclaimfinance.org\/site\/wp-content\/uploads\/2024\/11\/Parlement-Europeen.jpg","datePublished":"2024-11-18T14:52:15+00:00","dateModified":"2024-11-18T17:19:10+00:00","description":"Reclaim Finance revient sur les r\u00e9ponses et les silences des candidats qui offrent un aper\u00e7u pr\u00e9cieux de l'orientation que pourrait prendre la Commission Europ\u00e9enne en mati\u00e8re de finance durable.","breadcrumb":{"@id":"https:\/\/reclaimfinance.org\/site\/2024\/11\/18\/ce-que-les-commissaires-europeens-disent-de-la-finance-durable\/#breadcrumb"},"inLanguage":"fr-FR","potentialAction":[{"@type":"ReadAction","target":["https:\/\/reclaimfinance.org\/site\/2024\/11\/18\/ce-que-les-commissaires-europeens-disent-de-la-finance-durable\/"]}]},{"@type":"ImageObject","inLanguage":"fr-FR","@id":"https:\/\/reclaimfinance.org\/site\/2024\/11\/18\/ce-que-les-commissaires-europeens-disent-de-la-finance-durable\/#primaryimage","url":"https:\/\/reclaimfinance.org\/site\/wp-content\/uploads\/2024\/11\/Parlement-Europeen.jpg","contentUrl":"https:\/\/reclaimfinance.org\/site\/wp-content\/uploads\/2024\/11\/Parlement-Europeen.jpg","width":1238,"height":550},{"@type":"BreadcrumbList","@id":"https:\/\/reclaimfinance.org\/site\/2024\/11\/18\/ce-que-les-commissaires-europeens-disent-de-la-finance-durable\/#breadcrumb","itemListElement":[{"@type":"ListItem","position":1,"name":"Accueil","item":"https:\/\/reclaimfinance.org\/site\/"},{"@type":"ListItem","position":2,"name":"Ce que les commissaires europ\u00e9ens disent de la finance durable"}]},{"@type":"WebSite","@id":"https:\/\/reclaimfinance.org\/site\/#website","url":"https:\/\/reclaimfinance.org\/site\/","name":"Reclaim Finance","description":"Reprendre le contr\u00f4le de la finance pour le climat et la biodiversit\u00e9","publisher":{"@id":"https:\/\/reclaimfinance.org\/site\/#organization"},"potentialAction":[{"@type":"SearchAction","target":{"@type":"EntryPoint","urlTemplate":"https:\/\/reclaimfinance.org\/site\/?s={search_term_string}"},"query-input":"required name=search_term_string"}],"inLanguage":"fr-FR"},{"@type":"Organization","@id":"https:\/\/reclaimfinance.org\/site\/#organization","name":"Reclaim Finance","url":"https:\/\/reclaimfinance.org\/site\/","logo":{"@type":"ImageObject","inLanguage":"fr-FR","@id":"https:\/\/reclaimfinance.org\/site\/#\/schema\/logo\/image\/","url":"https:\/\/reclaimfinance.org\/site\/wp-content\/uploads\/2020\/03\/logo_RC_space.png","contentUrl":"https:\/\/reclaimfinance.org\/site\/wp-content\/uploads\/2020\/03\/logo_RC_space.png","width":800,"height":800,"caption":"Reclaim Finance"},"image":{"@id":"https:\/\/reclaimfinance.org\/site\/#\/schema\/logo\/image\/"},"sameAs":["https:\/\/www.facebook.com\/ReclaimFinanceONG","https:\/\/x.com\/ReclaimFinance","https:\/\/www.instagram.com\/reclaimfinance\/","https:\/\/www.linkedin.com\/company\/reclaim-finance-ong-think-tank"]},{"@type":"Person","@id":"https:\/\/reclaimfinance.org\/site\/#\/schema\/person\/92f0f8d102e5e411f092871d8eeb3db1","name":"L\u00e9o Martin","image":{"@type":"ImageObject","inLanguage":"fr-FR","@id":"https:\/\/reclaimfinance.org\/site\/#\/schema\/person\/image\/","url":"https:\/\/secure.gravatar.com\/avatar\/cebd89becb7f7185483789d7f51a21cb?s=96&d=mm&r=g","contentUrl":"https:\/\/secure.gravatar.com\/avatar\/cebd89becb7f7185483789d7f51a21cb?s=96&d=mm&r=g","caption":"L\u00e9o Martin"},"url":"https:\/\/reclaimfinance.org\/site\/author\/lma\/"}]}},"_links":{"self":[{"href":"https:\/\/reclaimfinance.org\/site\/wp-json\/wp\/v2\/posts\/34896"}],"collection":[{"href":"https:\/\/reclaimfinance.org\/site\/wp-json\/wp\/v2\/posts"}],"about":[{"href":"https:\/\/reclaimfinance.org\/site\/wp-json\/wp\/v2\/types\/post"}],"author":[{"embeddable":true,"href":"https:\/\/reclaimfinance.org\/site\/wp-json\/wp\/v2\/users\/26"}],"replies":[{"embeddable":true,"href":"https:\/\/reclaimfinance.org\/site\/wp-json\/wp\/v2\/comments?post=34896"}],"version-history":[{"count":9,"href":"https:\/\/reclaimfinance.org\/site\/wp-json\/wp\/v2\/posts\/34896\/revisions"}],"predecessor-version":[{"id":35459,"href":"https:\/\/reclaimfinance.org\/site\/wp-json\/wp\/v2\/posts\/34896\/revisions\/35459"}],"wp:featuredmedia":[{"embeddable":true,"href":"https:\/\/reclaimfinance.org\/site\/wp-json\/wp\/v2\/media\/34911"}],"wp:attachment":[{"href":"https:\/\/reclaimfinance.org\/site\/wp-json\/wp\/v2\/media?parent=34896"}],"wp:term":[{"taxonomy":"category","embeddable":true,"href":"https:\/\/reclaimfinance.org\/site\/wp-json\/wp\/v2\/categories?post=34896"},{"taxonomy":"post_tag","embeddable":true,"href":"https:\/\/reclaimfinance.org\/site\/wp-json\/wp\/v2\/tags?post=34896"},{"taxonomy":"acteurs_financiers","embeddable":true,"href":"https:\/\/reclaimfinance.org\/site\/wp-json\/wp\/v2\/acteurs_financiers?post=34896"},{"taxonomy":"thematique","embeddable":true,"href":"https:\/\/reclaimfinance.org\/site\/wp-json\/wp\/v2\/thematique?post=34896"},{"taxonomy":"webinar_type","embeddable":true,"href":"https:\/\/reclaimfinance.org\/site\/wp-json\/wp\/v2\/webinar_type?post=34896"},{"taxonomy":"programme","embeddable":true,"href":"https:\/\/reclaimfinance.org\/site\/wp-json\/wp\/v2\/programme?post=34896"}],"curies":[{"name":"wp","href":"https:\/\/api.w.org\/{rel}","templated":true}]}}