{"id":35554,"date":"2025-01-28T12:32:08","date_gmt":"2025-01-28T11:32:08","guid":{"rendered":"https:\/\/reclaimfinance.org\/site\/?p=35554"},"modified":"2025-01-28T12:32:08","modified_gmt":"2025-01-28T11:32:08","slug":"bnp-paribas-am-revise-sa-politique-dinvestissement-que-faut-il-en-penser","status":"publish","type":"post","link":"https:\/\/reclaimfinance.org\/site\/2025\/01\/28\/bnp-paribas-am-revise-sa-politique-dinvestissement-que-faut-il-en-penser\/","title":{"rendered":"BNP Paribas AM r\u00e9vise sa politique d\u2019investissement : que faut-il en penser?"},"content":{"rendered":"<p><div class=\"fusion-fullwidth fullwidth-box fusion-builder-row-1 fusion-flex-container has-pattern-background has-mask-background nonhundred-percent-fullwidth non-hundred-percent-height-scrolling\" style=\"--awb-border-radius-top-left:0px;--awb-border-radius-top-right:0px;--awb-border-radius-bottom-right:0px;--awb-border-radius-bottom-left:0px;--awb-margin-bottom:20px;--awb-flex-wrap:wrap;\" ><div class=\"fusion-builder-row fusion-row fusion-flex-align-items-flex-start fusion-flex-content-wrap\" style=\"max-width:1216.8px;margin-left: calc(-4% \/ 2 );margin-right: calc(-4% \/ 2 );\"><div class=\"fusion-layout-column fusion_builder_column fusion-builder-column-0 fusion_builder_column_1_1 1_1 fusion-flex-column\" style=\"--awb-bg-size:cover;--awb-width-large:100%;--awb-margin-top-large:0px;--awb-spacing-right-large:1.92%;--awb-margin-bottom-large:20px;--awb-spacing-left-large:1.92%;--awb-width-medium:100%;--awb-order-medium:0;--awb-spacing-right-medium:1.92%;--awb-spacing-left-medium:1.92%;--awb-width-small:100%;--awb-order-small:0;--awb-spacing-right-small:1.92%;--awb-spacing-left-small:1.92%;\"><div class=\"fusion-column-wrapper fusion-column-has-shadow fusion-flex-justify-content-flex-start fusion-content-layout-column\"><div class=\"fusion-text fusion-text-1\" style=\"--awb-content-alignment:justify;--awb-text-color:var(--awb-color4);--awb-text-font-family:&quot;Montserrat&quot;;--awb-text-font-style:normal;--awb-text-font-weight:700;\"><p>En novembre 2024, BNP Paribas AM est devenu le premier grand gestionnaire d\u2019actifs au monde \u00e0 mettre fin \u00e0 ses achats d\u2019obligations \u00e9mises sur le march\u00e9 primaire par certaines entreprises du secteur p\u00e9tro-gazier. Reclaim Finance salue cette nouvelle mesure qui met la lumi\u00e8re sur le r\u00f4le cl\u00e9 jou\u00e9 par les \u00e9missions d\u2019obligations dans le financement des entreprises d\u00e9veloppant de nouveaux projets fossiles. Nous analysons en d\u00e9tail l\u2019impact potentiel de cette annonce et mettons en lumi\u00e8re certaines failles, notamment le fait que la politique ne traite pas du cas des fonds g\u00e9r\u00e9s passivement, et ne couvre que la partie amont (upstream) de la cha\u00eene de valeur du p\u00e9trole et du gaz. Reclaim Finance appelle les autres grands gestionnaires d\u2019actifs europ\u00e9ens comme Amundi et LGIM \u00e0 ne pas se laisser distancer et \u00e0 suivre \u00e0 minima la voie trac\u00e9e par BNP Paribas AM.<\/p>\n<\/div><div class=\"fusion-text fusion-text-2\" style=\"--awb-content-alignment:justify;\"><p>Depuis d\u00e9cembre 2024, BNP Paribas AM exclut les investissements dans les nouvelles obligations \u00e9mises sur le march\u00e9 primaire par les entreprises actives dans l\u2019exploration et la production de p\u00e9trole et de gaz (1).<\/p>\n<\/div><div class=\"fusion-title title fusion-title-1 fusion-title-text fusion-title-size-two\" style=\"--awb-text-color:var(--awb-color4);--awb-margin-top:15px;--awb-margin-bottom:15px;--awb-font-size:16px;\"><div class=\"title-sep-container title-sep-container-left fusion-no-large-visibility fusion-no-medium-visibility fusion-no-small-visibility\"><div class=\"title-sep sep- sep-solid\" style=\"border-color:#3e3e3e;\"><\/div><\/div><span class=\"awb-title-spacer fusion-no-large-visibility fusion-no-medium-visibility fusion-no-small-visibility\"><\/span><h2 class=\"fusion-title-heading title-heading-left fusion-responsive-typography-calculated\" style=\"font-family:&quot;Montserrat&quot;;font-style:normal;font-weight:700;margin:0;font-size:1em;--fontSize:16;--minFontSize:16;line-height:1.5;\">Fin des investissements dans les obligations \u00e9mises sur le march\u00e9 primaire : une avanc\u00e9e indispensable<\/h2><span class=\"awb-title-spacer\"><\/span><div class=\"title-sep-container title-sep-container-right\"><div class=\"title-sep sep- sep-solid\" style=\"border-color:#3e3e3e;\"><\/div><\/div><\/div><div class=\"fusion-text fusion-text-3\" style=\"--awb-content-alignment:justify;\"><p>Les entreprises du secteur des \u00e9nergies fossiles se financent largement par l\u2019\u00e9mission d\u2019obligations (2), en compl\u00e9ment des pr\u00eats bancaires. Ces obligations ne peuvent \u00eatre \u00e9mises sans l\u2019interm\u00e9diation des banques, mais ce sont les investisseurs qui les ach\u00e8tent, en \u00e9change du paiement d\u2019int\u00e9r\u00eats par les entreprises \u00e9mettrices. Refuser d\u2019investir dans de nouvelles obligations \u00e9mises par des entreprises qui d\u00e9veloppent de nouveaux projets de champs p\u00e9troliers et gaziers permet \u00e0 un investisseur de se mettre en coh\u00e9rence avec son objectif d\u2019aligner son portefeuille sur une trajectoire 1,5\u00b0C. En effet, cela lui permet de contr\u00f4ler son impact sur le d\u00e9r\u00e8glement climatique, bien plus fortement qu\u2019il ne peut le faire avec des actions (3).<\/p>\n<p>Cela explique que de plus en plus d\u2019investisseurs s\u2019engagent \u00e0 ne plus investir dans des nouvelles obligations \u00e9mises par des d\u00e9veloppeurs d\u2019\u00e9nergies fossiles, qu\u2019ils refusent ou non d\u2019investir dans leurs nouvelles actions. La d\u00e9cision de BNP Paribas AM, qui fait suite \u00e0 la d\u00e9cision de BNP Paribas CIB de ne plus \u00e9mettre les obligations de producteurs p\u00e9tro-gaziers, s\u2019inscrit dans cette dynamique et augmente ainsi la cr\u00e9dibilit\u00e9 de sa strat\u00e9gie d\u2019alignement des investissements sur une trajectoire z\u00e9ro \u00e9mission nette (4).<\/p>\n<p>La politique mise \u00e0 jour en novembre 2024 pr\u00e9cise que cette r\u00e8gle s\u2019applique exclusivement sur le march\u00e9 primaire. C\u2019est sur le march\u00e9 primaire que les obligations nouvellement \u00e9mises sont vendues pour la premi\u00e8re fois aux investisseurs (5), en opposition au march\u00e9 secondaire o\u00f9 les titres financiers d\u00e9j\u00e0 \u00e9mis sont \u00e9chang\u00e9s entre investisseurs. En visant le march\u00e9 primaire, BNP Paribas AM se concentre sur le canal d\u2019alimentation en argent frais des entreprises productrices de p\u00e9trole et de gaz.<\/p>\n<\/div><div class=\"fusion-title title fusion-title-2 fusion-title-text fusion-title-size-two\" style=\"--awb-text-color:var(--awb-color4);--awb-margin-top:15px;--awb-margin-bottom:15px;--awb-font-size:16px;\"><div class=\"title-sep-container title-sep-container-left fusion-no-large-visibility fusion-no-medium-visibility fusion-no-small-visibility\"><div class=\"title-sep sep- sep-solid\" style=\"border-color:#3e3e3e;\"><\/div><\/div><span class=\"awb-title-spacer fusion-no-large-visibility fusion-no-medium-visibility fusion-no-small-visibility\"><\/span><h2 class=\"fusion-title-heading title-heading-left fusion-responsive-typography-calculated\" style=\"font-family:&quot;Montserrat&quot;;font-style:normal;font-weight:700;margin:0;font-size:1em;--fontSize:16;--minFontSize:16;line-height:1.5;\">Une faille possible de la politique pour les fonds indiciels<\/h2><span class=\"awb-title-spacer\"><\/span><div class=\"title-sep-container title-sep-container-right\"><div class=\"title-sep sep- sep-solid\" style=\"border-color:#3e3e3e;\"><\/div><\/div><\/div><div class=\"fusion-text fusion-text-4\" style=\"--awb-content-alignment:justify;\"><p>BNP Paribas AM peut toutefois toujours investir dans des nouvelles obligations d\u2019entreprises fossiles d\u00e8s leur arriv\u00e9e sur les march\u00e9s secondaires, ce qui contribuerait tout de m\u00eame \u00e0 cr\u00e9er de la demande pour ces obligations et constituerait donc toujours un soutien \u00e0 ces entreprises.<\/p>\n<p>Le risque est quasi nul pour les fonds g\u00e9r\u00e9s activement mais est plus pr\u00e9gnant pour les fonds g\u00e9r\u00e9s passivement (6). En effet, certains des fonds obligataires g\u00e9r\u00e9s par BNP Paribas AM sont des fonds indiciels, c\u2019est \u00e0 dire des fonds qui visent \u00e0 reproduire la performance d\u2019un indice obligataire sp\u00e9cifique (e.g. le Bloomberg Barclays Global Aggregate Bond Index) en d\u00e9tenant un portefeuille qui refl\u00e8te autant que possible la composition de cet indice. Or, lorsque de nouvelles obligations sont ajout\u00e9es \u00e0 l\u2019indice, les fonds qui le r\u00e9pliquent pourraient investir dans des obligations nouvellement \u00e9mises pour conserver leur alignement avec la composition de l\u2019indice.<\/p>\n<p>C\u2019est ici qu\u2019un \u00e9cueil potentiel de la nouvelle mesure de BNP Paribas AM appara\u00eet. Si BNP Paribas AM commercialise toujours des fonds qui visent \u00e0 r\u00e9pliquer des indices d\u2019obligations d\u2019entreprises dont celles du secteur p\u00e9trolier et gazier, le gestionnaire pourrait alors vouloir acheter les nouvelles obligations \u00e9mises par ces entreprises fossiles lorsqu\u2019elles arrivent sur le march\u00e9 secondaire. Le soutien aux entreprises fossiles serait donc toujours existant.<\/p>\n<p>La faille est r\u00e9elle, bien que son impact soit pour l\u2019instant limit\u00e9 dans le cas de BNP Paribas AM. Contrairement \u00e0 d\u2019autres gestionnaires d\u2019actifs tr\u00e8s f\u00e9rus de gestion passive comme Amundi ou LGIM, la gestion passive ne repr\u00e9sente qu\u2019environ 7% des actifs totaux sous gestion de BNP Paribas AM. Le rachat d\u2019AXA IM, \u00e9galement peu expos\u00e9 \u00e0 la gestion indicielle, ne devrait pas bouleverser cette exposition relative. Toutefois, au vu de la croissance pr\u00e9vue du gestionnaire d\u2019actifs, le respect de l\u2019esprit de la politique n\u00e9cessite donc de trouver des solutions pour r\u00e9ellement mettre fin aux investissements dans de nouvelles obligations \u00e9mises par des entreprises fossiles . Le r\u00e9cent lancement par BNP Paribas AM d\u2019ETF actifs (7), qui lui permettent d\u2019exclure des entreprises malgr\u00e9 leur pr\u00e9sence dans l\u2019indice suivi, est un exemple qui va dans la bonne direction.<\/p>\n<p>Une autre alternative serait de changer d\u2019indices suivis pour ne commercialiser que des fonds r\u00e9pliquant des indices plus propres. Mais de telles mesures n\u2019ont pas \u00e9t\u00e9 pour l\u2019instant prises sur l\u2019ensemble des fonds g\u00e9r\u00e9s passivement par BNP Paribas AM.<\/p>\n<\/div><div class=\"fusion-title title fusion-title-3 fusion-title-text fusion-title-size-two\" style=\"--awb-text-color:var(--awb-color4);--awb-margin-top:15px;--awb-margin-bottom:15px;--awb-font-size:16px;\"><div class=\"title-sep-container title-sep-container-left fusion-no-large-visibility fusion-no-medium-visibility fusion-no-small-visibility\"><div class=\"title-sep sep- sep-solid\" style=\"border-color:#3e3e3e;\"><\/div><\/div><span class=\"awb-title-spacer fusion-no-large-visibility fusion-no-medium-visibility fusion-no-small-visibility\"><\/span><h2 class=\"fusion-title-heading title-heading-left fusion-responsive-typography-calculated\" style=\"font-family:&quot;Montserrat&quot;;font-style:normal;font-weight:700;margin:0;font-size:1em;--fontSize:16;--minFontSize:16;line-height:1.5;\">Une cha\u00eene de valeur limit\u00e9e \u00e0 l\u2019exploration et la production de p\u00e9trole et de gaz qui ne permet pas de couvrir l\u2019enjeu de l\u2019expansion du gaz naturel liqu\u00e9fi\u00e9 (GNL)<\/h2><span class=\"awb-title-spacer\"><\/span><div class=\"title-sep-container title-sep-container-right\"><div class=\"title-sep sep- sep-solid\" style=\"border-color:#3e3e3e;\"><\/div><\/div><\/div><div class=\"fusion-text fusion-text-5\" style=\"--awb-content-alignment:justify;\"><p>La nouvelle mesure adopt\u00e9e par BNP Paribas AM a \u00e9galement une autre faille importante : l\u2019exclusion ne concerne que les entreprises actives sur la partie amont de la cha\u00eene de valeur du p\u00e9trole et du gaz. Le gestionnaire d\u2019actifs s\u2019autorise encore \u00e0 investir dans des obligations \u00e9mises sur le march\u00e9 primaire par des entreprises d\u00e9veloppant de nouveaux projets de p\u00e9trole et gaz midstream (transport et stockage) dont les nouveaux terminaux d\u2019exportation de GNL. Ne plus fournir d\u2019argent frais \u00e0 ces entreprises est pourtant n\u00e9cessaire pour \u00e9viter de soutenir une industrie gazi\u00e8re dont les plans d\u2019expansion vont \u00e0 rebours des projections de l\u2019AIE : les producteurs de GNL comptent tripler leur capacit\u00e9 de production dans le monde passant de 480 millions de tonnes par an (Mtpa) \u00e0 1480 Mtpa (8) alors que le sc\u00e9nario NZE projette une diminution de 73 % de la production de gaz fossile d\u2019ici \u00e0 2050 (9).<\/p>\n<p><strong>Si les mesures annonc\u00e9es par BNP Paribas AM ne mettent pas d\u00e9finitivement fin \u00e0 son soutien \u00e0 l\u2019expansion p\u00e9tro-gazi\u00e8re sur l\u2019ensemble de la cha\u00eene de valeur, elles repr\u00e9sentent tout de m\u00eame une rupture importante dans le rapport du gestionnaire d\u2019actifs avec le secteur p\u00e9trolier et gazier. Cette d\u00e9cision, historique dans le monde des gestionnaires d\u2019actifs, rappelle la responsabilit\u00e9 des investisseurs dans la gestion de leurs investissements obligataires, dans un contexte d\u2019urgence climatique. Reclaim Finance appelle d\u00e9sormais les autres grands gestionnaires d\u2019actifs \u00e0 suivre \u00e0 minima la voie emprunt\u00e9e par BNP Paribas AM, sans ignorer les enjeux sp\u00e9cifiques li\u00e9s \u00e0 leur gestion passive.<\/strong><\/p>\n<\/div><\/div><\/div><div class=\"fusion-layout-column fusion_builder_column fusion-builder-column-1 fusion_builder_column_1_1 1_1 fusion-flex-column fusion-column-no-min-height\" style=\"--awb-padding-top:20px;--awb-padding-right:10px;--awb-padding-bottom:20px;--awb-padding-left:10px;--awb-overflow:hidden;--awb-bg-size:cover;--awb-border-color:var(--awb-color1);--awb-border-top:1px;--awb-border-right:1px;--awb-border-bottom:1px;--awb-border-left:1px;--awb-border-style:solid;--awb-border-radius:10px 10px 10px 10px;--awb-width-large:100%;--awb-margin-top-large:0px;--awb-spacing-right-large:1.92%;--awb-margin-bottom-large:20px;--awb-spacing-left-large:1.92%;--awb-width-medium:100%;--awb-order-medium:0;--awb-spacing-right-medium:1.92%;--awb-spacing-left-medium:1.92%;--awb-width-small:100%;--awb-order-small:0;--awb-spacing-right-small:1.92%;--awb-spacing-left-small:1.92%;\"><div class=\"fusion-column-wrapper fusion-column-has-shadow fusion-flex-justify-content-flex-start fusion-content-layout-column\"><div class=\"fusion-title title fusion-title-4 fusion-title-text fusion-title-size-three\" style=\"--awb-text-color:var(--awb-color1);--awb-margin-bottom:0px;--awb-font-size:16px;\"><div class=\"title-sep-container title-sep-container-left fusion-no-large-visibility fusion-no-medium-visibility fusion-no-small-visibility\"><div class=\"title-sep sep- sep-solid\" style=\"border-color:#3e3e3e;\"><\/div><\/div><span class=\"awb-title-spacer fusion-no-large-visibility fusion-no-medium-visibility fusion-no-small-visibility\"><\/span><h3 class=\"fusion-title-heading title-heading-left fusion-responsive-typography-calculated\" style=\"font-family:&quot;Montserrat&quot;;font-style:normal;font-weight:700;margin:0;font-size:1em;--fontSize:16;--minFontSize:16;line-height:1.5;\">Notes :<\/h3><span class=\"awb-title-spacer\"><\/span><div class=\"title-sep-container title-sep-container-right\"><div class=\"title-sep sep- sep-solid\" style=\"border-color:#3e3e3e;\"><\/div><\/div><\/div><div class=\"fusion-text fusion-text-6\" style=\"--awb-content-alignment:justify;\"><ol>\n<li aria-level=\"1\"><span style=\"text-decoration: underline;\"><a href=\"https:\/\/reclaimfinance.org\/site\/2024\/11\/27\/bnp-paribas-am-ninvestira-plus-dans-les-nouvelles-obligations-des-entreprises-petro-gazieres\/\" target=\"_blank\" rel=\"noopener\">BNP Paribas AM n\u2019investira plus dans les nouvelles obligations des entreprises p\u00e9tro-gazi\u00e8res<\/a><\/span>, Reclaim Finance, 2024.<\/li>\n<li aria-level=\"1\">Ainsi, sur 166 produits \u00e9mis en 2024 \u00e0 destination des entreprises d\u00e9veloppant de nouveaux projets d\u2019\u00e9nergies fossiles, 143 \u00e9taient des obligations. Voir le rapport de Reclaim Finance <span style=\"text-decoration: underline;\"><a href=\"https:\/\/reclaimfinance.org\/site\/2024\/11\/07\/les-banques-europeennes-et-la-transition-lheure-du-bilan\/\" target=\"_blank\" rel=\"noopener\">ici<\/a><\/span>.<\/li>\n<li aria-level=\"1\"><span style=\"text-decoration: underline;\"><a href=\"https:\/\/www.sciencedirect.com\/science\/article\/pii\/S2214629623003122\" target=\"_blank\" rel=\"noopener\">Evidence-based climate impact: A financial product framework<\/a><\/span>, Ellen Quigley, novembre 2023.<\/li>\n<li aria-level=\"1\"><span style=\"text-decoration: underline;\"><a href=\"https:\/\/docfinder.bnpparibas-am.com\/api\/files\/F5EE3377-26CE-4DFD-B770-DBD29323D78B\" target=\"_blank\" rel=\"noopener\">Net Zero Roadmap<\/a><\/span>, BNP Paribas, 2022.<\/li>\n<li aria-level=\"1\">En opposition avec le march\u00e9 secondaire o\u00f9 les investisseurs s&rsquo;\u00e9changent des obligations d\u00e9j\u00e0 \u00e9mises.<\/li>\n<li aria-level=\"1\">Contrairement \u00e0 la gestion passive en partie contrainte par des m\u00e9canismes structurels, la gestion active est par d\u00e9finition le reflet des choix des gestionnaires d\u2019actifs. Il serait donc incoh\u00e9rent d\u2019acheter sur le march\u00e9 secondaire des titres refus\u00e9s sur le march\u00e9 primaire, notamment \u00e9tant donn\u00e9 les frais associ\u00e9s au rachat sur le march\u00e9 secondaire.<\/li>\n<li aria-level=\"1\"><span style=\"text-decoration: underline;\"><a href=\"https:\/\/www.agefi.fr\/etf\/bnpp-am-fait-un-pas-vers-les-etf-actifs\" target=\"_blank\" rel=\"noopener\">BNP Paribas AM fait un pas vers les ETF actifs<\/a><\/span>, Agefi, f\u00e9vrier 2024.<\/li>\n<li aria-level=\"1\">International Gas Union, 2023 World LNG Report, 2023.<\/li>\n<li aria-level=\"1\">AIE, World Energy Outlook 2023, 2023.<\/li>\n<\/ol>\n<\/div><\/div><\/div><\/div><\/div><div class=\"fusion-fullwidth fullwidth-box fusion-builder-row-2 fusion-flex-container has-pattern-background has-mask-background nonhundred-percent-fullwidth non-hundred-percent-height-scrolling\" style=\"--awb-border-radius-top-left:0px;--awb-border-radius-top-right:0px;--awb-border-radius-bottom-right:0px;--awb-border-radius-bottom-left:0px;--awb-flex-wrap:wrap;\" ><div class=\"fusion-builder-row fusion-row fusion-flex-align-items-flex-start fusion-flex-content-wrap\" style=\"max-width:1216.8px;margin-left: calc(-4% \/ 2 );margin-right: calc(-4% \/ 2 );\"><div class=\"fusion-layout-column fusion_builder_column fusion-builder-column-2 fusion_builder_column_1_1 1_1 fusion-flex-column\" style=\"--awb-bg-size:cover;--awb-width-large:100%;--awb-margin-top-large:0px;--awb-spacing-right-large:1.92%;--awb-margin-bottom-large:20px;--awb-spacing-left-large:1.92%;--awb-width-medium:100%;--awb-order-medium:0;--awb-spacing-right-medium:1.92%;--awb-spacing-left-medium:1.92%;--awb-width-small:100%;--awb-order-small:0;--awb-spacing-right-small:1.92%;--awb-spacing-left-small:1.92%;\"><div class=\"fusion-column-wrapper fusion-column-has-shadow fusion-flex-justify-content-flex-start fusion-content-layout-column\"><div class=\"fusion-title title fusion-title-5 fusion-sep-none fusion-title-text fusion-title-size-two\" style=\"--awb-text-color:var(--awb-color1);--awb-margin-bottom:0px;\"><h2 class=\"fusion-title-heading title-heading-left fusion-responsive-typography-calculated\" style=\"margin:0;text-transform:uppercase;--fontSize:33;line-height:1.5;\">lire aussi<\/h2><\/div><div class=\"fusion-separator\" style=\"align-self: flex-start;margin-right:auto;margin-top:25px;margin-bottom:35px;width:100%;max-width:100px;\"><div class=\"fusion-separator-border sep-single sep-solid\" style=\"--awb-height:20px;--awb-amount:20px;--awb-sep-color:var(--awb-color4);border-color:var(--awb-color4);border-top-width:10px;\"><\/div><\/div><div class=\"fusion-blog-shortcode fusion-blog-shortcode-1 fusion-blog-archive fusion-blog-layout-grid-wrapper fusion-blog-no\"><style type=\"text\/css\">.fusion-blog-shortcode-1 .fusion-blog-layout-grid .fusion-post-grid{padding:15px;}.fusion-blog-shortcode-1 .fusion-posts-container{margin-left: -15px !important; margin-right:-15px !important;}<\/style><div class=\"fusion-posts-container fusion-posts-container-no fusion-blog-rollover fusion-blog-layout-grid fusion-blog-layout-grid-3 isotope fusion-blog-equal-heights\" data-pages=\"181\" data-grid-col-space=\"30\" style=\"margin: -15px -15px 0;min-height:500px;\"><article id=\"blog-1-post-39811\" class=\"fusion-post-grid post-39811 post type-post status-publish format-standard has-post-thumbnail hentry category-blog acteurs_financiers-banques-fr thematique-energies-renouvelables-fr programme-programme-2-fr\">\n<div class=\"fusion-post-wrapper\" style=\"background-color:rgba(255,255,255,0);border:1px solid #2a2b3d;border-bottom-width:3px;\">\n\n\t\t\t<div class=\"fusion-flexslider flexslider fusion-flexslider-loading fusion-post-slideshow\" style=\"border-color:#2a2b3d;\">\n\t\t<ul class=\"slides\">\n\t\t\t\n\t\t\t\t\t\t\t\t\t\t\t\t\t\t<li><div  class=\"fusion-image-wrapper\" aria-haspopup=\"true\">\n\t\t\t\t<img decoding=\"async\" width=\"1125\" height=\"500\" src=\"https:\/\/reclaimfinance.org\/site\/wp-content\/uploads\/2026\/04\/scotiabank.png\" class=\"attachment-full size-full wp-post-image\" alt=\"\" \/><div class=\"fusion-rollover\">\n\t<div class=\"fusion-rollover-content\">\n\n\t\t\t\t\n\t\t\n\t\t\t\t\t\t\t\t\n\t\t\t\t\t\t\t\t\n\t\t\n\t\t\t\t\t\t<a class=\"fusion-link-wrapper\" href=\"https:\/\/reclaimfinance.org\/site\/2026\/04\/30\/scotiabank-publie-le-premier-ratio-de-financement-a-lenergie-canadien\/\" aria-label=\"Scotiabank publie le premier ratio de financement \u00e0 l\u2019\u00e9nergie canadien\"><\/a>\n\t<\/div>\n<\/div>\n<\/div>\n<\/li>\n\t\t\t\n\t\t\t\n\t\t\t\t\t\t\t\t<\/ul>\n\t<\/div>\n\t<div class=\"fusion-post-content-wrapper\" style=\"padding:30px 25px 20px 25px;\"><div class=\"fusion-post-content post-content\"><h3 class=\"blog-shortcode-post-title entry-title\"><a href=\"https:\/\/reclaimfinance.org\/site\/2026\/04\/30\/scotiabank-publie-le-premier-ratio-de-financement-a-lenergie-canadien\/\">Scotiabank publie le premier ratio de financement \u00e0 l\u2019\u00e9nergie canadien<\/a><\/h3><p class=\"fusion-single-line-meta\"><span class=\"vcard\" style=\"display: none;\"><span class=\"fn\"><a href=\"https:\/\/reclaimfinance.org\/site\/author\/aman\/\" title=\"Articles par Aatira\u00ef Manickawasagar\" rel=\"author\">Aatira\u00ef Manickawasagar<\/a><\/span><\/span><span class=\"updated\" style=\"display:none;\">2026-04-30T11:52:10+02:00<\/span><a href=\"https:\/\/reclaimfinance.org\/site\/category\/blog\/\" rel=\"category tag\">Articles<\/a><span class=\"fusion-inline-sep\">|<\/span><\/p><\/div><\/div><div class=\"fusion-clearfix\"><\/div><\/div>\n<\/article>\n<article id=\"blog-1-post-39629\" class=\"fusion-post-grid post-39629 post type-post status-publish format-standard has-post-thumbnail hentry category-blog acteurs_financiers-banques-fr thematique-energies-fossiles\">\n<div class=\"fusion-post-wrapper\" style=\"background-color:rgba(255,255,255,0);border:1px solid #2a2b3d;border-bottom-width:3px;\">\n\n\t\t\t<div class=\"fusion-flexslider flexslider fusion-flexslider-loading fusion-post-slideshow\" style=\"border-color:#2a2b3d;\">\n\t\t<ul class=\"slides\">\n\t\t\t\n\t\t\t\t\t\t\t\t\t\t\t\t\t\t<li><div  class=\"fusion-image-wrapper\" aria-haspopup=\"true\">\n\t\t\t\t<img decoding=\"async\" width=\"1125\" height=\"500\" src=\"https:\/\/reclaimfinance.org\/site\/wp-content\/uploads\/2026\/04\/BCE-1.png\" class=\"attachment-full size-full wp-post-image\" alt=\"\" \/><div class=\"fusion-rollover\">\n\t<div class=\"fusion-rollover-content\">\n\n\t\t\t\t\n\t\t\n\t\t\t\t\t\t\t\t\n\t\t\t\t\t\t\t\t\n\t\t\n\t\t\t\t\t\t<a class=\"fusion-link-wrapper\" href=\"https:\/\/reclaimfinance.org\/site\/2026\/04\/27\/le-choix-de-la-bce-proteger-la-transition-energetique-ou-repeter-les-erreurs-du-passe\/\" aria-label=\"Le choix de la BCE : prot\u00e9ger la transition \u00e9nerg\u00e9tique ou r\u00e9p\u00e9ter les erreurs du pass\u00e9\"><\/a>\n\t<\/div>\n<\/div>\n<\/div>\n<\/li>\n\t\t\t\n\t\t\t\n\t\t\t\t\t\t\t\t<\/ul>\n\t<\/div>\n\t<div class=\"fusion-post-content-wrapper\" style=\"padding:30px 25px 20px 25px;\"><div class=\"fusion-post-content post-content\"><h3 class=\"blog-shortcode-post-title entry-title\"><a href=\"https:\/\/reclaimfinance.org\/site\/2026\/04\/27\/le-choix-de-la-bce-proteger-la-transition-energetique-ou-repeter-les-erreurs-du-passe\/\">Le choix de la BCE : prot\u00e9ger la transition \u00e9nerg\u00e9tique ou r\u00e9p\u00e9ter les erreurs du pass\u00e9<\/a><\/h3><p class=\"fusion-single-line-meta\"><span class=\"vcard\" style=\"display: none;\"><span class=\"fn\"><a href=\"https:\/\/reclaimfinance.org\/site\/author\/aman\/\" title=\"Articles par Aatira\u00ef Manickawasagar\" rel=\"author\">Aatira\u00ef Manickawasagar<\/a><\/span><\/span><span class=\"updated\" style=\"display:none;\">2026-04-27T14:38:08+02:00<\/span><a href=\"https:\/\/reclaimfinance.org\/site\/category\/blog\/\" rel=\"category tag\">Articles<\/a><span class=\"fusion-inline-sep\">|<\/span><\/p><\/div><\/div><div class=\"fusion-clearfix\"><\/div><\/div>\n<\/article>\n<article id=\"blog-1-post-39586\" class=\"fusion-post-grid post-39586 post type-post status-publish format-standard has-post-thumbnail hentry category-blog acteurs_financiers-assurances-fr acteurs_financiers-investisseurs\">\n<div class=\"fusion-post-wrapper\" style=\"background-color:rgba(255,255,255,0);border:1px solid #2a2b3d;border-bottom-width:3px;\">\n\n\t\t\t<div class=\"fusion-flexslider flexslider fusion-flexslider-loading fusion-post-slideshow\" style=\"border-color:#2a2b3d;\">\n\t\t<ul class=\"slides\">\n\t\t\t\n\t\t\t\t\t\t\t\t\t\t\t\t\t\t<li><div  class=\"fusion-image-wrapper\" aria-haspopup=\"true\">\n\t\t\t\t<img decoding=\"async\" width=\"900\" height=\"400\" src=\"https:\/\/reclaimfinance.org\/site\/wp-content\/uploads\/2025\/09\/Totalenergies-investors1.png\" class=\"attachment-full size-full wp-post-image\" alt=\"\" \/><div class=\"fusion-rollover\">\n\t<div class=\"fusion-rollover-content\">\n\n\t\t\t\t\n\t\t\n\t\t\t\t\t\t\t\t\n\t\t\t\t\t\t\t\t\n\t\t\n\t\t\t\t\t\t<a class=\"fusion-link-wrapper\" href=\"https:\/\/reclaimfinance.org\/site\/2026\/04\/24\/totalenergies-finance-par-lassurance-vie-un-soutien-toujours-moins-defendable\/\" aria-label=\"TotalEnergies financ\u00e9 par l\u2019assurance-vie : un soutien toujours moins d\u00e9fendable\"><\/a>\n\t<\/div>\n<\/div>\n<\/div>\n<\/li>\n\t\t\t\n\t\t\t\n\t\t\t\t\t\t\t\t<\/ul>\n\t<\/div>\n\t<div class=\"fusion-post-content-wrapper\" style=\"padding:30px 25px 20px 25px;\"><div class=\"fusion-post-content post-content\"><h3 class=\"blog-shortcode-post-title entry-title\"><a href=\"https:\/\/reclaimfinance.org\/site\/2026\/04\/24\/totalenergies-finance-par-lassurance-vie-un-soutien-toujours-moins-defendable\/\">TotalEnergies financ\u00e9 par l\u2019assurance-vie : un soutien toujours moins d\u00e9fendable<\/a><\/h3><p class=\"fusion-single-line-meta\"><span class=\"vcard\" style=\"display: none;\"><span class=\"fn\"><a href=\"https:\/\/reclaimfinance.org\/site\/author\/alb\/\" title=\"Articles par Ariel Le Bourdonnec\" rel=\"author\">Ariel Le Bourdonnec<\/a><\/span><\/span><span class=\"updated\" style=\"display:none;\">2026-04-27T09:14:58+02:00<\/span><a href=\"https:\/\/reclaimfinance.org\/site\/category\/blog\/\" rel=\"category tag\">Articles<\/a><span class=\"fusion-inline-sep\">|<\/span><\/p><\/div><\/div><div class=\"fusion-clearfix\"><\/div><\/div>\n<\/article>\n<div class=\"fusion-clearfix\"><\/div><\/div><\/div><\/div><\/div><\/div><\/div><\/p>\n","protected":false},"excerpt":{"rendered":"","protected":false},"author":26,"featured_media":35561,"comment_status":"closed","ping_status":"open","sticky":false,"template":"","format":"standard","meta":{"footnotes":""},"categories":[45],"tags":[],"acteurs_financiers":[2432],"thematique":[2415,2417],"webinar_type":[],"programme":[],"class_list":["post-35554","post","type-post","status-publish","format-standard","has-post-thumbnail","hentry","category-blog","acteurs_financiers-gestionnaire-dactifs","thematique-energies-fossiles","thematique-petrole-et-gaz"],"yoast_head":"<!-- This site is optimized with the Yoast SEO plugin v23.1 - https:\/\/yoast.com\/wordpress\/plugins\/seo\/ -->\n<title>BNP Paribas AM r\u00e9vise sa politique d\u2019investissement : que faut-il en penser? - Reclaim Finance<\/title>\n<meta name=\"description\" content=\"BNP Paribas AM est devenu le premier grand gestionnaire d\u2019actifs au monde \u00e0 mettre fin \u00e0 ses achats d\u2019obligations \u00e9mises sur le march\u00e9 primaire par certaines entreprises du secteur p\u00e9tro-gazier.\" \/>\n<meta name=\"robots\" content=\"index, follow, max-snippet:-1, max-image-preview:large, max-video-preview:-1\" \/>\n<link rel=\"canonical\" href=\"https:\/\/reclaimfinance.org\/site\/2025\/01\/28\/bnp-paribas-am-revise-sa-politique-dinvestissement-que-faut-il-en-penser\/\" \/>\n<meta property=\"og:locale\" content=\"fr_FR\" \/>\n<meta property=\"og:type\" content=\"article\" \/>\n<meta property=\"og:title\" content=\"BNP Paribas AM r\u00e9vise sa politique d\u2019investissement : que faut-il en penser? - Reclaim Finance\" \/>\n<meta property=\"og:description\" content=\"BNP Paribas AM est devenu le premier grand gestionnaire d\u2019actifs au monde \u00e0 mettre fin \u00e0 ses achats d\u2019obligations \u00e9mises sur le march\u00e9 primaire par certaines entreprises du secteur p\u00e9tro-gazier.\" \/>\n<meta property=\"og:url\" content=\"https:\/\/reclaimfinance.org\/site\/2025\/01\/28\/bnp-paribas-am-revise-sa-politique-dinvestissement-que-faut-il-en-penser\/\" \/>\n<meta property=\"og:site_name\" content=\"Reclaim Finance\" \/>\n<meta property=\"article:publisher\" content=\"https:\/\/www.facebook.com\/ReclaimFinanceONG\" \/>\n<meta property=\"article:published_time\" content=\"2025-01-28T11:32:08+00:00\" \/>\n<meta property=\"og:image\" content=\"https:\/\/reclaimfinance.org\/site\/wp-content\/uploads\/2025\/01\/BNP-Paribas1.jpg\" \/>\n\t<meta property=\"og:image:width\" content=\"1125\" \/>\n\t<meta property=\"og:image:height\" content=\"500\" \/>\n\t<meta property=\"og:image:type\" content=\"image\/jpeg\" \/>\n<meta name=\"author\" content=\"L\u00e9o Martin\" \/>\n<meta name=\"twitter:card\" content=\"summary_large_image\" \/>\n<meta name=\"twitter:creator\" content=\"@ReclaimFinance\" \/>\n<meta name=\"twitter:site\" content=\"@ReclaimFinance\" \/>\n<meta name=\"twitter:label1\" content=\"\u00c9crit par\" \/>\n\t<meta name=\"twitter:data1\" content=\"L\u00e9o Martin\" \/>\n\t<meta name=\"twitter:label2\" content=\"Dur\u00e9e de lecture estim\u00e9e\" \/>\n\t<meta name=\"twitter:data2\" content=\"8 minutes\" \/>\n<script type=\"application\/ld+json\" class=\"yoast-schema-graph\">{\"@context\":\"https:\/\/schema.org\",\"@graph\":[{\"@type\":\"Article\",\"@id\":\"https:\/\/reclaimfinance.org\/site\/2025\/01\/28\/bnp-paribas-am-revise-sa-politique-dinvestissement-que-faut-il-en-penser\/#article\",\"isPartOf\":{\"@id\":\"https:\/\/reclaimfinance.org\/site\/2025\/01\/28\/bnp-paribas-am-revise-sa-politique-dinvestissement-que-faut-il-en-penser\/\"},\"author\":{\"name\":\"L\u00e9o Martin\",\"@id\":\"https:\/\/reclaimfinance.org\/site\/#\/schema\/person\/92f0f8d102e5e411f092871d8eeb3db1\"},\"headline\":\"BNP Paribas AM r\u00e9vise sa politique d\u2019investissement : que faut-il en penser?\",\"datePublished\":\"2025-01-28T11:32:08+00:00\",\"dateModified\":\"2025-01-28T11:32:08+00:00\",\"mainEntityOfPage\":{\"@id\":\"https:\/\/reclaimfinance.org\/site\/2025\/01\/28\/bnp-paribas-am-revise-sa-politique-dinvestissement-que-faut-il-en-penser\/\"},\"wordCount\":3964,\"publisher\":{\"@id\":\"https:\/\/reclaimfinance.org\/site\/#organization\"},\"image\":{\"@id\":\"https:\/\/reclaimfinance.org\/site\/2025\/01\/28\/bnp-paribas-am-revise-sa-politique-dinvestissement-que-faut-il-en-penser\/#primaryimage\"},\"thumbnailUrl\":\"https:\/\/reclaimfinance.org\/site\/wp-content\/uploads\/2025\/01\/BNP-Paribas1.jpg\",\"articleSection\":[\"Articles\"],\"inLanguage\":\"fr-FR\"},{\"@type\":\"WebPage\",\"@id\":\"https:\/\/reclaimfinance.org\/site\/2025\/01\/28\/bnp-paribas-am-revise-sa-politique-dinvestissement-que-faut-il-en-penser\/\",\"url\":\"https:\/\/reclaimfinance.org\/site\/2025\/01\/28\/bnp-paribas-am-revise-sa-politique-dinvestissement-que-faut-il-en-penser\/\",\"name\":\"BNP Paribas AM r\u00e9vise sa politique d\u2019investissement : que faut-il en penser? - Reclaim Finance\",\"isPartOf\":{\"@id\":\"https:\/\/reclaimfinance.org\/site\/#website\"},\"primaryImageOfPage\":{\"@id\":\"https:\/\/reclaimfinance.org\/site\/2025\/01\/28\/bnp-paribas-am-revise-sa-politique-dinvestissement-que-faut-il-en-penser\/#primaryimage\"},\"image\":{\"@id\":\"https:\/\/reclaimfinance.org\/site\/2025\/01\/28\/bnp-paribas-am-revise-sa-politique-dinvestissement-que-faut-il-en-penser\/#primaryimage\"},\"thumbnailUrl\":\"https:\/\/reclaimfinance.org\/site\/wp-content\/uploads\/2025\/01\/BNP-Paribas1.jpg\",\"datePublished\":\"2025-01-28T11:32:08+00:00\",\"dateModified\":\"2025-01-28T11:32:08+00:00\",\"description\":\"BNP Paribas AM est devenu le premier grand gestionnaire d\u2019actifs au monde \u00e0 mettre fin \u00e0 ses achats d\u2019obligations \u00e9mises sur le march\u00e9 primaire par certaines entreprises du secteur p\u00e9tro-gazier.\",\"breadcrumb\":{\"@id\":\"https:\/\/reclaimfinance.org\/site\/2025\/01\/28\/bnp-paribas-am-revise-sa-politique-dinvestissement-que-faut-il-en-penser\/#breadcrumb\"},\"inLanguage\":\"fr-FR\",\"potentialAction\":[{\"@type\":\"ReadAction\",\"target\":[\"https:\/\/reclaimfinance.org\/site\/2025\/01\/28\/bnp-paribas-am-revise-sa-politique-dinvestissement-que-faut-il-en-penser\/\"]}]},{\"@type\":\"ImageObject\",\"inLanguage\":\"fr-FR\",\"@id\":\"https:\/\/reclaimfinance.org\/site\/2025\/01\/28\/bnp-paribas-am-revise-sa-politique-dinvestissement-que-faut-il-en-penser\/#primaryimage\",\"url\":\"https:\/\/reclaimfinance.org\/site\/wp-content\/uploads\/2025\/01\/BNP-Paribas1.jpg\",\"contentUrl\":\"https:\/\/reclaimfinance.org\/site\/wp-content\/uploads\/2025\/01\/BNP-Paribas1.jpg\",\"width\":1125,\"height\":500},{\"@type\":\"BreadcrumbList\",\"@id\":\"https:\/\/reclaimfinance.org\/site\/2025\/01\/28\/bnp-paribas-am-revise-sa-politique-dinvestissement-que-faut-il-en-penser\/#breadcrumb\",\"itemListElement\":[{\"@type\":\"ListItem\",\"position\":1,\"name\":\"Accueil\",\"item\":\"https:\/\/reclaimfinance.org\/site\/\"},{\"@type\":\"ListItem\",\"position\":2,\"name\":\"BNP Paribas AM r\u00e9vise sa politique d\u2019investissement : que faut-il en penser?\"}]},{\"@type\":\"WebSite\",\"@id\":\"https:\/\/reclaimfinance.org\/site\/#website\",\"url\":\"https:\/\/reclaimfinance.org\/site\/\",\"name\":\"Reclaim Finance\",\"description\":\"Reprendre le contr\u00f4le de la finance pour le climat et la biodiversit\u00e9\",\"publisher\":{\"@id\":\"https:\/\/reclaimfinance.org\/site\/#organization\"},\"potentialAction\":[{\"@type\":\"SearchAction\",\"target\":{\"@type\":\"EntryPoint\",\"urlTemplate\":\"https:\/\/reclaimfinance.org\/site\/?s={search_term_string}\"},\"query-input\":\"required name=search_term_string\"}],\"inLanguage\":\"fr-FR\"},{\"@type\":\"Organization\",\"@id\":\"https:\/\/reclaimfinance.org\/site\/#organization\",\"name\":\"Reclaim Finance\",\"url\":\"https:\/\/reclaimfinance.org\/site\/\",\"logo\":{\"@type\":\"ImageObject\",\"inLanguage\":\"fr-FR\",\"@id\":\"https:\/\/reclaimfinance.org\/site\/#\/schema\/logo\/image\/\",\"url\":\"https:\/\/reclaimfinance.org\/site\/wp-content\/uploads\/2020\/03\/logo_RC_space.png\",\"contentUrl\":\"https:\/\/reclaimfinance.org\/site\/wp-content\/uploads\/2020\/03\/logo_RC_space.png\",\"width\":800,\"height\":800,\"caption\":\"Reclaim Finance\"},\"image\":{\"@id\":\"https:\/\/reclaimfinance.org\/site\/#\/schema\/logo\/image\/\"},\"sameAs\":[\"https:\/\/www.facebook.com\/ReclaimFinanceONG\",\"https:\/\/x.com\/ReclaimFinance\",\"https:\/\/www.instagram.com\/reclaimfinance\/\",\"https:\/\/www.linkedin.com\/company\/reclaim-finance-ong-think-tank\"]},{\"@type\":\"Person\",\"@id\":\"https:\/\/reclaimfinance.org\/site\/#\/schema\/person\/92f0f8d102e5e411f092871d8eeb3db1\",\"name\":\"L\u00e9o Martin\",\"image\":{\"@type\":\"ImageObject\",\"inLanguage\":\"fr-FR\",\"@id\":\"https:\/\/reclaimfinance.org\/site\/#\/schema\/person\/image\/\",\"url\":\"https:\/\/secure.gravatar.com\/avatar\/cebd89becb7f7185483789d7f51a21cb?s=96&d=mm&r=g\",\"contentUrl\":\"https:\/\/secure.gravatar.com\/avatar\/cebd89becb7f7185483789d7f51a21cb?s=96&d=mm&r=g\",\"caption\":\"L\u00e9o Martin\"},\"url\":\"https:\/\/reclaimfinance.org\/site\/author\/lma\/\"}]}<\/script>\n<!-- \/ Yoast SEO plugin. -->","yoast_head_json":{"title":"BNP Paribas AM r\u00e9vise sa politique d\u2019investissement : que faut-il en penser? - Reclaim Finance","description":"BNP Paribas AM est devenu le premier grand gestionnaire d\u2019actifs au monde \u00e0 mettre fin \u00e0 ses achats d\u2019obligations \u00e9mises sur le march\u00e9 primaire par certaines entreprises du secteur p\u00e9tro-gazier.","robots":{"index":"index","follow":"follow","max-snippet":"max-snippet:-1","max-image-preview":"max-image-preview:large","max-video-preview":"max-video-preview:-1"},"canonical":"https:\/\/reclaimfinance.org\/site\/2025\/01\/28\/bnp-paribas-am-revise-sa-politique-dinvestissement-que-faut-il-en-penser\/","og_locale":"fr_FR","og_type":"article","og_title":"BNP Paribas AM r\u00e9vise sa politique d\u2019investissement : que faut-il en penser? - Reclaim Finance","og_description":"BNP Paribas AM est devenu le premier grand gestionnaire d\u2019actifs au monde \u00e0 mettre fin \u00e0 ses achats d\u2019obligations \u00e9mises sur le march\u00e9 primaire par certaines entreprises du secteur p\u00e9tro-gazier.","og_url":"https:\/\/reclaimfinance.org\/site\/2025\/01\/28\/bnp-paribas-am-revise-sa-politique-dinvestissement-que-faut-il-en-penser\/","og_site_name":"Reclaim Finance","article_publisher":"https:\/\/www.facebook.com\/ReclaimFinanceONG","article_published_time":"2025-01-28T11:32:08+00:00","og_image":[{"width":1125,"height":500,"url":"https:\/\/reclaimfinance.org\/site\/wp-content\/uploads\/2025\/01\/BNP-Paribas1.jpg","type":"image\/jpeg"}],"author":"L\u00e9o Martin","twitter_card":"summary_large_image","twitter_creator":"@ReclaimFinance","twitter_site":"@ReclaimFinance","twitter_misc":{"\u00c9crit par":"L\u00e9o Martin","Dur\u00e9e de lecture estim\u00e9e":"8 minutes"},"schema":{"@context":"https:\/\/schema.org","@graph":[{"@type":"Article","@id":"https:\/\/reclaimfinance.org\/site\/2025\/01\/28\/bnp-paribas-am-revise-sa-politique-dinvestissement-que-faut-il-en-penser\/#article","isPartOf":{"@id":"https:\/\/reclaimfinance.org\/site\/2025\/01\/28\/bnp-paribas-am-revise-sa-politique-dinvestissement-que-faut-il-en-penser\/"},"author":{"name":"L\u00e9o Martin","@id":"https:\/\/reclaimfinance.org\/site\/#\/schema\/person\/92f0f8d102e5e411f092871d8eeb3db1"},"headline":"BNP Paribas AM r\u00e9vise sa politique d\u2019investissement : que faut-il en penser?","datePublished":"2025-01-28T11:32:08+00:00","dateModified":"2025-01-28T11:32:08+00:00","mainEntityOfPage":{"@id":"https:\/\/reclaimfinance.org\/site\/2025\/01\/28\/bnp-paribas-am-revise-sa-politique-dinvestissement-que-faut-il-en-penser\/"},"wordCount":3964,"publisher":{"@id":"https:\/\/reclaimfinance.org\/site\/#organization"},"image":{"@id":"https:\/\/reclaimfinance.org\/site\/2025\/01\/28\/bnp-paribas-am-revise-sa-politique-dinvestissement-que-faut-il-en-penser\/#primaryimage"},"thumbnailUrl":"https:\/\/reclaimfinance.org\/site\/wp-content\/uploads\/2025\/01\/BNP-Paribas1.jpg","articleSection":["Articles"],"inLanguage":"fr-FR"},{"@type":"WebPage","@id":"https:\/\/reclaimfinance.org\/site\/2025\/01\/28\/bnp-paribas-am-revise-sa-politique-dinvestissement-que-faut-il-en-penser\/","url":"https:\/\/reclaimfinance.org\/site\/2025\/01\/28\/bnp-paribas-am-revise-sa-politique-dinvestissement-que-faut-il-en-penser\/","name":"BNP Paribas AM r\u00e9vise sa politique d\u2019investissement : que faut-il en penser? - Reclaim Finance","isPartOf":{"@id":"https:\/\/reclaimfinance.org\/site\/#website"},"primaryImageOfPage":{"@id":"https:\/\/reclaimfinance.org\/site\/2025\/01\/28\/bnp-paribas-am-revise-sa-politique-dinvestissement-que-faut-il-en-penser\/#primaryimage"},"image":{"@id":"https:\/\/reclaimfinance.org\/site\/2025\/01\/28\/bnp-paribas-am-revise-sa-politique-dinvestissement-que-faut-il-en-penser\/#primaryimage"},"thumbnailUrl":"https:\/\/reclaimfinance.org\/site\/wp-content\/uploads\/2025\/01\/BNP-Paribas1.jpg","datePublished":"2025-01-28T11:32:08+00:00","dateModified":"2025-01-28T11:32:08+00:00","description":"BNP Paribas AM est devenu le premier grand gestionnaire d\u2019actifs au monde \u00e0 mettre fin \u00e0 ses achats d\u2019obligations \u00e9mises sur le march\u00e9 primaire par certaines entreprises du secteur p\u00e9tro-gazier.","breadcrumb":{"@id":"https:\/\/reclaimfinance.org\/site\/2025\/01\/28\/bnp-paribas-am-revise-sa-politique-dinvestissement-que-faut-il-en-penser\/#breadcrumb"},"inLanguage":"fr-FR","potentialAction":[{"@type":"ReadAction","target":["https:\/\/reclaimfinance.org\/site\/2025\/01\/28\/bnp-paribas-am-revise-sa-politique-dinvestissement-que-faut-il-en-penser\/"]}]},{"@type":"ImageObject","inLanguage":"fr-FR","@id":"https:\/\/reclaimfinance.org\/site\/2025\/01\/28\/bnp-paribas-am-revise-sa-politique-dinvestissement-que-faut-il-en-penser\/#primaryimage","url":"https:\/\/reclaimfinance.org\/site\/wp-content\/uploads\/2025\/01\/BNP-Paribas1.jpg","contentUrl":"https:\/\/reclaimfinance.org\/site\/wp-content\/uploads\/2025\/01\/BNP-Paribas1.jpg","width":1125,"height":500},{"@type":"BreadcrumbList","@id":"https:\/\/reclaimfinance.org\/site\/2025\/01\/28\/bnp-paribas-am-revise-sa-politique-dinvestissement-que-faut-il-en-penser\/#breadcrumb","itemListElement":[{"@type":"ListItem","position":1,"name":"Accueil","item":"https:\/\/reclaimfinance.org\/site\/"},{"@type":"ListItem","position":2,"name":"BNP Paribas AM r\u00e9vise sa politique d\u2019investissement : que faut-il en penser?"}]},{"@type":"WebSite","@id":"https:\/\/reclaimfinance.org\/site\/#website","url":"https:\/\/reclaimfinance.org\/site\/","name":"Reclaim Finance","description":"Reprendre le contr\u00f4le de la finance pour le climat et la biodiversit\u00e9","publisher":{"@id":"https:\/\/reclaimfinance.org\/site\/#organization"},"potentialAction":[{"@type":"SearchAction","target":{"@type":"EntryPoint","urlTemplate":"https:\/\/reclaimfinance.org\/site\/?s={search_term_string}"},"query-input":"required name=search_term_string"}],"inLanguage":"fr-FR"},{"@type":"Organization","@id":"https:\/\/reclaimfinance.org\/site\/#organization","name":"Reclaim Finance","url":"https:\/\/reclaimfinance.org\/site\/","logo":{"@type":"ImageObject","inLanguage":"fr-FR","@id":"https:\/\/reclaimfinance.org\/site\/#\/schema\/logo\/image\/","url":"https:\/\/reclaimfinance.org\/site\/wp-content\/uploads\/2020\/03\/logo_RC_space.png","contentUrl":"https:\/\/reclaimfinance.org\/site\/wp-content\/uploads\/2020\/03\/logo_RC_space.png","width":800,"height":800,"caption":"Reclaim Finance"},"image":{"@id":"https:\/\/reclaimfinance.org\/site\/#\/schema\/logo\/image\/"},"sameAs":["https:\/\/www.facebook.com\/ReclaimFinanceONG","https:\/\/x.com\/ReclaimFinance","https:\/\/www.instagram.com\/reclaimfinance\/","https:\/\/www.linkedin.com\/company\/reclaim-finance-ong-think-tank"]},{"@type":"Person","@id":"https:\/\/reclaimfinance.org\/site\/#\/schema\/person\/92f0f8d102e5e411f092871d8eeb3db1","name":"L\u00e9o Martin","image":{"@type":"ImageObject","inLanguage":"fr-FR","@id":"https:\/\/reclaimfinance.org\/site\/#\/schema\/person\/image\/","url":"https:\/\/secure.gravatar.com\/avatar\/cebd89becb7f7185483789d7f51a21cb?s=96&d=mm&r=g","contentUrl":"https:\/\/secure.gravatar.com\/avatar\/cebd89becb7f7185483789d7f51a21cb?s=96&d=mm&r=g","caption":"L\u00e9o Martin"},"url":"https:\/\/reclaimfinance.org\/site\/author\/lma\/"}]}},"_links":{"self":[{"href":"https:\/\/reclaimfinance.org\/site\/wp-json\/wp\/v2\/posts\/35554"}],"collection":[{"href":"https:\/\/reclaimfinance.org\/site\/wp-json\/wp\/v2\/posts"}],"about":[{"href":"https:\/\/reclaimfinance.org\/site\/wp-json\/wp\/v2\/types\/post"}],"author":[{"embeddable":true,"href":"https:\/\/reclaimfinance.org\/site\/wp-json\/wp\/v2\/users\/26"}],"replies":[{"embeddable":true,"href":"https:\/\/reclaimfinance.org\/site\/wp-json\/wp\/v2\/comments?post=35554"}],"version-history":[{"count":1,"href":"https:\/\/reclaimfinance.org\/site\/wp-json\/wp\/v2\/posts\/35554\/revisions"}],"predecessor-version":[{"id":35562,"href":"https:\/\/reclaimfinance.org\/site\/wp-json\/wp\/v2\/posts\/35554\/revisions\/35562"}],"wp:featuredmedia":[{"embeddable":true,"href":"https:\/\/reclaimfinance.org\/site\/wp-json\/wp\/v2\/media\/35561"}],"wp:attachment":[{"href":"https:\/\/reclaimfinance.org\/site\/wp-json\/wp\/v2\/media?parent=35554"}],"wp:term":[{"taxonomy":"category","embeddable":true,"href":"https:\/\/reclaimfinance.org\/site\/wp-json\/wp\/v2\/categories?post=35554"},{"taxonomy":"post_tag","embeddable":true,"href":"https:\/\/reclaimfinance.org\/site\/wp-json\/wp\/v2\/tags?post=35554"},{"taxonomy":"acteurs_financiers","embeddable":true,"href":"https:\/\/reclaimfinance.org\/site\/wp-json\/wp\/v2\/acteurs_financiers?post=35554"},{"taxonomy":"thematique","embeddable":true,"href":"https:\/\/reclaimfinance.org\/site\/wp-json\/wp\/v2\/thematique?post=35554"},{"taxonomy":"webinar_type","embeddable":true,"href":"https:\/\/reclaimfinance.org\/site\/wp-json\/wp\/v2\/webinar_type?post=35554"},{"taxonomy":"programme","embeddable":true,"href":"https:\/\/reclaimfinance.org\/site\/wp-json\/wp\/v2\/programme?post=35554"}],"curies":[{"name":"wp","href":"https:\/\/api.w.org\/{rel}","templated":true}]}}