{"id":35592,"date":"2025-01-30T01:01:20","date_gmt":"2025-01-30T00:01:20","guid":{"rendered":"https:\/\/reclaimfinance.org\/site\/?p=35592"},"modified":"2025-10-15T12:43:03","modified_gmt":"2025-10-15T10:43:03","slug":"nouvelles-reglementations-va-t-on-vers-plus-ou-moins-de-greenwashing-des-fonds","status":"publish","type":"post","link":"https:\/\/reclaimfinance.org\/site\/2025\/01\/30\/nouvelles-reglementations-va-t-on-vers-plus-ou-moins-de-greenwashing-des-fonds\/","title":{"rendered":"Nouvelles r\u00e9glementations : va-t-on vers plus ou moins de greenwashing des fonds ?"},"content":{"rendered":"<p><div class=\"fusion-fullwidth fullwidth-box fusion-builder-row-1 fusion-flex-container has-pattern-background has-mask-background nonhundred-percent-fullwidth non-hundred-percent-height-scrolling\" style=\"--awb-border-radius-top-left:0px;--awb-border-radius-top-right:0px;--awb-border-radius-bottom-right:0px;--awb-border-radius-bottom-left:0px;--awb-margin-bottom:20px;--awb-flex-wrap:wrap;\" ><div class=\"fusion-builder-row fusion-row fusion-flex-align-items-flex-start fusion-flex-content-wrap\" style=\"max-width:1216.8px;margin-left: calc(-4% \/ 2 );margin-right: calc(-4% \/ 2 );\"><div class=\"fusion-layout-column fusion_builder_column fusion-builder-column-0 fusion_builder_column_1_1 1_1 fusion-flex-column\" style=\"--awb-bg-size:cover;--awb-width-large:100%;--awb-margin-top-large:0px;--awb-spacing-right-large:1.92%;--awb-margin-bottom-large:20px;--awb-spacing-left-large:1.92%;--awb-width-medium:100%;--awb-order-medium:0;--awb-spacing-right-medium:1.92%;--awb-spacing-left-medium:1.92%;--awb-width-small:100%;--awb-order-small:0;--awb-spacing-right-small:1.92%;--awb-spacing-left-small:1.92%;\"><div class=\"fusion-column-wrapper fusion-column-has-shadow fusion-flex-justify-content-flex-start fusion-content-layout-column\"><div class=\"fusion-text fusion-text-1\" style=\"--awb-content-alignment:justify;--awb-text-color:var(--awb-color4);--awb-text-font-family:&quot;Montserrat&quot;;--awb-text-font-style:normal;--awb-text-font-weight:700;\"><p><b>Pour lutter contre le <\/b><b><i>greenwashing<\/i><\/b><b>, l&rsquo;Autorit\u00e9 des march\u00e9s financiers (AMF) a annonc\u00e9 en d\u00e9cembre (1) qu\u2019elle appliquera les orientations de l&rsquo;Autorit\u00e9 europ\u00e9enne des march\u00e9s financiers (ESMA) sur la d\u00e9nomination des fonds ESG. Si ce cadre acte la n\u00e9cessit\u00e9 d\u2019\u00e9tablir des crit\u00e8res minimums pour justifier les all\u00e9gations environnementales, il introduit aussi des niveaux d\u2019exigences in\u00e9gaux qui l\u2019emp\u00eachent d\u2019enrayer le greenwashing. Dans ce contexte, la r\u00e9vision du r\u00e8glement SFDR pr\u00e9vue cette ann\u00e9e offre une chance de garantir aux \u00e9pargnants une information extra-financi\u00e8re claire et non trompeuse, \u00e0 condition d\u2019imposer des crit\u00e8res stricts de durabilit\u00e9 dont l&rsquo;exclusion des entreprises impliqu\u00e9es dans l\u2019expansion fossile.<\/b><\/p>\n<\/div><div class=\"fusion-text fusion-text-2\" style=\"--awb-content-alignment:justify;\"><p>Si les investissements responsables continuent de progresser en Europe, atteignant d\u00e9sormais plus de 2 500 milliards d\u2019euros d\u2019encours (2), une part significative de ces investissements n\u2019offrent en r\u00e9alit\u00e9 pas de garanties minimales en mati\u00e8re de durabilit\u00e9. En effet, une grande partie des fonds porteurs d\u2019all\u00e9gations environnementales ou climatiques continuent d\u2019investir dans des entreprises engag\u00e9es dans des projets fossiles, incompatibles avec un sc\u00e9nario 1,5\u00b0C robuste (3). Par ailleurs, les encours des fonds dits \u00ab\u00a0article 9\u00a0\u00bb selon le r\u00e8glement SFDR, suppos\u00e9s \u00eatre les plus exigeants en termes de durabilit\u00e9, ont, eux, enregistr\u00e9 une baisse de 24 % en un an. Cette diminution refl\u00e8te une reclassification massive par les gestionnaires d\u2019actifs de ces fonds en \u201carticle 8\u201d qui &#8211; par leur niveau d\u2019exigence et d\u2019encadrement encore plus faible &#8211; leur permet de se pr\u00e9munir de sanctions.<\/p>\n<p>Ces constats mettent en \u00e9vidence une finance durable \u00e0 plusieurs vitesses dont les contours sont flous et augmentent le risque de <i>greenwashing<\/i>. Une cadre r\u00e9glementaire plus pr\u00e9cis et des mesures dissuasives prises par les organes de supervision sont essentiels pour restaurer la confiance des \u00e9pargnants.<\/p>\n<\/div><div class=\"fusion-title title fusion-title-1 fusion-title-text fusion-title-size-two\" style=\"--awb-text-color:var(--awb-color4);--awb-margin-top:15px;--awb-margin-bottom:15px;--awb-font-size:16px;\"><div class=\"title-sep-container title-sep-container-left fusion-no-large-visibility fusion-no-medium-visibility fusion-no-small-visibility\"><div class=\"title-sep sep- sep-solid\" style=\"border-color:#3e3e3e;\"><\/div><\/div><span class=\"awb-title-spacer fusion-no-large-visibility fusion-no-medium-visibility fusion-no-small-visibility\"><\/span><h2 class=\"fusion-title-heading title-heading-left fusion-responsive-typography-calculated\" style=\"font-family:&quot;Montserrat&quot;;font-style:normal;font-weight:700;margin:0;font-size:1em;--fontSize:16;--minFontSize:16;line-height:1.5;\">Nouvelles r\u00e8gles pour la d\u00e9nomination des fonds durables : une opportunit\u00e9 manqu\u00e9e<\/h2><span class=\"awb-title-spacer\"><\/span><div class=\"title-sep-container title-sep-container-right\"><div class=\"title-sep sep- sep-solid\" style=\"border-color:#3e3e3e;\"><\/div><\/div><\/div><div class=\"fusion-text fusion-text-3\" style=\"--awb-content-alignment:justify;\"><p>En d\u00e9cembre 2024, l\u2019Autorit\u00e9 des march\u00e9s financiers (AMF) a d\u00e9clar\u00e9 appliquer les orientations de l\u2019Autorit\u00e9 europ\u00e9enne des march\u00e9s financiers (ESMA) publi\u00e9es en ao\u00fbt. \u00c0 partir du 21 mai 2025, en France et dans les autres pays europ\u00e9ens dont le r\u00e9gulateur a adopt\u00e9 ces orientations, de nouvelles r\u00e8gles encadreront l&rsquo;utilisation des termes relatifs \u00e0 la durabilit\u00e9 ou aux crit\u00e8res ESG dans la d\u00e9nomination des fonds.<\/p>\n<p>Trois cat\u00e9gories distinctes \u00e9mergent, chacune assortie de degr\u00e9s d\u2019exigence sp\u00e9cifiques :<\/p>\n<ul>\n<li aria-level=\"1\"><b>Les fonds \u00ab\u00a0Transition\u00a0\u00bb, \u00ab\u00a0Social\u00a0\u00bb ou \u00ab\u00a0Gouvernance\u00a0\u00bb<\/b><b><br \/>\n<\/b>Ces fonds devront exclure :<br \/>\n&#8211; Les entreprises li\u00e9es aux armes controvers\u00e9es,<br \/>\n&#8211; Les entreprises impliqu\u00e9es dans la production de tabac,<br \/>\n&#8211; Les entreprises violant les principes du Pacte mondial des Nations Unies ou les lignes directrices de l\u2019OCDE.<\/li>\n<\/ul>\n<ul>\n<li aria-level=\"1\"><b>Les fonds \u00ab\u00a0Environnement\u00a0\u00bb ou \u00ab\u00a0Impact\u00a0\u00bb<\/b><b><br \/>\n<\/b>En plus des exclusions ci-dessus, ces fonds devront exclure \u201dles entreprises dont une part significative du chiffre d\u2019affaires provient des \u00e9nergies fossiles (4).\u201d<\/li>\n<li aria-level=\"1\"><b>Les fonds \u00ab\u00a0Durables\u00a0\u00bb<\/b><b><br \/>\n<\/b>Ces fonds doivent r\u00e9pondre aux exigences des deux cat\u00e9gories pr\u00e9c\u00e9dentes et \u201cinvestir de mani\u00e8re significative dans des investissements durables (5).\u201d<\/li>\n<\/ul>\n<p>Notons que lorsqu\u2019un fonds combine des termes li\u00e9s \u00e0 la transition et des termes plus exigeants (\u00ab\u00a0environnement\u00a0\u00bb ou \u00ab\u00a0impact\u00a0\u00bb), seules les contraintes faibles li\u00e9es au terme \u201ctransition\u201d s\u2019appliqueront.<\/p>\n<p>Ces r\u00e8gles repr\u00e9sentent un progr\u00e8s dans la mesure o\u00f9 elles reconnaissent explicitement la n\u00e9cessit\u00e9 de poser des crit\u00e8res strictes &#8211; y compris des exclusions &#8211; justifiant les all\u00e9gations ESG. Toutefois, leur r\u00e9el impact reste incertain : elles d\u00e9finissent des cat\u00e9gories de d\u00e9nomination aux exigences particuli\u00e8rement faibles, alors m\u00eame qu\u2019une majorit\u00e9 de Fran\u00e7ais refuse d\u2019inclure dans leurs fonds durables des entreprises d\u00e9veloppant de nouveaux projets fossiles (6).<\/p>\n<p>La disparit\u00e9 des standards entre des fonds affichant pourtant tous des r\u00e9f\u00e9rences \u00e0 l\u2019ESG, au climat ou \u00e0 la durabilit\u00e9 pourrait semer la confusion parmi les \u00e9pargnants. M\u00eame les investisseurs les plus avertis risquent d\u2019avoir du mal \u00e0 distinguer un fonds r\u00e9ellement durable d\u2019un fonds se contentant d\u2019arborer le terme \u00ab\u00a0transition\u00a0\u00bb. Ces nouvelles r\u00e8gles soul\u00e8vent ainsi le risque d\u2019un glissement vers un \u00ab\u00a0transitionwashing\u00a0\u00bb.<\/p>\n<p>Par ailleurs, bien que certains gestionnaires d\u2019actifs, comme Amundi (7), aient d\u00e9j\u00e0 commenc\u00e9 \u00e0 s\u2019adapter \u00e0 ces nouvelles r\u00e8gles, cela se traduit davantage par un changement de nom de certains fonds que par l\u2019application des conditions n\u00e9cessaires pour en conserver l\u2019appellation.<\/p>\n<\/div><div class=\"fusion-title title fusion-title-2 fusion-title-text fusion-title-size-two\" style=\"--awb-text-color:var(--awb-color4);--awb-margin-top:15px;--awb-margin-bottom:15px;--awb-font-size:16px;\"><div class=\"title-sep-container title-sep-container-left fusion-no-large-visibility fusion-no-medium-visibility fusion-no-small-visibility\"><div class=\"title-sep sep- sep-solid\" style=\"border-color:#3e3e3e;\"><\/div><\/div><span class=\"awb-title-spacer fusion-no-large-visibility fusion-no-medium-visibility fusion-no-small-visibility\"><\/span><h2 class=\"fusion-title-heading title-heading-left fusion-responsive-typography-calculated\" style=\"font-family:&quot;Montserrat&quot;;font-style:normal;font-weight:700;margin:0;font-size:1em;--fontSize:16;--minFontSize:16;line-height:1.5;\">SFDR : prochaine \u00e9tape cl\u00e9 pour mettre fin au greenwashing<\/h2><span class=\"awb-title-spacer\"><\/span><div class=\"title-sep-container title-sep-container-right\"><div class=\"title-sep sep- sep-solid\" style=\"border-color:#3e3e3e;\"><\/div><\/div><\/div><div class=\"fusion-text fusion-text-4\" style=\"--awb-content-alignment:justify;\"><p>La r\u00e9vision du r\u00e8glement sur la publication d\u2019informations en mati\u00e8re de durabilit\u00e9 dans le secteur des services financiers (<b>SFDR<\/b>) est attendue en 2025. Annonc\u00e9e par la Commission europ\u00e9enne, cette r\u00e9vision vise \u00e0 corriger les lacunes du cadre actuel, de facto utilis\u00e9 comme un outil de labellisation environnementale et sociale des fonds par les acteurs financiers sans pour autant reposer sur des crit\u00e8res contraignants.<\/p>\n<p>Cette r\u00e9vision repr\u00e9sente une nouvelle opportunit\u00e9 de lutter contre le <i>greenwashing <\/i>des fonds \u00e0 condition qu\u2019elle ne soit pas dict\u00e9e par les int\u00e9r\u00eats du secteur financier (8). Elle peut permettre de corriger les lacunes des orientations de l\u2019ESMA, bien au-del\u00e0 de la seule d\u00e9nomination des fonds. <b>Reclaim Finance<\/b> <span style=\"text-decoration: underline;\"><a href=\"https:\/\/reclaimfinance.org\/site\/en\/2024\/10\/07\/sfdr-three-changes-to-make-sustainable-finance-disclosures-useful\/\" target=\"_blank\" rel=\"noopener\">propose trois crit\u00e8res fondamentaux<\/a><\/span> applicables \u00e0 toute nouvelle architecture r\u00e9glementaire offrant une grille de lecture simple et fiable, permettant aux \u00e9pargnants de rep\u00e9rer rapidement les fonds align\u00e9s avec leurs pr\u00e9f\u00e9rences ESG :<\/p>\n<ol>\n<li aria-level=\"1\"><b>Exclure les entreprises d\u00e9veloppant de nouveaux projets fossiles<\/b> des fonds revendiquant un objectif environnemental ou social et s&rsquo;aligner ainsi sur le standard d\u00e9j\u00e0 existant des principaux labels europ\u00e9ens (comme ISR ou Greenfin) et sur la proposition de la Plateforme de la finance durable de la Commission Europ\u00e9enne.<\/li>\n<li aria-level=\"1\"><b>Fixer des exigences minimales claires et diff\u00e9renci\u00e9es<\/b>, en fonction des all\u00e9gations ESG et des objectifs affich\u00e9s.<\/li>\n<li aria-level=\"1\"><b>Renforcer les obligations de transparence et de conseil<\/b>, pour aider les \u00e9pargnants \u00e0 comprendre les impacts r\u00e9els des fonds.<\/li>\n<\/ol>\n<p><b>Le cadre r\u00e9glementaire actuel reste insuffisant afin de garantir des fonds durables exigeants et lisibles par les \u00e9pargnants. La r\u00e9vision de SFDR repr\u00e9sente une occasion cruciale d\u2019imposer des crit\u00e8res minimaux en mati\u00e8re de durabilit\u00e9 comme l\u2019exclusion des entreprises impliqu\u00e9es dans l\u2019expansion fossile pour tous les fonds ayant des all\u00e9gations environnementales ou sociales. Ces garanties sont indispensables pour lutter efficacement contre le <\/b><b><i>greenwashing<\/i><\/b><b> et permettre aux \u00e9pargnants d\u2019aligner leurs investissements \u00e0 leurs pr\u00e9f\u00e9rences ESG.<\/b><\/p>\n<\/div><\/div><\/div><div class=\"fusion-layout-column fusion_builder_column fusion-builder-column-1 fusion_builder_column_1_1 1_1 fusion-flex-column fusion-column-no-min-height\" style=\"--awb-padding-top:20px;--awb-padding-right:10px;--awb-padding-bottom:20px;--awb-padding-left:10px;--awb-overflow:hidden;--awb-bg-size:cover;--awb-border-color:var(--awb-color1);--awb-border-top:1px;--awb-border-right:1px;--awb-border-bottom:1px;--awb-border-left:1px;--awb-border-style:solid;--awb-border-radius:10px 10px 10px 10px;--awb-width-large:100%;--awb-margin-top-large:0px;--awb-spacing-right-large:1.92%;--awb-margin-bottom-large:20px;--awb-spacing-left-large:1.92%;--awb-width-medium:100%;--awb-order-medium:0;--awb-spacing-right-medium:1.92%;--awb-spacing-left-medium:1.92%;--awb-width-small:100%;--awb-order-small:0;--awb-spacing-right-small:1.92%;--awb-spacing-left-small:1.92%;\"><div class=\"fusion-column-wrapper fusion-column-has-shadow fusion-flex-justify-content-flex-start fusion-content-layout-column\"><div class=\"fusion-title title fusion-title-3 fusion-title-text fusion-title-size-three\" style=\"--awb-text-color:var(--awb-color1);--awb-margin-bottom:0px;--awb-font-size:16px;\"><div class=\"title-sep-container title-sep-container-left fusion-no-large-visibility fusion-no-medium-visibility fusion-no-small-visibility\"><div class=\"title-sep sep- sep-solid\" style=\"border-color:#3e3e3e;\"><\/div><\/div><span class=\"awb-title-spacer fusion-no-large-visibility fusion-no-medium-visibility fusion-no-small-visibility\"><\/span><h3 class=\"fusion-title-heading title-heading-left fusion-responsive-typography-calculated\" style=\"font-family:&quot;Montserrat&quot;;font-style:normal;font-weight:700;margin:0;font-size:1em;--fontSize:16;--minFontSize:16;line-height:1.5;\">Notes :<\/h3><span class=\"awb-title-spacer\"><\/span><div class=\"title-sep-container title-sep-container-right\"><div class=\"title-sep sep- sep-solid\" style=\"border-color:#3e3e3e;\"><\/div><\/div><\/div><div class=\"fusion-text fusion-text-5\" style=\"--awb-content-alignment:justify;\"><ol>\n<li aria-level=\"1\"><span style=\"text-decoration: underline;\"><a href=\"https:\/\/www.amf-france.org\/fr\/actualites-publications\/actualites\/lamf-decide-dappliquer-les-orientations-sur-les-noms-des-fonds-esg-la-suite-des-clarifications\" target=\"_blank\" rel=\"noopener\">AMF, Communiqu\u00e9 de presse, D\u00e9cembre 2024<\/a><\/span><\/li>\n<li aria-level=\"1\">AFG, <span style=\"text-decoration: underline;\"><a href=\"https:\/\/www.afg.asso.fr\/fr\/publication\/panorama-2023-encours-de-l-investissement-responsable-ir-geres-en-france\/\" target=\"_blank\" rel=\"noopener\">Panorama des encours de l\u2019investissement responsable g\u00e9r\u00e9 en France, Avril 202<\/a><\/span>4<\/li>\n<li aria-level=\"1\">70% des fonds d\u2019\u00e9pargne salariale et des fonds passifs dits durables. Analyse \u00e0 retrouver dans deux rapports : <span style=\"text-decoration: underline;\"><a href=\"https:\/\/reclaimfinance.org\/site\/wp-content\/uploads\/2024\/03\/15032024-Report-Unmasking-greenwashing-a-call-to-clean-up-passive-funds.pdf\" target=\"_blank\" rel=\"noopener\">Reclaim Finance, Unmasking Greenwashing, Mars 2024<\/a><\/span> et Reclaim Finance, <span style=\"text-decoration: underline;\"><a href=\"https:\/\/reclaimfinance.org\/site\/wp-content\/uploads\/2024\/04\/042024-Rapport-Epargne-Salariale-Produit-Inflammable.pdf\" target=\"_blank\" rel=\"noopener\">Epargne Salariale, Produit Inflammable, Avril 2024<\/a><\/span><\/li>\n<li aria-level=\"1\">Exclusion des entreprises mentionn\u00e9es \u00e0 l\u2019Article 12 du r\u00e8glement d\u00e9l\u00e9gu\u00e9 (UE) 2020\/1818 de la commission du 17\/07\/2020 \u00e0 savoir :\n<ol>\n<li aria-level=\"1\">les entreprises qui tirent au moins 1 % de leur chiffre d\u2019affaires de la prospection, de l\u2019extraction, de la distribution ou du raffinage de houille et de lignite ;<\/li>\n<li aria-level=\"1\">les entreprises qui tirent au moins 10 % de leur chiffre d\u2019affaires de la prospection, de l\u2019extraction, de la distribution ou du raffinage de combustibles liquides ;<\/li>\n<li aria-level=\"1\">les entreprises qui tirent au moins 50 % de leur chiffre d\u2019affaires de la prospection, de l\u2019extraction, de la fabrication ou de la distribution de combustibles gazeux ;<\/li>\n<li aria-level=\"1\">les entreprises qui tirent au moins 50 % de leur chiffre d\u2019affaires d\u2019activit\u00e9s de production d\u2019\u00e9lectricit\u00e9 pr\u00e9sentant une intensit\u00e9 d\u2019\u00e9mission de GES sup\u00e9rieure \u00e0 100 g CO2e\/kWh].<\/li>\n<\/ol>\n<\/li>\n<li aria-level=\"1\">La d\u00e9finition \u00e9nonc\u00e9e \u00e0 l\u2019article 2(17) de SFDR est la suivante,<br \/>Un investissement durable d\u00e9signe :\n<ol>\n<li aria-level=\"1\">Un investissement contribuant \u00e0 un objectif environnemental, mesur\u00e9 par exemple au moyen d\u2019indicateurs cl\u00e9s relatifs : \u00c0 l\u2019utilisation efficace des ressources (\u00e9nergie, \u00e9nergies renouvelables, mati\u00e8res premi\u00e8res, eau et terres), \u00e0 la production de d\u00e9chets, aux \u00e9missions de gaz \u00e0 effet de serre, aux impacts sur la biodiversit\u00e9, ou \u00e0 l\u2019\u00e9conomie circulaire.<\/li>\n<li aria-level=\"1\">Un investissement contribuant \u00e0 un objectif social, en particulier : la lutte contre les in\u00e9galit\u00e9s, la promotion de la coh\u00e9sion sociale, de l\u2019int\u00e9gration sociale et des relations de travail, le soutien au capital humain ou aux communaut\u00e9s \u00e9conomiquement ou socialement d\u00e9favoris\u00e9es.<\/li>\n<li aria-level=\"1\">Conditions g\u00e9n\u00e9rales : Ces investissements ne doivent causer aucun pr\u00e9judice significatif \u00e0 l\u2019un des objectifs susmentionn\u00e9s. Ils doivent appliquer des pratiques de bonne gouvernance, notamment : des structures de gestion saines, des relations positives avec le personnel, une r\u00e9mun\u00e9ration appropri\u00e9e du personnel comp\u00e9tent, le respect des obligations fiscales.<\/li>\n<\/ol>\n<\/li>\n<li>Novethic, <span style=\"text-decoration: underline;\"><a href=\"https:\/\/www.novethic.fr\/finance-durable\/finance-verte\/label-isr-une-majorite-de-francais-ne-veulent-pas-denergies-fossiles-dans-leurs-fonds-durables\" target=\"_blank\" rel=\"noopener\">Label ISR : une majorit\u00e9 de Fran\u00e7ais ne veulent pas d\u2019\u00e9nergies fossiles dans leurs fonds durables, <\/a><\/span>Octobre 2023<\/li>\n<li aria-level=\"1\"><span style=\"text-decoration: underline;\"><a href=\"https:\/\/www.responsible-investor.com\/amundi-renames-e115bn-in-sri-funds-citing-evolution-in-labelling-regimes\/\" target=\"_blank\" rel=\"noopener\">Responsible Investor, Amundi renames \u20ac115bn in SRI funds, citing \u2018evolution\u2019 in labelling regimes,<\/a><\/span> Janvier 2025<\/li>\n<li aria-level=\"1\">Des man\u0153uvres \u00e9quivalentes ont d\u00e9j\u00e0 eu lieu lors de l\u2019\u00e9criture de l\u2019actuel r\u00e8glement SFDR notamment par Blackrock. Voir : Observatoire des multinationales et Reclaim Finance, <span style=\"text-decoration: underline;\"><a href=\"https:\/\/reclaimfinance.org\/site\/wp-content\/uploads\/2021\/06\/Exposing-BlackRock-grip-on-EU-climate-finance-plans.pdf\" target=\"_blank\" rel=\"noopener\">Exposing BlackRock\u2019s Grip on the EU\u2019s Climate Finance Plans, Juin 2021<\/a><\/span><\/li>\n<\/ol>\n<\/div><\/div><\/div><\/div><\/div><div class=\"fusion-fullwidth fullwidth-box fusion-builder-row-2 fusion-flex-container has-pattern-background has-mask-background nonhundred-percent-fullwidth non-hundred-percent-height-scrolling\" style=\"--awb-border-radius-top-left:0px;--awb-border-radius-top-right:0px;--awb-border-radius-bottom-right:0px;--awb-border-radius-bottom-left:0px;--awb-flex-wrap:wrap;\" ><div class=\"fusion-builder-row fusion-row fusion-flex-align-items-flex-start fusion-flex-content-wrap\" style=\"max-width:1216.8px;margin-left: calc(-4% \/ 2 );margin-right: calc(-4% \/ 2 );\"><div class=\"fusion-layout-column fusion_builder_column fusion-builder-column-2 fusion_builder_column_1_1 1_1 fusion-flex-column\" style=\"--awb-bg-size:cover;--awb-width-large:100%;--awb-margin-top-large:0px;--awb-spacing-right-large:1.92%;--awb-margin-bottom-large:20px;--awb-spacing-left-large:1.92%;--awb-width-medium:100%;--awb-order-medium:0;--awb-spacing-right-medium:1.92%;--awb-spacing-left-medium:1.92%;--awb-width-small:100%;--awb-order-small:0;--awb-spacing-right-small:1.92%;--awb-spacing-left-small:1.92%;\"><div class=\"fusion-column-wrapper fusion-column-has-shadow fusion-flex-justify-content-flex-start fusion-content-layout-column\"><div class=\"fusion-title title fusion-title-4 fusion-sep-none fusion-title-text fusion-title-size-two\" style=\"--awb-text-color:var(--awb-color1);--awb-margin-bottom:0px;\"><h2 class=\"fusion-title-heading title-heading-left fusion-responsive-typography-calculated\" style=\"margin:0;text-transform:uppercase;--fontSize:33;line-height:1.5;\">lire aussi<\/h2><\/div><div class=\"fusion-separator\" style=\"align-self: flex-start;margin-right:auto;margin-top:25px;margin-bottom:35px;width:100%;max-width:100px;\"><div class=\"fusion-separator-border sep-single sep-solid\" style=\"--awb-height:20px;--awb-amount:20px;--awb-sep-color:var(--awb-color4);border-color:var(--awb-color4);border-top-width:10px;\"><\/div><\/div><div class=\"fusion-blog-shortcode fusion-blog-shortcode-1 fusion-blog-archive fusion-blog-layout-grid-wrapper fusion-blog-no\"><style type=\"text\/css\">.fusion-blog-shortcode-1 .fusion-blog-layout-grid .fusion-post-grid{padding:15px;}.fusion-blog-shortcode-1 .fusion-posts-container{margin-left: -15px !important; margin-right:-15px !important;}<\/style><div class=\"fusion-posts-container fusion-posts-container-no fusion-blog-rollover fusion-blog-layout-grid fusion-blog-layout-grid-3 isotope fusion-blog-equal-heights\" data-pages=\"181\" data-grid-col-space=\"30\" style=\"margin: -15px -15px 0;min-height:500px;\"><article id=\"blog-1-post-39811\" class=\"fusion-post-grid post-39811 post type-post status-publish format-standard has-post-thumbnail hentry category-blog acteurs_financiers-banques-fr thematique-energies-renouvelables-fr programme-programme-2-fr\">\n<div class=\"fusion-post-wrapper\" style=\"background-color:rgba(255,255,255,0);border:1px solid #2a2b3d;border-bottom-width:3px;\">\n\n\t\t\t<div class=\"fusion-flexslider flexslider fusion-flexslider-loading fusion-post-slideshow\" style=\"border-color:#2a2b3d;\">\n\t\t<ul class=\"slides\">\n\t\t\t\n\t\t\t\t\t\t\t\t\t\t\t\t\t\t<li><div  class=\"fusion-image-wrapper\" aria-haspopup=\"true\">\n\t\t\t\t<img decoding=\"async\" width=\"1125\" height=\"500\" src=\"https:\/\/reclaimfinance.org\/site\/wp-content\/uploads\/2026\/04\/scotiabank.png\" class=\"attachment-full size-full wp-post-image\" alt=\"\" \/><div class=\"fusion-rollover\">\n\t<div class=\"fusion-rollover-content\">\n\n\t\t\t\t\n\t\t\n\t\t\t\t\t\t\t\t\n\t\t\t\t\t\t\t\t\n\t\t\n\t\t\t\t\t\t<a class=\"fusion-link-wrapper\" href=\"https:\/\/reclaimfinance.org\/site\/2026\/04\/30\/scotiabank-publie-le-premier-ratio-de-financement-a-lenergie-canadien\/\" aria-label=\"Scotiabank publie le premier ratio de financement \u00e0 l\u2019\u00e9nergie canadien\"><\/a>\n\t<\/div>\n<\/div>\n<\/div>\n<\/li>\n\t\t\t\n\t\t\t\n\t\t\t\t\t\t\t\t<\/ul>\n\t<\/div>\n\t<div class=\"fusion-post-content-wrapper\" style=\"padding:30px 25px 20px 25px;\"><div class=\"fusion-post-content post-content\"><h3 class=\"blog-shortcode-post-title entry-title\"><a href=\"https:\/\/reclaimfinance.org\/site\/2026\/04\/30\/scotiabank-publie-le-premier-ratio-de-financement-a-lenergie-canadien\/\">Scotiabank publie le premier ratio de financement \u00e0 l\u2019\u00e9nergie canadien<\/a><\/h3><p class=\"fusion-single-line-meta\"><span class=\"vcard\" style=\"display: none;\"><span class=\"fn\"><a href=\"https:\/\/reclaimfinance.org\/site\/author\/aman\/\" title=\"Articles par Aatira\u00ef Manickawasagar\" rel=\"author\">Aatira\u00ef Manickawasagar<\/a><\/span><\/span><span class=\"updated\" style=\"display:none;\">2026-04-30T11:52:10+02:00<\/span><a href=\"https:\/\/reclaimfinance.org\/site\/category\/blog\/\" rel=\"category tag\">Articles<\/a><span class=\"fusion-inline-sep\">|<\/span><\/p><\/div><\/div><div class=\"fusion-clearfix\"><\/div><\/div>\n<\/article>\n<article id=\"blog-1-post-39629\" class=\"fusion-post-grid post-39629 post type-post status-publish format-standard has-post-thumbnail hentry category-blog acteurs_financiers-banques-fr thematique-energies-fossiles\">\n<div class=\"fusion-post-wrapper\" style=\"background-color:rgba(255,255,255,0);border:1px solid #2a2b3d;border-bottom-width:3px;\">\n\n\t\t\t<div class=\"fusion-flexslider flexslider fusion-flexslider-loading fusion-post-slideshow\" style=\"border-color:#2a2b3d;\">\n\t\t<ul class=\"slides\">\n\t\t\t\n\t\t\t\t\t\t\t\t\t\t\t\t\t\t<li><div  class=\"fusion-image-wrapper\" aria-haspopup=\"true\">\n\t\t\t\t<img decoding=\"async\" width=\"1125\" height=\"500\" src=\"https:\/\/reclaimfinance.org\/site\/wp-content\/uploads\/2026\/04\/BCE-1.png\" class=\"attachment-full size-full wp-post-image\" alt=\"\" \/><div class=\"fusion-rollover\">\n\t<div class=\"fusion-rollover-content\">\n\n\t\t\t\t\n\t\t\n\t\t\t\t\t\t\t\t\n\t\t\t\t\t\t\t\t\n\t\t\n\t\t\t\t\t\t<a class=\"fusion-link-wrapper\" href=\"https:\/\/reclaimfinance.org\/site\/2026\/04\/27\/le-choix-de-la-bce-proteger-la-transition-energetique-ou-repeter-les-erreurs-du-passe\/\" aria-label=\"Le choix de la BCE : prot\u00e9ger la transition \u00e9nerg\u00e9tique ou r\u00e9p\u00e9ter les erreurs du pass\u00e9\"><\/a>\n\t<\/div>\n<\/div>\n<\/div>\n<\/li>\n\t\t\t\n\t\t\t\n\t\t\t\t\t\t\t\t<\/ul>\n\t<\/div>\n\t<div class=\"fusion-post-content-wrapper\" style=\"padding:30px 25px 20px 25px;\"><div class=\"fusion-post-content post-content\"><h3 class=\"blog-shortcode-post-title entry-title\"><a href=\"https:\/\/reclaimfinance.org\/site\/2026\/04\/27\/le-choix-de-la-bce-proteger-la-transition-energetique-ou-repeter-les-erreurs-du-passe\/\">Le choix de la BCE : prot\u00e9ger la transition \u00e9nerg\u00e9tique ou r\u00e9p\u00e9ter les erreurs du pass\u00e9<\/a><\/h3><p class=\"fusion-single-line-meta\"><span class=\"vcard\" style=\"display: none;\"><span class=\"fn\"><a href=\"https:\/\/reclaimfinance.org\/site\/author\/aman\/\" title=\"Articles par Aatira\u00ef Manickawasagar\" rel=\"author\">Aatira\u00ef Manickawasagar<\/a><\/span><\/span><span class=\"updated\" style=\"display:none;\">2026-04-27T14:38:08+02:00<\/span><a href=\"https:\/\/reclaimfinance.org\/site\/category\/blog\/\" rel=\"category tag\">Articles<\/a><span class=\"fusion-inline-sep\">|<\/span><\/p><\/div><\/div><div class=\"fusion-clearfix\"><\/div><\/div>\n<\/article>\n<article id=\"blog-1-post-39586\" class=\"fusion-post-grid post-39586 post type-post status-publish format-standard has-post-thumbnail hentry category-blog acteurs_financiers-assurances-fr acteurs_financiers-investisseurs\">\n<div class=\"fusion-post-wrapper\" style=\"background-color:rgba(255,255,255,0);border:1px solid #2a2b3d;border-bottom-width:3px;\">\n\n\t\t\t<div class=\"fusion-flexslider flexslider fusion-flexslider-loading fusion-post-slideshow\" style=\"border-color:#2a2b3d;\">\n\t\t<ul class=\"slides\">\n\t\t\t\n\t\t\t\t\t\t\t\t\t\t\t\t\t\t<li><div  class=\"fusion-image-wrapper\" aria-haspopup=\"true\">\n\t\t\t\t<img decoding=\"async\" width=\"900\" height=\"400\" src=\"https:\/\/reclaimfinance.org\/site\/wp-content\/uploads\/2025\/09\/Totalenergies-investors1.png\" class=\"attachment-full size-full wp-post-image\" alt=\"\" \/><div class=\"fusion-rollover\">\n\t<div class=\"fusion-rollover-content\">\n\n\t\t\t\t\n\t\t\n\t\t\t\t\t\t\t\t\n\t\t\t\t\t\t\t\t\n\t\t\n\t\t\t\t\t\t<a class=\"fusion-link-wrapper\" href=\"https:\/\/reclaimfinance.org\/site\/2026\/04\/24\/totalenergies-finance-par-lassurance-vie-un-soutien-toujours-moins-defendable\/\" aria-label=\"TotalEnergies financ\u00e9 par l\u2019assurance-vie : un soutien toujours moins d\u00e9fendable\"><\/a>\n\t<\/div>\n<\/div>\n<\/div>\n<\/li>\n\t\t\t\n\t\t\t\n\t\t\t\t\t\t\t\t<\/ul>\n\t<\/div>\n\t<div class=\"fusion-post-content-wrapper\" style=\"padding:30px 25px 20px 25px;\"><div class=\"fusion-post-content post-content\"><h3 class=\"blog-shortcode-post-title entry-title\"><a href=\"https:\/\/reclaimfinance.org\/site\/2026\/04\/24\/totalenergies-finance-par-lassurance-vie-un-soutien-toujours-moins-defendable\/\">TotalEnergies financ\u00e9 par l\u2019assurance-vie : un soutien toujours moins d\u00e9fendable<\/a><\/h3><p class=\"fusion-single-line-meta\"><span class=\"vcard\" style=\"display: none;\"><span class=\"fn\"><a href=\"https:\/\/reclaimfinance.org\/site\/author\/alb\/\" title=\"Articles par Ariel Le Bourdonnec\" rel=\"author\">Ariel Le Bourdonnec<\/a><\/span><\/span><span class=\"updated\" style=\"display:none;\">2026-04-27T09:14:58+02:00<\/span><a href=\"https:\/\/reclaimfinance.org\/site\/category\/blog\/\" rel=\"category tag\">Articles<\/a><span class=\"fusion-inline-sep\">|<\/span><\/p><\/div><\/div><div class=\"fusion-clearfix\"><\/div><\/div>\n<\/article>\n<div class=\"fusion-clearfix\"><\/div><\/div><\/div><\/div><\/div><\/div><\/div><\/p>\n","protected":false},"excerpt":{"rendered":"","protected":false},"author":26,"featured_media":35590,"comment_status":"closed","ping_status":"open","sticky":false,"template":"","format":"standard","meta":{"footnotes":""},"categories":[45],"tags":[],"acteurs_financiers":[2403],"thematique":[2415,2417],"webinar_type":[],"programme":[],"class_list":["post-35592","post","type-post","status-publish","format-standard","has-post-thumbnail","hentry","category-blog","acteurs_financiers-regulateurs-fr","thematique-energies-fossiles","thematique-petrole-et-gaz"],"yoast_head":"<!-- This site is optimized with the Yoast SEO plugin v23.1 - https:\/\/yoast.com\/wordpress\/plugins\/seo\/ -->\n<title>Nouvelles r\u00e9glementations : va-t-on vers plus ou moins de greenwashing des fonds ? - Reclaim Finance<\/title>\n<meta name=\"description\" content=\"Pour lutter contre le greenwashing, l&#039;AMF a annonc\u00e9 en d\u00e9cembre qu\u2019elle appliquera les orientations de l&#039;ESMA sur la d\u00e9nomination des fonds ESG.\" \/>\n<meta name=\"robots\" content=\"index, follow, max-snippet:-1, max-image-preview:large, max-video-preview:-1\" \/>\n<link rel=\"canonical\" href=\"https:\/\/reclaimfinance.org\/site\/2025\/01\/30\/nouvelles-reglementations-va-t-on-vers-plus-ou-moins-de-greenwashing-des-fonds\/\" \/>\n<meta property=\"og:locale\" content=\"fr_FR\" \/>\n<meta property=\"og:type\" content=\"article\" \/>\n<meta property=\"og:title\" content=\"Nouvelles r\u00e9glementations : va-t-on vers plus ou moins de greenwashing des fonds ? - Reclaim Finance\" \/>\n<meta property=\"og:description\" content=\"Pour lutter contre le greenwashing, l&#039;AMF a annonc\u00e9 en d\u00e9cembre qu\u2019elle appliquera les orientations de l&#039;ESMA sur la d\u00e9nomination des fonds ESG.\" \/>\n<meta property=\"og:url\" content=\"https:\/\/reclaimfinance.org\/site\/2025\/01\/30\/nouvelles-reglementations-va-t-on-vers-plus-ou-moins-de-greenwashing-des-fonds\/\" \/>\n<meta property=\"og:site_name\" content=\"Reclaim Finance\" \/>\n<meta property=\"article:publisher\" content=\"https:\/\/www.facebook.com\/ReclaimFinanceONG\" \/>\n<meta property=\"article:published_time\" content=\"2025-01-30T00:01:20+00:00\" \/>\n<meta property=\"article:modified_time\" content=\"2025-10-15T10:43:03+00:00\" \/>\n<meta property=\"og:image\" content=\"https:\/\/reclaimfinance.org\/site\/wp-content\/uploads\/2025\/01\/Greenwashing-.jpg\" \/>\n\t<meta property=\"og:image:width\" content=\"1238\" \/>\n\t<meta property=\"og:image:height\" content=\"550\" \/>\n\t<meta property=\"og:image:type\" content=\"image\/jpeg\" \/>\n<meta name=\"author\" content=\"L\u00e9o Martin\" \/>\n<meta name=\"twitter:card\" content=\"summary_large_image\" \/>\n<meta name=\"twitter:creator\" content=\"@ReclaimFinance\" \/>\n<meta name=\"twitter:site\" content=\"@ReclaimFinance\" \/>\n<meta name=\"twitter:label1\" content=\"\u00c9crit par\" \/>\n\t<meta name=\"twitter:data1\" content=\"L\u00e9o Martin\" \/>\n\t<meta name=\"twitter:label2\" content=\"Dur\u00e9e de lecture estim\u00e9e\" \/>\n\t<meta name=\"twitter:data2\" content=\"8 minutes\" \/>\n<script type=\"application\/ld+json\" class=\"yoast-schema-graph\">{\"@context\":\"https:\/\/schema.org\",\"@graph\":[{\"@type\":\"Article\",\"@id\":\"https:\/\/reclaimfinance.org\/site\/2025\/01\/30\/nouvelles-reglementations-va-t-on-vers-plus-ou-moins-de-greenwashing-des-fonds\/#article\",\"isPartOf\":{\"@id\":\"https:\/\/reclaimfinance.org\/site\/2025\/01\/30\/nouvelles-reglementations-va-t-on-vers-plus-ou-moins-de-greenwashing-des-fonds\/\"},\"author\":{\"name\":\"L\u00e9o Martin\",\"@id\":\"https:\/\/reclaimfinance.org\/site\/#\/schema\/person\/92f0f8d102e5e411f092871d8eeb3db1\"},\"headline\":\"Nouvelles r\u00e9glementations : va-t-on vers plus ou moins de greenwashing des fonds ?\",\"datePublished\":\"2025-01-30T00:01:20+00:00\",\"dateModified\":\"2025-10-15T10:43:03+00:00\",\"mainEntityOfPage\":{\"@id\":\"https:\/\/reclaimfinance.org\/site\/2025\/01\/30\/nouvelles-reglementations-va-t-on-vers-plus-ou-moins-de-greenwashing-des-fonds\/\"},\"wordCount\":3279,\"publisher\":{\"@id\":\"https:\/\/reclaimfinance.org\/site\/#organization\"},\"image\":{\"@id\":\"https:\/\/reclaimfinance.org\/site\/2025\/01\/30\/nouvelles-reglementations-va-t-on-vers-plus-ou-moins-de-greenwashing-des-fonds\/#primaryimage\"},\"thumbnailUrl\":\"https:\/\/reclaimfinance.org\/site\/wp-content\/uploads\/2025\/01\/Greenwashing-.jpg\",\"articleSection\":[\"Articles\"],\"inLanguage\":\"fr-FR\"},{\"@type\":\"WebPage\",\"@id\":\"https:\/\/reclaimfinance.org\/site\/2025\/01\/30\/nouvelles-reglementations-va-t-on-vers-plus-ou-moins-de-greenwashing-des-fonds\/\",\"url\":\"https:\/\/reclaimfinance.org\/site\/2025\/01\/30\/nouvelles-reglementations-va-t-on-vers-plus-ou-moins-de-greenwashing-des-fonds\/\",\"name\":\"Nouvelles r\u00e9glementations : va-t-on vers plus ou moins de greenwashing des fonds ? - Reclaim Finance\",\"isPartOf\":{\"@id\":\"https:\/\/reclaimfinance.org\/site\/#website\"},\"primaryImageOfPage\":{\"@id\":\"https:\/\/reclaimfinance.org\/site\/2025\/01\/30\/nouvelles-reglementations-va-t-on-vers-plus-ou-moins-de-greenwashing-des-fonds\/#primaryimage\"},\"image\":{\"@id\":\"https:\/\/reclaimfinance.org\/site\/2025\/01\/30\/nouvelles-reglementations-va-t-on-vers-plus-ou-moins-de-greenwashing-des-fonds\/#primaryimage\"},\"thumbnailUrl\":\"https:\/\/reclaimfinance.org\/site\/wp-content\/uploads\/2025\/01\/Greenwashing-.jpg\",\"datePublished\":\"2025-01-30T00:01:20+00:00\",\"dateModified\":\"2025-10-15T10:43:03+00:00\",\"description\":\"Pour lutter contre le greenwashing, l'AMF a annonc\u00e9 en d\u00e9cembre qu\u2019elle appliquera les orientations de l'ESMA sur la d\u00e9nomination des fonds ESG.\",\"breadcrumb\":{\"@id\":\"https:\/\/reclaimfinance.org\/site\/2025\/01\/30\/nouvelles-reglementations-va-t-on-vers-plus-ou-moins-de-greenwashing-des-fonds\/#breadcrumb\"},\"inLanguage\":\"fr-FR\",\"potentialAction\":[{\"@type\":\"ReadAction\",\"target\":[\"https:\/\/reclaimfinance.org\/site\/2025\/01\/30\/nouvelles-reglementations-va-t-on-vers-plus-ou-moins-de-greenwashing-des-fonds\/\"]}]},{\"@type\":\"ImageObject\",\"inLanguage\":\"fr-FR\",\"@id\":\"https:\/\/reclaimfinance.org\/site\/2025\/01\/30\/nouvelles-reglementations-va-t-on-vers-plus-ou-moins-de-greenwashing-des-fonds\/#primaryimage\",\"url\":\"https:\/\/reclaimfinance.org\/site\/wp-content\/uploads\/2025\/01\/Greenwashing-.jpg\",\"contentUrl\":\"https:\/\/reclaimfinance.org\/site\/wp-content\/uploads\/2025\/01\/Greenwashing-.jpg\",\"width\":1238,\"height\":550},{\"@type\":\"BreadcrumbList\",\"@id\":\"https:\/\/reclaimfinance.org\/site\/2025\/01\/30\/nouvelles-reglementations-va-t-on-vers-plus-ou-moins-de-greenwashing-des-fonds\/#breadcrumb\",\"itemListElement\":[{\"@type\":\"ListItem\",\"position\":1,\"name\":\"Accueil\",\"item\":\"https:\/\/reclaimfinance.org\/site\/\"},{\"@type\":\"ListItem\",\"position\":2,\"name\":\"Nouvelles r\u00e9glementations : va-t-on vers plus ou moins de greenwashing des fonds ?\"}]},{\"@type\":\"WebSite\",\"@id\":\"https:\/\/reclaimfinance.org\/site\/#website\",\"url\":\"https:\/\/reclaimfinance.org\/site\/\",\"name\":\"Reclaim Finance\",\"description\":\"Reprendre le contr\u00f4le de la finance pour le climat et la biodiversit\u00e9\",\"publisher\":{\"@id\":\"https:\/\/reclaimfinance.org\/site\/#organization\"},\"potentialAction\":[{\"@type\":\"SearchAction\",\"target\":{\"@type\":\"EntryPoint\",\"urlTemplate\":\"https:\/\/reclaimfinance.org\/site\/?s={search_term_string}\"},\"query-input\":\"required name=search_term_string\"}],\"inLanguage\":\"fr-FR\"},{\"@type\":\"Organization\",\"@id\":\"https:\/\/reclaimfinance.org\/site\/#organization\",\"name\":\"Reclaim Finance\",\"url\":\"https:\/\/reclaimfinance.org\/site\/\",\"logo\":{\"@type\":\"ImageObject\",\"inLanguage\":\"fr-FR\",\"@id\":\"https:\/\/reclaimfinance.org\/site\/#\/schema\/logo\/image\/\",\"url\":\"https:\/\/reclaimfinance.org\/site\/wp-content\/uploads\/2020\/03\/logo_RC_space.png\",\"contentUrl\":\"https:\/\/reclaimfinance.org\/site\/wp-content\/uploads\/2020\/03\/logo_RC_space.png\",\"width\":800,\"height\":800,\"caption\":\"Reclaim Finance\"},\"image\":{\"@id\":\"https:\/\/reclaimfinance.org\/site\/#\/schema\/logo\/image\/\"},\"sameAs\":[\"https:\/\/www.facebook.com\/ReclaimFinanceONG\",\"https:\/\/x.com\/ReclaimFinance\",\"https:\/\/www.instagram.com\/reclaimfinance\/\",\"https:\/\/www.linkedin.com\/company\/reclaim-finance-ong-think-tank\"]},{\"@type\":\"Person\",\"@id\":\"https:\/\/reclaimfinance.org\/site\/#\/schema\/person\/92f0f8d102e5e411f092871d8eeb3db1\",\"name\":\"L\u00e9o Martin\",\"image\":{\"@type\":\"ImageObject\",\"inLanguage\":\"fr-FR\",\"@id\":\"https:\/\/reclaimfinance.org\/site\/#\/schema\/person\/image\/\",\"url\":\"https:\/\/secure.gravatar.com\/avatar\/cebd89becb7f7185483789d7f51a21cb?s=96&d=mm&r=g\",\"contentUrl\":\"https:\/\/secure.gravatar.com\/avatar\/cebd89becb7f7185483789d7f51a21cb?s=96&d=mm&r=g\",\"caption\":\"L\u00e9o Martin\"},\"url\":\"https:\/\/reclaimfinance.org\/site\/author\/lma\/\"}]}<\/script>\n<!-- \/ Yoast SEO plugin. -->","yoast_head_json":{"title":"Nouvelles r\u00e9glementations : va-t-on vers plus ou moins de greenwashing des fonds ? - Reclaim Finance","description":"Pour lutter contre le greenwashing, l'AMF a annonc\u00e9 en d\u00e9cembre qu\u2019elle appliquera les orientations de l'ESMA sur la d\u00e9nomination des fonds ESG.","robots":{"index":"index","follow":"follow","max-snippet":"max-snippet:-1","max-image-preview":"max-image-preview:large","max-video-preview":"max-video-preview:-1"},"canonical":"https:\/\/reclaimfinance.org\/site\/2025\/01\/30\/nouvelles-reglementations-va-t-on-vers-plus-ou-moins-de-greenwashing-des-fonds\/","og_locale":"fr_FR","og_type":"article","og_title":"Nouvelles r\u00e9glementations : va-t-on vers plus ou moins de greenwashing des fonds ? - Reclaim Finance","og_description":"Pour lutter contre le greenwashing, l'AMF a annonc\u00e9 en d\u00e9cembre qu\u2019elle appliquera les orientations de l'ESMA sur la d\u00e9nomination des fonds ESG.","og_url":"https:\/\/reclaimfinance.org\/site\/2025\/01\/30\/nouvelles-reglementations-va-t-on-vers-plus-ou-moins-de-greenwashing-des-fonds\/","og_site_name":"Reclaim Finance","article_publisher":"https:\/\/www.facebook.com\/ReclaimFinanceONG","article_published_time":"2025-01-30T00:01:20+00:00","article_modified_time":"2025-10-15T10:43:03+00:00","og_image":[{"width":1238,"height":550,"url":"https:\/\/reclaimfinance.org\/site\/wp-content\/uploads\/2025\/01\/Greenwashing-.jpg","type":"image\/jpeg"}],"author":"L\u00e9o Martin","twitter_card":"summary_large_image","twitter_creator":"@ReclaimFinance","twitter_site":"@ReclaimFinance","twitter_misc":{"\u00c9crit par":"L\u00e9o Martin","Dur\u00e9e de lecture estim\u00e9e":"8 minutes"},"schema":{"@context":"https:\/\/schema.org","@graph":[{"@type":"Article","@id":"https:\/\/reclaimfinance.org\/site\/2025\/01\/30\/nouvelles-reglementations-va-t-on-vers-plus-ou-moins-de-greenwashing-des-fonds\/#article","isPartOf":{"@id":"https:\/\/reclaimfinance.org\/site\/2025\/01\/30\/nouvelles-reglementations-va-t-on-vers-plus-ou-moins-de-greenwashing-des-fonds\/"},"author":{"name":"L\u00e9o Martin","@id":"https:\/\/reclaimfinance.org\/site\/#\/schema\/person\/92f0f8d102e5e411f092871d8eeb3db1"},"headline":"Nouvelles r\u00e9glementations : va-t-on vers plus ou moins de greenwashing des fonds ?","datePublished":"2025-01-30T00:01:20+00:00","dateModified":"2025-10-15T10:43:03+00:00","mainEntityOfPage":{"@id":"https:\/\/reclaimfinance.org\/site\/2025\/01\/30\/nouvelles-reglementations-va-t-on-vers-plus-ou-moins-de-greenwashing-des-fonds\/"},"wordCount":3279,"publisher":{"@id":"https:\/\/reclaimfinance.org\/site\/#organization"},"image":{"@id":"https:\/\/reclaimfinance.org\/site\/2025\/01\/30\/nouvelles-reglementations-va-t-on-vers-plus-ou-moins-de-greenwashing-des-fonds\/#primaryimage"},"thumbnailUrl":"https:\/\/reclaimfinance.org\/site\/wp-content\/uploads\/2025\/01\/Greenwashing-.jpg","articleSection":["Articles"],"inLanguage":"fr-FR"},{"@type":"WebPage","@id":"https:\/\/reclaimfinance.org\/site\/2025\/01\/30\/nouvelles-reglementations-va-t-on-vers-plus-ou-moins-de-greenwashing-des-fonds\/","url":"https:\/\/reclaimfinance.org\/site\/2025\/01\/30\/nouvelles-reglementations-va-t-on-vers-plus-ou-moins-de-greenwashing-des-fonds\/","name":"Nouvelles r\u00e9glementations : va-t-on vers plus ou moins de greenwashing des fonds ? - Reclaim Finance","isPartOf":{"@id":"https:\/\/reclaimfinance.org\/site\/#website"},"primaryImageOfPage":{"@id":"https:\/\/reclaimfinance.org\/site\/2025\/01\/30\/nouvelles-reglementations-va-t-on-vers-plus-ou-moins-de-greenwashing-des-fonds\/#primaryimage"},"image":{"@id":"https:\/\/reclaimfinance.org\/site\/2025\/01\/30\/nouvelles-reglementations-va-t-on-vers-plus-ou-moins-de-greenwashing-des-fonds\/#primaryimage"},"thumbnailUrl":"https:\/\/reclaimfinance.org\/site\/wp-content\/uploads\/2025\/01\/Greenwashing-.jpg","datePublished":"2025-01-30T00:01:20+00:00","dateModified":"2025-10-15T10:43:03+00:00","description":"Pour lutter contre le greenwashing, l'AMF a annonc\u00e9 en d\u00e9cembre qu\u2019elle appliquera les orientations de l'ESMA sur la d\u00e9nomination des fonds ESG.","breadcrumb":{"@id":"https:\/\/reclaimfinance.org\/site\/2025\/01\/30\/nouvelles-reglementations-va-t-on-vers-plus-ou-moins-de-greenwashing-des-fonds\/#breadcrumb"},"inLanguage":"fr-FR","potentialAction":[{"@type":"ReadAction","target":["https:\/\/reclaimfinance.org\/site\/2025\/01\/30\/nouvelles-reglementations-va-t-on-vers-plus-ou-moins-de-greenwashing-des-fonds\/"]}]},{"@type":"ImageObject","inLanguage":"fr-FR","@id":"https:\/\/reclaimfinance.org\/site\/2025\/01\/30\/nouvelles-reglementations-va-t-on-vers-plus-ou-moins-de-greenwashing-des-fonds\/#primaryimage","url":"https:\/\/reclaimfinance.org\/site\/wp-content\/uploads\/2025\/01\/Greenwashing-.jpg","contentUrl":"https:\/\/reclaimfinance.org\/site\/wp-content\/uploads\/2025\/01\/Greenwashing-.jpg","width":1238,"height":550},{"@type":"BreadcrumbList","@id":"https:\/\/reclaimfinance.org\/site\/2025\/01\/30\/nouvelles-reglementations-va-t-on-vers-plus-ou-moins-de-greenwashing-des-fonds\/#breadcrumb","itemListElement":[{"@type":"ListItem","position":1,"name":"Accueil","item":"https:\/\/reclaimfinance.org\/site\/"},{"@type":"ListItem","position":2,"name":"Nouvelles r\u00e9glementations : va-t-on vers plus ou moins de greenwashing des fonds ?"}]},{"@type":"WebSite","@id":"https:\/\/reclaimfinance.org\/site\/#website","url":"https:\/\/reclaimfinance.org\/site\/","name":"Reclaim Finance","description":"Reprendre le contr\u00f4le de la finance pour le climat et la biodiversit\u00e9","publisher":{"@id":"https:\/\/reclaimfinance.org\/site\/#organization"},"potentialAction":[{"@type":"SearchAction","target":{"@type":"EntryPoint","urlTemplate":"https:\/\/reclaimfinance.org\/site\/?s={search_term_string}"},"query-input":"required name=search_term_string"}],"inLanguage":"fr-FR"},{"@type":"Organization","@id":"https:\/\/reclaimfinance.org\/site\/#organization","name":"Reclaim Finance","url":"https:\/\/reclaimfinance.org\/site\/","logo":{"@type":"ImageObject","inLanguage":"fr-FR","@id":"https:\/\/reclaimfinance.org\/site\/#\/schema\/logo\/image\/","url":"https:\/\/reclaimfinance.org\/site\/wp-content\/uploads\/2020\/03\/logo_RC_space.png","contentUrl":"https:\/\/reclaimfinance.org\/site\/wp-content\/uploads\/2020\/03\/logo_RC_space.png","width":800,"height":800,"caption":"Reclaim Finance"},"image":{"@id":"https:\/\/reclaimfinance.org\/site\/#\/schema\/logo\/image\/"},"sameAs":["https:\/\/www.facebook.com\/ReclaimFinanceONG","https:\/\/x.com\/ReclaimFinance","https:\/\/www.instagram.com\/reclaimfinance\/","https:\/\/www.linkedin.com\/company\/reclaim-finance-ong-think-tank"]},{"@type":"Person","@id":"https:\/\/reclaimfinance.org\/site\/#\/schema\/person\/92f0f8d102e5e411f092871d8eeb3db1","name":"L\u00e9o Martin","image":{"@type":"ImageObject","inLanguage":"fr-FR","@id":"https:\/\/reclaimfinance.org\/site\/#\/schema\/person\/image\/","url":"https:\/\/secure.gravatar.com\/avatar\/cebd89becb7f7185483789d7f51a21cb?s=96&d=mm&r=g","contentUrl":"https:\/\/secure.gravatar.com\/avatar\/cebd89becb7f7185483789d7f51a21cb?s=96&d=mm&r=g","caption":"L\u00e9o Martin"},"url":"https:\/\/reclaimfinance.org\/site\/author\/lma\/"}]}},"_links":{"self":[{"href":"https:\/\/reclaimfinance.org\/site\/wp-json\/wp\/v2\/posts\/35592"}],"collection":[{"href":"https:\/\/reclaimfinance.org\/site\/wp-json\/wp\/v2\/posts"}],"about":[{"href":"https:\/\/reclaimfinance.org\/site\/wp-json\/wp\/v2\/types\/post"}],"author":[{"embeddable":true,"href":"https:\/\/reclaimfinance.org\/site\/wp-json\/wp\/v2\/users\/26"}],"replies":[{"embeddable":true,"href":"https:\/\/reclaimfinance.org\/site\/wp-json\/wp\/v2\/comments?post=35592"}],"version-history":[{"count":7,"href":"https:\/\/reclaimfinance.org\/site\/wp-json\/wp\/v2\/posts\/35592\/revisions"}],"predecessor-version":[{"id":38205,"href":"https:\/\/reclaimfinance.org\/site\/wp-json\/wp\/v2\/posts\/35592\/revisions\/38205"}],"wp:featuredmedia":[{"embeddable":true,"href":"https:\/\/reclaimfinance.org\/site\/wp-json\/wp\/v2\/media\/35590"}],"wp:attachment":[{"href":"https:\/\/reclaimfinance.org\/site\/wp-json\/wp\/v2\/media?parent=35592"}],"wp:term":[{"taxonomy":"category","embeddable":true,"href":"https:\/\/reclaimfinance.org\/site\/wp-json\/wp\/v2\/categories?post=35592"},{"taxonomy":"post_tag","embeddable":true,"href":"https:\/\/reclaimfinance.org\/site\/wp-json\/wp\/v2\/tags?post=35592"},{"taxonomy":"acteurs_financiers","embeddable":true,"href":"https:\/\/reclaimfinance.org\/site\/wp-json\/wp\/v2\/acteurs_financiers?post=35592"},{"taxonomy":"thematique","embeddable":true,"href":"https:\/\/reclaimfinance.org\/site\/wp-json\/wp\/v2\/thematique?post=35592"},{"taxonomy":"webinar_type","embeddable":true,"href":"https:\/\/reclaimfinance.org\/site\/wp-json\/wp\/v2\/webinar_type?post=35592"},{"taxonomy":"programme","embeddable":true,"href":"https:\/\/reclaimfinance.org\/site\/wp-json\/wp\/v2\/programme?post=35592"}],"curies":[{"name":"wp","href":"https:\/\/api.w.org\/{rel}","templated":true}]}}