{"id":35750,"date":"2025-02-14T15:10:05","date_gmt":"2025-02-14T14:10:05","guid":{"rendered":"https:\/\/reclaimfinance.org\/site\/?p=35750"},"modified":"2025-02-25T17:26:18","modified_gmt":"2025-02-25T16:26:18","slug":"businesses-finance-ngos-and-academics-defend-eu-laws-against-omnibus","status":"publish","type":"post","link":"https:\/\/reclaimfinance.org\/site\/en\/2025\/02\/14\/businesses-finance-ngos-and-academics-defend-eu-laws-against-omnibus\/","title":{"rendered":"Businesses, Finance, NGOs, and Academics Defend EU Laws against Omnibus"},"content":{"rendered":"<p><div class=\"fusion-fullwidth fullwidth-box fusion-builder-row-1 fusion-flex-container has-pattern-background has-mask-background nonhundred-percent-fullwidth non-hundred-percent-height-scrolling\" style=\"--awb-border-radius-top-left:0px;--awb-border-radius-top-right:0px;--awb-border-radius-bottom-right:0px;--awb-border-radius-bottom-left:0px;--awb-margin-bottom:20px;--awb-flex-wrap:wrap;\" ><div class=\"fusion-builder-row fusion-row fusion-flex-align-items-flex-start fusion-flex-content-wrap\" style=\"max-width:1216.8px;margin-left: calc(-4% \/ 2 );margin-right: calc(-4% \/ 2 );\"><div class=\"fusion-layout-column fusion_builder_column fusion-builder-column-0 fusion_builder_column_1_1 1_1 fusion-flex-column\" style=\"--awb-bg-size:cover;--awb-width-large:100%;--awb-margin-top-large:0px;--awb-spacing-right-large:1.92%;--awb-margin-bottom-large:20px;--awb-spacing-left-large:1.92%;--awb-width-medium:100%;--awb-order-medium:0;--awb-spacing-right-medium:1.92%;--awb-spacing-left-medium:1.92%;--awb-width-small:100%;--awb-order-small:0;--awb-spacing-right-small:1.92%;--awb-spacing-left-small:1.92%;\"><div class=\"fusion-column-wrapper fusion-column-has-shadow fusion-flex-justify-content-flex-start fusion-content-layout-column\"><div class=\"fusion-text fusion-text-1\" style=\"--awb-content-alignment:justify;--awb-text-color:var(--awb-color4);--awb-text-font-family:&quot;Montserrat&quot;;--awb-text-font-style:normal;--awb-text-font-weight:700;\"><p>For more than two months now, European politics has been all about \u201ccompetitiveness\u201d. Any argument is now good enough to roll back whole swathes of legislations designed to help Europe achieve its climate objectives while protecting human rights and promoting long-term economic growth. While the proponents of deregulation have taken the front stage at the end of 2024, a counter-narrative is emerging through the voice of NGOs, trade unions, academics, as well as economic and financial players. This article looks back at the numerous platforms and open letters &#8211; collected in a specific note &#8211; denouncing the unravelling of European texts, and arguing for their preservation.<\/p>\n<\/div><div class=\"fusion-title title fusion-title-1 fusion-title-text fusion-title-size-two\" style=\"--awb-text-color:var(--awb-color4);--awb-margin-top:15px;--awb-margin-bottom:15px;--awb-font-size:16px;\"><div class=\"title-sep-container title-sep-container-left fusion-no-large-visibility fusion-no-medium-visibility fusion-no-small-visibility\"><div class=\"title-sep sep- sep-solid\" style=\"border-color:#3e3e3e;\"><\/div><\/div><span class=\"awb-title-spacer fusion-no-large-visibility fusion-no-medium-visibility fusion-no-small-visibility\"><\/span><h2 class=\"fusion-title-heading title-heading-left fusion-responsive-typography-calculated\" style=\"font-family:&quot;Montserrat&quot;;font-style:normal;font-weight:700;margin:0;font-size:1em;--fontSize:16;--minFontSize:16;line-height:1.5;\">Defending sustainability legislation<\/h2><span class=\"awb-title-spacer\"><\/span><div class=\"title-sep-container title-sep-container-right\"><div class=\"title-sep sep- sep-solid\" style=\"border-color:#3e3e3e;\"><\/div><\/div><\/div><div class=\"fusion-text fusion-text-2\" style=\"--awb-content-alignment:justify;\"><p>The European directives CSDD (Corporate Sustainability Due Diligence Directive) and CSRD (Corporate Sustainability Reporting Directive) are at the heart of the transformation of the European economy, but are facing attempts to dismantle them under the guise of simplification through the European Commission&rsquo;s \u201cOmnibus\u201d proposal.<\/p>\n<p>The many voices who have rallied to defend the CSDD and CSRD (investors, companies, NGOs, academics\u2026) directives point out that they are not useless bureaucratic constraints, but rather essential tools for transforming the economy over the medium and long term, thus enabling economic and financial players to adapt with a net-zero strategy by 2050. It is thanks to these laws, and notably through the requirements to adopt transition plans they include, that companies will be better able to anticipate the necessary changes as well as the risks associated with global warming. By mobilizing around non-financial issues, companies can integrate social and environmental challenges into their business models and position themselves as driving forces in favor of transition. As the Mouvement Impact France points out regarding CSRD, \u201cthis directive is a key lever for competitiveness and protection for the European economy, and for resilience for our companies.\u201d The transparency and responsibility promoted by these directives are essential assets for attracting investment, building customer loyalty and motivating employees.<\/p>\n<p>Moreover, these regulations are enabling financial institutions to redirect their financing towards the transition and, at last, to make the difference between players who have the will to transform the economy and those who practice greenwashing. <span style=\"text-decoration: underline;\"><a href=\"https:\/\/reclaimfinance.org\/site\/en\/2025\/02\/14\/csrd-are-french-banks-standing-by-their-previous-positions\/\" target=\"_blank\" rel=\"noopener\">Non-financial information has also been expressly requested by financial players.<\/a><\/span> This is confirmed by investors representing some 6.6 billion euros in assets under management, who call on the European Commission to \u201cpreserve the integrity and ambition of the EU sustainable finance framework.\u201d<\/p>\n<\/div><div class=\"fusion-title title fusion-title-2 fusion-title-text fusion-title-size-two\" style=\"--awb-text-color:var(--awb-color4);--awb-margin-top:15px;--awb-margin-bottom:15px;--awb-font-size:16px;\"><div class=\"title-sep-container title-sep-container-left fusion-no-large-visibility fusion-no-medium-visibility fusion-no-small-visibility\"><div class=\"title-sep sep- sep-solid\" style=\"border-color:#3e3e3e;\"><\/div><\/div><span class=\"awb-title-spacer fusion-no-large-visibility fusion-no-medium-visibility fusion-no-small-visibility\"><\/span><h2 class=\"fusion-title-heading title-heading-left fusion-responsive-typography-calculated\" style=\"font-family:&quot;Montserrat&quot;;font-style:normal;font-weight:700;margin:0;font-size:1em;--fontSize:16;--minFontSize:16;line-height:1.5;\">Fears of a major step backwards<\/h2><span class=\"awb-title-spacer\"><\/span><div class=\"title-sep-container title-sep-container-right\"><div class=\"title-sep sep- sep-solid\" style=\"border-color:#3e3e3e;\"><\/div><\/div><\/div><div class=\"fusion-text fusion-text-3\" style=\"--awb-content-alignment:justify;\"><p>The numerous statements on the omnibus law share a deep concern about the Commission proposal. The directives on sustainable finance were the result of laborious, lengthy compromises, incorporating flexibility and proportionality mechanisms so as not to impose excessive burdens on companies (1). The Omnibus would mean abandoning this compromise &#8211; reached by legislators with the involvement of all stakeholders (companies, NGOs, academics, etc.) &#8211; without following democratic consultation and under international pressure (2).<\/p>\n<p>The directives attacked are tailored to concerned companies. For example, the CSRD does not cover small and medium-sized businesses in general, while those that are covered benefit from lighter reporting standards. The same is true of the CSDDD, which only applies directly to very large companies, and includes specific provisions to consider its indirect effect on SMEs. It is precisely by touching on this recent legislation that the climate of regulatory uncertainty will affect companies, favoring those who have not yet begun their transition over those who have already made efforts in this area. Going back on these texts would call into question the credibility of European directives and commitments on climate or human rights, and would discourage companies from fully committing to the ecological transition. Indeed, as the Coll\u00e8ge des Directeurs du D\u00e9veloppement Durable emphasizes, it is crucial to \u201crespect the original intention of the co-legislators and the broader Green Deal agenda.\u201d (3) Against this backdrop, many business representatives are opposing the far-reaching European Commission proposal and pushing instead targeted simplification measures &#8211; especially in the area of reporting &#8211; which often do not require the reopening of European texts and which preserve all their essential features.<\/p>\n<\/div><div class=\"fusion-text fusion-text-4\" style=\"--awb-content-alignment:justify;\"><p><b>The coalitions of economic and financial players, NGOs and academics that have emerged in support of the European sustainability texts and the Green Deal are sending a strong signal to policymakers: deregulation is not a valid option. Corporate supporters emphasize the notion of sustainability as a driver of competitiveness. Financial players stress the importance of transparency and responsibility in directing capital towards sustainable activities. Academics stress the need to base policies on sound scientific data, and warn against \u201cthe threat of a European unravelling\u201d of regulatory advances. Finally, NGOs put climate and human rights issues back at the center of the debate. The sustainability laws under attack are the European Union&rsquo;s roadmap for achieving its objectives, and the European Commission and French government must renounce emptying them and focus on effective implementation instead.\u00a0<\/b><\/p>\n<\/div><div style=\"text-align:center;\"><a class=\"fusion-button button-flat button-medium button-custom fusion-button-default button-1 fusion-button-default-span fusion-button-default-type\" style=\"--button_accent_color:#ffffff;--button_border_color:var(--awb-color4);--button_accent_hover_color:#ffffff;--button_border_hover_color:var(--awb-color4);--button_border_width-top:2px;--button_border_width-right:2px;--button_border_width-bottom:2px;--button_border_width-left:2px;--button_gradient_top_color:rgba(138,197,107,0);--button_gradient_bottom_color:rgba(138,197,107,0);--button_gradient_top_color_hover:#8fc84c;--button_gradient_bottom_color_hover:#8fc84c;--button_margin-top:35px;--button_margin-bottom:35px;\" target=\"_blank\" rel=\"noopener noreferrer\" href=\"https:\/\/reclaimfinance.org\/site\/wp-content\/uploads\/2025\/02\/EN-Omnibus-Statements-collection.pdf\"><span class=\"fusion-button-text\">Read Reclaim Finance&rsquo;s statement collection<\/span><\/a><\/div><\/div><\/div><div class=\"fusion-layout-column fusion_builder_column fusion-builder-column-1 fusion_builder_column_1_1 1_1 fusion-flex-column fusion-column-no-min-height\" style=\"--awb-padding-top:20px;--awb-padding-right:10px;--awb-padding-bottom:20px;--awb-padding-left:10px;--awb-overflow:hidden;--awb-bg-size:cover;--awb-border-color:var(--awb-color1);--awb-border-top:1px;--awb-border-right:1px;--awb-border-bottom:1px;--awb-border-left:1px;--awb-border-style:solid;--awb-border-radius:10px 10px 10px 10px;--awb-width-large:100%;--awb-margin-top-large:0px;--awb-spacing-right-large:1.92%;--awb-margin-bottom-large:20px;--awb-spacing-left-large:1.92%;--awb-width-medium:100%;--awb-order-medium:0;--awb-spacing-right-medium:1.92%;--awb-spacing-left-medium:1.92%;--awb-width-small:100%;--awb-order-small:0;--awb-spacing-right-small:1.92%;--awb-spacing-left-small:1.92%;\"><div class=\"fusion-column-wrapper fusion-column-has-shadow fusion-flex-justify-content-flex-start fusion-content-layout-column\"><div class=\"fusion-title title fusion-title-3 fusion-title-text fusion-title-size-three\" style=\"--awb-text-color:var(--awb-color1);--awb-margin-bottom:0px;--awb-font-size:16px;\"><div class=\"title-sep-container title-sep-container-left fusion-no-large-visibility fusion-no-medium-visibility fusion-no-small-visibility\"><div class=\"title-sep sep- sep-solid\" style=\"border-color:#3e3e3e;\"><\/div><\/div><span class=\"awb-title-spacer fusion-no-large-visibility fusion-no-medium-visibility fusion-no-small-visibility\"><\/span><h3 class=\"fusion-title-heading title-heading-left fusion-responsive-typography-calculated\" style=\"font-family:&quot;Montserrat&quot;;font-style:normal;font-weight:700;margin:0;font-size:1em;--fontSize:16;--minFontSize:16;line-height:1.5;\">Notes:<\/h3><span class=\"awb-title-spacer\"><\/span><div class=\"title-sep-container title-sep-container-right\"><div class=\"title-sep sep- sep-solid\" style=\"border-color:#3e3e3e;\"><\/div><\/div><\/div><div class=\"fusion-text fusion-text-5\" style=\"--awb-content-alignment:justify;\"><ol>\n<li aria-level=\"1\">See also: Reclaim Finance <span style=\"text-decoration: underline;\"><a href=\"https:\/\/reclaimfinance.org\/site\/2025\/01\/20\/exigences-reglementaires-de-lue-mettre-fin-aux-idees-recues\/#:~:text=Fin%20novembre%202024%2C%20la%20Pr%C3%A9sidente,la%20comp%C3%A9titivit%C3%A9%20des%20entreprises%20europ%C3%A9ennes\" target=\"_blank\" rel=\"noopener\">Exigences r\u00e9glementaires de l&rsquo;UE : mettre fin aux id\u00e9es re\u00e7ues<\/a><\/span>, janvier 2025.<\/li>\n<li aria-level=\"1\">US Chamber of Commerce, <span style=\"text-decoration: underline;\"><a href=\"https:\/\/www.uschamber.com\/finance\/u-s-chamber-of-commerce-coalition-letter-to-congress-voicing-concerns-over-eu-corporate-sustainability-due-diligence-directive\" target=\"_blank\" rel=\"noopener\">U.S. Chamber of Commerce Coalition Letter to Congress Voicing Concerns Over EU Corporate Sustainability Due Diligence Directive<\/a><\/span>, d\u00e9cembre 2024<\/li>\n<li aria-level=\"1\">Collectif d&rsquo;association d&rsquo;entreprises, <span style=\"text-decoration: underline;\"><a href=\"https:\/\/cdn.prod.website-files.com\/6155b8373b8e8c838c39bf8a\/6792000e6901695b8abe5266_DP%20-%20CSRD%20v2.pdf\" target=\"_blank\" rel=\"noopener\">Simplifions la CSRD sans sacrifier son ambition<\/a><\/span>, janvier 2025<\/li>\n<\/ol>\n<\/div><\/div><\/div><\/div><\/div><div class=\"fusion-fullwidth fullwidth-box fusion-builder-row-2 fusion-flex-container has-pattern-background has-mask-background nonhundred-percent-fullwidth non-hundred-percent-height-scrolling\" style=\"--awb-border-radius-top-left:0px;--awb-border-radius-top-right:0px;--awb-border-radius-bottom-right:0px;--awb-border-radius-bottom-left:0px;--awb-flex-wrap:wrap;\" ><div class=\"fusion-builder-row fusion-row fusion-flex-align-items-flex-start fusion-flex-content-wrap\" style=\"max-width:1216.8px;margin-left: calc(-4% \/ 2 );margin-right: calc(-4% \/ 2 );\"><div class=\"fusion-layout-column fusion_builder_column fusion-builder-column-2 fusion_builder_column_1_1 1_1 fusion-flex-column\" style=\"--awb-bg-size:cover;--awb-width-large:100%;--awb-margin-top-large:0px;--awb-spacing-right-large:1.92%;--awb-margin-bottom-large:20px;--awb-spacing-left-large:1.92%;--awb-width-medium:100%;--awb-order-medium:0;--awb-spacing-right-medium:1.92%;--awb-spacing-left-medium:1.92%;--awb-width-small:100%;--awb-order-small:0;--awb-spacing-right-small:1.92%;--awb-spacing-left-small:1.92%;\"><div class=\"fusion-column-wrapper fusion-column-has-shadow fusion-flex-justify-content-flex-start fusion-content-layout-column\"><div class=\"fusion-title title fusion-title-4 fusion-sep-none fusion-title-text fusion-title-size-two\" style=\"--awb-text-color:var(--awb-color1);--awb-margin-bottom:0px;\"><h2 class=\"fusion-title-heading title-heading-left fusion-responsive-typography-calculated\" style=\"margin:0;text-transform:uppercase;--fontSize:33;line-height:1.5;\">Read also<\/h2><\/div><div class=\"fusion-separator\" style=\"align-self: flex-start;margin-right:auto;margin-top:25px;margin-bottom:35px;width:100%;max-width:100px;\"><div class=\"fusion-separator-border sep-single sep-solid\" style=\"--awb-height:20px;--awb-amount:20px;--awb-sep-color:var(--awb-color4);border-color:var(--awb-color4);border-top-width:10px;\"><\/div><\/div><div class=\"fusion-blog-shortcode fusion-blog-shortcode-1 fusion-blog-archive fusion-blog-layout-grid-wrapper fusion-blog-no\" style=\"--awb-title-font-size:18px;\"><style type=\"text\/css\">.fusion-blog-shortcode-1 .fusion-blog-layout-grid .fusion-post-grid{padding:15px;}.fusion-blog-shortcode-1 .fusion-posts-container{margin-left: -15px !important; margin-right:-15px !important;}<\/style><div class=\"fusion-posts-container fusion-posts-container-no fusion-blog-rollover fusion-blog-layout-grid fusion-blog-layout-grid-3 isotope fusion-blog-equal-heights\" data-pages=\"177\" data-grid-col-space=\"30\" style=\"margin: -15px -15px 0;min-height:500px;\"><article id=\"blog-1-post-39569\" class=\"fusion-post-grid post-39569 post type-post status-publish format-standard has-post-thumbnail hentry category-blog_en acteurs_financiers-asset-managers-en acteurs_financiers-asset-owners acteurs_financiers-banks acteurs_financiers-gfanz-en acteurs_financiers-insurers acteurs_financiers-investors acteurs_financiers-regulators thematique-fossil-fuels\">\n<div class=\"fusion-post-wrapper\" style=\"background-color:rgba(255,255,255,0);border:1px solid #2a2b3d;border-bottom-width:3px;\">\n\n\t\t\t<div class=\"fusion-flexslider flexslider fusion-flexslider-loading fusion-post-slideshow\" style=\"border-color:#2a2b3d;\">\n\t\t<ul class=\"slides\">\n\t\t\t\n\t\t\t\t\t\t\t\t\t\t\t\t\t\t<li><div  class=\"fusion-image-wrapper\" aria-haspopup=\"true\">\n\t\t\t\t<img decoding=\"async\" width=\"1125\" height=\"500\" src=\"https:\/\/reclaimfinance.org\/site\/wp-content\/uploads\/2026\/04\/amazonie-.png\" class=\"attachment-full size-full wp-post-image\" alt=\"\" \/><div class=\"fusion-rollover\">\n\t<div class=\"fusion-rollover-content\">\n\n\t\t\t\t\n\t\t\n\t\t\t\t\t\t\t\t\n\t\t\t\t\t\t\t\t\n\t\t\n\t\t\t\t\t\t<a class=\"fusion-link-wrapper\" href=\"https:\/\/reclaimfinance.org\/site\/en\/2026\/04\/22\/protecting-critical-biodiversity-areas-from-fossil-fuel-operations\/\" aria-label=\"Protecting critical biodiversity areas from fossil fuel operations\"><\/a>\n\t<\/div>\n<\/div>\n<\/div>\n<\/li>\n\t\t\t\n\t\t\t\n\t\t\t\t\t\t\t\t<\/ul>\n\t<\/div>\n\t<div class=\"fusion-post-content-wrapper\" style=\"padding:30px 25px 20px 25px;\"><div class=\"fusion-post-content post-content\"><h3 class=\"blog-shortcode-post-title entry-title\"><a href=\"https:\/\/reclaimfinance.org\/site\/en\/2026\/04\/22\/protecting-critical-biodiversity-areas-from-fossil-fuel-operations\/\">Protecting critical biodiversity areas from fossil fuel operations<\/a><\/h3><p class=\"fusion-single-line-meta\"><span class=\"vcard\" style=\"display: none;\"><span class=\"fn\"><a href=\"https:\/\/reclaimfinance.org\/site\/author\/aman\/\" title=\"Articles par Aatira\u00ef Manickawasagar\" rel=\"author\">Aatira\u00ef Manickawasagar<\/a><\/span><\/span><span class=\"updated\" style=\"display:none;\">2026-04-27T16:27:21+02:00<\/span><a href=\"https:\/\/reclaimfinance.org\/site\/en\/category\/blog_en\/\" rel=\"category tag\">Articles<\/a><span class=\"fusion-inline-sep\">|<\/span><\/p><\/div><\/div><div class=\"fusion-clearfix\"><\/div><\/div>\n<\/article>\n<article id=\"blog-1-post-39525\" class=\"fusion-post-grid post-39525 post type-post status-publish format-standard has-post-thumbnail hentry category-blog_en acteurs_financiers-regulators thematique-fossil-fuels\">\n<div class=\"fusion-post-wrapper\" style=\"background-color:rgba(255,255,255,0);border:1px solid #2a2b3d;border-bottom-width:3px;\">\n\n\t\t\t<div class=\"fusion-flexslider flexslider fusion-flexslider-loading fusion-post-slideshow\" style=\"border-color:#2a2b3d;\">\n\t\t<ul class=\"slides\">\n\t\t\t\n\t\t\t\t\t\t\t\t\t\t\t\t\t\t<li><div  class=\"fusion-image-wrapper\" aria-haspopup=\"true\">\n\t\t\t\t<img decoding=\"async\" width=\"1125\" height=\"500\" src=\"https:\/\/reclaimfinance.org\/site\/wp-content\/uploads\/2026\/04\/fossil-fuel-.png\" class=\"attachment-full size-full wp-post-image\" alt=\"\" \/><div class=\"fusion-rollover\">\n\t<div class=\"fusion-rollover-content\">\n\n\t\t\t\t\n\t\t\n\t\t\t\t\t\t\t\t\n\t\t\t\t\t\t\t\t\n\t\t\n\t\t\t\t\t\t<a class=\"fusion-link-wrapper\" href=\"https:\/\/reclaimfinance.org\/site\/en\/2026\/04\/13\/regulators-must-prevent-private-finance-from-stalling-the-fossil-fuel-phaseout\/\" aria-label=\"Regulators must prevent private finance from stalling the fossil fuel phaseout\"><\/a>\n\t<\/div>\n<\/div>\n<\/div>\n<\/li>\n\t\t\t\n\t\t\t\n\t\t\t\t\t\t\t\t<\/ul>\n\t<\/div>\n\t<div class=\"fusion-post-content-wrapper\" style=\"padding:30px 25px 20px 25px;\"><div class=\"fusion-post-content post-content\"><h3 class=\"blog-shortcode-post-title entry-title\"><a href=\"https:\/\/reclaimfinance.org\/site\/en\/2026\/04\/13\/regulators-must-prevent-private-finance-from-stalling-the-fossil-fuel-phaseout\/\">Regulators must prevent private finance from stalling the fossil fuel phaseout<\/a><\/h3><p class=\"fusion-single-line-meta\"><span class=\"vcard\" style=\"display: none;\"><span class=\"fn\"><a href=\"https:\/\/reclaimfinance.org\/site\/author\/aman\/\" title=\"Articles par Aatira\u00ef Manickawasagar\" rel=\"author\">Aatira\u00ef Manickawasagar<\/a><\/span><\/span><span class=\"updated\" style=\"display:none;\">2026-04-10T12:19:38+02:00<\/span><a href=\"https:\/\/reclaimfinance.org\/site\/en\/category\/blog_en\/\" rel=\"category tag\">Articles<\/a><span class=\"fusion-inline-sep\">|<\/span><\/p><\/div><\/div><div class=\"fusion-clearfix\"><\/div><\/div>\n<\/article>\n<article id=\"blog-1-post-39405\" class=\"fusion-post-grid post-39405 post type-post status-publish format-standard has-post-thumbnail hentry category-blog_en acteurs_financiers-banks thematique-oil-and-gas-en\">\n<div class=\"fusion-post-wrapper\" style=\"background-color:rgba(255,255,255,0);border:1px solid #2a2b3d;border-bottom-width:3px;\">\n\n\t\t\t<div class=\"fusion-flexslider flexslider fusion-flexslider-loading fusion-post-slideshow\" style=\"border-color:#2a2b3d;\">\n\t\t<ul class=\"slides\">\n\t\t\t\n\t\t\t\t\t\t\t\t\t\t\t\t\t\t<li><div  class=\"fusion-image-wrapper\" aria-haspopup=\"true\">\n\t\t\t\t<img decoding=\"async\" width=\"1125\" height=\"500\" src=\"https:\/\/reclaimfinance.org\/site\/wp-content\/uploads\/2026\/03\/european-banks-.png\" class=\"attachment-full size-full wp-post-image\" alt=\"european banks\" \/><div class=\"fusion-rollover\">\n\t<div class=\"fusion-rollover-content\">\n\n\t\t\t\t\n\t\t\n\t\t\t\t\t\t\t\t\n\t\t\t\t\t\t\t\t\n\t\t\n\t\t\t\t\t\t<a class=\"fusion-link-wrapper\" href=\"https:\/\/reclaimfinance.org\/site\/en\/2026\/03\/27\/european-banks-bonding-with-oil-and-gas-expansion-an-analysis-of-2025-and-beyond\/\" aria-label=\"European banks bonding with oil and gas expansion: an analysis of 2025 and beyond\"><\/a>\n\t<\/div>\n<\/div>\n<\/div>\n<\/li>\n\t\t\t\n\t\t\t\n\t\t\t\t\t\t\t\t<\/ul>\n\t<\/div>\n\t<div class=\"fusion-post-content-wrapper\" style=\"padding:30px 25px 20px 25px;\"><div class=\"fusion-post-content post-content\"><h3 class=\"blog-shortcode-post-title entry-title\"><a href=\"https:\/\/reclaimfinance.org\/site\/en\/2026\/03\/27\/european-banks-bonding-with-oil-and-gas-expansion-an-analysis-of-2025-and-beyond\/\">European banks bonding with oil and gas expansion: an analysis of 2025 and beyond<\/a><\/h3><p class=\"fusion-single-line-meta\"><span class=\"vcard\" style=\"display: none;\"><span class=\"fn\"><a href=\"https:\/\/reclaimfinance.org\/site\/author\/aman\/\" title=\"Articles par Aatira\u00ef Manickawasagar\" rel=\"author\">Aatira\u00ef Manickawasagar<\/a><\/span><\/span><span class=\"updated\" style=\"display:none;\">2026-03-26T16:19:14+01:00<\/span><a href=\"https:\/\/reclaimfinance.org\/site\/en\/category\/blog_en\/\" rel=\"category tag\">Articles<\/a><span class=\"fusion-inline-sep\">|<\/span><\/p><\/div><\/div><div class=\"fusion-clearfix\"><\/div><\/div>\n<\/article>\n<div class=\"fusion-clearfix\"><\/div><\/div><\/div><\/div><\/div><\/div><\/div><\/p>\n","protected":false},"excerpt":{"rendered":"","protected":false},"author":26,"featured_media":35748,"comment_status":"closed","ping_status":"open","sticky":false,"template":"","format":"standard","meta":{"footnotes":""},"categories":[222],"tags":[],"acteurs_financiers":[2444],"thematique":[2423],"webinar_type":[],"programme":[],"class_list":["post-35750","post","type-post","status-publish","format-standard","has-post-thumbnail","hentry","category-blog_en","acteurs_financiers-regulators","thematique-fossil-fuels"],"yoast_head":"<!-- This site is optimized with the Yoast SEO plugin v23.1 - https:\/\/yoast.com\/wordpress\/plugins\/seo\/ -->\n<title>Businesses, Finance, NGOs, and Academics Defend EU Laws against Omnibus - Reclaim Finance<\/title>\n<meta name=\"description\" content=\"For more than two months now, European politics has been all about \u201ccompetitiveness\u201d.\" \/>\n<meta name=\"robots\" content=\"index, follow, max-snippet:-1, max-image-preview:large, max-video-preview:-1\" \/>\n<link rel=\"canonical\" href=\"https:\/\/reclaimfinance.org\/site\/en\/2025\/02\/14\/businesses-finance-ngos-and-academics-defend-eu-laws-against-omnibus\/\" \/>\n<meta property=\"og:locale\" content=\"fr_FR\" \/>\n<meta property=\"og:type\" content=\"article\" \/>\n<meta property=\"og:title\" content=\"Businesses, Finance, NGOs, and Academics Defend EU Laws against Omnibus - Reclaim Finance\" \/>\n<meta property=\"og:description\" content=\"For more than two months now, European politics has been all about \u201ccompetitiveness\u201d.\" \/>\n<meta property=\"og:url\" content=\"https:\/\/reclaimfinance.org\/site\/en\/2025\/02\/14\/businesses-finance-ngos-and-academics-defend-eu-laws-against-omnibus\/\" \/>\n<meta property=\"og:site_name\" content=\"Reclaim Finance\" \/>\n<meta property=\"article:publisher\" content=\"https:\/\/www.facebook.com\/ReclaimFinanceONG\" \/>\n<meta property=\"article:published_time\" content=\"2025-02-14T14:10:05+00:00\" \/>\n<meta property=\"article:modified_time\" content=\"2025-02-25T16:26:18+00:00\" \/>\n<meta property=\"og:image\" content=\"https:\/\/reclaimfinance.org\/site\/wp-content\/uploads\/2025\/02\/Europe-against-sustainabiliy.jpg\" \/>\n\t<meta property=\"og:image:width\" content=\"1013\" \/>\n\t<meta property=\"og:image:height\" content=\"450\" \/>\n\t<meta property=\"og:image:type\" content=\"image\/jpeg\" \/>\n<meta name=\"author\" content=\"L\u00e9o Martin\" \/>\n<meta name=\"twitter:card\" content=\"summary_large_image\" \/>\n<meta name=\"twitter:creator\" content=\"@ReclaimFinance\" \/>\n<meta name=\"twitter:site\" content=\"@ReclaimFinance\" \/>\n<meta name=\"twitter:label1\" content=\"\u00c9crit par\" \/>\n\t<meta name=\"twitter:data1\" content=\"L\u00e9o Martin\" \/>\n\t<meta name=\"twitter:label2\" content=\"Dur\u00e9e de lecture estim\u00e9e\" \/>\n\t<meta name=\"twitter:data2\" content=\"6 minutes\" \/>\n<script type=\"application\/ld+json\" class=\"yoast-schema-graph\">{\"@context\":\"https:\/\/schema.org\",\"@graph\":[{\"@type\":\"Article\",\"@id\":\"https:\/\/reclaimfinance.org\/site\/en\/2025\/02\/14\/businesses-finance-ngos-and-academics-defend-eu-laws-against-omnibus\/#article\",\"isPartOf\":{\"@id\":\"https:\/\/reclaimfinance.org\/site\/en\/2025\/02\/14\/businesses-finance-ngos-and-academics-defend-eu-laws-against-omnibus\/\"},\"author\":{\"name\":\"L\u00e9o Martin\",\"@id\":\"https:\/\/reclaimfinance.org\/site\/#\/schema\/person\/92f0f8d102e5e411f092871d8eeb3db1\"},\"headline\":\"Businesses, Finance, NGOs, and Academics Defend EU Laws against Omnibus\",\"datePublished\":\"2025-02-14T14:10:05+00:00\",\"dateModified\":\"2025-02-25T16:26:18+00:00\",\"mainEntityOfPage\":{\"@id\":\"https:\/\/reclaimfinance.org\/site\/en\/2025\/02\/14\/businesses-finance-ngos-and-academics-defend-eu-laws-against-omnibus\/\"},\"wordCount\":3306,\"publisher\":{\"@id\":\"https:\/\/reclaimfinance.org\/site\/#organization\"},\"image\":{\"@id\":\"https:\/\/reclaimfinance.org\/site\/en\/2025\/02\/14\/businesses-finance-ngos-and-academics-defend-eu-laws-against-omnibus\/#primaryimage\"},\"thumbnailUrl\":\"https:\/\/reclaimfinance.org\/site\/wp-content\/uploads\/2025\/02\/Europe-against-sustainabiliy.jpg\",\"articleSection\":[\"Articles\"],\"inLanguage\":\"fr-FR\"},{\"@type\":\"WebPage\",\"@id\":\"https:\/\/reclaimfinance.org\/site\/en\/2025\/02\/14\/businesses-finance-ngos-and-academics-defend-eu-laws-against-omnibus\/\",\"url\":\"https:\/\/reclaimfinance.org\/site\/en\/2025\/02\/14\/businesses-finance-ngos-and-academics-defend-eu-laws-against-omnibus\/\",\"name\":\"Businesses, Finance, NGOs, and Academics Defend EU Laws against Omnibus - Reclaim Finance\",\"isPartOf\":{\"@id\":\"https:\/\/reclaimfinance.org\/site\/#website\"},\"primaryImageOfPage\":{\"@id\":\"https:\/\/reclaimfinance.org\/site\/en\/2025\/02\/14\/businesses-finance-ngos-and-academics-defend-eu-laws-against-omnibus\/#primaryimage\"},\"image\":{\"@id\":\"https:\/\/reclaimfinance.org\/site\/en\/2025\/02\/14\/businesses-finance-ngos-and-academics-defend-eu-laws-against-omnibus\/#primaryimage\"},\"thumbnailUrl\":\"https:\/\/reclaimfinance.org\/site\/wp-content\/uploads\/2025\/02\/Europe-against-sustainabiliy.jpg\",\"datePublished\":\"2025-02-14T14:10:05+00:00\",\"dateModified\":\"2025-02-25T16:26:18+00:00\",\"description\":\"For more than two months now, European politics has been all about \u201ccompetitiveness\u201d.\",\"breadcrumb\":{\"@id\":\"https:\/\/reclaimfinance.org\/site\/en\/2025\/02\/14\/businesses-finance-ngos-and-academics-defend-eu-laws-against-omnibus\/#breadcrumb\"},\"inLanguage\":\"fr-FR\",\"potentialAction\":[{\"@type\":\"ReadAction\",\"target\":[\"https:\/\/reclaimfinance.org\/site\/en\/2025\/02\/14\/businesses-finance-ngos-and-academics-defend-eu-laws-against-omnibus\/\"]}]},{\"@type\":\"ImageObject\",\"inLanguage\":\"fr-FR\",\"@id\":\"https:\/\/reclaimfinance.org\/site\/en\/2025\/02\/14\/businesses-finance-ngos-and-academics-defend-eu-laws-against-omnibus\/#primaryimage\",\"url\":\"https:\/\/reclaimfinance.org\/site\/wp-content\/uploads\/2025\/02\/Europe-against-sustainabiliy.jpg\",\"contentUrl\":\"https:\/\/reclaimfinance.org\/site\/wp-content\/uploads\/2025\/02\/Europe-against-sustainabiliy.jpg\",\"width\":1013,\"height\":450},{\"@type\":\"BreadcrumbList\",\"@id\":\"https:\/\/reclaimfinance.org\/site\/en\/2025\/02\/14\/businesses-finance-ngos-and-academics-defend-eu-laws-against-omnibus\/#breadcrumb\",\"itemListElement\":[{\"@type\":\"ListItem\",\"position\":1,\"name\":\"Accueil\",\"item\":\"https:\/\/reclaimfinance.org\/site\/\"},{\"@type\":\"ListItem\",\"position\":2,\"name\":\"Businesses, Finance, NGOs, and Academics Defend EU Laws against Omnibus\"}]},{\"@type\":\"WebSite\",\"@id\":\"https:\/\/reclaimfinance.org\/site\/#website\",\"url\":\"https:\/\/reclaimfinance.org\/site\/\",\"name\":\"Reclaim Finance\",\"description\":\"Reprendre le contr\u00f4le de la finance pour le climat et la biodiversit\u00e9\",\"publisher\":{\"@id\":\"https:\/\/reclaimfinance.org\/site\/#organization\"},\"potentialAction\":[{\"@type\":\"SearchAction\",\"target\":{\"@type\":\"EntryPoint\",\"urlTemplate\":\"https:\/\/reclaimfinance.org\/site\/?s={search_term_string}\"},\"query-input\":\"required name=search_term_string\"}],\"inLanguage\":\"fr-FR\"},{\"@type\":\"Organization\",\"@id\":\"https:\/\/reclaimfinance.org\/site\/#organization\",\"name\":\"Reclaim Finance\",\"url\":\"https:\/\/reclaimfinance.org\/site\/\",\"logo\":{\"@type\":\"ImageObject\",\"inLanguage\":\"fr-FR\",\"@id\":\"https:\/\/reclaimfinance.org\/site\/#\/schema\/logo\/image\/\",\"url\":\"https:\/\/reclaimfinance.org\/site\/wp-content\/uploads\/2020\/03\/logo_RC_space.png\",\"contentUrl\":\"https:\/\/reclaimfinance.org\/site\/wp-content\/uploads\/2020\/03\/logo_RC_space.png\",\"width\":800,\"height\":800,\"caption\":\"Reclaim Finance\"},\"image\":{\"@id\":\"https:\/\/reclaimfinance.org\/site\/#\/schema\/logo\/image\/\"},\"sameAs\":[\"https:\/\/www.facebook.com\/ReclaimFinanceONG\",\"https:\/\/x.com\/ReclaimFinance\",\"https:\/\/www.instagram.com\/reclaimfinance\/\",\"https:\/\/www.linkedin.com\/company\/reclaim-finance-ong-think-tank\"]},{\"@type\":\"Person\",\"@id\":\"https:\/\/reclaimfinance.org\/site\/#\/schema\/person\/92f0f8d102e5e411f092871d8eeb3db1\",\"name\":\"L\u00e9o Martin\",\"image\":{\"@type\":\"ImageObject\",\"inLanguage\":\"fr-FR\",\"@id\":\"https:\/\/reclaimfinance.org\/site\/#\/schema\/person\/image\/\",\"url\":\"https:\/\/secure.gravatar.com\/avatar\/cebd89becb7f7185483789d7f51a21cb?s=96&d=mm&r=g\",\"contentUrl\":\"https:\/\/secure.gravatar.com\/avatar\/cebd89becb7f7185483789d7f51a21cb?s=96&d=mm&r=g\",\"caption\":\"L\u00e9o Martin\"},\"url\":\"https:\/\/reclaimfinance.org\/site\/author\/lma\/\"}]}<\/script>\n<!-- \/ Yoast SEO plugin. -->","yoast_head_json":{"title":"Businesses, Finance, NGOs, and Academics Defend EU Laws against Omnibus - Reclaim Finance","description":"For more than two months now, European politics has been all about \u201ccompetitiveness\u201d.","robots":{"index":"index","follow":"follow","max-snippet":"max-snippet:-1","max-image-preview":"max-image-preview:large","max-video-preview":"max-video-preview:-1"},"canonical":"https:\/\/reclaimfinance.org\/site\/en\/2025\/02\/14\/businesses-finance-ngos-and-academics-defend-eu-laws-against-omnibus\/","og_locale":"fr_FR","og_type":"article","og_title":"Businesses, Finance, NGOs, and Academics Defend EU Laws against Omnibus - Reclaim Finance","og_description":"For more than two months now, European politics has been all about \u201ccompetitiveness\u201d.","og_url":"https:\/\/reclaimfinance.org\/site\/en\/2025\/02\/14\/businesses-finance-ngos-and-academics-defend-eu-laws-against-omnibus\/","og_site_name":"Reclaim Finance","article_publisher":"https:\/\/www.facebook.com\/ReclaimFinanceONG","article_published_time":"2025-02-14T14:10:05+00:00","article_modified_time":"2025-02-25T16:26:18+00:00","og_image":[{"width":1013,"height":450,"url":"https:\/\/reclaimfinance.org\/site\/wp-content\/uploads\/2025\/02\/Europe-against-sustainabiliy.jpg","type":"image\/jpeg"}],"author":"L\u00e9o Martin","twitter_card":"summary_large_image","twitter_creator":"@ReclaimFinance","twitter_site":"@ReclaimFinance","twitter_misc":{"\u00c9crit par":"L\u00e9o Martin","Dur\u00e9e de lecture estim\u00e9e":"6 minutes"},"schema":{"@context":"https:\/\/schema.org","@graph":[{"@type":"Article","@id":"https:\/\/reclaimfinance.org\/site\/en\/2025\/02\/14\/businesses-finance-ngos-and-academics-defend-eu-laws-against-omnibus\/#article","isPartOf":{"@id":"https:\/\/reclaimfinance.org\/site\/en\/2025\/02\/14\/businesses-finance-ngos-and-academics-defend-eu-laws-against-omnibus\/"},"author":{"name":"L\u00e9o Martin","@id":"https:\/\/reclaimfinance.org\/site\/#\/schema\/person\/92f0f8d102e5e411f092871d8eeb3db1"},"headline":"Businesses, Finance, NGOs, and Academics Defend EU Laws against Omnibus","datePublished":"2025-02-14T14:10:05+00:00","dateModified":"2025-02-25T16:26:18+00:00","mainEntityOfPage":{"@id":"https:\/\/reclaimfinance.org\/site\/en\/2025\/02\/14\/businesses-finance-ngos-and-academics-defend-eu-laws-against-omnibus\/"},"wordCount":3306,"publisher":{"@id":"https:\/\/reclaimfinance.org\/site\/#organization"},"image":{"@id":"https:\/\/reclaimfinance.org\/site\/en\/2025\/02\/14\/businesses-finance-ngos-and-academics-defend-eu-laws-against-omnibus\/#primaryimage"},"thumbnailUrl":"https:\/\/reclaimfinance.org\/site\/wp-content\/uploads\/2025\/02\/Europe-against-sustainabiliy.jpg","articleSection":["Articles"],"inLanguage":"fr-FR"},{"@type":"WebPage","@id":"https:\/\/reclaimfinance.org\/site\/en\/2025\/02\/14\/businesses-finance-ngos-and-academics-defend-eu-laws-against-omnibus\/","url":"https:\/\/reclaimfinance.org\/site\/en\/2025\/02\/14\/businesses-finance-ngos-and-academics-defend-eu-laws-against-omnibus\/","name":"Businesses, Finance, NGOs, and Academics Defend EU Laws against Omnibus - Reclaim Finance","isPartOf":{"@id":"https:\/\/reclaimfinance.org\/site\/#website"},"primaryImageOfPage":{"@id":"https:\/\/reclaimfinance.org\/site\/en\/2025\/02\/14\/businesses-finance-ngos-and-academics-defend-eu-laws-against-omnibus\/#primaryimage"},"image":{"@id":"https:\/\/reclaimfinance.org\/site\/en\/2025\/02\/14\/businesses-finance-ngos-and-academics-defend-eu-laws-against-omnibus\/#primaryimage"},"thumbnailUrl":"https:\/\/reclaimfinance.org\/site\/wp-content\/uploads\/2025\/02\/Europe-against-sustainabiliy.jpg","datePublished":"2025-02-14T14:10:05+00:00","dateModified":"2025-02-25T16:26:18+00:00","description":"For more than two months now, European politics has been all about \u201ccompetitiveness\u201d.","breadcrumb":{"@id":"https:\/\/reclaimfinance.org\/site\/en\/2025\/02\/14\/businesses-finance-ngos-and-academics-defend-eu-laws-against-omnibus\/#breadcrumb"},"inLanguage":"fr-FR","potentialAction":[{"@type":"ReadAction","target":["https:\/\/reclaimfinance.org\/site\/en\/2025\/02\/14\/businesses-finance-ngos-and-academics-defend-eu-laws-against-omnibus\/"]}]},{"@type":"ImageObject","inLanguage":"fr-FR","@id":"https:\/\/reclaimfinance.org\/site\/en\/2025\/02\/14\/businesses-finance-ngos-and-academics-defend-eu-laws-against-omnibus\/#primaryimage","url":"https:\/\/reclaimfinance.org\/site\/wp-content\/uploads\/2025\/02\/Europe-against-sustainabiliy.jpg","contentUrl":"https:\/\/reclaimfinance.org\/site\/wp-content\/uploads\/2025\/02\/Europe-against-sustainabiliy.jpg","width":1013,"height":450},{"@type":"BreadcrumbList","@id":"https:\/\/reclaimfinance.org\/site\/en\/2025\/02\/14\/businesses-finance-ngos-and-academics-defend-eu-laws-against-omnibus\/#breadcrumb","itemListElement":[{"@type":"ListItem","position":1,"name":"Accueil","item":"https:\/\/reclaimfinance.org\/site\/"},{"@type":"ListItem","position":2,"name":"Businesses, Finance, NGOs, and Academics Defend EU Laws against Omnibus"}]},{"@type":"WebSite","@id":"https:\/\/reclaimfinance.org\/site\/#website","url":"https:\/\/reclaimfinance.org\/site\/","name":"Reclaim Finance","description":"Reprendre le contr\u00f4le de la finance pour le climat et la biodiversit\u00e9","publisher":{"@id":"https:\/\/reclaimfinance.org\/site\/#organization"},"potentialAction":[{"@type":"SearchAction","target":{"@type":"EntryPoint","urlTemplate":"https:\/\/reclaimfinance.org\/site\/?s={search_term_string}"},"query-input":"required name=search_term_string"}],"inLanguage":"fr-FR"},{"@type":"Organization","@id":"https:\/\/reclaimfinance.org\/site\/#organization","name":"Reclaim Finance","url":"https:\/\/reclaimfinance.org\/site\/","logo":{"@type":"ImageObject","inLanguage":"fr-FR","@id":"https:\/\/reclaimfinance.org\/site\/#\/schema\/logo\/image\/","url":"https:\/\/reclaimfinance.org\/site\/wp-content\/uploads\/2020\/03\/logo_RC_space.png","contentUrl":"https:\/\/reclaimfinance.org\/site\/wp-content\/uploads\/2020\/03\/logo_RC_space.png","width":800,"height":800,"caption":"Reclaim Finance"},"image":{"@id":"https:\/\/reclaimfinance.org\/site\/#\/schema\/logo\/image\/"},"sameAs":["https:\/\/www.facebook.com\/ReclaimFinanceONG","https:\/\/x.com\/ReclaimFinance","https:\/\/www.instagram.com\/reclaimfinance\/","https:\/\/www.linkedin.com\/company\/reclaim-finance-ong-think-tank"]},{"@type":"Person","@id":"https:\/\/reclaimfinance.org\/site\/#\/schema\/person\/92f0f8d102e5e411f092871d8eeb3db1","name":"L\u00e9o Martin","image":{"@type":"ImageObject","inLanguage":"fr-FR","@id":"https:\/\/reclaimfinance.org\/site\/#\/schema\/person\/image\/","url":"https:\/\/secure.gravatar.com\/avatar\/cebd89becb7f7185483789d7f51a21cb?s=96&d=mm&r=g","contentUrl":"https:\/\/secure.gravatar.com\/avatar\/cebd89becb7f7185483789d7f51a21cb?s=96&d=mm&r=g","caption":"L\u00e9o Martin"},"url":"https:\/\/reclaimfinance.org\/site\/author\/lma\/"}]}},"_links":{"self":[{"href":"https:\/\/reclaimfinance.org\/site\/wp-json\/wp\/v2\/posts\/35750"}],"collection":[{"href":"https:\/\/reclaimfinance.org\/site\/wp-json\/wp\/v2\/posts"}],"about":[{"href":"https:\/\/reclaimfinance.org\/site\/wp-json\/wp\/v2\/types\/post"}],"author":[{"embeddable":true,"href":"https:\/\/reclaimfinance.org\/site\/wp-json\/wp\/v2\/users\/26"}],"replies":[{"embeddable":true,"href":"https:\/\/reclaimfinance.org\/site\/wp-json\/wp\/v2\/comments?post=35750"}],"version-history":[{"count":3,"href":"https:\/\/reclaimfinance.org\/site\/wp-json\/wp\/v2\/posts\/35750\/revisions"}],"predecessor-version":[{"id":35754,"href":"https:\/\/reclaimfinance.org\/site\/wp-json\/wp\/v2\/posts\/35750\/revisions\/35754"}],"wp:featuredmedia":[{"embeddable":true,"href":"https:\/\/reclaimfinance.org\/site\/wp-json\/wp\/v2\/media\/35748"}],"wp:attachment":[{"href":"https:\/\/reclaimfinance.org\/site\/wp-json\/wp\/v2\/media?parent=35750"}],"wp:term":[{"taxonomy":"category","embeddable":true,"href":"https:\/\/reclaimfinance.org\/site\/wp-json\/wp\/v2\/categories?post=35750"},{"taxonomy":"post_tag","embeddable":true,"href":"https:\/\/reclaimfinance.org\/site\/wp-json\/wp\/v2\/tags?post=35750"},{"taxonomy":"acteurs_financiers","embeddable":true,"href":"https:\/\/reclaimfinance.org\/site\/wp-json\/wp\/v2\/acteurs_financiers?post=35750"},{"taxonomy":"thematique","embeddable":true,"href":"https:\/\/reclaimfinance.org\/site\/wp-json\/wp\/v2\/thematique?post=35750"},{"taxonomy":"webinar_type","embeddable":true,"href":"https:\/\/reclaimfinance.org\/site\/wp-json\/wp\/v2\/webinar_type?post=35750"},{"taxonomy":"programme","embeddable":true,"href":"https:\/\/reclaimfinance.org\/site\/wp-json\/wp\/v2\/programme?post=35750"}],"curies":[{"name":"wp","href":"https:\/\/api.w.org\/{rel}","templated":true}]}}