{"id":38252,"date":"2025-10-23T15:55:20","date_gmt":"2025-10-23T13:55:20","guid":{"rendered":"https:\/\/reclaimfinance.org\/site\/?p=38252"},"modified":"2026-01-19T14:57:47","modified_gmt":"2026-01-19T13:57:47","slug":"dix-ans-de-laccord-de-paris-un-leadership-francais-a-la-peine-sur-le-charbon","status":"publish","type":"post","link":"https:\/\/reclaimfinance.org\/site\/2025\/10\/23\/dix-ans-de-laccord-de-paris-un-leadership-francais-a-la-peine-sur-le-charbon\/","title":{"rendered":"Dix ans de l\u2019Accord de Paris : un leadership fran\u00e7ais \u00e0 la peine sur le charbon"},"content":{"rendered":"<p><div class=\"fusion-fullwidth fullwidth-box fusion-builder-row-1 fusion-flex-container has-pattern-background has-mask-background nonhundred-percent-fullwidth non-hundred-percent-height-scrolling\" style=\"--awb-border-radius-top-left:0px;--awb-border-radius-top-right:0px;--awb-border-radius-bottom-right:0px;--awb-border-radius-bottom-left:0px;--awb-margin-bottom:20px;--awb-flex-wrap:wrap;\" ><div class=\"fusion-builder-row fusion-row fusion-flex-align-items-flex-start fusion-flex-content-wrap\" style=\"max-width:1216.8px;margin-left: calc(-4% \/ 2 );margin-right: calc(-4% \/ 2 );\"><div class=\"fusion-layout-column fusion_builder_column fusion-builder-column-0 fusion_builder_column_1_1 1_1 fusion-flex-column\" style=\"--awb-bg-size:cover;--awb-width-large:100%;--awb-margin-top-large:0px;--awb-spacing-right-large:1.92%;--awb-margin-bottom-large:20px;--awb-spacing-left-large:1.92%;--awb-width-medium:100%;--awb-order-medium:0;--awb-spacing-right-medium:1.92%;--awb-spacing-left-medium:1.92%;--awb-width-small:100%;--awb-order-small:0;--awb-spacing-right-small:1.92%;--awb-spacing-left-small:1.92%;\"><div class=\"fusion-column-wrapper fusion-column-has-shadow fusion-flex-justify-content-flex-start fusion-content-layout-column\"><div class=\"fusion-text fusion-text-1\" style=\"--awb-content-alignment:justify;--awb-text-color:var(--awb-color4);--awb-text-font-family:&quot;Montserrat&quot;;--awb-text-font-style:normal;--awb-text-font-weight:700;\"><p>Alors que la France s\u2019appr\u00eate \u00e0 c\u00e9l\u00e9brer les dix ans de l\u2019Accord de Paris, ses engagements en mati\u00e8re de politiques de transition du charbon restent en de\u00e7\u00e0 des efforts n\u00e9cessaires pour limiter l\u2019augmentation de la temp\u00e9rature mondiale \u00e0 1,5\u00b0C [1]. L\u2019absence de r\u00e9gulation contraignante pour les acteurs financiers fran\u00e7ais et une diplomatie fran\u00e7aise au ralenti permettent encore de soutenir les entreprises du secteur et de nouveaux projets de mines et centrales \u00e0 l\u2019international. La France doit reprendre son r\u00f4le de pionni\u00e8re pour une sortie juste et effective du charbon.<\/p>\n<\/div><div class=\"fusion-title title fusion-title-1 fusion-title-text fusion-title-size-two\" style=\"--awb-text-color:var(--awb-color4);--awb-margin-top:15px;--awb-margin-bottom:15px;--awb-font-size:16px;\"><div class=\"title-sep-container title-sep-container-left fusion-no-large-visibility fusion-no-medium-visibility fusion-no-small-visibility\"><div class=\"title-sep sep- sep-solid\" style=\"border-color:#3e3e3e;\"><\/div><\/div><span class=\"awb-title-spacer fusion-no-large-visibility fusion-no-medium-visibility fusion-no-small-visibility\"><\/span><h2 class=\"fusion-title-heading title-heading-left fusion-responsive-typography-calculated\" style=\"font-family:&quot;Montserrat&quot;;font-style:normal;font-weight:700;margin:0;font-size:1em;--fontSize:16;--minFontSize:16;line-height:1.5;\">La France n\u2019en a pas fini avec le charbon<\/h2><span class=\"awb-title-spacer\"><\/span><div class=\"title-sep-container title-sep-container-right\"><div class=\"title-sep sep- sep-solid\" style=\"border-color:#3e3e3e;\"><\/div><\/div><\/div><div class=\"fusion-text fusion-text-2 textwht\" style=\"--awb-content-alignment:justify;\"><p>Le recours au charbon thermique et m\u00e9tallurgique reste la principale source d\u2019\u00e9missions de CO2 dans le monde [2]. Bien que la France soit en passe de tourner la page du charbon sur son territoire, les acteurs financiers publics et priv\u00e9s ont une responsabilit\u00e9 historique et globale \u00e0 adopter et mettre en \u0153uvre des politiques de sortie effectives du charbon. Des politiques publiques ont notamment pr\u00e9vu l\u2019arr\u00eat des deux centrales \u00e0 charbon encore en activit\u00e9 en France m\u00e9tropolitaine \u00e0 l\u2019horizon 2027 [3] en accord avec le sc\u00e9nario \u201cNet Zero Emissions\u201d (NZE) de l\u2019Agence internationale de l\u2019\u00e9nergie (AIE) de fermeture de toutes les centrales \u00e0 charbon dans les pays de l\u2019OCDE d\u2019ici \u00e0 2030 [4].<\/p>\n<p>Cependant, le manque de r\u00e9gulation contraignante laisse encore une large marge de man\u0153uvre aux acteurs financiers priv\u00e9s pour soutenir directement ou indirectement des entreprises et activit\u00e9s li\u00e9es au charbon malgr\u00e9 leurs engagements affich\u00e9s. \u00c0 l\u2019occasion du Climate Day en 2018, Bruno Le Maire, alors ministre de l\u2019\u00c9conomie et des Finances, d\u00e9clarait que les acteurs financiers fran\u00e7ais n\u2019avaient d\u2019autre choix que de sortir du charbon ou d\u2019y \u00eatre contraints, leur demandant \u00ab qu&rsquo;ils arr\u00eatent d\u00e9finitivement de financer les activit\u00e9s les plus nocives pour le d\u00e9r\u00e8glement climatique, en particulier le charbon, que ce soit les centrales ou les mines \u00bb [5]. Un an plus tard, le gouvernement revient sur cette d\u00e9claration et s\u2019associe \u00e0 une annonce des f\u00e9d\u00e9rations professionnelles qui pr\u00e9conise des engagements volontaires [6], laissant les acteurs financiers adopter des politiques de sortie du charbon h\u00e9t\u00e9rog\u00e8nes comportant de nombreuses failles.<\/p>\n<p>Malgr\u00e9 une diminution de leurs financements aux entreprises du secteur, les banques fran\u00e7aises continuent \u00e0 soutenir l\u2019industrie du charbon et son expansion. BNP Paribas occupait en 2025 la troisi\u00e8me place du podium des banques europ\u00e9ennes qui ont le plus soutenu l\u2019industrie du charbon thermique entre 2022 et 2024 \u00e0 hauteur de pr\u00e8s d\u20191,5 milliard de dollars, suivie au niveau fran\u00e7ais par la Soci\u00e9t\u00e9 G\u00e9n\u00e9rale (511 millions US$), de Cr\u00e9dit Agricole (453M$) et du groupe Banque Populaire Caisse d\u2019Epargne &#8211; BPCE (245M$) [7]. <a href=\"https:\/\/reclaimfinance.org\/site\/wp-content\/uploads\/2024\/10\/Banques-francaises-et-charbon-lart-de-noyer-le-poisson-1.pdf\" target=\"_blank\" rel=\"noopener\">Notre analyse<\/a> a \u00e9galement montr\u00e9 que des failles dans leurs politiques ont permis aux quatre banques fran\u00e7aises de continuer \u00e0 soutenir des entreprises d\u00e9veloppant de nouvelles mines ou centrales \u00e0 charbon entre 2021 et 2023 malgr\u00e9 leurs engagements \u00e0 ne plus soutenir ce type d\u2019entreprises pris en 2020.\u00a0 De telles transactions continuent depuis, comme le financement par le Cr\u00e9dit Agricole en septembre 2024 de Taishan Aluminum qui pr\u00e9voit une nouvelle centrale captive au charbon de 160 MW en Indon\u00e9sie, ou celui de BNP Paribas en ao\u00fbt 2025 \u00e0 China Cinda Asset Management qui pr\u00e9voit une expansion mini\u00e8re de charbon thermique en Chine.<\/p>\n<\/div><\/div><\/div><div class=\"fusion-layout-column fusion_builder_column fusion-builder-column-1 fusion_builder_column_1_1 1_1 fusion-flex-column\" style=\"--awb-bg-size:cover;--awb-width-large:100%;--awb-margin-top-large:0px;--awb-spacing-right-large:1.92%;--awb-margin-bottom-large:20px;--awb-spacing-left-large:1.92%;--awb-width-medium:100%;--awb-order-medium:0;--awb-spacing-right-medium:1.92%;--awb-spacing-left-medium:1.92%;--awb-width-small:100%;--awb-order-small:0;--awb-spacing-right-small:1.92%;--awb-spacing-left-small:1.92%;\"><div class=\"fusion-column-wrapper fusion-column-has-shadow fusion-flex-justify-content-flex-start fusion-content-layout-column\"><div class=\"fusion-title title fusion-title-2 fusion-title-text fusion-title-size-two\" style=\"--awb-text-color:var(--awb-color4);--awb-margin-top:15px;--awb-margin-bottom:15px;--awb-font-size:16px;\"><div class=\"title-sep-container title-sep-container-left fusion-no-large-visibility fusion-no-medium-visibility fusion-no-small-visibility\"><div class=\"title-sep sep- sep-solid\" style=\"border-color:#3e3e3e;\"><\/div><\/div><span class=\"awb-title-spacer fusion-no-large-visibility fusion-no-medium-visibility fusion-no-small-visibility\"><\/span><h2 class=\"fusion-title-heading title-heading-left fusion-responsive-typography-calculated\" style=\"font-family:&quot;Montserrat&quot;;font-style:normal;font-weight:700;margin:0;font-size:1em;--fontSize:16;--minFontSize:16;line-height:1.5;\">Le charbon m\u00e9tallurgique, toujours dans l\u2019angle mort des banques fran\u00e7aises<\/h2><span class=\"awb-title-spacer\"><\/span><div class=\"title-sep-container title-sep-container-right\"><div class=\"title-sep sep- sep-solid\" style=\"border-color:#3e3e3e;\"><\/div><\/div><\/div><div class=\"fusion-text fusion-text-3 textwht\" style=\"--awb-content-alignment:justify;\"><p>Utilis\u00e9 pour la production d\u2019acier, le charbon m\u00e9tallurgique est le principal responsable de l\u2019impact global de l\u2019industrie de l\u2019acier, qui repr\u00e9sente 11\u00a0% des \u00e9missions de CO2 mondiales [8]. Cet impact est d\u2019autant plus grand si les fuites de m\u00e9thane provenant de l\u2019extraction charbon m\u00e9tallurgique &#8211; dont une majeure partie est du charbon \u00e0 coke [9] &#8211; sont prises en compte : elles ajoutent \u00e0 l\u2019impact climatique du secteur de l\u2019acier l\u2019\u00e9quivalent des \u00e9missions annuelles de CO2 de l\u2019Allemagne et plus que l&rsquo;ensemble des gazoducs et des installations de GNL dans le monde [10].<\/p>\n<p>D\u00e9carboner le secteur de l\u2019acier &#8211; techniquement possible d\u00e8s les ann\u00e9es 2040 [11] &#8211; requiert la fin de l\u2019utilisation du charbon. La premi\u00e8re \u00e9tape pour y parvenir est de mettre fin \u00e0 l\u2019expansion du charbon m\u00e9tallurgique [12]. Bien que les grandes banques fran\u00e7aises \u2013 BNP, Cr\u00e9dit Agricole, et Soci\u00e9t\u00e9 G\u00e9n\u00e9rale \u2013 fassent partie du peu d\u2019acteurs financiers ayant inclus le charbon m\u00e9tallurgique dans leurs politiques, celles-ci sont largement insuffisantes, puisqu\u2019elles concernent seulement les nouveaux projets de charbon m\u00e9tallurgique, et non pas les entreprises qui les d\u00e9veloppent. BNP et Cr\u00e9dit Agricole ont ainsi par exemple particip\u00e9 le mois dernier \u00e0 des \u00e9missions obligataires de BHP [13], qui d\u00e9veloppe des mines de charbon m\u00e9tallurgique en Australie. Ces m\u00eames banques continuent \u00e9galement de soutenir de mani\u00e8re inconditionn\u00e9e des aci\u00e9ristes comme ArcelorMittal, qui ne cesse de <a href=\"https:\/\/reclaimfinance.org\/site\/en\/2025\/03\/05\/arcelormittals-investors-can-no-longer-afford-to-wait-time-for-climate-leadership\/\" target=\"_blank\" rel=\"noopener\">repousser ses projets de d\u00e9carbonation en Europe, et construit de nouveaux hauts fourneaux en Inde<\/a>.<\/p>\n<p><a href=\"https:\/\/reclaimfinance.org\/site\/en\/2025\/03\/05\/arcelormittals-investors-can-no-longer-afford-to-wait-time-for-climate-leadership\/\" target=\"_blank\" rel=\"noopener\">La distinction que font les banques entre charbon thermique et charbon m\u00e9tallurgique est obsol\u00e8te et ne refl\u00e8te pas la r\u00e9alit\u00e9<\/a> : le charbon m\u00e9tallurgique d\u00e9signe tout charbon utilis\u00e9 pour la production d\u2019acier, y compris du charbon thermique, et de nombreuses entreprises produisent les deux, allant parfois jusqu\u2019\u00e0 commercialiser comme \u201cm\u00e9tallurgique\u201d du charbon qui sera finalement br\u00fbl\u00e9 dans des centrales thermiques [14]. Qu\u2019il soit extrait pour produire de l\u2019\u00e9lectricit\u00e9 ou de l\u2019acier, le charbon reste extr\u00eamement polluant, et il est urgent de mettre fin \u00e0 son extraction et son utilisation.<\/p>\n<p>L\u2019action des banques fran\u00e7aises est \u00e9galement insuffisante concernant le financement des secteurs cl\u00e9s permettant de mettre fin au charbon pour la production d\u2019acier, en premier lieu <a href=\"https:\/\/reclaimfinance.org\/site\/2025\/10\/20\/pas-dacier-decarbone-sans-energies-soutenables-les-banques-doivent-accelerer\/\" target=\"_blank\" rel=\"noopener\">la production d\u2019\u00e9lectricit\u00e9 soutenable<\/a>.<\/p>\n<\/div><\/div><\/div><div class=\"fusion-layout-column fusion_builder_column fusion-builder-column-2 fusion_builder_column_1_1 1_1 fusion-flex-column\" style=\"--awb-bg-size:cover;--awb-width-large:100%;--awb-margin-top-large:0px;--awb-spacing-right-large:1.92%;--awb-margin-bottom-large:20px;--awb-spacing-left-large:1.92%;--awb-width-medium:100%;--awb-order-medium:0;--awb-spacing-right-medium:1.92%;--awb-spacing-left-medium:1.92%;--awb-width-small:100%;--awb-order-small:0;--awb-spacing-right-small:1.92%;--awb-spacing-left-small:1.92%;\"><div class=\"fusion-column-wrapper fusion-column-has-shadow fusion-flex-justify-content-flex-start fusion-content-layout-column\"><div class=\"fusion-title title fusion-title-3 fusion-title-text fusion-title-size-two\" style=\"--awb-text-color:var(--awb-color4);--awb-margin-top:15px;--awb-margin-bottom:15px;--awb-font-size:16px;\"><div class=\"title-sep-container title-sep-container-left fusion-no-large-visibility fusion-no-medium-visibility fusion-no-small-visibility\"><div class=\"title-sep sep- sep-solid\" style=\"border-color:#3e3e3e;\"><\/div><\/div><span class=\"awb-title-spacer fusion-no-large-visibility fusion-no-medium-visibility fusion-no-small-visibility\"><\/span><h2 class=\"fusion-title-heading title-heading-left fusion-responsive-typography-calculated\" style=\"font-family:&quot;Montserrat&quot;;font-style:normal;font-weight:700;margin:0;font-size:1em;--fontSize:16;--minFontSize:16;line-height:1.5;\">Une diplomatie fran\u00e7aise de sortie du charbon au ralenti<\/h2><span class=\"awb-title-spacer\"><\/span><div class=\"title-sep-container title-sep-container-right\"><div class=\"title-sep sep- sep-solid\" style=\"border-color:#3e3e3e;\"><\/div><\/div><\/div><div class=\"fusion-text fusion-text-4 textwht\" style=\"--awb-content-alignment:justify;\"><p>Depuis la COP21 en 2015, la France a \u00e9t\u00e9 motrice dans plusieurs m\u00e9canismes pour une juste transition du charbon. Le Coal Transition Accelerator (CTA) lanc\u00e9 en 2023 \u00e0 la COP28 de Duba\u00ef par Emmanuel Macron visait notamment \u00e0 \u00ab d\u00e9bloquer de nouvelles sources de financement public et priv\u00e9 pour faciliter la transition juste du charbon vers l&rsquo;\u00e9nergie propre \u00bb [15].<\/p>\n<p>Un des piliers du CTA est l&rsquo;\u00e9tablissement d\u2019un standard de r\u00e9f\u00e9rence (\u201cGold standard\u201d) par l\u2019OCDE pour les investissements du secteur priv\u00e9 dans le secteur du charbon. Malheureusement cette initiative semble aujourd\u2019hui au point mort. Les travaux de consultation de la soci\u00e9t\u00e9 civile et des pays membres de l\u2019OCDE ont \u00e9t\u00e9 frein\u00e9s par le blocage de plusieurs pays dont le Japon et la Pologne, puis mis d\u00e9finitivement \u00e0 l\u2019arr\u00eat suite \u00e0 l\u2019\u00e9lection de Donald Trump. Ce standard aurait pourtant \u00e9t\u00e9 une premi\u00e8re tentative louable d\u2019uniformisation au niveau international des politiques de sortie du charbon.<\/p>\n<p>Le bilan des deux autres piliers n\u2019est pas plus encourageant. Une initiative de la Banque mondiale visant \u00e0 promouvoir une strat\u00e9gie pour r\u00e9duire le co\u00fbt du capital pour les investissements dans les \u00e9nergies propres dans les pays du Sud [16] semble avoir disparu sans laisser de traces. De m\u00eame, une Commission sur la transition du charbon (CTC) co-pr\u00e9sid\u00e9e par la France et l&rsquo;Indon\u00e9sie a publi\u00e9 son premier rapport [17] mais <a href=\"https:\/\/reclaimfinance.org\/site\/2024\/11\/12\/la-commission-pour-la-transition-du-charbon-decoit-sur-les-credits-carbones\/\" target=\"_blank\" rel=\"noopener\">sans aucun impact perceptible<\/a> sur les politiques des gouvernements ou des institutions financi\u00e8res publiques ou priv\u00e9es.<\/p>\n<\/div><div class=\"fusion-title title fusion-title-4 fusion-title-text fusion-title-size-two\" style=\"--awb-text-color:var(--awb-color4);--awb-margin-top:15px;--awb-margin-bottom:15px;--awb-font-size:16px;\"><div class=\"title-sep-container title-sep-container-left fusion-no-large-visibility fusion-no-medium-visibility fusion-no-small-visibility\"><div class=\"title-sep sep- sep-solid\" style=\"border-color:#3e3e3e;\"><\/div><\/div><span class=\"awb-title-spacer fusion-no-large-visibility fusion-no-medium-visibility fusion-no-small-visibility\"><\/span><h2 class=\"fusion-title-heading title-heading-left fusion-responsive-typography-calculated\" style=\"font-family:&quot;Montserrat&quot;;font-style:normal;font-weight:700;margin:0;font-size:1em;--fontSize:16;--minFontSize:16;line-height:1.5;\">Des paroles aux actes : quels engagements n\u00e9cessaires pour les acteurs fran\u00e7ais<\/h2><span class=\"awb-title-spacer\"><\/span><div class=\"title-sep-container title-sep-container-right\"><div class=\"title-sep sep- sep-solid\" style=\"border-color:#3e3e3e;\"><\/div><\/div><\/div><div class=\"fusion-text fusion-text-5\" style=\"--awb-content-alignment:justify;\"><p><b>Nos recommandations<\/b> <b>[18]<\/b><b> :\u00a0<\/b><\/p>\n<\/div><div class=\"accordian fusion-accordian\" style=\"--awb-border-size:1px;--awb-icon-size:13px;--awb-content-font-size:16px;--awb-icon-alignment:left;--awb-hover-color:#f9f9f9;--awb-border-color:#cccccc;--awb-background-color:#ffffff;--awb-divider-color:#c1c1c1;--awb-divider-hover-color:#c1c1c1;--awb-icon-color:#ffffff;--awb-title-color:#ffffff;--awb-content-color:#e5e3e3;--awb-icon-box-color:#3e3e3e;--awb-toggle-hover-accent-color:#8ac56b;--awb-title-font-family:&quot;Montserrat&quot;;--awb-title-font-weight:500;--awb-title-font-style:normal;--awb-title-font-size:16px;--awb-content-font-family:&quot;Montserrat&quot;;--awb-content-font-style:normal;--awb-content-font-weight:400;\"><div class=\"panel-group fusion-toggle-icon-boxed\" id=\"accordion-38252-1\"><div class=\"fusion-panel panel-default panel-b33ee05c573c245b5 fusion-toggle-has-divider\" style=\"--awb-title-color:#ffffff;\"><div class=\"panel-heading\"><h4 class=\"panel-title toggle\" id=\"toggle_b33ee05c573c245b5\"><a aria-expanded=\"false\" aria-controls=\"b33ee05c573c245b5\" role=\"button\" data-toggle=\"collapse\" data-parent=\"#accordion-38252-1\" data-target=\"#b33ee05c573c245b5\" href=\"#b33ee05c573c245b5\"><span class=\"fusion-toggle-icon-wrapper\" aria-hidden=\"true\"><i class=\"fa-fusion-box active-icon awb-icon-minus\" aria-hidden=\"true\"><\/i><i class=\"fa-fusion-box inactive-icon awb-icon-plus\" aria-hidden=\"true\"><\/i><\/span><span class=\"fusion-toggle-heading\">Aux acteurs publics<\/span><\/a><\/h4><\/div><div id=\"b33ee05c573c245b5\" class=\"panel-collapse collapse \" aria-labelledby=\"toggle_b33ee05c573c245b5\"><div class=\"panel-body toggle-content fusion-clearfix\">\n<ul>\n<li aria-level=\"1\">L\u00e9gif\u00e9rer au niveau fran\u00e7ais afin d&rsquo;harmoniser les politiques de sortie du charbon des acteurs financiers et interdire les financements li\u00e9s au secteur du charbon thermique et au d\u00e9veloppement du charbon m\u00e9tallurgique\u00a0 par les acteurs financiers pr\u00e9sents sur le territoire national\u00a0 ;<\/li>\n<li aria-level=\"1\">Reprendre les travaux de d\u00e9finition d\u2019un Gold Standard au niveau de l\u2019OCDE dans le cadre du CTA. Cela peut se faire \u00e0 deux vitesses, d&rsquo;un c\u00f4t\u00e9 avec l&rsquo;ensemble des partenaires de l&rsquo;OCDE, de l&rsquo;autre avec les partenaires les plus volontaires et les plus actifs sur la sortie du charbon ;<\/li>\n<li aria-level=\"1\">Mener une pr\u00e9sidence du G7 qui fasse suite \u00e0 la d\u00e9claration du G7 de Turin de 2024 [19] pour un engagement des pays du G7 de fermer toutes les centrales \u00e0 charbon d\u2019ici 2030, y compris celles dot\u00e9es de CCUS et \u00e0 co-combustion. Au regard des positions adopt\u00e9es par l&rsquo;Administration Trump, la France devra <i>a minima<\/i> pousser pour avoir une d\u00e9claration sign\u00e9e par les six membres du G7 restants ;<\/li>\n<\/ul>\n<\/div><\/div><\/div><div class=\"fusion-panel panel-default textwht panel-33ed33a8a1e4ceee6 fusion-toggle-has-divider\" style=\"--awb-title-color:#ffffff;\"><div class=\"panel-heading\"><h4 class=\"panel-title toggle\" id=\"toggle_33ed33a8a1e4ceee6\"><a aria-expanded=\"false\" aria-controls=\"33ed33a8a1e4ceee6\" role=\"button\" data-toggle=\"collapse\" data-parent=\"#accordion-38252-1\" data-target=\"#33ed33a8a1e4ceee6\" href=\"#33ed33a8a1e4ceee6\"><span class=\"fusion-toggle-icon-wrapper\" aria-hidden=\"true\"><i class=\"fa-fusion-box active-icon awb-icon-minus\" aria-hidden=\"true\"><\/i><i class=\"fa-fusion-box inactive-icon awb-icon-plus\" aria-hidden=\"true\"><\/i><\/span><span class=\"fusion-toggle-heading\">Aux institutions financi\u00e8res fran\u00e7aises<\/span><\/a><\/h4><\/div><div id=\"33ed33a8a1e4ceee6\" class=\"panel-collapse collapse \" aria-labelledby=\"toggle_33ed33a8a1e4ceee6\"><div class=\"panel-body toggle-content fusion-clearfix\">\n<ul>\n<li aria-level=\"1\">Renforcer leurs politiques charbon sur le charbon thermique pour respecter pleinement leurs engagements visant \u00e0 stopper l\u2019expansion en excluant tout service financier aux projets de mines, centrales et infrastructures de charbon thermique et aux entreprises qui les d\u00e9veloppent, et \u00e0 sortir du charbon thermique\u00a0 pour une fermeture de toutes les centrales \u00e0 charbon d\u2019ici 2030 pour les pays de l\u2019Europe\/OCDE et 2040 pour le reste du monde ;<\/li>\n<li aria-level=\"1\">Couvrir l\u2019int\u00e9gralit\u00e9 des usages du charbon dans leurs politiques, en excluant tout service financier aux nouveaux projets de mines de charbon m\u00e9tallurgique, l&rsquo;extension de mines existantes, et les infrastructures li\u00e9es, et aux entreprises qui les d\u00e9veloppent [20]. Couvrir toute la cha\u00eene de valeur du charbon m\u00e9tallurgique en excluant les services financiers aux nouveaux projets d\u2019acier \u00e0 base de charbon m\u00e9tallurgique ou \u00e0 la prolongation de la dur\u00e9e de vie des projets existants, et aux aci\u00e9ristes qui comptent continuer d\u2019utiliser du charbon apr\u00e8s 2025 dans l\u2019OCDE, et 2030 dans le reste du monde [21]\u00a0 ;<\/li>\n<li aria-level=\"1\">R\u00e9server tout financement encore dirig\u00e9 vers le secteur \u00e0 la sortie du charbon, en appliquant des crit\u00e8res stricts, en d\u00e9veloppant des financements d\u00e9di\u00e9s \u00e0 la fermeture des infrastructures et \u00e0 leur remplacement par des \u00e9nergies soutenables et en adoptant le ratio de 6:1 d\u2019ici 2030, soit <a href=\"https:\/\/reclaimfinance.org\/site\/2024\/02\/06\/61-un-ratio-pour-transformer-notre-systeme-energetique\/\" target=\"_blank\" rel=\"noopener\">six dollars allou\u00e9s aux\u00a0 \u00e9nergies soutenables pour chaque dollar allou\u00e9 aux \u00e9nergies fossiles<\/a>, en accord avec le NZE de l\u2019AIE.<\/li>\n<\/ul>\n<\/div><\/div><\/div><\/div><\/div><div class=\"fusion-text fusion-text-6\" style=\"--awb-content-alignment:justify;--awb-margin-top:15px;\"><p><b>La c\u00e9l\u00e9bration des dix ans de l\u2019Accord de Paris en d\u00e9cembre 2025 et la pr\u00e9sidence fran\u00e7aise du prochain sommet du G7 en 2026 sont deux opportunit\u00e9s majeures pour que la France acte la fin de l\u2019\u00e8re charbon. L\u2019encadrement des politiques de ses acteurs financiers et la d\u00e9monstration d\u2019un courage politique \u00e0 l\u2019international doivent \u00eatre les fers de lance de la fin du soutien \u00e0 un secteur d\u2019arri\u00e8re-garde.<\/b><\/p>\n<\/div><\/div><\/div><div class=\"fusion-layout-column fusion_builder_column fusion-builder-column-3 fusion_builder_column_1_1 1_1 fusion-flex-column fusion-column-no-min-height\" style=\"--awb-padding-top:20px;--awb-padding-right:10px;--awb-padding-bottom:20px;--awb-padding-left:10px;--awb-overflow:hidden;--awb-bg-size:cover;--awb-border-color:var(--awb-color1);--awb-border-top:1px;--awb-border-right:1px;--awb-border-bottom:1px;--awb-border-left:1px;--awb-border-style:solid;--awb-border-radius:10px 10px 10px 10px;--awb-width-large:100%;--awb-margin-top-large:0px;--awb-spacing-right-large:1.92%;--awb-margin-bottom-large:20px;--awb-spacing-left-large:1.92%;--awb-width-medium:100%;--awb-order-medium:0;--awb-spacing-right-medium:1.92%;--awb-spacing-left-medium:1.92%;--awb-width-small:100%;--awb-order-small:0;--awb-spacing-right-small:1.92%;--awb-spacing-left-small:1.92%;\"><div class=\"fusion-column-wrapper fusion-column-has-shadow fusion-flex-justify-content-flex-start fusion-content-layout-column\"><div class=\"fusion-title title fusion-title-5 fusion-title-text fusion-title-size-three\" style=\"--awb-text-color:var(--awb-color1);--awb-margin-bottom:0px;--awb-font-size:16px;\"><div class=\"title-sep-container title-sep-container-left fusion-no-large-visibility fusion-no-medium-visibility fusion-no-small-visibility\"><div class=\"title-sep sep- sep-solid\" style=\"border-color:#3e3e3e;\"><\/div><\/div><span class=\"awb-title-spacer fusion-no-large-visibility fusion-no-medium-visibility fusion-no-small-visibility\"><\/span><h3 class=\"fusion-title-heading title-heading-left fusion-responsive-typography-calculated\" style=\"font-family:&quot;Montserrat&quot;;font-style:normal;font-weight:700;margin:0;font-size:1em;--fontSize:16;--minFontSize:16;line-height:1.5;\">Notes :<\/h3><span class=\"awb-title-spacer\"><\/span><div class=\"title-sep-container title-sep-container-right\"><div class=\"title-sep sep- sep-solid\" style=\"border-color:#3e3e3e;\"><\/div><\/div><\/div><div class=\"fusion-text fusion-text-7 textwht\" style=\"--awb-content-alignment:justify;\"><ol>\n<li>Trait\u00e9 contraignant adopt\u00e9 \u00e0 l\u2019occasion de la COP21 en 2015 engageant les 196 pays signataires \u00e0 maintenir \u00ab l&rsquo;augmentation de la temp\u00e9rature moyenne mondiale bien en dessous de 2\u00b0C au-dessus des niveaux pr\u00e9industriels \u00bb et \u00e0 poursuivre les efforts \u00ab pour limiter l&rsquo;augmentation de la temp\u00e9rature \u00e0 1,5\u00b0C (Accord de Paris &#8211; <a href=\"https:\/\/unfccc.int\/resource\/docs\/2015\/cop21\/fre\/l09f.pdf?v=1450178666\" target=\"_blank\" rel=\"noopener\">Convention-cadre sur les changements climatiques des Nations Unies<\/a>, 12 d\u00e9cembre 2025).<\/li>\n<li>En 2023, le charbon repr\u00e9sentait 41% des \u00e9missions mondiales de CO2 fossiles devant le p\u00e9trole (32 %) et le gaz naturel (21 %) (<a href=\"https:\/\/essd.copernicus.org\/articles\/17\/965\/2025\/essd-17-965-2025.html\" target=\"_blank\" rel=\"noopener\">Global Carbon Budget 2024<\/a>, 14 mars 2025). La production d\u2019\u00e9lectricit\u00e9 repr\u00e9sente deux tiers de la demande en charbon globale (Agence internationale de l\u2019\u00e9nergie (AIE), <a href=\"https:\/\/www.iea.org\/reports\/global-energy-review-2025\/coal\" target=\"_blank\" rel=\"noopener\">Global Energy Review 2025 Coal<\/a>) et la production d\u2019acier repr\u00e9sente 14% de la consommation de charbon globale annuelle. Sur ce total, 9% correspond\u00a0 \u00e0 du charbon \u00e0 coke et 5% \u00e0 du charbon thermique. (Global Efficiency Intelligence, <a href=\"https:\/\/static1.squarespace.com\/static\/5877e86f9de4bb8bce72105c\/t\/678b407d1cda2f1cb0693bc5\/1737179295136\/Coal+use+in+steel+industry-Jan+2025-final.pdf\" target=\"_blank\" rel=\"noopener\">Steel and Coal<\/a>, janvier 2025).<\/li>\n<li>Voir <a href=\"https:\/\/www.vie-publique.fr\/loi\/297888-loi-du-14-avril-2025-saint-avold-conversion-des-centrales-charbon\" target=\"_blank\" rel=\"noopener\">Loi du 14 avril 2025<\/a> : la cessation des activit\u00e9s des deux centrales \u00e0 charbon restantes pr\u00e9vue en 2023 a finalement \u00e9t\u00e9 report\u00e9e \u00e0 2027. Le projet d\u2019EDF de conversion \u00e0 la biomasse de la centrale de Cordemais en Loire-Atlantique a finalement \u00e9t\u00e9 abandonn\u00e9 pour une fermeture d\u00e9finitive en 2027, et celle de Saint-Avold en Moselle sera convertie au gaz \u00e0 partir de 2027. Rappelons que <a href=\"https:\/\/reclaimfinance.org\/site\/2024\/11\/13\/pourquoi-le-gaz-nest-pas-une-energie-de-transition\/\" target=\"_blank\" rel=\"noopener\">le gaz ne constitue pas une \u00e9nergie de transition<\/a>.<\/li>\n<li>AIE, <a href=\"https:\/\/www.iea.org\/reports\/coal-in-net-zero-transitions\" target=\"_blank\" rel=\"noopener\">Coal in net-zero transition<\/a>, 2022.<\/li>\n<li>Bruno Le Maire, <a href=\"https:\/\/www.vie-publique.fr\/discours\/207382-bruno-le-maire-26112018-aspects-economiques-rechauffement-climatique\" target=\"_blank\" rel=\"noopener\">D\u00e9claration de M. Bruno Le Maire, ministre de l&rsquo;\u00e9conomie et des finances, sur les aspects \u00e9conomiques de la lutte contre le r\u00e9chauffement climatique<\/a>, 26 Novembre 2018.<\/li>\n<li>Communiqu\u00e9 de presse <a href=\"https:\/\/www.fbf.fr\/uploads\/2020\/12\/CP_Declaration_de_place_finance_durable.pdf\" target=\"_blank\" rel=\"noopener\">La place financi\u00e8re de Paris se mobilise pour franchir une nouvelle \u00e9tape en faveur d\u2019une finance verte et durable<\/a>, 2 Juillet 2019.<\/li>\n<li>Urgewald, <a href=\"https:\/\/stillbankingoncoal.org\/data\" target=\"_blank\" rel=\"noopener\">Still banking on coal<\/a>, 2025.<\/li>\n<li>Global Efficiency Intelligence, <a href=\"https:\/\/www.globalefficiencyintel.com\/steel-climate-impact-international-benchmarking-energy-co2-intensities\" target=\"_blank\" rel=\"noopener\">Steel Climate Impact 2022<\/a><\/li>\n<li>Les \u00e9missions de m\u00e9thane du charbon m\u00e9tallurgique sont presque trois fois plus \u00e9lev\u00e9es que celles du charbon thermique, WoodMackenzie, <a href=\"https:\/\/www.woodmac.com\/news\/opinion\/putting-coal-mine-emissions-under-the-microscope\/\" target=\"_blank\" rel=\"noopener\">Putting coal mine emissions under the microscope<\/a>, Avril 2021.<\/li>\n<li>Ember, <a href=\"https:\/\/ember-energy.org\/latest-updates\/coal-mine-methane-adds-27-to-steels-climate-footprint\/\" target=\"_blank\" rel=\"noopener\">Coal mine methane adds 27% to steel\u2019s climate footprint<\/a>, Janvier 2023.<\/li>\n<li>Agora Industry, <a href=\"https:\/\/www.agora-industry.org\/publications\/15-insights-on-the-global-steel-transformation\" target=\"_blank\" rel=\"noopener\">15 insights on the global steel transformation<\/a>, Juin 2023.<\/li>\n<li>La liste des entreprises d\u00e9veloppant de nouveaux projets de charbon m\u00e9tallurgique est disponible sur Urgewald, <a href=\"https:\/\/www.coalexit.org\/MCEL\" target=\"_blank\" rel=\"noopener\">Metallurgical Coal Exit List<\/a>.<\/li>\n<li>Le 04\/09, deux obligations d&rsquo;un montant de 800 et 600 million EUR avec une maturit\u00e9 de 6 et 10 ans qui impliquent BNP Paribas et Cr\u00e9dit Agricole ; le 05\/09, deux obligations d&rsquo;un montant de 500 million et 1 milliard USD chacun et une maturit\u00e9 de 11 et 30 ans qui impliquent BNP Paribas.<\/li>\n<li>Bloomberg, <a href=\"https:\/\/www.bloomberg.com\/news\/articles\/2025-06-24\/banks-insurers-curbs-on-thermal-coal-undermined-by-loophole?accessToken=eyJhbGciOiJIUzI1NiIsInR5cCI6IkpXVCJ9.eyJzb3VyY2UiOiJTdWJzY3JpYmVyR2lmdGVkQXJ0aWNsZSIsImlhdCI6MTc1MDc0NjQ1MywiZXhwIjoxNzUxMzUxMjUzLCJhcnRpY2xlSWQiOiJTWUNHTDFEV1gyUFMwMCIsImJjb25uZWN0SWQiOiI0MkM4NDZEQ0M2MUE0MUJDQkU3NUFCNzVBNjYzQjBDMiJ9.6h_hggcrFAbIn36psx3XL6C_-XNy4f4mpQIQZSA8EwM&amp;leadSource=uverify%20wall\" target=\"_blank\" rel=\"noopener\">Coal Loophole Undermines Bank Pledges to Cut Fossil-Fuel Funding<\/a>, Juin 2025.<\/li>\n<li>Elys\u00e9e, communiqu\u00e9 de presse <a href=\"https:\/\/www.elysee.fr\/emmanuel-macron\/2023\/12\/02\/initiative-visant-a-accelerer-une-transition-juste-du-charbon\" target=\"_blank\" rel=\"noopener\">Initiative visant \u00e0 acc\u00e9l\u00e9rer une transition juste du charbon<\/a>, 2 D\u00e9cembre 2023.<\/li>\n<li>Banque mondiale, <a href=\"https:\/\/www.worldbank.org\/en\/news\/press-release\/2024\/03\/28\/world-bank-group-launches-renewable-energy-initiative-to-enhance-energy-security-and-affordability-in-europe-and-central\" target=\"_blank\" rel=\"noopener\">World Bank Group Launches Renewable Energy Initiative to Enhance Energy Security and Affordability in Europe and Central Asia<\/a>, 28 mars 2024.<\/li>\n<li>Power Past Coal, <a href=\"https:\/\/poweringpastcoal.org\/wp-content\/uploads\/CTC-Report.pdf\" target=\"_blank\" rel=\"noopener\">Accelerating Coalto-Clean Energy Transitions: First Report and Recommendations of the Coal Transition Commission<\/a>, novembre 2024.<\/li>\n<li>Voir nos <a href=\"https:\/\/reclaimfinance.org\/site\/recommandations\/\" target=\"_blank\" rel=\"noopener\">recommandations <\/a>aux acteurs financiers priv\u00e9s et notre rapport<a href=\"https:\/\/reclaimfinance.org\/site\/wp-content\/uploads\/2024\/10\/Banques-francaises-et-charbon-lart-de-noyer-le-poisson-1.pdf\" target=\"_blank\" rel=\"noopener\"> Banques fran\u00e7aises et charbon, l\u2019art de noyer le poisson<\/a>, Octobre 2024.<\/li>\n<li><a href=\"https:\/\/www.g7italy.it\/wp-content\/uploads\/G7-Climate-Energy-Environment-Ministerial-Communique_Final.pdf\" target=\"_blank\" rel=\"noopener\">Climate, Energy and Environment Ministers\u2019 Meeting Communiqu\u00e9<\/a>, 29-30 Avril 2024.<\/li>\n<li>La liste des entreprises d\u00e9veloppant de nouveaux projets de charbon m\u00e9tallurgique est disponible sur Urgewald, <a href=\"https:\/\/www.coalexit.org\/MCEL\" target=\"_blank\" rel=\"noopener\">Metallurgical Coal Exit List<\/a>.<\/li>\n<li>Net Zero Industry,\u00a0 <a href=\"https:\/\/netzeroindustry.org\/net-zero-steel-methodology-and-key-implications\/\" target=\"_blank\" rel=\"noopener\">Net Zero Steel<\/a>.<\/li>\n<\/ol>\n<\/div><\/div><\/div><\/div><\/div><div class=\"fusion-fullwidth fullwidth-box fusion-builder-row-2 fusion-flex-container has-pattern-background has-mask-background nonhundred-percent-fullwidth non-hundred-percent-height-scrolling\" style=\"--awb-border-radius-top-left:0px;--awb-border-radius-top-right:0px;--awb-border-radius-bottom-right:0px;--awb-border-radius-bottom-left:0px;--awb-flex-wrap:wrap;\" ><div class=\"fusion-builder-row fusion-row fusion-flex-align-items-flex-start fusion-flex-content-wrap\" style=\"max-width:1216.8px;margin-left: calc(-4% \/ 2 );margin-right: calc(-4% \/ 2 );\"><div class=\"fusion-layout-column fusion_builder_column fusion-builder-column-4 fusion_builder_column_1_1 1_1 fusion-flex-column\" style=\"--awb-bg-size:cover;--awb-width-large:100%;--awb-margin-top-large:0px;--awb-spacing-right-large:1.92%;--awb-margin-bottom-large:20px;--awb-spacing-left-large:1.92%;--awb-width-medium:100%;--awb-order-medium:0;--awb-spacing-right-medium:1.92%;--awb-spacing-left-medium:1.92%;--awb-width-small:100%;--awb-order-small:0;--awb-spacing-right-small:1.92%;--awb-spacing-left-small:1.92%;\"><div class=\"fusion-column-wrapper fusion-column-has-shadow fusion-flex-justify-content-flex-start fusion-content-layout-column\"><div class=\"fusion-title title fusion-title-6 fusion-sep-none fusion-title-text fusion-title-size-two\" style=\"--awb-text-color:var(--awb-color1);--awb-margin-bottom:0px;\"><h2 class=\"fusion-title-heading title-heading-left fusion-responsive-typography-calculated\" style=\"margin:0;text-transform:uppercase;--fontSize:33;line-height:1.5;\">lire aussi<\/h2><\/div><div class=\"fusion-separator\" style=\"align-self: flex-start;margin-right:auto;margin-top:25px;margin-bottom:35px;width:100%;max-width:100px;\"><div class=\"fusion-separator-border sep-single sep-solid\" style=\"--awb-height:20px;--awb-amount:20px;--awb-sep-color:var(--awb-color4);border-color:var(--awb-color4);border-top-width:10px;\"><\/div><\/div><div class=\"fusion-blog-shortcode fusion-blog-shortcode-1 fusion-blog-archive fusion-blog-layout-grid-wrapper fusion-blog-no\"><style type=\"text\/css\">.fusion-blog-shortcode-1 .fusion-blog-layout-grid .fusion-post-grid{padding:15px;}.fusion-blog-shortcode-1 .fusion-posts-container{margin-left: -15px !important; margin-right:-15px !important;}<\/style><div class=\"fusion-posts-container fusion-posts-container-no fusion-blog-rollover fusion-blog-layout-grid fusion-blog-layout-grid-3 isotope fusion-blog-equal-heights\" data-pages=\"181\" data-grid-col-space=\"30\" style=\"margin: -15px -15px 0;min-height:500px;\"><article id=\"blog-1-post-39586\" class=\"fusion-post-grid post-39586 post type-post status-publish format-standard has-post-thumbnail hentry category-blog acteurs_financiers-assurances-fr acteurs_financiers-investisseurs\">\n<div class=\"fusion-post-wrapper\" style=\"background-color:rgba(255,255,255,0);border:1px solid #2a2b3d;border-bottom-width:3px;\">\n\n\t\t\t<div class=\"fusion-flexslider flexslider fusion-flexslider-loading fusion-post-slideshow\" style=\"border-color:#2a2b3d;\">\n\t\t<ul class=\"slides\">\n\t\t\t\n\t\t\t\t\t\t\t\t\t\t\t\t\t\t<li><div  class=\"fusion-image-wrapper\" aria-haspopup=\"true\">\n\t\t\t\t<img decoding=\"async\" width=\"900\" height=\"400\" src=\"https:\/\/reclaimfinance.org\/site\/wp-content\/uploads\/2025\/09\/Totalenergies-investors1.png\" class=\"attachment-full size-full wp-post-image\" alt=\"\" \/><div class=\"fusion-rollover\">\n\t<div class=\"fusion-rollover-content\">\n\n\t\t\t\t\n\t\t\n\t\t\t\t\t\t\t\t\n\t\t\t\t\t\t\t\t\n\t\t\n\t\t\t\t\t\t<a class=\"fusion-link-wrapper\" href=\"https:\/\/reclaimfinance.org\/site\/2026\/04\/24\/totalenergies-finance-par-lassurance-vie-un-soutien-toujours-moins-defendable\/\" aria-label=\"TotalEnergies financ\u00e9 par l\u2019assurance-vie : un soutien toujours moins d\u00e9fendable\"><\/a>\n\t<\/div>\n<\/div>\n<\/div>\n<\/li>\n\t\t\t\n\t\t\t\n\t\t\t\t\t\t\t\t<\/ul>\n\t<\/div>\n\t<div class=\"fusion-post-content-wrapper\" style=\"padding:30px 25px 20px 25px;\"><div class=\"fusion-post-content post-content\"><h3 class=\"blog-shortcode-post-title entry-title\"><a href=\"https:\/\/reclaimfinance.org\/site\/2026\/04\/24\/totalenergies-finance-par-lassurance-vie-un-soutien-toujours-moins-defendable\/\">TotalEnergies financ\u00e9 par l\u2019assurance-vie : un soutien toujours moins d\u00e9fendable<\/a><\/h3><p class=\"fusion-single-line-meta\"><span class=\"vcard\" style=\"display: none;\"><span class=\"fn\"><a href=\"https:\/\/reclaimfinance.org\/site\/author\/alb\/\" title=\"Articles par Ariel Le Bourdonnec\" rel=\"author\">Ariel Le Bourdonnec<\/a><\/span><\/span><span class=\"updated\" style=\"display:none;\">2026-04-24T11:40:28+02:00<\/span><a href=\"https:\/\/reclaimfinance.org\/site\/category\/blog\/\" rel=\"category tag\">Articles<\/a><span class=\"fusion-inline-sep\">|<\/span><\/p><\/div><\/div><div class=\"fusion-clearfix\"><\/div><\/div>\n<\/article>\n<article id=\"blog-1-post-39566\" class=\"fusion-post-grid post-39566 post type-post status-publish format-standard has-post-thumbnail hentry category-blog acteurs_financiers-assurances-fr acteurs_financiers-banques-fr acteurs_financiers-detenteurs-dactifs acteurs_financiers-gestionnaire-dactifs acteurs_financiers-gfanz acteurs_financiers-investisseurs acteurs_financiers-regulateurs-fr thematique-energies-fossiles\">\n<div class=\"fusion-post-wrapper\" style=\"background-color:rgba(255,255,255,0);border:1px solid #2a2b3d;border-bottom-width:3px;\">\n\n\t\t\t<div class=\"fusion-flexslider flexslider fusion-flexslider-loading fusion-post-slideshow\" style=\"border-color:#2a2b3d;\">\n\t\t<ul class=\"slides\">\n\t\t\t\n\t\t\t\t\t\t\t\t\t\t\t\t\t\t<li><div  class=\"fusion-image-wrapper\" aria-haspopup=\"true\">\n\t\t\t\t<img decoding=\"async\" width=\"1125\" height=\"500\" src=\"https:\/\/reclaimfinance.org\/site\/wp-content\/uploads\/2026\/04\/amazonie-.png\" class=\"attachment-full size-full wp-post-image\" alt=\"\" \/><div class=\"fusion-rollover\">\n\t<div class=\"fusion-rollover-content\">\n\n\t\t\t\t\n\t\t\n\t\t\t\t\t\t\t\t\n\t\t\t\t\t\t\t\t\n\t\t\n\t\t\t\t\t\t<a class=\"fusion-link-wrapper\" href=\"https:\/\/reclaimfinance.org\/site\/2026\/04\/22\/proteger-les-zones-critiques-pour-la-biodiversite-de-la-predation-fossile\/\" aria-label=\"Prot\u00e9ger les zones critiques pour la biodiversit\u00e9 de la pr\u00e9dation fossile\"><\/a>\n\t<\/div>\n<\/div>\n<\/div>\n<\/li>\n\t\t\t\n\t\t\t\n\t\t\t\t\t\t\t\t<\/ul>\n\t<\/div>\n\t<div class=\"fusion-post-content-wrapper\" style=\"padding:30px 25px 20px 25px;\"><div class=\"fusion-post-content post-content\"><h3 class=\"blog-shortcode-post-title entry-title\"><a href=\"https:\/\/reclaimfinance.org\/site\/2026\/04\/22\/proteger-les-zones-critiques-pour-la-biodiversite-de-la-predation-fossile\/\">Prot\u00e9ger les zones critiques pour la biodiversit\u00e9 de la pr\u00e9dation fossile<\/a><\/h3><p class=\"fusion-single-line-meta\"><span class=\"vcard\" style=\"display: none;\"><span class=\"fn\"><a href=\"https:\/\/reclaimfinance.org\/site\/author\/aman\/\" title=\"Articles par Aatira\u00ef Manickawasagar\" rel=\"author\">Aatira\u00ef Manickawasagar<\/a><\/span><\/span><span class=\"updated\" style=\"display:none;\">2026-04-22T10:50:37+02:00<\/span><a href=\"https:\/\/reclaimfinance.org\/site\/category\/blog\/\" rel=\"category tag\">Articles<\/a><span class=\"fusion-inline-sep\">|<\/span><\/p><\/div><\/div><div class=\"fusion-clearfix\"><\/div><\/div>\n<\/article>\n<article id=\"blog-1-post-39543\" class=\"fusion-post-grid post-39543 post type-post status-publish format-standard has-post-thumbnail hentry category-blog acteurs_financiers-gestionnaire-dactifs thematique-energies-fossiles\">\n<div class=\"fusion-post-wrapper\" style=\"background-color:rgba(255,255,255,0);border:1px solid #2a2b3d;border-bottom-width:3px;\">\n\n\t\t\t<div class=\"fusion-flexslider flexslider fusion-flexslider-loading fusion-post-slideshow\" style=\"border-color:#2a2b3d;\">\n\t\t<ul class=\"slides\">\n\t\t\t\n\t\t\t\t\t\t\t\t\t\t\t\t\t\t<li><div  class=\"fusion-image-wrapper\" aria-haspopup=\"true\">\n\t\t\t\t<img decoding=\"async\" width=\"900\" height=\"400\" src=\"https:\/\/reclaimfinance.org\/site\/wp-content\/uploads\/2025\/11\/Amundi-investissement-fossile.png\" class=\"attachment-full size-full wp-post-image\" alt=\"\" \/><div class=\"fusion-rollover\">\n\t<div class=\"fusion-rollover-content\">\n\n\t\t\t\t\n\t\t\n\t\t\t\t\t\t\t\t\n\t\t\t\t\t\t\t\t\n\t\t\n\t\t\t\t\t\t<a class=\"fusion-link-wrapper\" href=\"https:\/\/reclaimfinance.org\/site\/2026\/04\/21\/epargne-salariale-amundi-addict-aux-fossiles-risque-limpasse\/\" aria-label=\"\u00c9pargne salariale : Amundi, addict aux fossiles, risque l\u2019impasse\"><\/a>\n\t<\/div>\n<\/div>\n<\/div>\n<\/li>\n\t\t\t\n\t\t\t\n\t\t\t\t\t\t\t\t<\/ul>\n\t<\/div>\n\t<div class=\"fusion-post-content-wrapper\" style=\"padding:30px 25px 20px 25px;\"><div class=\"fusion-post-content post-content\"><h3 class=\"blog-shortcode-post-title entry-title\"><a href=\"https:\/\/reclaimfinance.org\/site\/2026\/04\/21\/epargne-salariale-amundi-addict-aux-fossiles-risque-limpasse\/\">\u00c9pargne salariale : Amundi, addict aux fossiles, risque l\u2019impasse<\/a><\/h3><p class=\"fusion-single-line-meta\"><span class=\"vcard\" style=\"display: none;\"><span class=\"fn\"><a href=\"https:\/\/reclaimfinance.org\/site\/author\/aman\/\" title=\"Articles par Aatira\u00ef Manickawasagar\" rel=\"author\">Aatira\u00ef Manickawasagar<\/a><\/span><\/span><span class=\"updated\" style=\"display:none;\">2026-04-17T17:11:35+02:00<\/span><a href=\"https:\/\/reclaimfinance.org\/site\/category\/blog\/\" rel=\"category tag\">Articles<\/a><span class=\"fusion-inline-sep\">|<\/span><\/p><\/div><\/div><div class=\"fusion-clearfix\"><\/div><\/div>\n<\/article>\n<div class=\"fusion-clearfix\"><\/div><\/div><\/div><\/div><\/div><\/div><\/div><\/p>\n","protected":false},"excerpt":{"rendered":"","protected":false},"author":26,"featured_media":38253,"comment_status":"closed","ping_status":"open","sticky":false,"template":"","format":"standard","meta":{"footnotes":""},"categories":[45],"tags":[],"acteurs_financiers":[],"thematique":[2278,2484,2415],"webinar_type":[],"programme":[3729],"class_list":["post-38252","post","type-post","status-publish","format-standard","has-post-thumbnail","hentry","category-blog","thematique-charbon-fr-fr","thematique-charbon-metallurgique","thematique-energies-fossiles","programme-programme-1-fr"],"yoast_head":"<!-- This site is optimized with the Yoast SEO plugin v23.1 - https:\/\/yoast.com\/wordpress\/plugins\/seo\/ -->\n<title>Dix ans de l\u2019Accord de Paris : un leadership fran\u00e7ais \u00e0 la peine sur le charbon - Reclaim Finance<\/title>\n<meta name=\"description\" content=\"Les engagements de la France en mati\u00e8re de politiques de transition du charbon restent en de\u00e7\u00e0 des efforts n\u00e9cessaires pour limiter l\u2019augmentation de la temp\u00e9rature mondiale \u00e0 1,5\u00b0C\" \/>\n<meta name=\"robots\" content=\"index, follow, max-snippet:-1, max-image-preview:large, max-video-preview:-1\" \/>\n<link rel=\"canonical\" href=\"https:\/\/reclaimfinance.org\/site\/2025\/10\/23\/dix-ans-de-laccord-de-paris-un-leadership-francais-a-la-peine-sur-le-charbon\/\" \/>\n<meta property=\"og:locale\" content=\"fr_FR\" \/>\n<meta property=\"og:type\" content=\"article\" \/>\n<meta property=\"og:title\" content=\"Dix ans de l\u2019Accord de Paris : un leadership fran\u00e7ais \u00e0 la peine sur le charbon - Reclaim Finance\" \/>\n<meta property=\"og:description\" content=\"Les engagements de la France en mati\u00e8re de politiques de transition du charbon restent en de\u00e7\u00e0 des efforts n\u00e9cessaires pour limiter l\u2019augmentation de la temp\u00e9rature mondiale \u00e0 1,5\u00b0C\" \/>\n<meta property=\"og:url\" content=\"https:\/\/reclaimfinance.org\/site\/2025\/10\/23\/dix-ans-de-laccord-de-paris-un-leadership-francais-a-la-peine-sur-le-charbon\/\" \/>\n<meta property=\"og:site_name\" content=\"Reclaim Finance\" \/>\n<meta property=\"article:publisher\" content=\"https:\/\/www.facebook.com\/ReclaimFinanceONG\" \/>\n<meta property=\"article:published_time\" content=\"2025-10-23T13:55:20+00:00\" \/>\n<meta property=\"article:modified_time\" content=\"2026-01-19T13:57:47+00:00\" \/>\n<meta property=\"og:image\" content=\"https:\/\/reclaimfinance.org\/site\/wp-content\/uploads\/2025\/10\/Coal-Paris-Agreement.png\" \/>\n\t<meta property=\"og:image:width\" content=\"900\" \/>\n\t<meta property=\"og:image:height\" content=\"400\" \/>\n\t<meta property=\"og:image:type\" content=\"image\/png\" \/>\n<meta name=\"author\" content=\"L\u00e9o Martin\" \/>\n<meta name=\"twitter:card\" content=\"summary_large_image\" \/>\n<meta name=\"twitter:creator\" content=\"@ReclaimFinance\" \/>\n<meta name=\"twitter:site\" content=\"@ReclaimFinance\" \/>\n<meta name=\"twitter:label1\" content=\"\u00c9crit par\" \/>\n\t<meta name=\"twitter:data1\" content=\"L\u00e9o Martin\" \/>\n\t<meta name=\"twitter:label2\" content=\"Dur\u00e9e de lecture estim\u00e9e\" \/>\n\t<meta name=\"twitter:data2\" content=\"13 minutes\" \/>\n<script type=\"application\/ld+json\" class=\"yoast-schema-graph\">{\"@context\":\"https:\/\/schema.org\",\"@graph\":[{\"@type\":\"Article\",\"@id\":\"https:\/\/reclaimfinance.org\/site\/2025\/10\/23\/dix-ans-de-laccord-de-paris-un-leadership-francais-a-la-peine-sur-le-charbon\/#article\",\"isPartOf\":{\"@id\":\"https:\/\/reclaimfinance.org\/site\/2025\/10\/23\/dix-ans-de-laccord-de-paris-un-leadership-francais-a-la-peine-sur-le-charbon\/\"},\"author\":{\"name\":\"L\u00e9o Martin\",\"@id\":\"https:\/\/reclaimfinance.org\/site\/#\/schema\/person\/92f0f8d102e5e411f092871d8eeb3db1\"},\"headline\":\"Dix ans de l\u2019Accord de Paris : un leadership fran\u00e7ais \u00e0 la peine sur le charbon\",\"datePublished\":\"2025-10-23T13:55:20+00:00\",\"dateModified\":\"2026-01-19T13:57:47+00:00\",\"mainEntityOfPage\":{\"@id\":\"https:\/\/reclaimfinance.org\/site\/2025\/10\/23\/dix-ans-de-laccord-de-paris-un-leadership-francais-a-la-peine-sur-le-charbon\/\"},\"wordCount\":6233,\"publisher\":{\"@id\":\"https:\/\/reclaimfinance.org\/site\/#organization\"},\"image\":{\"@id\":\"https:\/\/reclaimfinance.org\/site\/2025\/10\/23\/dix-ans-de-laccord-de-paris-un-leadership-francais-a-la-peine-sur-le-charbon\/#primaryimage\"},\"thumbnailUrl\":\"https:\/\/reclaimfinance.org\/site\/wp-content\/uploads\/2025\/10\/Coal-Paris-Agreement.png\",\"articleSection\":[\"Articles\"],\"inLanguage\":\"fr-FR\"},{\"@type\":\"WebPage\",\"@id\":\"https:\/\/reclaimfinance.org\/site\/2025\/10\/23\/dix-ans-de-laccord-de-paris-un-leadership-francais-a-la-peine-sur-le-charbon\/\",\"url\":\"https:\/\/reclaimfinance.org\/site\/2025\/10\/23\/dix-ans-de-laccord-de-paris-un-leadership-francais-a-la-peine-sur-le-charbon\/\",\"name\":\"Dix ans de l\u2019Accord de Paris : un leadership fran\u00e7ais \u00e0 la peine sur le charbon - Reclaim Finance\",\"isPartOf\":{\"@id\":\"https:\/\/reclaimfinance.org\/site\/#website\"},\"primaryImageOfPage\":{\"@id\":\"https:\/\/reclaimfinance.org\/site\/2025\/10\/23\/dix-ans-de-laccord-de-paris-un-leadership-francais-a-la-peine-sur-le-charbon\/#primaryimage\"},\"image\":{\"@id\":\"https:\/\/reclaimfinance.org\/site\/2025\/10\/23\/dix-ans-de-laccord-de-paris-un-leadership-francais-a-la-peine-sur-le-charbon\/#primaryimage\"},\"thumbnailUrl\":\"https:\/\/reclaimfinance.org\/site\/wp-content\/uploads\/2025\/10\/Coal-Paris-Agreement.png\",\"datePublished\":\"2025-10-23T13:55:20+00:00\",\"dateModified\":\"2026-01-19T13:57:47+00:00\",\"description\":\"Les engagements de la France en mati\u00e8re de politiques de transition du charbon restent en de\u00e7\u00e0 des efforts n\u00e9cessaires pour limiter l\u2019augmentation de la temp\u00e9rature mondiale \u00e0 1,5\u00b0C\",\"breadcrumb\":{\"@id\":\"https:\/\/reclaimfinance.org\/site\/2025\/10\/23\/dix-ans-de-laccord-de-paris-un-leadership-francais-a-la-peine-sur-le-charbon\/#breadcrumb\"},\"inLanguage\":\"fr-FR\",\"potentialAction\":[{\"@type\":\"ReadAction\",\"target\":[\"https:\/\/reclaimfinance.org\/site\/2025\/10\/23\/dix-ans-de-laccord-de-paris-un-leadership-francais-a-la-peine-sur-le-charbon\/\"]}]},{\"@type\":\"ImageObject\",\"inLanguage\":\"fr-FR\",\"@id\":\"https:\/\/reclaimfinance.org\/site\/2025\/10\/23\/dix-ans-de-laccord-de-paris-un-leadership-francais-a-la-peine-sur-le-charbon\/#primaryimage\",\"url\":\"https:\/\/reclaimfinance.org\/site\/wp-content\/uploads\/2025\/10\/Coal-Paris-Agreement.png\",\"contentUrl\":\"https:\/\/reclaimfinance.org\/site\/wp-content\/uploads\/2025\/10\/Coal-Paris-Agreement.png\",\"width\":900,\"height\":400,\"caption\":\"Coal Paris Agreement\"},{\"@type\":\"BreadcrumbList\",\"@id\":\"https:\/\/reclaimfinance.org\/site\/2025\/10\/23\/dix-ans-de-laccord-de-paris-un-leadership-francais-a-la-peine-sur-le-charbon\/#breadcrumb\",\"itemListElement\":[{\"@type\":\"ListItem\",\"position\":1,\"name\":\"Accueil\",\"item\":\"https:\/\/reclaimfinance.org\/site\/\"},{\"@type\":\"ListItem\",\"position\":2,\"name\":\"Dix ans de l\u2019Accord de Paris : un leadership fran\u00e7ais \u00e0 la peine sur le charbon\"}]},{\"@type\":\"WebSite\",\"@id\":\"https:\/\/reclaimfinance.org\/site\/#website\",\"url\":\"https:\/\/reclaimfinance.org\/site\/\",\"name\":\"Reclaim Finance\",\"description\":\"Reprendre le contr\u00f4le de la finance pour le climat et la biodiversit\u00e9\",\"publisher\":{\"@id\":\"https:\/\/reclaimfinance.org\/site\/#organization\"},\"potentialAction\":[{\"@type\":\"SearchAction\",\"target\":{\"@type\":\"EntryPoint\",\"urlTemplate\":\"https:\/\/reclaimfinance.org\/site\/?s={search_term_string}\"},\"query-input\":\"required name=search_term_string\"}],\"inLanguage\":\"fr-FR\"},{\"@type\":\"Organization\",\"@id\":\"https:\/\/reclaimfinance.org\/site\/#organization\",\"name\":\"Reclaim Finance\",\"url\":\"https:\/\/reclaimfinance.org\/site\/\",\"logo\":{\"@type\":\"ImageObject\",\"inLanguage\":\"fr-FR\",\"@id\":\"https:\/\/reclaimfinance.org\/site\/#\/schema\/logo\/image\/\",\"url\":\"https:\/\/reclaimfinance.org\/site\/wp-content\/uploads\/2020\/03\/logo_RC_space.png\",\"contentUrl\":\"https:\/\/reclaimfinance.org\/site\/wp-content\/uploads\/2020\/03\/logo_RC_space.png\",\"width\":800,\"height\":800,\"caption\":\"Reclaim Finance\"},\"image\":{\"@id\":\"https:\/\/reclaimfinance.org\/site\/#\/schema\/logo\/image\/\"},\"sameAs\":[\"https:\/\/www.facebook.com\/ReclaimFinanceONG\",\"https:\/\/x.com\/ReclaimFinance\",\"https:\/\/www.instagram.com\/reclaimfinance\/\",\"https:\/\/www.linkedin.com\/company\/reclaim-finance-ong-think-tank\"]},{\"@type\":\"Person\",\"@id\":\"https:\/\/reclaimfinance.org\/site\/#\/schema\/person\/92f0f8d102e5e411f092871d8eeb3db1\",\"name\":\"L\u00e9o Martin\",\"image\":{\"@type\":\"ImageObject\",\"inLanguage\":\"fr-FR\",\"@id\":\"https:\/\/reclaimfinance.org\/site\/#\/schema\/person\/image\/\",\"url\":\"https:\/\/secure.gravatar.com\/avatar\/cebd89becb7f7185483789d7f51a21cb?s=96&d=mm&r=g\",\"contentUrl\":\"https:\/\/secure.gravatar.com\/avatar\/cebd89becb7f7185483789d7f51a21cb?s=96&d=mm&r=g\",\"caption\":\"L\u00e9o Martin\"},\"url\":\"https:\/\/reclaimfinance.org\/site\/author\/lma\/\"}]}<\/script>\n<!-- \/ Yoast SEO plugin. -->","yoast_head_json":{"title":"Dix ans de l\u2019Accord de Paris : un leadership fran\u00e7ais \u00e0 la peine sur le charbon - Reclaim Finance","description":"Les engagements de la France en mati\u00e8re de politiques de transition du charbon restent en de\u00e7\u00e0 des efforts n\u00e9cessaires pour limiter l\u2019augmentation de la temp\u00e9rature mondiale \u00e0 1,5\u00b0C","robots":{"index":"index","follow":"follow","max-snippet":"max-snippet:-1","max-image-preview":"max-image-preview:large","max-video-preview":"max-video-preview:-1"},"canonical":"https:\/\/reclaimfinance.org\/site\/2025\/10\/23\/dix-ans-de-laccord-de-paris-un-leadership-francais-a-la-peine-sur-le-charbon\/","og_locale":"fr_FR","og_type":"article","og_title":"Dix ans de l\u2019Accord de Paris : un leadership fran\u00e7ais \u00e0 la peine sur le charbon - Reclaim Finance","og_description":"Les engagements de la France en mati\u00e8re de politiques de transition du charbon restent en de\u00e7\u00e0 des efforts n\u00e9cessaires pour limiter l\u2019augmentation de la temp\u00e9rature mondiale \u00e0 1,5\u00b0C","og_url":"https:\/\/reclaimfinance.org\/site\/2025\/10\/23\/dix-ans-de-laccord-de-paris-un-leadership-francais-a-la-peine-sur-le-charbon\/","og_site_name":"Reclaim Finance","article_publisher":"https:\/\/www.facebook.com\/ReclaimFinanceONG","article_published_time":"2025-10-23T13:55:20+00:00","article_modified_time":"2026-01-19T13:57:47+00:00","og_image":[{"width":900,"height":400,"url":"https:\/\/reclaimfinance.org\/site\/wp-content\/uploads\/2025\/10\/Coal-Paris-Agreement.png","type":"image\/png"}],"author":"L\u00e9o Martin","twitter_card":"summary_large_image","twitter_creator":"@ReclaimFinance","twitter_site":"@ReclaimFinance","twitter_misc":{"\u00c9crit par":"L\u00e9o Martin","Dur\u00e9e de lecture estim\u00e9e":"13 minutes"},"schema":{"@context":"https:\/\/schema.org","@graph":[{"@type":"Article","@id":"https:\/\/reclaimfinance.org\/site\/2025\/10\/23\/dix-ans-de-laccord-de-paris-un-leadership-francais-a-la-peine-sur-le-charbon\/#article","isPartOf":{"@id":"https:\/\/reclaimfinance.org\/site\/2025\/10\/23\/dix-ans-de-laccord-de-paris-un-leadership-francais-a-la-peine-sur-le-charbon\/"},"author":{"name":"L\u00e9o Martin","@id":"https:\/\/reclaimfinance.org\/site\/#\/schema\/person\/92f0f8d102e5e411f092871d8eeb3db1"},"headline":"Dix ans de l\u2019Accord de Paris : un leadership fran\u00e7ais \u00e0 la peine sur le charbon","datePublished":"2025-10-23T13:55:20+00:00","dateModified":"2026-01-19T13:57:47+00:00","mainEntityOfPage":{"@id":"https:\/\/reclaimfinance.org\/site\/2025\/10\/23\/dix-ans-de-laccord-de-paris-un-leadership-francais-a-la-peine-sur-le-charbon\/"},"wordCount":6233,"publisher":{"@id":"https:\/\/reclaimfinance.org\/site\/#organization"},"image":{"@id":"https:\/\/reclaimfinance.org\/site\/2025\/10\/23\/dix-ans-de-laccord-de-paris-un-leadership-francais-a-la-peine-sur-le-charbon\/#primaryimage"},"thumbnailUrl":"https:\/\/reclaimfinance.org\/site\/wp-content\/uploads\/2025\/10\/Coal-Paris-Agreement.png","articleSection":["Articles"],"inLanguage":"fr-FR"},{"@type":"WebPage","@id":"https:\/\/reclaimfinance.org\/site\/2025\/10\/23\/dix-ans-de-laccord-de-paris-un-leadership-francais-a-la-peine-sur-le-charbon\/","url":"https:\/\/reclaimfinance.org\/site\/2025\/10\/23\/dix-ans-de-laccord-de-paris-un-leadership-francais-a-la-peine-sur-le-charbon\/","name":"Dix ans de l\u2019Accord de Paris : un leadership fran\u00e7ais \u00e0 la peine sur le charbon - Reclaim Finance","isPartOf":{"@id":"https:\/\/reclaimfinance.org\/site\/#website"},"primaryImageOfPage":{"@id":"https:\/\/reclaimfinance.org\/site\/2025\/10\/23\/dix-ans-de-laccord-de-paris-un-leadership-francais-a-la-peine-sur-le-charbon\/#primaryimage"},"image":{"@id":"https:\/\/reclaimfinance.org\/site\/2025\/10\/23\/dix-ans-de-laccord-de-paris-un-leadership-francais-a-la-peine-sur-le-charbon\/#primaryimage"},"thumbnailUrl":"https:\/\/reclaimfinance.org\/site\/wp-content\/uploads\/2025\/10\/Coal-Paris-Agreement.png","datePublished":"2025-10-23T13:55:20+00:00","dateModified":"2026-01-19T13:57:47+00:00","description":"Les engagements de la France en mati\u00e8re de politiques de transition du charbon restent en de\u00e7\u00e0 des efforts n\u00e9cessaires pour limiter l\u2019augmentation de la temp\u00e9rature mondiale \u00e0 1,5\u00b0C","breadcrumb":{"@id":"https:\/\/reclaimfinance.org\/site\/2025\/10\/23\/dix-ans-de-laccord-de-paris-un-leadership-francais-a-la-peine-sur-le-charbon\/#breadcrumb"},"inLanguage":"fr-FR","potentialAction":[{"@type":"ReadAction","target":["https:\/\/reclaimfinance.org\/site\/2025\/10\/23\/dix-ans-de-laccord-de-paris-un-leadership-francais-a-la-peine-sur-le-charbon\/"]}]},{"@type":"ImageObject","inLanguage":"fr-FR","@id":"https:\/\/reclaimfinance.org\/site\/2025\/10\/23\/dix-ans-de-laccord-de-paris-un-leadership-francais-a-la-peine-sur-le-charbon\/#primaryimage","url":"https:\/\/reclaimfinance.org\/site\/wp-content\/uploads\/2025\/10\/Coal-Paris-Agreement.png","contentUrl":"https:\/\/reclaimfinance.org\/site\/wp-content\/uploads\/2025\/10\/Coal-Paris-Agreement.png","width":900,"height":400,"caption":"Coal Paris Agreement"},{"@type":"BreadcrumbList","@id":"https:\/\/reclaimfinance.org\/site\/2025\/10\/23\/dix-ans-de-laccord-de-paris-un-leadership-francais-a-la-peine-sur-le-charbon\/#breadcrumb","itemListElement":[{"@type":"ListItem","position":1,"name":"Accueil","item":"https:\/\/reclaimfinance.org\/site\/"},{"@type":"ListItem","position":2,"name":"Dix ans de l\u2019Accord de Paris : un leadership fran\u00e7ais \u00e0 la peine sur le charbon"}]},{"@type":"WebSite","@id":"https:\/\/reclaimfinance.org\/site\/#website","url":"https:\/\/reclaimfinance.org\/site\/","name":"Reclaim Finance","description":"Reprendre le contr\u00f4le de la finance pour le climat et la biodiversit\u00e9","publisher":{"@id":"https:\/\/reclaimfinance.org\/site\/#organization"},"potentialAction":[{"@type":"SearchAction","target":{"@type":"EntryPoint","urlTemplate":"https:\/\/reclaimfinance.org\/site\/?s={search_term_string}"},"query-input":"required name=search_term_string"}],"inLanguage":"fr-FR"},{"@type":"Organization","@id":"https:\/\/reclaimfinance.org\/site\/#organization","name":"Reclaim Finance","url":"https:\/\/reclaimfinance.org\/site\/","logo":{"@type":"ImageObject","inLanguage":"fr-FR","@id":"https:\/\/reclaimfinance.org\/site\/#\/schema\/logo\/image\/","url":"https:\/\/reclaimfinance.org\/site\/wp-content\/uploads\/2020\/03\/logo_RC_space.png","contentUrl":"https:\/\/reclaimfinance.org\/site\/wp-content\/uploads\/2020\/03\/logo_RC_space.png","width":800,"height":800,"caption":"Reclaim Finance"},"image":{"@id":"https:\/\/reclaimfinance.org\/site\/#\/schema\/logo\/image\/"},"sameAs":["https:\/\/www.facebook.com\/ReclaimFinanceONG","https:\/\/x.com\/ReclaimFinance","https:\/\/www.instagram.com\/reclaimfinance\/","https:\/\/www.linkedin.com\/company\/reclaim-finance-ong-think-tank"]},{"@type":"Person","@id":"https:\/\/reclaimfinance.org\/site\/#\/schema\/person\/92f0f8d102e5e411f092871d8eeb3db1","name":"L\u00e9o Martin","image":{"@type":"ImageObject","inLanguage":"fr-FR","@id":"https:\/\/reclaimfinance.org\/site\/#\/schema\/person\/image\/","url":"https:\/\/secure.gravatar.com\/avatar\/cebd89becb7f7185483789d7f51a21cb?s=96&d=mm&r=g","contentUrl":"https:\/\/secure.gravatar.com\/avatar\/cebd89becb7f7185483789d7f51a21cb?s=96&d=mm&r=g","caption":"L\u00e9o Martin"},"url":"https:\/\/reclaimfinance.org\/site\/author\/lma\/"}]}},"_links":{"self":[{"href":"https:\/\/reclaimfinance.org\/site\/wp-json\/wp\/v2\/posts\/38252"}],"collection":[{"href":"https:\/\/reclaimfinance.org\/site\/wp-json\/wp\/v2\/posts"}],"about":[{"href":"https:\/\/reclaimfinance.org\/site\/wp-json\/wp\/v2\/types\/post"}],"author":[{"embeddable":true,"href":"https:\/\/reclaimfinance.org\/site\/wp-json\/wp\/v2\/users\/26"}],"replies":[{"embeddable":true,"href":"https:\/\/reclaimfinance.org\/site\/wp-json\/wp\/v2\/comments?post=38252"}],"version-history":[{"count":3,"href":"https:\/\/reclaimfinance.org\/site\/wp-json\/wp\/v2\/posts\/38252\/revisions"}],"predecessor-version":[{"id":38256,"href":"https:\/\/reclaimfinance.org\/site\/wp-json\/wp\/v2\/posts\/38252\/revisions\/38256"}],"wp:featuredmedia":[{"embeddable":true,"href":"https:\/\/reclaimfinance.org\/site\/wp-json\/wp\/v2\/media\/38253"}],"wp:attachment":[{"href":"https:\/\/reclaimfinance.org\/site\/wp-json\/wp\/v2\/media?parent=38252"}],"wp:term":[{"taxonomy":"category","embeddable":true,"href":"https:\/\/reclaimfinance.org\/site\/wp-json\/wp\/v2\/categories?post=38252"},{"taxonomy":"post_tag","embeddable":true,"href":"https:\/\/reclaimfinance.org\/site\/wp-json\/wp\/v2\/tags?post=38252"},{"taxonomy":"acteurs_financiers","embeddable":true,"href":"https:\/\/reclaimfinance.org\/site\/wp-json\/wp\/v2\/acteurs_financiers?post=38252"},{"taxonomy":"thematique","embeddable":true,"href":"https:\/\/reclaimfinance.org\/site\/wp-json\/wp\/v2\/thematique?post=38252"},{"taxonomy":"webinar_type","embeddable":true,"href":"https:\/\/reclaimfinance.org\/site\/wp-json\/wp\/v2\/webinar_type?post=38252"},{"taxonomy":"programme","embeddable":true,"href":"https:\/\/reclaimfinance.org\/site\/wp-json\/wp\/v2\/programme?post=38252"}],"curies":[{"name":"wp","href":"https:\/\/api.w.org\/{rel}","templated":true}]}}