{"id":38319,"date":"2025-11-04T09:00:48","date_gmt":"2025-11-04T08:00:48","guid":{"rendered":"https:\/\/reclaimfinance.org\/site\/?p=38319"},"modified":"2025-12-31T13:19:16","modified_gmt":"2025-12-31T12:19:16","slug":"quand-les-retraites-francaises-pactisent-avec-blackrock","status":"publish","type":"post","link":"https:\/\/reclaimfinance.org\/site\/2025\/11\/04\/quand-les-retraites-francaises-pactisent-avec-blackrock\/","title":{"rendered":"Quand les retraites fran\u00e7aises pactisent avec BlackRock"},"content":{"rendered":"<p><div class=\"fusion-fullwidth fullwidth-box fusion-builder-row-1 fusion-flex-container has-pattern-background has-mask-background nonhundred-percent-fullwidth non-hundred-percent-height-scrolling\" style=\"--awb-border-radius-top-left:0px;--awb-border-radius-top-right:0px;--awb-border-radius-bottom-right:0px;--awb-border-radius-bottom-left:0px;--awb-margin-bottom:20px;--awb-flex-wrap:wrap;\" ><div class=\"fusion-builder-row fusion-row fusion-flex-align-items-flex-start fusion-flex-content-wrap\" style=\"max-width:1216.8px;margin-left: calc(-4% \/ 2 );margin-right: calc(-4% \/ 2 );\"><div class=\"fusion-layout-column fusion_builder_column fusion-builder-column-0 fusion_builder_column_1_1 1_1 fusion-flex-column\" style=\"--awb-bg-size:cover;--awb-width-large:100%;--awb-margin-top-large:0px;--awb-spacing-right-large:1.92%;--awb-margin-bottom-large:20px;--awb-spacing-left-large:1.92%;--awb-width-medium:100%;--awb-order-medium:0;--awb-spacing-right-medium:1.92%;--awb-spacing-left-medium:1.92%;--awb-width-small:100%;--awb-order-small:0;--awb-spacing-right-small:1.92%;--awb-spacing-left-small:1.92%;\"><div class=\"fusion-column-wrapper fusion-column-has-shadow fusion-flex-justify-content-flex-start fusion-content-layout-column\"><div class=\"fusion-text fusion-text-1\" style=\"--awb-content-alignment:justify;--awb-text-color:var(--awb-color4);--awb-text-font-family:&quot;Montserrat&quot;;--awb-text-font-style:normal;--awb-text-font-weight:700;\"><p>Alors que le fonds de pension n\u00e9erlandais PFZW a r\u00e9cemment retir\u00e9 un mandat au gestionnaire d\u2019actifs BlackRock, plusieurs acteurs cl\u00e9s des retraites en France confient toujours des investissements au g\u00e9ant am\u00e9ricain. L\u2019Agirc-Arrco, l\u2019ERAFP, et le Fonds de R\u00e9serve pour les Retraites (FRR) cautionnent ainsi un gestionnaire connu pour son soutien massif \u00e0 l\u2019expansion fossile et ses r\u00e9cents reculs climatiques, tout en ayant pour responsabilit\u00e9 de s\u00e9curiser notre avenir. Reclaim Finance appelle ces organisations \u00e0 se doter de crit\u00e8res climatiques bas\u00e9s sur la science lorsqu\u2019elles s\u00e9lectionnent un nouveau gestionnaire pour g\u00e9rer l\u2019argent de nos retraites, et \u00e0 s\u2019opposer publiquement aux pratiques dangereuses de BlackRock pour le climat.<\/p>\n<\/div><div class=\"fusion-text fusion-text-2\" style=\"--awb-content-alignment:justify;\"><p>L\u2019Agirc-Arrco g\u00e8re le r\u00e9gime de retraite compl\u00e9mentaire des salari\u00e9s du secteur priv\u00e9, et l\u2019ERAFP celui des fonctionnaires [1]. De son c\u00f4t\u00e9, le Fonds de R\u00e9serve pour les Retraites (FRR) constitue des r\u00e9serves destin\u00e9es \u00e0 contribuer \u00e0 la p\u00e9rennit\u00e9 des r\u00e9gimes de retraites [2]. L\u2019Agirc-Arrco g\u00e8re 86 milliards d\u2019euros d\u2019actifs financiers \u00e0 fin 2024, l\u2019ERAFP 48 milliards, et le FRR 20 milliards. Dans un <span style=\"text-decoration: underline;\"><a href=\"https:\/\/reclaimfinance.org\/site\/2025\/07\/08\/retraites-et-climat-des-acteurs-cles-investissent-dans-les-energies-fossiles\/\" target=\"_blank\" rel=\"noopener\">r\u00e9cent rapport<\/a><\/span>, Reclaim Finance expliquait que les retraites fran\u00e7aises \u00e9taient en partie d\u00e9l\u00e9gu\u00e9es \u00e0 des g\u00e9rants externes, dont certains ont des pratiques qui vont \u00e0 l\u2019encontre de la transition.<\/p>\n<\/div><div class=\"fusion-title title fusion-title-1 fusion-title-text fusion-title-size-two\" style=\"--awb-text-color:var(--awb-color4);--awb-margin-top:15px;--awb-margin-bottom:15px;--awb-font-size:16px;\"><div class=\"title-sep-container title-sep-container-left fusion-no-large-visibility fusion-no-medium-visibility fusion-no-small-visibility\"><div class=\"title-sep sep- sep-solid\" style=\"border-color:#3e3e3e;\"><\/div><\/div><span class=\"awb-title-spacer fusion-no-large-visibility fusion-no-medium-visibility fusion-no-small-visibility\"><\/span><h2 class=\"fusion-title-heading title-heading-left fusion-responsive-typography-calculated\" style=\"font-family:&quot;Montserrat&quot;;font-style:normal;font-weight:700;margin:0;font-size:1em;--fontSize:16;--minFontSize:16;line-height:1.5;\">BlackRock, le meilleur ami de l\u2019expansion des \u00e9nergies fossiles<\/h2><span class=\"awb-title-spacer\"><\/span><div class=\"title-sep-container title-sep-container-right\"><div class=\"title-sep sep- sep-solid\" style=\"border-color:#3e3e3e;\"><\/div><\/div><\/div><div class=\"fusion-text fusion-text-3\" style=\"--awb-content-alignment:justify;\"><p><span data-contrast=\"auto\">M\u00eame si dans le pass\u00e9 BlackRock a pu faire de grands discours sur les risques climatiques et rejoindre certaines alliances climatiques qu\u2019il a maintenant quitt\u00e9 [3], les faits montrent une situation bien diff\u00e9rente\u202f: ses agissements verrouillent la d\u00e9pendance aux \u00e9nergies fossiles.<\/span><span data-ccp-props=\"{&quot;201341983&quot;:0,&quot;335559739&quot;:0,&quot;335559740&quot;:240}\">\u00a0<\/span><\/p>\n<p><span data-contrast=\"auto\">En mai 2024, BlackRock d\u00e9tenait 431 milliards de dollars d\u2019actions et d\u2019obligations d\u2019entreprises qui d\u00e9veloppent de nouveaux projets fossiles [4], y compris des parts importantes du capital de certaines majors comme TotalEnergies [5]. Le gestionnaire ne pr\u00e9voit aucune r\u00e9duction de son soutien \u00e0 l\u2019expansion fossile, et continue d\u2019investir massivement dans ces entreprises. <\/span><span style=\"text-decoration: underline;\"><a href=\"https:\/\/reclaimfinance.org\/site\/evaluation-des-pratiques-climatiques-des-gestionnaires-dactifs\/\" target=\"_blank\" rel=\"noopener\">BlackRock a investi au moins 1,7 milliards de dollars dans les obligations r\u00e9centes \u00e9mises par des d\u00e9veloppeurs fossiles entre 2023 et 2024<\/a><\/span><span data-contrast=\"auto\">, alors m\u00eame que ces \u00e9missions permettent aux entreprises fossiles de financer leurs projets d\u2019expansion fossile [6].<\/span><span data-ccp-props=\"{&quot;201341983&quot;:0,&quot;335559739&quot;:0,&quot;335559740&quot;:240}\">\u00a0<\/span><\/p>\n<p><span data-contrast=\"auto\">BlackRock apparait \u00e9galement comme l\u2019alli\u00e9 des d\u00e9veloppeurs fossiles dans ses votes aux assembl\u00e9es g\u00e9n\u00e9rales. En 2024, <\/span><span style=\"text-decoration: underline;\"><a href=\"https:\/\/reclaimfinance.org\/site\/evaluation-des-pratiques-climatiques-des-gestionnaires-dactifs\/\" target=\"_blank\" rel=\"noopener\">le g\u00e9rant avait vot\u00e9 en faveur de 90% des actions du conseil d\u2019administration des plus grands d\u00e9veloppeurs fossiles au monde<\/a><\/span><span data-contrast=\"auto\">. Et il n\u2019a soutenu que 2% des r\u00e9solutions actionnariales environnementales et sociales en 2025, apr\u00e8s en avoir pourtant approuv\u00e9 40% en 2021, affichant un net recul.<\/span><span data-ccp-props=\"{&quot;201341983&quot;:0,&quot;335559739&quot;:0,&quot;335559740&quot;:240}\">\u00a0<\/span><\/p>\n<p><span data-contrast=\"auto\">Ses activit\u00e9s de lobbying retardent \u00e9galement l\u2019indispensable transition. En Europe, BlackRock s\u2019est\u00a0 <\/span><span style=\"text-decoration: underline;\"><a href=\"https:\/\/reclaimfinance.org\/site\/2025\/09\/18\/perles-du-greenwashing-comment-les-gestionnaires-dactifs-jouent-avec-la-reglementation\/\" target=\"_blank\" rel=\"noopener\">oppos\u00e9 \u00e0 l\u2019utilisation g\u00e9n\u00e9ralis\u00e9e d\u2019exclusions sectorielles aupr\u00e8s de l\u2019autorit\u00e9 europ\u00e9enne de supervision des march\u00e9s financiers (ESMA)<\/a><\/span><span data-contrast=\"auto\"> et <\/span><a href=\"https:\/\/reclaimfinance.org\/site\/en\/2025\/09\/18\/lobbying-for-a-greenwashed-sfdr\/\" target=\"_blank\" rel=\"noopener\">dans le cadre de la Sustainable Finance Disclosure Regulation (SFDR)<\/a><span data-contrast=\"auto\">. Et aux Etats-Unis, le lobby conservateur Business Roundtable, dont le directeur g\u00e9n\u00e9ral de BlackRock est membre, a recommand\u00e9 une interdiction des r\u00e9solutions actionnariales ESG.<\/span><span data-ccp-props=\"{&quot;201341983&quot;:0,&quot;335559739&quot;:0,&quot;335559740&quot;:240}\">\u00a0<\/span><\/p>\n<\/div><div class=\"fusion-title title fusion-title-2 fusion-title-text fusion-title-size-two\" style=\"--awb-text-color:var(--awb-color4);--awb-margin-top:15px;--awb-margin-bottom:15px;--awb-font-size:16px;\"><div class=\"title-sep-container title-sep-container-left fusion-no-large-visibility fusion-no-medium-visibility fusion-no-small-visibility\"><div class=\"title-sep sep- sep-solid\" style=\"border-color:#3e3e3e;\"><\/div><\/div><span class=\"awb-title-spacer fusion-no-large-visibility fusion-no-medium-visibility fusion-no-small-visibility\"><\/span><h2 class=\"fusion-title-heading title-heading-left fusion-responsive-typography-calculated\" style=\"font-family:&quot;Montserrat&quot;;font-style:normal;font-weight:700;margin:0;font-size:1em;--fontSize:16;--minFontSize:16;line-height:1.5;\">BlackRock et les retraites fran\u00e7aises\u202f: des relations contre-nature<\/h2><span class=\"awb-title-spacer\"><\/span><div class=\"title-sep-container title-sep-container-right\"><div class=\"title-sep sep- sep-solid\" style=\"border-color:#3e3e3e;\"><\/div><\/div><\/div><div class=\"fusion-text fusion-text-4\" style=\"--awb-content-alignment:justify;\"><p>A ce jour, l\u2019Agirc-Arrco, l\u2019ERAFP et le FRR ont tous recours aux services de BlackRock. Le FRR lui a attribu\u00e9 des mandats en 2021 et 2022, pour des dur\u00e9es respectives de cinq et quatre ans. Fin 2023, l\u2019ERAFP lui a confi\u00e9 un mandat d\u2019actions pour une dur\u00e9e d\u2019au moins six ans. L\u2019ERAFP a \u00e9galement s\u00e9lectionn\u00e9 BlackRock en tant que titulaire de certains mandats stand-by en 2021, 2022 et 2023 \u2013 il se r\u00e9serve ainsi la possibilit\u00e9 de les activer pendant au moins cinq ans. Aucun ne pr\u00e9cise toutefois les montants des investissements confi\u00e9s \u00e0 BlackRock.<\/p>\n<p>M\u00eame s\u2019ils imposent \u00e0 BlackRock d\u2019investir selon leurs r\u00e8gles, ou lui confient parfois des mandats avec des exigences de durabilit\u00e9 [7], les pratiques globales de BlackRock sapent les engagements climatiques des acteurs fran\u00e7ais des retraites et sont en contradiction avec les pr\u00e9conisations scientifiques. L\u2019Agirc-Arrco, l\u2019ERAFP et le FRR cautionnent alors son soutien \u00e0 l\u2019expansion des \u00e9nergies fossiles et donc son entrave \u00e0 l\u2019objectif 1,5\u00b0C, qui est pourtant la trajectoire pr\u00e9tendument suivie par ses acteurs.<\/p>\n<p>Par ailleurs, cesser de collaborer avec BlackRock fait partie int\u00e9grante du devoir fiduciaire des investisseurs institutionnels, afin de prot\u00e9ger leurs portefeuilles et leurs b\u00e9n\u00e9ficiaires. Les cons\u00e9quences du changement climatique engendrent en effet des pertes significatives pour l\u2019ensemble de l\u2019\u00e9conomie et donc les portefeuilles financiers [8], mena\u00e7ant l\u2019avenir des cotisants aux retraites &#8211; notamment les jeunes g\u00e9n\u00e9rations &#8211; dans les prochaines d\u00e9cennies.<\/p>\n<\/div><div class=\"fusion-title title fusion-title-3 fusion-title-text fusion-title-size-two\" style=\"--awb-text-color:var(--awb-color4);--awb-margin-top:15px;--awb-margin-bottom:15px;--awb-font-size:16px;\"><div class=\"title-sep-container title-sep-container-left fusion-no-large-visibility fusion-no-medium-visibility fusion-no-small-visibility\"><div class=\"title-sep sep- sep-solid\" style=\"border-color:#3e3e3e;\"><\/div><\/div><span class=\"awb-title-spacer fusion-no-large-visibility fusion-no-medium-visibility fusion-no-small-visibility\"><\/span><h2 class=\"fusion-title-heading title-heading-left fusion-responsive-typography-calculated\" style=\"font-family:&quot;Montserrat&quot;;font-style:normal;font-weight:700;margin:0;font-size:1em;--fontSize:16;--minFontSize:16;line-height:1.5;\">Des acteurs des retraites europ\u00e9ens prennent d\u00e9j\u00e0 leurs distances avec BlackRock<\/h2><span class=\"awb-title-spacer\"><\/span><div class=\"title-sep-container title-sep-container-right\"><div class=\"title-sep sep- sep-solid\" style=\"border-color:#3e3e3e;\"><\/div><\/div><\/div><div class=\"fusion-text fusion-text-5\" style=\"--awb-content-alignment:justify;\"><p>Contrairement aux acteurs fran\u00e7ais, de plus en plus de fonds de pension europ\u00e9ens tournent le dos \u00e0 BlackRock ou envisagent de rompre avec le gestionnaire prochainement. D\u00e9but septembre, le deuxi\u00e8me fonds de pension n\u00e9erlandais PFZW a retir\u00e9 un mandat de 14 milliards d\u2019euros \u00e0 BlackRock, citant des pr\u00e9occupations li\u00e9es \u00e0 la durabilit\u00e9 [9]. D\u2019autres fonds de pension, PME aux Pays-Bas et AP7 en Su\u00e8de ont annonc\u00e9 en d\u00e9but d\u2019ann\u00e9e qu\u2019ils envisageaient de ne pas renouveler des mandats avec BlackRock en raison de son d\u00e9part de l\u2019initiative NZAM [10].<\/p>\n<p>D&rsquo;autres gestionnaires d&rsquo;actifs aux pratiques nocives pour le climat ont \u00e9galement \u00e9t\u00e9 \u00e9cart\u00e9s. Les fonds de pension britannique The People\u2019s Pension et danois Akademiker Pension ont ainsi retir\u00e9 des mandats \u00e0 State Street, \u00e0 cause de ses faibles pratiques ESG.<\/p>\n<p>Si l\u2019ERAFP et le FRR ont r\u00e9cemment rejoint une coalition d\u2019investisseurs institutionnels appelant leurs gestionnaires \u00e0 renforcer leur dialogue actionnarial climatique [11], il est grand temps de joindre le geste \u00e0 la parole en sanctionnant leurs g\u00e9rants qui n\u2019agissent pas en faveur du climat [12].<\/p>\n<\/div><div class=\"fusion-text fusion-text-6\" style=\"--awb-content-alignment:justify;\"><p><strong>A l\u2019heure o\u00f9 la crise climatique s\u2019aggrave, il est urgent que les acteurs fran\u00e7ais des retraites prennent leurs responsabilit\u00e9s. Reclaim Finance les appelle \u00e0 se doter de crit\u00e8res climatiques bas\u00e9s sur la science &#8211; particuli\u00e8rement concernant l\u2019arr\u00eat des soutiens \u00e0 l\u2019expansion fossile &#8211; lorsqu\u2019ils s\u00e9lectionnent un nouveau gestionnaire, et \u00e0 condamner publiquement les actions climaticides de BlackRock.<\/strong><\/p>\n<\/div><\/div><\/div><div class=\"fusion-layout-column fusion_builder_column fusion-builder-column-1 fusion_builder_column_1_1 1_1 fusion-flex-column fusion-column-no-min-height\" style=\"--awb-padding-top:20px;--awb-padding-right:10px;--awb-padding-bottom:20px;--awb-padding-left:10px;--awb-overflow:hidden;--awb-bg-size:cover;--awb-border-color:var(--awb-color1);--awb-border-top:1px;--awb-border-right:1px;--awb-border-bottom:1px;--awb-border-left:1px;--awb-border-style:solid;--awb-border-radius:10px 10px 10px 10px;--awb-width-large:100%;--awb-margin-top-large:0px;--awb-spacing-right-large:1.92%;--awb-margin-bottom-large:20px;--awb-spacing-left-large:1.92%;--awb-width-medium:100%;--awb-order-medium:0;--awb-spacing-right-medium:1.92%;--awb-spacing-left-medium:1.92%;--awb-width-small:100%;--awb-order-small:0;--awb-spacing-right-small:1.92%;--awb-spacing-left-small:1.92%;\"><div class=\"fusion-column-wrapper fusion-column-has-shadow fusion-flex-justify-content-flex-start fusion-content-layout-column\"><div class=\"fusion-title title fusion-title-4 fusion-title-text fusion-title-size-three\" style=\"--awb-text-color:var(--awb-color1);--awb-margin-bottom:0px;--awb-font-size:16px;\"><div class=\"title-sep-container title-sep-container-left fusion-no-large-visibility fusion-no-medium-visibility fusion-no-small-visibility\"><div class=\"title-sep sep- sep-solid\" style=\"border-color:#3e3e3e;\"><\/div><\/div><span class=\"awb-title-spacer fusion-no-large-visibility fusion-no-medium-visibility fusion-no-small-visibility\"><\/span><h3 class=\"fusion-title-heading title-heading-left fusion-responsive-typography-calculated\" style=\"font-family:&quot;Montserrat&quot;;font-style:normal;font-weight:700;margin:0;font-size:1em;--fontSize:16;--minFontSize:16;line-height:1.5;\">Notes :<\/h3><span class=\"awb-title-spacer\"><\/span><div class=\"title-sep-container title-sep-container-right\"><div class=\"title-sep sep- sep-solid\" style=\"border-color:#3e3e3e;\"><\/div><\/div><\/div><div class=\"fusion-text fusion-text-7\"><ol>\n<li><span data-contrast=\"auto\">Plus pr\u00e9cis\u00e9ment, l\u2019ERAFP est le r\u00e9gime de retraite compl\u00e9mentaire des titulaires et stagiaires de l\u2019\u00c9tat, et des fonctions publiques territoriale et hospitali\u00e8re, ainsi que les magistrats.<\/span><span data-ccp-props=\"{&quot;201341983&quot;:0,&quot;335559739&quot;:0,&quot;335559740&quot;:240}\">\u00a0<\/span><\/li>\n<li><span data-contrast=\"auto\">Le FRR a \u00e9t\u00e9 cr\u00e9\u00e9 en 2001 dans l\u2019optique de \u00ab\u202fconstituer des r\u00e9serves destin\u00e9es \u00e0 contribuer \u00e0 la p\u00e9rennit\u00e9 des r\u00e9gimes de retraites\u202f\u00bb. Il contribue aujourd\u2019hui \u00e0 financer les dettes sociales, en investissant des sommes que lui ont confi\u00e9es les pouvoirs publics, mais ses ressources peuvent en th\u00e9orie \u00eatre affect\u00e9es au \u00ab financement de la correction de d\u00e9s\u00e9quilibres financiers conjoncturels des r\u00e9gimes de retraite\u202f\u00bb.<\/span><span data-ccp-props=\"{&quot;201341983&quot;:0,&quot;335559739&quot;:0,&quot;335559740&quot;:240}\">\u00a0<\/span><\/li>\n<li><span data-contrast=\"auto\">D\u00e9but janvier 2025, BlackRock a quitt\u00e9 l\u2019initiative Net Zero Asset Managers, apr\u00e8s \u00eatre sorti partiellement de l\u2019initiative Climate Action 100+, n\u2019y laissant que sa branche internationale.<\/span><span data-ccp-props=\"{&quot;201341983&quot;:0,&quot;335559739&quot;:0,&quot;335559740&quot;:240}\">\u00a0<\/span><\/li>\n<li><span data-contrast=\"auto\">Urgewald, Investing in Climate Chaos, Mai 2024<\/span><span data-ccp-props=\"{&quot;201341983&quot;:0,&quot;335559739&quot;:0,&quot;335559740&quot;:240}\">\u00a0<\/span><\/li>\n<li><span data-contrast=\"auto\">Au 31 d\u00e9cembre 2024, BlackRock d\u00e9tenait 6,1% du capital de TotalEnergies.<\/span><span data-ccp-props=\"{&quot;201341983&quot;:0,&quot;335559739&quot;:0,&quot;335559740&quot;:240}\">\u00a0<\/span><span data-contrast=\"auto\">TotalEnergies, Documents d\u2019Enregistrement Universel 2024<\/span><span data-ccp-props=\"{&quot;201341983&quot;:0,&quot;335559739&quot;:0,&quot;335559740&quot;:240}\">\u00a0<\/span><\/li>\n<li><span data-contrast=\"auto\">51% du financement des entreprises d\u00e9veloppant de nouveaux projets fossiles provient des \u00e9missions d&rsquo;obligations.<\/span><span data-ccp-props=\"{&quot;201341983&quot;:0,&quot;335559739&quot;:0,&quot;335559740&quot;:240}\">\u00a0<\/span><span data-contrast=\"auto\">Calcul sur la base des donn\u00e9es de l\u2019\u00e9dition 2025 du <\/span><span style=\"text-decoration: underline;\"><a href=\"https:\/\/reclaimfinance.org\/site\/2025\/06\/17\/edition-2025-du-rapport-banking-on-climate-chaos\/\" target=\"_blank\" rel=\"noopener\">rapport Banking On Climate Chaos<\/a><\/span><span data-contrast=\"auto\">.<\/span><span data-ccp-props=\"{&quot;201341983&quot;:0,&quot;335559739&quot;:0,&quot;335559740&quot;:240}\">\u00a0<\/span><\/li>\n<li><span data-contrast=\"auto\">Certains mandats confi\u00e9s par le FRR \u00e0 BlackRock incluent la mention \u00ab\u202fgestion responsable\u202f\u00bb dans leur intitul\u00e9, et le mandat actuellement g\u00e9r\u00e9 par BlackRock pour l\u2019ERAFP adopte une approche indicielle r\u00e9pliquant un indice \u00ab Transition climatique \u00bb (\u00ab Carbon Transition Benchmark \u00bb, CTB).<\/span><span data-ccp-props=\"{&quot;201341983&quot;:0,&quot;335559739&quot;:0,&quot;335559740&quot;:240}\">\u00a0<\/span><\/li>\n<li><span data-contrast=\"auto\">L\u2019Autorit\u00e9 europ\u00e9enne des assurances et des pensions professionnelles (en anglais <\/span><i><span data-contrast=\"auto\">European Insurance and Occupational Pensions Authority \u2013 EIOPA<\/span><\/i><span data-contrast=\"auto\">) souligne que les fonds de pension europ\u00e9ens sont fortement expos\u00e9s aux risques climatiques, et estime qu\u2019une transition d\u00e9sordonn\u00e9e pourrait g\u00e9n\u00e9rer des pertes repr\u00e9sentant 255 milliards, principalement dues \u00e0 leurs investissements dans des secteurs \u00e0 forte intensit\u00e9 carbone.<\/span><span data-ccp-props=\"{&quot;201341983&quot;:0,&quot;335559739&quot;:0,&quot;335559740&quot;:240}\">\u00a0<\/span><span data-contrast=\"auto\">European Insurance and Occupational Pensions Authority (EIOPA), D\u00e9cembre 2022, Climate stress test for the occupational pensions sector 2022<\/span><span data-ccp-props=\"{&quot;201341983&quot;:0,&quot;335559739&quot;:0,&quot;335559740&quot;:240}\">\u00a0<\/span><\/li>\n<li><span data-contrast=\"auto\">Agefi, 4 septembre 2025, <\/span><span style=\"text-decoration: underline;\"><a href=\"https:\/\/www.agefi.fr\/investisseurs-institutionnels\/appels-offres\/blackrock-perd-un-mandat-de-14-3-milliards-deuros-du-neerlandais-pfzw\" target=\"_blank\" rel=\"noopener\">BlackRock perd un mandat de 14,3 milliards d\u2019euros du n\u00e9erlandais PFZW &#8211; L&rsquo;Agefi<\/a><\/span><span data-ccp-props=\"{&quot;201341983&quot;:0,&quot;335559739&quot;:0,&quot;335559740&quot;:240}\">\u00a0<\/span><\/li>\n<li><span data-contrast=\"auto\">Agefi, 24 janvier 2025,\u202f<\/span><span style=\"text-decoration: underline;\"><a href=\"https:\/\/www.agefi.fr\/investisseurs-institutionnels\/actualites\/le-fonds-de-pension-pme-envisage-decarter-blackrock-a-cause-de-sa-volte-face-sur-le-climat\" target=\"_blank\" rel=\"noopener\">Le fonds de pension PME envisage d\u2019\u00e9carter BlackRock apr\u00e8s sa volte-face sur les coalitions climat<\/a><\/span><span data-ccp-props=\"{&quot;201341983&quot;:0,&quot;335559739&quot;:0,&quot;335559740&quot;:240}\">\u00a0<\/span><span data-contrast=\"auto\">IPE, 14 janvier 2025,\u202f<\/span><a href=\"https:\/\/www.ipe.com\/news\/ap7-indicates-blackrocks-nzam-exit-could-affect-future-mandates\/10128158.article\" target=\"_blank\" rel=\"noopener\"><span data-contrast=\"none\">\u200b<span style=\"text-decoration: underline;\">AP7 indicates BlackRock\u2019s NZAM exit could affect future mandates<\/span><\/span><\/a><\/li>\n<li><span data-contrast=\"auto\">Agefi, 22 octobre 2025, <\/span><span style=\"text-decoration: underline;\"><a href=\"https:\/\/www.agefi.fr\/investisseurs-institutionnels\/actualites\/six-grands-institutionnels-francais-rejoignent-la-nouvelle-coalition-visant-lengagement-climatique-des-gerants\" target=\"_blank\" rel=\"noopener\">Six institutionnels fran\u00e7ais rejoignent une coalition sur l\u2019engagement climatique des g\u00e9rants<\/a><\/span><span data-contrast=\"auto\">\u00a0<\/span><span data-ccp-props=\"{&quot;201341983&quot;:0,&quot;335559739&quot;:0,&quot;335559740&quot;:240}\">\u00a0<\/span><\/li>\n<li><span data-contrast=\"auto\">Les acteurs fran\u00e7ais des retraites travaillent avec d\u2019autres gestionnaires d\u2019actifs soutenant massivement l\u2019expansion fossile. Par exemple, l\u2019Agirc-Arrco confie des investissements \u00e0 State Street, le FRR \u00e0 JP Morgan Asset Management et l\u2019ERAFP \u00e0 Morgan Stanley Investment Management.<\/span><span data-ccp-props=\"{&quot;201341983&quot;:0,&quot;335559739&quot;:0,&quot;335559740&quot;:240}\">\u00a0<\/span><\/li>\n<\/ol>\n<\/div><\/div><\/div><\/div><\/div><div class=\"fusion-fullwidth fullwidth-box fusion-builder-row-2 fusion-flex-container has-pattern-background has-mask-background nonhundred-percent-fullwidth non-hundred-percent-height-scrolling\" style=\"--awb-border-radius-top-left:0px;--awb-border-radius-top-right:0px;--awb-border-radius-bottom-right:0px;--awb-border-radius-bottom-left:0px;--awb-flex-wrap:wrap;\" ><div class=\"fusion-builder-row fusion-row fusion-flex-align-items-flex-start fusion-flex-content-wrap\" style=\"max-width:1216.8px;margin-left: calc(-4% \/ 2 );margin-right: calc(-4% \/ 2 );\"><div class=\"fusion-layout-column fusion_builder_column fusion-builder-column-2 fusion_builder_column_1_1 1_1 fusion-flex-column\" style=\"--awb-bg-size:cover;--awb-width-large:100%;--awb-margin-top-large:0px;--awb-spacing-right-large:1.92%;--awb-margin-bottom-large:20px;--awb-spacing-left-large:1.92%;--awb-width-medium:100%;--awb-order-medium:0;--awb-spacing-right-medium:1.92%;--awb-spacing-left-medium:1.92%;--awb-width-small:100%;--awb-order-small:0;--awb-spacing-right-small:1.92%;--awb-spacing-left-small:1.92%;\"><div class=\"fusion-column-wrapper fusion-column-has-shadow fusion-flex-justify-content-flex-start fusion-content-layout-column\"><div class=\"fusion-title title fusion-title-5 fusion-sep-none fusion-title-text fusion-title-size-two\" style=\"--awb-text-color:var(--awb-color1);--awb-margin-bottom:0px;\"><h2 class=\"fusion-title-heading title-heading-left fusion-responsive-typography-calculated\" style=\"margin:0;text-transform:uppercase;--fontSize:33;line-height:1.5;\">lire aussi<\/h2><\/div><div class=\"fusion-separator\" style=\"align-self: flex-start;margin-right:auto;margin-top:25px;margin-bottom:35px;width:100%;max-width:100px;\"><div class=\"fusion-separator-border sep-single sep-solid\" style=\"--awb-height:20px;--awb-amount:20px;--awb-sep-color:var(--awb-color4);border-color:var(--awb-color4);border-top-width:10px;\"><\/div><\/div><div class=\"fusion-blog-shortcode fusion-blog-shortcode-1 fusion-blog-archive fusion-blog-layout-grid-wrapper fusion-blog-no\"><style type=\"text\/css\">.fusion-blog-shortcode-1 .fusion-blog-layout-grid .fusion-post-grid{padding:15px;}.fusion-blog-shortcode-1 .fusion-posts-container{margin-left: -15px !important; margin-right:-15px !important;}<\/style><div class=\"fusion-posts-container fusion-posts-container-no fusion-blog-rollover fusion-blog-layout-grid fusion-blog-layout-grid-3 isotope fusion-blog-equal-heights\" data-pages=\"181\" data-grid-col-space=\"30\" style=\"margin: -15px -15px 0;min-height:500px;\"><article id=\"blog-1-post-39629\" class=\"fusion-post-grid post-39629 post type-post status-publish format-standard has-post-thumbnail hentry category-blog acteurs_financiers-banques-fr thematique-energies-fossiles\">\n<div class=\"fusion-post-wrapper\" style=\"background-color:rgba(255,255,255,0);border:1px solid #2a2b3d;border-bottom-width:3px;\">\n\n\t\t\t<div class=\"fusion-flexslider flexslider fusion-flexslider-loading fusion-post-slideshow\" style=\"border-color:#2a2b3d;\">\n\t\t<ul class=\"slides\">\n\t\t\t\n\t\t\t\t\t\t\t\t\t\t\t\t\t\t<li><div  class=\"fusion-image-wrapper\" aria-haspopup=\"true\">\n\t\t\t\t<img decoding=\"async\" width=\"1125\" height=\"500\" src=\"https:\/\/reclaimfinance.org\/site\/wp-content\/uploads\/2026\/04\/BCE-1.png\" class=\"attachment-full size-full wp-post-image\" alt=\"\" \/><div class=\"fusion-rollover\">\n\t<div class=\"fusion-rollover-content\">\n\n\t\t\t\t\n\t\t\n\t\t\t\t\t\t\t\t\n\t\t\t\t\t\t\t\t\n\t\t\n\t\t\t\t\t\t<a class=\"fusion-link-wrapper\" href=\"https:\/\/reclaimfinance.org\/site\/2026\/04\/27\/le-choix-de-la-bce-proteger-la-transition-energetique-ou-repeter-les-erreurs-du-passe\/\" aria-label=\"Le choix de la BCE : prot\u00e9ger la transition \u00e9nerg\u00e9tique ou r\u00e9p\u00e9ter les erreurs du pass\u00e9\"><\/a>\n\t<\/div>\n<\/div>\n<\/div>\n<\/li>\n\t\t\t\n\t\t\t\n\t\t\t\t\t\t\t\t<\/ul>\n\t<\/div>\n\t<div class=\"fusion-post-content-wrapper\" style=\"padding:30px 25px 20px 25px;\"><div class=\"fusion-post-content post-content\"><h3 class=\"blog-shortcode-post-title entry-title\"><a href=\"https:\/\/reclaimfinance.org\/site\/2026\/04\/27\/le-choix-de-la-bce-proteger-la-transition-energetique-ou-repeter-les-erreurs-du-passe\/\">Le choix de la BCE : prot\u00e9ger la transition \u00e9nerg\u00e9tique ou r\u00e9p\u00e9ter les erreurs du pass\u00e9<\/a><\/h3><p class=\"fusion-single-line-meta\"><span class=\"vcard\" style=\"display: none;\"><span class=\"fn\"><a href=\"https:\/\/reclaimfinance.org\/site\/author\/aman\/\" title=\"Articles par Aatira\u00ef Manickawasagar\" rel=\"author\">Aatira\u00ef Manickawasagar<\/a><\/span><\/span><span class=\"updated\" style=\"display:none;\">2026-04-27T14:38:08+02:00<\/span><a href=\"https:\/\/reclaimfinance.org\/site\/category\/blog\/\" rel=\"category tag\">Articles<\/a><span class=\"fusion-inline-sep\">|<\/span><\/p><\/div><\/div><div class=\"fusion-clearfix\"><\/div><\/div>\n<\/article>\n<article id=\"blog-1-post-39586\" class=\"fusion-post-grid post-39586 post type-post status-publish format-standard has-post-thumbnail hentry category-blog acteurs_financiers-assurances-fr acteurs_financiers-investisseurs\">\n<div class=\"fusion-post-wrapper\" style=\"background-color:rgba(255,255,255,0);border:1px solid #2a2b3d;border-bottom-width:3px;\">\n\n\t\t\t<div class=\"fusion-flexslider flexslider fusion-flexslider-loading fusion-post-slideshow\" style=\"border-color:#2a2b3d;\">\n\t\t<ul class=\"slides\">\n\t\t\t\n\t\t\t\t\t\t\t\t\t\t\t\t\t\t<li><div  class=\"fusion-image-wrapper\" aria-haspopup=\"true\">\n\t\t\t\t<img decoding=\"async\" width=\"900\" height=\"400\" src=\"https:\/\/reclaimfinance.org\/site\/wp-content\/uploads\/2025\/09\/Totalenergies-investors1.png\" class=\"attachment-full size-full wp-post-image\" alt=\"\" \/><div class=\"fusion-rollover\">\n\t<div class=\"fusion-rollover-content\">\n\n\t\t\t\t\n\t\t\n\t\t\t\t\t\t\t\t\n\t\t\t\t\t\t\t\t\n\t\t\n\t\t\t\t\t\t<a class=\"fusion-link-wrapper\" href=\"https:\/\/reclaimfinance.org\/site\/2026\/04\/24\/totalenergies-finance-par-lassurance-vie-un-soutien-toujours-moins-defendable\/\" aria-label=\"TotalEnergies financ\u00e9 par l\u2019assurance-vie : un soutien toujours moins d\u00e9fendable\"><\/a>\n\t<\/div>\n<\/div>\n<\/div>\n<\/li>\n\t\t\t\n\t\t\t\n\t\t\t\t\t\t\t\t<\/ul>\n\t<\/div>\n\t<div class=\"fusion-post-content-wrapper\" style=\"padding:30px 25px 20px 25px;\"><div class=\"fusion-post-content post-content\"><h3 class=\"blog-shortcode-post-title entry-title\"><a href=\"https:\/\/reclaimfinance.org\/site\/2026\/04\/24\/totalenergies-finance-par-lassurance-vie-un-soutien-toujours-moins-defendable\/\">TotalEnergies financ\u00e9 par l\u2019assurance-vie : un soutien toujours moins d\u00e9fendable<\/a><\/h3><p class=\"fusion-single-line-meta\"><span class=\"vcard\" style=\"display: none;\"><span class=\"fn\"><a href=\"https:\/\/reclaimfinance.org\/site\/author\/alb\/\" title=\"Articles par Ariel Le Bourdonnec\" rel=\"author\">Ariel Le Bourdonnec<\/a><\/span><\/span><span class=\"updated\" style=\"display:none;\">2026-04-27T09:14:58+02:00<\/span><a href=\"https:\/\/reclaimfinance.org\/site\/category\/blog\/\" rel=\"category tag\">Articles<\/a><span class=\"fusion-inline-sep\">|<\/span><\/p><\/div><\/div><div class=\"fusion-clearfix\"><\/div><\/div>\n<\/article>\n<article id=\"blog-1-post-39566\" class=\"fusion-post-grid post-39566 post type-post status-publish format-standard has-post-thumbnail hentry category-blog acteurs_financiers-assurances-fr acteurs_financiers-banques-fr acteurs_financiers-detenteurs-dactifs acteurs_financiers-gestionnaire-dactifs acteurs_financiers-gfanz acteurs_financiers-investisseurs acteurs_financiers-regulateurs-fr thematique-energies-fossiles\">\n<div class=\"fusion-post-wrapper\" style=\"background-color:rgba(255,255,255,0);border:1px solid #2a2b3d;border-bottom-width:3px;\">\n\n\t\t\t<div class=\"fusion-flexslider flexslider fusion-flexslider-loading fusion-post-slideshow\" style=\"border-color:#2a2b3d;\">\n\t\t<ul class=\"slides\">\n\t\t\t\n\t\t\t\t\t\t\t\t\t\t\t\t\t\t<li><div  class=\"fusion-image-wrapper\" aria-haspopup=\"true\">\n\t\t\t\t<img decoding=\"async\" width=\"1125\" height=\"500\" src=\"https:\/\/reclaimfinance.org\/site\/wp-content\/uploads\/2026\/04\/amazonie-.png\" class=\"attachment-full size-full wp-post-image\" alt=\"\" \/><div class=\"fusion-rollover\">\n\t<div class=\"fusion-rollover-content\">\n\n\t\t\t\t\n\t\t\n\t\t\t\t\t\t\t\t\n\t\t\t\t\t\t\t\t\n\t\t\n\t\t\t\t\t\t<a class=\"fusion-link-wrapper\" href=\"https:\/\/reclaimfinance.org\/site\/2026\/04\/22\/proteger-les-zones-critiques-pour-la-biodiversite-de-la-predation-fossile\/\" aria-label=\"Prot\u00e9ger les zones critiques pour la biodiversit\u00e9 de la pr\u00e9dation fossile\"><\/a>\n\t<\/div>\n<\/div>\n<\/div>\n<\/li>\n\t\t\t\n\t\t\t\n\t\t\t\t\t\t\t\t<\/ul>\n\t<\/div>\n\t<div class=\"fusion-post-content-wrapper\" style=\"padding:30px 25px 20px 25px;\"><div class=\"fusion-post-content post-content\"><h3 class=\"blog-shortcode-post-title entry-title\"><a href=\"https:\/\/reclaimfinance.org\/site\/2026\/04\/22\/proteger-les-zones-critiques-pour-la-biodiversite-de-la-predation-fossile\/\">Prot\u00e9ger les zones critiques pour la biodiversit\u00e9 de la pr\u00e9dation fossile<\/a><\/h3><p class=\"fusion-single-line-meta\"><span class=\"vcard\" style=\"display: none;\"><span class=\"fn\"><a href=\"https:\/\/reclaimfinance.org\/site\/author\/aman\/\" title=\"Articles par Aatira\u00ef Manickawasagar\" rel=\"author\">Aatira\u00ef Manickawasagar<\/a><\/span><\/span><span class=\"updated\" style=\"display:none;\">2026-04-27T16:20:23+02:00<\/span><a href=\"https:\/\/reclaimfinance.org\/site\/category\/blog\/\" rel=\"category tag\">Articles<\/a><span class=\"fusion-inline-sep\">|<\/span><\/p><\/div><\/div><div class=\"fusion-clearfix\"><\/div><\/div>\n<\/article>\n<div class=\"fusion-clearfix\"><\/div><\/div><\/div><\/div><\/div><\/div><\/div><\/p>\n","protected":false},"excerpt":{"rendered":"","protected":false},"author":33,"featured_media":38330,"comment_status":"closed","ping_status":"open","sticky":false,"template":"","format":"standard","meta":{"footnotes":""},"categories":[45],"tags":[],"acteurs_financiers":[2432],"thematique":[],"webinar_type":[],"programme":[3729],"class_list":["post-38319","post","type-post","status-publish","format-standard","has-post-thumbnail","hentry","category-blog","acteurs_financiers-gestionnaire-dactifs","programme-programme-1-fr"],"yoast_head":"<!-- This site is optimized with the Yoast SEO plugin v23.1 - https:\/\/yoast.com\/wordpress\/plugins\/seo\/ -->\n<title>Quand les retraites fran\u00e7aises pactisent avec BlackRock - Reclaim Finance<\/title>\n<meta name=\"description\" content=\"L\u2019Agirc-Arrco, l\u2019ERAFP, et le FRR cautionnent ainsi BlackRock connu pour son soutien massif \u00e0 l\u2019expansion fossile et ses r\u00e9cents reculs climatiques, tout en ayant pour responsabilit\u00e9 de s\u00e9curiser notre avenir.\" \/>\n<meta name=\"robots\" content=\"index, follow, max-snippet:-1, max-image-preview:large, max-video-preview:-1\" \/>\n<link rel=\"canonical\" href=\"https:\/\/reclaimfinance.org\/site\/2025\/11\/04\/quand-les-retraites-francaises-pactisent-avec-blackrock\/\" \/>\n<meta property=\"og:locale\" content=\"fr_FR\" \/>\n<meta property=\"og:type\" content=\"article\" \/>\n<meta property=\"og:title\" content=\"Quand les retraites fran\u00e7aises pactisent avec BlackRock - Reclaim Finance\" \/>\n<meta property=\"og:description\" content=\"L\u2019Agirc-Arrco, l\u2019ERAFP, et le FRR cautionnent ainsi BlackRock connu pour son soutien massif \u00e0 l\u2019expansion fossile et ses r\u00e9cents reculs climatiques, tout en ayant pour responsabilit\u00e9 de s\u00e9curiser notre avenir.\" \/>\n<meta property=\"og:url\" content=\"https:\/\/reclaimfinance.org\/site\/2025\/11\/04\/quand-les-retraites-francaises-pactisent-avec-blackrock\/\" \/>\n<meta property=\"og:site_name\" content=\"Reclaim Finance\" \/>\n<meta property=\"article:publisher\" content=\"https:\/\/www.facebook.com\/ReclaimFinanceONG\" \/>\n<meta property=\"article:published_time\" content=\"2025-11-04T08:00:48+00:00\" \/>\n<meta property=\"article:modified_time\" content=\"2025-12-31T12:19:16+00:00\" \/>\n<meta property=\"og:image\" content=\"https:\/\/reclaimfinance.org\/site\/wp-content\/uploads\/2025\/11\/Blackrock.png\" \/>\n\t<meta property=\"og:image:width\" content=\"1125\" \/>\n\t<meta property=\"og:image:height\" content=\"500\" \/>\n\t<meta property=\"og:image:type\" content=\"image\/png\" \/>\n<meta name=\"author\" content=\"Aatira\u00ef Manickawasagar\" \/>\n<meta name=\"twitter:card\" content=\"summary_large_image\" \/>\n<meta name=\"twitter:creator\" content=\"@ReclaimFinance\" \/>\n<meta name=\"twitter:site\" content=\"@ReclaimFinance\" \/>\n<meta name=\"twitter:label1\" content=\"\u00c9crit par\" \/>\n\t<meta name=\"twitter:data1\" content=\"Aatira\u00ef Manickawasagar\" \/>\n\t<meta name=\"twitter:label2\" content=\"Dur\u00e9e de lecture estim\u00e9e\" \/>\n\t<meta name=\"twitter:data2\" content=\"8 minutes\" \/>\n<script type=\"application\/ld+json\" class=\"yoast-schema-graph\">{\"@context\":\"https:\/\/schema.org\",\"@graph\":[{\"@type\":\"Article\",\"@id\":\"https:\/\/reclaimfinance.org\/site\/2025\/11\/04\/quand-les-retraites-francaises-pactisent-avec-blackrock\/#article\",\"isPartOf\":{\"@id\":\"https:\/\/reclaimfinance.org\/site\/2025\/11\/04\/quand-les-retraites-francaises-pactisent-avec-blackrock\/\"},\"author\":{\"name\":\"Aatira\u00ef Manickawasagar\",\"@id\":\"https:\/\/reclaimfinance.org\/site\/#\/schema\/person\/8c70ddf3adc9c340a9a83031ae1d7929\"},\"headline\":\"Quand les retraites fran\u00e7aises pactisent avec BlackRock\",\"datePublished\":\"2025-11-04T08:00:48+00:00\",\"dateModified\":\"2025-12-31T12:19:16+00:00\",\"mainEntityOfPage\":{\"@id\":\"https:\/\/reclaimfinance.org\/site\/2025\/11\/04\/quand-les-retraites-francaises-pactisent-avec-blackrock\/\"},\"wordCount\":4091,\"publisher\":{\"@id\":\"https:\/\/reclaimfinance.org\/site\/#organization\"},\"image\":{\"@id\":\"https:\/\/reclaimfinance.org\/site\/2025\/11\/04\/quand-les-retraites-francaises-pactisent-avec-blackrock\/#primaryimage\"},\"thumbnailUrl\":\"https:\/\/reclaimfinance.org\/site\/wp-content\/uploads\/2025\/11\/Blackrock.png\",\"articleSection\":[\"Articles\"],\"inLanguage\":\"fr-FR\"},{\"@type\":\"WebPage\",\"@id\":\"https:\/\/reclaimfinance.org\/site\/2025\/11\/04\/quand-les-retraites-francaises-pactisent-avec-blackrock\/\",\"url\":\"https:\/\/reclaimfinance.org\/site\/2025\/11\/04\/quand-les-retraites-francaises-pactisent-avec-blackrock\/\",\"name\":\"Quand les retraites fran\u00e7aises pactisent avec BlackRock - Reclaim Finance\",\"isPartOf\":{\"@id\":\"https:\/\/reclaimfinance.org\/site\/#website\"},\"primaryImageOfPage\":{\"@id\":\"https:\/\/reclaimfinance.org\/site\/2025\/11\/04\/quand-les-retraites-francaises-pactisent-avec-blackrock\/#primaryimage\"},\"image\":{\"@id\":\"https:\/\/reclaimfinance.org\/site\/2025\/11\/04\/quand-les-retraites-francaises-pactisent-avec-blackrock\/#primaryimage\"},\"thumbnailUrl\":\"https:\/\/reclaimfinance.org\/site\/wp-content\/uploads\/2025\/11\/Blackrock.png\",\"datePublished\":\"2025-11-04T08:00:48+00:00\",\"dateModified\":\"2025-12-31T12:19:16+00:00\",\"description\":\"L\u2019Agirc-Arrco, l\u2019ERAFP, et le FRR cautionnent ainsi BlackRock connu pour son soutien massif \u00e0 l\u2019expansion fossile et ses r\u00e9cents reculs climatiques, tout en ayant pour responsabilit\u00e9 de s\u00e9curiser notre avenir.\",\"breadcrumb\":{\"@id\":\"https:\/\/reclaimfinance.org\/site\/2025\/11\/04\/quand-les-retraites-francaises-pactisent-avec-blackrock\/#breadcrumb\"},\"inLanguage\":\"fr-FR\",\"potentialAction\":[{\"@type\":\"ReadAction\",\"target\":[\"https:\/\/reclaimfinance.org\/site\/2025\/11\/04\/quand-les-retraites-francaises-pactisent-avec-blackrock\/\"]}]},{\"@type\":\"ImageObject\",\"inLanguage\":\"fr-FR\",\"@id\":\"https:\/\/reclaimfinance.org\/site\/2025\/11\/04\/quand-les-retraites-francaises-pactisent-avec-blackrock\/#primaryimage\",\"url\":\"https:\/\/reclaimfinance.org\/site\/wp-content\/uploads\/2025\/11\/Blackrock.png\",\"contentUrl\":\"https:\/\/reclaimfinance.org\/site\/wp-content\/uploads\/2025\/11\/Blackrock.png\",\"width\":1125,\"height\":500},{\"@type\":\"BreadcrumbList\",\"@id\":\"https:\/\/reclaimfinance.org\/site\/2025\/11\/04\/quand-les-retraites-francaises-pactisent-avec-blackrock\/#breadcrumb\",\"itemListElement\":[{\"@type\":\"ListItem\",\"position\":1,\"name\":\"Accueil\",\"item\":\"https:\/\/reclaimfinance.org\/site\/\"},{\"@type\":\"ListItem\",\"position\":2,\"name\":\"Quand les retraites fran\u00e7aises pactisent avec BlackRock\"}]},{\"@type\":\"WebSite\",\"@id\":\"https:\/\/reclaimfinance.org\/site\/#website\",\"url\":\"https:\/\/reclaimfinance.org\/site\/\",\"name\":\"Reclaim Finance\",\"description\":\"Reprendre le contr\u00f4le de la finance pour le climat et la biodiversit\u00e9\",\"publisher\":{\"@id\":\"https:\/\/reclaimfinance.org\/site\/#organization\"},\"potentialAction\":[{\"@type\":\"SearchAction\",\"target\":{\"@type\":\"EntryPoint\",\"urlTemplate\":\"https:\/\/reclaimfinance.org\/site\/?s={search_term_string}\"},\"query-input\":\"required name=search_term_string\"}],\"inLanguage\":\"fr-FR\"},{\"@type\":\"Organization\",\"@id\":\"https:\/\/reclaimfinance.org\/site\/#organization\",\"name\":\"Reclaim Finance\",\"url\":\"https:\/\/reclaimfinance.org\/site\/\",\"logo\":{\"@type\":\"ImageObject\",\"inLanguage\":\"fr-FR\",\"@id\":\"https:\/\/reclaimfinance.org\/site\/#\/schema\/logo\/image\/\",\"url\":\"https:\/\/reclaimfinance.org\/site\/wp-content\/uploads\/2020\/03\/logo_RC_space.png\",\"contentUrl\":\"https:\/\/reclaimfinance.org\/site\/wp-content\/uploads\/2020\/03\/logo_RC_space.png\",\"width\":800,\"height\":800,\"caption\":\"Reclaim Finance\"},\"image\":{\"@id\":\"https:\/\/reclaimfinance.org\/site\/#\/schema\/logo\/image\/\"},\"sameAs\":[\"https:\/\/www.facebook.com\/ReclaimFinanceONG\",\"https:\/\/x.com\/ReclaimFinance\",\"https:\/\/www.instagram.com\/reclaimfinance\/\",\"https:\/\/www.linkedin.com\/company\/reclaim-finance-ong-think-tank\"]},{\"@type\":\"Person\",\"@id\":\"https:\/\/reclaimfinance.org\/site\/#\/schema\/person\/8c70ddf3adc9c340a9a83031ae1d7929\",\"name\":\"Aatira\u00ef Manickawasagar\",\"image\":{\"@type\":\"ImageObject\",\"inLanguage\":\"fr-FR\",\"@id\":\"https:\/\/reclaimfinance.org\/site\/#\/schema\/person\/image\/\",\"url\":\"https:\/\/secure.gravatar.com\/avatar\/c32a479bcc22e06f8b0e3b8763e6434e?s=96&d=mm&r=g\",\"contentUrl\":\"https:\/\/secure.gravatar.com\/avatar\/c32a479bcc22e06f8b0e3b8763e6434e?s=96&d=mm&r=g\",\"caption\":\"Aatira\u00ef Manickawasagar\"},\"url\":\"https:\/\/reclaimfinance.org\/site\/author\/aman\/\"}]}<\/script>\n<!-- \/ Yoast SEO plugin. -->","yoast_head_json":{"title":"Quand les retraites fran\u00e7aises pactisent avec BlackRock - Reclaim Finance","description":"L\u2019Agirc-Arrco, l\u2019ERAFP, et le FRR cautionnent ainsi BlackRock connu pour son soutien massif \u00e0 l\u2019expansion fossile et ses r\u00e9cents reculs climatiques, tout en ayant pour responsabilit\u00e9 de s\u00e9curiser notre avenir.","robots":{"index":"index","follow":"follow","max-snippet":"max-snippet:-1","max-image-preview":"max-image-preview:large","max-video-preview":"max-video-preview:-1"},"canonical":"https:\/\/reclaimfinance.org\/site\/2025\/11\/04\/quand-les-retraites-francaises-pactisent-avec-blackrock\/","og_locale":"fr_FR","og_type":"article","og_title":"Quand les retraites fran\u00e7aises pactisent avec BlackRock - Reclaim Finance","og_description":"L\u2019Agirc-Arrco, l\u2019ERAFP, et le FRR cautionnent ainsi BlackRock connu pour son soutien massif \u00e0 l\u2019expansion fossile et ses r\u00e9cents reculs climatiques, tout en ayant pour responsabilit\u00e9 de s\u00e9curiser notre avenir.","og_url":"https:\/\/reclaimfinance.org\/site\/2025\/11\/04\/quand-les-retraites-francaises-pactisent-avec-blackrock\/","og_site_name":"Reclaim Finance","article_publisher":"https:\/\/www.facebook.com\/ReclaimFinanceONG","article_published_time":"2025-11-04T08:00:48+00:00","article_modified_time":"2025-12-31T12:19:16+00:00","og_image":[{"width":1125,"height":500,"url":"https:\/\/reclaimfinance.org\/site\/wp-content\/uploads\/2025\/11\/Blackrock.png","type":"image\/png"}],"author":"Aatira\u00ef Manickawasagar","twitter_card":"summary_large_image","twitter_creator":"@ReclaimFinance","twitter_site":"@ReclaimFinance","twitter_misc":{"\u00c9crit par":"Aatira\u00ef Manickawasagar","Dur\u00e9e de lecture estim\u00e9e":"8 minutes"},"schema":{"@context":"https:\/\/schema.org","@graph":[{"@type":"Article","@id":"https:\/\/reclaimfinance.org\/site\/2025\/11\/04\/quand-les-retraites-francaises-pactisent-avec-blackrock\/#article","isPartOf":{"@id":"https:\/\/reclaimfinance.org\/site\/2025\/11\/04\/quand-les-retraites-francaises-pactisent-avec-blackrock\/"},"author":{"name":"Aatira\u00ef Manickawasagar","@id":"https:\/\/reclaimfinance.org\/site\/#\/schema\/person\/8c70ddf3adc9c340a9a83031ae1d7929"},"headline":"Quand les retraites fran\u00e7aises pactisent avec BlackRock","datePublished":"2025-11-04T08:00:48+00:00","dateModified":"2025-12-31T12:19:16+00:00","mainEntityOfPage":{"@id":"https:\/\/reclaimfinance.org\/site\/2025\/11\/04\/quand-les-retraites-francaises-pactisent-avec-blackrock\/"},"wordCount":4091,"publisher":{"@id":"https:\/\/reclaimfinance.org\/site\/#organization"},"image":{"@id":"https:\/\/reclaimfinance.org\/site\/2025\/11\/04\/quand-les-retraites-francaises-pactisent-avec-blackrock\/#primaryimage"},"thumbnailUrl":"https:\/\/reclaimfinance.org\/site\/wp-content\/uploads\/2025\/11\/Blackrock.png","articleSection":["Articles"],"inLanguage":"fr-FR"},{"@type":"WebPage","@id":"https:\/\/reclaimfinance.org\/site\/2025\/11\/04\/quand-les-retraites-francaises-pactisent-avec-blackrock\/","url":"https:\/\/reclaimfinance.org\/site\/2025\/11\/04\/quand-les-retraites-francaises-pactisent-avec-blackrock\/","name":"Quand les retraites fran\u00e7aises pactisent avec BlackRock - Reclaim Finance","isPartOf":{"@id":"https:\/\/reclaimfinance.org\/site\/#website"},"primaryImageOfPage":{"@id":"https:\/\/reclaimfinance.org\/site\/2025\/11\/04\/quand-les-retraites-francaises-pactisent-avec-blackrock\/#primaryimage"},"image":{"@id":"https:\/\/reclaimfinance.org\/site\/2025\/11\/04\/quand-les-retraites-francaises-pactisent-avec-blackrock\/#primaryimage"},"thumbnailUrl":"https:\/\/reclaimfinance.org\/site\/wp-content\/uploads\/2025\/11\/Blackrock.png","datePublished":"2025-11-04T08:00:48+00:00","dateModified":"2025-12-31T12:19:16+00:00","description":"L\u2019Agirc-Arrco, l\u2019ERAFP, et le FRR cautionnent ainsi BlackRock connu pour son soutien massif \u00e0 l\u2019expansion fossile et ses r\u00e9cents reculs climatiques, tout en ayant pour responsabilit\u00e9 de s\u00e9curiser notre avenir.","breadcrumb":{"@id":"https:\/\/reclaimfinance.org\/site\/2025\/11\/04\/quand-les-retraites-francaises-pactisent-avec-blackrock\/#breadcrumb"},"inLanguage":"fr-FR","potentialAction":[{"@type":"ReadAction","target":["https:\/\/reclaimfinance.org\/site\/2025\/11\/04\/quand-les-retraites-francaises-pactisent-avec-blackrock\/"]}]},{"@type":"ImageObject","inLanguage":"fr-FR","@id":"https:\/\/reclaimfinance.org\/site\/2025\/11\/04\/quand-les-retraites-francaises-pactisent-avec-blackrock\/#primaryimage","url":"https:\/\/reclaimfinance.org\/site\/wp-content\/uploads\/2025\/11\/Blackrock.png","contentUrl":"https:\/\/reclaimfinance.org\/site\/wp-content\/uploads\/2025\/11\/Blackrock.png","width":1125,"height":500},{"@type":"BreadcrumbList","@id":"https:\/\/reclaimfinance.org\/site\/2025\/11\/04\/quand-les-retraites-francaises-pactisent-avec-blackrock\/#breadcrumb","itemListElement":[{"@type":"ListItem","position":1,"name":"Accueil","item":"https:\/\/reclaimfinance.org\/site\/"},{"@type":"ListItem","position":2,"name":"Quand les retraites fran\u00e7aises pactisent avec BlackRock"}]},{"@type":"WebSite","@id":"https:\/\/reclaimfinance.org\/site\/#website","url":"https:\/\/reclaimfinance.org\/site\/","name":"Reclaim Finance","description":"Reprendre le contr\u00f4le de la finance pour le climat et la biodiversit\u00e9","publisher":{"@id":"https:\/\/reclaimfinance.org\/site\/#organization"},"potentialAction":[{"@type":"SearchAction","target":{"@type":"EntryPoint","urlTemplate":"https:\/\/reclaimfinance.org\/site\/?s={search_term_string}"},"query-input":"required name=search_term_string"}],"inLanguage":"fr-FR"},{"@type":"Organization","@id":"https:\/\/reclaimfinance.org\/site\/#organization","name":"Reclaim Finance","url":"https:\/\/reclaimfinance.org\/site\/","logo":{"@type":"ImageObject","inLanguage":"fr-FR","@id":"https:\/\/reclaimfinance.org\/site\/#\/schema\/logo\/image\/","url":"https:\/\/reclaimfinance.org\/site\/wp-content\/uploads\/2020\/03\/logo_RC_space.png","contentUrl":"https:\/\/reclaimfinance.org\/site\/wp-content\/uploads\/2020\/03\/logo_RC_space.png","width":800,"height":800,"caption":"Reclaim Finance"},"image":{"@id":"https:\/\/reclaimfinance.org\/site\/#\/schema\/logo\/image\/"},"sameAs":["https:\/\/www.facebook.com\/ReclaimFinanceONG","https:\/\/x.com\/ReclaimFinance","https:\/\/www.instagram.com\/reclaimfinance\/","https:\/\/www.linkedin.com\/company\/reclaim-finance-ong-think-tank"]},{"@type":"Person","@id":"https:\/\/reclaimfinance.org\/site\/#\/schema\/person\/8c70ddf3adc9c340a9a83031ae1d7929","name":"Aatira\u00ef Manickawasagar","image":{"@type":"ImageObject","inLanguage":"fr-FR","@id":"https:\/\/reclaimfinance.org\/site\/#\/schema\/person\/image\/","url":"https:\/\/secure.gravatar.com\/avatar\/c32a479bcc22e06f8b0e3b8763e6434e?s=96&d=mm&r=g","contentUrl":"https:\/\/secure.gravatar.com\/avatar\/c32a479bcc22e06f8b0e3b8763e6434e?s=96&d=mm&r=g","caption":"Aatira\u00ef Manickawasagar"},"url":"https:\/\/reclaimfinance.org\/site\/author\/aman\/"}]}},"_links":{"self":[{"href":"https:\/\/reclaimfinance.org\/site\/wp-json\/wp\/v2\/posts\/38319"}],"collection":[{"href":"https:\/\/reclaimfinance.org\/site\/wp-json\/wp\/v2\/posts"}],"about":[{"href":"https:\/\/reclaimfinance.org\/site\/wp-json\/wp\/v2\/types\/post"}],"author":[{"embeddable":true,"href":"https:\/\/reclaimfinance.org\/site\/wp-json\/wp\/v2\/users\/33"}],"replies":[{"embeddable":true,"href":"https:\/\/reclaimfinance.org\/site\/wp-json\/wp\/v2\/comments?post=38319"}],"version-history":[{"count":5,"href":"https:\/\/reclaimfinance.org\/site\/wp-json\/wp\/v2\/posts\/38319\/revisions"}],"predecessor-version":[{"id":38331,"href":"https:\/\/reclaimfinance.org\/site\/wp-json\/wp\/v2\/posts\/38319\/revisions\/38331"}],"wp:featuredmedia":[{"embeddable":true,"href":"https:\/\/reclaimfinance.org\/site\/wp-json\/wp\/v2\/media\/38330"}],"wp:attachment":[{"href":"https:\/\/reclaimfinance.org\/site\/wp-json\/wp\/v2\/media?parent=38319"}],"wp:term":[{"taxonomy":"category","embeddable":true,"href":"https:\/\/reclaimfinance.org\/site\/wp-json\/wp\/v2\/categories?post=38319"},{"taxonomy":"post_tag","embeddable":true,"href":"https:\/\/reclaimfinance.org\/site\/wp-json\/wp\/v2\/tags?post=38319"},{"taxonomy":"acteurs_financiers","embeddable":true,"href":"https:\/\/reclaimfinance.org\/site\/wp-json\/wp\/v2\/acteurs_financiers?post=38319"},{"taxonomy":"thematique","embeddable":true,"href":"https:\/\/reclaimfinance.org\/site\/wp-json\/wp\/v2\/thematique?post=38319"},{"taxonomy":"webinar_type","embeddable":true,"href":"https:\/\/reclaimfinance.org\/site\/wp-json\/wp\/v2\/webinar_type?post=38319"},{"taxonomy":"programme","embeddable":true,"href":"https:\/\/reclaimfinance.org\/site\/wp-json\/wp\/v2\/programme?post=38319"}],"curies":[{"name":"wp","href":"https:\/\/api.w.org\/{rel}","templated":true}]}}