{"id":38370,"date":"2025-11-06T00:01:25","date_gmt":"2025-11-05T23:01:25","guid":{"rendered":"https:\/\/reclaimfinance.org\/site\/?p=38370"},"modified":"2025-12-31T13:13:46","modified_gmt":"2025-12-31T12:13:46","slug":"credit-agricole-un-double-discours-entre-banque-et-gestion-dactifs-sur-le-climat","status":"publish","type":"post","link":"https:\/\/reclaimfinance.org\/site\/2025\/11\/06\/credit-agricole-un-double-discours-entre-banque-et-gestion-dactifs-sur-le-climat\/","title":{"rendered":"Cr\u00e9dit agricole : un double discours entre banque et gestion d&rsquo;actifs sur le climat"},"content":{"rendered":"<div class=\"fusion-fullwidth fullwidth-box fusion-builder-row-1 fusion-flex-container has-pattern-background has-mask-background nonhundred-percent-fullwidth non-hundred-percent-height-scrolling\" style=\"--awb-border-radius-top-left:0px;--awb-border-radius-top-right:0px;--awb-border-radius-bottom-right:0px;--awb-border-radius-bottom-left:0px;--awb-padding-right:0px;--awb-padding-left:0px;--awb-flex-wrap:wrap;\" ><div class=\"fusion-builder-row fusion-row fusion-flex-align-items-flex-start fusion-flex-content-wrap\" style=\"max-width:1216.8px;margin-left: calc(-4% \/ 2 );margin-right: calc(-4% \/ 2 );\"><div class=\"fusion-layout-column fusion_builder_column fusion-builder-column-0 fusion_builder_column_1_1 1_1 fusion-flex-column\" style=\"--awb-padding-bottom:20px;--awb-bg-size:cover;--awb-border-color:#8ac56b;--awb-border-style:solid;--awb-width-large:100%;--awb-margin-top-large:0px;--awb-spacing-right-large:1.92%;--awb-margin-bottom-large:20px;--awb-spacing-left-large:1.92%;--awb-width-medium:100%;--awb-order-medium:0;--awb-spacing-right-medium:1.92%;--awb-spacing-left-medium:1.92%;--awb-width-small:100%;--awb-order-small:0;--awb-spacing-right-small:1.92%;--awb-spacing-left-small:1.92%;\"><div class=\"fusion-column-wrapper fusion-column-has-shadow fusion-flex-justify-content-flex-start fusion-content-layout-column\"><div class=\"fusion-text fusion-text-1\" style=\"--awb-content-alignment:justify;--awb-text-color:var(--awb-color4);--awb-text-font-family:&quot;Montserrat&quot;;--awb-text-font-style:normal;--awb-text-font-weight:700;\"><p>Plus d\u2019un an apr\u00e8s l\u2019annonce par le Cr\u00e9dit Agricole d\u2019une mesure reconnaissant l\u2019imp\u00e9ratif scientifique de mettre fin \u00e0 l\u2019expansion p\u00e9tro-gazi\u00e8re, Reclaim Finance a voulu savoir quels avaient \u00e9t\u00e9 les impacts de cette annonce sur l\u2019ensemble des activit\u00e9s du groupe bancaire fran\u00e7ais. Cette note analyse les pratiques d\u2019Amundi, filiale phare du groupe Cr\u00e9dit Agricole et premier gestionnaire d\u2019actifs europ\u00e9en, et notamment ses investissements dans les entreprises poursuivant l\u2019expansion fossile. Elle explique pourquoi ces investissements r\u00e9cents li\u00e9s \u00e0 des nouvelles obligations ont des cons\u00e9quences n\u00e9fastes et explore la naissance d\u2019un double discours entre le Cr\u00e9dit Agricole et sa filiale.<\/p>\n<\/div><div class=\"fusion-title title fusion-title-1 fusion-title-text fusion-title-size-two\" style=\"--awb-margin-bottom:10px;--awb-font-size:20px;\"><div class=\"title-sep-container title-sep-container-left fusion-no-large-visibility fusion-no-medium-visibility fusion-no-small-visibility\"><div class=\"title-sep sep- sep-solid\" style=\"border-color:#3e3e3e;\"><\/div><\/div><span class=\"awb-title-spacer fusion-no-large-visibility fusion-no-medium-visibility fusion-no-small-visibility\"><\/span><h2 class=\"fusion-title-heading title-heading-left fusion-responsive-typography-calculated\" style=\"font-family:&quot;Montserrat&quot;;font-style:normal;font-weight:600;margin:0;font-size:1em;--fontSize:20;--minFontSize:20;line-height:1.5;\">Information cl\u00e9s :<\/h2><span class=\"awb-title-spacer\"><\/span><div class=\"title-sep-container title-sep-container-right\"><div class=\"title-sep sep- sep-solid\" style=\"border-color:#3e3e3e;\"><\/div><\/div><\/div><div class=\"fusion-separator\" style=\"align-self: flex-start;margin-right:auto;margin-bottom:20px;width:100%;max-width:10%;\"><div class=\"fusion-separator-border sep-single sep-solid\" style=\"--awb-height:20px;--awb-amount:20px;--awb-sep-color:var(--awb-color4);border-color:var(--awb-color4);border-top-width:5px;\"><\/div><\/div><div class=\"fusion-builder-row fusion-builder-row-inner fusion-row fusion-flex-align-items-flex-start fusion-flex-content-wrap\" style=\"width:104% !important;max-width:104% !important;margin-left: calc(-4% \/ 2 );margin-right: calc(-4% \/ 2 );\"><div class=\"fusion-layout-column fusion_builder_column_inner fusion-builder-nested-column-0 awb-sticky awb-sticky-small awb-sticky-medium awb-sticky-large fusion_builder_column_inner_1_3 1_3 fusion-flex-column fusion-flex-align-self-flex-start\" style=\"--awb-bg-size:cover;--awb-border-color:var(--awb-color1);--awb-border-style:solid;--awb-width-large:33.333333333333%;--awb-margin-top-large:0px;--awb-spacing-right-large:5.76%;--awb-margin-bottom-large:0px;--awb-spacing-left-large:5.76%;--awb-width-medium:100%;--awb-order-medium:0;--awb-spacing-right-medium:1.92%;--awb-spacing-left-medium:1.92%;--awb-width-small:100%;--awb-order-small:0;--awb-spacing-right-small:1.92%;--awb-spacing-left-small:1.92%;--awb-sticky-offset:120px;\" data-scroll-devices=\"small-visibility,medium-visibility,large-visibility\"><div class=\"fusion-column-wrapper fusion-column-has-shadow fusion-flex-justify-content-center fusion-content-layout-column\"><div class=\"fusion-counters-box counters-box row fusion-clearfix fusion-columns-1\" style=\"--awb-border-color:rgba(138,197,107,0);--awb-color:#dd2c2c;--awb-title-size:70;--awb-border-color:rgba(138,197,107,0);\"><div class=\"fusion-counter-box fusion-column col-counter-box counter-box-wrapper col-lg-12 col-md-12 col-sm-12\" data-animationOffset=\"top-into-view\"><div class=\"counter-box-container\"><div class=\"content-box-percentage content-box-counter\"><span class=\"display-counter\" data-value=\"80\" data-direction=\"up\" data-decimals=\"0\">0<\/span><\/div><div class=\"counter-box-content\">obligations \u00e9mises en 2024 et 2025 par des entreprises d\u00e9veloppant des nouveaux projets de charbon ou des champs de p\u00e9trole et de gaz dans lesquelles Amundi a r\u00e9alis\u00e9 des investissements.<\/div><\/div><\/div><\/div><\/div><\/div><div class=\"fusion-layout-column fusion_builder_column_inner fusion-builder-nested-column-1 fusion_builder_column_inner_2_3 2_3 fusion-flex-column fusion-flex-align-self-center\" style=\"--awb-bg-size:cover;--awb-width-large:66.666666666667%;--awb-margin-top-large:0px;--awb-spacing-right-large:2.88%;--awb-margin-bottom-large:0px;--awb-spacing-left-large:2.88%;--awb-width-medium:100%;--awb-order-medium:0;--awb-spacing-right-medium:1.92%;--awb-spacing-left-medium:1.92%;--awb-width-small:100%;--awb-order-small:0;--awb-spacing-right-small:1.92%;--awb-spacing-left-small:1.92%;\"><div class=\"fusion-column-wrapper fusion-column-has-shadow fusion-flex-justify-content-flex-start fusion-content-layout-column\"><div class=\"fusion-text fusion-text-2\"><ul>\n<li>Amundi a r\u00e9alis\u00e9 de nombreux investissements dans des obligations \u00e9mises en 2024 et 2025 par des entreprises du secteur fossile que la banque Cr\u00e9dit Agricole CIB s\u2019est pourtant interdit de soutenir.<\/li>\n<li>Ces investissements r\u00e9cents dans des entreprises comme TotalEnergies, BP, Saudi Aramco ou encore Glencore, ont des cons\u00e9quences n\u00e9fastes. Alors que 51% du financement des entreprises impliqu\u00e9es dans l\u2019expansion des \u00e9nergies fossiles vient des \u00e9missions d\u2019obligations, ces investissements permettent aux entreprises de financer des projets d\u00e9vastateurs.<\/li>\n<li>Si ces investissements ne constituent pas des infractions aux politiques actuelles d\u2019Amundi, ils entrent en contradiction avec les engagements climatiques de sa maison-m\u00e8re, le groupe Cr\u00e9dit Agricole, qui affiche pourtant publiquement vouloir \u201cacc\u00e9l\u00e9rer [son] d\u00e9sengagement des \u00e9nergies fossiles\u201d.<\/li>\n<\/ul>\n<\/div><\/div><\/div><\/div><\/div><\/div><div class=\"fusion-layout-column fusion_builder_column fusion-builder-column-1 fusion_builder_column_1_1 1_1 fusion-flex-column\" style=\"--awb-padding-right:0px;--awb-padding-left:0px;--awb-bg-size:cover;--awb-width-large:100%;--awb-margin-top-large:0px;--awb-spacing-right-large:1.92%;--awb-margin-bottom-large:20px;--awb-spacing-left-large:1.92%;--awb-width-medium:100%;--awb-order-medium:0;--awb-spacing-right-medium:1.92%;--awb-spacing-left-medium:1.92%;--awb-width-small:100%;--awb-order-small:0;--awb-spacing-right-small:1.92%;--awb-spacing-left-small:1.92%;\"><div class=\"fusion-column-wrapper fusion-column-has-shadow fusion-flex-justify-content-flex-start fusion-content-layout-column\"><div class=\"fusion-text fusion-text-3\" style=\"--awb-content-alignment:justify;\"><p>Afin de rester cr\u00e9dible sur ses engagements climatiques et pour des raisons de transparence et de coh\u00e9rence envers ses clients, salari\u00e9s et actionnaires, le groupe Cr\u00e9dit Agricole doit exiger de sa filiale Amundi un arr\u00eat imm\u00e9diat des soutiens vis-\u00e0-vis des entreprises d\u00e9veloppant des nouveaux projets d\u2019\u00e9nergies fossiles, notamment via ses investissements obligataires. Reclaim Finance appelle le groupe Cr\u00e9dit Agricole \u00e0 suivre la voie trac\u00e9e par BNP Paribas dont la filiale de gestion d\u2019actifs a align\u00e9 ses pratiques avec celles de la banque.<\/p>\n<\/div><div style=\"text-align:center;\"><a class=\"fusion-button button-flat button-medium button-custom fusion-button-default button-1 fusion-button-default-span fusion-button-default-type\" style=\"--button_accent_color:#ffffff;--button_border_color:var(--awb-color4);--button_accent_hover_color:#ffffff;--button_border_hover_color:#8fc84c;--button_border_width-top:2px;--button_border_width-right:2px;--button_border_width-bottom:2px;--button_border_width-left:2px;--button_gradient_top_color:rgba(138,197,107,0);--button_gradient_bottom_color:rgba(138,197,107,0);--button_gradient_top_color_hover:#8fc84c;--button_gradient_bottom_color_hover:#8fc84c;--button_margin-top:30px;\" target=\"_blank\" rel=\"noopener noreferrer\" href=\"https:\/\/reclaimfinance.org\/site\/wp-content\/uploads\/2025\/11\/Credit-Agricole-double-discours-entre-banques-et-gestion-dactifs-sur-le-climat.pdf\"><span class=\"fusion-button-text\">Lire la note<\/span><\/a><\/div><\/div><\/div><\/div><\/div>\n","protected":false},"excerpt":{"rendered":"","protected":false},"author":26,"featured_media":38371,"comment_status":"closed","ping_status":"open","sticky":false,"template":"","format":"standard","meta":{"footnotes":""},"categories":[37],"tags":[],"acteurs_financiers":[2434],"thematique":[2415,2417],"webinar_type":[],"programme":[3729],"class_list":["post-38370","post","type-post","status-publish","format-standard","has-post-thumbnail","hentry","category-rapport","acteurs_financiers-investisseurs","thematique-energies-fossiles","thematique-petrole-et-gaz","programme-programme-1-fr"],"yoast_head":"<!-- This site is optimized with the Yoast SEO plugin v23.1 - https:\/\/yoast.com\/wordpress\/plugins\/seo\/ -->\n<title>Cr\u00e9dit agricole : un double discours entre banque et gestion d&#039;actifs sur le climat - Reclaim Finance<\/title>\n<meta name=\"description\" content=\"Plus d\u2019un an apr\u00e8s l\u2019annonce par le Cr\u00e9dit Agricole d\u2019une mesure reconnaissant l\u2019imp\u00e9ratif scientifique de mettre fin \u00e0 l\u2019expansion p\u00e9tro-gazi\u00e8re, Reclaim Finance analyse les impacts de cette annonce.\" \/>\n<meta name=\"robots\" content=\"index, follow, max-snippet:-1, max-image-preview:large, max-video-preview:-1\" \/>\n<link rel=\"canonical\" href=\"https:\/\/reclaimfinance.org\/site\/2025\/11\/06\/credit-agricole-un-double-discours-entre-banque-et-gestion-dactifs-sur-le-climat\/\" \/>\n<meta property=\"og:locale\" content=\"fr_FR\" \/>\n<meta property=\"og:type\" content=\"article\" \/>\n<meta property=\"og:title\" content=\"Cr\u00e9dit agricole : un double discours entre banque et gestion d&#039;actifs sur le climat - Reclaim Finance\" \/>\n<meta property=\"og:description\" content=\"Plus d\u2019un an apr\u00e8s l\u2019annonce par le Cr\u00e9dit Agricole d\u2019une mesure reconnaissant l\u2019imp\u00e9ratif scientifique de mettre fin \u00e0 l\u2019expansion p\u00e9tro-gazi\u00e8re, Reclaim Finance analyse les impacts de cette annonce.\" \/>\n<meta property=\"og:url\" content=\"https:\/\/reclaimfinance.org\/site\/2025\/11\/06\/credit-agricole-un-double-discours-entre-banque-et-gestion-dactifs-sur-le-climat\/\" \/>\n<meta property=\"og:site_name\" content=\"Reclaim Finance\" \/>\n<meta property=\"article:publisher\" content=\"https:\/\/www.facebook.com\/ReclaimFinanceONG\" \/>\n<meta property=\"article:published_time\" content=\"2025-11-05T23:01:25+00:00\" \/>\n<meta property=\"article:modified_time\" content=\"2025-12-31T12:13:46+00:00\" \/>\n<meta property=\"og:image\" content=\"https:\/\/reclaimfinance.org\/site\/wp-content\/uploads\/2025\/11\/Couverture-credit-agricole-double-discours.png\" \/>\n\t<meta property=\"og:image:width\" content=\"623\" \/>\n\t<meta property=\"og:image:height\" content=\"882\" \/>\n\t<meta property=\"og:image:type\" content=\"image\/png\" \/>\n<meta name=\"author\" content=\"L\u00e9o Martin\" \/>\n<meta name=\"twitter:card\" content=\"summary_large_image\" \/>\n<meta name=\"twitter:creator\" content=\"@ReclaimFinance\" \/>\n<meta name=\"twitter:site\" content=\"@ReclaimFinance\" \/>\n<meta name=\"twitter:label1\" content=\"\u00c9crit par\" \/>\n\t<meta name=\"twitter:data1\" content=\"L\u00e9o Martin\" \/>\n\t<meta name=\"twitter:label2\" content=\"Dur\u00e9e de lecture estim\u00e9e\" \/>\n\t<meta name=\"twitter:data2\" content=\"2 minutes\" \/>\n<script type=\"application\/ld+json\" class=\"yoast-schema-graph\">{\"@context\":\"https:\/\/schema.org\",\"@graph\":[{\"@type\":\"Article\",\"@id\":\"https:\/\/reclaimfinance.org\/site\/2025\/11\/06\/credit-agricole-un-double-discours-entre-banque-et-gestion-dactifs-sur-le-climat\/#article\",\"isPartOf\":{\"@id\":\"https:\/\/reclaimfinance.org\/site\/2025\/11\/06\/credit-agricole-un-double-discours-entre-banque-et-gestion-dactifs-sur-le-climat\/\"},\"author\":{\"name\":\"L\u00e9o Martin\",\"@id\":\"https:\/\/reclaimfinance.org\/site\/#\/schema\/person\/92f0f8d102e5e411f092871d8eeb3db1\"},\"headline\":\"Cr\u00e9dit agricole : un double discours entre banque et gestion d&rsquo;actifs sur le climat\",\"datePublished\":\"2025-11-05T23:01:25+00:00\",\"dateModified\":\"2025-12-31T12:13:46+00:00\",\"mainEntityOfPage\":{\"@id\":\"https:\/\/reclaimfinance.org\/site\/2025\/11\/06\/credit-agricole-un-double-discours-entre-banque-et-gestion-dactifs-sur-le-climat\/\"},\"wordCount\":2601,\"publisher\":{\"@id\":\"https:\/\/reclaimfinance.org\/site\/#organization\"},\"image\":{\"@id\":\"https:\/\/reclaimfinance.org\/site\/2025\/11\/06\/credit-agricole-un-double-discours-entre-banque-et-gestion-dactifs-sur-le-climat\/#primaryimage\"},\"thumbnailUrl\":\"https:\/\/reclaimfinance.org\/site\/wp-content\/uploads\/2025\/11\/Couverture-credit-agricole-double-discours.png\",\"articleSection\":[\"Rapports\"],\"inLanguage\":\"fr-FR\"},{\"@type\":\"WebPage\",\"@id\":\"https:\/\/reclaimfinance.org\/site\/2025\/11\/06\/credit-agricole-un-double-discours-entre-banque-et-gestion-dactifs-sur-le-climat\/\",\"url\":\"https:\/\/reclaimfinance.org\/site\/2025\/11\/06\/credit-agricole-un-double-discours-entre-banque-et-gestion-dactifs-sur-le-climat\/\",\"name\":\"Cr\u00e9dit agricole : un double discours entre banque et gestion d'actifs sur le climat - Reclaim Finance\",\"isPartOf\":{\"@id\":\"https:\/\/reclaimfinance.org\/site\/#website\"},\"primaryImageOfPage\":{\"@id\":\"https:\/\/reclaimfinance.org\/site\/2025\/11\/06\/credit-agricole-un-double-discours-entre-banque-et-gestion-dactifs-sur-le-climat\/#primaryimage\"},\"image\":{\"@id\":\"https:\/\/reclaimfinance.org\/site\/2025\/11\/06\/credit-agricole-un-double-discours-entre-banque-et-gestion-dactifs-sur-le-climat\/#primaryimage\"},\"thumbnailUrl\":\"https:\/\/reclaimfinance.org\/site\/wp-content\/uploads\/2025\/11\/Couverture-credit-agricole-double-discours.png\",\"datePublished\":\"2025-11-05T23:01:25+00:00\",\"dateModified\":\"2025-12-31T12:13:46+00:00\",\"description\":\"Plus d\u2019un an apr\u00e8s l\u2019annonce par le Cr\u00e9dit Agricole d\u2019une mesure reconnaissant l\u2019imp\u00e9ratif scientifique de mettre fin \u00e0 l\u2019expansion p\u00e9tro-gazi\u00e8re, Reclaim Finance analyse les impacts de cette annonce.\",\"breadcrumb\":{\"@id\":\"https:\/\/reclaimfinance.org\/site\/2025\/11\/06\/credit-agricole-un-double-discours-entre-banque-et-gestion-dactifs-sur-le-climat\/#breadcrumb\"},\"inLanguage\":\"fr-FR\",\"potentialAction\":[{\"@type\":\"ReadAction\",\"target\":[\"https:\/\/reclaimfinance.org\/site\/2025\/11\/06\/credit-agricole-un-double-discours-entre-banque-et-gestion-dactifs-sur-le-climat\/\"]}]},{\"@type\":\"ImageObject\",\"inLanguage\":\"fr-FR\",\"@id\":\"https:\/\/reclaimfinance.org\/site\/2025\/11\/06\/credit-agricole-un-double-discours-entre-banque-et-gestion-dactifs-sur-le-climat\/#primaryimage\",\"url\":\"https:\/\/reclaimfinance.org\/site\/wp-content\/uploads\/2025\/11\/Couverture-credit-agricole-double-discours.png\",\"contentUrl\":\"https:\/\/reclaimfinance.org\/site\/wp-content\/uploads\/2025\/11\/Couverture-credit-agricole-double-discours.png\",\"width\":623,\"height\":882,\"caption\":\"Couverture cr\u00e9dit agricole double discours\"},{\"@type\":\"BreadcrumbList\",\"@id\":\"https:\/\/reclaimfinance.org\/site\/2025\/11\/06\/credit-agricole-un-double-discours-entre-banque-et-gestion-dactifs-sur-le-climat\/#breadcrumb\",\"itemListElement\":[{\"@type\":\"ListItem\",\"position\":1,\"name\":\"Accueil\",\"item\":\"https:\/\/reclaimfinance.org\/site\/\"},{\"@type\":\"ListItem\",\"position\":2,\"name\":\"Cr\u00e9dit agricole : un double discours entre banque et gestion d&rsquo;actifs sur le climat\"}]},{\"@type\":\"WebSite\",\"@id\":\"https:\/\/reclaimfinance.org\/site\/#website\",\"url\":\"https:\/\/reclaimfinance.org\/site\/\",\"name\":\"Reclaim Finance\",\"description\":\"Reprendre le contr\u00f4le de la finance pour le climat et la biodiversit\u00e9\",\"publisher\":{\"@id\":\"https:\/\/reclaimfinance.org\/site\/#organization\"},\"potentialAction\":[{\"@type\":\"SearchAction\",\"target\":{\"@type\":\"EntryPoint\",\"urlTemplate\":\"https:\/\/reclaimfinance.org\/site\/?s={search_term_string}\"},\"query-input\":\"required name=search_term_string\"}],\"inLanguage\":\"fr-FR\"},{\"@type\":\"Organization\",\"@id\":\"https:\/\/reclaimfinance.org\/site\/#organization\",\"name\":\"Reclaim Finance\",\"url\":\"https:\/\/reclaimfinance.org\/site\/\",\"logo\":{\"@type\":\"ImageObject\",\"inLanguage\":\"fr-FR\",\"@id\":\"https:\/\/reclaimfinance.org\/site\/#\/schema\/logo\/image\/\",\"url\":\"https:\/\/reclaimfinance.org\/site\/wp-content\/uploads\/2020\/03\/logo_RC_space.png\",\"contentUrl\":\"https:\/\/reclaimfinance.org\/site\/wp-content\/uploads\/2020\/03\/logo_RC_space.png\",\"width\":800,\"height\":800,\"caption\":\"Reclaim Finance\"},\"image\":{\"@id\":\"https:\/\/reclaimfinance.org\/site\/#\/schema\/logo\/image\/\"},\"sameAs\":[\"https:\/\/www.facebook.com\/ReclaimFinanceONG\",\"https:\/\/x.com\/ReclaimFinance\",\"https:\/\/www.instagram.com\/reclaimfinance\/\",\"https:\/\/www.linkedin.com\/company\/reclaim-finance-ong-think-tank\"]},{\"@type\":\"Person\",\"@id\":\"https:\/\/reclaimfinance.org\/site\/#\/schema\/person\/92f0f8d102e5e411f092871d8eeb3db1\",\"name\":\"L\u00e9o Martin\",\"image\":{\"@type\":\"ImageObject\",\"inLanguage\":\"fr-FR\",\"@id\":\"https:\/\/reclaimfinance.org\/site\/#\/schema\/person\/image\/\",\"url\":\"https:\/\/secure.gravatar.com\/avatar\/cebd89becb7f7185483789d7f51a21cb?s=96&d=mm&r=g\",\"contentUrl\":\"https:\/\/secure.gravatar.com\/avatar\/cebd89becb7f7185483789d7f51a21cb?s=96&d=mm&r=g\",\"caption\":\"L\u00e9o Martin\"},\"url\":\"https:\/\/reclaimfinance.org\/site\/author\/lma\/\"}]}<\/script>\n<!-- \/ Yoast SEO plugin. -->","yoast_head_json":{"title":"Cr\u00e9dit agricole : un double discours entre banque et gestion d'actifs sur le climat - Reclaim Finance","description":"Plus d\u2019un an apr\u00e8s l\u2019annonce par le Cr\u00e9dit Agricole d\u2019une mesure reconnaissant l\u2019imp\u00e9ratif scientifique de mettre fin \u00e0 l\u2019expansion p\u00e9tro-gazi\u00e8re, Reclaim Finance analyse les impacts de cette annonce.","robots":{"index":"index","follow":"follow","max-snippet":"max-snippet:-1","max-image-preview":"max-image-preview:large","max-video-preview":"max-video-preview:-1"},"canonical":"https:\/\/reclaimfinance.org\/site\/2025\/11\/06\/credit-agricole-un-double-discours-entre-banque-et-gestion-dactifs-sur-le-climat\/","og_locale":"fr_FR","og_type":"article","og_title":"Cr\u00e9dit agricole : un double discours entre banque et gestion d'actifs sur le climat - Reclaim Finance","og_description":"Plus d\u2019un an apr\u00e8s l\u2019annonce par le Cr\u00e9dit Agricole d\u2019une mesure reconnaissant l\u2019imp\u00e9ratif scientifique de mettre fin \u00e0 l\u2019expansion p\u00e9tro-gazi\u00e8re, Reclaim Finance analyse les impacts de cette annonce.","og_url":"https:\/\/reclaimfinance.org\/site\/2025\/11\/06\/credit-agricole-un-double-discours-entre-banque-et-gestion-dactifs-sur-le-climat\/","og_site_name":"Reclaim Finance","article_publisher":"https:\/\/www.facebook.com\/ReclaimFinanceONG","article_published_time":"2025-11-05T23:01:25+00:00","article_modified_time":"2025-12-31T12:13:46+00:00","og_image":[{"width":623,"height":882,"url":"https:\/\/reclaimfinance.org\/site\/wp-content\/uploads\/2025\/11\/Couverture-credit-agricole-double-discours.png","type":"image\/png"}],"author":"L\u00e9o Martin","twitter_card":"summary_large_image","twitter_creator":"@ReclaimFinance","twitter_site":"@ReclaimFinance","twitter_misc":{"\u00c9crit par":"L\u00e9o Martin","Dur\u00e9e de lecture estim\u00e9e":"2 minutes"},"schema":{"@context":"https:\/\/schema.org","@graph":[{"@type":"Article","@id":"https:\/\/reclaimfinance.org\/site\/2025\/11\/06\/credit-agricole-un-double-discours-entre-banque-et-gestion-dactifs-sur-le-climat\/#article","isPartOf":{"@id":"https:\/\/reclaimfinance.org\/site\/2025\/11\/06\/credit-agricole-un-double-discours-entre-banque-et-gestion-dactifs-sur-le-climat\/"},"author":{"name":"L\u00e9o Martin","@id":"https:\/\/reclaimfinance.org\/site\/#\/schema\/person\/92f0f8d102e5e411f092871d8eeb3db1"},"headline":"Cr\u00e9dit agricole : un double discours entre banque et gestion d&rsquo;actifs sur le climat","datePublished":"2025-11-05T23:01:25+00:00","dateModified":"2025-12-31T12:13:46+00:00","mainEntityOfPage":{"@id":"https:\/\/reclaimfinance.org\/site\/2025\/11\/06\/credit-agricole-un-double-discours-entre-banque-et-gestion-dactifs-sur-le-climat\/"},"wordCount":2601,"publisher":{"@id":"https:\/\/reclaimfinance.org\/site\/#organization"},"image":{"@id":"https:\/\/reclaimfinance.org\/site\/2025\/11\/06\/credit-agricole-un-double-discours-entre-banque-et-gestion-dactifs-sur-le-climat\/#primaryimage"},"thumbnailUrl":"https:\/\/reclaimfinance.org\/site\/wp-content\/uploads\/2025\/11\/Couverture-credit-agricole-double-discours.png","articleSection":["Rapports"],"inLanguage":"fr-FR"},{"@type":"WebPage","@id":"https:\/\/reclaimfinance.org\/site\/2025\/11\/06\/credit-agricole-un-double-discours-entre-banque-et-gestion-dactifs-sur-le-climat\/","url":"https:\/\/reclaimfinance.org\/site\/2025\/11\/06\/credit-agricole-un-double-discours-entre-banque-et-gestion-dactifs-sur-le-climat\/","name":"Cr\u00e9dit agricole : un double discours entre banque et gestion d'actifs sur le climat - Reclaim Finance","isPartOf":{"@id":"https:\/\/reclaimfinance.org\/site\/#website"},"primaryImageOfPage":{"@id":"https:\/\/reclaimfinance.org\/site\/2025\/11\/06\/credit-agricole-un-double-discours-entre-banque-et-gestion-dactifs-sur-le-climat\/#primaryimage"},"image":{"@id":"https:\/\/reclaimfinance.org\/site\/2025\/11\/06\/credit-agricole-un-double-discours-entre-banque-et-gestion-dactifs-sur-le-climat\/#primaryimage"},"thumbnailUrl":"https:\/\/reclaimfinance.org\/site\/wp-content\/uploads\/2025\/11\/Couverture-credit-agricole-double-discours.png","datePublished":"2025-11-05T23:01:25+00:00","dateModified":"2025-12-31T12:13:46+00:00","description":"Plus d\u2019un an apr\u00e8s l\u2019annonce par le Cr\u00e9dit Agricole d\u2019une mesure reconnaissant l\u2019imp\u00e9ratif scientifique de mettre fin \u00e0 l\u2019expansion p\u00e9tro-gazi\u00e8re, Reclaim Finance analyse les impacts de cette annonce.","breadcrumb":{"@id":"https:\/\/reclaimfinance.org\/site\/2025\/11\/06\/credit-agricole-un-double-discours-entre-banque-et-gestion-dactifs-sur-le-climat\/#breadcrumb"},"inLanguage":"fr-FR","potentialAction":[{"@type":"ReadAction","target":["https:\/\/reclaimfinance.org\/site\/2025\/11\/06\/credit-agricole-un-double-discours-entre-banque-et-gestion-dactifs-sur-le-climat\/"]}]},{"@type":"ImageObject","inLanguage":"fr-FR","@id":"https:\/\/reclaimfinance.org\/site\/2025\/11\/06\/credit-agricole-un-double-discours-entre-banque-et-gestion-dactifs-sur-le-climat\/#primaryimage","url":"https:\/\/reclaimfinance.org\/site\/wp-content\/uploads\/2025\/11\/Couverture-credit-agricole-double-discours.png","contentUrl":"https:\/\/reclaimfinance.org\/site\/wp-content\/uploads\/2025\/11\/Couverture-credit-agricole-double-discours.png","width":623,"height":882,"caption":"Couverture cr\u00e9dit agricole double discours"},{"@type":"BreadcrumbList","@id":"https:\/\/reclaimfinance.org\/site\/2025\/11\/06\/credit-agricole-un-double-discours-entre-banque-et-gestion-dactifs-sur-le-climat\/#breadcrumb","itemListElement":[{"@type":"ListItem","position":1,"name":"Accueil","item":"https:\/\/reclaimfinance.org\/site\/"},{"@type":"ListItem","position":2,"name":"Cr\u00e9dit agricole : un double discours entre banque et gestion d&rsquo;actifs sur le climat"}]},{"@type":"WebSite","@id":"https:\/\/reclaimfinance.org\/site\/#website","url":"https:\/\/reclaimfinance.org\/site\/","name":"Reclaim Finance","description":"Reprendre le contr\u00f4le de la finance pour le climat et la biodiversit\u00e9","publisher":{"@id":"https:\/\/reclaimfinance.org\/site\/#organization"},"potentialAction":[{"@type":"SearchAction","target":{"@type":"EntryPoint","urlTemplate":"https:\/\/reclaimfinance.org\/site\/?s={search_term_string}"},"query-input":"required name=search_term_string"}],"inLanguage":"fr-FR"},{"@type":"Organization","@id":"https:\/\/reclaimfinance.org\/site\/#organization","name":"Reclaim Finance","url":"https:\/\/reclaimfinance.org\/site\/","logo":{"@type":"ImageObject","inLanguage":"fr-FR","@id":"https:\/\/reclaimfinance.org\/site\/#\/schema\/logo\/image\/","url":"https:\/\/reclaimfinance.org\/site\/wp-content\/uploads\/2020\/03\/logo_RC_space.png","contentUrl":"https:\/\/reclaimfinance.org\/site\/wp-content\/uploads\/2020\/03\/logo_RC_space.png","width":800,"height":800,"caption":"Reclaim Finance"},"image":{"@id":"https:\/\/reclaimfinance.org\/site\/#\/schema\/logo\/image\/"},"sameAs":["https:\/\/www.facebook.com\/ReclaimFinanceONG","https:\/\/x.com\/ReclaimFinance","https:\/\/www.instagram.com\/reclaimfinance\/","https:\/\/www.linkedin.com\/company\/reclaim-finance-ong-think-tank"]},{"@type":"Person","@id":"https:\/\/reclaimfinance.org\/site\/#\/schema\/person\/92f0f8d102e5e411f092871d8eeb3db1","name":"L\u00e9o Martin","image":{"@type":"ImageObject","inLanguage":"fr-FR","@id":"https:\/\/reclaimfinance.org\/site\/#\/schema\/person\/image\/","url":"https:\/\/secure.gravatar.com\/avatar\/cebd89becb7f7185483789d7f51a21cb?s=96&d=mm&r=g","contentUrl":"https:\/\/secure.gravatar.com\/avatar\/cebd89becb7f7185483789d7f51a21cb?s=96&d=mm&r=g","caption":"L\u00e9o Martin"},"url":"https:\/\/reclaimfinance.org\/site\/author\/lma\/"}]}},"_links":{"self":[{"href":"https:\/\/reclaimfinance.org\/site\/wp-json\/wp\/v2\/posts\/38370"}],"collection":[{"href":"https:\/\/reclaimfinance.org\/site\/wp-json\/wp\/v2\/posts"}],"about":[{"href":"https:\/\/reclaimfinance.org\/site\/wp-json\/wp\/v2\/types\/post"}],"author":[{"embeddable":true,"href":"https:\/\/reclaimfinance.org\/site\/wp-json\/wp\/v2\/users\/26"}],"replies":[{"embeddable":true,"href":"https:\/\/reclaimfinance.org\/site\/wp-json\/wp\/v2\/comments?post=38370"}],"version-history":[{"count":2,"href":"https:\/\/reclaimfinance.org\/site\/wp-json\/wp\/v2\/posts\/38370\/revisions"}],"predecessor-version":[{"id":38373,"href":"https:\/\/reclaimfinance.org\/site\/wp-json\/wp\/v2\/posts\/38370\/revisions\/38373"}],"wp:featuredmedia":[{"embeddable":true,"href":"https:\/\/reclaimfinance.org\/site\/wp-json\/wp\/v2\/media\/38371"}],"wp:attachment":[{"href":"https:\/\/reclaimfinance.org\/site\/wp-json\/wp\/v2\/media?parent=38370"}],"wp:term":[{"taxonomy":"category","embeddable":true,"href":"https:\/\/reclaimfinance.org\/site\/wp-json\/wp\/v2\/categories?post=38370"},{"taxonomy":"post_tag","embeddable":true,"href":"https:\/\/reclaimfinance.org\/site\/wp-json\/wp\/v2\/tags?post=38370"},{"taxonomy":"acteurs_financiers","embeddable":true,"href":"https:\/\/reclaimfinance.org\/site\/wp-json\/wp\/v2\/acteurs_financiers?post=38370"},{"taxonomy":"thematique","embeddable":true,"href":"https:\/\/reclaimfinance.org\/site\/wp-json\/wp\/v2\/thematique?post=38370"},{"taxonomy":"webinar_type","embeddable":true,"href":"https:\/\/reclaimfinance.org\/site\/wp-json\/wp\/v2\/webinar_type?post=38370"},{"taxonomy":"programme","embeddable":true,"href":"https:\/\/reclaimfinance.org\/site\/wp-json\/wp\/v2\/programme?post=38370"}],"curies":[{"name":"wp","href":"https:\/\/api.w.org\/{rel}","templated":true}]}}