{"id":38378,"date":"2025-11-07T09:00:13","date_gmt":"2025-11-07T08:00:13","guid":{"rendered":"https:\/\/reclaimfinance.org\/site\/?p=38378"},"modified":"2025-12-31T13:12:32","modified_gmt":"2025-12-31T12:12:32","slug":"totalenergies-ces-actionnaires-qui-ont-vote-pour-les-reculs-climatiques-en-2025","status":"publish","type":"post","link":"https:\/\/reclaimfinance.org\/site\/2025\/11\/07\/totalenergies-ces-actionnaires-qui-ont-vote-pour-les-reculs-climatiques-en-2025\/","title":{"rendered":"TotalEnergies\u202f: ces actionnaires qui ont vot\u00e9 pour les reculs climatiques en 2025"},"content":{"rendered":"<p><div class=\"fusion-fullwidth fullwidth-box fusion-builder-row-1 fusion-flex-container has-pattern-background has-mask-background nonhundred-percent-fullwidth non-hundred-percent-height-scrolling\" style=\"--awb-border-radius-top-left:0px;--awb-border-radius-top-right:0px;--awb-border-radius-bottom-right:0px;--awb-border-radius-bottom-left:0px;--awb-margin-bottom:20px;--awb-flex-wrap:wrap;\" ><div class=\"fusion-builder-row fusion-row fusion-flex-align-items-flex-start fusion-flex-content-wrap\" style=\"max-width:1216.8px;margin-left: calc(-4% \/ 2 );margin-right: calc(-4% \/ 2 );\"><div class=\"fusion-layout-column fusion_builder_column fusion-builder-column-0 fusion_builder_column_1_1 1_1 fusion-flex-column\" style=\"--awb-bg-size:cover;--awb-width-large:100%;--awb-margin-top-large:0px;--awb-spacing-right-large:1.92%;--awb-margin-bottom-large:20px;--awb-spacing-left-large:1.92%;--awb-width-medium:100%;--awb-order-medium:0;--awb-spacing-right-medium:1.92%;--awb-spacing-left-medium:1.92%;--awb-width-small:100%;--awb-order-small:0;--awb-spacing-right-small:1.92%;--awb-spacing-left-small:1.92%;\"><div class=\"fusion-column-wrapper fusion-column-has-shadow fusion-flex-justify-content-flex-start fusion-content-layout-column\"><div class=\"fusion-text fusion-text-1\" style=\"--awb-content-alignment:justify;--awb-text-color:var(--awb-color4);--awb-text-font-family:&quot;Montserrat&quot;;--awb-text-font-style:normal;--awb-text-font-weight:700;\"><p>\u00c0 l\u2019assembl\u00e9e g\u00e9n\u00e9rale 2025 de TotalEnergies, en d\u00e9pit des reculs annonc\u00e9s en mati\u00e8re climatique, les actionnaires ont persist\u00e9 \u00e0 soutenir la strat\u00e9gie d\u2019expansion fossile de ses dirigeants. Hormis quelques actionnaires qui ressortent de notre analyse, la quasi-totalit\u00e9 des actionnaires ont valid\u00e9 leur r\u00e9mun\u00e9ration et la r\u00e9\u00e9lection de la seule administratrice sortante ainsi que les comptes financiers et le versement des dividendes. Reclaim Finance appelle ces actionnaires de TotalEnergies \u00e0 changer radicalement d\u2019approche, en sanctionnant la strat\u00e9gie climaticide de l\u2019entreprise par des votes d\u2019opposition aux r\u00e9solutions propos\u00e9es par la direction.<\/p>\n<\/div><div class=\"fusion-text fusion-text-2\" style=\"--awb-content-alignment:justify;\"><p><span class=\"TextRun SCXW97527262 BCX0\" lang=\"FR-FR\" xml:lang=\"FR-FR\" data-contrast=\"auto\"><span class=\"NormalTextRun SCXW97527262 BCX0\">L\u2019analyse de Reclaim Finance des votes des dix principaux actionnaires mondiaux, europ\u00e9ens et fran\u00e7ais en 2025 r\u00e9v\u00e8le leur irresponsabilit\u00e9 climatique. <\/span><span class=\"NormalTextRun SCXW97527262 BCX0\">Ces actionnaires<\/span><span class=\"NormalTextRun CommentStart SCXW97527262 BCX0\"> confirment <\/span><\/span><span style=\"text-decoration: underline;\"><a class=\"Hyperlink SCXW97527262 BCX0\" href=\"https:\/\/reclaimfinance.org\/site\/2024\/09\/27\/totalenergies-le-climat-sacrifie-par-les-votes-des-actionnaires-en-2024\/\" target=\"_blank\" rel=\"noreferrer noopener\"><span class=\"SCXW97527262 BCX0\"><span class=\"TextRun Underlined SCXW97527262 BCX0\" lang=\"FR-FR\" xml:lang=\"FR-FR\" data-contrast=\"none\"><span class=\"NormalTextRun CommentStart SCXW97527262 BCX0\" data-ccp-charstyle=\"Hyperlink\">leur soutien massif d\u00e9j\u00e0 accord\u00e9 en 2024\u202f<\/span><\/span><\/span><\/a><\/span><span class=\"TextRun SCXW97527262 BCX0\" lang=\"FR-FR\" xml:lang=\"FR-FR\" data-contrast=\"auto\"><span class=\"NormalTextRun SCXW97527262 BCX0\"> \u00e0 la strat\u00e9gie <\/span><span class=\"NormalTextRun CommentStart SCXW97527262 BCX0\">du conseil d\u2019administration de <\/span><span class=\"NormalTextRun SCXW97527262 BCX0\">TotalEnergies<\/span><span class=\"NormalTextRun SCXW97527262 BCX0\">, qui avait pourtant r\u00e9duit les opportunit\u00e9s d\u2019expression de ses actionnaires en cessant d\u2019organiser un vote d\u2019approbation de son plan climatique (vote dit <\/span><\/span><span class=\"TextRun SCXW97527262 BCX0\" lang=\"FR-FR\" xml:lang=\"FR-FR\" data-contrast=\"auto\"><span class=\"NormalTextRun SCXW97527262 BCX0\">Say on <\/span><span class=\"NormalTextRun SpellingErrorV2Themed SCXW97527262 BCX0\">Climate<\/span><\/span><span class=\"TextRun SCXW97527262 BCX0\" lang=\"FR-FR\" xml:lang=\"FR-FR\" data-contrast=\"auto\"><span class=\"NormalTextRun SCXW97527262 BCX0\">). Un soutien qui encourage <\/span><span class=\"NormalTextRun SCXW97527262 BCX0\">TotalEnergies<\/span><span class=\"NormalTextRun SCXW97527262 BCX0\"> dans sa strat\u00e9gie, comme l\u2019illustre le r\u00e9cent lobbying politique de son PDG Patrick <\/span><span class=\"NormalTextRun SpellingErrorV2Themed SCXW97527262 BCX0\">Pouyann\u00e9<\/span><span class=\"NormalTextRun SCXW97527262 BCX0\"> contre le devoir de vigilance europ\u00e9en (1).<\/span><\/span><span class=\"EOP TrackedChange SCXW97527262 BCX0\" data-ccp-props=\"{}\">\u00a0<\/span><\/p>\n<\/div><div class=\"fusion-title title fusion-title-1 fusion-title-text fusion-title-size-two\" style=\"--awb-text-color:var(--awb-color4);--awb-margin-top:15px;--awb-margin-bottom:15px;--awb-font-size:16px;\"><div class=\"title-sep-container title-sep-container-left fusion-no-large-visibility fusion-no-medium-visibility fusion-no-small-visibility\"><div class=\"title-sep sep- sep-solid\" style=\"border-color:#3e3e3e;\"><\/div><\/div><span class=\"awb-title-spacer fusion-no-large-visibility fusion-no-medium-visibility fusion-no-small-visibility\"><\/span><h2 class=\"fusion-title-heading title-heading-left fusion-responsive-typography-calculated\" style=\"font-family:&quot;Montserrat&quot;;font-style:normal;font-weight:700;margin:0;font-size:1em;--fontSize:16;--minFontSize:16;line-height:1.5;\">Une strat\u00e9gie de plus en plus climaticide\u202fqui acte l\u2019\u00e9chec du dialogue actionnarial<\/h2><span class=\"awb-title-spacer\"><\/span><div class=\"title-sep-container title-sep-container-right\"><div class=\"title-sep sep- sep-solid\" style=\"border-color:#3e3e3e;\"><\/div><\/div><\/div><div class=\"fusion-text fusion-text-3\" style=\"--awb-content-alignment:justify;\"><p><span data-contrast=\"auto\">Les pr\u00e9conisations fond\u00e9es sur la science\u202fsont claires et sans appel : le GIEC ainsi que la communaut\u00e9 scientifique rappellent que toute nouvelle infrastructure d\u2019\u00e9nergies fossiles compromet le respect du budget carbone d\u2019une trajectoire 1,5\u00b0C (2). Et le sc\u00e9nario Net-Zero en 2050 de l\u2019Agence internationale de l\u2019\u00e9nergie (AIE) projette une trajectoire 1,5\u00b0C sans nouveaux champs et terminaux p\u00e9tro-gaziers et de terminaux d\u2019exportation de gaz naturel liqu\u00e9fi\u00e9 (3).<\/span><span data-ccp-props=\"{}\">\u00a0<\/span><\/p>\n<p><span data-contrast=\"auto\">En contradiction totale avec ces constats scientifiques, TotalEnergies \u00e9tait \u00e0 nouveau en 2024 le 6<\/span><span data-contrast=\"auto\">\u00e8me<\/span><span data-contrast=\"auto\"> plus grand d\u00e9veloppeur de champs p\u00e9tro-gaziers dans le monde (4) et sa <\/span><span style=\"text-decoration: underline;\"><a href=\"https:\/\/reclaimfinance.org\/site\/wp-content\/uploads\/2025\/05\/202504_TotalEnergies_Climate-Strategy-Assessment.pdf\" target=\"_blank\" rel=\"noopener\">strat\u00e9gie climaticide assum\u00e9e<\/a><\/span><span data-contrast=\"auto\"> ne s\u2019am\u00e9liore pas. TotalEnergies a r\u00e9cemment annonc\u00e9 une baisse de\u202fses pr\u00e9visions d\u2019investissements dans ses activit\u00e9s \u00ab\u202fbas carbone\u202f\u00bb et une hausse de la part de ses investissements aux nouveaux projets p\u00e9troliers et gaziers en 2030 (5). Et ceci, alors\u202fm\u00eame que l\u2019an pass\u00e9, TotalEnergies avait augment\u00e9 sa production pr\u00e9vue de p\u00e9trole et de gaz (6).<\/span><span data-ccp-props=\"{}\">\u00a0<\/span><\/p>\n<p><span data-contrast=\"auto\">Pourtant, les dirigeants ont choisi de ne pas laisser les actionnaires s\u2019exprimer sur sa strat\u00e9gie climatique, alors m\u00eame qu\u2019un nombre record de 20% s\u2019y \u00e9taient oppos\u00e9 en 2024. En l\u2019absence de <\/span><i><span data-contrast=\"auto\">Say on Climate<\/span><\/i><span data-contrast=\"auto\">, et apr\u00e8s des d\u00e9cennies d\u2019engagement infructueux y compris dans le cadre de l\u2019initiative d\u2018engagement collaboratif <\/span><i><span data-contrast=\"auto\">Climate Action 100+<\/span><\/i><span data-contrast=\"auto\">, la seule position responsable aurait \u00e9t\u00e9 de prendre des mesures d\u2019escalade <\/span><span style=\"text-decoration: underline;\"><a href=\"https:\/\/reclaimfinance.org\/site\/2024\/02\/13\/entre-engagement-complaisant-et-desinvestissement-complet-y-a-t-il-une-troisieme-voie\/\" target=\"_blank\" rel=\"noopener\">en votant contre les r\u00e9solutions strat\u00e9giques propos\u00e9es par la direction<\/a>.<\/span><span data-ccp-props=\"{}\">\u00a0<\/span><\/p>\n<\/div><div class=\"fusion-title title fusion-title-2 fusion-title-text fusion-title-size-two\" style=\"--awb-text-color:var(--awb-color4);--awb-margin-top:15px;--awb-margin-bottom:15px;--awb-font-size:16px;\"><div class=\"title-sep-container title-sep-container-left fusion-no-large-visibility fusion-no-medium-visibility fusion-no-small-visibility\"><div class=\"title-sep sep- sep-solid\" style=\"border-color:#3e3e3e;\"><\/div><\/div><span class=\"awb-title-spacer fusion-no-large-visibility fusion-no-medium-visibility fusion-no-small-visibility\"><\/span><h2 class=\"fusion-title-heading title-heading-left fusion-responsive-typography-calculated\" style=\"font-family:&quot;Montserrat&quot;;font-style:normal;font-weight:700;margin:0;font-size:1em;--fontSize:16;--minFontSize:16;line-height:1.5;\">Une approbation quasi-unanime de la direction<\/h2><span class=\"awb-title-spacer\"><\/span><div class=\"title-sep-container title-sep-container-right\"><div class=\"title-sep sep- sep-solid\" style=\"border-color:#3e3e3e;\"><\/div><\/div><\/div><div class=\"fusion-text fusion-text-4\" style=\"--awb-content-alignment:justify;\"><p><span data-contrast=\"auto\">Mais dans les faits, la grande majorit\u00e9 des actionnaires continuent \u00e0 valider la strat\u00e9gie propos\u00e9e par la direction, en votant pour la r\u00e9\u00e9lection des administrateurs sortants et la r\u00e9mun\u00e9ration du Pr\u00e9sident-Directeur G\u00e9n\u00e9ral (7). Aucun des actionnaires dans le top 10 mondial ne s\u2019oppose \u00e0 ces r\u00e9solutions cl\u00e9s. Parmi les plus gros actionnaires fran\u00e7ais et europ\u00e9ens, seuls Union Investment, DEKA et Ofi Invest AM votent <\/span><i><span data-contrast=\"auto\">contre <\/span><\/i><span data-contrast=\"auto\">la r\u00e9-\u00e9lection de Lise Croteau, pourtant responsable de la strat\u00e9gie men\u00e9e par l\u2019entreprise. Et seuls strum AM, La Banque Postale AM et Ofi Invest AM votent <\/span><i><span data-contrast=\"auto\">contre<\/span><\/i><span data-contrast=\"auto\"> la r\u00e9mun\u00e9ration du PDG.<\/span><span data-ccp-props=\"{}\">\u00a0<\/span><\/p>\n<p><span data-contrast=\"auto\">Bien que ces votes n\u2019aient pas \u00e9t\u00e9 syst\u00e9matiquement justifi\u00e9s par des raisons climatiques, ces actionnaires qui s\u2019opposent \u00e0 des r\u00e9solutions strat\u00e9giques s\u2019\u00e9taient d\u00e9j\u00e0 d\u00e9marqu\u00e9s en votant contre ou en s\u2019abstenant lors du vote sur le <\/span><i><span data-contrast=\"auto\">Say on Climate<\/span><\/i><span data-contrast=\"auto\"> en 2024. Cette opposition suit l\u2019approche pr\u00e9conis\u00e9e par la recherche acad\u00e9mique sur les leviers d\u2019impact des investisseurs (8). Ces votes propos\u00e9s par la direction ont un effet contraignant pour les entreprises, contrairement \u00e0 un vote <\/span><i><span data-contrast=\"auto\">Say on <\/span><\/i><i><span data-contrast=\"auto\">Climate<\/span><\/i><i><span data-contrast=\"auto\">,<\/span><\/i><span data-contrast=\"auto\"> et envoient le message que le climat doit \u00eatre une priorit\u00e9 non-n\u00e9gociable.<\/span><span data-ccp-props=\"{}\">\u00a0<\/span><\/p>\n<p><span data-contrast=\"auto\">\u00c0 l\u2019inverse, les votes de certains actionnaires en 2025 sont en incoh\u00e9rence avec ceux de 2024 : DWS, Dimensional Fund Advisors et UBS AM ont vot\u00e9 en 2024 <\/span><i><span data-contrast=\"auto\">contre <\/span><\/i><span data-contrast=\"auto\">le plan climatique de TotalEnergies, en coh\u00e9rence avec les recommandations fond\u00e9es sur la science. Pourtant, en 2025, ces m\u00eames actionnaires approuvent toutes les r\u00e9solutions. Au total, les actionnaires de TotalEnergies votent en moyenne <\/span><i><span data-contrast=\"auto\">pour<\/span><\/i><span data-contrast=\"auto\"> l\u2019ensemble des r\u00e9solutions propos\u00e9es par la direction \u00e0 94,8% (9), exprimant ainsi un soutien fort \u00e0 la strat\u00e9gie actuelle de l\u2019entreprise.<\/span><span data-ccp-props=\"{}\">\u00a0<\/span><\/p>\n<\/div><div class=\"fusion-title title fusion-title-3 fusion-title-text fusion-title-size-two\" style=\"--awb-text-color:var(--awb-color4);--awb-margin-top:15px;--awb-margin-bottom:15px;--awb-font-size:16px;\"><div class=\"title-sep-container title-sep-container-left fusion-no-large-visibility fusion-no-medium-visibility fusion-no-small-visibility\"><div class=\"title-sep sep- sep-solid\" style=\"border-color:#3e3e3e;\"><\/div><\/div><span class=\"awb-title-spacer fusion-no-large-visibility fusion-no-medium-visibility fusion-no-small-visibility\"><\/span><h2 class=\"fusion-title-heading title-heading-left fusion-responsive-typography-calculated\" style=\"font-family:&quot;Montserrat&quot;;font-style:normal;font-weight:700;margin:0;font-size:1em;--fontSize:16;--minFontSize:16;line-height:1.5;\">Quand la course \u00e0 la rentabilit\u00e9 ignore les risques climatiques<\/h2><span class=\"awb-title-spacer\"><\/span><div class=\"title-sep-container title-sep-container-right\"><div class=\"title-sep sep- sep-solid\" style=\"border-color:#3e3e3e;\"><\/div><\/div><\/div><div class=\"fusion-text fusion-text-5\" style=\"--awb-content-alignment:justify;\"><p><span data-contrast=\"auto\">\u00c0 travers leurs votes, les actionnaires de TotalEnergies adoptent une logique court-termiste privil\u00e9giant les revenus financiers \u00e0 court terme aux investissements n\u00e9cessaires \u00e0 la transition. La quasi-totalit\u00e9 des actionnaires ont ainsi approuv\u00e9 l\u2019allocation des dividendes et les rachats d\u2019actions (10), alors que l\u2019entreprise pourrait utiliser ses profits pour investir dans les \u00e9nergies soutenables. Parmi les actionnaires principaux, seul Union Investment\u202faffiche un vote d\u00e9favorable aux rachats d\u2019actions propos\u00e9s par l\u2019entreprise. Pour rappel, <\/span><span style=\"text-decoration: underline;\"><a href=\"https:\/\/reclaimfinance.org\/site\/wp-content\/uploads\/2025\/05\/202504_TotalEnergies_Climate-Strategy-Assessment.pdf\" target=\"_blank\" rel=\"noopener\">en 2024, pour chaque dollar investi dans ses activit\u00e9s de production d\u2019\u00e9lectricit\u00e9, qui incluent \u00e9galement des activit\u00e9s gazi\u00e8res, TotalEnergies a attribu\u00e9 4 dollars aux actionnaires.<\/a><\/span><span data-ccp-props=\"{}\">\u00a0<\/span><\/p>\n<p><span data-contrast=\"auto\">Par ailleurs, alors que les comptes financiers de TotalEnergies ne prennent pas correctement en compte les risques li\u00e9s au climat (11), la grande majorit\u00e9 des actionnaires les ont approuv\u00e9s \u00e0 l\u2019assembl\u00e9e g\u00e9n\u00e9rale. Parmi les grands actionnaires de l\u2019entreprise dans le monde, en Europe et en France, seul La Fran\u00e7aise \u2013 Cr\u00e9dit Mutuel AM refuse d\u2019approuver ces comptes financiers qui ignorent en partie les risques climatiques pour les actionnaires.<\/span><span data-ccp-props=\"{}\">\u00a0<\/span><\/p>\n<\/div><div class=\"fusion-text fusion-text-6\" style=\"--awb-content-alignment:justify;\"><p><strong><span class=\"TextRun SCXW122492933 BCX0\" lang=\"FR-FR\" xml:lang=\"FR-FR\" data-contrast=\"auto\"><span class=\"NormalTextRun CommentStart SCXW122492933 BCX0\">La d\u00e9t\u00e9rioration<\/span> <span class=\"NormalTextRun SCXW122492933 BCX0\">d\u2019une strat\u00e9gie d\u00e9j\u00e0 loin des recommandations scientifiques et le <\/span><span class=\"NormalTextRun CommentStart SCXW122492933 BCX0\">refus cat\u00e9gorique <\/span><span class=\"NormalTextRun SCXW122492933 BCX0\">de consulter les actionnaires sur sa strat\u00e9gie climatique confirment que ces derniers doivent prendre des mesures plus fermes. Il est urgent d\u2019actionner plus de leviers, comme voter contre les r\u00e9solutions strat\u00e9giques port\u00e9es par la direction<\/span><\/span> <span class=\"TextRun SCXW122492933 BCX0\" lang=\"FR-FR\" xml:lang=\"FR-FR\" data-contrast=\"auto\"><span class=\"NormalTextRun SCXW122492933 BCX0\">et arr\u00eater les nouveaux investissements <\/span><span class=\"NormalTextRun CommentStart SCXW122492933 BCX0\">dans<\/span> <span class=\"NormalTextRun SCXW122492933 BCX0\">TotalEnergies<\/span><span class=\"NormalTextRun SCXW122492933 BCX0\">, en priorit\u00e9 l\u2019achat d\u2019obligations.<\/span><\/span><\/strong> <span class=\"EOP SCXW122492933 BCX0\" data-ccp-props=\"{}\">\u00a0<\/span><\/p>\n<\/div><div class=\"fusion-title title fusion-title-4 fusion-title-text fusion-title-size-three\" style=\"--awb-margin-bottom:10px;--awb-font-size:16px;\"><div class=\"title-sep-container title-sep-container-left fusion-no-large-visibility fusion-no-medium-visibility fusion-no-small-visibility\"><div class=\"title-sep sep- sep-solid\" style=\"border-color:#3e3e3e;\"><\/div><\/div><span class=\"awb-title-spacer fusion-no-large-visibility fusion-no-medium-visibility fusion-no-small-visibility\"><\/span><h3 class=\"fusion-title-heading title-heading-left fusion-responsive-typography-calculated\" style=\"margin:0;font-size:1em;--fontSize:16;--minFontSize:16;line-height:1.5;\"><span style=\"text-decoration: underline;\">Votes des principaux actionnaires de TotalEnergies \u00e0 l\u2019assembl\u00e9e g\u00e9n\u00e9rale 2025\u202f<\/span><\/h3><span class=\"awb-title-spacer\"><\/span><div class=\"title-sep-container title-sep-container-right\"><div class=\"title-sep sep- sep-solid\" style=\"border-color:#3e3e3e;\"><\/div><\/div><\/div><div class=\"fusion-text fusion-text-7\" style=\"--awb-content-alignment:justify;\"><div class=\"table-2\">\n<table style=\"font-size: 13px!important; width: 100%;\">\n<thead>\n<tr>\n<th><\/th>\n<th align=\"left\">R\u00e9\u00e9lection de l\u2019administratrice Lise Croteau<\/th>\n<th align=\"left\">R\u00e9mun\u00e9ration du PDG Patrick Pouyann\u00e9 (2024 et 2025)<\/th>\n<th align=\"left\"><span class=\"TextRun SCXW207715127 BCX0\" lang=\"FR-FR\" xml:lang=\"FR-FR\" data-contrast=\"auto\"><span class=\"NormalTextRun SpellingErrorV2Themed SCXW207715127 BCX0\">Consolidated<\/span><span class=\"NormalTextRun SCXW207715127 BCX0\"> Financial <\/span><span class=\"NormalTextRun SpellingErrorV2Themed SCXW207715127 BCX0\">Statements<\/span><\/span><span class=\"EOP SCXW207715127 BCX0\" data-ccp-props=\"{}\">\u00a0<\/span><\/th>\n<\/tr>\n<\/thead>\n<tbody>\n<tr>\n<td align=\"left\">Pour<\/td>\n<td align=\"left\">Allianz GI, Amundi, AXA IM, BlackRock, BNP Paribas AM, Capital Group, Dimensional Fund Advisors, DNCA Finance, DWS, Fidelity International, Fidelity Investments, Goldman Sachs AM, HSBC AM, Janus Henderson, La Banque Postale AM, La Fran\u00e7aise &#8211; Cr\u00e9dit Mutuel AM, NBIM, Ostrum AM, T Rowe Price, UBS AM, Vanguard<\/td>\n<td style=\"text-align: left;\" align=\"center\">Allianz GI, Amundi, AXA IM, BlackRock, BNP Paribas AM, Capital Group, DEKA, Dimensional Fund Advisors, DNCA Finance, DWS, Fidelity International, Fidelity Investments, Goldman Sachs AM, HSBC AM, Janus Henderson, La Banque Postale AM (1 r\u00e9solution sur 2), La Fran\u00e7aise &#8211; Cr\u00e9dit Mutuel AM, NBIM, Ofi Invest AM (1 r\u00e9solution sur 2), T Rowe Price, UBS AM, Union Investment, Vanguard<\/td>\n<td style=\"text-align: left;\" align=\"center\">Allianz GI, Amundi, AXA IM, BlackRock, BNP Paribas AM, Capital Group, DEKA, Dimensional Fund Advisors, DNCA Finance, DWS, Fidelity International, Fidelity Investments, Goldman Sachs AM, HSBC AM, Janus Henderson, La Banque Postale AM, NBIM, Ofi Invest AM, Ostrum AM, T Rowe Price, UBS AM, Union Investment, Vanguard<\/td>\n<\/tr>\n<tr>\n<td align=\"left\">Contre<\/td>\n<td align=\"left\">DEKA, Ofi Invest AM, Union Investment<\/td>\n<td style=\"text-align: left;\" align=\"center\">La Banque Postale AM (1 r\u00e9solution sur 2), Ofi Invest AM (1 r\u00e9solution sur 2), Ostrum AM (2 r\u00e9solutions sur 2)<\/td>\n<td style=\"text-align: left;\" align=\"center\">La Fran\u00e7aise &#8211; Cr\u00e9dit Mutuel AM<\/td>\n<\/tr>\n<tr>\n<td align=\"left\">Absence de publication<\/td>\n<td colspan=\"3\" align=\"left\">AG2R La Mondiale Gestion (publication pr\u00e9vue pour 2026), Capfi Delen AM (publication pr\u00e9vue pour 2026), Moneta AM, Varennes Capital Partners<\/td>\n<\/tr>\n<\/tbody>\n<\/table>\n<\/div>\n<\/div><\/div><\/div><div class=\"fusion-layout-column fusion_builder_column fusion-builder-column-1 fusion_builder_column_1_1 1_1 fusion-flex-column fusion-column-no-min-height\" style=\"--awb-padding-top:20px;--awb-padding-right:10px;--awb-padding-bottom:20px;--awb-padding-left:10px;--awb-overflow:hidden;--awb-bg-size:cover;--awb-border-color:var(--awb-color1);--awb-border-top:1px;--awb-border-right:1px;--awb-border-bottom:1px;--awb-border-left:1px;--awb-border-style:solid;--awb-border-radius:10px 10px 10px 10px;--awb-width-large:100%;--awb-margin-top-large:0px;--awb-spacing-right-large:1.92%;--awb-margin-bottom-large:20px;--awb-spacing-left-large:1.92%;--awb-width-medium:100%;--awb-order-medium:0;--awb-spacing-right-medium:1.92%;--awb-spacing-left-medium:1.92%;--awb-width-small:100%;--awb-order-small:0;--awb-spacing-right-small:1.92%;--awb-spacing-left-small:1.92%;\"><div class=\"fusion-column-wrapper fusion-column-has-shadow fusion-flex-justify-content-flex-start fusion-content-layout-column\"><div class=\"fusion-title title fusion-title-5 fusion-title-text fusion-title-size-three\" style=\"--awb-text-color:var(--awb-color1);--awb-margin-bottom:0px;--awb-font-size:16px;\"><div class=\"title-sep-container title-sep-container-left fusion-no-large-visibility fusion-no-medium-visibility fusion-no-small-visibility\"><div class=\"title-sep sep- sep-solid\" style=\"border-color:#3e3e3e;\"><\/div><\/div><span class=\"awb-title-spacer fusion-no-large-visibility fusion-no-medium-visibility fusion-no-small-visibility\"><\/span><h3 class=\"fusion-title-heading title-heading-left fusion-responsive-typography-calculated\" style=\"font-family:&quot;Montserrat&quot;;font-style:normal;font-weight:700;margin:0;font-size:1em;--fontSize:16;--minFontSize:16;line-height:1.5;\">Notes :<\/h3><span class=\"awb-title-spacer\"><\/span><div class=\"title-sep-container title-sep-container-right\"><div class=\"title-sep sep- sep-solid\" style=\"border-color:#3e3e3e;\"><\/div><\/div><\/div><div class=\"fusion-text fusion-text-8\"><ol>\n<li><span data-contrast=\"auto\">Politico, <\/span><span style=\"text-decoration: underline;\"><a href=\"https:\/\/www.reuters.com\/sustainability\/boards-policy-regulation\/totalenergies-siemens-urge-eu-abolish-climate-law-letter-shows-2025-10-09\/\" target=\"_blank\" rel=\"noopener\"><i>TotalEnergies<\/i><i> et Siemens demandent \u201cl\u2019abolition du devoir de vigilance\u201d europ\u00e9en<\/i><\/a><\/span><span data-contrast=\"auto\">, 10\/10\/2025<\/span><\/li>\n<li><span data-contrast=\"auto\">GIEC<\/span><i><span data-contrast=\"auto\">, <\/span><\/i><span style=\"text-decoration: underline;\"><a href=\"https:\/\/www.ipcc.ch\/report\/ar6\/wg3\/downloads\/report\/IPCC_AR6_WGIII_FullReport.pdf\" target=\"_blank\" rel=\"noopener\"><i>AR 6 report WG III contribution<\/i><\/a><\/span><span data-contrast=\"auto\">, 2022<\/span><\/li>\n<li><span data-contrast=\"auto\">AIE, <\/span><span style=\"text-decoration: underline;\"><a href=\"https:\/\/iea.blob.core.windows.net\/assets\/7a4b0c4e-d78c-4a8e-998c-6cde10a4e49b\/TheOilandGasIndustryinNetZeroTransitions.pdf\" target=\"_blank\" rel=\"noopener\"><i>The Oil and Gas Industry in Net Zero Transitions <\/i>and <i>World Energy Outlook 2024<\/i><\/a><\/span><span data-contrast=\"auto\">, 2025\u202f<\/span><\/li>\n<li><span data-contrast=\"auto\">Urgewald<\/span><i><span data-contrast=\"auto\">, <\/span><\/i><span style=\"text-decoration: underline;\"><a href=\"https:\/\/gogel.org\/publications\" target=\"_blank\" rel=\"noopener\"><i>Global Oil&amp;Gas Exit List<\/i><\/a><\/span><span data-contrast=\"auto\">, 2025<\/span><\/li>\n<li><span data-contrast=\"auto\">TotalEnergies, <\/span><span style=\"text-decoration: underline;\"><a href=\"https:\/\/totalenergies.com\/sites\/g\/files\/nytnzq121\/files\/documents\/totalenergies_strategy-and-outlook-presentation_2025.pdf\" target=\"_blank\" rel=\"noopener\">Pr\u00e9senta<\/a>tion investisseurs\u202f<\/span><span data-contrast=\"none\">: <\/span><i><span data-contrast=\"none\">Strat\u00e9gie et perspective 2025<\/span><\/i><span data-contrast=\"auto\">, 29\/09\/2025<\/span> <span data-contrast=\"auto\">L\u2019entreprise p\u00e9tro-gazi\u00e8re a annonc\u00e9 en 2025 augmenter la part de ses investissements dans les nouveaux projets fossiles jusqu&rsquo;en 2030, la passant de 33 \u00e0 35 %, tout en r\u00e9duisant celle destin\u00e9e \u00e0 l&rsquo;\u00e9lectricit\u00e9 int\u00e9gr\u00e9e \u00e0 4 milliards d\u2019euros par an, alors qu&rsquo;elle pr\u00e9voyait auparavant d&rsquo;y investir 4 \u00e0 5 milliards d&rsquo;euros par an. Au total, de 2026 \u00e0 2030, TotalEnergies pr\u00e9voit ainsi de consacrer 75% de ses investissements au p\u00e9trole et au gaz.<\/span><\/li>\n<li><span data-contrast=\"auto\">En 2024 d\u00e9j\u00e0, elle avait augment\u00e9 sa production p\u00e9tro-gazi\u00e8re d\u2019ici 2028 de 2 \u00e0 3%.<\/span><\/li>\n<li><span data-contrast=\"auto\">En 2025, 91% des actionnaires ont vot\u00e9 pour la r\u00e9\u00e9lection de l\u2019unique administratrice sortante, Lise Croteau, et 94% ont approuv\u00e9 l\u2019action du Pr\u00e9sident-Directeur G\u00e9n\u00e9ral (PDG), Patrick Pouyann\u00e9, en votant pour sa r\u00e9mun\u00e9ration.<\/span><\/li>\n<li>\n<ol>\n<li><span data-contrast=\"auto\"> Quigley,<\/span> <span style=\"text-decoration: underline;\"><a href=\"https:\/\/www.sciencedirect.com\/science\/article\/pii\/S2214629623003122?via%3Dihub\" target=\"_blank\" rel=\"noopener\"><i>Evidence-based climate impact: A financial product framework<\/i><\/a><\/span><i><span data-contrast=\"auto\">.Energy Research &amp; Social Science,\u202f<\/span><\/i><span data-contrast=\"auto\">Volume 105, 2023<\/span><\/li>\n<li><span data-contrast=\"auto\"> Quigley,<span style=\"text-decoration: underline;\">\u202f<\/span><\/span><span style=\"text-decoration: underline;\"><a href=\"https:\/\/papers.ssrn.com\/sol3\/papers.cfm?abstract_id=3638217\" target=\"_blank\" rel=\"noopener\">Universal Ownership in Practice: A Practical Investment Framework for Asset Owners<\/a><\/span><span data-contrast=\"auto\">. <\/span><i><span data-contrast=\"auto\">SSRN <\/span><\/i><i><span data-contrast=\"auto\">Electronic<\/span><\/i><i><span data-contrast=\"auto\"> Journal<\/span><\/i><span data-contrast=\"auto\">, 202<\/span><span data-contrast=\"auto\">Les travaux de l\u2019universit\u00e9 de Cambridge, men\u00e9s par Ellen Quigley, montrent notamment que les votes contre les r\u00e9solutions port\u00e9es par le management sont ceux qui ont le plus le potentiel de changer les pratiques d\u2019une entreprise.<\/span><\/li>\n<\/ol>\n<\/li>\n<li><span data-contrast=\"auto\">TotalEnergies, <\/span><span style=\"text-decoration: underline;\"><a href=\"https:\/\/totalenergies.com\/sites\/g\/files\/nytnzq121\/files\/documents\/totalenergies_assemblee-generale-2025-resultats-votes-resolutions-actionnaires_2025_fr.pdf\" target=\"_blank\" rel=\"noopener\">Publication des r\u00e9sultats\u202f: <i>Assembl\u00e9es G\u00e9n\u00e9rale Mixte de TotalEnergies SE du 23 mai 2025<\/i><\/a><\/span><span data-contrast=\"auto\">, mai 2025.<\/span><\/li>\n<li><span data-contrast=\"auto\">En 2024, TotalEnergies affiche un r\u00e9sultat net consolid\u00e9 de 14,6 milliards d\u2019euros, suivant un record de 21,5 en 2023. Par ailleurs, TotalEnergies a vers\u00e9 7,7 milliards d\u2019euros de dividendes en 2024, 7,5 en 2023 et un record de 10,5 en 2022, tout en mettant en avant une augmentation de 25% des dividendes par rapport \u00e0 2019.<\/span><\/li>\n<li><span data-contrast=\"auto\">Carbon Tracker Initiative assessment regarding Climate Accounting and Audit<\/span><i><span data-contrast=\"auto\">, <\/span><\/i><span style=\"text-decoration: underline;\"><a href=\"https:\/\/www.climateaction100.org\/company\/total\/\" target=\"_blank\" rel=\"noopener\"><i>Climate Action 100+ Net Zero Company Benchmark, TotalEnergies assessment<\/i><\/a><\/span><span data-contrast=\"auto\">, 2025<br \/>\n<\/span><span style=\"text-decoration: underline;\"><i><br \/>\nAller plus loin<\/i><i>:<\/i><br \/>\n<\/span><span data-contrast=\"auto\">Reclaim Finance, <\/span><span style=\"text-decoration: underline;\"><a href=\"https:\/\/reclaimfinance.org\/site\/evaluation-de-la-strategie-climatique-des-compagnies-petrolieres-et-gazieres\/\" target=\"_blank\" rel=\"noopener\"><i>Strat\u00e9gies climat des entreprises p\u00e9tro-gazi\u00e8res<\/i><\/a><\/span><span data-ccp-props=\"{}\"><br \/>\n<\/span><span data-contrast=\"auto\">Reclaim Finance, <\/span><span style=\"text-decoration: underline;\"><a href=\"https:\/\/reclaimfinance.org\/site\/2025\/09\/29\/quels-investisseurs-refusent-de-soutenir-totalenergies\/\" target=\"_blank\" rel=\"noopener\"><i>Quels investisseurs refusent de soutenir TotalEnergies ?<\/i><\/a> <\/span><\/li>\n<\/ol>\n<\/div><\/div><\/div><\/div><\/div><div class=\"fusion-fullwidth fullwidth-box fusion-builder-row-2 fusion-flex-container has-pattern-background has-mask-background nonhundred-percent-fullwidth non-hundred-percent-height-scrolling\" style=\"--awb-border-radius-top-left:0px;--awb-border-radius-top-right:0px;--awb-border-radius-bottom-right:0px;--awb-border-radius-bottom-left:0px;--awb-flex-wrap:wrap;\" ><div class=\"fusion-builder-row fusion-row fusion-flex-align-items-flex-start fusion-flex-content-wrap\" style=\"max-width:1216.8px;margin-left: calc(-4% \/ 2 );margin-right: calc(-4% \/ 2 );\"><div class=\"fusion-layout-column fusion_builder_column fusion-builder-column-2 fusion_builder_column_1_1 1_1 fusion-flex-column\" style=\"--awb-bg-size:cover;--awb-width-large:100%;--awb-margin-top-large:0px;--awb-spacing-right-large:1.92%;--awb-margin-bottom-large:20px;--awb-spacing-left-large:1.92%;--awb-width-medium:100%;--awb-order-medium:0;--awb-spacing-right-medium:1.92%;--awb-spacing-left-medium:1.92%;--awb-width-small:100%;--awb-order-small:0;--awb-spacing-right-small:1.92%;--awb-spacing-left-small:1.92%;\"><div class=\"fusion-column-wrapper fusion-column-has-shadow fusion-flex-justify-content-flex-start fusion-content-layout-column\"><div class=\"fusion-title title fusion-title-6 fusion-sep-none fusion-title-text fusion-title-size-two\" style=\"--awb-text-color:var(--awb-color1);--awb-margin-bottom:0px;\"><h2 class=\"fusion-title-heading title-heading-left fusion-responsive-typography-calculated\" style=\"margin:0;text-transform:uppercase;--fontSize:33;line-height:1.5;\">lire aussi<\/h2><\/div><div class=\"fusion-separator\" style=\"align-self: flex-start;margin-right:auto;margin-top:25px;margin-bottom:35px;width:100%;max-width:100px;\"><div class=\"fusion-separator-border sep-single sep-solid\" style=\"--awb-height:20px;--awb-amount:20px;--awb-sep-color:var(--awb-color4);border-color:var(--awb-color4);border-top-width:10px;\"><\/div><\/div><div class=\"fusion-blog-shortcode fusion-blog-shortcode-1 fusion-blog-archive fusion-blog-layout-grid-wrapper fusion-blog-no\"><style type=\"text\/css\">.fusion-blog-shortcode-1 .fusion-blog-layout-grid .fusion-post-grid{padding:15px;}.fusion-blog-shortcode-1 .fusion-posts-container{margin-left: -15px !important; margin-right:-15px !important;}<\/style><div class=\"fusion-posts-container fusion-posts-container-no fusion-blog-rollover fusion-blog-layout-grid fusion-blog-layout-grid-3 isotope fusion-blog-equal-heights\" data-pages=\"181\" data-grid-col-space=\"30\" style=\"margin: -15px -15px 0;min-height:500px;\"><article id=\"blog-1-post-39586\" class=\"fusion-post-grid post-39586 post type-post status-publish format-standard has-post-thumbnail hentry category-blog acteurs_financiers-assurances-fr acteurs_financiers-investisseurs\">\n<div class=\"fusion-post-wrapper\" style=\"background-color:rgba(255,255,255,0);border:1px solid #2a2b3d;border-bottom-width:3px;\">\n\n\t\t\t<div class=\"fusion-flexslider flexslider fusion-flexslider-loading fusion-post-slideshow\" style=\"border-color:#2a2b3d;\">\n\t\t<ul class=\"slides\">\n\t\t\t\n\t\t\t\t\t\t\t\t\t\t\t\t\t\t<li><div  class=\"fusion-image-wrapper\" aria-haspopup=\"true\">\n\t\t\t\t<img decoding=\"async\" width=\"900\" height=\"400\" src=\"https:\/\/reclaimfinance.org\/site\/wp-content\/uploads\/2025\/09\/Totalenergies-investors1.png\" class=\"attachment-full size-full wp-post-image\" alt=\"\" \/><div class=\"fusion-rollover\">\n\t<div class=\"fusion-rollover-content\">\n\n\t\t\t\t\n\t\t\n\t\t\t\t\t\t\t\t\n\t\t\t\t\t\t\t\t\n\t\t\n\t\t\t\t\t\t<a class=\"fusion-link-wrapper\" href=\"https:\/\/reclaimfinance.org\/site\/2026\/04\/24\/totalenergies-finance-par-lassurance-vie-un-soutien-toujours-moins-defendable\/\" aria-label=\"TotalEnergies financ\u00e9 par l\u2019assurance-vie : un soutien toujours moins d\u00e9fendable\"><\/a>\n\t<\/div>\n<\/div>\n<\/div>\n<\/li>\n\t\t\t\n\t\t\t\n\t\t\t\t\t\t\t\t<\/ul>\n\t<\/div>\n\t<div class=\"fusion-post-content-wrapper\" style=\"padding:30px 25px 20px 25px;\"><div class=\"fusion-post-content post-content\"><h3 class=\"blog-shortcode-post-title entry-title\"><a href=\"https:\/\/reclaimfinance.org\/site\/2026\/04\/24\/totalenergies-finance-par-lassurance-vie-un-soutien-toujours-moins-defendable\/\">TotalEnergies financ\u00e9 par l\u2019assurance-vie : un soutien toujours moins d\u00e9fendable<\/a><\/h3><p class=\"fusion-single-line-meta\"><span class=\"vcard\" style=\"display: none;\"><span class=\"fn\"><a href=\"https:\/\/reclaimfinance.org\/site\/author\/alb\/\" title=\"Articles par Ariel Le Bourdonnec\" rel=\"author\">Ariel Le Bourdonnec<\/a><\/span><\/span><span class=\"updated\" style=\"display:none;\">2026-04-24T11:40:28+02:00<\/span><a href=\"https:\/\/reclaimfinance.org\/site\/category\/blog\/\" rel=\"category tag\">Articles<\/a><span class=\"fusion-inline-sep\">|<\/span><\/p><\/div><\/div><div class=\"fusion-clearfix\"><\/div><\/div>\n<\/article>\n<article id=\"blog-1-post-39566\" class=\"fusion-post-grid post-39566 post type-post status-publish format-standard has-post-thumbnail hentry category-blog acteurs_financiers-assurances-fr acteurs_financiers-banques-fr acteurs_financiers-detenteurs-dactifs acteurs_financiers-gestionnaire-dactifs acteurs_financiers-gfanz acteurs_financiers-investisseurs acteurs_financiers-regulateurs-fr thematique-energies-fossiles\">\n<div class=\"fusion-post-wrapper\" style=\"background-color:rgba(255,255,255,0);border:1px solid #2a2b3d;border-bottom-width:3px;\">\n\n\t\t\t<div class=\"fusion-flexslider flexslider fusion-flexslider-loading fusion-post-slideshow\" style=\"border-color:#2a2b3d;\">\n\t\t<ul class=\"slides\">\n\t\t\t\n\t\t\t\t\t\t\t\t\t\t\t\t\t\t<li><div  class=\"fusion-image-wrapper\" aria-haspopup=\"true\">\n\t\t\t\t<img decoding=\"async\" width=\"1125\" height=\"500\" src=\"https:\/\/reclaimfinance.org\/site\/wp-content\/uploads\/2026\/04\/amazonie-.png\" class=\"attachment-full size-full wp-post-image\" alt=\"\" \/><div class=\"fusion-rollover\">\n\t<div class=\"fusion-rollover-content\">\n\n\t\t\t\t\n\t\t\n\t\t\t\t\t\t\t\t\n\t\t\t\t\t\t\t\t\n\t\t\n\t\t\t\t\t\t<a class=\"fusion-link-wrapper\" href=\"https:\/\/reclaimfinance.org\/site\/2026\/04\/22\/proteger-les-zones-critiques-pour-la-biodiversite-de-la-predation-fossile\/\" aria-label=\"Prot\u00e9ger les zones critiques pour la biodiversit\u00e9 de la pr\u00e9dation fossile\"><\/a>\n\t<\/div>\n<\/div>\n<\/div>\n<\/li>\n\t\t\t\n\t\t\t\n\t\t\t\t\t\t\t\t<\/ul>\n\t<\/div>\n\t<div class=\"fusion-post-content-wrapper\" style=\"padding:30px 25px 20px 25px;\"><div class=\"fusion-post-content post-content\"><h3 class=\"blog-shortcode-post-title entry-title\"><a href=\"https:\/\/reclaimfinance.org\/site\/2026\/04\/22\/proteger-les-zones-critiques-pour-la-biodiversite-de-la-predation-fossile\/\">Prot\u00e9ger les zones critiques pour la biodiversit\u00e9 de la pr\u00e9dation fossile<\/a><\/h3><p class=\"fusion-single-line-meta\"><span class=\"vcard\" style=\"display: none;\"><span class=\"fn\"><a href=\"https:\/\/reclaimfinance.org\/site\/author\/aman\/\" title=\"Articles par Aatira\u00ef Manickawasagar\" rel=\"author\">Aatira\u00ef Manickawasagar<\/a><\/span><\/span><span class=\"updated\" style=\"display:none;\">2026-04-22T10:50:37+02:00<\/span><a href=\"https:\/\/reclaimfinance.org\/site\/category\/blog\/\" rel=\"category tag\">Articles<\/a><span class=\"fusion-inline-sep\">|<\/span><\/p><\/div><\/div><div class=\"fusion-clearfix\"><\/div><\/div>\n<\/article>\n<article id=\"blog-1-post-39543\" class=\"fusion-post-grid post-39543 post type-post status-publish format-standard has-post-thumbnail hentry category-blog acteurs_financiers-gestionnaire-dactifs thematique-energies-fossiles\">\n<div class=\"fusion-post-wrapper\" style=\"background-color:rgba(255,255,255,0);border:1px solid #2a2b3d;border-bottom-width:3px;\">\n\n\t\t\t<div class=\"fusion-flexslider flexslider fusion-flexslider-loading fusion-post-slideshow\" style=\"border-color:#2a2b3d;\">\n\t\t<ul class=\"slides\">\n\t\t\t\n\t\t\t\t\t\t\t\t\t\t\t\t\t\t<li><div  class=\"fusion-image-wrapper\" aria-haspopup=\"true\">\n\t\t\t\t<img decoding=\"async\" width=\"900\" height=\"400\" src=\"https:\/\/reclaimfinance.org\/site\/wp-content\/uploads\/2025\/11\/Amundi-investissement-fossile.png\" class=\"attachment-full size-full wp-post-image\" alt=\"\" \/><div class=\"fusion-rollover\">\n\t<div class=\"fusion-rollover-content\">\n\n\t\t\t\t\n\t\t\n\t\t\t\t\t\t\t\t\n\t\t\t\t\t\t\t\t\n\t\t\n\t\t\t\t\t\t<a class=\"fusion-link-wrapper\" href=\"https:\/\/reclaimfinance.org\/site\/2026\/04\/21\/epargne-salariale-amundi-addict-aux-fossiles-risque-limpasse\/\" aria-label=\"\u00c9pargne salariale : Amundi, addict aux fossiles, risque l\u2019impasse\"><\/a>\n\t<\/div>\n<\/div>\n<\/div>\n<\/li>\n\t\t\t\n\t\t\t\n\t\t\t\t\t\t\t\t<\/ul>\n\t<\/div>\n\t<div class=\"fusion-post-content-wrapper\" style=\"padding:30px 25px 20px 25px;\"><div class=\"fusion-post-content post-content\"><h3 class=\"blog-shortcode-post-title entry-title\"><a href=\"https:\/\/reclaimfinance.org\/site\/2026\/04\/21\/epargne-salariale-amundi-addict-aux-fossiles-risque-limpasse\/\">\u00c9pargne salariale : Amundi, addict aux fossiles, risque l\u2019impasse<\/a><\/h3><p class=\"fusion-single-line-meta\"><span class=\"vcard\" style=\"display: none;\"><span class=\"fn\"><a href=\"https:\/\/reclaimfinance.org\/site\/author\/aman\/\" title=\"Articles par Aatira\u00ef Manickawasagar\" rel=\"author\">Aatira\u00ef Manickawasagar<\/a><\/span><\/span><span class=\"updated\" style=\"display:none;\">2026-04-17T17:11:35+02:00<\/span><a href=\"https:\/\/reclaimfinance.org\/site\/category\/blog\/\" rel=\"category tag\">Articles<\/a><span class=\"fusion-inline-sep\">|<\/span><\/p><\/div><\/div><div class=\"fusion-clearfix\"><\/div><\/div>\n<\/article>\n<div class=\"fusion-clearfix\"><\/div><\/div><\/div><\/div><\/div><\/div><\/div><\/p>\n","protected":false},"excerpt":{"rendered":"","protected":false},"author":33,"featured_media":38384,"comment_status":"closed","ping_status":"open","sticky":false,"template":"","format":"standard","meta":{"footnotes":""},"categories":[45],"tags":[],"acteurs_financiers":[],"thematique":[],"webinar_type":[],"programme":[3729],"class_list":["post-38378","post","type-post","status-publish","format-standard","has-post-thumbnail","hentry","category-blog","programme-programme-1-fr"],"yoast_head":"<!-- This site is optimized with the Yoast SEO plugin v23.1 - https:\/\/yoast.com\/wordpress\/plugins\/seo\/ -->\n<title>TotalEnergies\u202f: ces actionnaires qui ont vot\u00e9 pour les reculs climatiques en 2025 - Reclaim Finance<\/title>\n<meta name=\"robots\" content=\"index, follow, max-snippet:-1, max-image-preview:large, max-video-preview:-1\" \/>\n<link rel=\"canonical\" href=\"https:\/\/reclaimfinance.org\/site\/2025\/11\/07\/totalenergies-ces-actionnaires-qui-ont-vote-pour-les-reculs-climatiques-en-2025\/\" \/>\n<meta property=\"og:locale\" content=\"fr_FR\" \/>\n<meta property=\"og:type\" content=\"article\" \/>\n<meta property=\"og:title\" content=\"TotalEnergies\u202f: ces actionnaires qui ont vot\u00e9 pour les reculs climatiques en 2025 - Reclaim Finance\" \/>\n<meta property=\"og:url\" content=\"https:\/\/reclaimfinance.org\/site\/2025\/11\/07\/totalenergies-ces-actionnaires-qui-ont-vote-pour-les-reculs-climatiques-en-2025\/\" \/>\n<meta property=\"og:site_name\" content=\"Reclaim Finance\" \/>\n<meta property=\"article:publisher\" content=\"https:\/\/www.facebook.com\/ReclaimFinanceONG\" \/>\n<meta property=\"article:published_time\" content=\"2025-11-07T08:00:13+00:00\" \/>\n<meta property=\"article:modified_time\" content=\"2025-12-31T12:12:32+00:00\" \/>\n<meta property=\"og:image\" content=\"https:\/\/reclaimfinance.org\/site\/wp-content\/uploads\/2025\/11\/Totalenergies.png\" \/>\n\t<meta property=\"og:image:width\" content=\"1125\" \/>\n\t<meta property=\"og:image:height\" content=\"500\" \/>\n\t<meta property=\"og:image:type\" content=\"image\/png\" \/>\n<meta name=\"author\" content=\"Aatira\u00ef Manickawasagar\" \/>\n<meta name=\"twitter:card\" content=\"summary_large_image\" \/>\n<meta name=\"twitter:creator\" content=\"@ReclaimFinance\" \/>\n<meta name=\"twitter:site\" content=\"@ReclaimFinance\" \/>\n<meta name=\"twitter:label1\" content=\"\u00c9crit par\" \/>\n\t<meta name=\"twitter:data1\" content=\"Aatira\u00ef Manickawasagar\" \/>\n\t<meta name=\"twitter:label2\" content=\"Dur\u00e9e de lecture estim\u00e9e\" \/>\n\t<meta name=\"twitter:data2\" content=\"9 minutes\" \/>\n<script type=\"application\/ld+json\" class=\"yoast-schema-graph\">{\"@context\":\"https:\/\/schema.org\",\"@graph\":[{\"@type\":\"Article\",\"@id\":\"https:\/\/reclaimfinance.org\/site\/2025\/11\/07\/totalenergies-ces-actionnaires-qui-ont-vote-pour-les-reculs-climatiques-en-2025\/#article\",\"isPartOf\":{\"@id\":\"https:\/\/reclaimfinance.org\/site\/2025\/11\/07\/totalenergies-ces-actionnaires-qui-ont-vote-pour-les-reculs-climatiques-en-2025\/\"},\"author\":{\"name\":\"Aatira\u00ef Manickawasagar\",\"@id\":\"https:\/\/reclaimfinance.org\/site\/#\/schema\/person\/8c70ddf3adc9c340a9a83031ae1d7929\"},\"headline\":\"TotalEnergies\u202f: ces actionnaires qui ont vot\u00e9 pour les reculs climatiques en 2025\",\"datePublished\":\"2025-11-07T08:00:13+00:00\",\"dateModified\":\"2025-12-31T12:12:32+00:00\",\"mainEntityOfPage\":{\"@id\":\"https:\/\/reclaimfinance.org\/site\/2025\/11\/07\/totalenergies-ces-actionnaires-qui-ont-vote-pour-les-reculs-climatiques-en-2025\/\"},\"wordCount\":3664,\"publisher\":{\"@id\":\"https:\/\/reclaimfinance.org\/site\/#organization\"},\"image\":{\"@id\":\"https:\/\/reclaimfinance.org\/site\/2025\/11\/07\/totalenergies-ces-actionnaires-qui-ont-vote-pour-les-reculs-climatiques-en-2025\/#primaryimage\"},\"thumbnailUrl\":\"https:\/\/reclaimfinance.org\/site\/wp-content\/uploads\/2025\/11\/Totalenergies.png\",\"articleSection\":[\"Articles\"],\"inLanguage\":\"fr-FR\"},{\"@type\":\"WebPage\",\"@id\":\"https:\/\/reclaimfinance.org\/site\/2025\/11\/07\/totalenergies-ces-actionnaires-qui-ont-vote-pour-les-reculs-climatiques-en-2025\/\",\"url\":\"https:\/\/reclaimfinance.org\/site\/2025\/11\/07\/totalenergies-ces-actionnaires-qui-ont-vote-pour-les-reculs-climatiques-en-2025\/\",\"name\":\"TotalEnergies\u202f: ces actionnaires qui ont vot\u00e9 pour les reculs climatiques en 2025 - Reclaim Finance\",\"isPartOf\":{\"@id\":\"https:\/\/reclaimfinance.org\/site\/#website\"},\"primaryImageOfPage\":{\"@id\":\"https:\/\/reclaimfinance.org\/site\/2025\/11\/07\/totalenergies-ces-actionnaires-qui-ont-vote-pour-les-reculs-climatiques-en-2025\/#primaryimage\"},\"image\":{\"@id\":\"https:\/\/reclaimfinance.org\/site\/2025\/11\/07\/totalenergies-ces-actionnaires-qui-ont-vote-pour-les-reculs-climatiques-en-2025\/#primaryimage\"},\"thumbnailUrl\":\"https:\/\/reclaimfinance.org\/site\/wp-content\/uploads\/2025\/11\/Totalenergies.png\",\"datePublished\":\"2025-11-07T08:00:13+00:00\",\"dateModified\":\"2025-12-31T12:12:32+00:00\",\"breadcrumb\":{\"@id\":\"https:\/\/reclaimfinance.org\/site\/2025\/11\/07\/totalenergies-ces-actionnaires-qui-ont-vote-pour-les-reculs-climatiques-en-2025\/#breadcrumb\"},\"inLanguage\":\"fr-FR\",\"potentialAction\":[{\"@type\":\"ReadAction\",\"target\":[\"https:\/\/reclaimfinance.org\/site\/2025\/11\/07\/totalenergies-ces-actionnaires-qui-ont-vote-pour-les-reculs-climatiques-en-2025\/\"]}]},{\"@type\":\"ImageObject\",\"inLanguage\":\"fr-FR\",\"@id\":\"https:\/\/reclaimfinance.org\/site\/2025\/11\/07\/totalenergies-ces-actionnaires-qui-ont-vote-pour-les-reculs-climatiques-en-2025\/#primaryimage\",\"url\":\"https:\/\/reclaimfinance.org\/site\/wp-content\/uploads\/2025\/11\/Totalenergies.png\",\"contentUrl\":\"https:\/\/reclaimfinance.org\/site\/wp-content\/uploads\/2025\/11\/Totalenergies.png\",\"width\":1125,\"height\":500},{\"@type\":\"BreadcrumbList\",\"@id\":\"https:\/\/reclaimfinance.org\/site\/2025\/11\/07\/totalenergies-ces-actionnaires-qui-ont-vote-pour-les-reculs-climatiques-en-2025\/#breadcrumb\",\"itemListElement\":[{\"@type\":\"ListItem\",\"position\":1,\"name\":\"Accueil\",\"item\":\"https:\/\/reclaimfinance.org\/site\/\"},{\"@type\":\"ListItem\",\"position\":2,\"name\":\"TotalEnergies\u202f: ces actionnaires qui ont vot\u00e9 pour les reculs climatiques en 2025\"}]},{\"@type\":\"WebSite\",\"@id\":\"https:\/\/reclaimfinance.org\/site\/#website\",\"url\":\"https:\/\/reclaimfinance.org\/site\/\",\"name\":\"Reclaim Finance\",\"description\":\"Reprendre le contr\u00f4le de la finance pour le climat et la biodiversit\u00e9\",\"publisher\":{\"@id\":\"https:\/\/reclaimfinance.org\/site\/#organization\"},\"potentialAction\":[{\"@type\":\"SearchAction\",\"target\":{\"@type\":\"EntryPoint\",\"urlTemplate\":\"https:\/\/reclaimfinance.org\/site\/?s={search_term_string}\"},\"query-input\":\"required name=search_term_string\"}],\"inLanguage\":\"fr-FR\"},{\"@type\":\"Organization\",\"@id\":\"https:\/\/reclaimfinance.org\/site\/#organization\",\"name\":\"Reclaim Finance\",\"url\":\"https:\/\/reclaimfinance.org\/site\/\",\"logo\":{\"@type\":\"ImageObject\",\"inLanguage\":\"fr-FR\",\"@id\":\"https:\/\/reclaimfinance.org\/site\/#\/schema\/logo\/image\/\",\"url\":\"https:\/\/reclaimfinance.org\/site\/wp-content\/uploads\/2020\/03\/logo_RC_space.png\",\"contentUrl\":\"https:\/\/reclaimfinance.org\/site\/wp-content\/uploads\/2020\/03\/logo_RC_space.png\",\"width\":800,\"height\":800,\"caption\":\"Reclaim Finance\"},\"image\":{\"@id\":\"https:\/\/reclaimfinance.org\/site\/#\/schema\/logo\/image\/\"},\"sameAs\":[\"https:\/\/www.facebook.com\/ReclaimFinanceONG\",\"https:\/\/x.com\/ReclaimFinance\",\"https:\/\/www.instagram.com\/reclaimfinance\/\",\"https:\/\/www.linkedin.com\/company\/reclaim-finance-ong-think-tank\"]},{\"@type\":\"Person\",\"@id\":\"https:\/\/reclaimfinance.org\/site\/#\/schema\/person\/8c70ddf3adc9c340a9a83031ae1d7929\",\"name\":\"Aatira\u00ef Manickawasagar\",\"image\":{\"@type\":\"ImageObject\",\"inLanguage\":\"fr-FR\",\"@id\":\"https:\/\/reclaimfinance.org\/site\/#\/schema\/person\/image\/\",\"url\":\"https:\/\/secure.gravatar.com\/avatar\/c32a479bcc22e06f8b0e3b8763e6434e?s=96&d=mm&r=g\",\"contentUrl\":\"https:\/\/secure.gravatar.com\/avatar\/c32a479bcc22e06f8b0e3b8763e6434e?s=96&d=mm&r=g\",\"caption\":\"Aatira\u00ef Manickawasagar\"},\"url\":\"https:\/\/reclaimfinance.org\/site\/author\/aman\/\"}]}<\/script>\n<!-- \/ Yoast SEO plugin. -->","yoast_head_json":{"title":"TotalEnergies\u202f: ces actionnaires qui ont vot\u00e9 pour les reculs climatiques en 2025 - Reclaim Finance","robots":{"index":"index","follow":"follow","max-snippet":"max-snippet:-1","max-image-preview":"max-image-preview:large","max-video-preview":"max-video-preview:-1"},"canonical":"https:\/\/reclaimfinance.org\/site\/2025\/11\/07\/totalenergies-ces-actionnaires-qui-ont-vote-pour-les-reculs-climatiques-en-2025\/","og_locale":"fr_FR","og_type":"article","og_title":"TotalEnergies\u202f: ces actionnaires qui ont vot\u00e9 pour les reculs climatiques en 2025 - Reclaim Finance","og_url":"https:\/\/reclaimfinance.org\/site\/2025\/11\/07\/totalenergies-ces-actionnaires-qui-ont-vote-pour-les-reculs-climatiques-en-2025\/","og_site_name":"Reclaim Finance","article_publisher":"https:\/\/www.facebook.com\/ReclaimFinanceONG","article_published_time":"2025-11-07T08:00:13+00:00","article_modified_time":"2025-12-31T12:12:32+00:00","og_image":[{"width":1125,"height":500,"url":"https:\/\/reclaimfinance.org\/site\/wp-content\/uploads\/2025\/11\/Totalenergies.png","type":"image\/png"}],"author":"Aatira\u00ef Manickawasagar","twitter_card":"summary_large_image","twitter_creator":"@ReclaimFinance","twitter_site":"@ReclaimFinance","twitter_misc":{"\u00c9crit par":"Aatira\u00ef Manickawasagar","Dur\u00e9e de lecture estim\u00e9e":"9 minutes"},"schema":{"@context":"https:\/\/schema.org","@graph":[{"@type":"Article","@id":"https:\/\/reclaimfinance.org\/site\/2025\/11\/07\/totalenergies-ces-actionnaires-qui-ont-vote-pour-les-reculs-climatiques-en-2025\/#article","isPartOf":{"@id":"https:\/\/reclaimfinance.org\/site\/2025\/11\/07\/totalenergies-ces-actionnaires-qui-ont-vote-pour-les-reculs-climatiques-en-2025\/"},"author":{"name":"Aatira\u00ef Manickawasagar","@id":"https:\/\/reclaimfinance.org\/site\/#\/schema\/person\/8c70ddf3adc9c340a9a83031ae1d7929"},"headline":"TotalEnergies\u202f: ces actionnaires qui ont vot\u00e9 pour les reculs climatiques en 2025","datePublished":"2025-11-07T08:00:13+00:00","dateModified":"2025-12-31T12:12:32+00:00","mainEntityOfPage":{"@id":"https:\/\/reclaimfinance.org\/site\/2025\/11\/07\/totalenergies-ces-actionnaires-qui-ont-vote-pour-les-reculs-climatiques-en-2025\/"},"wordCount":3664,"publisher":{"@id":"https:\/\/reclaimfinance.org\/site\/#organization"},"image":{"@id":"https:\/\/reclaimfinance.org\/site\/2025\/11\/07\/totalenergies-ces-actionnaires-qui-ont-vote-pour-les-reculs-climatiques-en-2025\/#primaryimage"},"thumbnailUrl":"https:\/\/reclaimfinance.org\/site\/wp-content\/uploads\/2025\/11\/Totalenergies.png","articleSection":["Articles"],"inLanguage":"fr-FR"},{"@type":"WebPage","@id":"https:\/\/reclaimfinance.org\/site\/2025\/11\/07\/totalenergies-ces-actionnaires-qui-ont-vote-pour-les-reculs-climatiques-en-2025\/","url":"https:\/\/reclaimfinance.org\/site\/2025\/11\/07\/totalenergies-ces-actionnaires-qui-ont-vote-pour-les-reculs-climatiques-en-2025\/","name":"TotalEnergies\u202f: ces actionnaires qui ont vot\u00e9 pour les reculs climatiques en 2025 - Reclaim Finance","isPartOf":{"@id":"https:\/\/reclaimfinance.org\/site\/#website"},"primaryImageOfPage":{"@id":"https:\/\/reclaimfinance.org\/site\/2025\/11\/07\/totalenergies-ces-actionnaires-qui-ont-vote-pour-les-reculs-climatiques-en-2025\/#primaryimage"},"image":{"@id":"https:\/\/reclaimfinance.org\/site\/2025\/11\/07\/totalenergies-ces-actionnaires-qui-ont-vote-pour-les-reculs-climatiques-en-2025\/#primaryimage"},"thumbnailUrl":"https:\/\/reclaimfinance.org\/site\/wp-content\/uploads\/2025\/11\/Totalenergies.png","datePublished":"2025-11-07T08:00:13+00:00","dateModified":"2025-12-31T12:12:32+00:00","breadcrumb":{"@id":"https:\/\/reclaimfinance.org\/site\/2025\/11\/07\/totalenergies-ces-actionnaires-qui-ont-vote-pour-les-reculs-climatiques-en-2025\/#breadcrumb"},"inLanguage":"fr-FR","potentialAction":[{"@type":"ReadAction","target":["https:\/\/reclaimfinance.org\/site\/2025\/11\/07\/totalenergies-ces-actionnaires-qui-ont-vote-pour-les-reculs-climatiques-en-2025\/"]}]},{"@type":"ImageObject","inLanguage":"fr-FR","@id":"https:\/\/reclaimfinance.org\/site\/2025\/11\/07\/totalenergies-ces-actionnaires-qui-ont-vote-pour-les-reculs-climatiques-en-2025\/#primaryimage","url":"https:\/\/reclaimfinance.org\/site\/wp-content\/uploads\/2025\/11\/Totalenergies.png","contentUrl":"https:\/\/reclaimfinance.org\/site\/wp-content\/uploads\/2025\/11\/Totalenergies.png","width":1125,"height":500},{"@type":"BreadcrumbList","@id":"https:\/\/reclaimfinance.org\/site\/2025\/11\/07\/totalenergies-ces-actionnaires-qui-ont-vote-pour-les-reculs-climatiques-en-2025\/#breadcrumb","itemListElement":[{"@type":"ListItem","position":1,"name":"Accueil","item":"https:\/\/reclaimfinance.org\/site\/"},{"@type":"ListItem","position":2,"name":"TotalEnergies\u202f: ces actionnaires qui ont vot\u00e9 pour les reculs climatiques en 2025"}]},{"@type":"WebSite","@id":"https:\/\/reclaimfinance.org\/site\/#website","url":"https:\/\/reclaimfinance.org\/site\/","name":"Reclaim Finance","description":"Reprendre le contr\u00f4le de la finance pour le climat et la biodiversit\u00e9","publisher":{"@id":"https:\/\/reclaimfinance.org\/site\/#organization"},"potentialAction":[{"@type":"SearchAction","target":{"@type":"EntryPoint","urlTemplate":"https:\/\/reclaimfinance.org\/site\/?s={search_term_string}"},"query-input":"required name=search_term_string"}],"inLanguage":"fr-FR"},{"@type":"Organization","@id":"https:\/\/reclaimfinance.org\/site\/#organization","name":"Reclaim Finance","url":"https:\/\/reclaimfinance.org\/site\/","logo":{"@type":"ImageObject","inLanguage":"fr-FR","@id":"https:\/\/reclaimfinance.org\/site\/#\/schema\/logo\/image\/","url":"https:\/\/reclaimfinance.org\/site\/wp-content\/uploads\/2020\/03\/logo_RC_space.png","contentUrl":"https:\/\/reclaimfinance.org\/site\/wp-content\/uploads\/2020\/03\/logo_RC_space.png","width":800,"height":800,"caption":"Reclaim Finance"},"image":{"@id":"https:\/\/reclaimfinance.org\/site\/#\/schema\/logo\/image\/"},"sameAs":["https:\/\/www.facebook.com\/ReclaimFinanceONG","https:\/\/x.com\/ReclaimFinance","https:\/\/www.instagram.com\/reclaimfinance\/","https:\/\/www.linkedin.com\/company\/reclaim-finance-ong-think-tank"]},{"@type":"Person","@id":"https:\/\/reclaimfinance.org\/site\/#\/schema\/person\/8c70ddf3adc9c340a9a83031ae1d7929","name":"Aatira\u00ef Manickawasagar","image":{"@type":"ImageObject","inLanguage":"fr-FR","@id":"https:\/\/reclaimfinance.org\/site\/#\/schema\/person\/image\/","url":"https:\/\/secure.gravatar.com\/avatar\/c32a479bcc22e06f8b0e3b8763e6434e?s=96&d=mm&r=g","contentUrl":"https:\/\/secure.gravatar.com\/avatar\/c32a479bcc22e06f8b0e3b8763e6434e?s=96&d=mm&r=g","caption":"Aatira\u00ef Manickawasagar"},"url":"https:\/\/reclaimfinance.org\/site\/author\/aman\/"}]}},"_links":{"self":[{"href":"https:\/\/reclaimfinance.org\/site\/wp-json\/wp\/v2\/posts\/38378"}],"collection":[{"href":"https:\/\/reclaimfinance.org\/site\/wp-json\/wp\/v2\/posts"}],"about":[{"href":"https:\/\/reclaimfinance.org\/site\/wp-json\/wp\/v2\/types\/post"}],"author":[{"embeddable":true,"href":"https:\/\/reclaimfinance.org\/site\/wp-json\/wp\/v2\/users\/33"}],"replies":[{"embeddable":true,"href":"https:\/\/reclaimfinance.org\/site\/wp-json\/wp\/v2\/comments?post=38378"}],"version-history":[{"count":10,"href":"https:\/\/reclaimfinance.org\/site\/wp-json\/wp\/v2\/posts\/38378\/revisions"}],"predecessor-version":[{"id":38903,"href":"https:\/\/reclaimfinance.org\/site\/wp-json\/wp\/v2\/posts\/38378\/revisions\/38903"}],"wp:featuredmedia":[{"embeddable":true,"href":"https:\/\/reclaimfinance.org\/site\/wp-json\/wp\/v2\/media\/38384"}],"wp:attachment":[{"href":"https:\/\/reclaimfinance.org\/site\/wp-json\/wp\/v2\/media?parent=38378"}],"wp:term":[{"taxonomy":"category","embeddable":true,"href":"https:\/\/reclaimfinance.org\/site\/wp-json\/wp\/v2\/categories?post=38378"},{"taxonomy":"post_tag","embeddable":true,"href":"https:\/\/reclaimfinance.org\/site\/wp-json\/wp\/v2\/tags?post=38378"},{"taxonomy":"acteurs_financiers","embeddable":true,"href":"https:\/\/reclaimfinance.org\/site\/wp-json\/wp\/v2\/acteurs_financiers?post=38378"},{"taxonomy":"thematique","embeddable":true,"href":"https:\/\/reclaimfinance.org\/site\/wp-json\/wp\/v2\/thematique?post=38378"},{"taxonomy":"webinar_type","embeddable":true,"href":"https:\/\/reclaimfinance.org\/site\/wp-json\/wp\/v2\/webinar_type?post=38378"},{"taxonomy":"programme","embeddable":true,"href":"https:\/\/reclaimfinance.org\/site\/wp-json\/wp\/v2\/programme?post=38378"}],"curies":[{"name":"wp","href":"https:\/\/api.w.org\/{rel}","templated":true}]}}