{"id":38710,"date":"2025-12-17T11:25:06","date_gmt":"2025-12-17T10:25:06","guid":{"rendered":"https:\/\/reclaimfinance.org\/site\/?p=38710"},"modified":"2025-12-31T12:22:06","modified_gmt":"2025-12-31T11:22:06","slug":"quels-sont-les-changements-apportes-par-la-loi-omnibus-sur-la-csddd-et-la-csrd","status":"publish","type":"post","link":"https:\/\/reclaimfinance.org\/site\/2025\/12\/17\/quels-sont-les-changements-apportes-par-la-loi-omnibus-sur-la-csddd-et-la-csrd\/","title":{"rendered":"Quels sont les changements apport\u00e9s par la loi Omnibus sur la CSDDD et la CSRD ?"},"content":{"rendered":"<p><div class=\"fusion-fullwidth fullwidth-box fusion-builder-row-1 fusion-flex-container has-pattern-background has-mask-background nonhundred-percent-fullwidth non-hundred-percent-height-scrolling\" style=\"--awb-border-radius-top-left:0px;--awb-border-radius-top-right:0px;--awb-border-radius-bottom-right:0px;--awb-border-radius-bottom-left:0px;--awb-margin-bottom:20px;--awb-flex-wrap:wrap;\" ><div class=\"fusion-builder-row fusion-row fusion-flex-align-items-flex-start fusion-flex-content-wrap\" style=\"max-width:1216.8px;margin-left: calc(-4% \/ 2 );margin-right: calc(-4% \/ 2 );\"><div class=\"fusion-layout-column fusion_builder_column fusion-builder-column-0 fusion_builder_column_1_1 1_1 fusion-flex-column\" style=\"--awb-bg-size:cover;--awb-width-large:100%;--awb-margin-top-large:0px;--awb-spacing-right-large:1.92%;--awb-margin-bottom-large:20px;--awb-spacing-left-large:1.92%;--awb-width-medium:100%;--awb-order-medium:0;--awb-spacing-right-medium:1.92%;--awb-spacing-left-medium:1.92%;--awb-width-small:100%;--awb-order-small:0;--awb-spacing-right-small:1.92%;--awb-spacing-left-small:1.92%;\"><div class=\"fusion-column-wrapper fusion-column-has-shadow fusion-flex-justify-content-flex-start fusion-content-layout-column\"><div class=\"fusion-text fusion-text-1\" style=\"--awb-content-alignment:justify;--awb-text-color:var(--awb-color4);--awb-text-font-family:&quot;Montserrat&quot;;--awb-text-font-style:normal;--awb-text-font-weight:700;\"><p>La loi omnibus I vient d&rsquo;\u00eatre d\u00e9finitivement adopt\u00e9e par le Conseil de l&rsquo;UE et le Parlement europ\u00e9en. Elle sera publi\u00e9e avant la fin de l&rsquo;ann\u00e9e 2025 dans le journal officiel et aura des cons\u00e9quences directes pour les entreprises qui \u00e9taient concern\u00e9es par la directive sur le reporting (CSRD) et la directive sur le devoir de vigilance (CSDDD) et pour la protection des droits humains et de l&rsquo;environnement : c&rsquo;est notamment le cas des plans de transition climatiques et de la responsabilit\u00e9 civile. Reclaim Finance fait le point sur les modifications engendr\u00e9es par la loi Omnibus I.<\/p>\n<\/div><div class=\"fusion-text fusion-text-2\" style=\"--awb-content-alignment:justify;\"><p>La loi Omnibus I vient modifier en profondeur les directives CSRD et CSDDD pour en amoindrir consid\u00e9rablement la port\u00e9e. Ce mouvement s\u2019op\u00e8re \u00e0 la fois en diminuant le p\u00e9rim\u00e8tre des textes et en effa\u00e7ant ou r\u00e9duisant les obligations aff\u00e9rentes.<\/p>\n<\/div><div class=\"fusion-title title fusion-title-1 fusion-title-text fusion-title-size-two\" style=\"--awb-text-color:var(--awb-color4);--awb-margin-top:15px;--awb-margin-bottom:15px;--awb-font-size:16px;\"><div class=\"title-sep-container title-sep-container-left fusion-no-large-visibility fusion-no-medium-visibility fusion-no-small-visibility\"><div class=\"title-sep sep- sep-solid\" style=\"border-color:#3e3e3e;\"><\/div><\/div><span class=\"awb-title-spacer fusion-no-large-visibility fusion-no-medium-visibility fusion-no-small-visibility\"><\/span><h2 class=\"fusion-title-heading title-heading-left fusion-responsive-typography-calculated\" style=\"font-family:&quot;Montserrat&quot;;font-style:normal;font-weight:700;margin:0;font-size:1em;--fontSize:16;--minFontSize:16;line-height:1.5;\">Le p\u00e9rim\u00e8tre et l&rsquo;application des directives CSRD et CSDDD: r\u00e9duction drastique et nouveau report<\/h2><span class=\"awb-title-spacer\"><\/span><div class=\"title-sep-container title-sep-container-right\"><div class=\"title-sep sep- sep-solid\" style=\"border-color:#3e3e3e;\"><\/div><\/div><\/div><div class=\"fusion-text fusion-text-3\" style=\"--awb-content-alignment:justify;\"><p>L&rsquo;un des changements importants est la modification du seuil d&rsquo;application des directives.<\/p>\n<\/div>\n<div class=\"table-2\">\n<table width=\"100%\">\n<thead>\n<tr>\n<th align=\"left\"><b>CSDDD<\/b><\/th>\n<th align=\"left\">Avant Omnibus<\/th>\n<th align=\"left\">Apr\u00e8s Omnibus<\/th>\n<\/tr>\n<\/thead>\n<tbody>\n<tr>\n<td align=\"left\"><b>Entreprise europ\u00e9enne<\/b><\/td>\n<td align=\"left\">1000 salari\u00e9s et<br \/>\n450 millions d&rsquo;euros de chiffre d&rsquo;affaires<\/td>\n<td align=\"left\">5000 employ\u00e9s et<br \/>\n1,5 milliard d&rsquo;euros de chiffre d&rsquo;affaires<\/td>\n<\/tr>\n<tr>\n<td align=\"left\"><strong>Entreprise pr\u00e9sente sur le march\u00e9 europ\u00e9en mais non-europ\u00e9enne<\/strong><\/td>\n<td align=\"left\">1000 salari\u00e9s et<br \/>\n450 millions d&rsquo;euros de chiffre d&rsquo;affaires<\/td>\n<td align=\"left\">1,5 milliard d&rsquo;euros de chiffre d&rsquo;affaires<\/td>\n<\/tr>\n<\/tbody>\n<\/table>\n<\/div>\n<div class=\"fusion-text fusion-text-4\" style=\"--awb-content-alignment:justify;--awb-margin-top:15px;\"><p>Au nom de la comp\u00e9titivit\u00e9 des petites et moyennes entreprises, le seuil d&rsquo;application de la CSDDD est multipli\u00e9 par cinq concernant le nombre minimal de salari\u00e9s, et par trois concernant le chiffre d&rsquo;affaires. Ainsi, le nombre d\u2019entreprises soumises \u00e0 la directive passe de 15 000 \u00e0 20 000 d\u2019apr\u00e8s la Commission, \u00e0 seulement 1 000 dans l&rsquo;Union europ\u00e9ennes (dont 145 fran\u00e7aises).<\/p>\n<\/div>\n<div class=\"table-2\" style=\"--awb-margin-top:20px;\">\n<table width=\"100%\">\n<thead>\n<tr>\n<th align=\"left\"><strong>CSRD<\/strong><\/th>\n<th align=\"left\">Avant Omnibus<\/th>\n<th align=\"left\">Apr\u00e8s Omnibus<\/th>\n<\/tr>\n<\/thead>\n<tbody>\n<tr>\n<td align=\"left\"><strong>Entreprises UE et hors-UE<\/strong><\/td>\n<td align=\"left\"><strong>Deux des trois conditions :<\/strong><br \/>\n250 salari\u00e9s<br \/>\n50 millions d&rsquo;euros de chiffre d&rsquo;affaires<br \/>\n25 millions d&rsquo;euros de bilan<\/td>\n<td align=\"left\">1000 employ\u00e9s<br \/>\n450 millions de chiffre d&rsquo;affaires<\/td>\n<\/tr>\n<\/tbody>\n<\/table>\n<\/div>\n<div class=\"fusion-text fusion-text-5\" style=\"--awb-content-alignment:justify;--awb-margin-top:15px;\"><p>De mani\u00e8re similaire, la hausse drastique des seuils utilis\u00e9s pour la CSRD r\u00e9duit le nombre d\u2019entreprises devant fournir les informations extra-financi\u00e8res d&rsquo;environ 50 000 \u00e0 l&rsquo;origine \u00e0 seulement 10 000 entreprises environ. Les informations disponibles sur l&rsquo;application sont lacunaires en raison de l&rsquo;absence d&rsquo;une \u00e9tude d&rsquo;impact de la Commission europ\u00e9enne, cette absence ayant d&rsquo;ailleurs fait l&rsquo;objet de plaintes formelles (1). Les l\u00e9gislateurs ont \u00e9galement introduit des exemptions pour les filiales cot\u00e9es et les holdings financi\u00e8res.<\/p>\n<p>Cette r\u00e9duction du p\u00e9rim\u00e8tre d&rsquo;application entra\u00eene des probl\u00e8mes tr\u00e8s concrets. Alors que le reporting extrafinancier de la directive pr\u00e9c\u00e9dente (NFRD) s&rsquo;appliquait \u00e0 toutes les entreprises de plus de 500 salari\u00e9s, certaines entreprises se retrouvent dans une situation d&rsquo;incertitude puisque les nouveaux seuils les excluent des nouvelles exigences de reporting.<\/p>\n<p>Pour les deux textes, une clause de revue a \u00e9t\u00e9 ajout\u00e9e, indiquant donc que les seuils d&rsquo;application ne sont pas d\u00e9finitifs et pourront \u00eatre modifi\u00e9s en 2031.<\/p>\n<p>Enfin, le d\u00e9lai pour la transposition est \u00e0 nouveau repouss\u00e9 d&rsquo;un an, quelques mois apr\u00e8s l&rsquo;adoption du texte \u00ab stop-the-clock \u00bb. D\u00e9sormais, les nouvelles obligations ne s&rsquo;appliqueront aux entreprises qu&rsquo;\u00e0 partir du mois de juillet 2029.<\/p>\n<\/div><div class=\"fusion-title title fusion-title-2 fusion-title-text fusion-title-size-two\" style=\"--awb-text-color:var(--awb-color4);--awb-margin-top:15px;--awb-margin-bottom:15px;--awb-font-size:16px;\"><div class=\"title-sep-container title-sep-container-left fusion-no-large-visibility fusion-no-medium-visibility fusion-no-small-visibility\"><div class=\"title-sep sep- sep-solid\" style=\"border-color:#3e3e3e;\"><\/div><\/div><span class=\"awb-title-spacer fusion-no-large-visibility fusion-no-medium-visibility fusion-no-small-visibility\"><\/span><h2 class=\"fusion-title-heading title-heading-left fusion-responsive-typography-calculated\" style=\"font-family:&quot;Montserrat&quot;;font-style:normal;font-weight:700;margin:0;font-size:1em;--fontSize:16;--minFontSize:16;line-height:1.5;\">Directive sur le reporting (CSRD) : des informations moins compl\u00e8tes, moins fiables et moins comparables<\/h2><span class=\"awb-title-spacer\"><\/span><div class=\"title-sep-container title-sep-container-right\"><div class=\"title-sep sep- sep-solid\" style=\"border-color:#3e3e3e;\"><\/div><\/div><\/div><div class=\"fusion-text fusion-text-6\" style=\"--awb-content-alignment:justify;\"><p>Le texte final confirme la volont\u00e9 de r\u00e9duction drastique de l\u2019information exig\u00e9e des entreprises. En attendant l&rsquo;acte d\u00e9l\u00e9gu\u00e9, pr\u00e9vu aux alentours de juin 2026 et qui viendra supprimer une partie cons\u00e9quente des points de donn\u00e9es demand\u00e9s dans le cadre de la CSRD, d&rsquo;autres \u00e9l\u00e9ments majeurs de la directive ont \u00e9t\u00e9 modifi\u00e9s :<\/p>\n<ul>\n<li>Les points de donn\u00e9es sp\u00e9cifiques aux secteurs d&rsquo;activit\u00e9s (sector-specific ESRS), qui devaient arriver progressivement dans le reporting des entreprises, sont supprim\u00e9s.<\/li>\n<li>Le reporting des entreprises sera restreint par un Value Chain Cap, c\u2019est-\u00e0-dire un seuil de taille d\u2019entreprises au-dessous duquel elles ne pourront demander la communication de nombreuses informations pertinentes pour leur propre reporting CSRD. Cette modification devra particuli\u00e8rement r\u00e9duire la quantit\u00e9 et fiabilit\u00e9 d\u2019information pour les nombreuses entreprises ayant recours aux sous-traitants ou ayant des cha\u00eenes de valeur fragment\u00e9es. Le seuil est \u00e9tabli \u00e0 1000 salari\u00e9s, sauf circonstances exceptionnelles motiv\u00e9es.<\/li>\n<\/ul>\n<\/div><div class=\"fusion-title title fusion-title-3 fusion-title-text fusion-title-size-two\" style=\"--awb-text-color:var(--awb-color4);--awb-margin-top:15px;--awb-margin-bottom:15px;--awb-font-size:16px;\"><div class=\"title-sep-container title-sep-container-left fusion-no-large-visibility fusion-no-medium-visibility fusion-no-small-visibility\"><div class=\"title-sep sep- sep-solid\" style=\"border-color:#3e3e3e;\"><\/div><\/div><span class=\"awb-title-spacer fusion-no-large-visibility fusion-no-medium-visibility fusion-no-small-visibility\"><\/span><h2 class=\"fusion-title-heading title-heading-left fusion-responsive-typography-calculated\" style=\"font-family:&quot;Montserrat&quot;;font-style:normal;font-weight:700;margin:0;font-size:1em;--fontSize:16;--minFontSize:16;line-height:1.5;\">Directive sur le devoir de vigilance (CSDDD) : effacement du climat et affaiblissement des sanctions<\/h2><span class=\"awb-title-spacer\"><\/span><div class=\"title-sep-container title-sep-container-right\"><div class=\"title-sep sep- sep-solid\" style=\"border-color:#3e3e3e;\"><\/div><\/div><\/div><div class=\"fusion-text fusion-text-7\" style=\"--awb-content-alignment:justify;\"><p>Alors m\u00eame que l\u2019Union europ\u00e9enne adopte de nouveaux objectifs climatiques, la loi omnibus supprime l\u2019obligation d\u2019adoption et de mise en \u0153uvre de plans de transition climatiques. Une incoh\u00e9rence majeure, ces plans devaient notamment permettre \u00e0 l&rsquo;Union europ\u00e9enne de s&rsquo;assurer que les entreprises int\u00e8grent les enjeux climatiques et adaptent leurs mod\u00e8les d\u2019affaires en cons\u00e9quence.<\/p>\n<p>La loi entra\u00eene \u00e9galement la fin du r\u00e9gime harmonis\u00e9 de responsabilit\u00e9 civile dans l&rsquo;Union europ\u00e9enne. Il existera donc 27 r\u00e9gimes de responsabilit\u00e9 civile diff\u00e9rents, en opposition directe \u00e0 la notion de \u00ab simplification \u00bb voulue par l&rsquo;Union europ\u00e9enne. Le risque est que les \u00c9tats membres entrent en comp\u00e9tition entre eux afin d&rsquo;avoir les lois les plus faibles et d\u2019attirer les entreprises. Le texte final de la loi Omnibus pr\u00e9voit n\u00e9anmoins une clause de revue pour adapter, si besoin, cette disposition.<\/p>\n<p>Au-del\u00e0 des dispositions list\u00e9es ci-dessus, de nombreux \u00e9l\u00e9ments de la loi Omnibus affectant la pr\u00e9servation des droits humains, sociaux et de l\u2019environnement ont \u00e9t\u00e9 adopt\u00e9s par les l\u00e9gislateurs europ\u00e9ens sans prendre en compte les travaux scientifiques, les donn\u00e9es \u00e9conomiques et sans \u00e9couter les nombreuses voix de la soci\u00e9t\u00e9 civile (ONG, syndicats, citoyens, etc.). L&rsquo;Union europ\u00e9enne n&rsquo;est plus sur la bonne voie pour atteindre ses objectifs climatiques. Seule la r\u00e9glementation des acteurs priv\u00e9s lui permettra de s&rsquo;assurer que chacun prenne sa juste part dans la transition \u00e9cologique n\u00e9cessaire \u00e0 la survie des citoyens europ\u00e9ens.<\/p>\n<p>Tant que les int\u00e9r\u00eats \u00e9conomiques priv\u00e9s seront pr\u00e9f\u00e9r\u00e9s aux int\u00e9r\u00eats de toutes et tous, l&rsquo;Union europ\u00e9enne ne pourra pas atteindre ses objectifs climatiques. Pour se remettre sur la bonne voie, l&rsquo;Union europ\u00e9enne doit d\u00e9sormais renforcer sa r\u00e9glementation et contraindre les entreprises qui op\u00e8rent sur le march\u00e9 europ\u00e9en \u00e0 se conformer aux objectifs climatiques de l&rsquo;UE.<\/p>\n<\/div><\/div><\/div><div class=\"fusion-layout-column fusion_builder_column fusion-builder-column-1 fusion_builder_column_1_1 1_1 fusion-flex-column fusion-column-no-min-height\" style=\"--awb-padding-top:20px;--awb-padding-right:10px;--awb-padding-bottom:20px;--awb-padding-left:10px;--awb-overflow:hidden;--awb-bg-size:cover;--awb-border-color:var(--awb-color1);--awb-border-top:1px;--awb-border-right:1px;--awb-border-bottom:1px;--awb-border-left:1px;--awb-border-style:solid;--awb-border-radius:10px 10px 10px 10px;--awb-width-large:100%;--awb-margin-top-large:0px;--awb-spacing-right-large:1.92%;--awb-margin-bottom-large:20px;--awb-spacing-left-large:1.92%;--awb-width-medium:100%;--awb-order-medium:0;--awb-spacing-right-medium:1.92%;--awb-spacing-left-medium:1.92%;--awb-width-small:100%;--awb-order-small:0;--awb-spacing-right-small:1.92%;--awb-spacing-left-small:1.92%;\"><div class=\"fusion-column-wrapper fusion-column-has-shadow fusion-flex-justify-content-flex-start fusion-content-layout-column\"><div class=\"fusion-title title fusion-title-4 fusion-title-text fusion-title-size-three\" style=\"--awb-text-color:var(--awb-color1);--awb-margin-bottom:0px;--awb-font-size:16px;\"><div class=\"title-sep-container title-sep-container-left fusion-no-large-visibility fusion-no-medium-visibility fusion-no-small-visibility\"><div class=\"title-sep sep- sep-solid\" style=\"border-color:#3e3e3e;\"><\/div><\/div><span class=\"awb-title-spacer fusion-no-large-visibility fusion-no-medium-visibility fusion-no-small-visibility\"><\/span><h3 class=\"fusion-title-heading title-heading-left fusion-responsive-typography-calculated\" style=\"font-family:&quot;Montserrat&quot;;font-style:normal;font-weight:700;margin:0;font-size:1em;--fontSize:16;--minFontSize:16;line-height:1.5;\">Notes :<\/h3><span class=\"awb-title-spacer\"><\/span><div class=\"title-sep-container title-sep-container-right\"><div class=\"title-sep sep- sep-solid\" style=\"border-color:#3e3e3e;\"><\/div><\/div><\/div><div class=\"fusion-text fusion-text-8\"><ol>\n<li style=\"font-weight: 400;\" aria-level=\"1\"><span style=\"font-weight: 400;\">Plainte sur \u00ab Le non-respect par la Commission europ\u00e9enne de ses \u00ablignes directrices pour une meilleure r\u00e9glementation\u00bb lors de l\u2019\u00e9laboration d\u2019une proposition l\u00e9gislative sur la publication d\u2019informations en mati\u00e8re de durabilit\u00e9 par les entreprises et le devoir de diligence \u00bb, m\u00e9diatrice europ\u00e9enne, 21 mai 2025 &#8211; 25 novembre 2025 <\/span><span style=\"text-decoration: underline;\"><a href=\"https:\/\/www.ombudsman.europa.eu\/fr\/case\/fr\/68856\" target=\"_blank\" rel=\"noopener\"><span style=\"font-weight: 400;\">https:\/\/www.ombudsman.europa.eu\/fr\/case\/fr\/68856<\/span><\/a><span style=\"font-weight: 400;\">\u00a0<\/span><\/span><\/li>\n<\/ol>\n<\/div><\/div><\/div><\/div><\/div><div class=\"fusion-fullwidth fullwidth-box fusion-builder-row-2 fusion-flex-container has-pattern-background has-mask-background nonhundred-percent-fullwidth non-hundred-percent-height-scrolling\" style=\"--awb-border-radius-top-left:0px;--awb-border-radius-top-right:0px;--awb-border-radius-bottom-right:0px;--awb-border-radius-bottom-left:0px;--awb-flex-wrap:wrap;\" ><div class=\"fusion-builder-row fusion-row fusion-flex-align-items-flex-start fusion-flex-content-wrap\" style=\"max-width:1216.8px;margin-left: calc(-4% \/ 2 );margin-right: calc(-4% \/ 2 );\"><div class=\"fusion-layout-column fusion_builder_column fusion-builder-column-2 fusion_builder_column_1_1 1_1 fusion-flex-column\" style=\"--awb-bg-size:cover;--awb-width-large:100%;--awb-margin-top-large:0px;--awb-spacing-right-large:1.92%;--awb-margin-bottom-large:20px;--awb-spacing-left-large:1.92%;--awb-width-medium:100%;--awb-order-medium:0;--awb-spacing-right-medium:1.92%;--awb-spacing-left-medium:1.92%;--awb-width-small:100%;--awb-order-small:0;--awb-spacing-right-small:1.92%;--awb-spacing-left-small:1.92%;\"><div class=\"fusion-column-wrapper fusion-column-has-shadow fusion-flex-justify-content-flex-start fusion-content-layout-column\"><div class=\"fusion-title title fusion-title-5 fusion-sep-none fusion-title-text fusion-title-size-two\" style=\"--awb-text-color:var(--awb-color1);--awb-margin-bottom:0px;\"><h2 class=\"fusion-title-heading title-heading-left fusion-responsive-typography-calculated\" style=\"margin:0;text-transform:uppercase;--fontSize:33;line-height:1.5;\">lire aussi<\/h2><\/div><div class=\"fusion-separator\" style=\"align-self: flex-start;margin-right:auto;margin-top:25px;margin-bottom:35px;width:100%;max-width:100px;\"><div class=\"fusion-separator-border sep-single sep-solid\" style=\"--awb-height:20px;--awb-amount:20px;--awb-sep-color:var(--awb-color4);border-color:var(--awb-color4);border-top-width:10px;\"><\/div><\/div><div class=\"fusion-blog-shortcode fusion-blog-shortcode-1 fusion-blog-archive fusion-blog-layout-grid-wrapper fusion-blog-no\"><style type=\"text\/css\">.fusion-blog-shortcode-1 .fusion-blog-layout-grid .fusion-post-grid{padding:15px;}.fusion-blog-shortcode-1 .fusion-posts-container{margin-left: -15px !important; margin-right:-15px !important;}<\/style><div class=\"fusion-posts-container fusion-posts-container-no fusion-blog-rollover fusion-blog-layout-grid fusion-blog-layout-grid-3 isotope fusion-blog-equal-heights\" data-pages=\"181\" data-grid-col-space=\"30\" style=\"margin: -15px -15px 0;min-height:500px;\"><article id=\"blog-1-post-39629\" class=\"fusion-post-grid post-39629 post type-post status-publish format-standard has-post-thumbnail hentry category-blog acteurs_financiers-banques-fr thematique-energies-fossiles\">\n<div class=\"fusion-post-wrapper\" style=\"background-color:rgba(255,255,255,0);border:1px solid #2a2b3d;border-bottom-width:3px;\">\n\n\t\t\t<div class=\"fusion-flexslider flexslider fusion-flexslider-loading fusion-post-slideshow\" style=\"border-color:#2a2b3d;\">\n\t\t<ul class=\"slides\">\n\t\t\t\n\t\t\t\t\t\t\t\t\t\t\t\t\t\t<li><div  class=\"fusion-image-wrapper\" aria-haspopup=\"true\">\n\t\t\t\t<img decoding=\"async\" width=\"1125\" height=\"500\" src=\"https:\/\/reclaimfinance.org\/site\/wp-content\/uploads\/2026\/04\/BCE-1.png\" class=\"attachment-full size-full wp-post-image\" alt=\"\" \/><div class=\"fusion-rollover\">\n\t<div class=\"fusion-rollover-content\">\n\n\t\t\t\t\n\t\t\n\t\t\t\t\t\t\t\t\n\t\t\t\t\t\t\t\t\n\t\t\n\t\t\t\t\t\t<a class=\"fusion-link-wrapper\" href=\"https:\/\/reclaimfinance.org\/site\/2026\/04\/27\/le-choix-de-la-bce-proteger-la-transition-energetique-ou-repeter-les-erreurs-du-passe\/\" aria-label=\"Le choix de la BCE : prot\u00e9ger la transition \u00e9nerg\u00e9tique ou r\u00e9p\u00e9ter les erreurs du pass\u00e9\"><\/a>\n\t<\/div>\n<\/div>\n<\/div>\n<\/li>\n\t\t\t\n\t\t\t\n\t\t\t\t\t\t\t\t<\/ul>\n\t<\/div>\n\t<div class=\"fusion-post-content-wrapper\" style=\"padding:30px 25px 20px 25px;\"><div class=\"fusion-post-content post-content\"><h3 class=\"blog-shortcode-post-title entry-title\"><a href=\"https:\/\/reclaimfinance.org\/site\/2026\/04\/27\/le-choix-de-la-bce-proteger-la-transition-energetique-ou-repeter-les-erreurs-du-passe\/\">Le choix de la BCE : prot\u00e9ger la transition \u00e9nerg\u00e9tique ou r\u00e9p\u00e9ter les erreurs du pass\u00e9<\/a><\/h3><p class=\"fusion-single-line-meta\"><span class=\"vcard\" style=\"display: none;\"><span class=\"fn\"><a href=\"https:\/\/reclaimfinance.org\/site\/author\/aman\/\" title=\"Articles par Aatira\u00ef Manickawasagar\" rel=\"author\">Aatira\u00ef Manickawasagar<\/a><\/span><\/span><span class=\"updated\" style=\"display:none;\">2026-04-27T09:34:26+02:00<\/span><a href=\"https:\/\/reclaimfinance.org\/site\/category\/blog\/\" rel=\"category tag\">Articles<\/a><span class=\"fusion-inline-sep\">|<\/span><\/p><\/div><\/div><div class=\"fusion-clearfix\"><\/div><\/div>\n<\/article>\n<article id=\"blog-1-post-39586\" class=\"fusion-post-grid post-39586 post type-post status-publish format-standard has-post-thumbnail hentry category-blog acteurs_financiers-assurances-fr acteurs_financiers-investisseurs\">\n<div class=\"fusion-post-wrapper\" style=\"background-color:rgba(255,255,255,0);border:1px solid #2a2b3d;border-bottom-width:3px;\">\n\n\t\t\t<div class=\"fusion-flexslider flexslider fusion-flexslider-loading fusion-post-slideshow\" style=\"border-color:#2a2b3d;\">\n\t\t<ul class=\"slides\">\n\t\t\t\n\t\t\t\t\t\t\t\t\t\t\t\t\t\t<li><div  class=\"fusion-image-wrapper\" aria-haspopup=\"true\">\n\t\t\t\t<img decoding=\"async\" width=\"900\" height=\"400\" src=\"https:\/\/reclaimfinance.org\/site\/wp-content\/uploads\/2025\/09\/Totalenergies-investors1.png\" class=\"attachment-full size-full wp-post-image\" alt=\"\" \/><div class=\"fusion-rollover\">\n\t<div class=\"fusion-rollover-content\">\n\n\t\t\t\t\n\t\t\n\t\t\t\t\t\t\t\t\n\t\t\t\t\t\t\t\t\n\t\t\n\t\t\t\t\t\t<a class=\"fusion-link-wrapper\" href=\"https:\/\/reclaimfinance.org\/site\/2026\/04\/24\/totalenergies-finance-par-lassurance-vie-un-soutien-toujours-moins-defendable\/\" aria-label=\"TotalEnergies financ\u00e9 par l\u2019assurance-vie : un soutien toujours moins d\u00e9fendable\"><\/a>\n\t<\/div>\n<\/div>\n<\/div>\n<\/li>\n\t\t\t\n\t\t\t\n\t\t\t\t\t\t\t\t<\/ul>\n\t<\/div>\n\t<div class=\"fusion-post-content-wrapper\" style=\"padding:30px 25px 20px 25px;\"><div class=\"fusion-post-content post-content\"><h3 class=\"blog-shortcode-post-title entry-title\"><a href=\"https:\/\/reclaimfinance.org\/site\/2026\/04\/24\/totalenergies-finance-par-lassurance-vie-un-soutien-toujours-moins-defendable\/\">TotalEnergies financ\u00e9 par l\u2019assurance-vie : un soutien toujours moins d\u00e9fendable<\/a><\/h3><p class=\"fusion-single-line-meta\"><span class=\"vcard\" style=\"display: none;\"><span class=\"fn\"><a href=\"https:\/\/reclaimfinance.org\/site\/author\/alb\/\" title=\"Articles par Ariel Le Bourdonnec\" rel=\"author\">Ariel Le Bourdonnec<\/a><\/span><\/span><span class=\"updated\" style=\"display:none;\">2026-04-27T09:14:58+02:00<\/span><a href=\"https:\/\/reclaimfinance.org\/site\/category\/blog\/\" rel=\"category tag\">Articles<\/a><span class=\"fusion-inline-sep\">|<\/span><\/p><\/div><\/div><div class=\"fusion-clearfix\"><\/div><\/div>\n<\/article>\n<article id=\"blog-1-post-39566\" class=\"fusion-post-grid post-39566 post type-post status-publish format-standard has-post-thumbnail hentry category-blog acteurs_financiers-assurances-fr acteurs_financiers-banques-fr acteurs_financiers-detenteurs-dactifs acteurs_financiers-gestionnaire-dactifs acteurs_financiers-gfanz acteurs_financiers-investisseurs acteurs_financiers-regulateurs-fr thematique-energies-fossiles\">\n<div class=\"fusion-post-wrapper\" style=\"background-color:rgba(255,255,255,0);border:1px solid #2a2b3d;border-bottom-width:3px;\">\n\n\t\t\t<div class=\"fusion-flexslider flexslider fusion-flexslider-loading fusion-post-slideshow\" style=\"border-color:#2a2b3d;\">\n\t\t<ul class=\"slides\">\n\t\t\t\n\t\t\t\t\t\t\t\t\t\t\t\t\t\t<li><div  class=\"fusion-image-wrapper\" aria-haspopup=\"true\">\n\t\t\t\t<img decoding=\"async\" width=\"1125\" height=\"500\" src=\"https:\/\/reclaimfinance.org\/site\/wp-content\/uploads\/2026\/04\/amazonie-.png\" class=\"attachment-full size-full wp-post-image\" alt=\"\" \/><div class=\"fusion-rollover\">\n\t<div class=\"fusion-rollover-content\">\n\n\t\t\t\t\n\t\t\n\t\t\t\t\t\t\t\t\n\t\t\t\t\t\t\t\t\n\t\t\n\t\t\t\t\t\t<a class=\"fusion-link-wrapper\" href=\"https:\/\/reclaimfinance.org\/site\/2026\/04\/22\/proteger-les-zones-critiques-pour-la-biodiversite-de-la-predation-fossile\/\" aria-label=\"Prot\u00e9ger les zones critiques pour la biodiversit\u00e9 de la pr\u00e9dation fossile\"><\/a>\n\t<\/div>\n<\/div>\n<\/div>\n<\/li>\n\t\t\t\n\t\t\t\n\t\t\t\t\t\t\t\t<\/ul>\n\t<\/div>\n\t<div class=\"fusion-post-content-wrapper\" style=\"padding:30px 25px 20px 25px;\"><div class=\"fusion-post-content post-content\"><h3 class=\"blog-shortcode-post-title entry-title\"><a href=\"https:\/\/reclaimfinance.org\/site\/2026\/04\/22\/proteger-les-zones-critiques-pour-la-biodiversite-de-la-predation-fossile\/\">Prot\u00e9ger les zones critiques pour la biodiversit\u00e9 de la pr\u00e9dation fossile<\/a><\/h3><p class=\"fusion-single-line-meta\"><span class=\"vcard\" style=\"display: none;\"><span class=\"fn\"><a href=\"https:\/\/reclaimfinance.org\/site\/author\/aman\/\" title=\"Articles par Aatira\u00ef Manickawasagar\" rel=\"author\">Aatira\u00ef Manickawasagar<\/a><\/span><\/span><span class=\"updated\" style=\"display:none;\">2026-04-22T10:50:37+02:00<\/span><a href=\"https:\/\/reclaimfinance.org\/site\/category\/blog\/\" rel=\"category tag\">Articles<\/a><span class=\"fusion-inline-sep\">|<\/span><\/p><\/div><\/div><div class=\"fusion-clearfix\"><\/div><\/div>\n<\/article>\n<div class=\"fusion-clearfix\"><\/div><\/div><\/div><\/div><\/div><\/div><\/div><\/p>\n","protected":false},"excerpt":{"rendered":"","protected":false},"author":33,"featured_media":38713,"comment_status":"closed","ping_status":"open","sticky":false,"template":"","format":"standard","meta":{"footnotes":""},"categories":[45],"tags":[],"acteurs_financiers":[],"thematique":[],"webinar_type":[],"programme":[3731],"class_list":["post-38710","post","type-post","status-publish","format-standard","has-post-thumbnail","hentry","category-blog","programme-programme-3-fr"],"yoast_head":"<!-- This site is optimized with the Yoast SEO plugin v23.1 - https:\/\/yoast.com\/wordpress\/plugins\/seo\/ -->\n<title>Quels sont les changements apport\u00e9s par la loi Omnibus sur la CSDDD et la CSRD ? - Reclaim Finance<\/title>\n<meta name=\"description\" content=\"La loi omnibus I vient d&#039;\u00eatre adopt\u00e9e par le Conseil de l&#039;UE et le Parlement europ\u00e9en et aura des cons\u00e9quences directes pour la protection des droits humains et de l&#039;environnement.\" \/>\n<meta name=\"robots\" content=\"index, follow, max-snippet:-1, max-image-preview:large, max-video-preview:-1\" \/>\n<link rel=\"canonical\" href=\"https:\/\/reclaimfinance.org\/site\/2025\/12\/17\/quels-sont-les-changements-apportes-par-la-loi-omnibus-sur-la-csddd-et-la-csrd\/\" \/>\n<meta property=\"og:locale\" content=\"fr_FR\" \/>\n<meta property=\"og:type\" content=\"article\" \/>\n<meta property=\"og:title\" content=\"Quels sont les changements apport\u00e9s par la loi Omnibus sur la CSDDD et la CSRD ? - Reclaim Finance\" \/>\n<meta property=\"og:description\" content=\"La loi omnibus I vient d&#039;\u00eatre adopt\u00e9e par le Conseil de l&#039;UE et le Parlement europ\u00e9en et aura des cons\u00e9quences directes pour la protection des droits humains et de l&#039;environnement.\" \/>\n<meta property=\"og:url\" content=\"https:\/\/reclaimfinance.org\/site\/2025\/12\/17\/quels-sont-les-changements-apportes-par-la-loi-omnibus-sur-la-csddd-et-la-csrd\/\" \/>\n<meta property=\"og:site_name\" content=\"Reclaim Finance\" \/>\n<meta property=\"article:publisher\" content=\"https:\/\/www.facebook.com\/ReclaimFinanceONG\" \/>\n<meta property=\"article:published_time\" content=\"2025-12-17T10:25:06+00:00\" \/>\n<meta property=\"article:modified_time\" content=\"2025-12-31T11:22:06+00:00\" \/>\n<meta property=\"og:image\" content=\"https:\/\/reclaimfinance.org\/site\/wp-content\/uploads\/2025\/12\/Bilan-Omnibus-.png\" \/>\n\t<meta property=\"og:image:width\" content=\"1125\" \/>\n\t<meta property=\"og:image:height\" content=\"500\" \/>\n\t<meta property=\"og:image:type\" content=\"image\/png\" \/>\n<meta name=\"author\" content=\"Aatira\u00ef Manickawasagar\" \/>\n<meta name=\"twitter:card\" content=\"summary_large_image\" \/>\n<meta name=\"twitter:creator\" content=\"@ReclaimFinance\" \/>\n<meta name=\"twitter:site\" content=\"@ReclaimFinance\" \/>\n<meta name=\"twitter:label1\" content=\"\u00c9crit par\" \/>\n\t<meta name=\"twitter:data1\" content=\"Aatira\u00ef Manickawasagar\" \/>\n\t<meta name=\"twitter:label2\" content=\"Dur\u00e9e de lecture estim\u00e9e\" \/>\n\t<meta name=\"twitter:data2\" content=\"7 minutes\" \/>\n<script type=\"application\/ld+json\" class=\"yoast-schema-graph\">{\"@context\":\"https:\/\/schema.org\",\"@graph\":[{\"@type\":\"Article\",\"@id\":\"https:\/\/reclaimfinance.org\/site\/2025\/12\/17\/quels-sont-les-changements-apportes-par-la-loi-omnibus-sur-la-csddd-et-la-csrd\/#article\",\"isPartOf\":{\"@id\":\"https:\/\/reclaimfinance.org\/site\/2025\/12\/17\/quels-sont-les-changements-apportes-par-la-loi-omnibus-sur-la-csddd-et-la-csrd\/\"},\"author\":{\"name\":\"Aatira\u00ef Manickawasagar\",\"@id\":\"https:\/\/reclaimfinance.org\/site\/#\/schema\/person\/8c70ddf3adc9c340a9a83031ae1d7929\"},\"headline\":\"Quels sont les changements apport\u00e9s par la loi Omnibus sur la CSDDD et la CSRD ?\",\"datePublished\":\"2025-12-17T10:25:06+00:00\",\"dateModified\":\"2025-12-31T11:22:06+00:00\",\"mainEntityOfPage\":{\"@id\":\"https:\/\/reclaimfinance.org\/site\/2025\/12\/17\/quels-sont-les-changements-apportes-par-la-loi-omnibus-sur-la-csddd-et-la-csrd\/\"},\"wordCount\":3105,\"publisher\":{\"@id\":\"https:\/\/reclaimfinance.org\/site\/#organization\"},\"image\":{\"@id\":\"https:\/\/reclaimfinance.org\/site\/2025\/12\/17\/quels-sont-les-changements-apportes-par-la-loi-omnibus-sur-la-csddd-et-la-csrd\/#primaryimage\"},\"thumbnailUrl\":\"https:\/\/reclaimfinance.org\/site\/wp-content\/uploads\/2025\/12\/Bilan-Omnibus-.png\",\"articleSection\":[\"Articles\"],\"inLanguage\":\"fr-FR\"},{\"@type\":\"WebPage\",\"@id\":\"https:\/\/reclaimfinance.org\/site\/2025\/12\/17\/quels-sont-les-changements-apportes-par-la-loi-omnibus-sur-la-csddd-et-la-csrd\/\",\"url\":\"https:\/\/reclaimfinance.org\/site\/2025\/12\/17\/quels-sont-les-changements-apportes-par-la-loi-omnibus-sur-la-csddd-et-la-csrd\/\",\"name\":\"Quels sont les changements apport\u00e9s par la loi Omnibus sur la CSDDD et la CSRD ? - Reclaim Finance\",\"isPartOf\":{\"@id\":\"https:\/\/reclaimfinance.org\/site\/#website\"},\"primaryImageOfPage\":{\"@id\":\"https:\/\/reclaimfinance.org\/site\/2025\/12\/17\/quels-sont-les-changements-apportes-par-la-loi-omnibus-sur-la-csddd-et-la-csrd\/#primaryimage\"},\"image\":{\"@id\":\"https:\/\/reclaimfinance.org\/site\/2025\/12\/17\/quels-sont-les-changements-apportes-par-la-loi-omnibus-sur-la-csddd-et-la-csrd\/#primaryimage\"},\"thumbnailUrl\":\"https:\/\/reclaimfinance.org\/site\/wp-content\/uploads\/2025\/12\/Bilan-Omnibus-.png\",\"datePublished\":\"2025-12-17T10:25:06+00:00\",\"dateModified\":\"2025-12-31T11:22:06+00:00\",\"description\":\"La loi omnibus I vient d'\u00eatre adopt\u00e9e par le Conseil de l'UE et le Parlement europ\u00e9en et aura des cons\u00e9quences directes pour la protection des droits humains et de l'environnement.\",\"breadcrumb\":{\"@id\":\"https:\/\/reclaimfinance.org\/site\/2025\/12\/17\/quels-sont-les-changements-apportes-par-la-loi-omnibus-sur-la-csddd-et-la-csrd\/#breadcrumb\"},\"inLanguage\":\"fr-FR\",\"potentialAction\":[{\"@type\":\"ReadAction\",\"target\":[\"https:\/\/reclaimfinance.org\/site\/2025\/12\/17\/quels-sont-les-changements-apportes-par-la-loi-omnibus-sur-la-csddd-et-la-csrd\/\"]}]},{\"@type\":\"ImageObject\",\"inLanguage\":\"fr-FR\",\"@id\":\"https:\/\/reclaimfinance.org\/site\/2025\/12\/17\/quels-sont-les-changements-apportes-par-la-loi-omnibus-sur-la-csddd-et-la-csrd\/#primaryimage\",\"url\":\"https:\/\/reclaimfinance.org\/site\/wp-content\/uploads\/2025\/12\/Bilan-Omnibus-.png\",\"contentUrl\":\"https:\/\/reclaimfinance.org\/site\/wp-content\/uploads\/2025\/12\/Bilan-Omnibus-.png\",\"width\":1125,\"height\":500,\"caption\":\"European Union flag\"},{\"@type\":\"BreadcrumbList\",\"@id\":\"https:\/\/reclaimfinance.org\/site\/2025\/12\/17\/quels-sont-les-changements-apportes-par-la-loi-omnibus-sur-la-csddd-et-la-csrd\/#breadcrumb\",\"itemListElement\":[{\"@type\":\"ListItem\",\"position\":1,\"name\":\"Accueil\",\"item\":\"https:\/\/reclaimfinance.org\/site\/\"},{\"@type\":\"ListItem\",\"position\":2,\"name\":\"Quels sont les changements apport\u00e9s par la loi Omnibus sur la CSDDD et la CSRD ?\"}]},{\"@type\":\"WebSite\",\"@id\":\"https:\/\/reclaimfinance.org\/site\/#website\",\"url\":\"https:\/\/reclaimfinance.org\/site\/\",\"name\":\"Reclaim Finance\",\"description\":\"Reprendre le contr\u00f4le de la finance pour le climat et la biodiversit\u00e9\",\"publisher\":{\"@id\":\"https:\/\/reclaimfinance.org\/site\/#organization\"},\"potentialAction\":[{\"@type\":\"SearchAction\",\"target\":{\"@type\":\"EntryPoint\",\"urlTemplate\":\"https:\/\/reclaimfinance.org\/site\/?s={search_term_string}\"},\"query-input\":\"required name=search_term_string\"}],\"inLanguage\":\"fr-FR\"},{\"@type\":\"Organization\",\"@id\":\"https:\/\/reclaimfinance.org\/site\/#organization\",\"name\":\"Reclaim Finance\",\"url\":\"https:\/\/reclaimfinance.org\/site\/\",\"logo\":{\"@type\":\"ImageObject\",\"inLanguage\":\"fr-FR\",\"@id\":\"https:\/\/reclaimfinance.org\/site\/#\/schema\/logo\/image\/\",\"url\":\"https:\/\/reclaimfinance.org\/site\/wp-content\/uploads\/2020\/03\/logo_RC_space.png\",\"contentUrl\":\"https:\/\/reclaimfinance.org\/site\/wp-content\/uploads\/2020\/03\/logo_RC_space.png\",\"width\":800,\"height\":800,\"caption\":\"Reclaim Finance\"},\"image\":{\"@id\":\"https:\/\/reclaimfinance.org\/site\/#\/schema\/logo\/image\/\"},\"sameAs\":[\"https:\/\/www.facebook.com\/ReclaimFinanceONG\",\"https:\/\/x.com\/ReclaimFinance\",\"https:\/\/www.instagram.com\/reclaimfinance\/\",\"https:\/\/www.linkedin.com\/company\/reclaim-finance-ong-think-tank\"]},{\"@type\":\"Person\",\"@id\":\"https:\/\/reclaimfinance.org\/site\/#\/schema\/person\/8c70ddf3adc9c340a9a83031ae1d7929\",\"name\":\"Aatira\u00ef Manickawasagar\",\"image\":{\"@type\":\"ImageObject\",\"inLanguage\":\"fr-FR\",\"@id\":\"https:\/\/reclaimfinance.org\/site\/#\/schema\/person\/image\/\",\"url\":\"https:\/\/secure.gravatar.com\/avatar\/c32a479bcc22e06f8b0e3b8763e6434e?s=96&d=mm&r=g\",\"contentUrl\":\"https:\/\/secure.gravatar.com\/avatar\/c32a479bcc22e06f8b0e3b8763e6434e?s=96&d=mm&r=g\",\"caption\":\"Aatira\u00ef Manickawasagar\"},\"url\":\"https:\/\/reclaimfinance.org\/site\/author\/aman\/\"}]}<\/script>\n<!-- \/ Yoast SEO plugin. -->","yoast_head_json":{"title":"Quels sont les changements apport\u00e9s par la loi Omnibus sur la CSDDD et la CSRD ? - Reclaim Finance","description":"La loi omnibus I vient d'\u00eatre adopt\u00e9e par le Conseil de l'UE et le Parlement europ\u00e9en et aura des cons\u00e9quences directes pour la protection des droits humains et de l'environnement.","robots":{"index":"index","follow":"follow","max-snippet":"max-snippet:-1","max-image-preview":"max-image-preview:large","max-video-preview":"max-video-preview:-1"},"canonical":"https:\/\/reclaimfinance.org\/site\/2025\/12\/17\/quels-sont-les-changements-apportes-par-la-loi-omnibus-sur-la-csddd-et-la-csrd\/","og_locale":"fr_FR","og_type":"article","og_title":"Quels sont les changements apport\u00e9s par la loi Omnibus sur la CSDDD et la CSRD ? - Reclaim Finance","og_description":"La loi omnibus I vient d'\u00eatre adopt\u00e9e par le Conseil de l'UE et le Parlement europ\u00e9en et aura des cons\u00e9quences directes pour la protection des droits humains et de l'environnement.","og_url":"https:\/\/reclaimfinance.org\/site\/2025\/12\/17\/quels-sont-les-changements-apportes-par-la-loi-omnibus-sur-la-csddd-et-la-csrd\/","og_site_name":"Reclaim Finance","article_publisher":"https:\/\/www.facebook.com\/ReclaimFinanceONG","article_published_time":"2025-12-17T10:25:06+00:00","article_modified_time":"2025-12-31T11:22:06+00:00","og_image":[{"width":1125,"height":500,"url":"https:\/\/reclaimfinance.org\/site\/wp-content\/uploads\/2025\/12\/Bilan-Omnibus-.png","type":"image\/png"}],"author":"Aatira\u00ef Manickawasagar","twitter_card":"summary_large_image","twitter_creator":"@ReclaimFinance","twitter_site":"@ReclaimFinance","twitter_misc":{"\u00c9crit par":"Aatira\u00ef Manickawasagar","Dur\u00e9e de lecture estim\u00e9e":"7 minutes"},"schema":{"@context":"https:\/\/schema.org","@graph":[{"@type":"Article","@id":"https:\/\/reclaimfinance.org\/site\/2025\/12\/17\/quels-sont-les-changements-apportes-par-la-loi-omnibus-sur-la-csddd-et-la-csrd\/#article","isPartOf":{"@id":"https:\/\/reclaimfinance.org\/site\/2025\/12\/17\/quels-sont-les-changements-apportes-par-la-loi-omnibus-sur-la-csddd-et-la-csrd\/"},"author":{"name":"Aatira\u00ef Manickawasagar","@id":"https:\/\/reclaimfinance.org\/site\/#\/schema\/person\/8c70ddf3adc9c340a9a83031ae1d7929"},"headline":"Quels sont les changements apport\u00e9s par la loi Omnibus sur la CSDDD et la CSRD ?","datePublished":"2025-12-17T10:25:06+00:00","dateModified":"2025-12-31T11:22:06+00:00","mainEntityOfPage":{"@id":"https:\/\/reclaimfinance.org\/site\/2025\/12\/17\/quels-sont-les-changements-apportes-par-la-loi-omnibus-sur-la-csddd-et-la-csrd\/"},"wordCount":3105,"publisher":{"@id":"https:\/\/reclaimfinance.org\/site\/#organization"},"image":{"@id":"https:\/\/reclaimfinance.org\/site\/2025\/12\/17\/quels-sont-les-changements-apportes-par-la-loi-omnibus-sur-la-csddd-et-la-csrd\/#primaryimage"},"thumbnailUrl":"https:\/\/reclaimfinance.org\/site\/wp-content\/uploads\/2025\/12\/Bilan-Omnibus-.png","articleSection":["Articles"],"inLanguage":"fr-FR"},{"@type":"WebPage","@id":"https:\/\/reclaimfinance.org\/site\/2025\/12\/17\/quels-sont-les-changements-apportes-par-la-loi-omnibus-sur-la-csddd-et-la-csrd\/","url":"https:\/\/reclaimfinance.org\/site\/2025\/12\/17\/quels-sont-les-changements-apportes-par-la-loi-omnibus-sur-la-csddd-et-la-csrd\/","name":"Quels sont les changements apport\u00e9s par la loi Omnibus sur la CSDDD et la CSRD ? - Reclaim Finance","isPartOf":{"@id":"https:\/\/reclaimfinance.org\/site\/#website"},"primaryImageOfPage":{"@id":"https:\/\/reclaimfinance.org\/site\/2025\/12\/17\/quels-sont-les-changements-apportes-par-la-loi-omnibus-sur-la-csddd-et-la-csrd\/#primaryimage"},"image":{"@id":"https:\/\/reclaimfinance.org\/site\/2025\/12\/17\/quels-sont-les-changements-apportes-par-la-loi-omnibus-sur-la-csddd-et-la-csrd\/#primaryimage"},"thumbnailUrl":"https:\/\/reclaimfinance.org\/site\/wp-content\/uploads\/2025\/12\/Bilan-Omnibus-.png","datePublished":"2025-12-17T10:25:06+00:00","dateModified":"2025-12-31T11:22:06+00:00","description":"La loi omnibus I vient d'\u00eatre adopt\u00e9e par le Conseil de l'UE et le Parlement europ\u00e9en et aura des cons\u00e9quences directes pour la protection des droits humains et de l'environnement.","breadcrumb":{"@id":"https:\/\/reclaimfinance.org\/site\/2025\/12\/17\/quels-sont-les-changements-apportes-par-la-loi-omnibus-sur-la-csddd-et-la-csrd\/#breadcrumb"},"inLanguage":"fr-FR","potentialAction":[{"@type":"ReadAction","target":["https:\/\/reclaimfinance.org\/site\/2025\/12\/17\/quels-sont-les-changements-apportes-par-la-loi-omnibus-sur-la-csddd-et-la-csrd\/"]}]},{"@type":"ImageObject","inLanguage":"fr-FR","@id":"https:\/\/reclaimfinance.org\/site\/2025\/12\/17\/quels-sont-les-changements-apportes-par-la-loi-omnibus-sur-la-csddd-et-la-csrd\/#primaryimage","url":"https:\/\/reclaimfinance.org\/site\/wp-content\/uploads\/2025\/12\/Bilan-Omnibus-.png","contentUrl":"https:\/\/reclaimfinance.org\/site\/wp-content\/uploads\/2025\/12\/Bilan-Omnibus-.png","width":1125,"height":500,"caption":"European Union flag"},{"@type":"BreadcrumbList","@id":"https:\/\/reclaimfinance.org\/site\/2025\/12\/17\/quels-sont-les-changements-apportes-par-la-loi-omnibus-sur-la-csddd-et-la-csrd\/#breadcrumb","itemListElement":[{"@type":"ListItem","position":1,"name":"Accueil","item":"https:\/\/reclaimfinance.org\/site\/"},{"@type":"ListItem","position":2,"name":"Quels sont les changements apport\u00e9s par la loi Omnibus sur la CSDDD et la CSRD ?"}]},{"@type":"WebSite","@id":"https:\/\/reclaimfinance.org\/site\/#website","url":"https:\/\/reclaimfinance.org\/site\/","name":"Reclaim Finance","description":"Reprendre le contr\u00f4le de la finance pour le climat et la biodiversit\u00e9","publisher":{"@id":"https:\/\/reclaimfinance.org\/site\/#organization"},"potentialAction":[{"@type":"SearchAction","target":{"@type":"EntryPoint","urlTemplate":"https:\/\/reclaimfinance.org\/site\/?s={search_term_string}"},"query-input":"required name=search_term_string"}],"inLanguage":"fr-FR"},{"@type":"Organization","@id":"https:\/\/reclaimfinance.org\/site\/#organization","name":"Reclaim Finance","url":"https:\/\/reclaimfinance.org\/site\/","logo":{"@type":"ImageObject","inLanguage":"fr-FR","@id":"https:\/\/reclaimfinance.org\/site\/#\/schema\/logo\/image\/","url":"https:\/\/reclaimfinance.org\/site\/wp-content\/uploads\/2020\/03\/logo_RC_space.png","contentUrl":"https:\/\/reclaimfinance.org\/site\/wp-content\/uploads\/2020\/03\/logo_RC_space.png","width":800,"height":800,"caption":"Reclaim Finance"},"image":{"@id":"https:\/\/reclaimfinance.org\/site\/#\/schema\/logo\/image\/"},"sameAs":["https:\/\/www.facebook.com\/ReclaimFinanceONG","https:\/\/x.com\/ReclaimFinance","https:\/\/www.instagram.com\/reclaimfinance\/","https:\/\/www.linkedin.com\/company\/reclaim-finance-ong-think-tank"]},{"@type":"Person","@id":"https:\/\/reclaimfinance.org\/site\/#\/schema\/person\/8c70ddf3adc9c340a9a83031ae1d7929","name":"Aatira\u00ef Manickawasagar","image":{"@type":"ImageObject","inLanguage":"fr-FR","@id":"https:\/\/reclaimfinance.org\/site\/#\/schema\/person\/image\/","url":"https:\/\/secure.gravatar.com\/avatar\/c32a479bcc22e06f8b0e3b8763e6434e?s=96&d=mm&r=g","contentUrl":"https:\/\/secure.gravatar.com\/avatar\/c32a479bcc22e06f8b0e3b8763e6434e?s=96&d=mm&r=g","caption":"Aatira\u00ef Manickawasagar"},"url":"https:\/\/reclaimfinance.org\/site\/author\/aman\/"}]}},"_links":{"self":[{"href":"https:\/\/reclaimfinance.org\/site\/wp-json\/wp\/v2\/posts\/38710"}],"collection":[{"href":"https:\/\/reclaimfinance.org\/site\/wp-json\/wp\/v2\/posts"}],"about":[{"href":"https:\/\/reclaimfinance.org\/site\/wp-json\/wp\/v2\/types\/post"}],"author":[{"embeddable":true,"href":"https:\/\/reclaimfinance.org\/site\/wp-json\/wp\/v2\/users\/33"}],"replies":[{"embeddable":true,"href":"https:\/\/reclaimfinance.org\/site\/wp-json\/wp\/v2\/comments?post=38710"}],"version-history":[{"count":7,"href":"https:\/\/reclaimfinance.org\/site\/wp-json\/wp\/v2\/posts\/38710\/revisions"}],"predecessor-version":[{"id":38892,"href":"https:\/\/reclaimfinance.org\/site\/wp-json\/wp\/v2\/posts\/38710\/revisions\/38892"}],"wp:featuredmedia":[{"embeddable":true,"href":"https:\/\/reclaimfinance.org\/site\/wp-json\/wp\/v2\/media\/38713"}],"wp:attachment":[{"href":"https:\/\/reclaimfinance.org\/site\/wp-json\/wp\/v2\/media?parent=38710"}],"wp:term":[{"taxonomy":"category","embeddable":true,"href":"https:\/\/reclaimfinance.org\/site\/wp-json\/wp\/v2\/categories?post=38710"},{"taxonomy":"post_tag","embeddable":true,"href":"https:\/\/reclaimfinance.org\/site\/wp-json\/wp\/v2\/tags?post=38710"},{"taxonomy":"acteurs_financiers","embeddable":true,"href":"https:\/\/reclaimfinance.org\/site\/wp-json\/wp\/v2\/acteurs_financiers?post=38710"},{"taxonomy":"thematique","embeddable":true,"href":"https:\/\/reclaimfinance.org\/site\/wp-json\/wp\/v2\/thematique?post=38710"},{"taxonomy":"webinar_type","embeddable":true,"href":"https:\/\/reclaimfinance.org\/site\/wp-json\/wp\/v2\/webinar_type?post=38710"},{"taxonomy":"programme","embeddable":true,"href":"https:\/\/reclaimfinance.org\/site\/wp-json\/wp\/v2\/programme?post=38710"}],"curies":[{"name":"wp","href":"https:\/\/api.w.org\/{rel}","templated":true}]}}