{"id":39365,"date":"2026-03-13T08:00:31","date_gmt":"2026-03-13T07:00:31","guid":{"rendered":"https:\/\/reclaimfinance.org\/site\/?p=39365"},"modified":"2026-04-01T17:33:05","modified_gmt":"2026-04-01T15:33:05","slug":"quand-des-investisseurs-institutionnels-montrent-la-voie-pour-faire-evoluer-les-gerants","status":"publish","type":"post","link":"https:\/\/reclaimfinance.org\/site\/2026\/03\/13\/quand-des-investisseurs-institutionnels-montrent-la-voie-pour-faire-evoluer-les-gerants\/","title":{"rendered":"Quand des investisseurs institutionnels montrent la voie pour faire \u00e9voluer les g\u00e9rants"},"content":{"rendered":"<p><div class=\"fusion-fullwidth fullwidth-box fusion-builder-row-1 fusion-flex-container has-pattern-background has-mask-background nonhundred-percent-fullwidth non-hundred-percent-height-scrolling\" style=\"--awb-border-radius-top-left:0px;--awb-border-radius-top-right:0px;--awb-border-radius-bottom-right:0px;--awb-border-radius-bottom-left:0px;--awb-margin-bottom:20px;--awb-flex-wrap:wrap;\" ><div class=\"fusion-builder-row fusion-row fusion-flex-align-items-flex-start fusion-flex-content-wrap\" style=\"max-width:1216.8px;margin-left: calc(-4% \/ 2 );margin-right: calc(-4% \/ 2 );\"><div class=\"fusion-layout-column fusion_builder_column fusion-builder-column-0 fusion_builder_column_1_1 1_1 fusion-flex-column\" style=\"--awb-bg-size:cover;--awb-width-large:100%;--awb-margin-top-large:0px;--awb-spacing-right-large:1.92%;--awb-margin-bottom-large:20px;--awb-spacing-left-large:1.92%;--awb-width-medium:100%;--awb-order-medium:0;--awb-spacing-right-medium:1.92%;--awb-spacing-left-medium:1.92%;--awb-width-small:100%;--awb-order-small:0;--awb-spacing-right-small:1.92%;--awb-spacing-left-small:1.92%;\"><div class=\"fusion-column-wrapper fusion-column-has-shadow fusion-flex-justify-content-flex-start fusion-content-layout-column\"><div class=\"fusion-text fusion-text-1\" style=\"--awb-content-alignment:justify;--awb-text-color:var(--awb-color4);--awb-text-font-family:&quot;Montserrat&quot;;--awb-text-font-style:normal;--awb-text-font-weight:700;\"><p><span class=\"TextRun SCXW232733582 BCX8\" lang=\"FR-FR\" xml:lang=\"FR-FR\" data-contrast=\"auto\"><span class=\"NormalTextRun SCXW232733582 BCX8\" data-ccp-parastyle=\"No Spacing\">En 2025, <\/span><span class=\"NormalTextRun SCXW232733582 BCX8\" data-ccp-parastyle=\"No Spacing\">des <\/span><span class=\"NormalTextRun SCXW232733582 BCX8\" data-ccp-parastyle=\"No Spacing\">investisseurs institutionnels <\/span><span class=\"NormalTextRun SCXW232733582 BCX8\" data-ccp-parastyle=\"No Spacing\">europ\u00e9ens et nord-am\u00e9ricains <\/span><span class=\"NormalTextRun SCXW232733582 BCX8\" data-ccp-parastyle=\"No Spacing\">se sont mobilis\u00e9s de mani\u00e8re in\u00e9dite pour inciter <\/span><span class=\"NormalTextRun SCXW232733582 BCX8\" data-ccp-parastyle=\"No Spacing\">leurs gestionnaires d\u2019actifs externes \u00e0 <\/span><span class=\"NormalTextRun SCXW232733582 BCX8\" data-ccp-parastyle=\"No Spacing\">mieux g\u00e9rer l<\/span><span class=\"NormalTextRun SCXW232733582 BCX8\" data-ccp-parastyle=\"No Spacing\">es risques<\/span><span class=\"NormalTextRun SCXW232733582 BCX8\" data-ccp-parastyle=\"No Spacing\"> li\u00e9s au climat<\/span><span class=\"NormalTextRun SCXW232733582 BCX8\" data-ccp-parastyle=\"No Spacing\">.<\/span> <span class=\"NormalTextRun SCXW232733582 BCX8\" data-ccp-parastyle=\"No Spacing\">Ces initiatives <\/span><span class=\"NormalTextRun SCXW232733582 BCX8\" data-ccp-parastyle=\"No Spacing\">sont<\/span><span class=\"NormalTextRun SCXW232733582 BCX8\" data-ccp-parastyle=\"No Spacing\"> indispensables<\/span><span class=\"NormalTextRun SCXW232733582 BCX8\" data-ccp-parastyle=\"No Spacing\"> \u00e0 l\u2019heure o\u00f9<\/span> <span class=\"NormalTextRun SCXW232733582 BCX8\" data-ccp-parastyle=\"No Spacing\">le<\/span><span class=\"NormalTextRun SCXW232733582 BCX8\" data-ccp-parastyle=\"No Spacing\">s<\/span> <\/span><a class=\"Hyperlink SCXW232733582 BCX8\" href=\"https:\/\/reclaimfinance.org\/site\/2025\/12\/09\/gestionnaires-dactifs-des-pratiques-climatiques-a-la-derive\/\" target=\"_blank\" rel=\"noreferrer noopener\"><span class=\"TextRun Underlined SCXW232733582 BCX8\" lang=\"FR-FR\" xml:lang=\"FR-FR\" data-contrast=\"none\"><span style=\"text-decoration: underline;\"><span class=\"NormalTextRun SCXW232733582 BCX8\" style=\"color: var(--awb-color4);\" data-ccp-charstyle=\"Hyperlink\">soutiens massifs des gestionnaires d\u2019actifs <\/span><\/span><span class=\"NormalTextRun SCXW232733582 BCX8\" data-ccp-charstyle=\"Hyperlink\"><span style=\"text-decoration: underline; color: var(--awb-color4);\">aux \u00e9nergies fossiles se poursuivent voire s\u2019intensifient<\/span><\/span><\/span><\/a><span class=\"TextRun SCXW232733582 BCX8\" lang=\"FR-FR\" xml:lang=\"FR-FR\" data-contrast=\"auto\"><span class=\"NormalTextRun SCXW232733582 BCX8\" data-ccp-parastyle=\"No Spacing\"> et alimentent une crise climatique toujours plus mena\u00e7ante<\/span><span class=\"NormalTextRun SCXW232733582 BCX8\" data-ccp-parastyle=\"No Spacing\">.<\/span> <span class=\"NormalTextRun SCXW232733582 BCX8\" data-ccp-parastyle=\"No Spacing\">Cependant, la majorit\u00e9 <\/span><span class=\"NormalTextRun SCXW232733582 BCX8\" data-ccp-parastyle=\"No Spacing\">des<\/span><span class=\"NormalTextRun SCXW232733582 BCX8\" data-ccp-parastyle=\"No Spacing\"> investisseurs institutionnels<\/span><span class=\"NormalTextRun SCXW232733582 BCX8\" data-ccp-parastyle=\"No Spacing\"> reste encore trop <\/span><span class=\"NormalTextRun SCXW232733582 BCX8\" data-ccp-parastyle=\"No Spacing\">silencieu<\/span><span class=\"NormalTextRun SCXW232733582 BCX8\" data-ccp-parastyle=\"No Spacing\">se<\/span><span class=\"NormalTextRun SCXW232733582 BCX8\" data-ccp-parastyle=\"No Spacing\">.<\/span><span class=\"NormalTextRun SCXW232733582 BCX8\" data-ccp-parastyle=\"No Spacing\"> Reclaim Finance<\/span><span class=\"NormalTextRun SCXW232733582 BCX8\" data-ccp-parastyle=\"No Spacing\"> revient sur les exemples \u00e0 suivre, et appelle tous les investisseurs institutionnels<\/span> <span class=\"NormalTextRun SCXW232733582 BCX8\" data-ccp-parastyle=\"No Spacing\">\u00e0 <\/span><span class=\"NormalTextRun SCXW232733582 BCX8\" data-ccp-parastyle=\"No Spacing\">renforcer leur <\/span><span class=\"NormalTextRun SCXW232733582 BCX8\" data-ccp-parastyle=\"No Spacing\">engagement et <\/span><span class=\"NormalTextRun SCXW232733582 BCX8\" data-ccp-parastyle=\"No Spacing\">leurs crit\u00e8res climatiques de s\u00e9lection<\/span><span class=\"NormalTextRun SCXW232733582 BCX8\" data-ccp-parastyle=\"No Spacing\"> des <\/span><span class=\"NormalTextRun CommentStart SCXW232733582 BCX8\" data-ccp-parastyle=\"No Spacing\">gestionnaires<\/span> <span class=\"NormalTextRun SCXW232733582 BCX8\" data-ccp-parastyle=\"No Spacing\">externes<\/span><span class=\"NormalTextRun SCXW232733582 BCX8\" data-ccp-parastyle=\"No Spacing\">, en coh\u00e9rence avec<\/span><span class=\"NormalTextRun SCXW232733582 BCX8\" data-ccp-parastyle=\"No Spacing\"> leur devoir fiduciaire.<\/span><\/span><\/p>\n<\/div><div class=\"fusion-text fusion-text-2\" style=\"--awb-content-alignment:justify;\"><p><span data-contrast=\"auto\">Les investisseurs institutionnels\u00a0ont une obligation fiduciaire claire : agir dans le meilleur int\u00e9r\u00eat de leurs b\u00e9n\u00e9ficiaires et\/ou\u00a0clients, tant\u00a0aujourd\u2019hui\u00a0que sur le\u00a0long terme.\u00a0Or, le changement climatique est l&rsquo;une des principales menaces qui p\u00e8sent sur l&rsquo;\u00e9conomie.\u00a0Le r\u00e9chauffement pourrait causer<\/span><span data-contrast=\"auto\">\u00a0une perte de 50% du\u00a0PIB entre 2070 et 2090<\/span><span data-contrast=\"auto\">\u00a0[1], et\u00a0une chute\u00a0de 40 \u00e0 50 %\u00a0de la valeur des actions mondiales\u00a0d&rsquo;ici le milieu du si\u00e8cle\u00a0[2].\u00a0Au-del\u00e0 de cet aspect \u00e9conomique, chaque fraction de degr\u00e9s de r\u00e9chauffement plan\u00e9taire suppl\u00e9mentaire entraine une d\u00e9gradation des conditions de vie.<\/span><\/p>\n<p><span data-contrast=\"auto\">Les investisseurs institutionnels\u00a0ont donc une responsabilit\u00e9\u00a0majeure\u00a0dans la r\u00e9duction des risques\u00a0et impacts\u00a0climatiques.\u00a0Ils\u00a0peuvent\u00a0notamment\u00a0utiliser leur influence en tant que client\u00a0pour inciter\u00a0leurs gestionnaires d\u2019actifs\u00a0externes\u00a0\u00e0\u00a0intensifier\u00a0leur\u00a0action climatique\u00a0de mani\u00e8re globale. Cela n\u00e9cessite\u00a0de regarder au-del\u00e0 de la simple application des engagements climatiques de chaque client\u00a0aux\u00a0actifs d\u00e9l\u00e9gu\u00e9s.<\/span><\/p>\n<\/div><div class=\"fusion-title title fusion-title-1 fusion-title-text fusion-title-size-two\" style=\"--awb-text-color:var(--awb-color4);--awb-margin-top:15px;--awb-margin-bottom:15px;--awb-font-size:16px;\"><div class=\"title-sep-container title-sep-container-left fusion-no-large-visibility fusion-no-medium-visibility fusion-no-small-visibility\"><div class=\"title-sep sep- sep-solid\" style=\"border-color:#3e3e3e;\"><\/div><\/div><span class=\"awb-title-spacer fusion-no-large-visibility fusion-no-medium-visibility fusion-no-small-visibility\"><\/span><h2 class=\"fusion-title-heading title-heading-left fusion-responsive-typography-calculated\" style=\"font-family:&quot;Montserrat&quot;;font-style:normal;font-weight:700;margin:0;font-size:1em;--fontSize:16;--minFontSize:16;line-height:1.5;\"><span class=\"TextRun SCXW254403890 BCX8\" lang=\"FR-FR\" xml:lang=\"FR-FR\" data-contrast=\"auto\"><span class=\"NormalTextRun SCXW254403890 BCX8\" data-ccp-parastyle=\"No Spacing\">Des g<\/span><span class=\"NormalTextRun SCXW254403890 BCX8\" data-ccp-parastyle=\"No Spacing\">estionnaires<\/span><span class=\"NormalTextRun SCXW254403890 BCX8\" data-ccp-parastyle=\"No Spacing\">\u00a0<\/span><span class=\"NormalTextRun SCXW254403890 BCX8\" data-ccp-parastyle=\"No Spacing\">d\u2019actifs\u00a0<\/span><span class=\"NormalTextRun SCXW254403890 BCX8\" data-ccp-parastyle=\"No Spacing\">qui\u00a0<\/span><span class=\"NormalTextRun SCXW254403890 BCX8\" data-ccp-parastyle=\"No Spacing\">exacerbent les risques<\/span><span class=\"NormalTextRun SCXW254403890 BCX8\" data-ccp-parastyle=\"No Spacing\">\u00a0et les impacts<\/span><span class=\"NormalTextRun SCXW254403890 BCX8\" data-ccp-parastyle=\"No Spacing\">\u00a0climatiques<\/span><\/span><span class=\"EOP Selected SCXW254403890 BCX8\" data-ccp-props=\"{&quot;201341983&quot;:0,&quot;335559739&quot;:0,&quot;335559740&quot;:240}\">\u00a0<\/span><\/h2><span class=\"awb-title-spacer\"><\/span><div class=\"title-sep-container title-sep-container-right\"><div class=\"title-sep sep- sep-solid\" style=\"border-color:#3e3e3e;\"><\/div><\/div><\/div><div class=\"fusion-text fusion-text-3\" style=\"--awb-content-alignment:justify;\"><p><span data-contrast=\"auto\">La plupart des grands gestionnaires d\u2019actifs\u00a0affichent\u00a0des pratiques climatiques d\u00e9sastreuses, sapant les efforts de leurs clients\u00a0investisseurs institutionnels\u00a0engag\u00e9s en faveur de la transition.<\/span><span data-ccp-props=\"{&quot;201341983&quot;:0,&quot;335559739&quot;:0,&quot;335559740&quot;:240}\">\u00a0<\/span><\/p>\n<p><span data-contrast=\"auto\">Une\u00a0<\/span><a href=\"https:\/\/reclaimfinance.org\/site\/evaluation-des-pratiques-climatiques-des-gestionnaires-dactifs\/\"><span data-contrast=\"none\"><span style=\"text-decoration: underline;\">\u00e9tude r\u00e9cente de\u00a0Reclaim Finance<\/span><\/span><\/a><span data-contrast=\"auto\">\u00a0montre que la plupart des\u00a0grands gestionnaires\u00a0continue de soutenir massivement les entreprises\u00a0d\u00e9veloppant\u00a0les\u00a0\u00e9nergies fossiles.\u00a0Ainsi, les\u00a030 gestionnaires analys\u00e9s ont investi au moins 16,9 milliards de dollars dans des obligations r\u00e9cemment \u00e9mises par les plus grands d\u00e9veloppeurs fossiles.\u00a0Certains,\u00a0comme\u00a0BlackRock\u00a0et Amundi,\u00a0ont m\u00eame\u00a0augment\u00e9\u00a0ces investissements\u00a0par rapport \u00e0 l\u2019ann\u00e9e\u00a0pr\u00e9c\u00e9dente.\u00a0Et\u00a081 %\u00a0des votes de ces g\u00e9rants ont valid\u00e9\u00a0les actions des conseils d\u2019administration de ces entreprises, cautionnant leurs\u00a0plans d\u2019expansion fossile.<\/span><span data-ccp-props=\"{&quot;201341983&quot;:0,&quot;335559739&quot;:0,&quot;335559740&quot;:240}\">\u00a0<\/span><\/p>\n<p><span data-contrast=\"auto\">Plusieurs gestionnaires ont aussi quitt\u00e9 des alliances climatiques internationales comme\u00a0la\u00a0Net\u00a0Zero\u00a0Asset Managers\u00a0(NZAM), r\u00e9cemment relanc\u00e9e avec des exigences affaiblies, ou\u00a0l\u2019initiative\u00a0Climate\u00a0Action 100+\u00a0(CA100+), envoyant un signal n\u00e9gatif sur\u00a0la poursuite de leur action climatique\u00a0d\u00e9j\u00e0 insuffisante.<\/span><\/p>\n<\/div><div class=\"fusion-title title fusion-title-2 fusion-title-text fusion-title-size-two\" style=\"--awb-text-color:var(--awb-color4);--awb-margin-top:15px;--awb-margin-bottom:15px;--awb-font-size:16px;\"><div class=\"title-sep-container title-sep-container-left fusion-no-large-visibility fusion-no-medium-visibility fusion-no-small-visibility\"><div class=\"title-sep sep- sep-solid\" style=\"border-color:#3e3e3e;\"><\/div><\/div><span class=\"awb-title-spacer fusion-no-large-visibility fusion-no-medium-visibility fusion-no-small-visibility\"><\/span><h2 class=\"fusion-title-heading title-heading-left fusion-responsive-typography-calculated\" style=\"font-family:&quot;Montserrat&quot;;font-style:normal;font-weight:700;margin:0;font-size:1em;--fontSize:16;--minFontSize:16;line-height:1.5;\"><span class=\"TextRun SCXW71466868 BCX8\" lang=\"FR-FR\" xml:lang=\"FR-FR\" data-contrast=\"auto\"><span class=\"NormalTextRun SCXW71466868 BCX8\" data-ccp-parastyle=\"No Spacing\">S\u00e9lectionner\u00a0<\/span><span class=\"NormalTextRun SCXW71466868 BCX8\" data-ccp-parastyle=\"No Spacing\">s<\/span><span class=\"NormalTextRun SCXW71466868 BCX8\" data-ccp-parastyle=\"No Spacing\">es g\u00e9rants<\/span><span class=\"NormalTextRun SCXW71466868 BCX8\" data-ccp-parastyle=\"No Spacing\">\u00a0externes<\/span><span class=\"NormalTextRun SCXW71466868 BCX8\" data-ccp-parastyle=\"No Spacing\">\u00a0<\/span><span class=\"NormalTextRun SCXW71466868 BCX8\" data-ccp-parastyle=\"No Spacing\">sur la base de crit\u00e8res climatiques<\/span><span class=\"NormalTextRun SCXW71466868 BCX8\" data-ccp-parastyle=\"No Spacing\"> robustes<\/span><\/span><\/h2><span class=\"awb-title-spacer\"><\/span><div class=\"title-sep-container title-sep-container-right\"><div class=\"title-sep sep- sep-solid\" style=\"border-color:#3e3e3e;\"><\/div><\/div><\/div><div class=\"fusion-text fusion-text-4\" style=\"--awb-content-alignment:justify;\"><p><span data-contrast=\"auto\">En 2025, plusieurs institutionnels ont retir\u00e9 des mandats \u00e0 des gestionnaires d\u2019actifs pour cause de pr\u00e9occupations li\u00e9es \u00e0 la durabilit\u00e9.\u00a0Les\u00a0fonds de pension n\u00e9erlandais PFZW et PME ont retir\u00e9 des\u00a0mandats \u00e0\u00a0BlackRock, tandis que\u00a0le\u00a0britannique The\u00a0People\u2019s\u00a0Pension et le danois\u00a0Akademiker\u00a0Pension\u00a0ont fait de m\u00eame\u00a0pour des mandats confi\u00e9s \u00e0 State Street.\u00a0En France,\u00a0Pr\u00e9fon, la caisse nationale de pr\u00e9voyance de la fonction publique, a\u00a0d\u00e9r\u00e9f\u00e9renc\u00e9\u00a013 fonds de\u00a0son\u00a0produit d\u2019assurance vie, dont un\u00a0fonds\u00a0BlackRock\u00a0[3].\u00a0Plusieurs articles\u00a0de presse\u00a0ont\u00a0indiqu\u00e9\u00a0que d&rsquo;autres\u00a0changements de gestionnaires\u00a0par des investisseurs institutionnels\u00a0auraient aussi eu lieu sans\u00a0communication publique.<\/span><\/p>\n<p><span data-contrast=\"auto\">Outre-Atlantique, l&rsquo;ancien contr\u00f4leur financier de la ville de New York, Brad Lander a recommand\u00e9 \u00e0 trois fonds de pension de la ville de mettre fin \u00e0 leurs relations avec\u00a0BlackRock\u00a0en raison\u00a0de sa strat\u00e9gie climatique inad\u00e9quate\u00a0[4].<\/span><\/p>\n<p><span data-contrast=\"auto\">Certains\u00a0investisseurs institutionnels\u00a0indiquent publiquement\u00a0leurs crit\u00e8res climatiques\u00a0de s\u00e9lection, \u00e9vitant ainsi de\u00a0se s\u00e9parer\u00a0apr\u00e8s coup de\u00a0certains\u00a0g\u00e9rants. Ainsi,\u00a0l\u2019assureur fran\u00e7ais MAIF\u00a0ne confie plus\u00a0de nouveaux investissements\u00a0aux\u00a0gestionnaires qui n\u2019auraient pas d\u00e9fini de strat\u00e9gie de sortie progressive du charbon thermique d\u2019ici 2030\u00a0[5].\u00a0De son c\u00f4t\u00e9,\u00a0en avril dernier, le\u00a0contr\u00f4leur des fonds de pension de la ville de New York a publi\u00e9 une liste d\u2019attentes climatiques pour les gestionnaires, sur lesquelles il se basera pour accorder ses futurs mandats\u00a0[6].<\/span><span data-ccp-props=\"{&quot;201341983&quot;:0,&quot;335559739&quot;:0,&quot;335559740&quot;:240}\">\u00a0<\/span><\/p>\n<p><span data-contrast=\"auto\">Ces initiatives vont dans la bonne direction, mais elles doivent se multiplier pour peser v\u00e9ritablement sur les g\u00e9rants d\u2019actifs.<\/span><\/p>\n<\/div><div class=\"fusion-title title fusion-title-3 fusion-title-text fusion-title-size-two\" style=\"--awb-text-color:var(--awb-color4);--awb-margin-top:15px;--awb-margin-bottom:15px;--awb-font-size:16px;\"><div class=\"title-sep-container title-sep-container-left fusion-no-large-visibility fusion-no-medium-visibility fusion-no-small-visibility\"><div class=\"title-sep sep- sep-solid\" style=\"border-color:#3e3e3e;\"><\/div><\/div><span class=\"awb-title-spacer fusion-no-large-visibility fusion-no-medium-visibility fusion-no-small-visibility\"><\/span><h2 class=\"fusion-title-heading title-heading-left fusion-responsive-typography-calculated\" style=\"font-family:&quot;Montserrat&quot;;font-style:normal;font-weight:700;margin:0;font-size:1em;--fontSize:16;--minFontSize:16;line-height:1.5;\"><span class=\"TextRun SCXW194445236 BCX8\" lang=\"FR-FR\" xml:lang=\"FR-FR\" data-contrast=\"auto\"><span class=\"NormalTextRun SCXW194445236 BCX8\" data-ccp-parastyle=\"No Spacing\">Inciter les g\u00e9rants\u00a0<\/span><span class=\"NormalTextRun SCXW194445236 BCX8\" data-ccp-parastyle=\"No Spacing\">d\u2019actifs\u00a0<\/span><span class=\"NormalTextRun SCXW194445236 BCX8\" data-ccp-parastyle=\"No Spacing\">\u00e0 \u00e9voluer par\u00a0<\/span><span class=\"NormalTextRun SCXW194445236 BCX8\" data-ccp-parastyle=\"No Spacing\">un dialogue actif<\/span><span class=\"NormalTextRun SCXW194445236 BCX8\" data-ccp-parastyle=\"No Spacing\"> et une escalade progressive<\/span><\/span><\/h2><span class=\"awb-title-spacer\"><\/span><div class=\"title-sep-container title-sep-container-right\"><div class=\"title-sep sep- sep-solid\" style=\"border-color:#3e3e3e;\"><\/div><\/div><\/div><div class=\"fusion-text fusion-text-5\" style=\"--awb-content-alignment:justify;\"><p><span data-contrast=\"auto\">Certains investisseurs institutionnels\u00a0ont lanc\u00e9 un\u00a0dialogue\u00a0avec les gestionnaires. En f\u00e9vrier 2025,\u00a0une coalition d\u2019acteurs\u00a0repr\u00e9sentant\u00a01 500 milliards de dollars d\u2019investissements a publi\u00e9 une d\u00e9claration appelant les g\u00e9rants\u00a0\u00e0 \u00e9laborer une strat\u00e9gie robuste d\u2019engagement pour faire face aux risques climatiques\u00a0[7].\u00a0En ao\u00fbt dernier, les responsables financiers de 17 Etats d\u00e9mocrates \u00e9tats-uniens ont demand\u00e9 aux grands gestionnaires am\u00e9ricains de r\u00e9affirmer leur engagement \u00e0 g\u00e9rer des risques climatiques [8]. Et plus r\u00e9cemment, 42\u00a0investisseurs institutionnels\u00a0ont appel\u00e9 les gestionnaires \u00e0 participer \u00e0 l\u2019alliance Net\u00a0Zero Asset Managers [9].<\/span><\/p>\n<p><span data-contrast=\"auto\">Ces initiatives sont\u00a0bienvenues\u00a0puisque\u00a0l\u2019influence\u00a0des investisseurs institutionnels\u00a0est d\u00e9multipli\u00e9e lorsqu\u2019elle est exerc\u00e9e publiquement et collectivement.\u00a0Toutefois,\u00a0il est essentiel que\u00a0le dialogue\u00a0se concentre\u00a0sur des demandes d\u2019actions concr\u00e8tes pour les gestionnaires,\u00a0comme la fin des soutiens fossiles,\u00a0et\u00a0pas\u00a0seulement sur des principes g\u00e9n\u00e9raux ou l\u2019appartenance\u00a0\u00e0 des coalitions\u00a0climatiques dont les exigences sont souvent faibles.<\/span><\/p>\n<p><span data-contrast=\"auto\">Par ailleurs,\u00a0sans\u00a0sanctions pr\u00e9vues, le dialogue\u00a0risque d\u2019\u00eatre infructueux.\u00a0Pour \u00eatre cr\u00e9dibles, les investisseurs institutionnels doivent adopter une strat\u00e9gie d\u2019escalade pr\u00e9cise, indiquant\u00a0aux\u00a0g\u00e9rants qu\u2019ils\u00a0ne se verront confier de nouveaux actifs\u00a0qu\u2019\u00e0 condition de respecter\u00a0de\u00a0leurs\u00a0crit\u00e8res\u00a0climatiques.<\/span><\/p>\n<\/div><div class=\"fusion-text fusion-text-6\" style=\"--awb-content-alignment:justify;\"><p><strong><span class=\"TextRun SCXW249415886 BCX8\" lang=\"FR-FR\" xml:lang=\"FR-FR\" data-contrast=\"auto\"><span class=\"NormalTextRun SCXW249415886 BCX8\" data-ccp-parastyle=\"No Spacing\">Face aux<\/span><span class=\"NormalTextRun SCXW249415886 BCX8\" data-ccp-parastyle=\"No Spacing\">\u00a0risques climatiques<\/span><span class=\"NormalTextRun SCXW249415886 BCX8\" data-ccp-parastyle=\"No Spacing\">, les\u00a0<\/span><span class=\"NormalTextRun SCXW249415886 BCX8\" data-ccp-parastyle=\"No Spacing\">investisseurs institutionnels<\/span><span class=\"NormalTextRun SCXW249415886 BCX8\" data-ccp-parastyle=\"No Spacing\">\u00a0doivent utiliser tous les leviers \u00e0 leur disposition, dont l\u2019influence aupr\u00e8s des gestionnaires d\u2018actifs. Leurs demandes doivent porter\u00a0<\/span><span class=\"NormalTextRun SCXW249415886 BCX8\" data-ccp-parastyle=\"No Spacing\">prioritairement\u00a0<\/span><span class=\"NormalTextRun SCXW249415886 BCX8\" data-ccp-parastyle=\"No Spacing\">sur la fin d<\/span><span class=\"NormalTextRun SCXW249415886 BCX8\" data-ccp-parastyle=\"No Spacing\">es soutiens<\/span><span class=\"NormalTextRun SCXW249415886 BCX8\" data-ccp-parastyle=\"No Spacing\">\u00a0\u00e0 l\u2019expansion fossile<\/span><span class=\"NormalTextRun SCXW249415886 BCX8\" data-ccp-parastyle=\"No Spacing\">, \u00e0 la fois \u00e0 travers les nouveau<\/span><span class=\"NormalTextRun SCXW249415886 BCX8\" data-ccp-parastyle=\"No Spacing\">x<\/span><span class=\"NormalTextRun SCXW249415886 BCX8\" data-ccp-parastyle=\"No Spacing\">\u00a0investissements r\u00e9alis\u00e9s et les votes de soutiens \u00e0 la direction des entreprises.<\/span><\/span><\/strong><\/p>\n<\/div><div style=\"text-align:center;\"><a class=\"fusion-button button-flat button-medium button-custom fusion-button-default button-1 fusion-button-default-span fusion-button-default-type\" style=\"--button_accent_color:#ffffff;--button_border_color:var(--awb-color4);--button_accent_hover_color:#ffffff;--button_border_hover_color:var(--awb-color4);--button_border_width-top:2px;--button_border_width-right:2px;--button_border_width-bottom:2px;--button_border_width-left:2px;--button_gradient_top_color:rgba(138,197,107,0);--button_gradient_bottom_color:rgba(138,197,107,0);--button_gradient_top_color_hover:#8fc84c;--button_gradient_bottom_color_hover:#8fc84c;--button_margin-top:35px;--button_margin-bottom:35px;\" target=\"_blank\" rel=\"noopener noreferrer\" href=\"https:\/\/reclaimfinance.org\/site\/evaluation-des-pratiques-climatiques-des-gestionnaires-dactifs\/#recommandationsinvest\"><span class=\"fusion-button-text\">Nos recommandations compl\u00e8tes aux investisseurs institutionnels<\/span><\/a><\/div><\/div><\/div><div class=\"fusion-layout-column fusion_builder_column fusion-builder-column-1 fusion_builder_column_1_1 1_1 fusion-flex-column fusion-column-no-min-height\" style=\"--awb-padding-top:20px;--awb-padding-right:10px;--awb-padding-bottom:20px;--awb-padding-left:10px;--awb-overflow:hidden;--awb-bg-size:cover;--awb-border-color:var(--awb-color1);--awb-border-top:1px;--awb-border-right:1px;--awb-border-bottom:1px;--awb-border-left:1px;--awb-border-style:solid;--awb-border-radius:10px 10px 10px 10px;--awb-width-large:100%;--awb-margin-top-large:0px;--awb-spacing-right-large:1.92%;--awb-margin-bottom-large:20px;--awb-spacing-left-large:1.92%;--awb-width-medium:100%;--awb-order-medium:0;--awb-spacing-right-medium:1.92%;--awb-spacing-left-medium:1.92%;--awb-width-small:100%;--awb-order-small:0;--awb-spacing-right-small:1.92%;--awb-spacing-left-small:1.92%;\"><div class=\"fusion-column-wrapper fusion-column-has-shadow fusion-flex-justify-content-flex-start fusion-content-layout-column\"><div class=\"fusion-title title fusion-title-4 fusion-title-text fusion-title-size-three\" style=\"--awb-text-color:var(--awb-color1);--awb-margin-bottom:0px;--awb-font-size:16px;\"><div class=\"title-sep-container title-sep-container-left fusion-no-large-visibility fusion-no-medium-visibility fusion-no-small-visibility\"><div class=\"title-sep sep- sep-solid\" style=\"border-color:#3e3e3e;\"><\/div><\/div><span class=\"awb-title-spacer fusion-no-large-visibility fusion-no-medium-visibility fusion-no-small-visibility\"><\/span><h3 class=\"fusion-title-heading title-heading-left fusion-responsive-typography-calculated\" style=\"font-family:&quot;Montserrat&quot;;font-style:normal;font-weight:700;margin:0;font-size:1em;--fontSize:16;--minFontSize:16;line-height:1.5;\">Notes :<\/h3><span class=\"awb-title-spacer\"><\/span><div class=\"title-sep-container title-sep-container-right\"><div class=\"title-sep sep- sep-solid\" style=\"border-color:#3e3e3e;\"><\/div><\/div><\/div><div class=\"fusion-text fusion-text-7\"><ol>\n<li><span data-contrast=\"auto\">Institute and Faculty of Actuaries, University of Exeter, <\/span><a href=\"https:\/\/actuaries.org.uk\/media-release\/current-climate-policies-risk-catastrophic-societal-and-economic-impacts\/\"><span data-contrast=\"none\"><span style=\"text-decoration: underline;\">Current climate policies risk catastrophic societal and economic impacts<\/span>,<\/span><\/a><span data-contrast=\"auto\">\u00a016\u00a0janvier\u00a02025<\/span><span data-ccp-props=\"{\">\u00a0<\/span><\/li>\n<li><span data-contrast=\"auto\">EDHEC Climate Institute,\u00a0<\/span><a href=\"https:\/\/climateinstitute.edhec.edu\/publications\/how-does-climate-risk-affect-global-equity-valuations-novel-approach\"><span data-contrast=\"none\"><span style=\"text-decoration: underline;\">How Does Climate Risk Affect Global Equity Valuations? A Novel Approach<\/span><\/span><\/a><span data-contrast=\"auto\">,\u00a0juillet\u00a02024<\/span><span data-ccp-props=\"{\">\u00a0<\/span><\/li>\n<li><span data-contrast=\"auto\">Pr\u00e9fon, <\/span><a href=\"https:\/\/www.prefon.fr\/nos-actualites\/vie\/prefon-vie-responsable-un-engagement-responsable-qui-se-renforce-dans-le-temps.html\"><span data-contrast=\"none\"><span style=\"text-decoration: underline;\">Pr\u00e9fon Vie Responsable : un engagement responsable qui se renforce dans le temps<\/span>,<\/span><\/a><span data-contrast=\"auto\">\u00a09 f\u00e9vrier 2026<\/span><span data-ccp-props=\"{\">\u00a0<\/span><\/li>\n<li><span data-contrast=\"auto\">Pour l\u2019instant, aucun mandat n\u2019a \u00e9t\u00e9 retir\u00e9. La d\u00e9cision revient \u00e0 chacun des fonds de pension.<\/span><span data-ccp-props=\"{\">\u00a0<\/span><span data-contrast=\"auto\">Bureau du contr\u00f4leur de la ville de New York,\u00a0\u00a0<\/span><span style=\"text-decoration: underline;\"><a href=\"https:\/\/comptroller.nyc.gov\/newsroom\/comptroller-lander-recommends-pension-boards-drop-blackrock-fidelity-and-panagora-due-to-inadequate-decarbonization-plans\/\">Comptroller Lander Recommends Pension Boards Drop BlackRock, Fidelity, and PanAgora Due to Inadequate Decarbonization Plans<\/a><\/span><span data-contrast=\"auto\">, 26 novembre 2025<\/span><span data-ccp-props=\"{\">\u00a0<\/span><\/li>\n<li><span data-contrast=\"auto\">MAIF,\u202f<\/span><a href=\"https:\/\/entreprise.maif.fr\/files\/live\/sites\/entreprise-Maif\/files\/pdf\/nos-rapports\/rapport-esg-climat\/Politiques-integration-des-risques-en-matiere-durabilite-MAIF-2023.pdf\"><span data-contrast=\"none\"><span style=\"text-decoration: underline;\">Politiques relatives \u00e0 l\u2019int\u00e9gration des risques en mati\u00e8re de durabilit\u00e9 dans les d\u00e9cisions d\u2019investissement<\/span>,<\/span><\/a><span data-contrast=\"auto\">\u00a0janvier 2023<\/span><span data-ccp-props=\"{\">\u00a0<\/span><\/li>\n<li><span data-contrast=\"auto\">Bureau du contr\u00f4leur de la ville de New York, <\/span><a href=\"https:\/\/comptroller.nyc.gov\/wp-content\/uploads\/2025\/04\/2025-04-22_NYC-Comptrollers-Office_Net-Zero-Implementation-v2-1-1.pdf\"><span data-contrast=\"none\"><span style=\"text-decoration: underline;\">Holdings Asset Managers Accountable for Net Zero Implementation<\/span>,<\/span><\/a><span data-contrast=\"auto\">\u00a022 avril 2025<\/span><span data-ccp-props=\"{\">\u00a0<\/span><\/li>\n<li><span data-contrast=\"auto\">Financial\u202fTimes, <\/span><a href=\"https:\/\/www.ft.com\/content\/0a703624-37ba-4d87-af67-3d7d15caf306\"><span data-contrast=\"none\"><span style=\"text-decoration: underline;\">Long-term investors split with asset managers over climate risk<\/span>,<\/span><\/a><span data-contrast=\"auto\">\u00a013\u00a0f\u00e9vrier\u00a02025<\/span><br \/>\n<span data-contrast=\"auto\">The People\u2019s Pension,\u00a0<\/span><span style=\"text-decoration: underline;\"><a href=\"https:\/\/thepeoplespension.co.uk\/wp-content\/uploads\/Asset-owner-statement-on-climate-stewardship.pdf\">Asset owner statement on climate stewardship<\/a><\/span><span data-contrast=\"auto\">, f\u00e9vrier 2025<\/span><br \/>\n<span data-contrast=\"auto\">Agefi,\u00a0<\/span><span style=\"text-decoration: underline;\"><a href=\"https:\/\/www.agefi.fr\/investisseurs-institutionnels\/actualites\/six-grands-institutionnels-francais-rejoignent-la-nouvelle-coalition-visant-lengagement-climatique-des-gerants\">Six institutionnels fran\u00e7ais rejoignent une coalition sur l\u2019engagement climatique des g\u00e9rants<\/a><\/span><span data-contrast=\"auto\">\u202f, 22 octobre 2025<\/span><span data-ccp-props=\"{\">\u00a0<\/span><\/li>\n<li><span data-contrast=\"auto\">ESG Dive, <\/span><span style=\"text-decoration: underline;\"><a href=\"https:\/\/www.esgdive.com\/news\/democrat-finance-officials-push-asset-managers-to-reaffirm-esg-commitment-climate-a4rg-sfof\/758423\/\">Democrat finance officials push asset managers to reaffirm commitment to manage climate risks<\/a><\/span><span data-contrast=\"auto\">, 22\u00a0ao\u00fbt\u00a02025<\/span><span data-ccp-props=\"{\">\u00a0<\/span><\/li>\n<li><span data-contrast=\"auto\">Agefi, <\/span><a href=\"https:\/\/www.agefi.fr\/asset-management\/actualites\/les-institutionnels-pressent-les-gestionnaires-dactifs-a-adherer-a-linitiative-net-zero-asset-managers\"><span data-contrast=\"none\"><span style=\"text-decoration: underline;\">Les institutionnels pressent les gestionnaires d\u2019actifs \u00e0 adh\u00e9rer \u00e0 l\u2019initiative Net Zero Asset Managers<\/span><\/span><\/a><span data-contrast=\"auto\">, 2 f\u00e9vrier 2026<\/span><\/li>\n<\/ol>\n<\/div><\/div><\/div><\/div><\/div><div class=\"fusion-fullwidth fullwidth-box fusion-builder-row-2 fusion-flex-container has-pattern-background has-mask-background nonhundred-percent-fullwidth non-hundred-percent-height-scrolling\" style=\"--awb-border-radius-top-left:0px;--awb-border-radius-top-right:0px;--awb-border-radius-bottom-right:0px;--awb-border-radius-bottom-left:0px;--awb-flex-wrap:wrap;\" ><div class=\"fusion-builder-row fusion-row fusion-flex-align-items-flex-start fusion-flex-content-wrap\" style=\"max-width:1216.8px;margin-left: calc(-4% \/ 2 );margin-right: calc(-4% \/ 2 );\"><div class=\"fusion-layout-column fusion_builder_column fusion-builder-column-2 fusion_builder_column_1_1 1_1 fusion-flex-column\" style=\"--awb-bg-size:cover;--awb-width-large:100%;--awb-margin-top-large:0px;--awb-spacing-right-large:1.92%;--awb-margin-bottom-large:20px;--awb-spacing-left-large:1.92%;--awb-width-medium:100%;--awb-order-medium:0;--awb-spacing-right-medium:1.92%;--awb-spacing-left-medium:1.92%;--awb-width-small:100%;--awb-order-small:0;--awb-spacing-right-small:1.92%;--awb-spacing-left-small:1.92%;\"><div class=\"fusion-column-wrapper fusion-column-has-shadow fusion-flex-justify-content-flex-start fusion-content-layout-column\"><div class=\"fusion-title title fusion-title-5 fusion-sep-none fusion-title-text fusion-title-size-two\" style=\"--awb-text-color:var(--awb-color1);--awb-margin-bottom:0px;\"><h2 class=\"fusion-title-heading title-heading-left fusion-responsive-typography-calculated\" style=\"margin:0;text-transform:uppercase;--fontSize:33;line-height:1.5;\">lire aussi<\/h2><\/div><div class=\"fusion-separator\" style=\"align-self: flex-start;margin-right:auto;margin-top:25px;margin-bottom:35px;width:100%;max-width:100px;\"><div class=\"fusion-separator-border sep-single sep-solid\" style=\"--awb-height:20px;--awb-amount:20px;--awb-sep-color:var(--awb-color4);border-color:var(--awb-color4);border-top-width:10px;\"><\/div><\/div><div class=\"fusion-blog-shortcode fusion-blog-shortcode-1 fusion-blog-archive fusion-blog-layout-grid-wrapper fusion-blog-no\"><style type=\"text\/css\">.fusion-blog-shortcode-1 .fusion-blog-layout-grid .fusion-post-grid{padding:15px;}.fusion-blog-shortcode-1 .fusion-posts-container{margin-left: -15px !important; margin-right:-15px !important;}<\/style><div class=\"fusion-posts-container fusion-posts-container-no fusion-blog-rollover fusion-blog-layout-grid fusion-blog-layout-grid-3 isotope fusion-blog-equal-heights\" data-pages=\"181\" data-grid-col-space=\"30\" style=\"margin: -15px -15px 0;min-height:500px;\"><article id=\"blog-1-post-39586\" class=\"fusion-post-grid post-39586 post type-post status-publish format-standard has-post-thumbnail hentry category-blog acteurs_financiers-assurances-fr acteurs_financiers-investisseurs\">\n<div class=\"fusion-post-wrapper\" style=\"background-color:rgba(255,255,255,0);border:1px solid #2a2b3d;border-bottom-width:3px;\">\n\n\t\t\t<div class=\"fusion-flexslider flexslider fusion-flexslider-loading fusion-post-slideshow\" style=\"border-color:#2a2b3d;\">\n\t\t<ul class=\"slides\">\n\t\t\t\n\t\t\t\t\t\t\t\t\t\t\t\t\t\t<li><div  class=\"fusion-image-wrapper\" aria-haspopup=\"true\">\n\t\t\t\t<img decoding=\"async\" width=\"900\" height=\"400\" src=\"https:\/\/reclaimfinance.org\/site\/wp-content\/uploads\/2025\/09\/Totalenergies-investors1.png\" class=\"attachment-full size-full wp-post-image\" alt=\"\" \/><div class=\"fusion-rollover\">\n\t<div class=\"fusion-rollover-content\">\n\n\t\t\t\t\n\t\t\n\t\t\t\t\t\t\t\t\n\t\t\t\t\t\t\t\t\n\t\t\n\t\t\t\t\t\t<a class=\"fusion-link-wrapper\" href=\"https:\/\/reclaimfinance.org\/site\/2026\/04\/24\/totalenergies-finance-par-lassurance-vie-un-soutien-toujours-moins-defendable\/\" aria-label=\"TotalEnergies financ\u00e9 par l\u2019assurance-vie : un soutien toujours moins d\u00e9fendable\"><\/a>\n\t<\/div>\n<\/div>\n<\/div>\n<\/li>\n\t\t\t\n\t\t\t\n\t\t\t\t\t\t\t\t<\/ul>\n\t<\/div>\n\t<div class=\"fusion-post-content-wrapper\" style=\"padding:30px 25px 20px 25px;\"><div class=\"fusion-post-content post-content\"><h3 class=\"blog-shortcode-post-title entry-title\"><a href=\"https:\/\/reclaimfinance.org\/site\/2026\/04\/24\/totalenergies-finance-par-lassurance-vie-un-soutien-toujours-moins-defendable\/\">TotalEnergies financ\u00e9 par l\u2019assurance-vie : un soutien toujours moins d\u00e9fendable<\/a><\/h3><p class=\"fusion-single-line-meta\"><span class=\"vcard\" style=\"display: none;\"><span class=\"fn\"><a href=\"https:\/\/reclaimfinance.org\/site\/author\/alb\/\" title=\"Articles par Ariel Le Bourdonnec\" rel=\"author\">Ariel Le Bourdonnec<\/a><\/span><\/span><span class=\"updated\" style=\"display:none;\">2026-04-24T11:40:28+02:00<\/span><a href=\"https:\/\/reclaimfinance.org\/site\/category\/blog\/\" rel=\"category tag\">Articles<\/a><span class=\"fusion-inline-sep\">|<\/span><\/p><\/div><\/div><div class=\"fusion-clearfix\"><\/div><\/div>\n<\/article>\n<article id=\"blog-1-post-39566\" class=\"fusion-post-grid post-39566 post type-post status-publish format-standard has-post-thumbnail hentry category-blog acteurs_financiers-assurances-fr acteurs_financiers-banques-fr acteurs_financiers-detenteurs-dactifs acteurs_financiers-gestionnaire-dactifs acteurs_financiers-gfanz acteurs_financiers-investisseurs acteurs_financiers-regulateurs-fr thematique-energies-fossiles\">\n<div class=\"fusion-post-wrapper\" style=\"background-color:rgba(255,255,255,0);border:1px solid #2a2b3d;border-bottom-width:3px;\">\n\n\t\t\t<div class=\"fusion-flexslider flexslider fusion-flexslider-loading fusion-post-slideshow\" style=\"border-color:#2a2b3d;\">\n\t\t<ul class=\"slides\">\n\t\t\t\n\t\t\t\t\t\t\t\t\t\t\t\t\t\t<li><div  class=\"fusion-image-wrapper\" aria-haspopup=\"true\">\n\t\t\t\t<img decoding=\"async\" width=\"1125\" height=\"500\" src=\"https:\/\/reclaimfinance.org\/site\/wp-content\/uploads\/2026\/04\/amazonie-.png\" class=\"attachment-full size-full wp-post-image\" alt=\"\" \/><div class=\"fusion-rollover\">\n\t<div class=\"fusion-rollover-content\">\n\n\t\t\t\t\n\t\t\n\t\t\t\t\t\t\t\t\n\t\t\t\t\t\t\t\t\n\t\t\n\t\t\t\t\t\t<a class=\"fusion-link-wrapper\" href=\"https:\/\/reclaimfinance.org\/site\/2026\/04\/22\/proteger-les-zones-critiques-pour-la-biodiversite-de-la-predation-fossile\/\" aria-label=\"Prot\u00e9ger les zones critiques pour la biodiversit\u00e9 de la pr\u00e9dation fossile\"><\/a>\n\t<\/div>\n<\/div>\n<\/div>\n<\/li>\n\t\t\t\n\t\t\t\n\t\t\t\t\t\t\t\t<\/ul>\n\t<\/div>\n\t<div class=\"fusion-post-content-wrapper\" style=\"padding:30px 25px 20px 25px;\"><div class=\"fusion-post-content post-content\"><h3 class=\"blog-shortcode-post-title entry-title\"><a href=\"https:\/\/reclaimfinance.org\/site\/2026\/04\/22\/proteger-les-zones-critiques-pour-la-biodiversite-de-la-predation-fossile\/\">Prot\u00e9ger les zones critiques pour la biodiversit\u00e9 de la pr\u00e9dation fossile<\/a><\/h3><p class=\"fusion-single-line-meta\"><span class=\"vcard\" style=\"display: none;\"><span class=\"fn\"><a href=\"https:\/\/reclaimfinance.org\/site\/author\/aman\/\" title=\"Articles par Aatira\u00ef Manickawasagar\" rel=\"author\">Aatira\u00ef Manickawasagar<\/a><\/span><\/span><span class=\"updated\" style=\"display:none;\">2026-04-22T10:50:37+02:00<\/span><a href=\"https:\/\/reclaimfinance.org\/site\/category\/blog\/\" rel=\"category tag\">Articles<\/a><span class=\"fusion-inline-sep\">|<\/span><\/p><\/div><\/div><div class=\"fusion-clearfix\"><\/div><\/div>\n<\/article>\n<article id=\"blog-1-post-39543\" class=\"fusion-post-grid post-39543 post type-post status-publish format-standard has-post-thumbnail hentry category-blog acteurs_financiers-gestionnaire-dactifs thematique-energies-fossiles\">\n<div class=\"fusion-post-wrapper\" style=\"background-color:rgba(255,255,255,0);border:1px solid #2a2b3d;border-bottom-width:3px;\">\n\n\t\t\t<div class=\"fusion-flexslider flexslider fusion-flexslider-loading fusion-post-slideshow\" style=\"border-color:#2a2b3d;\">\n\t\t<ul class=\"slides\">\n\t\t\t\n\t\t\t\t\t\t\t\t\t\t\t\t\t\t<li><div  class=\"fusion-image-wrapper\" aria-haspopup=\"true\">\n\t\t\t\t<img decoding=\"async\" width=\"900\" height=\"400\" src=\"https:\/\/reclaimfinance.org\/site\/wp-content\/uploads\/2025\/11\/Amundi-investissement-fossile.png\" class=\"attachment-full size-full wp-post-image\" alt=\"\" \/><div class=\"fusion-rollover\">\n\t<div class=\"fusion-rollover-content\">\n\n\t\t\t\t\n\t\t\n\t\t\t\t\t\t\t\t\n\t\t\t\t\t\t\t\t\n\t\t\n\t\t\t\t\t\t<a class=\"fusion-link-wrapper\" href=\"https:\/\/reclaimfinance.org\/site\/2026\/04\/21\/epargne-salariale-amundi-addict-aux-fossiles-risque-limpasse\/\" aria-label=\"\u00c9pargne salariale : Amundi, addict aux fossiles, risque l\u2019impasse\"><\/a>\n\t<\/div>\n<\/div>\n<\/div>\n<\/li>\n\t\t\t\n\t\t\t\n\t\t\t\t\t\t\t\t<\/ul>\n\t<\/div>\n\t<div class=\"fusion-post-content-wrapper\" style=\"padding:30px 25px 20px 25px;\"><div class=\"fusion-post-content post-content\"><h3 class=\"blog-shortcode-post-title entry-title\"><a href=\"https:\/\/reclaimfinance.org\/site\/2026\/04\/21\/epargne-salariale-amundi-addict-aux-fossiles-risque-limpasse\/\">\u00c9pargne salariale : Amundi, addict aux fossiles, risque l\u2019impasse<\/a><\/h3><p class=\"fusion-single-line-meta\"><span class=\"vcard\" style=\"display: none;\"><span class=\"fn\"><a href=\"https:\/\/reclaimfinance.org\/site\/author\/aman\/\" title=\"Articles par Aatira\u00ef Manickawasagar\" rel=\"author\">Aatira\u00ef Manickawasagar<\/a><\/span><\/span><span class=\"updated\" style=\"display:none;\">2026-04-17T17:11:35+02:00<\/span><a href=\"https:\/\/reclaimfinance.org\/site\/category\/blog\/\" rel=\"category tag\">Articles<\/a><span class=\"fusion-inline-sep\">|<\/span><\/p><\/div><\/div><div class=\"fusion-clearfix\"><\/div><\/div>\n<\/article>\n<div class=\"fusion-clearfix\"><\/div><\/div><\/div><\/div><\/div><\/div><\/div><\/p>\n","protected":false},"excerpt":{"rendered":"","protected":false},"author":34,"featured_media":37005,"comment_status":"closed","ping_status":"open","sticky":false,"template":"","format":"standard","meta":{"footnotes":""},"categories":[45],"tags":[],"acteurs_financiers":[2446,2432,2434],"thematique":[2278,2502,2417],"webinar_type":[],"programme":[3731],"class_list":["post-39365","post","type-post","status-publish","format-standard","has-post-thumbnail","hentry","category-blog","acteurs_financiers-detenteurs-dactifs","acteurs_financiers-gestionnaire-dactifs","acteurs_financiers-investisseurs","thematique-charbon-fr-fr","thematique-finance-durable","thematique-petrole-et-gaz","programme-programme-3-fr"],"yoast_head":"<!-- This site is optimized with the Yoast SEO plugin v23.1 - https:\/\/yoast.com\/wordpress\/plugins\/seo\/ -->\n<title>Quand des investisseurs institutionnels montrent la voie pour faire \u00e9voluer les g\u00e9rants - Reclaim Finance<\/title>\n<meta name=\"description\" content=\"En 2025, plusieurs investisseurs institutionnels se sont mobilis\u00e9s de mani\u00e8re in\u00e9dite pour influencer leurs g\u00e9rants d&#039;actifs \u00e0 s&#039;am\u00e9liorer sur le climat.\" \/>\n<meta name=\"robots\" content=\"index, follow, max-snippet:-1, max-image-preview:large, max-video-preview:-1\" \/>\n<link rel=\"canonical\" href=\"https:\/\/reclaimfinance.org\/site\/2026\/03\/13\/quand-des-investisseurs-institutionnels-montrent-la-voie-pour-faire-evoluer-les-gerants\/\" \/>\n<meta property=\"og:locale\" content=\"fr_FR\" \/>\n<meta property=\"og:type\" content=\"article\" \/>\n<meta property=\"og:title\" content=\"Quand des investisseurs institutionnels montrent la voie pour faire \u00e9voluer les g\u00e9rants - Reclaim Finance\" \/>\n<meta property=\"og:description\" content=\"En 2025, plusieurs investisseurs institutionnels se sont mobilis\u00e9s de mani\u00e8re in\u00e9dite pour influencer leurs g\u00e9rants d&#039;actifs \u00e0 s&#039;am\u00e9liorer sur le climat.\" \/>\n<meta property=\"og:url\" content=\"https:\/\/reclaimfinance.org\/site\/2026\/03\/13\/quand-des-investisseurs-institutionnels-montrent-la-voie-pour-faire-evoluer-les-gerants\/\" \/>\n<meta property=\"og:site_name\" content=\"Reclaim Finance\" \/>\n<meta property=\"article:publisher\" content=\"https:\/\/www.facebook.com\/ReclaimFinanceONG\" \/>\n<meta property=\"article:published_time\" content=\"2026-03-13T07:00:31+00:00\" \/>\n<meta property=\"article:modified_time\" content=\"2026-04-01T15:33:05+00:00\" \/>\n<meta property=\"og:image\" content=\"https:\/\/reclaimfinance.org\/site\/wp-content\/uploads\/2025\/07\/Retraite-investissements.png\" \/>\n\t<meta property=\"og:image:width\" content=\"1125\" \/>\n\t<meta property=\"og:image:height\" content=\"500\" \/>\n\t<meta property=\"og:image:type\" content=\"image\/png\" \/>\n<meta name=\"author\" content=\"Agathe Masson\" \/>\n<meta name=\"twitter:card\" content=\"summary_large_image\" \/>\n<meta name=\"twitter:creator\" content=\"@ReclaimFinance\" \/>\n<meta name=\"twitter:site\" content=\"@ReclaimFinance\" \/>\n<meta name=\"twitter:label1\" content=\"\u00c9crit par\" \/>\n\t<meta name=\"twitter:data1\" content=\"Agathe Masson\" \/>\n\t<meta name=\"twitter:label2\" content=\"Dur\u00e9e de lecture estim\u00e9e\" \/>\n\t<meta name=\"twitter:data2\" content=\"7 minutes\" \/>\n<script type=\"application\/ld+json\" class=\"yoast-schema-graph\">{\"@context\":\"https:\/\/schema.org\",\"@graph\":[{\"@type\":\"Article\",\"@id\":\"https:\/\/reclaimfinance.org\/site\/2026\/03\/13\/quand-des-investisseurs-institutionnels-montrent-la-voie-pour-faire-evoluer-les-gerants\/#article\",\"isPartOf\":{\"@id\":\"https:\/\/reclaimfinance.org\/site\/2026\/03\/13\/quand-des-investisseurs-institutionnels-montrent-la-voie-pour-faire-evoluer-les-gerants\/\"},\"author\":{\"name\":\"Agathe Masson\",\"@id\":\"https:\/\/reclaimfinance.org\/site\/#\/schema\/person\/fbd690fc8ee8e942328b8fae7802cd51\"},\"headline\":\"Quand des investisseurs institutionnels montrent la voie pour faire \u00e9voluer les g\u00e9rants\",\"datePublished\":\"2026-03-13T07:00:31+00:00\",\"dateModified\":\"2026-04-01T15:33:05+00:00\",\"mainEntityOfPage\":{\"@id\":\"https:\/\/reclaimfinance.org\/site\/2026\/03\/13\/quand-des-investisseurs-institutionnels-montrent-la-voie-pour-faire-evoluer-les-gerants\/\"},\"wordCount\":3305,\"publisher\":{\"@id\":\"https:\/\/reclaimfinance.org\/site\/#organization\"},\"image\":{\"@id\":\"https:\/\/reclaimfinance.org\/site\/2026\/03\/13\/quand-des-investisseurs-institutionnels-montrent-la-voie-pour-faire-evoluer-les-gerants\/#primaryimage\"},\"thumbnailUrl\":\"https:\/\/reclaimfinance.org\/site\/wp-content\/uploads\/2025\/07\/Retraite-investissements.png\",\"articleSection\":[\"Articles\"],\"inLanguage\":\"fr-FR\"},{\"@type\":\"WebPage\",\"@id\":\"https:\/\/reclaimfinance.org\/site\/2026\/03\/13\/quand-des-investisseurs-institutionnels-montrent-la-voie-pour-faire-evoluer-les-gerants\/\",\"url\":\"https:\/\/reclaimfinance.org\/site\/2026\/03\/13\/quand-des-investisseurs-institutionnels-montrent-la-voie-pour-faire-evoluer-les-gerants\/\",\"name\":\"Quand des investisseurs institutionnels montrent la voie pour faire \u00e9voluer les g\u00e9rants - Reclaim Finance\",\"isPartOf\":{\"@id\":\"https:\/\/reclaimfinance.org\/site\/#website\"},\"primaryImageOfPage\":{\"@id\":\"https:\/\/reclaimfinance.org\/site\/2026\/03\/13\/quand-des-investisseurs-institutionnels-montrent-la-voie-pour-faire-evoluer-les-gerants\/#primaryimage\"},\"image\":{\"@id\":\"https:\/\/reclaimfinance.org\/site\/2026\/03\/13\/quand-des-investisseurs-institutionnels-montrent-la-voie-pour-faire-evoluer-les-gerants\/#primaryimage\"},\"thumbnailUrl\":\"https:\/\/reclaimfinance.org\/site\/wp-content\/uploads\/2025\/07\/Retraite-investissements.png\",\"datePublished\":\"2026-03-13T07:00:31+00:00\",\"dateModified\":\"2026-04-01T15:33:05+00:00\",\"description\":\"En 2025, plusieurs investisseurs institutionnels se sont mobilis\u00e9s de mani\u00e8re in\u00e9dite pour influencer leurs g\u00e9rants d'actifs \u00e0 s'am\u00e9liorer sur le climat.\",\"breadcrumb\":{\"@id\":\"https:\/\/reclaimfinance.org\/site\/2026\/03\/13\/quand-des-investisseurs-institutionnels-montrent-la-voie-pour-faire-evoluer-les-gerants\/#breadcrumb\"},\"inLanguage\":\"fr-FR\",\"potentialAction\":[{\"@type\":\"ReadAction\",\"target\":[\"https:\/\/reclaimfinance.org\/site\/2026\/03\/13\/quand-des-investisseurs-institutionnels-montrent-la-voie-pour-faire-evoluer-les-gerants\/\"]}]},{\"@type\":\"ImageObject\",\"inLanguage\":\"fr-FR\",\"@id\":\"https:\/\/reclaimfinance.org\/site\/2026\/03\/13\/quand-des-investisseurs-institutionnels-montrent-la-voie-pour-faire-evoluer-les-gerants\/#primaryimage\",\"url\":\"https:\/\/reclaimfinance.org\/site\/wp-content\/uploads\/2025\/07\/Retraite-investissements.png\",\"contentUrl\":\"https:\/\/reclaimfinance.org\/site\/wp-content\/uploads\/2025\/07\/Retraite-investissements.png\",\"width\":1125,\"height\":500},{\"@type\":\"BreadcrumbList\",\"@id\":\"https:\/\/reclaimfinance.org\/site\/2026\/03\/13\/quand-des-investisseurs-institutionnels-montrent-la-voie-pour-faire-evoluer-les-gerants\/#breadcrumb\",\"itemListElement\":[{\"@type\":\"ListItem\",\"position\":1,\"name\":\"Accueil\",\"item\":\"https:\/\/reclaimfinance.org\/site\/\"},{\"@type\":\"ListItem\",\"position\":2,\"name\":\"Quand des investisseurs institutionnels montrent la voie pour faire \u00e9voluer les g\u00e9rants\"}]},{\"@type\":\"WebSite\",\"@id\":\"https:\/\/reclaimfinance.org\/site\/#website\",\"url\":\"https:\/\/reclaimfinance.org\/site\/\",\"name\":\"Reclaim Finance\",\"description\":\"Reprendre le contr\u00f4le de la finance pour le climat et la biodiversit\u00e9\",\"publisher\":{\"@id\":\"https:\/\/reclaimfinance.org\/site\/#organization\"},\"potentialAction\":[{\"@type\":\"SearchAction\",\"target\":{\"@type\":\"EntryPoint\",\"urlTemplate\":\"https:\/\/reclaimfinance.org\/site\/?s={search_term_string}\"},\"query-input\":\"required name=search_term_string\"}],\"inLanguage\":\"fr-FR\"},{\"@type\":\"Organization\",\"@id\":\"https:\/\/reclaimfinance.org\/site\/#organization\",\"name\":\"Reclaim Finance\",\"url\":\"https:\/\/reclaimfinance.org\/site\/\",\"logo\":{\"@type\":\"ImageObject\",\"inLanguage\":\"fr-FR\",\"@id\":\"https:\/\/reclaimfinance.org\/site\/#\/schema\/logo\/image\/\",\"url\":\"https:\/\/reclaimfinance.org\/site\/wp-content\/uploads\/2020\/03\/logo_RC_space.png\",\"contentUrl\":\"https:\/\/reclaimfinance.org\/site\/wp-content\/uploads\/2020\/03\/logo_RC_space.png\",\"width\":800,\"height\":800,\"caption\":\"Reclaim Finance\"},\"image\":{\"@id\":\"https:\/\/reclaimfinance.org\/site\/#\/schema\/logo\/image\/\"},\"sameAs\":[\"https:\/\/www.facebook.com\/ReclaimFinanceONG\",\"https:\/\/x.com\/ReclaimFinance\",\"https:\/\/www.instagram.com\/reclaimfinance\/\",\"https:\/\/www.linkedin.com\/company\/reclaim-finance-ong-think-tank\"]},{\"@type\":\"Person\",\"@id\":\"https:\/\/reclaimfinance.org\/site\/#\/schema\/person\/fbd690fc8ee8e942328b8fae7802cd51\",\"name\":\"Agathe Masson\",\"image\":{\"@type\":\"ImageObject\",\"inLanguage\":\"fr-FR\",\"@id\":\"https:\/\/reclaimfinance.org\/site\/#\/schema\/person\/image\/\",\"url\":\"https:\/\/secure.gravatar.com\/avatar\/c5d18d4d1c744da37a40e6285e052ff3?s=96&d=mm&r=g\",\"contentUrl\":\"https:\/\/secure.gravatar.com\/avatar\/c5d18d4d1c744da37a40e6285e052ff3?s=96&d=mm&r=g\",\"caption\":\"Agathe Masson\"},\"url\":\"https:\/\/reclaimfinance.org\/site\/author\/amas\/\"}]}<\/script>\n<!-- \/ Yoast SEO plugin. -->","yoast_head_json":{"title":"Quand des investisseurs institutionnels montrent la voie pour faire \u00e9voluer les g\u00e9rants - Reclaim Finance","description":"En 2025, plusieurs investisseurs institutionnels se sont mobilis\u00e9s de mani\u00e8re in\u00e9dite pour influencer leurs g\u00e9rants d'actifs \u00e0 s'am\u00e9liorer sur le climat.","robots":{"index":"index","follow":"follow","max-snippet":"max-snippet:-1","max-image-preview":"max-image-preview:large","max-video-preview":"max-video-preview:-1"},"canonical":"https:\/\/reclaimfinance.org\/site\/2026\/03\/13\/quand-des-investisseurs-institutionnels-montrent-la-voie-pour-faire-evoluer-les-gerants\/","og_locale":"fr_FR","og_type":"article","og_title":"Quand des investisseurs institutionnels montrent la voie pour faire \u00e9voluer les g\u00e9rants - Reclaim Finance","og_description":"En 2025, plusieurs investisseurs institutionnels se sont mobilis\u00e9s de mani\u00e8re in\u00e9dite pour influencer leurs g\u00e9rants d'actifs \u00e0 s'am\u00e9liorer sur le climat.","og_url":"https:\/\/reclaimfinance.org\/site\/2026\/03\/13\/quand-des-investisseurs-institutionnels-montrent-la-voie-pour-faire-evoluer-les-gerants\/","og_site_name":"Reclaim Finance","article_publisher":"https:\/\/www.facebook.com\/ReclaimFinanceONG","article_published_time":"2026-03-13T07:00:31+00:00","article_modified_time":"2026-04-01T15:33:05+00:00","og_image":[{"width":1125,"height":500,"url":"https:\/\/reclaimfinance.org\/site\/wp-content\/uploads\/2025\/07\/Retraite-investissements.png","type":"image\/png"}],"author":"Agathe Masson","twitter_card":"summary_large_image","twitter_creator":"@ReclaimFinance","twitter_site":"@ReclaimFinance","twitter_misc":{"\u00c9crit par":"Agathe Masson","Dur\u00e9e de lecture estim\u00e9e":"7 minutes"},"schema":{"@context":"https:\/\/schema.org","@graph":[{"@type":"Article","@id":"https:\/\/reclaimfinance.org\/site\/2026\/03\/13\/quand-des-investisseurs-institutionnels-montrent-la-voie-pour-faire-evoluer-les-gerants\/#article","isPartOf":{"@id":"https:\/\/reclaimfinance.org\/site\/2026\/03\/13\/quand-des-investisseurs-institutionnels-montrent-la-voie-pour-faire-evoluer-les-gerants\/"},"author":{"name":"Agathe Masson","@id":"https:\/\/reclaimfinance.org\/site\/#\/schema\/person\/fbd690fc8ee8e942328b8fae7802cd51"},"headline":"Quand des investisseurs institutionnels montrent la voie pour faire \u00e9voluer les g\u00e9rants","datePublished":"2026-03-13T07:00:31+00:00","dateModified":"2026-04-01T15:33:05+00:00","mainEntityOfPage":{"@id":"https:\/\/reclaimfinance.org\/site\/2026\/03\/13\/quand-des-investisseurs-institutionnels-montrent-la-voie-pour-faire-evoluer-les-gerants\/"},"wordCount":3305,"publisher":{"@id":"https:\/\/reclaimfinance.org\/site\/#organization"},"image":{"@id":"https:\/\/reclaimfinance.org\/site\/2026\/03\/13\/quand-des-investisseurs-institutionnels-montrent-la-voie-pour-faire-evoluer-les-gerants\/#primaryimage"},"thumbnailUrl":"https:\/\/reclaimfinance.org\/site\/wp-content\/uploads\/2025\/07\/Retraite-investissements.png","articleSection":["Articles"],"inLanguage":"fr-FR"},{"@type":"WebPage","@id":"https:\/\/reclaimfinance.org\/site\/2026\/03\/13\/quand-des-investisseurs-institutionnels-montrent-la-voie-pour-faire-evoluer-les-gerants\/","url":"https:\/\/reclaimfinance.org\/site\/2026\/03\/13\/quand-des-investisseurs-institutionnels-montrent-la-voie-pour-faire-evoluer-les-gerants\/","name":"Quand des investisseurs institutionnels montrent la voie pour faire \u00e9voluer les g\u00e9rants - Reclaim Finance","isPartOf":{"@id":"https:\/\/reclaimfinance.org\/site\/#website"},"primaryImageOfPage":{"@id":"https:\/\/reclaimfinance.org\/site\/2026\/03\/13\/quand-des-investisseurs-institutionnels-montrent-la-voie-pour-faire-evoluer-les-gerants\/#primaryimage"},"image":{"@id":"https:\/\/reclaimfinance.org\/site\/2026\/03\/13\/quand-des-investisseurs-institutionnels-montrent-la-voie-pour-faire-evoluer-les-gerants\/#primaryimage"},"thumbnailUrl":"https:\/\/reclaimfinance.org\/site\/wp-content\/uploads\/2025\/07\/Retraite-investissements.png","datePublished":"2026-03-13T07:00:31+00:00","dateModified":"2026-04-01T15:33:05+00:00","description":"En 2025, plusieurs investisseurs institutionnels se sont mobilis\u00e9s de mani\u00e8re in\u00e9dite pour influencer leurs g\u00e9rants d'actifs \u00e0 s'am\u00e9liorer sur le climat.","breadcrumb":{"@id":"https:\/\/reclaimfinance.org\/site\/2026\/03\/13\/quand-des-investisseurs-institutionnels-montrent-la-voie-pour-faire-evoluer-les-gerants\/#breadcrumb"},"inLanguage":"fr-FR","potentialAction":[{"@type":"ReadAction","target":["https:\/\/reclaimfinance.org\/site\/2026\/03\/13\/quand-des-investisseurs-institutionnels-montrent-la-voie-pour-faire-evoluer-les-gerants\/"]}]},{"@type":"ImageObject","inLanguage":"fr-FR","@id":"https:\/\/reclaimfinance.org\/site\/2026\/03\/13\/quand-des-investisseurs-institutionnels-montrent-la-voie-pour-faire-evoluer-les-gerants\/#primaryimage","url":"https:\/\/reclaimfinance.org\/site\/wp-content\/uploads\/2025\/07\/Retraite-investissements.png","contentUrl":"https:\/\/reclaimfinance.org\/site\/wp-content\/uploads\/2025\/07\/Retraite-investissements.png","width":1125,"height":500},{"@type":"BreadcrumbList","@id":"https:\/\/reclaimfinance.org\/site\/2026\/03\/13\/quand-des-investisseurs-institutionnels-montrent-la-voie-pour-faire-evoluer-les-gerants\/#breadcrumb","itemListElement":[{"@type":"ListItem","position":1,"name":"Accueil","item":"https:\/\/reclaimfinance.org\/site\/"},{"@type":"ListItem","position":2,"name":"Quand des investisseurs institutionnels montrent la voie pour faire \u00e9voluer les g\u00e9rants"}]},{"@type":"WebSite","@id":"https:\/\/reclaimfinance.org\/site\/#website","url":"https:\/\/reclaimfinance.org\/site\/","name":"Reclaim Finance","description":"Reprendre le contr\u00f4le de la finance pour le climat et la biodiversit\u00e9","publisher":{"@id":"https:\/\/reclaimfinance.org\/site\/#organization"},"potentialAction":[{"@type":"SearchAction","target":{"@type":"EntryPoint","urlTemplate":"https:\/\/reclaimfinance.org\/site\/?s={search_term_string}"},"query-input":"required name=search_term_string"}],"inLanguage":"fr-FR"},{"@type":"Organization","@id":"https:\/\/reclaimfinance.org\/site\/#organization","name":"Reclaim Finance","url":"https:\/\/reclaimfinance.org\/site\/","logo":{"@type":"ImageObject","inLanguage":"fr-FR","@id":"https:\/\/reclaimfinance.org\/site\/#\/schema\/logo\/image\/","url":"https:\/\/reclaimfinance.org\/site\/wp-content\/uploads\/2020\/03\/logo_RC_space.png","contentUrl":"https:\/\/reclaimfinance.org\/site\/wp-content\/uploads\/2020\/03\/logo_RC_space.png","width":800,"height":800,"caption":"Reclaim Finance"},"image":{"@id":"https:\/\/reclaimfinance.org\/site\/#\/schema\/logo\/image\/"},"sameAs":["https:\/\/www.facebook.com\/ReclaimFinanceONG","https:\/\/x.com\/ReclaimFinance","https:\/\/www.instagram.com\/reclaimfinance\/","https:\/\/www.linkedin.com\/company\/reclaim-finance-ong-think-tank"]},{"@type":"Person","@id":"https:\/\/reclaimfinance.org\/site\/#\/schema\/person\/fbd690fc8ee8e942328b8fae7802cd51","name":"Agathe Masson","image":{"@type":"ImageObject","inLanguage":"fr-FR","@id":"https:\/\/reclaimfinance.org\/site\/#\/schema\/person\/image\/","url":"https:\/\/secure.gravatar.com\/avatar\/c5d18d4d1c744da37a40e6285e052ff3?s=96&d=mm&r=g","contentUrl":"https:\/\/secure.gravatar.com\/avatar\/c5d18d4d1c744da37a40e6285e052ff3?s=96&d=mm&r=g","caption":"Agathe Masson"},"url":"https:\/\/reclaimfinance.org\/site\/author\/amas\/"}]}},"_links":{"self":[{"href":"https:\/\/reclaimfinance.org\/site\/wp-json\/wp\/v2\/posts\/39365"}],"collection":[{"href":"https:\/\/reclaimfinance.org\/site\/wp-json\/wp\/v2\/posts"}],"about":[{"href":"https:\/\/reclaimfinance.org\/site\/wp-json\/wp\/v2\/types\/post"}],"author":[{"embeddable":true,"href":"https:\/\/reclaimfinance.org\/site\/wp-json\/wp\/v2\/users\/34"}],"replies":[{"embeddable":true,"href":"https:\/\/reclaimfinance.org\/site\/wp-json\/wp\/v2\/comments?post=39365"}],"version-history":[{"count":12,"href":"https:\/\/reclaimfinance.org\/site\/wp-json\/wp\/v2\/posts\/39365\/revisions"}],"predecessor-version":[{"id":39479,"href":"https:\/\/reclaimfinance.org\/site\/wp-json\/wp\/v2\/posts\/39365\/revisions\/39479"}],"wp:featuredmedia":[{"embeddable":true,"href":"https:\/\/reclaimfinance.org\/site\/wp-json\/wp\/v2\/media\/37005"}],"wp:attachment":[{"href":"https:\/\/reclaimfinance.org\/site\/wp-json\/wp\/v2\/media?parent=39365"}],"wp:term":[{"taxonomy":"category","embeddable":true,"href":"https:\/\/reclaimfinance.org\/site\/wp-json\/wp\/v2\/categories?post=39365"},{"taxonomy":"post_tag","embeddable":true,"href":"https:\/\/reclaimfinance.org\/site\/wp-json\/wp\/v2\/tags?post=39365"},{"taxonomy":"acteurs_financiers","embeddable":true,"href":"https:\/\/reclaimfinance.org\/site\/wp-json\/wp\/v2\/acteurs_financiers?post=39365"},{"taxonomy":"thematique","embeddable":true,"href":"https:\/\/reclaimfinance.org\/site\/wp-json\/wp\/v2\/thematique?post=39365"},{"taxonomy":"webinar_type","embeddable":true,"href":"https:\/\/reclaimfinance.org\/site\/wp-json\/wp\/v2\/webinar_type?post=39365"},{"taxonomy":"programme","embeddable":true,"href":"https:\/\/reclaimfinance.org\/site\/wp-json\/wp\/v2\/programme?post=39365"}],"curies":[{"name":"wp","href":"https:\/\/api.w.org\/{rel}","templated":true}]}}