{"id":9431,"date":"2021-03-04T16:54:30","date_gmt":"2021-03-04T15:54:30","guid":{"rendered":"https:\/\/reclaimfinance.org\/site\/?p=9431"},"modified":"2023-02-28T17:34:24","modified_gmt":"2023-02-28T16:34:24","slug":"aviva-manque-l-occasion-d-adopter-une-politique-fossile-ambitieuse","status":"publish","type":"post","link":"https:\/\/reclaimfinance.org\/site\/2021\/03\/04\/aviva-manque-l-occasion-d-adopter-une-politique-fossile-ambitieuse\/","title":{"rendered":"Aviva manque l\u2019occasion d\u2019adopter une politique fossile ambitieuse"},"content":{"rendered":"<div class=\"fusion-fullwidth fullwidth-box fusion-builder-row-1 nonhundred-percent-fullwidth non-hundred-percent-height-scrolling\" style=\"--awb-border-radius-top-left:0px;--awb-border-radius-top-right:0px;--awb-border-radius-bottom-right:0px;--awb-border-radius-bottom-left:0px;--awb-flex-wrap:wrap;\" ><div class=\"fusion-builder-row fusion-row\"><div class=\"fusion-layout-column fusion_builder_column fusion-builder-column-0 fusion_builder_column_1_1 1_1 fusion-one-full fusion-column-first fusion-column-last\" style=\"--awb-bg-size:cover;\"><div class=\"fusion-column-wrapper fusion-column-has-shadow fusion-flex-column-wrapper-legacy\"><div class=\"fusion-text fusion-text-1\"><p><b style=\"color: #8ac56b;\">Aviva, le g\u00e9ant britannique de l\u2019assurance, a publi\u00e9 de nouveaux engagements en <span style=\"color: #8ac56b;\">mati\u00e8re<\/span> climatique. Aviva a notamment adopt\u00e9 un objectif net-z\u00e9ro \u00e0 l\u2019horizon 2040 et r\u00e9vis\u00e9 \u00e0 la<span style=\"color: #8ac56b;\"> <span style=\"color: #8ac56b;\">hausse ceux<\/span> <\/span>sur le charbon, le p\u00e9trole et le gaz. Reclaim Finance salue l\u2019adoption d\u2019un seuil d\u2019exclusion aussi strict pour le charbon et les \u00e9nergies fossiles non conventionnelles.<\/b><\/p>\n<p><span style=\"font-weight: 400;\">Mais la politique ouvre une \u00e9chappatoire de taille, li\u00e9e au SBTi et qui affecte consid\u00e9rablement son impact imm\u00e9diat. Aviva doit imm\u00e9diatement d\u00e9sinvestir de tous les d\u00e9veloppeurs de nouveaux projets d\u2019\u00e9nergies fossiles s\u2019il entend \u00eatre un v\u00e9ritable leader sur le climat. <\/span><\/p>\n<p style=\"text-align: justify;\"><b style=\"color: var(--body_typography-color); font-family: var(--body_typography-font-family); font-size: var(--body_typography-font-size); font-style: var(--body_typography-font-style,normal); letter-spacing: var(--body_typography-letter-spacing);\"><span style=\"color: #59bc6d;\">1. <\/span><span style=\"color: #e5e3e3;\"><strong><span style=\"color: #59bc6d;\"><span style=\"color: #59bc6d;\">Ce qui est nouveau<\/span><\/span><\/strong><\/span><\/b><\/p>\n<p><span style=\"font-weight: 400;\">Aviva a pr\u00e9sent\u00e9 des nouvelles mesures climatiques sur ses activit\u00e9s d\u2019assurances et sur ses propres investissements : <\/span><\/p>\n<ul>\n<li style=\"font-weight: 400;\" aria-level=\"1\"><span style=\"font-weight: 400;\">Sur le charbon <\/span>\n<ul>\n<li style=\"font-weight: 400;\" aria-level=\"2\"><span style=\"font-weight: 400;\">Sur l\u2019assurance : <\/span>\n<ul>\n<li style=\"font-weight: 400;\" aria-level=\"3\"><span style=\"font-weight: 400;\">Fin imm\u00e9diate des couvertures \u00e0 de nouvelles mines de charbon <\/span><\/li>\n<li style=\"font-weight: 400;\" aria-level=\"3\"><span style=\"font-weight: 400;\">Exclusion imm\u00e9diate des entreprises qui tirent plus de 20% de leurs revenus ou de leur production d\u2019\u00e9lectricit\u00e9 du charbon thermique. <\/span><\/li>\n<li style=\"font-weight: 400;\" aria-level=\"3\"><span style=\"font-weight: 400;\">Exclusion \u00e0 partir de 2022 des entreprises qui tirent plus de 5% de leurs revenus ou de leur production d&rsquo;\u00e9lectricit\u00e9 du charbon thermique <\/span><\/li>\n<\/ul>\n<\/li>\n<\/ul>\n<\/li>\n<\/ul>\n<ul>\n<li style=\"font-weight: 400;\" aria-level=\"2\"><span style=\"font-weight: 400;\">Sur ses propres investissements <\/span>\n<ul>\n<li style=\"font-weight: 400;\" aria-level=\"3\"><span style=\"font-weight: 400;\">D\u00e9sinvestissement \u00e0 partir de 2023 des actions d\u2019entreprises dont plus de 5 % des revenus ou de la production d&rsquo;\u00e9lectricit\u00e9 proviennent du charbon thermique, \u00e0 l&rsquo;exception des soci\u00e9t\u00e9s signataires de l&rsquo;initiative \u00ab\u00a0Science Based Target\u00a0\u00bb (SBTi). Les obligations sont gard\u00e9es jusqu\u2019\u00e0 leur maturit\u00e9. <\/span><\/li>\n<\/ul>\n<\/li>\n<\/ul>\n<ul>\n<li style=\"font-weight: 400;\" aria-level=\"1\"><span style=\"font-weight: 400;\">Sur le p\u00e9trole et le gaz <\/span>\n<ul>\n<li style=\"font-weight: 400;\" aria-level=\"2\"><span style=\"font-weight: 400;\">Sur l\u2019assurance <\/span>\n<ul>\n<li style=\"font-weight: 400;\" aria-level=\"3\"><span style=\"font-weight: 400;\">Exclusion imm\u00e9diate des entreprises dont plus de 20 % des r\u00e9serves sont constitu\u00e9es de combustibles fossiles non conventionnels<\/span><\/li>\n<li style=\"font-weight: 400;\" aria-level=\"3\"><span style=\"font-weight: 400;\">Exclusion en 2022 des entreprises ayant plus de 5% de leurs r\u00e9serves en combustibles fossiles non conventionnels<\/span><\/li>\n<\/ul>\n<\/li>\n<\/ul>\n<\/li>\n<\/ul>\n<div>\n<p style=\"text-align: justify;\"><strong><span style=\"color: #59bc6d;\">2. <\/span><span class=\"TextRun SCXW224577788 BCX0\" lang=\"FR-FR\" xml:lang=\"FR-FR\" data-contrast=\"auto\"><span class=\"NormalTextRun SCXW224577788 BCX0\" style=\"color: #59bc6d;\">Notre analyse<\/span><\/span><\/strong><\/p>\n<ol>\n<li style=\"font-weight: 400;\" aria-level=\"2\"><span style=\"font-weight: 400;\">Sur le charbon <\/span><\/li>\n<\/ol>\n<p><span style=\"font-weight: 400;\">Au niveau des soutiens directs \u00e0 des nouveaux projets, <\/span><span style=\"font-weight: 400;\">Aviva \u00e9tend son engagement pr\u00e9alable de ne pas assurer de nouvelles centrales \u00e0 charbon aux mines de charbon, mais ne va pas jusqu\u2019\u00e0 exclure les <\/span><span style=\"font-weight: 400;\">infrastructures comme les voies ferr\u00e9es ou terminaux portuaires, <\/span><span style=\"font-weight: 400;\">comme l\u2019a fait AXA. Toutefois, l\u2019exposition r\u00e9elle d\u2019Aviva aux \u00e9nergies fossiles via ses activit\u00e9s d\u2019assurance reste incertaine, et l\u2019impact r\u00e9el de ces mesures reste difficile \u00e0 \u00e9valuer. Aviva devrait clarifier sans ambigu\u00eft\u00e9 s\u2019il assure ou non le secteur du charbon, sur toute la cha\u00eene de valeur. <\/span><\/p>\n<p><span style=\"font-weight: 400;\">Au niveau de<\/span><span style=\"font-weight: 400;\">s soutiens aux entreprises,<\/span><span style=\"font-weight: 400;\"> les seuils d&rsquo;exclusion de 5 % d&rsquo;Aviva, tant du c\u00f4t\u00e9 des assurances que pour ses propres investissements, auraient \u00e9t\u00e9 consid\u00e9r\u00e9s comme tr\u00e8s stricts et comme une am\u00e9lioration significative s&rsquo;il n&rsquo;y avait pas eu une faille tr\u00e8s importante : le g\u00e9ant financier britannique pr\u00e9voit de continuer \u00e0 assurer et \u00e0 investir dans les entreprises qui ont sign\u00e9 l&rsquo;initiative Science Based Target (SBTi). Il s&rsquo;agit d&rsquo;une lacune majeure apr\u00e8s un tr\u00e8s mauvais pr\u00e9c\u00e9dent avec l&rsquo;entreprise allemande RWE qui a vu son objectif climatique valid\u00e9 par le SBTi en d\u00e9cembre dernier malgr\u00e9 le fait qu\u2019elle continue de br\u00fbler du charbon jusqu&rsquo;en 2038, soit huit ans plus tard que l&rsquo;\u00e9ch\u00e9ance de 2030 requise par la science &#8211; une \u00e9ch\u00e9ance \u00e9galement approuv\u00e9e par la Powering Past Coal Alliance (PPCA) et la Net Zero Asset Owner Alliance (NZAOA), deux initiatives dont Aviva est membre. RWE poursuit m\u00eame le gouvernement n\u00e9erlandais pour sa d\u00e9cision de sortir du charbon d&rsquo;ici 2030, demandant 1,4 milliard d&rsquo;euros de compensation sur la base du controvers\u00e9 trait\u00e9 sur la Charte de l&rsquo;\u00e9nergie. <\/span><\/p>\n<p><span style=\"font-weight: 400;\">Au lieu de s&rsquo;appuyer sur le SBTi pour de telles exceptions, Aviva devrait exiger un plan d\u00e9taill\u00e9 de retrait progressif du charbon des entreprises restant dans son portefeuille, dans les d\u00e9lais indiqu\u00e9s ci-dessus, comme le font de nombreux investissemeurs tels qu\u2019Ostrum AM. Ce serait la seule solution possible pour \u00e9viter la situation actuelle o\u00f9, malgr\u00e9 ses engagements envers le PPCA et le NZAOA et leurs \u00e9ch\u00e9ances mentionn\u00e9es ci-dessus, Aviva continue d&rsquo;investir dans des entreprises qui n&rsquo;ont pas de plans de retrait du charbon.<\/span><\/p>\n<p><span style=\"font-weight: 400;\">Un autre d\u00e9faut majeur de la nouvelle politique est le calendrier de sa mise en \u0153uvre. Le seuil d&rsquo;exclusion de 5 % ne sera appliqu\u00e9 de mani\u00e8re stricte qu&rsquo;\u00e0 partir de 2023, soit dans pr\u00e8s de deux ans, ce qui est beaucoup trop tard compte tenu de l&rsquo;urgence climatique \u00e0 laquelle nous sommes confront\u00e9s. Dans le m\u00eame temps, Aviva pourra toujours investir dans les 437 entreprises qui d\u00e9veloppent de nouveaux projets, comme le groupe Adani, dans lequel elle d\u00e9tenait r\u00e9cemment pr\u00e8s de 11 millions de dollars de parts. Leur exclusion est pourtant une \u00e9vidence tant l\u2019incompatibilit\u00e9 de ces nouveaux projets avec les objectifs climatique est connue depuis des ann\u00e9es. Par ailleurs, l&rsquo;assureur britannique pourra \u00e9galement continuer \u00e0 investir dans les plus gros acteurs du charbon, comme Duke Energy (93 millions de dollars), Glencore (60 millions de dollars) ou PGE (46 millions de dollars).<\/span><\/p>\n<p><span style=\"font-weight: 400;\">Une derni\u00e8re faille majeure de la politique est que toutes les annonces faites ne couvrent pas les obligations existantes, qui ne seront pas c\u00e9d\u00e9es, contrairement aux actions ; ni les actifs g\u00e9r\u00e9s pour des tiers par Aviva Investors, qui repr\u00e9sentent 20 % de ses actifs sous gestion.<\/span><\/p>\n<\/div>\n<p style=\"text-align: center;\"><strong>Les scores d&rsquo;Aviva dans le Coal Policy Tool<\/strong><\/p>\n<\/div><div class=\"fusion-image-element fusion-image-align-center in-legacy-container\" style=\"text-align:center;--awb-max-width:800px;--awb-caption-title-font-family:var(--h2_typography-font-family);--awb-caption-title-font-weight:var(--h2_typography-font-weight);--awb-caption-title-font-style:var(--h2_typography-font-style);--awb-caption-title-size:var(--h2_typography-font-size);--awb-caption-title-transform:var(--h2_typography-text-transform);--awb-caption-title-line-height:var(--h2_typography-line-height);--awb-caption-title-letter-spacing:var(--h2_typography-letter-spacing);\"><div class=\"imageframe-align-center\"><span class=\" fusion-imageframe imageframe-none imageframe-1 hover-type-none\"><a class=\"fusion-no-lightbox\" href=\"http:\/\/coalpolicytool.org\" target=\"_blank\" aria-label=\"Aviva Insurer FR\" rel=\"noopener noreferrer\"><img decoding=\"async\" width=\"900\" height=\"400\" src=\"https:\/\/reclaimfinance.org\/site\/wp-content\/uploads\/2022\/06\/Aviva-Insurer-FR.png\" alt class=\"img-responsive wp-image-22099\" srcset=\"https:\/\/reclaimfinance.org\/site\/wp-content\/uploads\/2022\/06\/Aviva-Insurer-FR-200x89.png 200w, https:\/\/reclaimfinance.org\/site\/wp-content\/uploads\/2022\/06\/Aviva-Insurer-FR-400x178.png 400w, https:\/\/reclaimfinance.org\/site\/wp-content\/uploads\/2022\/06\/Aviva-Insurer-FR-600x267.png 600w, https:\/\/reclaimfinance.org\/site\/wp-content\/uploads\/2022\/06\/Aviva-Insurer-FR-800x356.png 800w, https:\/\/reclaimfinance.org\/site\/wp-content\/uploads\/2022\/06\/Aviva-Insurer-FR.png 900w\" sizes=\"(max-width: 800px) 100vw, 900px\" \/><\/a><\/span><\/div><\/div><div class=\"fusion-text fusion-text-2\"><p style=\"text-align: center;\"><i>Ce tableau pr\u00e9sente les scores de la politique charbon d&rsquo;Aviva sur 5 crit\u00e8res du Coal Policy Tool <\/i><\/p>\n<\/div><div class=\"fusion-text fusion-text-3\"><p><span style=\"font-weight: 400;\"> 2. Sur le p\u00e9trole et le gaz<\/span><\/p>\n<p><span style=\"font-weight: 400;\">Aviva avait d\u00e9j\u00e0 fait <\/span><span style=\"text-decoration: underline;\"><span style=\"font-weight: 400;\"><a href=\"https:\/\/reclaimfinance.org\/site\/2021\/02\/04\/lannonce-daviva-rien-de-nouveau-sous-le-soleil\/\" target=\"_blank\" rel=\"noopener noreferrer\">quelques annonces sur le p\u00e9trole et le gaz le mois dernier<\/a><\/span><\/span><span style=\"font-weight: 400;\"> et les mesures d&rsquo;aujourd\u2019hui se concentrent sur les non conventionnels &#8211; qu\u2019elle ne d\u00e9finit pas. <\/span><span style=\"font-weight: 400;\">Aviva n&rsquo;explique pas non plus si la mesure couvre l&rsquo;ensemble de la cha\u00eene de valeur ou seulement le c\u00f4t\u00e9 production, les mesures annonc\u00e9es sur les secteurs du p\u00e9trole et du gaz ne s&rsquo;appliquent qu&rsquo;\u00e0 son activit\u00e9 d&rsquo;assurance. Comme mentionn\u00e9 ci-dessus pour le secteur du charbon, l&rsquo;exposition r\u00e9elle d&rsquo;Aviva au p\u00e9trole et au gaz reste incertaine, de sorte que l&rsquo;assureur devrait clarifier sans ambigu\u00eft\u00e9 son exposition \u00e0 toutes les \u00e9nergies fossiles. En cas d&rsquo;exposition, Aviva devrait s&rsquo;engager \u00e0 exclure toute couverture pour les nouveaux projets p\u00e9troliers et gaziers. <\/span><\/p>\n<p>Aviva devrait appliquer les seuils d&rsquo;exclusion sur le p\u00e9trole et le gaz \u00e0 ses investissements sans offrir d\u2019\u00e9chappatoire aux entreprises signataires du SBTi. Elle devrait \u00e9galement demander \u00e0 toutes les entreprises p\u00e9troli\u00e8res et gazi\u00e8res de cesser de d\u00e9velopper de nouveaux projets d\u2019\u00e9nergies fossiles et d&rsquo;adopter des objectifs de r\u00e9duction de la production, conform\u00e9ment aux exigences de la science climatique. Selon le rapport <a title=\"\" href=\"https:\/\/productiongap.org\/\" target=\"_blank\" rel=\"noopener noreferrer\"><u>Production Gap<\/u><u>,<\/u><\/a> la production de p\u00e9trole et de gaz doit diminuer de 4 % et 3 % d&rsquo;ici 2030 afin de s&rsquo;aligner sur une trajectoire de 1,5 \u00b0C.<\/p>\n<p style=\"text-align: justify;\"><b><span style=\"color: #59bc6d;\">3. <\/span><span style=\"color: #59bc6d;\"><span style=\"color: #59bc6d;\">No<\/span>tre <\/span><\/b><strong><span style=\"color: #59bc6d;\">Conclusion<\/span> <\/strong><\/p>\n<p><span style=\"color: #8ac56b;\"><strong>Aviva a am\u00e9lior\u00e9 sa politique en mati\u00e8re de fossiles mais a rat\u00e9 une occasion pour montrer l\u2019exemple \u00e0 suivre aux autres assureurs mondiaux. Les seuils d&rsquo;exclusion adopt\u00e9s sont stricts, mais leur impact sera consid\u00e9rablement r\u00e9duit par des exceptions potentiellement importantes, comme pour RWE. Aviva pourra ainsi continuer d\u2019investir pendant deux ann\u00e9es suppl\u00e9mentaires dans les<span style=\"text-decoration: underline;\"> <span style=\"text-decoration-thickness: initial; text-decoration-style: initial; text-decoration-color: initial;\"><a style=\"color: #8ac56b; text-decoration: underline;\" href=\"https:\/\/coalexit.org\/investments-investor?name=Aviva&amp;page=0\" target=\"_blank\" rel=\"noopener noreferrer\">127 entreprises du GCEL actuellement pr\u00e9sentes dans son portefeuille<\/a><\/span><\/span>. Aviva doit de toute urgence supprimer ces exceptions et appliquer imm\u00e9diatement un seuil d&rsquo;exclusion de 5%. Pour vraiment r\u00e9pondre \u00e0 l&rsquo;urgence climatique, l&rsquo;assureur britannique doit aussi imm\u00e9diatement exclure tous les d\u00e9veloppeurs de nouveaux projets d&rsquo;\u00e9nergies fossiles.<\/strong><\/span><\/p>\n<\/div><div class=\"fusion-clearfix\"><\/div><\/div><\/div><div class=\"fusion-layout-column fusion_builder_column fusion-builder-column-1 fusion_builder_column_1_1 1_1 fusion-one-full fusion-column-first fusion-column-last\" style=\"--awb-padding-top:10px;--awb-padding-right:10px;--awb-padding-left:10px;--awb-overflow:hidden;--awb-bg-size:cover;--awb-border-color:#59bc6d;--awb-border-top:1px;--awb-border-right:1px;--awb-border-bottom:1px;--awb-border-left:1px;--awb-border-style:solid;--awb-border-radius:10px 10px 10px 10px;\"><div class=\"fusion-column-wrapper fusion-column-has-shadow fusion-flex-column-wrapper-legacy\"><div class=\"fusion-text fusion-text-4\"><div style=\"text-align: justify;\">\n<p><b style=\"color: #59bc6d;\">Pour aller plus loin :<\/b><\/p>\n<ul>\n<li data-leveltext=\"\uf0b7\" data-font=\"Symbol\" data-listid=\"21\" aria-setsize=\"-1\" data-aria-posinset=\"1\" data-aria-level=\"1\"><span data-contrast=\"none\"><u><a href=\"https:\/\/coalpolicytool.org\/\" target=\"_blank\" rel=\"noopener noreferrer\">Coal Policy Tool<\/a><\/u><\/span><\/li>\n<\/ul>\n<\/div>\n<\/div><div class=\"fusion-clearfix\"><\/div><\/div><\/div><\/div><\/div>\n","protected":false},"excerpt":{"rendered":"","protected":false},"author":28,"featured_media":9440,"comment_status":"open","ping_status":"open","sticky":false,"template":"","format":"standard","meta":{"footnotes":""},"categories":[45],"tags":[809,905,803,371,805],"acteurs_financiers":[2277],"thematique":[2278,2415],"webinar_type":[],"programme":[],"class_list":["post-9431","post","type-post","status-publish","format-standard","has-post-thumbnail","hentry","category-blog","tag-coal-fr","tag-coal-exit-plan-fr","tag-coal-policy-fr","tag-coal-policy-tool","tag-fossil-fuels-fr","acteurs_financiers-assurances-fr","thematique-charbon-fr-fr","thematique-energies-fossiles"],"yoast_head":"<!-- This site is optimized with the Yoast SEO plugin v23.1 - https:\/\/yoast.com\/wordpress\/plugins\/seo\/ -->\n<title>Aviva manque l\u2019occasion d\u2019adopter une politique fossile ambitieuse - Reclaim Finance<\/title>\n<meta name=\"robots\" content=\"index, follow, max-snippet:-1, max-image-preview:large, max-video-preview:-1\" \/>\n<link rel=\"canonical\" href=\"https:\/\/reclaimfinance.org\/site\/2021\/03\/04\/aviva-manque-l-occasion-d-adopter-une-politique-fossile-ambitieuse\/\" \/>\n<meta property=\"og:locale\" content=\"fr_FR\" \/>\n<meta property=\"og:type\" content=\"article\" \/>\n<meta property=\"og:title\" content=\"Aviva manque l\u2019occasion d\u2019adopter une politique fossile ambitieuse - Reclaim Finance\" \/>\n<meta property=\"og:url\" content=\"https:\/\/reclaimfinance.org\/site\/2021\/03\/04\/aviva-manque-l-occasion-d-adopter-une-politique-fossile-ambitieuse\/\" \/>\n<meta property=\"og:site_name\" content=\"Reclaim Finance\" \/>\n<meta property=\"article:publisher\" content=\"https:\/\/www.facebook.com\/ReclaimFinanceONG\" \/>\n<meta property=\"article:published_time\" content=\"2021-03-04T15:54:30+00:00\" \/>\n<meta property=\"article:modified_time\" content=\"2023-02-28T16:34:24+00:00\" \/>\n<meta property=\"og:image\" content=\"https:\/\/reclaimfinance.org\/site\/wp-content\/uploads\/2021\/03\/Nouvelle-Politique-Energies-Fossiles-TEMPLATE-DO-NOT-EDIT.png\" \/>\n\t<meta property=\"og:image:width\" content=\"900\" \/>\n\t<meta property=\"og:image:height\" content=\"400\" \/>\n\t<meta property=\"og:image:type\" content=\"image\/png\" \/>\n<meta name=\"author\" content=\"admin\" \/>\n<meta name=\"twitter:card\" content=\"summary_large_image\" \/>\n<meta name=\"twitter:creator\" content=\"@ReclaimFinance\" \/>\n<meta name=\"twitter:site\" content=\"@ReclaimFinance\" \/>\n<meta name=\"twitter:label1\" content=\"\u00c9crit par\" \/>\n\t<meta name=\"twitter:data1\" content=\"admin\" \/>\n\t<meta name=\"twitter:label2\" content=\"Dur\u00e9e de lecture estim\u00e9e\" \/>\n\t<meta name=\"twitter:data2\" content=\"10 minutes\" \/>\n<script type=\"application\/ld+json\" class=\"yoast-schema-graph\">{\"@context\":\"https:\/\/schema.org\",\"@graph\":[{\"@type\":\"Article\",\"@id\":\"https:\/\/reclaimfinance.org\/site\/2021\/03\/04\/aviva-manque-l-occasion-d-adopter-une-politique-fossile-ambitieuse\/#article\",\"isPartOf\":{\"@id\":\"https:\/\/reclaimfinance.org\/site\/2021\/03\/04\/aviva-manque-l-occasion-d-adopter-une-politique-fossile-ambitieuse\/\"},\"author\":{\"name\":\"admin\",\"@id\":\"https:\/\/reclaimfinance.org\/site\/#\/schema\/person\/dbd09d024c848def6a64be0b4ace9786\"},\"headline\":\"Aviva manque l\u2019occasion d\u2019adopter une politique fossile ambitieuse\",\"datePublished\":\"2021-03-04T15:54:30+00:00\",\"dateModified\":\"2023-02-28T16:34:24+00:00\",\"mainEntityOfPage\":{\"@id\":\"https:\/\/reclaimfinance.org\/site\/2021\/03\/04\/aviva-manque-l-occasion-d-adopter-une-politique-fossile-ambitieuse\/\"},\"wordCount\":1980,\"commentCount\":0,\"publisher\":{\"@id\":\"https:\/\/reclaimfinance.org\/site\/#organization\"},\"image\":{\"@id\":\"https:\/\/reclaimfinance.org\/site\/2021\/03\/04\/aviva-manque-l-occasion-d-adopter-une-politique-fossile-ambitieuse\/#primaryimage\"},\"thumbnailUrl\":\"https:\/\/reclaimfinance.org\/site\/wp-content\/uploads\/2021\/03\/Nouvelle-Politique-Energies-Fossiles-TEMPLATE-DO-NOT-EDIT.png\",\"keywords\":[\"coal\",\"coal exit plan\",\"coal policy\",\"Coal Policy Tool\",\"fossil fuels\"],\"articleSection\":[\"Articles\"],\"inLanguage\":\"fr-FR\",\"potentialAction\":[{\"@type\":\"CommentAction\",\"name\":\"Comment\",\"target\":[\"https:\/\/reclaimfinance.org\/site\/2021\/03\/04\/aviva-manque-l-occasion-d-adopter-une-politique-fossile-ambitieuse\/#respond\"]}]},{\"@type\":\"WebPage\",\"@id\":\"https:\/\/reclaimfinance.org\/site\/2021\/03\/04\/aviva-manque-l-occasion-d-adopter-une-politique-fossile-ambitieuse\/\",\"url\":\"https:\/\/reclaimfinance.org\/site\/2021\/03\/04\/aviva-manque-l-occasion-d-adopter-une-politique-fossile-ambitieuse\/\",\"name\":\"Aviva manque l\u2019occasion d\u2019adopter une politique fossile ambitieuse - Reclaim Finance\",\"isPartOf\":{\"@id\":\"https:\/\/reclaimfinance.org\/site\/#website\"},\"primaryImageOfPage\":{\"@id\":\"https:\/\/reclaimfinance.org\/site\/2021\/03\/04\/aviva-manque-l-occasion-d-adopter-une-politique-fossile-ambitieuse\/#primaryimage\"},\"image\":{\"@id\":\"https:\/\/reclaimfinance.org\/site\/2021\/03\/04\/aviva-manque-l-occasion-d-adopter-une-politique-fossile-ambitieuse\/#primaryimage\"},\"thumbnailUrl\":\"https:\/\/reclaimfinance.org\/site\/wp-content\/uploads\/2021\/03\/Nouvelle-Politique-Energies-Fossiles-TEMPLATE-DO-NOT-EDIT.png\",\"datePublished\":\"2021-03-04T15:54:30+00:00\",\"dateModified\":\"2023-02-28T16:34:24+00:00\",\"breadcrumb\":{\"@id\":\"https:\/\/reclaimfinance.org\/site\/2021\/03\/04\/aviva-manque-l-occasion-d-adopter-une-politique-fossile-ambitieuse\/#breadcrumb\"},\"inLanguage\":\"fr-FR\",\"potentialAction\":[{\"@type\":\"ReadAction\",\"target\":[\"https:\/\/reclaimfinance.org\/site\/2021\/03\/04\/aviva-manque-l-occasion-d-adopter-une-politique-fossile-ambitieuse\/\"]}]},{\"@type\":\"ImageObject\",\"inLanguage\":\"fr-FR\",\"@id\":\"https:\/\/reclaimfinance.org\/site\/2021\/03\/04\/aviva-manque-l-occasion-d-adopter-une-politique-fossile-ambitieuse\/#primaryimage\",\"url\":\"https:\/\/reclaimfinance.org\/site\/wp-content\/uploads\/2021\/03\/Nouvelle-Politique-Energies-Fossiles-TEMPLATE-DO-NOT-EDIT.png\",\"contentUrl\":\"https:\/\/reclaimfinance.org\/site\/wp-content\/uploads\/2021\/03\/Nouvelle-Politique-Energies-Fossiles-TEMPLATE-DO-NOT-EDIT.png\",\"width\":900,\"height\":400},{\"@type\":\"BreadcrumbList\",\"@id\":\"https:\/\/reclaimfinance.org\/site\/2021\/03\/04\/aviva-manque-l-occasion-d-adopter-une-politique-fossile-ambitieuse\/#breadcrumb\",\"itemListElement\":[{\"@type\":\"ListItem\",\"position\":1,\"name\":\"Accueil\",\"item\":\"https:\/\/reclaimfinance.org\/site\/\"},{\"@type\":\"ListItem\",\"position\":2,\"name\":\"Aviva manque l\u2019occasion d\u2019adopter une politique fossile ambitieuse\"}]},{\"@type\":\"WebSite\",\"@id\":\"https:\/\/reclaimfinance.org\/site\/#website\",\"url\":\"https:\/\/reclaimfinance.org\/site\/\",\"name\":\"Reclaim Finance\",\"description\":\"Reprendre le contr\u00f4le de la finance pour le climat et la biodiversit\u00e9\",\"publisher\":{\"@id\":\"https:\/\/reclaimfinance.org\/site\/#organization\"},\"potentialAction\":[{\"@type\":\"SearchAction\",\"target\":{\"@type\":\"EntryPoint\",\"urlTemplate\":\"https:\/\/reclaimfinance.org\/site\/?s={search_term_string}\"},\"query-input\":\"required name=search_term_string\"}],\"inLanguage\":\"fr-FR\"},{\"@type\":\"Organization\",\"@id\":\"https:\/\/reclaimfinance.org\/site\/#organization\",\"name\":\"Reclaim Finance\",\"url\":\"https:\/\/reclaimfinance.org\/site\/\",\"logo\":{\"@type\":\"ImageObject\",\"inLanguage\":\"fr-FR\",\"@id\":\"https:\/\/reclaimfinance.org\/site\/#\/schema\/logo\/image\/\",\"url\":\"https:\/\/reclaimfinance.org\/site\/wp-content\/uploads\/2020\/03\/logo_RC_space.png\",\"contentUrl\":\"https:\/\/reclaimfinance.org\/site\/wp-content\/uploads\/2020\/03\/logo_RC_space.png\",\"width\":800,\"height\":800,\"caption\":\"Reclaim Finance\"},\"image\":{\"@id\":\"https:\/\/reclaimfinance.org\/site\/#\/schema\/logo\/image\/\"},\"sameAs\":[\"https:\/\/www.facebook.com\/ReclaimFinanceONG\",\"https:\/\/x.com\/ReclaimFinance\",\"https:\/\/www.instagram.com\/reclaimfinance\/\",\"https:\/\/www.linkedin.com\/company\/reclaim-finance-ong-think-tank\"]},{\"@type\":\"Person\",\"@id\":\"https:\/\/reclaimfinance.org\/site\/#\/schema\/person\/dbd09d024c848def6a64be0b4ace9786\",\"name\":\"admin\",\"image\":{\"@type\":\"ImageObject\",\"inLanguage\":\"fr-FR\",\"@id\":\"https:\/\/reclaimfinance.org\/site\/#\/schema\/person\/image\/\",\"url\":\"https:\/\/secure.gravatar.com\/avatar\/84f25c90b0db91b615a598cb16c83cdf?s=96&d=mm&r=g\",\"contentUrl\":\"https:\/\/secure.gravatar.com\/avatar\/84f25c90b0db91b615a598cb16c83cdf?s=96&d=mm&r=g\",\"caption\":\"admin\"},\"url\":\"https:\/\/reclaimfinance.org\/site\/author\/admin-2\/\"}]}<\/script>\n<!-- \/ Yoast SEO plugin. -->","yoast_head_json":{"title":"Aviva manque l\u2019occasion d\u2019adopter une politique fossile ambitieuse - Reclaim Finance","robots":{"index":"index","follow":"follow","max-snippet":"max-snippet:-1","max-image-preview":"max-image-preview:large","max-video-preview":"max-video-preview:-1"},"canonical":"https:\/\/reclaimfinance.org\/site\/2021\/03\/04\/aviva-manque-l-occasion-d-adopter-une-politique-fossile-ambitieuse\/","og_locale":"fr_FR","og_type":"article","og_title":"Aviva manque l\u2019occasion d\u2019adopter une politique fossile ambitieuse - Reclaim Finance","og_url":"https:\/\/reclaimfinance.org\/site\/2021\/03\/04\/aviva-manque-l-occasion-d-adopter-une-politique-fossile-ambitieuse\/","og_site_name":"Reclaim Finance","article_publisher":"https:\/\/www.facebook.com\/ReclaimFinanceONG","article_published_time":"2021-03-04T15:54:30+00:00","article_modified_time":"2023-02-28T16:34:24+00:00","og_image":[{"width":900,"height":400,"url":"https:\/\/reclaimfinance.org\/site\/wp-content\/uploads\/2021\/03\/Nouvelle-Politique-Energies-Fossiles-TEMPLATE-DO-NOT-EDIT.png","type":"image\/png"}],"author":"admin","twitter_card":"summary_large_image","twitter_creator":"@ReclaimFinance","twitter_site":"@ReclaimFinance","twitter_misc":{"\u00c9crit par":"admin","Dur\u00e9e de lecture estim\u00e9e":"10 minutes"},"schema":{"@context":"https:\/\/schema.org","@graph":[{"@type":"Article","@id":"https:\/\/reclaimfinance.org\/site\/2021\/03\/04\/aviva-manque-l-occasion-d-adopter-une-politique-fossile-ambitieuse\/#article","isPartOf":{"@id":"https:\/\/reclaimfinance.org\/site\/2021\/03\/04\/aviva-manque-l-occasion-d-adopter-une-politique-fossile-ambitieuse\/"},"author":{"name":"admin","@id":"https:\/\/reclaimfinance.org\/site\/#\/schema\/person\/dbd09d024c848def6a64be0b4ace9786"},"headline":"Aviva manque l\u2019occasion d\u2019adopter une politique fossile ambitieuse","datePublished":"2021-03-04T15:54:30+00:00","dateModified":"2023-02-28T16:34:24+00:00","mainEntityOfPage":{"@id":"https:\/\/reclaimfinance.org\/site\/2021\/03\/04\/aviva-manque-l-occasion-d-adopter-une-politique-fossile-ambitieuse\/"},"wordCount":1980,"commentCount":0,"publisher":{"@id":"https:\/\/reclaimfinance.org\/site\/#organization"},"image":{"@id":"https:\/\/reclaimfinance.org\/site\/2021\/03\/04\/aviva-manque-l-occasion-d-adopter-une-politique-fossile-ambitieuse\/#primaryimage"},"thumbnailUrl":"https:\/\/reclaimfinance.org\/site\/wp-content\/uploads\/2021\/03\/Nouvelle-Politique-Energies-Fossiles-TEMPLATE-DO-NOT-EDIT.png","keywords":["coal","coal exit plan","coal policy","Coal Policy Tool","fossil fuels"],"articleSection":["Articles"],"inLanguage":"fr-FR","potentialAction":[{"@type":"CommentAction","name":"Comment","target":["https:\/\/reclaimfinance.org\/site\/2021\/03\/04\/aviva-manque-l-occasion-d-adopter-une-politique-fossile-ambitieuse\/#respond"]}]},{"@type":"WebPage","@id":"https:\/\/reclaimfinance.org\/site\/2021\/03\/04\/aviva-manque-l-occasion-d-adopter-une-politique-fossile-ambitieuse\/","url":"https:\/\/reclaimfinance.org\/site\/2021\/03\/04\/aviva-manque-l-occasion-d-adopter-une-politique-fossile-ambitieuse\/","name":"Aviva manque l\u2019occasion d\u2019adopter une politique fossile ambitieuse - Reclaim Finance","isPartOf":{"@id":"https:\/\/reclaimfinance.org\/site\/#website"},"primaryImageOfPage":{"@id":"https:\/\/reclaimfinance.org\/site\/2021\/03\/04\/aviva-manque-l-occasion-d-adopter-une-politique-fossile-ambitieuse\/#primaryimage"},"image":{"@id":"https:\/\/reclaimfinance.org\/site\/2021\/03\/04\/aviva-manque-l-occasion-d-adopter-une-politique-fossile-ambitieuse\/#primaryimage"},"thumbnailUrl":"https:\/\/reclaimfinance.org\/site\/wp-content\/uploads\/2021\/03\/Nouvelle-Politique-Energies-Fossiles-TEMPLATE-DO-NOT-EDIT.png","datePublished":"2021-03-04T15:54:30+00:00","dateModified":"2023-02-28T16:34:24+00:00","breadcrumb":{"@id":"https:\/\/reclaimfinance.org\/site\/2021\/03\/04\/aviva-manque-l-occasion-d-adopter-une-politique-fossile-ambitieuse\/#breadcrumb"},"inLanguage":"fr-FR","potentialAction":[{"@type":"ReadAction","target":["https:\/\/reclaimfinance.org\/site\/2021\/03\/04\/aviva-manque-l-occasion-d-adopter-une-politique-fossile-ambitieuse\/"]}]},{"@type":"ImageObject","inLanguage":"fr-FR","@id":"https:\/\/reclaimfinance.org\/site\/2021\/03\/04\/aviva-manque-l-occasion-d-adopter-une-politique-fossile-ambitieuse\/#primaryimage","url":"https:\/\/reclaimfinance.org\/site\/wp-content\/uploads\/2021\/03\/Nouvelle-Politique-Energies-Fossiles-TEMPLATE-DO-NOT-EDIT.png","contentUrl":"https:\/\/reclaimfinance.org\/site\/wp-content\/uploads\/2021\/03\/Nouvelle-Politique-Energies-Fossiles-TEMPLATE-DO-NOT-EDIT.png","width":900,"height":400},{"@type":"BreadcrumbList","@id":"https:\/\/reclaimfinance.org\/site\/2021\/03\/04\/aviva-manque-l-occasion-d-adopter-une-politique-fossile-ambitieuse\/#breadcrumb","itemListElement":[{"@type":"ListItem","position":1,"name":"Accueil","item":"https:\/\/reclaimfinance.org\/site\/"},{"@type":"ListItem","position":2,"name":"Aviva manque l\u2019occasion d\u2019adopter une politique fossile ambitieuse"}]},{"@type":"WebSite","@id":"https:\/\/reclaimfinance.org\/site\/#website","url":"https:\/\/reclaimfinance.org\/site\/","name":"Reclaim Finance","description":"Reprendre le contr\u00f4le de la finance pour le climat et la biodiversit\u00e9","publisher":{"@id":"https:\/\/reclaimfinance.org\/site\/#organization"},"potentialAction":[{"@type":"SearchAction","target":{"@type":"EntryPoint","urlTemplate":"https:\/\/reclaimfinance.org\/site\/?s={search_term_string}"},"query-input":"required name=search_term_string"}],"inLanguage":"fr-FR"},{"@type":"Organization","@id":"https:\/\/reclaimfinance.org\/site\/#organization","name":"Reclaim Finance","url":"https:\/\/reclaimfinance.org\/site\/","logo":{"@type":"ImageObject","inLanguage":"fr-FR","@id":"https:\/\/reclaimfinance.org\/site\/#\/schema\/logo\/image\/","url":"https:\/\/reclaimfinance.org\/site\/wp-content\/uploads\/2020\/03\/logo_RC_space.png","contentUrl":"https:\/\/reclaimfinance.org\/site\/wp-content\/uploads\/2020\/03\/logo_RC_space.png","width":800,"height":800,"caption":"Reclaim Finance"},"image":{"@id":"https:\/\/reclaimfinance.org\/site\/#\/schema\/logo\/image\/"},"sameAs":["https:\/\/www.facebook.com\/ReclaimFinanceONG","https:\/\/x.com\/ReclaimFinance","https:\/\/www.instagram.com\/reclaimfinance\/","https:\/\/www.linkedin.com\/company\/reclaim-finance-ong-think-tank"]},{"@type":"Person","@id":"https:\/\/reclaimfinance.org\/site\/#\/schema\/person\/dbd09d024c848def6a64be0b4ace9786","name":"admin","image":{"@type":"ImageObject","inLanguage":"fr-FR","@id":"https:\/\/reclaimfinance.org\/site\/#\/schema\/person\/image\/","url":"https:\/\/secure.gravatar.com\/avatar\/84f25c90b0db91b615a598cb16c83cdf?s=96&d=mm&r=g","contentUrl":"https:\/\/secure.gravatar.com\/avatar\/84f25c90b0db91b615a598cb16c83cdf?s=96&d=mm&r=g","caption":"admin"},"url":"https:\/\/reclaimfinance.org\/site\/author\/admin-2\/"}]}},"_links":{"self":[{"href":"https:\/\/reclaimfinance.org\/site\/wp-json\/wp\/v2\/posts\/9431"}],"collection":[{"href":"https:\/\/reclaimfinance.org\/site\/wp-json\/wp\/v2\/posts"}],"about":[{"href":"https:\/\/reclaimfinance.org\/site\/wp-json\/wp\/v2\/types\/post"}],"author":[{"embeddable":true,"href":"https:\/\/reclaimfinance.org\/site\/wp-json\/wp\/v2\/users\/28"}],"replies":[{"embeddable":true,"href":"https:\/\/reclaimfinance.org\/site\/wp-json\/wp\/v2\/comments?post=9431"}],"version-history":[{"count":0,"href":"https:\/\/reclaimfinance.org\/site\/wp-json\/wp\/v2\/posts\/9431\/revisions"}],"wp:featuredmedia":[{"embeddable":true,"href":"https:\/\/reclaimfinance.org\/site\/wp-json\/wp\/v2\/media\/9440"}],"wp:attachment":[{"href":"https:\/\/reclaimfinance.org\/site\/wp-json\/wp\/v2\/media?parent=9431"}],"wp:term":[{"taxonomy":"category","embeddable":true,"href":"https:\/\/reclaimfinance.org\/site\/wp-json\/wp\/v2\/categories?post=9431"},{"taxonomy":"post_tag","embeddable":true,"href":"https:\/\/reclaimfinance.org\/site\/wp-json\/wp\/v2\/tags?post=9431"},{"taxonomy":"acteurs_financiers","embeddable":true,"href":"https:\/\/reclaimfinance.org\/site\/wp-json\/wp\/v2\/acteurs_financiers?post=9431"},{"taxonomy":"thematique","embeddable":true,"href":"https:\/\/reclaimfinance.org\/site\/wp-json\/wp\/v2\/thematique?post=9431"},{"taxonomy":"webinar_type","embeddable":true,"href":"https:\/\/reclaimfinance.org\/site\/wp-json\/wp\/v2\/webinar_type?post=9431"},{"taxonomy":"programme","embeddable":true,"href":"https:\/\/reclaimfinance.org\/site\/wp-json\/wp\/v2\/programme?post=9431"}],"curies":[{"name":"wp","href":"https:\/\/api.w.org\/{rel}","templated":true}]}}