{"id":9731,"date":"2021-03-18T10:28:23","date_gmt":"2021-03-18T09:28:23","guid":{"rendered":"https:\/\/reclaimfinance.org\/site\/?p=9731"},"modified":"2023-02-28T16:48:16","modified_gmt":"2023-02-28T15:48:16","slug":"enieme-tentative-de-total-pour-contrer-une-possible-resolution-dactionnaires-sur-le-climat","status":"publish","type":"post","link":"https:\/\/reclaimfinance.org\/site\/2021\/03\/18\/enieme-tentative-de-total-pour-contrer-une-possible-resolution-dactionnaires-sur-le-climat\/","title":{"rendered":"Eni\u00e8me tentative de Total pour contrer une possible r\u00e9solution d\u2019actionnaires sur le climat"},"content":{"rendered":"<p><div class=\"fusion-fullwidth fullwidth-box fusion-builder-row-1 nonhundred-percent-fullwidth non-hundred-percent-height-scrolling\" style=\"--awb-border-radius-top-left:0px;--awb-border-radius-top-right:0px;--awb-border-radius-bottom-right:0px;--awb-border-radius-bottom-left:0px;--awb-flex-wrap:wrap;\" ><div class=\"fusion-builder-row fusion-row\"><div class=\"fusion-layout-column fusion_builder_column fusion-builder-column-0 fusion_builder_column_1_1 1_1 fusion-one-full fusion-column-first fusion-column-last\" style=\"--awb-bg-size:cover;--awb-margin-bottom:0px;\"><div class=\"fusion-column-wrapper fusion-flex-column-wrapper-legacy\"><div class=\"fusion-text fusion-text-1\"><p style=\"text-align: justify;\"><strong><span style=\"color: #8ac56b;\"><b>Communiqu\u00e9 de presse &#8211; Reclaim Finance et Greenpeace France<\/b><\/span><\/strong><\/p>\n<p style=\"text-align: justify;\"><span style=\"color: var(--body_typography-color); font-family: var(--body_typography-font-family); font-size: var(--body_typography-font-size); font-style: var(--body_typography-font-style,normal); letter-spacing: var(--body_typography-letter-spacing);\"><b style=\"color: #8ac56b;\"><span class=\"TextRun Highlight BCX0 SCXW90447980\" lang=\"FR-FR\" xml:lang=\"FR-FR\" data-contrast=\"none\"><span class=\"NormalTextRun BCX0 SCXW90447980\">Jeudi 18 mars 2021 &#8211; <\/span><\/span><\/b><\/span><b style=\"color: #8ac56b; font-family: var(--body_typography-font-family); font-size: var(--body_typography-font-size); font-style: var(--body_typography-font-style,normal); letter-spacing: var(--body_typography-letter-spacing);\">Le conseil d\u2019administration de Total SE vient d\u2019annoncer dans un communiqu\u00e9 de presse qu\u2019il soumettra \u201cpour vote consultatif\u201d de ses actionnaires r\u00e9unis en Assembl\u00e9e G\u00e9n\u00e9rale Ordinaire et Extraordinaire le vendredi 28 mai 2021 une r\u00e9solution sur \u201cla transition \u00e9nerg\u00e9tique de TotalEnergies vers la neutralit\u00e9 carbone\u201d. Face \u00e0 cette strat\u00e9gie de diversion, Reclaim Finance et Greenpeace France d\u00e9noncent une \u00e9ni\u00e8me tentative de greenwashing et appellent les actionnaires engag\u00e9s pour le climat \u00e0 d\u00e9poser leur propre r\u00e9solution climat.<\/b><\/p>\n<p>Dans son communiqu\u00e9, le groupe pr\u00e9tend avoir \u00a0\u00bb pris plusieurs d\u00e9cisions importantes pour soutenir la transformation de Total en une compagnie multi-\u00e9nergies [et] son engagement dans la transition \u00e9nerg\u00e9tique\u201d (1).<\/p>\n<blockquote>\n<p><span style=\"font-style: normal;\">Pour Lucie Pinson, fondatrice et directrice de Reclaim Finance,<\/span> <b>\u201cTotal n\u2019a pour l\u2019instant que le changement de son nom en TotalEnergies \u00e0 donner comme gage de son soi-disant engagement pour le climat. La transition \u00e9cologique ne se paie pas de mots et le greenwashing de Total SE devient intenable. <\/b>Les actionnaires du groupe engag\u00e9s pour le climat doivent d\u00e9poser leur propre r\u00e9solution exigeant de la part de Total la transparence sur son recours aux technologies industrielles et naturelles de stockage du CO2 et la publication de certaines m\u00e9triques qui leur sont indispensables pour juger des risques li\u00e9s \u00e0 leurs investissements\u201d.<\/p>\n<\/blockquote>\n<p>Reclaim Finance et Greenpeace France ont publi\u00e9 fin f\u00e9vrier un rapport intitul\u00e9 \u201cTotal fait du sale: La Finance complice ?\u201d (2). Ce rapport d\u00e9crypte les mesures dites climat de Total et d\u00e9montre l\u2019<b>opposition entre les recommandations des Nations Unies pour une baisse annuelle de 3% et 4% de la production de gaz et de p\u00e9trole d\u2019ici 2030 et la trajectoire de hausse de 50% de la production d\u2019hydrocarbures par Total d\u2019ici 2030 par rapport \u00e0 l\u2019ann\u00e9e 2015. <\/b><\/p>\n<p>La seule nouveaut\u00e9 annonc\u00e9e par Total SE dans son communiqu\u00e9 est l\u2019int\u00e9gration de crit\u00e8res climatiques dans la politique de r\u00e9mun\u00e9ration du groupe et notamment d\u2019un crit\u00e8re li\u00e9 \u00e0 l\u2019objectif de baisse des \u00e9missions de scope 3 en Europe dans les r\u00e8gles d\u2019attribution d\u2019actions de performance \u00e0 Patrick Pouyann\u00e9 et \u00e0 l\u2019ensemble des dirigeants du Groupe.<\/p>\n<blockquote>\n<p>\u201cAucune pr\u00e9cision n\u2019est donn\u00e9e et il est encore trop t\u00f4t pour savoir si les modifications qu\u2019apportera Total \u00e0 sa politique de r\u00e9mun\u00e9ration suffiront \u00e0 contrebalancer les autres motivations de la direction fond\u00e9es elles sur des cibles en termes de production et d\u2019acquisition de r\u00e9serves d\u2019\u00e9nergies fossiles. <b>Mais le probl\u00e8me demeure entier puisqu\u2019il s\u2019agit ici de facteurs de motivation pour garantir l\u2019atteinte des objectifs climat de la soci\u00e9t\u00e9 mais aucunement de changer ses objectifs. Quand on fonce dans le mur, qu\u2019on roule \u00e0 100km ou 200km ne change pas la donne<\/b>\u201d <span style=\"font-style: normal;\">ajoute Edina Ifticene, charg\u00e9e de campagne p\u00e9trole chez Greenpeace France. <\/span><\/p>\n<\/blockquote>\n<p>Dans son communiqu\u00e9, Total SE \u00e9crit aussi qu\u2019il \u201cpermet ainsi aux actionnaires d\u2019exprimer leur avis sur la strat\u00e9gie en mati\u00e8re de transition \u00e9nerg\u00e9tique vers la neutralit\u00e9 carbone qu\u2019il a arr\u00eat\u00e9e pour la Soci\u00e9t\u00e9, tenant compte de certaines attentes exprim\u00e9es en ce sens et de l\u2019irrecevabilit\u00e9 d\u2019un projet de r\u00e9solution relatif \u00e0 cette strat\u00e9gie qui serait pr\u00e9sent\u00e9 par des actionnaires d\u00e8s lors qu\u2019il s\u2019agit d\u2019un domaine de comp\u00e9tence propre du Conseil d\u2019Administration.\u201d<\/p>\n<p>L\u2019entreprise est exacte sur un point : les actionnaires ne peuvent pas directement soumettre une r\u00e9solution sur le climat en Assembl\u00e9e g\u00e9n\u00e9rale ordinaire, comme ils l\u2019avaient tent\u00e9 l\u2019ann\u00e9e derni\u00e8re \u00e0 l\u2019AG de Vinci. L\u2019entreprise avait alors rejet\u00e9 leur demande. En revanche, les 11 actionnaires coordonn\u00e9s par Meeschaert en 2020 avaient d\u00e9pos\u00e9 une r\u00e9solution en Assembl\u00e9e g\u00e9n\u00e9rale extraordinaire demandant un changement des statuts de l\u2019entreprise de mani\u00e8re \u00e0 permettre ensuite une int\u00e9gration d\u2019\u00e9l\u00e9ments li\u00e9s \u00e0 la strat\u00e9gie climat de l\u2019entreprise dans son rapport de gestion. Total SE n\u2019avait pas pu s\u2019y opposer par absence de motivation l\u00e9gale, alors que la direction avait pourtant tout fait pour dissuader ces actionnaires d\u2019aller jusqu\u2019au bout (3).<\/p>\n<\/div><div class=\"fusion-clearfix\"><\/div><\/div><\/div><\/div><\/div><div class=\"fusion-fullwidth fullwidth-box fusion-builder-row-2 nonhundred-percent-fullwidth non-hundred-percent-height-scrolling\" style=\"--awb-border-radius-top-left:0px;--awb-border-radius-top-right:0px;--awb-border-radius-bottom-right:0px;--awb-border-radius-bottom-left:0px;--awb-flex-wrap:wrap;\" ><div class=\"fusion-builder-row fusion-row\"><div class=\"fusion-layout-column fusion_builder_column fusion-builder-column-1 fusion_builder_column_1_1 1_1 fusion-one-full fusion-column-first fusion-column-last\" style=\"--awb-padding-top:10px;--awb-padding-right:10px;--awb-padding-left:10px;--awb-overflow:hidden;--awb-bg-size:cover;--awb-border-color:#59bc6d;--awb-border-top:1px;--awb-border-right:1px;--awb-border-bottom:1px;--awb-border-left:1px;--awb-border-style:solid;--awb-border-radius:10px 10px 10px 10px;\"><div class=\"fusion-column-wrapper fusion-column-has-shadow fusion-flex-column-wrapper-legacy\"><div class=\"fusion-text fusion-text-2\"><p><b><u>Contacts m\u00e9dia :<\/u><\/b><\/p>\n<ul>\n<li>Lucie Pinson, fondatrice et directrice de Reclaim Finance, +33 6 79 54 37 15<\/li>\n<li>C\u00e9cile Cailliez, charg\u00e9e de communication \u00e0 Greenpeace France, cecile.cailliez@greenpeace.org : 06 13 07 04 29<\/li>\n<\/ul>\n<p><b><u>Notes :<\/u><\/b><\/p>\n<ol>\n<li><span style=\"color: var(--body_typography-color); font-family: var(--body_typography-font-family); font-size: var(--body_typography-font-size); font-style: var(--body_typography-font-style,normal); font-weight: var(--body_typography-font-weight); letter-spacing: var(--body_typography-letter-spacing);\">Voir le <a href=\"https:\/\/www.total.com\/fr\/medias\/actualite\/communiques-presse\/assemblee-generale-du-28-mai-2021-resolution-climat\" target=\"_blank\" rel=\"noopener noreferrer\"><u>communiqu\u00e9 de presse de Total SE<\/u><\/a><\/span><\/li>\n<li>Voir le rapport \u201c<a href=\"https:\/\/reclaimfinance.org\/site\/2021\/02\/24\/proteger-le-climat-mais-financer-total\/\" target=\"_blank\" rel=\"noopener noreferrer\"><u>Total fait du sale: La Finance complice ?<\/u><\/a>\u201d, Reclaim Finance, Greenpeace France, f\u00e9vrier 2021<\/li>\n<li>Voir l\u2019article <u>\u00ab\u00a0<a href=\"https:\/\/www.climatico.fr\/pourquoi-la-neutralite-carbone-de-total-fait-debat\/\" target=\"_blank\" rel=\"noopener noreferrer\">Pourquoi la neutralit\u00e9 carbone de Total fait d\u00e9bat<\/a>\u00ab\u00a0<\/u>, Climatico, Aline Robert, mai 2020.<\/li>\n<\/ol>\n<\/div><div class=\"fusion-clearfix\"><\/div><\/div><\/div><div class=\"fusion-layout-column fusion_builder_column fusion-builder-column-2 fusion_builder_column_1_1 1_1 fusion-one-full fusion-column-first fusion-column-last\" style=\"--awb-padding-top:10px;--awb-padding-right:10px;--awb-padding-left:10px;--awb-overflow:hidden;--awb-bg-size:cover;--awb-border-color:#59bc6d;--awb-border-top:1px;--awb-border-right:1px;--awb-border-bottom:1px;--awb-border-left:1px;--awb-border-style:solid;--awb-border-radius:10px 10px 10px 10px;\"><div class=\"fusion-column-wrapper fusion-column-has-shadow fusion-flex-column-wrapper-legacy\"><div class=\"fusion-text fusion-text-3\"><p style=\"text-align: justify;\"><b style=\"color: #59bc6d;\"><u>Pour aller plus loin : <\/u><\/b><\/p>\n<ol>\n<li>Article <a href=\"https:\/\/reclaimfinance.org\/site\/2021\/02\/22\/say-on-climate-vs-resolution-climat\/\" target=\"_blank\" rel=\"noopener noreferrer\"><u>Say on climate vs r\u00e9solution climat<\/u> <\/a><\/li>\n<li>Page <a href=\"https:\/\/reclaimfinance.org\/site\/stopper-total-dans-son-expansion\/\" target=\"_blank\" rel=\"noopener noreferrer\"><u>Stopper Total dans son expansion<\/u><\/a>.<\/li>\n<\/ol>\n<\/div><div class=\"fusion-clearfix\"><\/div><\/div><\/div><\/div><\/div><\/p>\n","protected":false},"excerpt":{"rendered":"","protected":false},"author":28,"featured_media":6124,"comment_status":"open","ping_status":"open","sticky":false,"template":"","format":"standard","meta":{"footnotes":""},"categories":[36],"tags":[57,40,704,299],"acteurs_financiers":[],"thematique":[2278,2415],"webinar_type":[],"programme":[],"class_list":["post-9731","post","type-post","status-publish","format-standard","has-post-thumbnail","hentry","category-communique-de-presse","tag-accord-de-paris","tag-climat","tag-finance","tag-sortir-du-charbon","thematique-charbon-fr-fr","thematique-energies-fossiles"],"yoast_head":"<!-- This site is optimized with the Yoast SEO plugin v23.1 - https:\/\/yoast.com\/wordpress\/plugins\/seo\/ -->\n<title>Eni\u00e8me tentative de Total pour contrer une possible r\u00e9solution d\u2019actionnaires sur le climat - Reclaim Finance<\/title>\n<meta name=\"robots\" content=\"index, follow, max-snippet:-1, max-image-preview:large, max-video-preview:-1\" \/>\n<link rel=\"canonical\" href=\"https:\/\/reclaimfinance.org\/site\/2021\/03\/18\/enieme-tentative-de-total-pour-contrer-une-possible-resolution-dactionnaires-sur-le-climat\/\" \/>\n<meta property=\"og:locale\" content=\"fr_FR\" \/>\n<meta property=\"og:type\" content=\"article\" \/>\n<meta property=\"og:title\" content=\"Eni\u00e8me tentative de Total pour contrer une possible r\u00e9solution d\u2019actionnaires sur le climat - Reclaim Finance\" \/>\n<meta property=\"og:url\" content=\"https:\/\/reclaimfinance.org\/site\/2021\/03\/18\/enieme-tentative-de-total-pour-contrer-une-possible-resolution-dactionnaires-sur-le-climat\/\" \/>\n<meta property=\"og:site_name\" content=\"Reclaim Finance\" \/>\n<meta property=\"article:publisher\" content=\"https:\/\/www.facebook.com\/ReclaimFinanceONG\" \/>\n<meta property=\"article:published_time\" content=\"2021-03-18T09:28:23+00:00\" \/>\n<meta property=\"article:modified_time\" content=\"2023-02-28T15:48:16+00:00\" \/>\n<meta property=\"og:image\" content=\"https:\/\/reclaimfinance.org\/site\/wp-content\/uploads\/2020\/09\/Oil.png\" \/>\n\t<meta property=\"og:image:width\" content=\"900\" \/>\n\t<meta property=\"og:image:height\" content=\"400\" \/>\n\t<meta property=\"og:image:type\" content=\"image\/png\" \/>\n<meta name=\"author\" content=\"admin\" \/>\n<meta name=\"twitter:card\" content=\"summary_large_image\" \/>\n<meta name=\"twitter:creator\" content=\"@ReclaimFinance\" \/>\n<meta name=\"twitter:site\" content=\"@ReclaimFinance\" \/>\n<meta name=\"twitter:label1\" content=\"\u00c9crit par\" \/>\n\t<meta name=\"twitter:data1\" content=\"admin\" \/>\n\t<meta name=\"twitter:label2\" content=\"Dur\u00e9e de lecture estim\u00e9e\" \/>\n\t<meta name=\"twitter:data2\" content=\"5 minutes\" \/>\n<script type=\"application\/ld+json\" class=\"yoast-schema-graph\">{\"@context\":\"https:\/\/schema.org\",\"@graph\":[{\"@type\":\"Article\",\"@id\":\"https:\/\/reclaimfinance.org\/site\/2021\/03\/18\/enieme-tentative-de-total-pour-contrer-une-possible-resolution-dactionnaires-sur-le-climat\/#article\",\"isPartOf\":{\"@id\":\"https:\/\/reclaimfinance.org\/site\/2021\/03\/18\/enieme-tentative-de-total-pour-contrer-une-possible-resolution-dactionnaires-sur-le-climat\/\"},\"author\":{\"name\":\"admin\",\"@id\":\"https:\/\/reclaimfinance.org\/site\/#\/schema\/person\/dbd09d024c848def6a64be0b4ace9786\"},\"headline\":\"Eni\u00e8me tentative de Total pour contrer une possible r\u00e9solution d\u2019actionnaires sur le climat\",\"datePublished\":\"2021-03-18T09:28:23+00:00\",\"dateModified\":\"2023-02-28T15:48:16+00:00\",\"mainEntityOfPage\":{\"@id\":\"https:\/\/reclaimfinance.org\/site\/2021\/03\/18\/enieme-tentative-de-total-pour-contrer-une-possible-resolution-dactionnaires-sur-le-climat\/\"},\"wordCount\":1557,\"commentCount\":2,\"publisher\":{\"@id\":\"https:\/\/reclaimfinance.org\/site\/#organization\"},\"image\":{\"@id\":\"https:\/\/reclaimfinance.org\/site\/2021\/03\/18\/enieme-tentative-de-total-pour-contrer-une-possible-resolution-dactionnaires-sur-le-climat\/#primaryimage\"},\"thumbnailUrl\":\"https:\/\/reclaimfinance.org\/site\/wp-content\/uploads\/2020\/09\/Oil.png\",\"keywords\":[\"Accord de Paris\",\"climat\",\"Finance\",\"sortir du charbon\"],\"articleSection\":[\"Communiqu\u00e9s de presse\"],\"inLanguage\":\"fr-FR\",\"potentialAction\":[{\"@type\":\"CommentAction\",\"name\":\"Comment\",\"target\":[\"https:\/\/reclaimfinance.org\/site\/2021\/03\/18\/enieme-tentative-de-total-pour-contrer-une-possible-resolution-dactionnaires-sur-le-climat\/#respond\"]}]},{\"@type\":\"WebPage\",\"@id\":\"https:\/\/reclaimfinance.org\/site\/2021\/03\/18\/enieme-tentative-de-total-pour-contrer-une-possible-resolution-dactionnaires-sur-le-climat\/\",\"url\":\"https:\/\/reclaimfinance.org\/site\/2021\/03\/18\/enieme-tentative-de-total-pour-contrer-une-possible-resolution-dactionnaires-sur-le-climat\/\",\"name\":\"Eni\u00e8me tentative de Total pour contrer une possible r\u00e9solution d\u2019actionnaires sur le climat - Reclaim Finance\",\"isPartOf\":{\"@id\":\"https:\/\/reclaimfinance.org\/site\/#website\"},\"primaryImageOfPage\":{\"@id\":\"https:\/\/reclaimfinance.org\/site\/2021\/03\/18\/enieme-tentative-de-total-pour-contrer-une-possible-resolution-dactionnaires-sur-le-climat\/#primaryimage\"},\"image\":{\"@id\":\"https:\/\/reclaimfinance.org\/site\/2021\/03\/18\/enieme-tentative-de-total-pour-contrer-une-possible-resolution-dactionnaires-sur-le-climat\/#primaryimage\"},\"thumbnailUrl\":\"https:\/\/reclaimfinance.org\/site\/wp-content\/uploads\/2020\/09\/Oil.png\",\"datePublished\":\"2021-03-18T09:28:23+00:00\",\"dateModified\":\"2023-02-28T15:48:16+00:00\",\"breadcrumb\":{\"@id\":\"https:\/\/reclaimfinance.org\/site\/2021\/03\/18\/enieme-tentative-de-total-pour-contrer-une-possible-resolution-dactionnaires-sur-le-climat\/#breadcrumb\"},\"inLanguage\":\"fr-FR\",\"potentialAction\":[{\"@type\":\"ReadAction\",\"target\":[\"https:\/\/reclaimfinance.org\/site\/2021\/03\/18\/enieme-tentative-de-total-pour-contrer-une-possible-resolution-dactionnaires-sur-le-climat\/\"]}]},{\"@type\":\"ImageObject\",\"inLanguage\":\"fr-FR\",\"@id\":\"https:\/\/reclaimfinance.org\/site\/2021\/03\/18\/enieme-tentative-de-total-pour-contrer-une-possible-resolution-dactionnaires-sur-le-climat\/#primaryimage\",\"url\":\"https:\/\/reclaimfinance.org\/site\/wp-content\/uploads\/2020\/09\/Oil.png\",\"contentUrl\":\"https:\/\/reclaimfinance.org\/site\/wp-content\/uploads\/2020\/09\/Oil.png\",\"width\":900,\"height\":400},{\"@type\":\"BreadcrumbList\",\"@id\":\"https:\/\/reclaimfinance.org\/site\/2021\/03\/18\/enieme-tentative-de-total-pour-contrer-une-possible-resolution-dactionnaires-sur-le-climat\/#breadcrumb\",\"itemListElement\":[{\"@type\":\"ListItem\",\"position\":1,\"name\":\"Accueil\",\"item\":\"https:\/\/reclaimfinance.org\/site\/\"},{\"@type\":\"ListItem\",\"position\":2,\"name\":\"Eni\u00e8me tentative de Total pour contrer une possible r\u00e9solution d\u2019actionnaires sur le climat\"}]},{\"@type\":\"WebSite\",\"@id\":\"https:\/\/reclaimfinance.org\/site\/#website\",\"url\":\"https:\/\/reclaimfinance.org\/site\/\",\"name\":\"Reclaim Finance\",\"description\":\"Reprendre le contr\u00f4le de la finance pour le climat et la biodiversit\u00e9\",\"publisher\":{\"@id\":\"https:\/\/reclaimfinance.org\/site\/#organization\"},\"potentialAction\":[{\"@type\":\"SearchAction\",\"target\":{\"@type\":\"EntryPoint\",\"urlTemplate\":\"https:\/\/reclaimfinance.org\/site\/?s={search_term_string}\"},\"query-input\":\"required name=search_term_string\"}],\"inLanguage\":\"fr-FR\"},{\"@type\":\"Organization\",\"@id\":\"https:\/\/reclaimfinance.org\/site\/#organization\",\"name\":\"Reclaim Finance\",\"url\":\"https:\/\/reclaimfinance.org\/site\/\",\"logo\":{\"@type\":\"ImageObject\",\"inLanguage\":\"fr-FR\",\"@id\":\"https:\/\/reclaimfinance.org\/site\/#\/schema\/logo\/image\/\",\"url\":\"https:\/\/reclaimfinance.org\/site\/wp-content\/uploads\/2020\/03\/logo_RC_space.png\",\"contentUrl\":\"https:\/\/reclaimfinance.org\/site\/wp-content\/uploads\/2020\/03\/logo_RC_space.png\",\"width\":800,\"height\":800,\"caption\":\"Reclaim Finance\"},\"image\":{\"@id\":\"https:\/\/reclaimfinance.org\/site\/#\/schema\/logo\/image\/\"},\"sameAs\":[\"https:\/\/www.facebook.com\/ReclaimFinanceONG\",\"https:\/\/x.com\/ReclaimFinance\",\"https:\/\/www.instagram.com\/reclaimfinance\/\",\"https:\/\/www.linkedin.com\/company\/reclaim-finance-ong-think-tank\"]},{\"@type\":\"Person\",\"@id\":\"https:\/\/reclaimfinance.org\/site\/#\/schema\/person\/dbd09d024c848def6a64be0b4ace9786\",\"name\":\"admin\",\"image\":{\"@type\":\"ImageObject\",\"inLanguage\":\"fr-FR\",\"@id\":\"https:\/\/reclaimfinance.org\/site\/#\/schema\/person\/image\/\",\"url\":\"https:\/\/secure.gravatar.com\/avatar\/84f25c90b0db91b615a598cb16c83cdf?s=96&d=mm&r=g\",\"contentUrl\":\"https:\/\/secure.gravatar.com\/avatar\/84f25c90b0db91b615a598cb16c83cdf?s=96&d=mm&r=g\",\"caption\":\"admin\"},\"url\":\"https:\/\/reclaimfinance.org\/site\/author\/admin-2\/\"}]}<\/script>\n<!-- \/ Yoast SEO plugin. -->","yoast_head_json":{"title":"Eni\u00e8me tentative de Total pour contrer une possible r\u00e9solution d\u2019actionnaires sur le climat - Reclaim Finance","robots":{"index":"index","follow":"follow","max-snippet":"max-snippet:-1","max-image-preview":"max-image-preview:large","max-video-preview":"max-video-preview:-1"},"canonical":"https:\/\/reclaimfinance.org\/site\/2021\/03\/18\/enieme-tentative-de-total-pour-contrer-une-possible-resolution-dactionnaires-sur-le-climat\/","og_locale":"fr_FR","og_type":"article","og_title":"Eni\u00e8me tentative de Total pour contrer une possible r\u00e9solution d\u2019actionnaires sur le climat - Reclaim Finance","og_url":"https:\/\/reclaimfinance.org\/site\/2021\/03\/18\/enieme-tentative-de-total-pour-contrer-une-possible-resolution-dactionnaires-sur-le-climat\/","og_site_name":"Reclaim Finance","article_publisher":"https:\/\/www.facebook.com\/ReclaimFinanceONG","article_published_time":"2021-03-18T09:28:23+00:00","article_modified_time":"2023-02-28T15:48:16+00:00","og_image":[{"width":900,"height":400,"url":"https:\/\/reclaimfinance.org\/site\/wp-content\/uploads\/2020\/09\/Oil.png","type":"image\/png"}],"author":"admin","twitter_card":"summary_large_image","twitter_creator":"@ReclaimFinance","twitter_site":"@ReclaimFinance","twitter_misc":{"\u00c9crit par":"admin","Dur\u00e9e de lecture estim\u00e9e":"5 minutes"},"schema":{"@context":"https:\/\/schema.org","@graph":[{"@type":"Article","@id":"https:\/\/reclaimfinance.org\/site\/2021\/03\/18\/enieme-tentative-de-total-pour-contrer-une-possible-resolution-dactionnaires-sur-le-climat\/#article","isPartOf":{"@id":"https:\/\/reclaimfinance.org\/site\/2021\/03\/18\/enieme-tentative-de-total-pour-contrer-une-possible-resolution-dactionnaires-sur-le-climat\/"},"author":{"name":"admin","@id":"https:\/\/reclaimfinance.org\/site\/#\/schema\/person\/dbd09d024c848def6a64be0b4ace9786"},"headline":"Eni\u00e8me tentative de Total pour contrer une possible r\u00e9solution d\u2019actionnaires sur le climat","datePublished":"2021-03-18T09:28:23+00:00","dateModified":"2023-02-28T15:48:16+00:00","mainEntityOfPage":{"@id":"https:\/\/reclaimfinance.org\/site\/2021\/03\/18\/enieme-tentative-de-total-pour-contrer-une-possible-resolution-dactionnaires-sur-le-climat\/"},"wordCount":1557,"commentCount":2,"publisher":{"@id":"https:\/\/reclaimfinance.org\/site\/#organization"},"image":{"@id":"https:\/\/reclaimfinance.org\/site\/2021\/03\/18\/enieme-tentative-de-total-pour-contrer-une-possible-resolution-dactionnaires-sur-le-climat\/#primaryimage"},"thumbnailUrl":"https:\/\/reclaimfinance.org\/site\/wp-content\/uploads\/2020\/09\/Oil.png","keywords":["Accord de Paris","climat","Finance","sortir du charbon"],"articleSection":["Communiqu\u00e9s de presse"],"inLanguage":"fr-FR","potentialAction":[{"@type":"CommentAction","name":"Comment","target":["https:\/\/reclaimfinance.org\/site\/2021\/03\/18\/enieme-tentative-de-total-pour-contrer-une-possible-resolution-dactionnaires-sur-le-climat\/#respond"]}]},{"@type":"WebPage","@id":"https:\/\/reclaimfinance.org\/site\/2021\/03\/18\/enieme-tentative-de-total-pour-contrer-une-possible-resolution-dactionnaires-sur-le-climat\/","url":"https:\/\/reclaimfinance.org\/site\/2021\/03\/18\/enieme-tentative-de-total-pour-contrer-une-possible-resolution-dactionnaires-sur-le-climat\/","name":"Eni\u00e8me tentative de Total pour contrer une possible r\u00e9solution d\u2019actionnaires sur le climat - Reclaim Finance","isPartOf":{"@id":"https:\/\/reclaimfinance.org\/site\/#website"},"primaryImageOfPage":{"@id":"https:\/\/reclaimfinance.org\/site\/2021\/03\/18\/enieme-tentative-de-total-pour-contrer-une-possible-resolution-dactionnaires-sur-le-climat\/#primaryimage"},"image":{"@id":"https:\/\/reclaimfinance.org\/site\/2021\/03\/18\/enieme-tentative-de-total-pour-contrer-une-possible-resolution-dactionnaires-sur-le-climat\/#primaryimage"},"thumbnailUrl":"https:\/\/reclaimfinance.org\/site\/wp-content\/uploads\/2020\/09\/Oil.png","datePublished":"2021-03-18T09:28:23+00:00","dateModified":"2023-02-28T15:48:16+00:00","breadcrumb":{"@id":"https:\/\/reclaimfinance.org\/site\/2021\/03\/18\/enieme-tentative-de-total-pour-contrer-une-possible-resolution-dactionnaires-sur-le-climat\/#breadcrumb"},"inLanguage":"fr-FR","potentialAction":[{"@type":"ReadAction","target":["https:\/\/reclaimfinance.org\/site\/2021\/03\/18\/enieme-tentative-de-total-pour-contrer-une-possible-resolution-dactionnaires-sur-le-climat\/"]}]},{"@type":"ImageObject","inLanguage":"fr-FR","@id":"https:\/\/reclaimfinance.org\/site\/2021\/03\/18\/enieme-tentative-de-total-pour-contrer-une-possible-resolution-dactionnaires-sur-le-climat\/#primaryimage","url":"https:\/\/reclaimfinance.org\/site\/wp-content\/uploads\/2020\/09\/Oil.png","contentUrl":"https:\/\/reclaimfinance.org\/site\/wp-content\/uploads\/2020\/09\/Oil.png","width":900,"height":400},{"@type":"BreadcrumbList","@id":"https:\/\/reclaimfinance.org\/site\/2021\/03\/18\/enieme-tentative-de-total-pour-contrer-une-possible-resolution-dactionnaires-sur-le-climat\/#breadcrumb","itemListElement":[{"@type":"ListItem","position":1,"name":"Accueil","item":"https:\/\/reclaimfinance.org\/site\/"},{"@type":"ListItem","position":2,"name":"Eni\u00e8me tentative de Total pour contrer une possible r\u00e9solution d\u2019actionnaires sur le climat"}]},{"@type":"WebSite","@id":"https:\/\/reclaimfinance.org\/site\/#website","url":"https:\/\/reclaimfinance.org\/site\/","name":"Reclaim Finance","description":"Reprendre le contr\u00f4le de la finance pour le climat et la biodiversit\u00e9","publisher":{"@id":"https:\/\/reclaimfinance.org\/site\/#organization"},"potentialAction":[{"@type":"SearchAction","target":{"@type":"EntryPoint","urlTemplate":"https:\/\/reclaimfinance.org\/site\/?s={search_term_string}"},"query-input":"required name=search_term_string"}],"inLanguage":"fr-FR"},{"@type":"Organization","@id":"https:\/\/reclaimfinance.org\/site\/#organization","name":"Reclaim Finance","url":"https:\/\/reclaimfinance.org\/site\/","logo":{"@type":"ImageObject","inLanguage":"fr-FR","@id":"https:\/\/reclaimfinance.org\/site\/#\/schema\/logo\/image\/","url":"https:\/\/reclaimfinance.org\/site\/wp-content\/uploads\/2020\/03\/logo_RC_space.png","contentUrl":"https:\/\/reclaimfinance.org\/site\/wp-content\/uploads\/2020\/03\/logo_RC_space.png","width":800,"height":800,"caption":"Reclaim Finance"},"image":{"@id":"https:\/\/reclaimfinance.org\/site\/#\/schema\/logo\/image\/"},"sameAs":["https:\/\/www.facebook.com\/ReclaimFinanceONG","https:\/\/x.com\/ReclaimFinance","https:\/\/www.instagram.com\/reclaimfinance\/","https:\/\/www.linkedin.com\/company\/reclaim-finance-ong-think-tank"]},{"@type":"Person","@id":"https:\/\/reclaimfinance.org\/site\/#\/schema\/person\/dbd09d024c848def6a64be0b4ace9786","name":"admin","image":{"@type":"ImageObject","inLanguage":"fr-FR","@id":"https:\/\/reclaimfinance.org\/site\/#\/schema\/person\/image\/","url":"https:\/\/secure.gravatar.com\/avatar\/84f25c90b0db91b615a598cb16c83cdf?s=96&d=mm&r=g","contentUrl":"https:\/\/secure.gravatar.com\/avatar\/84f25c90b0db91b615a598cb16c83cdf?s=96&d=mm&r=g","caption":"admin"},"url":"https:\/\/reclaimfinance.org\/site\/author\/admin-2\/"}]}},"_links":{"self":[{"href":"https:\/\/reclaimfinance.org\/site\/wp-json\/wp\/v2\/posts\/9731"}],"collection":[{"href":"https:\/\/reclaimfinance.org\/site\/wp-json\/wp\/v2\/posts"}],"about":[{"href":"https:\/\/reclaimfinance.org\/site\/wp-json\/wp\/v2\/types\/post"}],"author":[{"embeddable":true,"href":"https:\/\/reclaimfinance.org\/site\/wp-json\/wp\/v2\/users\/28"}],"replies":[{"embeddable":true,"href":"https:\/\/reclaimfinance.org\/site\/wp-json\/wp\/v2\/comments?post=9731"}],"version-history":[{"count":0,"href":"https:\/\/reclaimfinance.org\/site\/wp-json\/wp\/v2\/posts\/9731\/revisions"}],"wp:featuredmedia":[{"embeddable":true,"href":"https:\/\/reclaimfinance.org\/site\/wp-json\/wp\/v2\/media\/6124"}],"wp:attachment":[{"href":"https:\/\/reclaimfinance.org\/site\/wp-json\/wp\/v2\/media?parent=9731"}],"wp:term":[{"taxonomy":"category","embeddable":true,"href":"https:\/\/reclaimfinance.org\/site\/wp-json\/wp\/v2\/categories?post=9731"},{"taxonomy":"post_tag","embeddable":true,"href":"https:\/\/reclaimfinance.org\/site\/wp-json\/wp\/v2\/tags?post=9731"},{"taxonomy":"acteurs_financiers","embeddable":true,"href":"https:\/\/reclaimfinance.org\/site\/wp-json\/wp\/v2\/acteurs_financiers?post=9731"},{"taxonomy":"thematique","embeddable":true,"href":"https:\/\/reclaimfinance.org\/site\/wp-json\/wp\/v2\/thematique?post=9731"},{"taxonomy":"webinar_type","embeddable":true,"href":"https:\/\/reclaimfinance.org\/site\/wp-json\/wp\/v2\/webinar_type?post=9731"},{"taxonomy":"programme","embeddable":true,"href":"https:\/\/reclaimfinance.org\/site\/wp-json\/wp\/v2\/programme?post=9731"}],"curies":[{"name":"wp","href":"https:\/\/api.w.org\/{rel}","templated":true}]}}