{"id":9743,"date":"2021-03-18T12:40:40","date_gmt":"2021-03-18T11:40:40","guid":{"rendered":"https:\/\/reclaimfinance.org\/site\/?p=9743"},"modified":"2023-02-28T16:48:01","modified_gmt":"2023-02-28T15:48:01","slug":"total-on-manoeuvres-to-counter-a-potential-shareholder-resolution-on-climate","status":"publish","type":"post","link":"https:\/\/reclaimfinance.org\/site\/en\/2021\/03\/18\/total-on-manoeuvres-to-counter-a-potential-shareholder-resolution-on-climate\/","title":{"rendered":"Total on manoeuvres to counter a potential shareholder resolution on climate"},"content":{"rendered":"<p><div class=\"fusion-fullwidth fullwidth-box fusion-builder-row-1 nonhundred-percent-fullwidth non-hundred-percent-height-scrolling\" style=\"--awb-border-radius-top-left:0px;--awb-border-radius-top-right:0px;--awb-border-radius-bottom-right:0px;--awb-border-radius-bottom-left:0px;--awb-flex-wrap:wrap;\" ><div class=\"fusion-builder-row fusion-row\"><div class=\"fusion-layout-column fusion_builder_column fusion-builder-column-0 fusion_builder_column_1_1 1_1 fusion-one-full fusion-column-first fusion-column-last\" style=\"--awb-bg-size:cover;--awb-margin-bottom:0px;\"><div class=\"fusion-column-wrapper fusion-flex-column-wrapper-legacy\"><div class=\"fusion-text fusion-text-1\"><p style=\"text-align: justify;\"><strong><span style=\"color: #8ac56b;\"><b>Press Release &#8211; Reclaim Finance and Greenpeace France<\/b><\/span><\/strong><\/p>\n<p style=\"text-align: justify;\"><span style=\"color: var(--body_typography-color); font-family: var(--body_typography-font-family); font-size: var(--body_typography-font-size); font-style: var(--body_typography-font-style,normal); letter-spacing: var(--body_typography-letter-spacing);\"><b style=\"color: #8ac56b;\"><span class=\"TextRun Highlight BCX0 SCXW90447980\" lang=\"FR-FR\" xml:lang=\"FR-FR\" data-contrast=\"none\"><span class=\"NormalTextRun BCX0 SCXW90447980\">Thursday 18th March 2021 &#8211; <\/span><\/span><\/b><\/span><b style=\"color: #8ac56b; font-family: var(--body_typography-font-family); font-size: var(--body_typography-font-size); font-style: var(--body_typography-font-style,normal); letter-spacing: var(--body_typography-letter-spacing);\"><strong>The Board of Directors of Total SE has just announced in a press release that it will submit a resolution on \u00ab\u00a0TotalEnergies&rsquo; energy transition towards carbon neutrality\u00a0\u00bb to shareholders \u00ab\u00a0for a consultative vote\u00a0\u00bb at the Ordinary and Extraordinary General Meeting on Friday 28th May 2021. Against these diversion tactics, Reclaim Finance and Greenpeace France denounce yet another attempt at greenwashing and call on shareholders committed to the climate to submit their own climate resolution.<\/strong><\/b><\/p>\n<p style=\"text-align: justify;\">In its press release, the group says it has \u00ab\u00a0taken several important decisions to support Total&rsquo;s transformation into a multi-energy company [and] its commitment to the energy transition\u00a0\u00bb (1).<\/p>\n<blockquote>\n<p style=\"text-align: justify;\"><span style=\"background-color: var(--testimonial_bg_color); color: var(--body_typography-color); font-family: var(--body_typography-font-family); font-size: var(--body_typography-font-size); font-weight: var(--body_typography-font-weight); letter-spacing: var(--body_typography-letter-spacing);\">For Lucie Pinson, founder and director of Reclaim Finance, \u00ab\u00a0<\/span><strong style=\"background-color: var(--testimonial_bg_color); color: var(--body_typography-color); font-family: var(--body_typography-font-family); font-size: var(--body_typography-font-size); letter-spacing: var(--body_typography-letter-spacing);\"><em>For the time being, all Total has to show for its purported commitment to the climate is a name change to TotalEnergies. But words alone are powerless to realize the ecological transition &#8211; the greenwashing of Total SE is fast becoming untenable<\/em><\/strong><em style=\"background-color: var(--testimonial_bg_color); color: var(--body_typography-color); font-family: var(--body_typography-font-family); font-size: var(--body_typography-font-size); font-weight: var(--body_typography-font-weight); letter-spacing: var(--body_typography-letter-spacing);\">. The group&rsquo;s climate-conscious shareholders must table their own resolution demanding firstly that Total be transparent about its use of industrial and natural CO2 storage technologies, and secondly that it publish certain metrics which are essential for them to judge the risks associated with their investments.<\/em><span style=\"background-color: var(--testimonial_bg_color); color: var(--body_typography-color); font-family: var(--body_typography-font-family); font-size: var(--body_typography-font-size); font-weight: var(--body_typography-font-weight); letter-spacing: var(--body_typography-letter-spacing);\">\u201d<\/span><\/p>\n<\/blockquote>\n<p style=\"text-align: justify;\">Reclaim Finance and Greenpeace France published a report in late February, entitled \u201cPipeline of Pollution: Total Responsible, Finance complicit?\u201d (2). This report unpacks Total&rsquo;s so-called climate measures and <strong>exposes the opposition between the United Nations&rsquo; recommendations for a 3% and 4% annual decrease in oil and gas production up to 2030 and Total&rsquo;s trajectory of a 50% increase in hydrocarbon production up to 2030, compared to 2015. <\/strong><\/p>\n<p style=\"text-align: justify;\"><strong>The only new item announced by Total SE in its press release is the integration of climate criteria into the Group&rsquo;s remuneration policy<\/strong> and, in particular, of a criterion linked to the objective of reducing Scope 3 emissions in Europe in the rules for granting performance shares to Patrick Pouyann\u00e9 and to all Group executives.<\/p>\n<blockquote>\n<p style=\"text-align: justify;\"><span style=\"background-color: var(--testimonial_bg_color); color: var(--body_typography-color); font-family: var(--body_typography-font-family); font-size: var(--body_typography-font-size); font-weight: var(--body_typography-font-weight); letter-spacing: var(--body_typography-letter-spacing);\">\u00ab\u00a0<\/span><em style=\"background-color: var(--testimonial_bg_color); color: var(--body_typography-color); font-family: var(--body_typography-font-family); font-size: var(--body_typography-font-size); font-weight: var(--body_typography-font-weight); letter-spacing: var(--body_typography-letter-spacing);\">No details are given and it is still too early to know whether the changes Total will make to its compensation policy will be enough to counterbalance other management incentives based on targets around production and acquisition of fossil fuel reserves. <strong>But the fundamental problem remains unchanged, since these are motivational factors to ensure that the company&rsquo;s climate objectives are met, not to change the objectives themselves. When you\u2019re heading straight into a wall, it doesn\u2019t matter whether you\u2019re driving at 100mph or 200<\/strong><\/em><span style=\"background-color: var(--testimonial_bg_color); color: var(--body_typography-color); font-family: var(--body_typography-font-family); font-size: var(--body_typography-font-size); font-weight: var(--body_typography-font-weight); letter-spacing: var(--body_typography-letter-spacing);\">,\u00a0\u00bb adds Edina Ifticene, oil campaigner at Greenpeace France.<\/span><\/p>\n<\/blockquote>\n<p style=\"text-align: justify;\">In its press release, Total SE also writes that it \u201cis thus giving shareholders the opportunity to express their view on the strategy for the transition to net zero that it has set for the Company, taking into account certain expectations expressed in this regard as well as the inadmissibility of a draft resolution relating to this strategy that would be presented by shareholders as it is an area of competence specific to the Board of Directors.\u201d<\/p>\n<p style=\"text-align: justify;\">The company is right on one point: shareholders cannot directly submit a resolution on climate change to the Ordinary General Meeting, as they tried to do last year at Vinci&rsquo;s AGM. The company rejected their request. On the other hand, 11 shareholders coordinated by Meeschaert in 2020 tabled a resolution at the Extraordinary General Meeting requesting a change in the company&rsquo;s articles of association to allow the inclusion of elements related to the company&rsquo;s climate strategy in its management report. Total SE was unable to oppose the resolution due to a lack of legal grounds, while management did everything possible to dissuade these shareholders from going through with it.<\/p>\n<blockquote>\n<p><span style=\"font-style: normal;\"><b>Michael Hugman, Director Finance &#8211; Climate at CIFF comments<\/b><\/span>: <b>\u00ab\u00a0The Say on Climate initiative advocated by CIFF seeks to provide investors with an annual vote on climate transition plans, but what use is a climate motion which doesn&rsquo;t benefit the climate? The answer is none &#8211; shareholders should vote accordingly at the Total&rsquo;s AGM, and hold the board to account, voting against their re-election if necessary.<\/b> The CA100+ net zero company benchmark provides a framework to assess these plans. The climate emergency leaves precious little time to force investee companies to truly decarbonize their business. We therefore encourage Total\u2019s shareholders to make the most of the space in French law and file a resolution which requires the board of Total to have a strategy aligned with net zero by 2050, phasing out oil and gas with clear short-term targets.<\/p>\n<\/blockquote>\n<\/div><div class=\"fusion-clearfix\"><\/div><\/div><\/div><\/div><\/div><div class=\"fusion-fullwidth fullwidth-box fusion-builder-row-2 nonhundred-percent-fullwidth non-hundred-percent-height-scrolling\" style=\"--awb-border-radius-top-left:0px;--awb-border-radius-top-right:0px;--awb-border-radius-bottom-right:0px;--awb-border-radius-bottom-left:0px;--awb-flex-wrap:wrap;\" ><div class=\"fusion-builder-row fusion-row\"><div class=\"fusion-layout-column fusion_builder_column fusion-builder-column-1 fusion_builder_column_1_1 1_1 fusion-one-full fusion-column-first fusion-column-last\" style=\"--awb-padding-top:10px;--awb-padding-right:10px;--awb-padding-left:10px;--awb-overflow:hidden;--awb-bg-size:cover;--awb-border-color:#ffffff;--awb-border-top:1px;--awb-border-right:1px;--awb-border-bottom:1px;--awb-border-left:1px;--awb-border-style:solid;--awb-border-radius:10px 10px 10px 10px;\"><div class=\"fusion-column-wrapper fusion-column-has-shadow fusion-flex-column-wrapper-legacy\"><div class=\"fusion-text fusion-text-2\"><p><b><u>Press Contacts :<\/u><\/b><\/p>\n<ul>\n<li>Lucie Pinson, founder and director of Reclaim Finance, <a href=\"mailto:lucie@reclaimfinance.org\">lucie@reclaimfinance.org<\/a>, +33 (0)6 79 54 37 15<\/li>\n<li>C\u00e9cile Cailliez, communication manager at Greenpeace France, <a href=\"mailto:cecile.cailliez@greenpeca.org\">cecile.cailliez@greenpeace.org<\/a>, +33(0)6 13 07 04 29<\/li>\n<li>Angus Satow, press officer of Reclaim Finance, <a href=\"mailto:angus@reclaimfinance.org\">angus@reclaimfinance.org<\/a>, +447847754046<\/li>\n<\/ul>\n<p><b><u>Notes :<\/u><\/b><\/p>\n<ol>\n<li>Read Total SE\u2019s <u><a href=\"https:\/\/www.total.com\/media\/news\/press-releases\/annual-shareholders-Meeting-of-may-28-2021-climate-resolution\" target=\"_blank\" rel=\"noopener noreferrer\">press release<\/a><\/u>.<\/li>\n<li>Read the <u><a title=\"\" href=\"https:\/\/reclaimfinance.org\/site\/en\/2021\/02\/24\/pipeline-of-pollution-total-responsible-finance-complicit\/\" target=\"_blank\" rel=\"noopener noreferrer\">report \u201cPipeline of pollution: Total responsible, finance complicit?\u201d<\/a><\/u>, Reclaim Finance, Greenpeace France, February 2021.<\/li>\n<\/ol>\n<\/div><div class=\"fusion-clearfix\"><\/div><\/div><\/div><div class=\"fusion-layout-column fusion_builder_column fusion-builder-column-2 fusion_builder_column_1_1 1_1 fusion-one-full fusion-column-first fusion-column-last\" style=\"--awb-padding-top:10px;--awb-padding-right:10px;--awb-padding-left:10px;--awb-overflow:hidden;--awb-bg-size:cover;--awb-border-color:#59bc6d;--awb-border-top:1px;--awb-border-right:1px;--awb-border-bottom:1px;--awb-border-left:1px;--awb-border-style:solid;--awb-border-radius:10px 10px 10px 10px;\"><div class=\"fusion-column-wrapper fusion-column-has-shadow fusion-flex-column-wrapper-legacy\"><div class=\"fusion-text fusion-text-3\"><p style=\"text-align: justify;\"><b style=\"color: #59bc6d;\"><u>Find out more: <\/u><\/b><\/p>\n<ol>\n<li>Article <u><a href=\"https:\/\/reclaimfinance.org\/site\/en\/2021\/02\/22\/say-on-climate-vs-climate-resolution\/\" target=\"_blank\" rel=\"noopener noreferrer\">Say on climate vs climate resolution<\/a><\/u><\/li>\n<li>Page <u><a href=\"https:\/\/reclaimfinance.org\/site\/en\/stopping-total-in-its-expansion\/\" target=\"_blank\" rel=\"noopener noreferrer\">stopping Total&rsquo;s expansion strategy<\/a><\/u>.<\/li>\n<\/ol>\n<\/div><div class=\"fusion-clearfix\"><\/div><\/div><\/div><\/div><\/div><\/p>\n","protected":false},"excerpt":{"rendered":"","protected":false},"author":28,"featured_media":6124,"comment_status":"open","ping_status":"open","sticky":false,"template":"","format":"standard","meta":{"footnotes":""},"categories":[226],"tags":[297,413,244],"acteurs_financiers":[],"thematique":[2423,2419],"webinar_type":[],"programme":[],"class_list":["post-9743","post","type-post","status-publish","format-standard","has-post-thumbnail","hentry","category-press-release","tag-shareholders-general-assembly","tag-oil-and-gas","tag-total-en","thematique-fossil-fuels","thematique-oil-and-gas-en"],"yoast_head":"<!-- This site is optimized with the Yoast SEO plugin v23.1 - https:\/\/yoast.com\/wordpress\/plugins\/seo\/ -->\n<title>Total on manoeuvres to counter a potential shareholder resolution on climate - Reclaim Finance<\/title>\n<meta name=\"robots\" content=\"index, follow, max-snippet:-1, max-image-preview:large, max-video-preview:-1\" \/>\n<link rel=\"canonical\" href=\"https:\/\/reclaimfinance.org\/site\/en\/2021\/03\/18\/total-on-manoeuvres-to-counter-a-potential-shareholder-resolution-on-climate\/\" \/>\n<meta property=\"og:locale\" content=\"fr_FR\" \/>\n<meta property=\"og:type\" content=\"article\" \/>\n<meta property=\"og:title\" content=\"Total on manoeuvres to counter a potential shareholder resolution on climate - Reclaim Finance\" \/>\n<meta property=\"og:url\" content=\"https:\/\/reclaimfinance.org\/site\/en\/2021\/03\/18\/total-on-manoeuvres-to-counter-a-potential-shareholder-resolution-on-climate\/\" \/>\n<meta property=\"og:site_name\" content=\"Reclaim Finance\" \/>\n<meta property=\"article:publisher\" content=\"https:\/\/www.facebook.com\/ReclaimFinanceONG\" \/>\n<meta property=\"article:published_time\" content=\"2021-03-18T11:40:40+00:00\" \/>\n<meta property=\"article:modified_time\" content=\"2023-02-28T15:48:01+00:00\" \/>\n<meta property=\"og:image\" content=\"https:\/\/reclaimfinance.org\/site\/wp-content\/uploads\/2020\/09\/Oil.png\" \/>\n\t<meta property=\"og:image:width\" content=\"900\" \/>\n\t<meta property=\"og:image:height\" content=\"400\" \/>\n\t<meta property=\"og:image:type\" content=\"image\/png\" \/>\n<meta name=\"author\" content=\"admin\" \/>\n<meta name=\"twitter:card\" content=\"summary_large_image\" \/>\n<meta name=\"twitter:creator\" content=\"@ReclaimFinance\" \/>\n<meta name=\"twitter:site\" content=\"@ReclaimFinance\" \/>\n<meta name=\"twitter:label1\" content=\"\u00c9crit par\" \/>\n\t<meta name=\"twitter:data1\" content=\"admin\" \/>\n\t<meta name=\"twitter:label2\" content=\"Dur\u00e9e de lecture estim\u00e9e\" \/>\n\t<meta name=\"twitter:data2\" content=\"5 minutes\" \/>\n<script type=\"application\/ld+json\" class=\"yoast-schema-graph\">{\"@context\":\"https:\/\/schema.org\",\"@graph\":[{\"@type\":\"Article\",\"@id\":\"https:\/\/reclaimfinance.org\/site\/en\/2021\/03\/18\/total-on-manoeuvres-to-counter-a-potential-shareholder-resolution-on-climate\/#article\",\"isPartOf\":{\"@id\":\"https:\/\/reclaimfinance.org\/site\/en\/2021\/03\/18\/total-on-manoeuvres-to-counter-a-potential-shareholder-resolution-on-climate\/\"},\"author\":{\"name\":\"admin\",\"@id\":\"https:\/\/reclaimfinance.org\/site\/#\/schema\/person\/dbd09d024c848def6a64be0b4ace9786\"},\"headline\":\"Total on manoeuvres to counter a potential shareholder resolution on climate\",\"datePublished\":\"2021-03-18T11:40:40+00:00\",\"dateModified\":\"2023-02-28T15:48:01+00:00\",\"mainEntityOfPage\":{\"@id\":\"https:\/\/reclaimfinance.org\/site\/en\/2021\/03\/18\/total-on-manoeuvres-to-counter-a-potential-shareholder-resolution-on-climate\/\"},\"wordCount\":1563,\"commentCount\":2,\"publisher\":{\"@id\":\"https:\/\/reclaimfinance.org\/site\/#organization\"},\"image\":{\"@id\":\"https:\/\/reclaimfinance.org\/site\/en\/2021\/03\/18\/total-on-manoeuvres-to-counter-a-potential-shareholder-resolution-on-climate\/#primaryimage\"},\"thumbnailUrl\":\"https:\/\/reclaimfinance.org\/site\/wp-content\/uploads\/2020\/09\/Oil.png\",\"keywords\":[\"annual general meeting (AGM)\",\"oil and gas\",\"Total\"],\"articleSection\":[\"Press Releases\"],\"inLanguage\":\"fr-FR\",\"potentialAction\":[{\"@type\":\"CommentAction\",\"name\":\"Comment\",\"target\":[\"https:\/\/reclaimfinance.org\/site\/en\/2021\/03\/18\/total-on-manoeuvres-to-counter-a-potential-shareholder-resolution-on-climate\/#respond\"]}]},{\"@type\":\"WebPage\",\"@id\":\"https:\/\/reclaimfinance.org\/site\/en\/2021\/03\/18\/total-on-manoeuvres-to-counter-a-potential-shareholder-resolution-on-climate\/\",\"url\":\"https:\/\/reclaimfinance.org\/site\/en\/2021\/03\/18\/total-on-manoeuvres-to-counter-a-potential-shareholder-resolution-on-climate\/\",\"name\":\"Total on manoeuvres to counter a potential shareholder resolution on climate - Reclaim Finance\",\"isPartOf\":{\"@id\":\"https:\/\/reclaimfinance.org\/site\/#website\"},\"primaryImageOfPage\":{\"@id\":\"https:\/\/reclaimfinance.org\/site\/en\/2021\/03\/18\/total-on-manoeuvres-to-counter-a-potential-shareholder-resolution-on-climate\/#primaryimage\"},\"image\":{\"@id\":\"https:\/\/reclaimfinance.org\/site\/en\/2021\/03\/18\/total-on-manoeuvres-to-counter-a-potential-shareholder-resolution-on-climate\/#primaryimage\"},\"thumbnailUrl\":\"https:\/\/reclaimfinance.org\/site\/wp-content\/uploads\/2020\/09\/Oil.png\",\"datePublished\":\"2021-03-18T11:40:40+00:00\",\"dateModified\":\"2023-02-28T15:48:01+00:00\",\"breadcrumb\":{\"@id\":\"https:\/\/reclaimfinance.org\/site\/en\/2021\/03\/18\/total-on-manoeuvres-to-counter-a-potential-shareholder-resolution-on-climate\/#breadcrumb\"},\"inLanguage\":\"fr-FR\",\"potentialAction\":[{\"@type\":\"ReadAction\",\"target\":[\"https:\/\/reclaimfinance.org\/site\/en\/2021\/03\/18\/total-on-manoeuvres-to-counter-a-potential-shareholder-resolution-on-climate\/\"]}]},{\"@type\":\"ImageObject\",\"inLanguage\":\"fr-FR\",\"@id\":\"https:\/\/reclaimfinance.org\/site\/en\/2021\/03\/18\/total-on-manoeuvres-to-counter-a-potential-shareholder-resolution-on-climate\/#primaryimage\",\"url\":\"https:\/\/reclaimfinance.org\/site\/wp-content\/uploads\/2020\/09\/Oil.png\",\"contentUrl\":\"https:\/\/reclaimfinance.org\/site\/wp-content\/uploads\/2020\/09\/Oil.png\",\"width\":900,\"height\":400},{\"@type\":\"BreadcrumbList\",\"@id\":\"https:\/\/reclaimfinance.org\/site\/en\/2021\/03\/18\/total-on-manoeuvres-to-counter-a-potential-shareholder-resolution-on-climate\/#breadcrumb\",\"itemListElement\":[{\"@type\":\"ListItem\",\"position\":1,\"name\":\"Accueil\",\"item\":\"https:\/\/reclaimfinance.org\/site\/\"},{\"@type\":\"ListItem\",\"position\":2,\"name\":\"Total on manoeuvres to counter a potential shareholder resolution on climate\"}]},{\"@type\":\"WebSite\",\"@id\":\"https:\/\/reclaimfinance.org\/site\/#website\",\"url\":\"https:\/\/reclaimfinance.org\/site\/\",\"name\":\"Reclaim Finance\",\"description\":\"Reprendre le contr\u00f4le de la finance pour le climat et la biodiversit\u00e9\",\"publisher\":{\"@id\":\"https:\/\/reclaimfinance.org\/site\/#organization\"},\"potentialAction\":[{\"@type\":\"SearchAction\",\"target\":{\"@type\":\"EntryPoint\",\"urlTemplate\":\"https:\/\/reclaimfinance.org\/site\/?s={search_term_string}\"},\"query-input\":\"required name=search_term_string\"}],\"inLanguage\":\"fr-FR\"},{\"@type\":\"Organization\",\"@id\":\"https:\/\/reclaimfinance.org\/site\/#organization\",\"name\":\"Reclaim Finance\",\"url\":\"https:\/\/reclaimfinance.org\/site\/\",\"logo\":{\"@type\":\"ImageObject\",\"inLanguage\":\"fr-FR\",\"@id\":\"https:\/\/reclaimfinance.org\/site\/#\/schema\/logo\/image\/\",\"url\":\"https:\/\/reclaimfinance.org\/site\/wp-content\/uploads\/2020\/03\/logo_RC_space.png\",\"contentUrl\":\"https:\/\/reclaimfinance.org\/site\/wp-content\/uploads\/2020\/03\/logo_RC_space.png\",\"width\":800,\"height\":800,\"caption\":\"Reclaim Finance\"},\"image\":{\"@id\":\"https:\/\/reclaimfinance.org\/site\/#\/schema\/logo\/image\/\"},\"sameAs\":[\"https:\/\/www.facebook.com\/ReclaimFinanceONG\",\"https:\/\/x.com\/ReclaimFinance\",\"https:\/\/www.instagram.com\/reclaimfinance\/\",\"https:\/\/www.linkedin.com\/company\/reclaim-finance-ong-think-tank\"]},{\"@type\":\"Person\",\"@id\":\"https:\/\/reclaimfinance.org\/site\/#\/schema\/person\/dbd09d024c848def6a64be0b4ace9786\",\"name\":\"admin\",\"image\":{\"@type\":\"ImageObject\",\"inLanguage\":\"fr-FR\",\"@id\":\"https:\/\/reclaimfinance.org\/site\/#\/schema\/person\/image\/\",\"url\":\"https:\/\/secure.gravatar.com\/avatar\/84f25c90b0db91b615a598cb16c83cdf?s=96&d=mm&r=g\",\"contentUrl\":\"https:\/\/secure.gravatar.com\/avatar\/84f25c90b0db91b615a598cb16c83cdf?s=96&d=mm&r=g\",\"caption\":\"admin\"},\"url\":\"https:\/\/reclaimfinance.org\/site\/author\/admin-2\/\"}]}<\/script>\n<!-- \/ Yoast SEO plugin. -->","yoast_head_json":{"title":"Total on manoeuvres to counter a potential shareholder resolution on climate - Reclaim Finance","robots":{"index":"index","follow":"follow","max-snippet":"max-snippet:-1","max-image-preview":"max-image-preview:large","max-video-preview":"max-video-preview:-1"},"canonical":"https:\/\/reclaimfinance.org\/site\/en\/2021\/03\/18\/total-on-manoeuvres-to-counter-a-potential-shareholder-resolution-on-climate\/","og_locale":"fr_FR","og_type":"article","og_title":"Total on manoeuvres to counter a potential shareholder resolution on climate - Reclaim Finance","og_url":"https:\/\/reclaimfinance.org\/site\/en\/2021\/03\/18\/total-on-manoeuvres-to-counter-a-potential-shareholder-resolution-on-climate\/","og_site_name":"Reclaim Finance","article_publisher":"https:\/\/www.facebook.com\/ReclaimFinanceONG","article_published_time":"2021-03-18T11:40:40+00:00","article_modified_time":"2023-02-28T15:48:01+00:00","og_image":[{"width":900,"height":400,"url":"https:\/\/reclaimfinance.org\/site\/wp-content\/uploads\/2020\/09\/Oil.png","type":"image\/png"}],"author":"admin","twitter_card":"summary_large_image","twitter_creator":"@ReclaimFinance","twitter_site":"@ReclaimFinance","twitter_misc":{"\u00c9crit par":"admin","Dur\u00e9e de lecture estim\u00e9e":"5 minutes"},"schema":{"@context":"https:\/\/schema.org","@graph":[{"@type":"Article","@id":"https:\/\/reclaimfinance.org\/site\/en\/2021\/03\/18\/total-on-manoeuvres-to-counter-a-potential-shareholder-resolution-on-climate\/#article","isPartOf":{"@id":"https:\/\/reclaimfinance.org\/site\/en\/2021\/03\/18\/total-on-manoeuvres-to-counter-a-potential-shareholder-resolution-on-climate\/"},"author":{"name":"admin","@id":"https:\/\/reclaimfinance.org\/site\/#\/schema\/person\/dbd09d024c848def6a64be0b4ace9786"},"headline":"Total on manoeuvres to counter a potential shareholder resolution on climate","datePublished":"2021-03-18T11:40:40+00:00","dateModified":"2023-02-28T15:48:01+00:00","mainEntityOfPage":{"@id":"https:\/\/reclaimfinance.org\/site\/en\/2021\/03\/18\/total-on-manoeuvres-to-counter-a-potential-shareholder-resolution-on-climate\/"},"wordCount":1563,"commentCount":2,"publisher":{"@id":"https:\/\/reclaimfinance.org\/site\/#organization"},"image":{"@id":"https:\/\/reclaimfinance.org\/site\/en\/2021\/03\/18\/total-on-manoeuvres-to-counter-a-potential-shareholder-resolution-on-climate\/#primaryimage"},"thumbnailUrl":"https:\/\/reclaimfinance.org\/site\/wp-content\/uploads\/2020\/09\/Oil.png","keywords":["annual general meeting (AGM)","oil and gas","Total"],"articleSection":["Press Releases"],"inLanguage":"fr-FR","potentialAction":[{"@type":"CommentAction","name":"Comment","target":["https:\/\/reclaimfinance.org\/site\/en\/2021\/03\/18\/total-on-manoeuvres-to-counter-a-potential-shareholder-resolution-on-climate\/#respond"]}]},{"@type":"WebPage","@id":"https:\/\/reclaimfinance.org\/site\/en\/2021\/03\/18\/total-on-manoeuvres-to-counter-a-potential-shareholder-resolution-on-climate\/","url":"https:\/\/reclaimfinance.org\/site\/en\/2021\/03\/18\/total-on-manoeuvres-to-counter-a-potential-shareholder-resolution-on-climate\/","name":"Total on manoeuvres to counter a potential shareholder resolution on climate - Reclaim Finance","isPartOf":{"@id":"https:\/\/reclaimfinance.org\/site\/#website"},"primaryImageOfPage":{"@id":"https:\/\/reclaimfinance.org\/site\/en\/2021\/03\/18\/total-on-manoeuvres-to-counter-a-potential-shareholder-resolution-on-climate\/#primaryimage"},"image":{"@id":"https:\/\/reclaimfinance.org\/site\/en\/2021\/03\/18\/total-on-manoeuvres-to-counter-a-potential-shareholder-resolution-on-climate\/#primaryimage"},"thumbnailUrl":"https:\/\/reclaimfinance.org\/site\/wp-content\/uploads\/2020\/09\/Oil.png","datePublished":"2021-03-18T11:40:40+00:00","dateModified":"2023-02-28T15:48:01+00:00","breadcrumb":{"@id":"https:\/\/reclaimfinance.org\/site\/en\/2021\/03\/18\/total-on-manoeuvres-to-counter-a-potential-shareholder-resolution-on-climate\/#breadcrumb"},"inLanguage":"fr-FR","potentialAction":[{"@type":"ReadAction","target":["https:\/\/reclaimfinance.org\/site\/en\/2021\/03\/18\/total-on-manoeuvres-to-counter-a-potential-shareholder-resolution-on-climate\/"]}]},{"@type":"ImageObject","inLanguage":"fr-FR","@id":"https:\/\/reclaimfinance.org\/site\/en\/2021\/03\/18\/total-on-manoeuvres-to-counter-a-potential-shareholder-resolution-on-climate\/#primaryimage","url":"https:\/\/reclaimfinance.org\/site\/wp-content\/uploads\/2020\/09\/Oil.png","contentUrl":"https:\/\/reclaimfinance.org\/site\/wp-content\/uploads\/2020\/09\/Oil.png","width":900,"height":400},{"@type":"BreadcrumbList","@id":"https:\/\/reclaimfinance.org\/site\/en\/2021\/03\/18\/total-on-manoeuvres-to-counter-a-potential-shareholder-resolution-on-climate\/#breadcrumb","itemListElement":[{"@type":"ListItem","position":1,"name":"Accueil","item":"https:\/\/reclaimfinance.org\/site\/"},{"@type":"ListItem","position":2,"name":"Total on manoeuvres to counter a potential shareholder resolution on climate"}]},{"@type":"WebSite","@id":"https:\/\/reclaimfinance.org\/site\/#website","url":"https:\/\/reclaimfinance.org\/site\/","name":"Reclaim Finance","description":"Reprendre le contr\u00f4le de la finance pour le climat et la biodiversit\u00e9","publisher":{"@id":"https:\/\/reclaimfinance.org\/site\/#organization"},"potentialAction":[{"@type":"SearchAction","target":{"@type":"EntryPoint","urlTemplate":"https:\/\/reclaimfinance.org\/site\/?s={search_term_string}"},"query-input":"required name=search_term_string"}],"inLanguage":"fr-FR"},{"@type":"Organization","@id":"https:\/\/reclaimfinance.org\/site\/#organization","name":"Reclaim Finance","url":"https:\/\/reclaimfinance.org\/site\/","logo":{"@type":"ImageObject","inLanguage":"fr-FR","@id":"https:\/\/reclaimfinance.org\/site\/#\/schema\/logo\/image\/","url":"https:\/\/reclaimfinance.org\/site\/wp-content\/uploads\/2020\/03\/logo_RC_space.png","contentUrl":"https:\/\/reclaimfinance.org\/site\/wp-content\/uploads\/2020\/03\/logo_RC_space.png","width":800,"height":800,"caption":"Reclaim Finance"},"image":{"@id":"https:\/\/reclaimfinance.org\/site\/#\/schema\/logo\/image\/"},"sameAs":["https:\/\/www.facebook.com\/ReclaimFinanceONG","https:\/\/x.com\/ReclaimFinance","https:\/\/www.instagram.com\/reclaimfinance\/","https:\/\/www.linkedin.com\/company\/reclaim-finance-ong-think-tank"]},{"@type":"Person","@id":"https:\/\/reclaimfinance.org\/site\/#\/schema\/person\/dbd09d024c848def6a64be0b4ace9786","name":"admin","image":{"@type":"ImageObject","inLanguage":"fr-FR","@id":"https:\/\/reclaimfinance.org\/site\/#\/schema\/person\/image\/","url":"https:\/\/secure.gravatar.com\/avatar\/84f25c90b0db91b615a598cb16c83cdf?s=96&d=mm&r=g","contentUrl":"https:\/\/secure.gravatar.com\/avatar\/84f25c90b0db91b615a598cb16c83cdf?s=96&d=mm&r=g","caption":"admin"},"url":"https:\/\/reclaimfinance.org\/site\/author\/admin-2\/"}]}},"_links":{"self":[{"href":"https:\/\/reclaimfinance.org\/site\/wp-json\/wp\/v2\/posts\/9743"}],"collection":[{"href":"https:\/\/reclaimfinance.org\/site\/wp-json\/wp\/v2\/posts"}],"about":[{"href":"https:\/\/reclaimfinance.org\/site\/wp-json\/wp\/v2\/types\/post"}],"author":[{"embeddable":true,"href":"https:\/\/reclaimfinance.org\/site\/wp-json\/wp\/v2\/users\/28"}],"replies":[{"embeddable":true,"href":"https:\/\/reclaimfinance.org\/site\/wp-json\/wp\/v2\/comments?post=9743"}],"version-history":[{"count":0,"href":"https:\/\/reclaimfinance.org\/site\/wp-json\/wp\/v2\/posts\/9743\/revisions"}],"wp:featuredmedia":[{"embeddable":true,"href":"https:\/\/reclaimfinance.org\/site\/wp-json\/wp\/v2\/media\/6124"}],"wp:attachment":[{"href":"https:\/\/reclaimfinance.org\/site\/wp-json\/wp\/v2\/media?parent=9743"}],"wp:term":[{"taxonomy":"category","embeddable":true,"href":"https:\/\/reclaimfinance.org\/site\/wp-json\/wp\/v2\/categories?post=9743"},{"taxonomy":"post_tag","embeddable":true,"href":"https:\/\/reclaimfinance.org\/site\/wp-json\/wp\/v2\/tags?post=9743"},{"taxonomy":"acteurs_financiers","embeddable":true,"href":"https:\/\/reclaimfinance.org\/site\/wp-json\/wp\/v2\/acteurs_financiers?post=9743"},{"taxonomy":"thematique","embeddable":true,"href":"https:\/\/reclaimfinance.org\/site\/wp-json\/wp\/v2\/thematique?post=9743"},{"taxonomy":"webinar_type","embeddable":true,"href":"https:\/\/reclaimfinance.org\/site\/wp-json\/wp\/v2\/webinar_type?post=9743"},{"taxonomy":"programme","embeddable":true,"href":"https:\/\/reclaimfinance.org\/site\/wp-json\/wp\/v2\/programme?post=9743"}],"curies":[{"name":"wp","href":"https:\/\/api.w.org\/{rel}","templated":true}]}}